{"id":22100,"date":"2022-01-03T16:28:42","date_gmt":"2022-01-03T15:28:42","guid":{"rendered":"https:\/\/www.sfsic.org\/?p=22100"},"modified":"2022-01-03T17:56:23","modified_gmt":"2022-01-03T16:56:23","slug":"maitre-assistant-e-post-doc-en-sciences-de-la-communication-et-des-medias-avec-competences-en-methodes-quantitatives","status":"publish","type":"post","link":"https:\/\/www.sfsic.org\/en\/emplois\/maitre-assistant-e-post-doc-en-sciences-de-la-communication-et-des-medias-avec-competences-en-methodes-quantitatives\/","title":{"rendered":"Ma\u00eetre-assistant-e (post-doc) en sciences de la communication et des m\u00e9dias"},"content":{"rendered":"<p><!-- fxzn:singledetail --><\/p>\n<div class=\"zone zn-singledetail\" id=\"fxzn-singledetail-1\">\n<div class=\"zone-block zn-singledetail-block alignwide va-top\">\n<div class=\"row\">\n<div class=\"columns large-8 large-push-4\">\n<div class=\"zn-singledetail-metabox\">\n<div class=\"zn-singledetail-pubdate pubdate\">\n\t\t\t\t\t<span class=\"pubdate-txt\">Mis en ligne le<\/span><span class=\"doubledot\"><\/span> 3 janvier 2022\t\t\t\t<\/div>\n<div class=\"zn-singledetail-thematiques with-sep-comma\">\n<ul class=\"termslist termslist-thematique\">\n<li class=\"termslist-item termslist-title\"><span class=\"termslist-titletxt\">Th\u00e9matiques<\/span><span class=\"doubledot\"><\/span><\/li>\n<li class=\"termslist-item tax-thematique term-communication-publique-et-politique\"><a class=\"termslist-itemlink\" href=\"https:\/\/www.sfsic.org\/thematiques\/communication-publique-et-politique\/\" title=\"Communication publique et politique\"><span class=\"termslist-itemname\">Communication publique et politique<\/span><\/a><\/li>\n<li class=\"termslist-item tax-thematique term-images-cinema-medias-audiovisuels-et-industries-culturelles\"><a class=\"termslist-itemlink\" href=\"https:\/\/www.sfsic.org\/thematiques\/images-cinema-medias-audiovisuels-et-industries-culturelles\/\" title=\"Images, cin\u00e9ma, m\u00e9dias audiovisuels et industries culturelles\"><span class=\"termslist-itemname\">Images, cin\u00e9ma, m\u00e9dias audiovisuels et industries culturelles<\/span><\/a><\/li>\n<li class=\"termslist-item tax-thematique term-numerique-strategies-dispositifs-et-usages\"><a class=\"termslist-itemlink\" href=\"https:\/\/www.sfsic.org\/thematiques\/numerique-strategies-dispositifs-et-usages\/\" title=\"Num\u00e9rique : strat\u00e9gies, dispositifs et usages\"><span class=\"termslist-itemname\">Num\u00e9rique : strat\u00e9gies, dispositifs et usages<\/span><\/a><\/li>\n<\/ul><\/div>\n<\/p><\/div>\n<\/p><\/div>\n<\/p><\/div>\n<div class=\"row\">\n<div class=\"columns large-4\">\n<div class=\"zn-singledetail-sidebar bg-cornersquares\">\n<div class=\"zn-singledetail-infos\">\n<p class=\"zn-singledetail-reponse-date\">\n\t\t\t\t\t\t<span>R\u00e9ponse attendue pour le<\/span><span class=\"doubledot\"><\/span> <strong>25\/01\/2022<\/strong>\n\t\t\t\t\t<\/p>\n<p class=\"zn-singledetail-type\">\n\t\t\t\t\t\t\t<span>Type d\u2019annonce<\/span><span class=\"doubledot\"><\/span> <strong>Emploi<\/strong>\n\t\t\t\t\t<\/p>\n<\/p><\/div>\n<div class=\"zn-singledetail-weblinks\">\n<h3 class=\"zn-singledetail-section-title\">Sites internet de r\u00e9f\u00e9rence<\/h3>\n<ul class=\"zn-singledetail-weblinks-list\">\n<li>\n\t\t\t\t\t\t\t<a class=\"prettylink chainlink\" href=\"https:\/\/www.unifr.ch\/dcm\/fr\/assets\/public\/files\/jobs\/2112MAss_fr.pdf?&amp;p=1\" title=\"Annonce sur le site du d\u00e9partement\" target=\"_blank\" rel=\"noopener\">Annonce sur le site du d\u00e9partement<\/a>\n\t\t\t\t\t\t<\/li>\n<li>\n\t\t\t\t\t\t\t<a class=\"prettylink chainlink\" href=\"https:\/\/www.unifr.ch\/dcm\/fr\/\" title=\"Site du d\u00e9partement\" target=\"_blank\" rel=\"noopener\">Site du d\u00e9partement<\/a>\n\t\t\t\t\t\t<\/li>\n<\/ul><\/div>\n<\/p><\/div>\n<\/p><\/div>\n<div class=\"columns large-8\">\n<div class=\"zn-singledetail-contentbox\">\n<div class=\"zn-singledetail-annonce wig-content\">\n<p><span style=\"font-weight: 400\">La Facult\u00e9 de sciences \u00e9conomiques et sociales et du management (SES) de l\u2019Universit\u00e9 de Fribourg, Suisse, met au concours un poste de ma\u00eetre-assistant-e au D\u00e9partement des sciences de la communication et des m\u00e9dias (DCM). Le-la candidat-e retenue assurera l\u2019enseignement et la recherche en <\/span><b>m\u00e9thodes quantitatives<\/b><span style=\"font-weight: 400\"> et dans au moins un des domaines suivants&#160;:<\/span><b> communication strat\u00e9gique, usages et effets m\u00e9diatiques, communication politique, syst\u00e8mes m\u00e9diatiques, \u00e9conomie des m\u00e9dias.<\/b><\/p>\n<p><span style=\"font-weight: 400\">Le DCM fournit un environnement de recherche exceptionnel bas\u00e9 sur une collaboration interdisciplinaire, innovante et dynamique, \u00e0 l&rsquo;interface entre la communication, les m\u00e9dias, l\u2019\u00e9conomie et la gestion. En mettant l&rsquo;accent sur une formation rigoureuse et une recherche de haute qualit\u00e9, la Facult\u00e9 de SES constitue un environnement id\u00e9al pour consolider une carri\u00e8re d\u00e9di\u00e9e \u00e0 la recherche.<\/span><\/p>\n<h2><b>Informations<\/b><\/h2>\n<p><span style=\"font-weight: 400\">Entr\u00e9e en fonction&#160;:<br \/>\n<\/span><span style=\"font-weight: 400\">1er septembre 2022 ou \u00e0 convenir<\/span><\/p>\n<p><span style=\"font-weight: 400\">Dur\u00e9e du contrat&#160;:<br \/>\n<\/span><span style=\"font-weight: 400\">5 ans (1 an&#160;; renouvelable 4 ans)<\/span><\/p>\n<p><span style=\"font-weight: 400\">Taux d\u2019activit\u00e9&#160;:<br \/>\n<\/span><span style=\"font-weight: 400\">100&#160;%&#160;; le salaire sera fix\u00e9 conform\u00e9ment aux directives de l&rsquo;Universit\u00e9 de Fribourg<\/span><\/p>\n<p><span style=\"font-weight: 400\">T\u00e2ches&#160;:<br \/>\n<\/span><span style=\"font-weight: 400\">Le-la ma\u00eetre assistant-e assure quatre heures\/semestre d\u2019enseignement au niveau du <\/span><span style=\"font-weight: 400\">Bachelor en Sciences de la Communication et des M\u00e9dias et, si n\u00e9cessaire, du Master <\/span><span style=\"font-weight: 400\">en Business Communication. Il-elle est \u00e9galement tenu-e de suivre des travaux de <\/span><span style=\"font-weight: 400\">th\u00e8ses au niveau du Bachelor et du Master, ainsi que de mener des projets de recherche d\u2019excellente qualit\u00e9, d\u2019en publier les r\u00e9sultats et d\u2019\u0153uvrer pour l\u2019obtention de <\/span><span style=\"font-weight: 400\">fonds de recherche.<\/span><\/p>\n<h2><b>Profil<\/b><\/h2>\n<p><span style=\"font-weight: 400\"><strong>Dipl\u00f4me&#160;:<\/strong><br \/>\n<\/span><span style=\"font-weight: 400\">Excellente th\u00e8se de doctorat en communication ou dans un domaine \u00e9troitement apparent\u00e9.<\/span><\/p>\n<p><strong>Comp\u00e9tences&#160;:<\/strong><\/p>\n<ul>\n<li style=\"font-weight: 400\"><span style=\"font-weight: 400\">Le-la candidat-e retenu-e doit pr\u00e9senter des int\u00e9r\u00eats et r\u00e9sultats de recherche dans<\/span><\/li>\n<li style=\"font-weight: 400\"><span style=\"font-weight: 400\">les domaines de la communication strat\u00e9gique, des usages et effets m\u00e9diatiques, de la communication politique, des syst\u00e8mes m\u00e9diatiques et\/ou de l\u2019\u00e9conomie des m\u00e9dias, ainsi que des comp\u00e9tences m\u00e9thodologiques quantitatives<\/span><\/li>\n<li style=\"font-weight: 400\"><span style=\"font-weight: 400\">avanc\u00e9es av\u00e9r\u00e9es. Les connaissances en m\u00e9thodes exp\u00e9rimentales, en langages de<\/span><\/li>\n<li style=\"font-weight: 400\"><span style=\"font-weight: 400\">programmation et\/ou en m\u00e9thodes qualitatives sont consid\u00e9r\u00e9es comme des atouts<\/span><\/li>\n<li style=\"font-weight: 400\"><span style=\"font-weight: 400\">suppl\u00e9mentaires. Le-la candidat-e retenu-e sait planifier et mettre en \u0153uvre des enseignements au niveau du Bachelor et du Master. Une exp\u00e9rience de recherche internationale repr\u00e9sente un avantage.<\/span><\/li>\n<\/ul>\n<h2><b>Postulation<\/b><\/h2>\n<p><strong>Questions <\/strong><b>&#160;: <\/b><span style=\"font-weight: 400\"><br \/>\n<\/span><span style=\"font-weight: 400\">Les questions concernant le poste et\/ou les candidatures peuvent \u00eatre envoy\u00e9es \u00e0 Jolanda Wehrli (jolanda.wehrli@unifr.ch).<\/span><\/p>\n<p><strong>Dossier&#160;:<\/strong><\/p>\n<ul>\n<li style=\"font-weight: 400\"><span style=\"font-weight: 400\">Le dossier de candidature doit contenir&#160;:<\/span><\/li>\n<li style=\"font-weight: 400\"><span style=\"font-weight: 400\">lettre de motivation sp\u00e9cifiant les int\u00e9r\u00eats et motivations de recherche,<\/span><\/li>\n<li style=\"font-weight: 400\"><span style=\"font-weight: 400\">CV contentant le nom de deux personnes de r\u00e9f\u00e9rence acad\u00e9miques,<\/span><\/li>\n<li style=\"font-weight: 400\"><span style=\"font-weight: 400\">liste des publications scientifiques,<\/span><\/li>\n<li style=\"font-weight: 400\"><span style=\"font-weight: 400\">r\u00e9sum\u00e9 de 1 \u00e0 2 pages de la th\u00e8se,<\/span><\/li>\n<li style=\"font-weight: 400\"><span style=\"font-weight: 400\">\u00a0\u00e9valuations des enseignements en cours,<\/span><\/li>\n<li style=\"font-weight: 400\"><span style=\"font-weight: 400\">tout autre certificat jug\u00e9 pertinent.<\/span><\/li>\n<\/ul>\n<p><span style=\"font-weight: 400\">D\u00e9lai&#160;:<br \/>\n<\/span><span style=\"font-weight: 400\">Le dossier doit \u00eatre envoy\u00e9 en un seul fichier PDF \u00e0 Jolanda Wehrli <\/span><span style=\"font-weight: 400\">(jolanda.wehrli@unifr.ch) au plus tard le 25 janvier 2022.<\/span><\/p>\n<\/p><\/div>\n<div class=\"zn-singledetail-partners\">\n<h3 class=\"zn-singledetail-section-title\">Institutions<\/h3>\n<div class=\"zn-singledetail-partners-list row small-up-2 medium-up-3 large-up-5 partnerlist\" data-equalizer data-equalize-on=\"medium\">\n<article class=\"summarypartner partner-15330 column\">\n\t<a class=\"summarypartner-box\" href=\"https:\/\/www3.unifr.ch\" title=\"Universit\u00e9 de Fribourg\">\t\t<\/p>\n<div class=\"summarypartner-box-inner\" data-equalizer-watch>\n<div class=\"summarypartner-imgbox\">\n<figure class=\"summarypartner-figure\">\n\t\t\t\t\t<img decoding=\"async\" class=\"summarypartner-img\" src=\"https:\/\/www.sfsic.org\/wp-inside\/uploads\/skp-membership\/demande_adh\/logo-universite-fribourg-suisse-320x320.png\" alt=\"Logo Universit\u00e9 Fribourg Suisse\"><figcaption class=\"summarypartner-img-caption show-for-sr\">Logo Universit\u00e9 Fribourg Suisse<\/figcaption><\/figure>\n<\/p><\/div>\n<div class=\"summarypartner-content\">\n<div class=\"summarypartner-content-inner\">\n<header class=\"summarypartner-header\">\n<h3 class=\"summarypartner-title\">\n\t\t\t\t\t\t\tUniversit\u00e9 de Fribourg\t\t\t\t\t\t<\/h3>\n<\/header><\/div>\n<\/p><\/div>\n<\/p><\/div>\n<p>\t<\/a><\/article>\n<\/p><\/div>\n<\/p><\/div>\n<div class=\"zn-singledetail-attachedfiles\">\n<h3 class=\"zn-singledetail-section-title\">Fichier(s) attach\u00e9(s)<\/h3>\n<ul class=\"zn-singledetail-attachedfiles-list\">\n<li class=\"zn-singledetail-attachedfiles-item\">\n\t\t\t\t\t\t\t<a class=\"zn-singledetail-attachedfiles-link button outline for-download\" href=\"https:\/\/www.sfsic.org\/wp-inside\/uploads\/skp-membership\/demande_adh\/2112mass_fr.pdf\" title=\"T\u00e9l\u00e9charger : \u00ab 2112mass_fr.pdf \u00bb\" target=\"_blank\" rel=\"noopener\"><br \/>\n\t\t\t\t\t\t\t\t<span class=\"button-txt\">2112mass_fr<span class=\"button-txt-type\"> (pdf)<\/span><\/span><br \/>\n\t\t\t\t\t\t\t<\/a>\n\t\t\t\t\t\t<\/li>\n<\/ul><\/div>\n<div class=\"zn-singledetail-keywords\">\n<h3 class=\"zn-singledetail-section-title\">Mots-cl\u00e9s<\/h3>\n<ul class=\"termslist termslist-post_tag\">\n<li class=\"termslist-item termslist-title\"><span class=\"termslist-titletxt\">Mots-cl\u00e9s<\/span><span class=\"doubledot\"><\/span><\/li>\n<li class=\"termslist-item tax-post_tag term-communication-politique\"><a class=\"termslist-itemlink\" href=\"https:\/\/www.sfsic.org\/tag\/communication-politique\/\" title=\"Communication politique\"><span class=\"termslist-itemname\">Communication politique<\/span><\/a><\/li>\n<li class=\"termslist-item tax-post_tag term-economie-des-medias\"><a class=\"termslist-itemlink\" href=\"https:\/\/www.sfsic.org\/tag\/economie-des-medias\/\" title=\"Economie des m\u00e9dias\"><span class=\"termslist-itemname\">Economie des m\u00e9dias<\/span><\/a><\/li>\n<li class=\"termslist-item tax-post_tag term-industries-culturelles\"><a class=\"termslist-itemlink\" href=\"https:\/\/www.sfsic.org\/tag\/industries-culturelles\/\" title=\"Industries culturelles\"><span class=\"termslist-itemname\">Industries culturelles<\/span><\/a><\/li>\n<li class=\"termslist-item tax-post_tag term-methodologie\"><a class=\"termslist-itemlink\" href=\"https:\/\/www.sfsic.org\/tag\/methodologie\/\" title=\"M\u00e9thodologie\"><span class=\"termslist-itemname\">M\u00e9thodologie<\/span><\/a><\/li>\n<li class=\"termslist-item tax-post_tag term-strategie\"><a class=\"termslist-itemlink\" href=\"https:\/\/www.sfsic.org\/tag\/strategie\/\" title=\"Strat\u00e9gie\"><span class=\"termslist-itemname\">Strat\u00e9gie<\/span><\/a><\/li>\n<li class=\"termslist-item tax-post_tag term-usages\"><a class=\"termslist-itemlink\" href=\"https:\/\/www.sfsic.org\/tag\/usages\/\" title=\"Usages\"><span class=\"termslist-itemname\">Usages<\/span><\/a><\/li>\n<\/ul><\/div>\n<\/p><\/div>\n<\/p><\/div>\n<\/p><\/div>\n<\/p><\/div>\n<\/div>\n<p><!-- \/fxzn:singledetail --><\/p>\n","protected":false},"excerpt":{"rendered":"<p>Mis en ligne le 3 janvier 2022 Th\u00e9matiques Communication publique et politique Images, cin\u00e9ma, m\u00e9dias audiovisuels et industries culturelles Num\u00e9rique : strat\u00e9gies, dispositifs et usages R\u00e9ponse attendue pour le 25\/01\/2022 [&hellip;]<\/p>\n","protected":false},"author":914,"featured_media":0,"comment_status":"closed","ping_status":"closed","sticky":false,"template":"","format":"standard","meta":{"_acf_changed":false,"footnotes":""},"categories":[32],"tags":[347,458,108,110,306,303],"thematique":[36,35,39],"sfsic":[],"class_list":["post-22100","post","type-post","status-publish","format-standard","hentry","category-emplois","tag-communication-politique","tag-economie-des-medias","tag-industries-culturelles","tag-methodologie","tag-strategie","tag-usages","thematique-communication-publique-et-politique","thematique-images-cinema-medias-audiovisuels-et-industries-culturelles","thematique-numerique-strategies-dispositifs-et-usages","wp-sticky"],"acf":[],"yoast_head":"<!-- This site is optimized with the Yoast SEO plugin v27.5 - https:\/\/yoast.com\/product\/yoast-seo-wordpress\/ -->\n<title>Ma\u00eetre-assistant-e (post-doc) en sciences de la communication et des m\u00e9dias<\/title>\n<meta name=\"description\" content=\"La Facult\u00e9 de sciences \u00e9conomiques et sociales et du management (SES) de l\u2019Universit\u00e9 de Fribourg, Suisse, met au concours un poste de ma\u00eetre-assistant-e au D\u00e9partement des sciences de la communication et des m\u00e9dias (DCM).\" \/>\n<meta name=\"robots\" content=\"index, follow, max-snippet:-1, max-image-preview:large, max-video-preview:-1\" \/>\n<link rel=\"canonical\" href=\"https:\/\/www.sfsic.org\/en\/emplois\/maitre-assistant-e-post-doc-en-sciences-de-la-communication-et-des-medias-avec-competences-en-methodes-quantitatives\/\" \/>\n<meta property=\"og:locale\" content=\"en_US\" \/>\n<meta property=\"og:type\" content=\"article\" \/>\n<meta property=\"og:title\" content=\"Ma\u00eetre-assistant-e (post-doc) en sciences de la communication et des m\u00e9dias\" \/>\n<meta property=\"og:description\" content=\"La Facult\u00e9 de sciences \u00e9conomiques et sociales et du management (SES) de l\u2019Universit\u00e9 de Fribourg, Suisse, met au concours un poste de ma\u00eetre-assistant-e au D\u00e9partement des sciences de la communication et des m\u00e9dias (DCM).\" \/>\n<meta property=\"og:url\" content=\"https:\/\/www.sfsic.org\/en\/emplois\/maitre-assistant-e-post-doc-en-sciences-de-la-communication-et-des-medias-avec-competences-en-methodes-quantitatives\/\" \/>\n<meta property=\"og:site_name\" content=\"SFSIC\" \/>\n<meta property=\"article:published_time\" content=\"2022-01-03T15:28:42+00:00\" \/>\n<meta property=\"article:modified_time\" content=\"2022-01-03T16:56:23+00:00\" \/>\n<meta property=\"og:image\" content=\"https:\/\/www.sfsic.org\/wp-inside\/uploads\/skp-membership\/demande_adh\/logo-universite-fribourg-suisse-320x320.png\" \/>\n<meta name=\"author\" content=\"Thilo Von Pape\" \/>\n<meta name=\"twitter:card\" content=\"summary_large_image\" \/>\n<script type=\"application\/ld+json\" class=\"yoast-schema-graph\">{\"@context\":\"https:\\\/\\\/schema.org\",\"@graph\":[{\"@type\":\"Article\",\"@id\":\"https:\\\/\\\/www.sfsic.org\\\/en\\\/emplois\\\/maitre-assistant-e-post-doc-en-sciences-de-la-communication-et-des-medias-avec-competences-en-methodes-quantitatives\\\/#article\",\"isPartOf\":{\"@id\":\"https:\\\/\\\/www.sfsic.org\\\/en\\\/emplois\\\/maitre-assistant-e-post-doc-en-sciences-de-la-communication-et-des-medias-avec-competences-en-methodes-quantitatives\\\/\"},\"author\":{\"name\":\"Thilo Von Pape\",\"@id\":\"https:\\\/\\\/www.sfsic.org\\\/en\\\/#\\\/schema\\\/person\\\/d4734bbc3c2c67b3bf3e7b9174e23037\"},\"headline\":\"Ma\u00eetre-assistant-e (post-doc) en sciences de la communication et des m\u00e9dias\",\"datePublished\":\"2022-01-03T15:28:42+00:00\",\"dateModified\":\"2022-01-03T16:56:23+00:00\",\"mainEntityOfPage\":{\"@id\":\"https:\\\/\\\/www.sfsic.org\\\/en\\\/emplois\\\/maitre-assistant-e-post-doc-en-sciences-de-la-communication-et-des-medias-avec-competences-en-methodes-quantitatives\\\/\"},\"wordCount\":581,\"publisher\":{\"@id\":\"https:\\\/\\\/www.sfsic.org\\\/en\\\/#organization\"},\"image\":{\"@id\":\"https:\\\/\\\/www.sfsic.org\\\/en\\\/emplois\\\/maitre-assistant-e-post-doc-en-sciences-de-la-communication-et-des-medias-avec-competences-en-methodes-quantitatives\\\/#primaryimage\"},\"thumbnailUrl\":\"https:\\\/\\\/www.sfsic.org\\\/wp-inside\\\/uploads\\\/skp-membership\\\/demande_adh\\\/logo-universite-fribourg-suisse-320x320.png\",\"keywords\":[\"Communication politique\",\"Economie des m\u00e9dias\",\"Industries culturelles\",\"M\u00e9thodologie\",\"Strat\u00e9gie\",\"Usages\"],\"articleSection\":[\"Emplois\"],\"inLanguage\":\"en-US\"},{\"@type\":\"WebPage\",\"@id\":\"https:\\\/\\\/www.sfsic.org\\\/en\\\/emplois\\\/maitre-assistant-e-post-doc-en-sciences-de-la-communication-et-des-medias-avec-competences-en-methodes-quantitatives\\\/\",\"url\":\"https:\\\/\\\/www.sfsic.org\\\/en\\\/emplois\\\/maitre-assistant-e-post-doc-en-sciences-de-la-communication-et-des-medias-avec-competences-en-methodes-quantitatives\\\/\",\"name\":\"Ma\u00eetre-assistant-e (post-doc) en sciences de la communication et des m\u00e9dias\",\"isPartOf\":{\"@id\":\"https:\\\/\\\/www.sfsic.org\\\/en\\\/#website\"},\"primaryImageOfPage\":{\"@id\":\"https:\\\/\\\/www.sfsic.org\\\/en\\\/emplois\\\/maitre-assistant-e-post-doc-en-sciences-de-la-communication-et-des-medias-avec-competences-en-methodes-quantitatives\\\/#primaryimage\"},\"image\":{\"@id\":\"https:\\\/\\\/www.sfsic.org\\\/en\\\/emplois\\\/maitre-assistant-e-post-doc-en-sciences-de-la-communication-et-des-medias-avec-competences-en-methodes-quantitatives\\\/#primaryimage\"},\"thumbnailUrl\":\"https:\\\/\\\/www.sfsic.org\\\/wp-inside\\\/uploads\\\/skp-membership\\\/demande_adh\\\/logo-universite-fribourg-suisse-320x320.png\",\"datePublished\":\"2022-01-03T15:28:42+00:00\",\"dateModified\":\"2022-01-03T16:56:23+00:00\",\"description\":\"La Facult\u00e9 de sciences \u00e9conomiques et sociales et du management (SES) de l\u2019Universit\u00e9 de Fribourg, Suisse, met au concours un poste de ma\u00eetre-assistant-e au D\u00e9partement des sciences de la communication et des m\u00e9dias (DCM).\",\"breadcrumb\":{\"@id\":\"https:\\\/\\\/www.sfsic.org\\\/en\\\/emplois\\\/maitre-assistant-e-post-doc-en-sciences-de-la-communication-et-des-medias-avec-competences-en-methodes-quantitatives\\\/#breadcrumb\"},\"inLanguage\":\"en-US\",\"potentialAction\":[{\"@type\":\"ReadAction\",\"target\":[\"https:\\\/\\\/www.sfsic.org\\\/en\\\/emplois\\\/maitre-assistant-e-post-doc-en-sciences-de-la-communication-et-des-medias-avec-competences-en-methodes-quantitatives\\\/\"]}]},{\"@type\":\"ImageObject\",\"inLanguage\":\"en-US\",\"@id\":\"https:\\\/\\\/www.sfsic.org\\\/en\\\/emplois\\\/maitre-assistant-e-post-doc-en-sciences-de-la-communication-et-des-medias-avec-competences-en-methodes-quantitatives\\\/#primaryimage\",\"url\":\"https:\\\/\\\/www.sfsic.org\\\/wp-inside\\\/uploads\\\/skp-membership\\\/demande_adh\\\/logo-universite-fribourg-suisse-320x320.png\",\"contentUrl\":\"https:\\\/\\\/www.sfsic.org\\\/wp-inside\\\/uploads\\\/skp-membership\\\/demande_adh\\\/logo-universite-fribourg-suisse-320x320.png\"},{\"@type\":\"BreadcrumbList\",\"@id\":\"https:\\\/\\\/www.sfsic.org\\\/en\\\/emplois\\\/maitre-assistant-e-post-doc-en-sciences-de-la-communication-et-des-medias-avec-competences-en-methodes-quantitatives\\\/#breadcrumb\",\"itemListElement\":[{\"@type\":\"ListItem\",\"position\":1,\"name\":\"Accueil\",\"item\":\"https:\\\/\\\/www.sfsic.org\\\/en\\\/\"},{\"@type\":\"ListItem\",\"position\":2,\"name\":\"Jobs\",\"item\":\"https:\\\/\\\/www.sfsic.org\\\/en\\\/jobs\\\/\"},{\"@type\":\"ListItem\",\"position\":3,\"name\":\"Ma\u00eetre-assistant-e (post-doc) en sciences de la communication et des m\u00e9dias\"}]},{\"@type\":\"WebSite\",\"@id\":\"https:\\\/\\\/www.sfsic.org\\\/en\\\/#website\",\"url\":\"https:\\\/\\\/www.sfsic.org\\\/en\\\/\",\"name\":\"SFSIC\",\"description\":\"Soci\u00e9t\u00e9 Fran\u00e7aise des Sciences de l&#039;Information &amp; de la Communication\",\"publisher\":{\"@id\":\"https:\\\/\\\/www.sfsic.org\\\/en\\\/#organization\"},\"potentialAction\":[{\"@type\":\"SearchAction\",\"target\":{\"@type\":\"EntryPoint\",\"urlTemplate\":\"https:\\\/\\\/www.sfsic.org\\\/en\\\/?s={search_term_string}\"},\"query-input\":{\"@type\":\"PropertyValueSpecification\",\"valueRequired\":true,\"valueName\":\"search_term_string\"}}],\"inLanguage\":\"en-US\"},{\"@type\":\"Organization\",\"@id\":\"https:\\\/\\\/www.sfsic.org\\\/en\\\/#organization\",\"name\":\"SFSIC\",\"url\":\"https:\\\/\\\/www.sfsic.org\\\/en\\\/\",\"logo\":{\"@type\":\"ImageObject\",\"inLanguage\":\"en-US\",\"@id\":\"https:\\\/\\\/www.sfsic.org\\\/en\\\/#\\\/schema\\\/logo\\\/image\\\/\",\"url\":\"https:\\\/\\\/www.sfsic.org\\\/wp-inside\\\/uploads\\\/2020\\\/05\\\/logo-sfsic.jpg\",\"contentUrl\":\"https:\\\/\\\/www.sfsic.org\\\/wp-inside\\\/uploads\\\/2020\\\/05\\\/logo-sfsic.jpg\",\"width\":1085,\"height\":1080,\"caption\":\"SFSIC\"},\"image\":{\"@id\":\"https:\\\/\\\/www.sfsic.org\\\/en\\\/#\\\/schema\\\/logo\\\/image\\\/\"}},{\"@type\":\"Person\",\"@id\":\"https:\\\/\\\/www.sfsic.org\\\/en\\\/#\\\/schema\\\/person\\\/d4734bbc3c2c67b3bf3e7b9174e23037\",\"name\":\"Thilo Von Pape\",\"image\":{\"@type\":\"ImageObject\",\"inLanguage\":\"en-US\",\"@id\":\"https:\\\/\\\/secure.gravatar.com\\\/avatar\\\/4540c272acfc6c70fc009f1b3ec723f4f176f4f084e6ccf1069fb403524d4e55?s=96&d=mm&r=g\",\"url\":\"https:\\\/\\\/secure.gravatar.com\\\/avatar\\\/4540c272acfc6c70fc009f1b3ec723f4f176f4f084e6ccf1069fb403524d4e55?s=96&d=mm&r=g\",\"contentUrl\":\"https:\\\/\\\/secure.gravatar.com\\\/avatar\\\/4540c272acfc6c70fc009f1b3ec723f4f176f4f084e6ccf1069fb403524d4e55?s=96&d=mm&r=g\",\"caption\":\"Thilo Von Pape\"}}]}<\/script>\n<!-- \/ Yoast SEO plugin. -->","yoast_head_json":{"title":"Ma\u00eetre-assistant-e (post-doc) en sciences de la communication et des m\u00e9dias","description":"La Facult\u00e9 de sciences \u00e9conomiques et sociales et du management (SES) de l\u2019Universit\u00e9 de Fribourg, Suisse, met au concours un poste de ma\u00eetre-assistant-e au D\u00e9partement des sciences de la communication et des m\u00e9dias (DCM).","robots":{"index":"index","follow":"follow","max-snippet":"max-snippet:-1","max-image-preview":"max-image-preview:large","max-video-preview":"max-video-preview:-1"},"canonical":"https:\/\/www.sfsic.org\/en\/emplois\/maitre-assistant-e-post-doc-en-sciences-de-la-communication-et-des-medias-avec-competences-en-methodes-quantitatives\/","og_locale":"en_US","og_type":"article","og_title":"Ma\u00eetre-assistant-e (post-doc) en sciences de la communication et des m\u00e9dias","og_description":"La Facult\u00e9 de sciences \u00e9conomiques et sociales et du management (SES) de l\u2019Universit\u00e9 de Fribourg, Suisse, met au concours un poste de ma\u00eetre-assistant-e au D\u00e9partement des sciences de la communication et des m\u00e9dias (DCM).","og_url":"https:\/\/www.sfsic.org\/en\/emplois\/maitre-assistant-e-post-doc-en-sciences-de-la-communication-et-des-medias-avec-competences-en-methodes-quantitatives\/","og_site_name":"SFSIC","article_published_time":"2022-01-03T15:28:42+00:00","article_modified_time":"2022-01-03T16:56:23+00:00","og_image":[{"url":"https:\/\/www.sfsic.org\/wp-inside\/uploads\/skp-membership\/demande_adh\/logo-universite-fribourg-suisse-320x320.png","type":"","width":"","height":""}],"author":"Thilo Von Pape","twitter_card":"summary_large_image","schema":{"@context":"https:\/\/schema.org","@graph":[{"@type":"Article","@id":"https:\/\/www.sfsic.org\/en\/emplois\/maitre-assistant-e-post-doc-en-sciences-de-la-communication-et-des-medias-avec-competences-en-methodes-quantitatives\/#article","isPartOf":{"@id":"https:\/\/www.sfsic.org\/en\/emplois\/maitre-assistant-e-post-doc-en-sciences-de-la-communication-et-des-medias-avec-competences-en-methodes-quantitatives\/"},"author":{"name":"Thilo Von Pape","@id":"https:\/\/www.sfsic.org\/en\/#\/schema\/person\/d4734bbc3c2c67b3bf3e7b9174e23037"},"headline":"Ma\u00eetre-assistant-e (post-doc) en sciences de la communication et des m\u00e9dias","datePublished":"2022-01-03T15:28:42+00:00","dateModified":"2022-01-03T16:56:23+00:00","mainEntityOfPage":{"@id":"https:\/\/www.sfsic.org\/en\/emplois\/maitre-assistant-e-post-doc-en-sciences-de-la-communication-et-des-medias-avec-competences-en-methodes-quantitatives\/"},"wordCount":581,"publisher":{"@id":"https:\/\/www.sfsic.org\/en\/#organization"},"image":{"@id":"https:\/\/www.sfsic.org\/en\/emplois\/maitre-assistant-e-post-doc-en-sciences-de-la-communication-et-des-medias-avec-competences-en-methodes-quantitatives\/#primaryimage"},"thumbnailUrl":"https:\/\/www.sfsic.org\/wp-inside\/uploads\/skp-membership\/demande_adh\/logo-universite-fribourg-suisse-320x320.png","keywords":["Communication politique","Economie des m\u00e9dias","Industries culturelles","M\u00e9thodologie","Strat\u00e9gie","Usages"],"articleSection":["Emplois"],"inLanguage":"en-US"},{"@type":"WebPage","@id":"https:\/\/www.sfsic.org\/en\/emplois\/maitre-assistant-e-post-doc-en-sciences-de-la-communication-et-des-medias-avec-competences-en-methodes-quantitatives\/","url":"https:\/\/www.sfsic.org\/en\/emplois\/maitre-assistant-e-post-doc-en-sciences-de-la-communication-et-des-medias-avec-competences-en-methodes-quantitatives\/","name":"Ma\u00eetre-assistant-e (post-doc) en sciences de la communication et des m\u00e9dias","isPartOf":{"@id":"https:\/\/www.sfsic.org\/en\/#website"},"primaryImageOfPage":{"@id":"https:\/\/www.sfsic.org\/en\/emplois\/maitre-assistant-e-post-doc-en-sciences-de-la-communication-et-des-medias-avec-competences-en-methodes-quantitatives\/#primaryimage"},"image":{"@id":"https:\/\/www.sfsic.org\/en\/emplois\/maitre-assistant-e-post-doc-en-sciences-de-la-communication-et-des-medias-avec-competences-en-methodes-quantitatives\/#primaryimage"},"thumbnailUrl":"https:\/\/www.sfsic.org\/wp-inside\/uploads\/skp-membership\/demande_adh\/logo-universite-fribourg-suisse-320x320.png","datePublished":"2022-01-03T15:28:42+00:00","dateModified":"2022-01-03T16:56:23+00:00","description":"La Facult\u00e9 de sciences \u00e9conomiques et sociales et du management (SES) de l\u2019Universit\u00e9 de Fribourg, Suisse, met au concours un poste de ma\u00eetre-assistant-e au D\u00e9partement des sciences de la communication et des m\u00e9dias (DCM).","breadcrumb":{"@id":"https:\/\/www.sfsic.org\/en\/emplois\/maitre-assistant-e-post-doc-en-sciences-de-la-communication-et-des-medias-avec-competences-en-methodes-quantitatives\/#breadcrumb"},"inLanguage":"en-US","potentialAction":[{"@type":"ReadAction","target":["https:\/\/www.sfsic.org\/en\/emplois\/maitre-assistant-e-post-doc-en-sciences-de-la-communication-et-des-medias-avec-competences-en-methodes-quantitatives\/"]}]},{"@type":"ImageObject","inLanguage":"en-US","@id":"https:\/\/www.sfsic.org\/en\/emplois\/maitre-assistant-e-post-doc-en-sciences-de-la-communication-et-des-medias-avec-competences-en-methodes-quantitatives\/#primaryimage","url":"https:\/\/www.sfsic.org\/wp-inside\/uploads\/skp-membership\/demande_adh\/logo-universite-fribourg-suisse-320x320.png","contentUrl":"https:\/\/www.sfsic.org\/wp-inside\/uploads\/skp-membership\/demande_adh\/logo-universite-fribourg-suisse-320x320.png"},{"@type":"BreadcrumbList","@id":"https:\/\/www.sfsic.org\/en\/emplois\/maitre-assistant-e-post-doc-en-sciences-de-la-communication-et-des-medias-avec-competences-en-methodes-quantitatives\/#breadcrumb","itemListElement":[{"@type":"ListItem","position":1,"name":"Accueil","item":"https:\/\/www.sfsic.org\/en\/"},{"@type":"ListItem","position":2,"name":"Jobs","item":"https:\/\/www.sfsic.org\/en\/jobs\/"},{"@type":"ListItem","position":3,"name":"Ma\u00eetre-assistant-e (post-doc) en sciences de la communication et des m\u00e9dias"}]},{"@type":"WebSite","@id":"https:\/\/www.sfsic.org\/en\/#website","url":"https:\/\/www.sfsic.org\/en\/","name":"SFSIC","description":"Soci\u00e9t\u00e9 Fran\u00e7aise des Sciences de l&#039;Information &amp; de la Communication","publisher":{"@id":"https:\/\/www.sfsic.org\/en\/#organization"},"potentialAction":[{"@type":"SearchAction","target":{"@type":"EntryPoint","urlTemplate":"https:\/\/www.sfsic.org\/en\/?s={search_term_string}"},"query-input":{"@type":"PropertyValueSpecification","valueRequired":true,"valueName":"search_term_string"}}],"inLanguage":"en-US"},{"@type":"Organization","@id":"https:\/\/www.sfsic.org\/en\/#organization","name":"SFSIC","url":"https:\/\/www.sfsic.org\/en\/","logo":{"@type":"ImageObject","inLanguage":"en-US","@id":"https:\/\/www.sfsic.org\/en\/#\/schema\/logo\/image\/","url":"https:\/\/www.sfsic.org\/wp-inside\/uploads\/2020\/05\/logo-sfsic.jpg","contentUrl":"https:\/\/www.sfsic.org\/wp-inside\/uploads\/2020\/05\/logo-sfsic.jpg","width":1085,"height":1080,"caption":"SFSIC"},"image":{"@id":"https:\/\/www.sfsic.org\/en\/#\/schema\/logo\/image\/"}},{"@type":"Person","@id":"https:\/\/www.sfsic.org\/en\/#\/schema\/person\/d4734bbc3c2c67b3bf3e7b9174e23037","name":"Thilo Von Pape","image":{"@type":"ImageObject","inLanguage":"en-US","@id":"https:\/\/secure.gravatar.com\/avatar\/4540c272acfc6c70fc009f1b3ec723f4f176f4f084e6ccf1069fb403524d4e55?s=96&d=mm&r=g","url":"https:\/\/secure.gravatar.com\/avatar\/4540c272acfc6c70fc009f1b3ec723f4f176f4f084e6ccf1069fb403524d4e55?s=96&d=mm&r=g","contentUrl":"https:\/\/secure.gravatar.com\/avatar\/4540c272acfc6c70fc009f1b3ec723f4f176f4f084e6ccf1069fb403524d4e55?s=96&d=mm&r=g","caption":"Thilo Von Pape"}}]}},"_links":{"self":[{"href":"https:\/\/www.sfsic.org\/en\/wp-json\/wp\/v2\/posts\/22100","targetHints":{"allow":["GET"]}}],"collection":[{"href":"https:\/\/www.sfsic.org\/en\/wp-json\/wp\/v2\/posts"}],"about":[{"href":"https:\/\/www.sfsic.org\/en\/wp-json\/wp\/v2\/types\/post"}],"author":[{"embeddable":true,"href":"https:\/\/www.sfsic.org\/en\/wp-json\/wp\/v2\/users\/914"}],"replies":[{"embeddable":true,"href":"https:\/\/www.sfsic.org\/en\/wp-json\/wp\/v2\/comments?post=22100"}],"version-history":[{"count":5,"href":"https:\/\/www.sfsic.org\/en\/wp-json\/wp\/v2\/posts\/22100\/revisions"}],"predecessor-version":[{"id":22165,"href":"https:\/\/www.sfsic.org\/en\/wp-json\/wp\/v2\/posts\/22100\/revisions\/22165"}],"wp:attachment":[{"href":"https:\/\/www.sfsic.org\/en\/wp-json\/wp\/v2\/media?parent=22100"}],"wp:term":[{"taxonomy":"category","embeddable":true,"href":"https:\/\/www.sfsic.org\/en\/wp-json\/wp\/v2\/categories?post=22100"},{"taxonomy":"post_tag","embeddable":true,"href":"https:\/\/www.sfsic.org\/en\/wp-json\/wp\/v2\/tags?post=22100"},{"taxonomy":"thematique","embeddable":true,"href":"https:\/\/www.sfsic.org\/en\/wp-json\/wp\/v2\/thematique?post=22100"},{"taxonomy":"sfsic","embeddable":true,"href":"https:\/\/www.sfsic.org\/en\/wp-json\/wp\/v2\/sfsic?post=22100"}],"curies":[{"name":"wp","href":"https:\/\/api.w.org\/{rel}","templated":true}]}}