{"id":22060,"date":"2021-12-16T21:05:28","date_gmt":"2021-12-16T20:05:28","guid":{"rendered":"https:\/\/www.sfsic.org\/?p=22060"},"modified":"2021-12-16T21:06:12","modified_gmt":"2021-12-16T20:06:12","slug":"mise-en-invisibilite-des-groupes-professionnels","status":"publish","type":"post","link":"https:\/\/www.sfsic.org\/en\/publication\/mise-en-invisibilite-des-groupes-professionnels\/","title":{"rendered":"Mise en (in)visibilit\u00e9 des groupes professionnels"},"content":{"rendered":"<p><!-- fxzn:singledetail --><\/p>\n<div class=\"zone zn-singledetail\" id=\"fxzn-singledetail-1\">\n<div class=\"zone-block zn-singledetail-block alignwide va-top\">\n<div class=\"row\">\n<div class=\"columns large-8 large-push-4\">\n<div class=\"zn-singledetail-metabox\">\n<div class=\"zn-singledetail-pubdate pubdate\">\n\t\t\t\t\t<span class=\"pubdate-txt\">Mis en ligne le<\/span><span class=\"doubledot\"><\/span> <time class=\"pubdate-time\" pubdate datetime=\"2021-12-16T21:05:28+01:00\">16 d\u00e9cembre 2021<\/time>\t\t\t\t<\/div>\n<div class=\"zn-singledetail-thematiques with-sep-comma\">\n<ul class=\"termslist termslist-thematique\">\n<li class=\"termslist-item termslist-title\"><span class=\"termslist-titletxt\">Th\u00e9matiques<\/span><span class=\"doubledot\"><\/span><\/li>\n<li class=\"termslist-item tax-thematique term-communication-organisations\"><a class=\"termslist-itemlink\" href=\"https:\/\/www.sfsic.org\/thematiques\/communication-organisations\/\" title=\"Communication et organisations\"><span class=\"termslist-itemname\">Communication et organisations<\/span><\/a><\/li>\n<li class=\"termslist-item tax-thematique term-images-cinema-medias-audiovisuels-et-industries-culturelles\"><a class=\"termslist-itemlink\" href=\"https:\/\/www.sfsic.org\/thematiques\/images-cinema-medias-audiovisuels-et-industries-culturelles\/\" title=\"Images, cin\u00e9ma, m\u00e9dias audiovisuels et industries culturelles\"><span class=\"termslist-itemname\">Images, cin\u00e9ma, m\u00e9dias audiovisuels et industries culturelles<\/span><\/a><\/li>\n<\/ul><\/div>\n<\/p><\/div>\n<\/p><\/div>\n<\/p><\/div>\n<div class=\"row\">\n<div class=\"columns large-4\">\n<div class=\"zn-singledetail-sidebar bg-cornersquares\">\n<div class=\"zn-singledetail-infos\">\n<p class=\"zn-singledetail-type\">\n\t\t\t\t\t\t\t<span>Type de publication<\/span><span class=\"doubledot\"><\/span> <strong>Num\u00e9ro de revue<\/strong>\n\t\t\t\t\t<\/p>\n<p class=\"zn-singledetail-name\">\n\t\t\t\t\t\t\t<span>Nom de la publication<\/span><span class=\"doubledot\"><\/span> <strong>Questions de communication<\/strong>\n\t\t\t\t\t<\/p>\n<p class=\"zn-singledetail-edition\">\n\t\t\t\t\t\t\t<span>\u00c9dition<\/span><span class=\"doubledot\"><\/span> <strong>\u00c9ditions de l&#8217;Universit\u00e9 de Lorraine<\/strong>\n\t\t\t\t\t<\/p>\n<\/p><\/div>\n<div class=\"zn-singledetail-coordinators\">\n<h3 class=\"zn-singledetail-section-title\">Coordinateur(s) \/ Auteur(s)<\/h3>\n<ul class=\"zn-singledetail-coordinators-list\">\n<li class=\"zn-singledetail-coordinators-item\">\n\t\t\t\t\t\t\t<span>Pierre-Yves <\/span> <span> Connan<\/span>, <span>Universit\u00e9 Reims Champagne-Ardenne<\/span>\t\t\t\t\t\t\t\t\t\t\t\t\t<\/li>\n<li class=\"zn-singledetail-coordinators-item\">\n\t\t\t\t\t\t\t<span>Guillaume<\/span> <span>Le Saulnier<\/span>, <span>Universit\u00e9 Reims Champagne-Ardenne<\/span>\t\t\t\t\t\t\t\t\t\t\t\t\t<\/li>\n<li class=\"zn-singledetail-coordinators-item\">\n\t\t\t\t\t\t\t<span>Beno\u00eet<\/span> <span>Verdier<\/span>, <span>Universit\u00e9 Reims Champagne-Ardenne<\/span>\t\t\t\t\t\t\t\t\t\t\t\t\t<\/li>\n<\/ul><\/div>\n<div class=\"zn-singledetail-weblinks\">\n<h3 class=\"zn-singledetail-section-title\">Sites internet de r\u00e9f\u00e9rence<\/h3>\n<ul class=\"zn-singledetail-weblinks-list\">\n<li>\n\t\t\t\t\t\t\t<a class=\"prettylink chainlink\" href=\"https:\/\/journals.openedition.org\/questionsdecommunication\/25119\" title=\"Num\u00e9ro disponible sur OpenEdition Journals\" target=\"_blank\" rel=\"noopener\">Num\u00e9ro disponible sur OpenEdition Journals<\/a>\n\t\t\t\t\t\t<\/li>\n<\/ul><\/div>\n<\/p><\/div>\n<\/p><\/div>\n<div class=\"columns large-8\">\n<div class=\"zn-singledetail-contentbox\">\n<div class=\"zn-singledetail-annonce wig-content\">\n<p><img decoding=\"async\" loading=\"lazy\" class=\"size-medium wp-image-22069 aligncenter\" src=\"https:\/\/www.sfsic.org\/wp-inside\/uploads\/2021\/12\/img_6679-196x300.jpg\" alt=\"\" width=\"196\" height=\"300\" srcset=\"https:\/\/www.sfsic.org\/wp-inside\/uploads\/2021\/12\/img_6679-196x300.jpg 196w, https:\/\/www.sfsic.org\/wp-inside\/uploads\/2021\/12\/img_6679-669x1024.jpg 669w, https:\/\/www.sfsic.org\/wp-inside\/uploads\/2021\/12\/img_6679-768x1176.jpg 768w, https:\/\/www.sfsic.org\/wp-inside\/uploads\/2021\/12\/img_6679-209x320.jpg 209w, https:\/\/www.sfsic.org\/wp-inside\/uploads\/2021\/12\/img_6679-200x306.jpg 200w, https:\/\/www.sfsic.org\/wp-inside\/uploads\/2021\/12\/img_6679.jpg 779w\" sizes=\"auto, (max-width: 196px) 100vw, 196px\" \/><\/p>\n<p>Le dossier du num\u00e9ro 39 de \u00ab&#160;Questions de communication&#160;\u00bb est consacr\u00e9 \u00e0 la \u00ab&#160;Mise en (in)visibilit\u00e9 des groupes professionnels&#160;\u00bb sous la direction de Pierre-Yves Connan, Guillaume Le Saulnier et Beno\u00eet Verdier.<\/p>\n<p>Dans le\u00a0<strong>Dossier<\/strong>, les auteur\u00b7es s&rsquo;int\u00e9ressent \u00e0 la mise en visibilit\u00e9 ou invisibilit\u00e9 de groupes professionnels, de l\u2019instrumentalisation \u00e0 la r\u00e9appropriation. Le contributeur initial conclut dans les\u00a0<strong>\u00c9changes<\/strong>\u00a0la discussion ouverte \u00e0 propos \u00ab&#160;du chercheur et du discours sur ses objets&#160;\u00bb. Quatre\u00a0<strong>Notes de recherche<\/strong>\u00a0portent entre autres aspects sur&#160;: la pens\u00e9e manag\u00e9riale am\u00e9ricaine, les s\u00e9ries, les communaut\u00e9s en ligne ou la prise de parole. La rubrique\u00a0<strong>En VO<\/strong>\u00a0accueille un article sur la compr\u00e9hension des diasporas latino-am\u00e9ricaines et leurs relations aux m\u00e9dias. Les\u00a0<strong>Focus<\/strong>\u00a0proposent une lecture approfondie d\u2019une \u0153uvre r\u00e9cente \u2013\u00a0<em>En attendant les robots. Enqu\u00eate sur le travail du clic<\/em>\u00a0d&rsquo;Antonio A. Casilli\u00a0\u2013 et d\u2019une \u0153uvre plus ancienne \u2013\u00a0<em>Trait\u00e9 de documentation. Le livre sur le livre&#160;: th\u00e9orie et pratique\u00a0\u2013<\/em>\u00a0de\u00a0<strong>Paul Otlet<\/strong>. Enfin, les\u00a0<strong>Notes de lecture<\/strong>\u00a0rendent compte de 55 publications.<\/p>\n<h2>Sommaire<\/h2>\n<h3>Dossier. Mise en (in)visibilit\u00e9 des groupes professionnels<\/h3>\n<ul>\n<li><strong>Pierre-Yves\u00a0Connan, Guillaume\u00a0Le\u00a0Saulnier\u00a0et Beno\u00eet\u00a0Verdier<\/strong><\/li>\n<\/ul>\n<p><a href=\"https:\/\/journals.openedition.org\/questionsdecommunication\/25135\">La mise en (in)visibilit\u00e9 des groupes professionnels<\/a><\/p>\n<p>\u00c9l\u00e9ments pour une approche communicationnelle<\/p>\n<ul>\n<li><strong>Charles\u00a0Gadea<\/strong><\/li>\n<\/ul>\n<p><a href=\"https:\/\/journals.openedition.org\/questionsdecommunication\/25172\">Quelques usages sociaux de l\u2019idiome figuratif des groupes professionnels<\/a>\u00a0[<\/p>\n<p>Essai sur l\u2019iconographie des m\u00e9tiers<\/p>\n<ul>\n<li><strong>Ivan\u00a0Chupin\u00a0et Pierre\u00a0Mayance<\/strong><\/li>\n<\/ul>\n<p><a href=\"https:\/\/journals.openedition.org\/questionsdecommunication\/25222\">Champs et hors-champs de l\u2019actualit\u00e9 professionnelle<\/a><\/p>\n<ul>\n<li><strong>Marc\u00a0Perrenoud<\/strong><\/li>\n<\/ul>\n<p><a href=\"https:\/\/journals.openedition.org\/questionsdecommunication\/25289\">La repr\u00e9sentation des cuisiniers de collectivit\u00e9<\/a><\/p>\n<p>De la culture populaire audiovisuelle \u00e0 leur propre communication<\/p>\n<ul>\n<li><strong>Samuel\u00a0Zarka<\/strong><\/li>\n<\/ul>\n<p><a href=\"https:\/\/journals.openedition.org\/questionsdecommunication\/25337\">L\u2019affirmation fragile d\u2019un groupe professionnel de la postproduction en cin\u00e9ma et audiovisuel.<\/a>\u00a0[<\/p>\n<p>Entre invisibilit\u00e9 de fait et d\u00e9sir de faire \u00e9quipe<\/p>\n<ul>\n<li><strong>Pascal\u00a0Laborderie<\/strong><\/li>\n<\/ul>\n<p><a href=\"https:\/\/journals.openedition.org\/questionsdecommunication\/25394\">Traces audiovisuelles et visibilit\u00e9 de l\u2019animation socioculturelle<\/a><\/p>\n<p>les cin\u00e9-clubs de la Ligue de l\u2019enseignement (Haute-Garonne et Tarn, 1960-1995)<\/p>\n<ul>\n<li><strong>Isabelle\u00a0Hur\u00e9<\/strong><\/li>\n<\/ul>\n<p><a href=\"https:\/\/journals.openedition.org\/questionsdecommunication\/25445\">Des procureurs sur Twitter&#160;: de l\u2019\u00e9criture de soi \u00e0 celle du monde de la justice<\/a><\/p>\n<ul>\n<li><strong>Pierre-Yves\u00a0Connan\u00a0et Ang\u00e9lica\u00a0Rigaudi\u00e8re<\/strong><\/li>\n<\/ul>\n<p><a href=\"https:\/\/journals.openedition.org\/questionsdecommunication\/25475\">M\u00e9diatisation du quotidien professionnel et univers discursifs non institutionnels des professeurs des \u00e9coles<\/a><\/p>\n<ul>\n<li><strong>\u00c9douard\u00a0Bout\u00e9<\/strong><\/li>\n<\/ul>\n<p><a href=\"https:\/\/journals.openedition.org\/questionsdecommunication\/25524\">La mise en visibilit\u00e9 des forces de l\u2019ordre sur Twitter pendant le mouvement des Gilets jaunes<\/a><\/p>\n<ul>\n<li><strong>Laurent\u00a0Camus<\/strong><\/li>\n<\/ul>\n<p><a href=\"https:\/\/journals.openedition.org\/questionsdecommunication\/25560\">Le technicien invisible de l\u2019\u00e9v\u00e9nement m\u00e9diatique<\/a><\/p>\n<p>&nbsp;<\/p>\n<h3>\u00c9changes<\/h3>\n<ul>\n<li><strong>Wolf\u00a0Feuerhahn<\/strong><\/li>\n<\/ul>\n<p><a href=\"https:\/\/journals.openedition.org\/questionsdecommunication\/25630\">Le chercheur et le discours de ses objets&#160;: bonds et rebonds<\/a><\/p>\n<p>&nbsp;<\/p>\n<h3>Notes de recherche<\/h3>\n<ul>\n<li><strong>Yanita\u00a0Andonova<\/strong><\/li>\n<\/ul>\n<p><a href=\"https:\/\/journals.openedition.org\/questionsdecommunication\/25660\">\u00c9mergence et repr\u00e9sentations de la cr\u00e9ativit\u00e9 dans la pens\u00e9e manag\u00e9riale am\u00e9ricaine<\/a><\/p>\n<p>Le cas de la\u00a0<em>Harvard Business Review<\/em><\/p>\n<ul>\n<li><strong>Cl\u00e9ment\u00a0Combes\u00a0et Herv\u00e9\u00a0Glevarec<\/strong><\/li>\n<\/ul>\n<p><a href=\"https:\/\/journals.openedition.org\/questionsdecommunication\/25715\">Go\u00fbts et dispositifs de visionnage des s\u00e9ries<\/a><\/p>\n<ul>\n<li><strong>C\u00e9cile\u00a0Loriato<\/strong><\/li>\n<\/ul>\n<p><a href=\"https:\/\/journals.openedition.org\/questionsdecommunication\/25744\">Participer \u00e0 un collectif d\u2019usagers en ligne&#160;: faire \u00ab&#160;communaut\u00e9&#160;\u00bb&#160;?<\/a><\/p>\n<p>Le cas d\u2019une ar\u00e8ne num\u00e9rique de discussion sur la pr\u00e9vention du VIH<\/p>\n<ul>\n<li><strong>Fiona\u00a0Rossette-Crake<\/strong><\/li>\n<\/ul>\n<p><a href=\"https:\/\/journals.openedition.org\/questionsdecommunication\/25792\">La \u00ab&#160;<em>New Oratory<\/em>&#160;\u00bb&#160;: les nouveaux genres de prise de parole \u00ab&#160;en public&#160;\u00bb \u00e0 l\u2019\u00e8re digitale<\/a><\/p>\n<p>&nbsp;<\/p>\n<h3>En VO<\/h3>\n<ul>\n<li><strong>Angeliki\u00a0Monnier<\/strong><\/li>\n<\/ul>\n<p><a href=\"https:\/\/journals.openedition.org\/questionsdecommunication\/25849\">Pr\u00e9sentation<\/a><\/p>\n<ul>\n<li><strong>Jessica\u00a0Retis<\/strong><\/li>\n<\/ul>\n<p><a href=\"https:\/\/journals.openedition.org\/questionsdecommunication\/25854\">Understanding Latin American diasporic transnationalism and the media in the post-digital era&#160;: The interstices of invisibility<\/a><\/p>\n<p>&nbsp;<\/p>\n<h3>Focus<\/h3>\n<ul>\n<li><strong>Viviane\u00a0Couzinet<\/strong><\/li>\n<\/ul>\n<p><a href=\"https:\/\/journals.openedition.org\/questionsdecommunication\/25907\">Sur le\u00a0<em>Trait\u00e9 de documentation. Le livre sur le livre.\u00a0th\u00e9orie et pratique<\/em>\u00a0de Paul Otlet<\/a>[<\/p>\n<p><em>On\u00a0<\/em>Trait\u00e9 de documentation. Le livre sur le livre. Th\u00e9orie et pratique<em>\u00a0by Paul Otlet<\/em><\/p>\n<ul>\n<li><strong>\u00c9ric\u00a0George<\/strong><\/li>\n<\/ul>\n<p><a href=\"https:\/\/journals.openedition.org\/questionsdecommunication\/25972\">Sur\u00a0<em>En attendant les robots. Enqu\u00eate sur le travail du clic<\/em>\u00a0d&rsquo;Antonio Casilli<\/a><\/p>\n<p>&nbsp;<\/p>\n<h3>Notes de lecture<\/h3>\n<h4>Culture, esth\u00e9tique<\/h4>\n<ul>\n<li><strong>Christophe\u00a0Cosker<\/strong><\/li>\n<\/ul>\n<p><a href=\"https:\/\/journals.openedition.org\/questionsdecommunication\/25992\">C\u00e9cile\u00a0de Bary\u00a0(dir.),\u00a0<em>Les Ateliers d\u2019\u00e9criture et l\u2019Oulipo<\/em><\/a><\/p>\n<p>Paris, Hermann, 2020, 258\u00a0pages<\/p>\n<ul>\n<li><strong>Lilia\u00a0Boumendjel<\/strong><\/li>\n<\/ul>\n<p><a href=\"https:\/\/journals.openedition.org\/questionsdecommunication\/25997\">Julia\u00a0Bonaccorsi,\u00a0<em>Fantasmagories de l\u2019\u00e9cran. Nouvelles sc\u00e8nes de lecture, 1980-2012<\/em><\/a><\/p>\n<p>Villeneuve-d\u2019Ascq, Presses universitaires du Septentrion, coll.\u00a0Information-Communication, 2020, 204\u00a0pages<\/p>\n<ul>\n<li><strong>Jean-Fran\u00e7ois\u00a0Cl\u00e9ment<\/strong><\/li>\n<\/ul>\n<p><a href=\"https:\/\/journals.openedition.org\/questionsdecommunication\/26004\">Laurence\u00a0Brogniez, Cl\u00e9ment\u00a0Dessy\u00a0et Clara\u00a0Sadoun-\u00c9douard\u00a0(\u00e9ds),\u00a0<em>L\u2019Artiste en revues. Arts et discours en mode p\u00e9riodique<\/em><\/a><\/p>\n<p>Rennes, Presses universitaires de Rennes, coll.\u00a0Interf\u00e9rences, 2019, 498\u00a0pages<\/p>\n<ul>\n<li><strong>Constance\u00a0Parra<\/strong><\/li>\n<\/ul>\n<p><a href=\"https:\/\/journals.openedition.org\/questionsdecommunication\/26009\">Anne\u00a0Castaing, Fanny\u00a0Lignon,\u00a0<em>Travestissements. Performances culturelles du genre<\/em><\/a><\/p>\n<p>Aix-en-Provence, Presses universitaires de Provence, 2020, 184\u00a0pages<\/p>\n<ul>\n<li><strong>Adina\u00a0Balint<\/strong><\/li>\n<\/ul>\n<p><a href=\"https:\/\/journals.openedition.org\/questionsdecommunication\/26019\">Silvia\u00a0Contarini,\u00a0Claire\u00a0Joubert\u00a0et Jean-Marc\u00a0Moura\u00a0(dirs),\u00a0<em>Penser la diff\u00e9rence culturelle du colonial au mondial. Une anthologie transculturelle<\/em><\/a><\/p>\n<p>Paris, \u00c9d. Mim\u00e9sis, 2019, 473\u00a0pages<\/p>\n<ul>\n<li><strong>Michel\u00a0Cad\u00e9<\/strong><\/li>\n<\/ul>\n<p><a href=\"https:\/\/journals.openedition.org\/questionsdecommunication\/26025\">Jean-Pierre\u00a0Esquenazi,\u00a0<em>Le Dictateur de Charlie Chaplin<\/em><\/a><\/p>\n<p>Lyon, Presses universitaires de Lyon,\u00a0coll. Le vif du sujet, 2020, 159\u00a0pages<\/p>\n<ul>\n<li><strong>Fr\u00e9d\u00e9rique\u00a0Brisset<\/strong><\/li>\n<\/ul>\n<p><a href=\"https:\/\/journals.openedition.org\/questionsdecommunication\/26027\">St\u00e9phan\u00a0Etcharry\u00a0et J\u00e9r\u00f4me\u00a0Rossi\u00a0(dirs),\u00a0<em>Du concert \u00e0 l\u2019\u00e9cran. La musique classique au cin\u00e9ma<\/em><\/a><\/p>\n<p>Rennes, Presses universitaires de Rennes, coll. PUR-Cin\u00e9ma, 2019, 462\u00a0pages<\/p>\n<ul>\n<li><strong>Axel\u00a0Gryspeerdt<\/strong><\/li>\n<\/ul>\n<p><a href=\"https:\/\/journals.openedition.org\/questionsdecommunication\/26029\">Daniel\u00a0Jacobi,\u00a0<em>Des expositions pour les touristes&#160;? Quand le mus\u00e9e devient une attraction<\/em><\/a><\/p>\n<p>Paris, MkF \u00e9ditions, coll. Les Essais m\u00e9diatiques, 2020, 177\u00a0pages<\/p>\n<ul>\n<li><strong>Katherine\u00a0Rondou<\/strong><\/li>\n<\/ul>\n<p><a href=\"https:\/\/journals.openedition.org\/questionsdecommunication\/26034\">Thierry\u00a0Poyet,\u00a0<em>Flaubert<\/em><\/a><\/p>\n<p>Paris, \u00c9d. Ellipses, 2020, 463\u00a0pages<\/p>\n<ul>\n<li><strong>V\u00e9ronique\u00a0Magaud<\/strong><\/li>\n<\/ul>\n<p><a href=\"https:\/\/journals.openedition.org\/questionsdecommunication\/26037\">Thomas\u00a0Pughe, Karin\u00a0Fischer, Claire\u00a0Decobert\u00a0&amp; Mathieu\u00a0Bonzom\u00a0(dirs),\u00a0<em>Recherche et transmission des cultures \u00e9trang\u00e8res. Quelle utilit\u00e9 dans l\u2019universit\u00e9 d\u2019aujourd\u2019hui<\/em>&#160;?<\/a><\/p>\n<p>Rennes, Presses universitaires de Rennes, coll. Hors s\u00e9rie, 2020, 298\u00a0pages<\/p>\n<ul>\n<li><strong>Paul\u00a0Bernard-Nouraud<\/strong><\/li>\n<\/ul>\n<p><a href=\"https:\/\/journals.openedition.org\/questionsdecommunication\/26039\">Steffen\u00a0Siegel,\u00a0<em>1839. Daguerre, Talbot et la publication de la photographie. Une anthologie<\/em><\/a><\/p>\n<p>Paris, \u00c9d.\u00a0Macula, 2020, 656\u00a0pages<\/p>\n<ul>\n<li><strong>Michel\u00a0Niqueux<\/strong><\/li>\n<\/ul>\n<p><a href=\"https:\/\/journals.openedition.org\/questionsdecommunication\/26510\">Alexandre\u00a0Stroev\u00a0(dir.),\u00a0<em>Les Intellectuels russes \u00e0 la conqu\u00eate de l\u2019opinion publique fran\u00e7aise. Une histoire alternative de la litt\u00e9rature russe en France de Cantemir \u00e0 Gorki<\/em><\/a><\/p>\n<p>Paris, Presses de la Sorbonne Nouvelle, 2019, 368\u00a0pages<\/p>\n<h4>Histoire, soci\u00e9t\u00e9s<\/h4>\n<ul>\n<li><strong>Erik\u00a0Neveu<\/strong><\/li>\n<\/ul>\n<p><a href=\"https:\/\/journals.openedition.org\/questionsdecommunication\/26045\">Cam\u00e9lia\u00a0Beciu, Malina\u00a0Ciocea, Irinia Diana\u00a0Madroane, Alexandru\u00a0Carlan\u00a0(eds),\u00a0<em>Debating Migration as a Public Probem&#160;: National Publics and Transnational Fields<\/em><\/a><\/p>\n<p>Gen\u00e8ve, Peter Lang, 2018, 275\u00a0pages<\/p>\n<ul>\n<li><strong>Odile\u00a0Riondet<\/strong><\/li>\n<\/ul>\n<p><a href=\"https:\/\/journals.openedition.org\/questionsdecommunication\/26049\">Alain\u00a0Bussi\u00e8re<em>, Les Territoires de l\u2019espace public. Enjeux communicationnels pour une pratique d\u00e9mocratique<\/em><\/a><\/p>\n<p>Paris, \u00c9d.\u00a0L\u2019Harmattan, 2019, 308\u00a0pages<\/p>\n<ul>\n<li><strong>Jean-Fran\u00e7ois\u00a0T\u00e9tu<\/strong><\/li>\n<\/ul>\n<p><a href=\"https:\/\/journals.openedition.org\/questionsdecommunication\/26055\">Jacques\u00a0Cantier,\u00a0<em>Lire sous l\u2019Occupation<\/em><\/a><\/p>\n<p>Paris, CNRS \u00c9d, 2019, 381\u00a0pages<\/p>\n<ul>\n<li><strong>Clara\u00a0L\u00e9vy<\/strong><\/li>\n<\/ul>\n<p><a href=\"https:\/\/journals.openedition.org\/questionsdecommunication\/26059\">Baptiste\u00a0Coulmont\u00a0et Pierre\u00a0Merckl\u00e9,\u00a0<em>Pourquoi les top-mod\u00e8les ne sourient pas. Chroniques sociologiques<\/em><\/a><\/p>\n<p>Paris, Presses des Mines, coll.\u00a0Sciences Sociales, 2020, 183\u00a0pages<\/p>\n<ul>\n<li><strong>Christian\u00a0Pradi\u00e9<\/strong><\/li>\n<\/ul>\n<p><a href=\"https:\/\/journals.openedition.org\/questionsdecommunication\/26517\">Philippe\u00a0Darriulat,\u00a0<em>Un enfant du si\u00e8cle. Albert Laponneraye, r\u00e9volutionnaire, historien et journaliste<\/em><\/a><\/p>\n<p>Rennes, Presses universitaires de Rennes, 2019, 276\u00a0pages<\/p>\n<ul>\n<li><strong>Dominique\u00a0Ranaivoson<\/strong><\/li>\n<\/ul>\n<p><a href=\"https:\/\/journals.openedition.org\/questionsdecommunication\/26064\">Hanane\u00a0El Bachir, Pascal\u00a0Laborderie\u00a0(dirs),\u00a0<em>Images et r\u00e9ceptions crois\u00e9es entre l\u2019Alg\u00e9rie et la France<\/em><\/a><\/p>\n<p>Qu\u00e9bec, \u00c9d. Science et bien commun, 2020, 192\u00a0pages<\/p>\n<ul>\n<li><strong>Dominique\u00a0Ranaivoson<\/strong><\/li>\n<\/ul>\n<p><a href=\"https:\/\/journals.openedition.org\/questionsdecommunication\/26067\">Michel\u00a0Fabr\u00e9guet, Dani\u00e8le\u00a0Henky,<em>\u00a0Les \u00ab&#160;H\u00e9ros du retrait&#160;\u00bb dans les m\u00e9moires et les repr\u00e9sentations de l\u2019Europe contemporaine. Histoire et fictions<\/em><\/a><\/p>\n<p>Paris, \u00c9d. L\u2019Harmattan, 2020, 241\u00a0pages<\/p>\n<ul>\n<li><strong>Gilles\u00a0Ferragu<\/strong><\/li>\n<\/ul>\n<p><a href=\"https:\/\/journals.openedition.org\/questionsdecommunication\/26072\">Florence\u00a0Faucher, G\u00e9r\u00f4me\u00a0Truc\u00a0(dirs),\u00a0<em>Face aux attentats<\/em><\/a><\/p>\n<p>Paris, Presses universitaires de France, coll.\u00a0La vie des id\u00e9es, 2020, 108\u00a0pages<\/p>\n<ul>\n<li><strong>Alexandre\u00a0Eyries<\/strong><\/li>\n<\/ul>\n<p><a href=\"https:\/\/journals.openedition.org\/questionsdecommunication\/26082\">B\u00e9atrice\u00a0Fleury, Jacques\u00a0Walter\u00a0(dirs),\u00a0<em>Violences et radicalit\u00e9s militantes dans l\u2019espace public en France, des ann\u00e9es\u00a01980 \u00e0 nos jours<\/em><\/a><\/p>\n<p>Paris, \u00c9d.\u00a0Riveneuve, coll.\u00a0Violences et radicalit\u00e9s militantes, 2020, 566\u00a0pages<\/p>\n<ul>\n<li><strong>Jean-Pierre\u00a0Husson<\/strong><\/li>\n<\/ul>\n<p><a href=\"https:\/\/journals.openedition.org\/questionsdecommunication\/26087\">Bertrand\u00a0Foll\u00e9a,\u00a0<em>L\u2019Archipel des m\u00e9tamorphoses. La transition par le paysage<\/em><\/a><\/p>\n<p>Marseille, \u00c9d.\u00a0Parenth\u00e8ses, coll.\u00a0La N\u00e9cessit\u00e9 du paysage, 2019, 123\u00a0pages.<\/p>\n<ul>\n<li><strong>Pascal\u00a0Laborderie<\/strong><\/li>\n<\/ul>\n<p><a href=\"https:\/\/journals.openedition.org\/questionsdecommunication\/26089\">Francis\u00a0Lebon,\u00a0<em>Entre travail \u00e9ducatif et citoyennet\u00e9&#160;: l\u2019animation et l\u2019\u00e9ducation populaire<\/em><\/a><\/p>\n<p>Paris, Champ social \u00c9d., coll. Questions de soci\u00e9t\u00e9, 2020, 189\u00a0pages<\/p>\n<ul>\n<li><strong>Camille\u00a0Jutant<\/strong><\/li>\n<\/ul>\n<p><a href=\"https:\/\/journals.openedition.org\/questionsdecommunication\/26094\">Jo\u00eblle\u00a0Le Marec, Ewa\u00a0Maczek\u00a0(dirs),\u00a0<em>Mus\u00e9es et Recherche. Le souci du public<\/em><\/a>\u00a0[<\/p>\n<p>Dijon, Office de coop\u00e9ration et d\u2019information mus\u00e9ales, coll.\u00a0Les dossiers de l\u2019Ocim, 2020, 193\u00a0pages.<\/p>\n<ul>\n<li><strong>Hugo\u00a0Mazzero<\/strong><\/li>\n<\/ul>\n<p><a href=\"https:\/\/journals.openedition.org\/questionsdecommunication\/26102\">Baptiste\u00a0Morizot,\u00a0<em>Raviver les braises du vivant. Un front commun<\/em><\/a><\/p>\n<p>Sud\/Wildproject, 2020, 208\u00a0pages<\/p>\n<ul>\n<li><strong>Alexandre\u00a0Eyries<\/strong><\/li>\n<\/ul>\n<p><a href=\"https:\/\/journals.openedition.org\/questionsdecommunication\/26110\">Claire\u00a0S\u00e9cail,\u00a0<em>Les Meetings \u00e9lectoraux. Sc\u00e8nes et coulisses de la campagne pr\u00e9sidentielle de 2017<\/em><\/a><\/p>\n<p>Villeneuve-d&rsquo;Ascq, Presses universitaires du Septentrion, coll.\u00a0Espaces Politiques, 2020, 406\u00a0pages<\/p>\n<ul>\n<li><strong>Pierre-Louis\u00a0Buzzi<\/strong><\/li>\n<\/ul>\n<p><a href=\"https:\/\/journals.openedition.org\/questionsdecommunication\/26114\">Freddy\u00a0Vinet,\u00a0<em>La Grande Grippe. 1918. La pire \u00e9pid\u00e9mie du si\u00e8cle<\/em><\/a><\/p>\n<p>Paris, \u00c9d. Vend\u00e9miaire, 2018, 259\u00a0pages<\/p>\n<h4>Langue, discours<\/h4>\n<ul>\n<li><strong>Alain\u00a0Mille<\/strong><\/li>\n<\/ul>\n<p><a href=\"https:\/\/journals.openedition.org\/questionsdecommunication\/26124\">Martine\u00a0Bocquet<em>, Sur les traces du signe avec John Deely, une histoire de la s\u00e9miotique<\/em><\/a><\/p>\n<p>Limoges, Lambert-Lucas, 2019, 200\u00a0pages<\/p>\n<ul>\n<li><strong>Alexandra\u00a0Cuni\u0163\u0103<\/strong><\/li>\n<\/ul>\n<p><a href=\"https:\/\/journals.openedition.org\/questionsdecommunication\/26125\">Fr\u00e9d\u00e9rique\u00a0Brisset, Audrey\u00a0Coussy, Ronald\u00a0Jenn, Julie\u00a0Loison-Charles\u00a0(dirs),\u00a0<em>Du jeu dans la langue. Traduire le jeu de mots<\/em><\/a><\/p>\n<p>, Presses universitaires du Septentrion, coll. Traductologie, 2019, 321\u00a0pages<\/p>\n<ul>\n<li><strong>Robin\u00a0Birg\u00e9<\/strong><\/li>\n<\/ul>\n<p><a href=\"https:\/\/journals.openedition.org\/questionsdecommunication\/26129\">Patrick\u00a0Charaudeau,\u00a0<em>La Manipulation de la v\u00e9rit\u00e9. Du triomphe de la n\u00e9gation aux brouillages de la post-v\u00e9rit\u00e9<\/em><\/a><\/p>\n<p>Limoges, Lambert-Lucas, 2020, 176\u00a0pages<\/p>\n<ul>\n<li><strong>Emilia\u00a0Hilgert<\/strong><\/li>\n<\/ul>\n<p><a href=\"https:\/\/journals.openedition.org\/questionsdecommunication\/26132\">Michelle\u00a0Lecolle,\u00a0<em>Les Noms collectifs humains en fran\u00e7ais. Enjeux s\u00e9mantiques, lexicaux et discursifs<\/em><\/a><\/p>\n<p>Limoges, Lambert-Lucas, coll. La Lexicoth\u00e8que, 2019, 312\u00a0pages<\/p>\n<ul>\n<li><strong>Yannick\u00a0Hamon<\/strong><\/li>\n<\/ul>\n<p><a href=\"https:\/\/journals.openedition.org\/questionsdecommunication\/26139\">Paola\u00a0Paissa, Roselyne\u00a0Koren\u00a0(dirs),\u00a0<em>Du singulier au collectif<\/em>&#160;:<em>\u00a0construction(s) discursive(s) de l\u2019identit\u00e9 collective dans les d\u00e9bats publics<\/em><\/a><\/p>\n<p>Limoges, Lambert-Lucas, coll. \u00c9tudes linguistiques et textuelles, 2020, 248 pages.<\/p>\n<ul>\n<li><strong>Doroth\u00e9e\u00a0Catoen-Cooche<\/strong><\/li>\n<\/ul>\n<p><a href=\"https:\/\/journals.openedition.org\/questionsdecommunication\/26145\">Mario\u00a0Sei,\u00a0<em>Raconter pour signifier. R\u00e9cits, construction de soi et \u00e9mancipation<\/em><\/a><\/p>\n<p>Toulouse, Presses universitaires du Midi, coll.\u00a0Interlangues, 2018, 242\u00a0pages<\/p>\n<ul>\n<li><strong>Thomas\u00a0Richard<\/strong><\/li>\n<\/ul>\n<p><a href=\"https:\/\/journals.openedition.org\/questionsdecommunication\/26154\">Fran\u00e7oise\u00a0Sullet-Nylander, Maria\u00a0Bernal, Christophe\u00a0Premin,\u00a0Malin\u00a0Roitman\u00a0(dirs), P<em>olitical Discourses at the Extremes, Expressions of Populism in Romance-Speaking Countries<\/em><\/a><\/p>\n<p>Stockholm, Stockholm University Press, 2019, 348\u00a0pages<\/p>\n<ul>\n<li><strong>Charl\u00e8ne\u00a0Chaupr\u00e9-Berki<\/strong><\/li>\n<\/ul>\n<p><a href=\"https:\/\/journals.openedition.org\/questionsdecommunication\/26155\">Albin\u00a0Wagener, Bruno\u00a0P\u00e9quignot\u00a0(dirs),\u00a0<em>Syst\u00e9mique des interactions, Communication, conversations et relations humaines<\/em><\/a><\/p>\n<p>Paris, \u00c9d. L\u2019Harmattan, coll. Questions contemporaines, 2019, 307\u00a0pages<\/p>\n<h4>M\u00e9dias, technologies, information<\/h4>\n<ul>\n<li><strong>Ad\u00e8le\u00a0Simon<\/strong><\/li>\n<\/ul>\n<p><a href=\"https:\/\/journals.openedition.org\/questionsdecommunication\/26159\">Ma\u00eblle\u00a0Bazin, Fr\u00e9d\u00e9ric\u00a0Lambert, Giuseppina\u00a0Sapio\u00a0(dirs),\u00a0<em>Stigmatiser. Discours m\u00e9diatiques et normes sociales<\/em><\/a><\/p>\n<p>Lormont, \u00c9d. Le Bord de l\u2019eau, 2020, 311\u00a0pages<\/p>\n<ul>\n<li><strong>Rosarita\u00a0Cuccoli<\/strong><\/li>\n<\/ul>\n<p><a href=\"https:\/\/journals.openedition.org\/questionsdecommunication\/26167\">Beno\u00eet\u00a0Caritey\u00a0(dir.),\u00a0<em>La Fabrique de l\u2019information sportive.\u00a0<\/em>L\u2019Auto<em>\u00a0(1900-1944)<\/em><\/a><\/p>\n<p>Reims, Presses universitaires de Reims, coll. Sport, acteurs et repr\u00e9sentations, 2020, 448\u00a0pages<\/p>\n<ul>\n<li><strong>Esteban\u00a0Giner<\/strong><\/li>\n<\/ul>\n<p><a href=\"https:\/\/journals.openedition.org\/questionsdecommunication\/26172\">Shira\u00a0Chess,\u00a0<em>Play like a feminist<\/em><\/a><\/p>\n<p>Cambridge, The MIT Press, Playful Thinking, 2020, 165\u00a0pages<\/p>\n<ul>\n<li><strong>Didier\u00a0Courbet<\/strong><\/li>\n<\/ul>\n<p><a href=\"https:\/\/journals.openedition.org\/questionsdecommunication\/26179\">David\u00a0Galli\u00a0et Franck\u00a0Renucci\u00a0(dirs)<em>, Pharmaphone&#160;: La voix des adolescents<\/em><\/a><\/p>\n<p>Louvain-la-Neuve, De Boeck Sup\u00e9rieur, coll. Culture &amp; Communication, 2020, 160\u00a0pages<\/p>\n<ul>\n<li><strong>Caroline\u00a0Duchesne<\/strong><\/li>\n<\/ul>\n<p><a href=\"https:\/\/journals.openedition.org\/questionsdecommunication\/26180\">Fran\u00e7ois\u00a0Hourmant, Mireille\u00a0Lalancette\u00a0et Pierre\u00a0Leroux\u00a0(dirs),\u00a0<em>Selfies\u00a0&amp; stars. Politique et culture de la c\u00e9l\u00e9brit\u00e9 en France et en Am\u00e9rique du Nord<\/em><\/a><\/p>\n<p>Rennes, Presses universitaires de Rennes, coll.\u00a0Res Publica, 2019, 202\u00a0pages<\/p>\n<ul>\n<li><strong>Bernard\u00a0Idelson<\/strong><\/li>\n<\/ul>\n<p><a href=\"https:\/\/journals.openedition.org\/questionsdecommunication\/26182\">Sophie\u00a0Jehel\u00a0et Alexandra\u00a0Saemmer\u00a0(dirs),\u00a0<em>\u00c9ducation critique aux m\u00e9dias et \u00e0 l\u2019information\u00a0en contexte num\u00e9rique<\/em><\/a><\/p>\n<p>Villeurbanne, Presses de l\u2019Enssib, coll. Papiers, 2020, 316\u00a0pages<\/p>\n<ul>\n<li><strong>Pamphile\u00a0Mebiame-Akono<\/strong><\/li>\n<\/ul>\n<p><a href=\"https:\/\/journals.openedition.org\/questionsdecommunication\/26189\">Fran\u00e7ois\u00a0Jost,\u00a0<em>M\u00e9dias&#160;: sortir de la haine&#160;?<\/em><\/a><\/p>\n<p>Paris, \u00c9d.\u00a0du CNRS, 2020, 224\u00a0pages<\/p>\n<ul>\n<li><strong>Anne-France de Saint\u00a0Laurent-Kogan<\/strong><\/li>\n<\/ul>\n<p><a href=\"https:\/\/journals.openedition.org\/questionsdecommunication\/26199\">Beno\u00eet\u00a0Lafon\u00a0(dir.),\u00a0<em>M\u00e9dias et m\u00e9diatisation. Analyser les m\u00e9dias imprim\u00e9s, audiovisuels, num\u00e9riques<\/em><\/a><\/p>\n<p>Fontaine, Presses universitaires de Grenoble, coll. Communication en\u00a0+, 2019, 310\u00a0pages<\/p>\n<ul>\n<li><strong>Jean-Fran\u00e7ois\u00a0T\u00e9tu<\/strong><\/li>\n<\/ul>\n<p><a href=\"https:\/\/journals.openedition.org\/questionsdecommunication\/26207\">Bernard\u00a0Mi\u00e8ge,\u00a0<em>La Num\u00e9risation en cours de la soci\u00e9t\u00e9. Points de rep\u00e8res et enjeux<\/em><\/a><\/p>\n<p>Grenoble, Presses universitaires de Grenoble, 2000, 149\u00a0pages<\/p>\n<ul>\n<li><strong>Fran\u00e7ois\u00a0Provenzano<\/strong><\/li>\n<\/ul>\n<p><a href=\"https:\/\/journals.openedition.org\/questionsdecommunication\/26210\">Eleni\u00a0Mouratidou,\u00a0<em>Politiques de re-pr\u00e9sentation de l\u2019industrie de la mode. Discours, dispositive, pouvoir<\/em><\/a><\/p>\n<p>Londres, ISTE \u00c9d., 2020, 206\u00a0pages<\/p>\n<ul>\n<li><strong>\u00c9ric\u00a0Le Ray<\/strong><\/li>\n<\/ul>\n<p><a href=\"https:\/\/journals.openedition.org\/questionsdecommunication\/26217\">Ana\u00efs\u00a0Theviot\u00a0(dir.),\u00a0<em>M\u00e9dias et\u00a0\u00e9lections, les campagnes 2017 primaires, pr\u00e9sidentielles et l\u00e9gislatives fran\u00e7aises<\/em><\/a><\/p>\n<p>Villeneuve-d&rsquo;Ascq, Presses universitaires du Septentrion, coll.\u00a0Espaces politiques, 2019, 254\u00a0pages<\/p>\n<ul>\n<li><strong>Daniel\u00a0Raichvarg<\/strong><\/li>\n<\/ul>\n<p><a href=\"https:\/\/journals.openedition.org\/questionsdecommunication\/26224\">Zeynep\u00a0Tufekci,\u00a0<em>Twitter et les gaz lacrymog\u00e8nes. Forces et fragilit\u00e9s de la contestation connect\u00e9e<\/em><\/a><\/p>\n<p>Trad. de l\u2019anglais (\u00c9tats-Unis) par A.\u00a0Lemoine, Caen, C&amp;F \u00c9d., 2019, 430\u00a0pages<\/p>\n<h4>Th\u00e9ories et m\u00e9thodes<\/h4>\n<ul>\n<li><strong>Sonny\u00a0Perseil<\/strong><\/li>\n<\/ul>\n<p><a href=\"https:\/\/journals.openedition.org\/questionsdecommunication\/26240\">Lorenzo\u00a0Barrault-Stella, Brigitte\u00a0Ga\u00efti, Patrick\u00a0Lehingue\u00a0(dirs),\u00a0<em>La Politique d\u00e9senchant\u00e9e&#160;? Perspectives sociologiques autour des travaux de Daniel Gaxie<\/em><\/a>[<\/p>\n<p>Rennes, Presses universitaires de Rennes, 2019, 374\u00a0pages<\/p>\n<ul>\n<li><strong>C\u00e9cile\u00a0Duchein-Courtine<\/strong><\/li>\n<\/ul>\n<p><a href=\"https:\/\/journals.openedition.org\/questionsdecommunication\/26249\">Patrick Bourgne, Christian Drevet, Xavier Fourt, Marie-H\u00e9l\u00e8ne Gay-Charpin\u00a0(dirs),\u00a0<em>Mat\u00e9rialiser l\u2019Utopie<\/em><\/a><\/p>\n<p>Clermont-Ferrand, Presses universitaires Blaise Pascal, coll. Communication, Cultures &amp; lien social, 2020, 277\u00a0pages<\/p>\n<ul>\n<li><strong>Sonny\u00a0Perseil<\/strong><\/li>\n<\/ul>\n<p><a href=\"https:\/\/journals.openedition.org\/questionsdecommunication\/26259\">Jean-Fran\u00e7ois\u00a0Marcel, Dominique\u00a0Broussal,\u00a0<em>Je pars en th\u00e8se. Conseils \u00e9pistolaires aux doctorants<\/em><\/a><\/p>\n<p>Toulouse, \u00c9d.\u00a0C\u00e9padu\u00e8s, 2020, 258\u00a0pages<\/p>\n<ul>\n<li><strong>Christophe\u00a0Cosker<\/strong><\/li>\n<\/ul>\n<p><a href=\"https:\/\/journals.openedition.org\/questionsdecommunication\/26264\">Philippe\u00a0Martin\u00a0(dir.),\u00a0<em>\u00ab&#160;Varryations&#160;\u00bb. Gens du livre, marronneurs et biblioth\u00e9caires<\/em><\/a>[<\/p>\n<p>Villeurbanne, Presses de l\u2019Enssib, 2020, 240\u00a0pages<\/p>\n<ul>\n<li><strong>Alessia Lo\u00a0Porto-Lef\u00e9bure<\/strong><\/li>\n<\/ul>\n<p><a href=\"https:\/\/journals.openedition.org\/questionsdecommunication\/26269\">Jean-Marc\u00a0Monteil,\u00a0<em>Universit\u00e9 et recherche&#160;: les enjeux de l\u2019autonomie. Les sentiers d\u2019un t\u00e9moin engag\u00e9<\/em><\/a><\/p>\n<p>Grenoble, Presses universitaires de Grenoble, coll.\u00a0Points de vue et d\u00e9bats scientifiques, 2020, 176\u00a0pages<\/p>\n<ul>\n<li><strong>Jean\u00a0Zaganiaris<\/strong><\/li>\n<\/ul>\n<p><a href=\"https:\/\/journals.openedition.org\/questionsdecommunication\/26275\">Laurent\u00a0Perreau,\u00a0<em>Bourdieu et la ph\u00e9nom\u00e9nologie. Th\u00e9orie du sujet social<\/em><\/a><\/p>\n<p>Paris, CNRS \u00c9d., 2019, 293\u00a0pages<\/p>\n<ul>\n<li><strong>Claudia\u00a0Moisei<\/strong><\/li>\n<\/ul>\n<p><a href=\"https:\/\/journals.openedition.org\/questionsdecommunication\/26280\">Anne\u00a0Sauvageot,\u00a0<em>Le Partage de l\u2019\u0153uvre. Essai sur le concept de collaboration artistique<\/em><\/a><\/p>\n<p>Paris, \u00c9d. L\u2019Harmattan, 2020, 198\u00a0pages<\/p>\n<ul>\n<li><strong>Alexandre\u00a0Eyries<\/strong><\/li>\n<\/ul>\n<p><a href=\"https:\/\/journals.openedition.org\/questionsdecommunication\/26284\">Herv\u00e9\u00a0Tiffon,\u00a0<em>Essai sur la naissance du Culturel. La l\u00e9gende des humains<\/em><\/a><\/p>\n<p>Paris, \u00c9d. L\u2019Harmattan, coll.\u00a0Des Hauts et D\u00e9bats, 2020, 298\u00a0pages<\/p>\n<p>&nbsp;<\/p>\n<\/p><\/div>\n<div class=\"zn-singledetail-keywords\">\n<h3 class=\"zn-singledetail-section-title\">Mots-cl\u00e9s<\/h3>\n<ul class=\"termslist termslist-post_tag\">\n<li class=\"termslist-item termslist-title\"><span class=\"termslist-titletxt\">Mots-cl\u00e9s<\/span><span class=\"doubledot\"><\/span><\/li>\n<li class=\"termslist-item tax-post_tag term-organisation\"><a class=\"termslist-itemlink\" href=\"https:\/\/www.sfsic.org\/tag\/organisation\/\" title=\"Organisation\"><span class=\"termslist-itemname\">Organisation<\/span><\/a><\/li>\n<li class=\"termslist-item tax-post_tag term-reconnaissance\"><a class=\"termslist-itemlink\" href=\"https:\/\/www.sfsic.org\/tag\/reconnaissance\/\" title=\"Reconnaissance\"><span class=\"termslist-itemname\">Reconnaissance<\/span><\/a><\/li>\n<li class=\"termslist-item tax-post_tag term-travail\"><a class=\"termslist-itemlink\" href=\"https:\/\/www.sfsic.org\/tag\/travail\/\" title=\"Travail\"><span class=\"termslist-itemname\">Travail<\/span><\/a><\/li>\n<li class=\"termslist-item tax-post_tag term-visibilite\"><a class=\"termslist-itemlink\" href=\"https:\/\/www.sfsic.org\/tag\/visibilite\/\" title=\"Visibilit\u00e9\"><span class=\"termslist-itemname\">Visibilit\u00e9<\/span><\/a><\/li>\n<\/ul><\/div>\n<\/p><\/div>\n<\/p><\/div>\n<\/p><\/div>\n<\/p><\/div>\n<\/div>\n<p><!-- \/fxzn:singledetail --><\/p>\n","protected":false},"excerpt":{"rendered":"<p>Mis en ligne le 16 d\u00e9cembre 2021 Th\u00e9matiques Communication et organisations Images, cin\u00e9ma, m\u00e9dias audiovisuels et industries culturelles Type de publication Num\u00e9ro de revue Nom de la publication Questions de [&hellip;]<\/p>\n","protected":false},"author":1171,"featured_media":0,"comment_status":"closed","ping_status":"closed","sticky":false,"template":"","format":"standard","meta":{"_acf_changed":false,"footnotes":""},"categories":[70,31],"tags":[74,429,109,677],"thematique":[37,35],"sfsic":[],"class_list":["post-22060","post","type-post","status-publish","format-standard","hentry","category-numero-revue","category-publication","tag-organisation","tag-reconnaissance","tag-travail","tag-visibilite","thematique-communication-organisations","thematique-images-cinema-medias-audiovisuels-et-industries-culturelles","wp-sticky"],"acf":[],"yoast_head":"<!-- This site is optimized with the Yoast SEO plugin v27.4 - https:\/\/yoast.com\/product\/yoast-seo-wordpress\/ -->\n<title>Mise en (in)visibilit\u00e9 des groupes professionnels<\/title>\n<meta name=\"description\" content=\"Le dossier du num\u00e9ro 39 de &quot;Questions de communication&quot; est consacr\u00e9 \u00e0 la &quot;Mise en (in)visibilit\u00e9 des groupes professionnels&quot; sous la direction de Pierre-Yves Connan, Guillaume Le Saulnier et Beno\u00eet Verdier.\" \/>\n<meta name=\"robots\" content=\"index, follow, max-snippet:-1, max-image-preview:large, max-video-preview:-1\" \/>\n<link rel=\"canonical\" href=\"https:\/\/www.sfsic.org\/en\/publication\/mise-en-invisibilite-des-groupes-professionnels\/\" \/>\n<meta property=\"og:locale\" content=\"en_US\" \/>\n<meta property=\"og:type\" content=\"article\" \/>\n<meta property=\"og:title\" content=\"Mise en (in)visibilit\u00e9 des groupes professionnels\" \/>\n<meta property=\"og:description\" content=\"Le dossier du num\u00e9ro 39 de &quot;Questions de communication&quot; est consacr\u00e9 \u00e0 la &quot;Mise en (in)visibilit\u00e9 des groupes professionnels&quot; sous la direction de Pierre-Yves Connan, Guillaume Le Saulnier et Beno\u00eet Verdier.\" \/>\n<meta property=\"og:url\" content=\"https:\/\/www.sfsic.org\/en\/publication\/mise-en-invisibilite-des-groupes-professionnels\/\" \/>\n<meta property=\"og:site_name\" content=\"SFSIC\" \/>\n<meta property=\"article:published_time\" content=\"2021-12-16T20:05:28+00:00\" \/>\n<meta property=\"article:modified_time\" content=\"2021-12-16T20:06:12+00:00\" \/>\n<meta property=\"og:image\" content=\"https:\/\/www.sfsic.org\/wp-inside\/uploads\/2021\/12\/img_6679-196x300.jpg\" \/>\n<meta name=\"author\" content=\"Aboubacar Camara\" \/>\n<meta name=\"twitter:card\" content=\"summary_large_image\" \/>\n<script type=\"application\/ld+json\" class=\"yoast-schema-graph\">{\"@context\":\"https:\\\/\\\/schema.org\",\"@graph\":[{\"@type\":\"Article\",\"@id\":\"https:\\\/\\\/www.sfsic.org\\\/en\\\/publication\\\/mise-en-invisibilite-des-groupes-professionnels\\\/#article\",\"isPartOf\":{\"@id\":\"https:\\\/\\\/www.sfsic.org\\\/en\\\/publication\\\/mise-en-invisibilite-des-groupes-professionnels\\\/\"},\"author\":{\"name\":\"Aboubacar Camara\",\"@id\":\"https:\\\/\\\/www.sfsic.org\\\/en\\\/#\\\/schema\\\/person\\\/375f02dfefa3d9546d5ffeeef01352b8\"},\"headline\":\"Mise en (in)visibilit\u00e9 des groupes professionnels\",\"datePublished\":\"2021-12-16T20:05:28+00:00\",\"dateModified\":\"2021-12-16T20:06:12+00:00\",\"mainEntityOfPage\":{\"@id\":\"https:\\\/\\\/www.sfsic.org\\\/en\\\/publication\\\/mise-en-invisibilite-des-groupes-professionnels\\\/\"},\"wordCount\":2087,\"publisher\":{\"@id\":\"https:\\\/\\\/www.sfsic.org\\\/en\\\/#organization\"},\"image\":{\"@id\":\"https:\\\/\\\/www.sfsic.org\\\/en\\\/publication\\\/mise-en-invisibilite-des-groupes-professionnels\\\/#primaryimage\"},\"thumbnailUrl\":\"https:\\\/\\\/www.sfsic.org\\\/wp-inside\\\/uploads\\\/2021\\\/12\\\/img_6679-196x300.jpg\",\"keywords\":[\"Organisation\",\"Reconnaissance\",\"Travail\",\"Visibilit\u00e9\"],\"articleSection\":[\"Num\u00e9ro de revue\",\"Publications\"],\"inLanguage\":\"en-US\"},{\"@type\":\"WebPage\",\"@id\":\"https:\\\/\\\/www.sfsic.org\\\/en\\\/publication\\\/mise-en-invisibilite-des-groupes-professionnels\\\/\",\"url\":\"https:\\\/\\\/www.sfsic.org\\\/en\\\/publication\\\/mise-en-invisibilite-des-groupes-professionnels\\\/\",\"name\":\"Mise en (in)visibilit\u00e9 des groupes professionnels\",\"isPartOf\":{\"@id\":\"https:\\\/\\\/www.sfsic.org\\\/en\\\/#website\"},\"primaryImageOfPage\":{\"@id\":\"https:\\\/\\\/www.sfsic.org\\\/en\\\/publication\\\/mise-en-invisibilite-des-groupes-professionnels\\\/#primaryimage\"},\"image\":{\"@id\":\"https:\\\/\\\/www.sfsic.org\\\/en\\\/publication\\\/mise-en-invisibilite-des-groupes-professionnels\\\/#primaryimage\"},\"thumbnailUrl\":\"https:\\\/\\\/www.sfsic.org\\\/wp-inside\\\/uploads\\\/2021\\\/12\\\/img_6679-196x300.jpg\",\"datePublished\":\"2021-12-16T20:05:28+00:00\",\"dateModified\":\"2021-12-16T20:06:12+00:00\",\"description\":\"Le dossier du num\u00e9ro 39 de \\\"Questions de communication\\\" est consacr\u00e9 \u00e0 la \\\"Mise en (in)visibilit\u00e9 des groupes professionnels\\\" sous la direction de Pierre-Yves Connan, Guillaume Le Saulnier et Beno\u00eet Verdier.\",\"breadcrumb\":{\"@id\":\"https:\\\/\\\/www.sfsic.org\\\/en\\\/publication\\\/mise-en-invisibilite-des-groupes-professionnels\\\/#breadcrumb\"},\"inLanguage\":\"en-US\",\"potentialAction\":[{\"@type\":\"ReadAction\",\"target\":[\"https:\\\/\\\/www.sfsic.org\\\/en\\\/publication\\\/mise-en-invisibilite-des-groupes-professionnels\\\/\"]}]},{\"@type\":\"ImageObject\",\"inLanguage\":\"en-US\",\"@id\":\"https:\\\/\\\/www.sfsic.org\\\/en\\\/publication\\\/mise-en-invisibilite-des-groupes-professionnels\\\/#primaryimage\",\"url\":\"https:\\\/\\\/www.sfsic.org\\\/wp-inside\\\/uploads\\\/2021\\\/12\\\/img_6679-196x300.jpg\",\"contentUrl\":\"https:\\\/\\\/www.sfsic.org\\\/wp-inside\\\/uploads\\\/2021\\\/12\\\/img_6679-196x300.jpg\"},{\"@type\":\"BreadcrumbList\",\"@id\":\"https:\\\/\\\/www.sfsic.org\\\/en\\\/publication\\\/mise-en-invisibilite-des-groupes-professionnels\\\/#breadcrumb\",\"itemListElement\":[{\"@type\":\"ListItem\",\"position\":1,\"name\":\"Accueil\",\"item\":\"https:\\\/\\\/www.sfsic.org\\\/en\\\/\"},{\"@type\":\"ListItem\",\"position\":2,\"name\":\"Publications\",\"item\":\"https:\\\/\\\/www.sfsic.org\\\/en\\\/publication-en\\\/\"},{\"@type\":\"ListItem\",\"position\":3,\"name\":\"Journal issue\",\"item\":\"https:\\\/\\\/www.sfsic.org\\\/en\\\/publication-en\\\/journal-issue\\\/\"},{\"@type\":\"ListItem\",\"position\":4,\"name\":\"Mise en (in)visibilit\u00e9 des groupes professionnels\"}]},{\"@type\":\"WebSite\",\"@id\":\"https:\\\/\\\/www.sfsic.org\\\/en\\\/#website\",\"url\":\"https:\\\/\\\/www.sfsic.org\\\/en\\\/\",\"name\":\"SFSIC\",\"description\":\"Soci\u00e9t\u00e9 Fran\u00e7aise des Sciences de l&#039;Information &amp; de la Communication\",\"publisher\":{\"@id\":\"https:\\\/\\\/www.sfsic.org\\\/en\\\/#organization\"},\"potentialAction\":[{\"@type\":\"SearchAction\",\"target\":{\"@type\":\"EntryPoint\",\"urlTemplate\":\"https:\\\/\\\/www.sfsic.org\\\/en\\\/?s={search_term_string}\"},\"query-input\":{\"@type\":\"PropertyValueSpecification\",\"valueRequired\":true,\"valueName\":\"search_term_string\"}}],\"inLanguage\":\"en-US\"},{\"@type\":\"Organization\",\"@id\":\"https:\\\/\\\/www.sfsic.org\\\/en\\\/#organization\",\"name\":\"SFSIC\",\"url\":\"https:\\\/\\\/www.sfsic.org\\\/en\\\/\",\"logo\":{\"@type\":\"ImageObject\",\"inLanguage\":\"en-US\",\"@id\":\"https:\\\/\\\/www.sfsic.org\\\/en\\\/#\\\/schema\\\/logo\\\/image\\\/\",\"url\":\"https:\\\/\\\/www.sfsic.org\\\/wp-inside\\\/uploads\\\/2020\\\/05\\\/logo-sfsic.jpg\",\"contentUrl\":\"https:\\\/\\\/www.sfsic.org\\\/wp-inside\\\/uploads\\\/2020\\\/05\\\/logo-sfsic.jpg\",\"width\":1085,\"height\":1080,\"caption\":\"SFSIC\"},\"image\":{\"@id\":\"https:\\\/\\\/www.sfsic.org\\\/en\\\/#\\\/schema\\\/logo\\\/image\\\/\"}},{\"@type\":\"Person\",\"@id\":\"https:\\\/\\\/www.sfsic.org\\\/en\\\/#\\\/schema\\\/person\\\/375f02dfefa3d9546d5ffeeef01352b8\",\"name\":\"Aboubacar Camara\",\"image\":{\"@type\":\"ImageObject\",\"inLanguage\":\"en-US\",\"@id\":\"https:\\\/\\\/secure.gravatar.com\\\/avatar\\\/9aaeac278c0bb75289c9d4700756b0a5ed858cdd2136009b59a07a8bca730292?s=96&d=mm&r=g\",\"url\":\"https:\\\/\\\/secure.gravatar.com\\\/avatar\\\/9aaeac278c0bb75289c9d4700756b0a5ed858cdd2136009b59a07a8bca730292?s=96&d=mm&r=g\",\"contentUrl\":\"https:\\\/\\\/secure.gravatar.com\\\/avatar\\\/9aaeac278c0bb75289c9d4700756b0a5ed858cdd2136009b59a07a8bca730292?s=96&d=mm&r=g\",\"caption\":\"Aboubacar Camara\"}}]}<\/script>\n<!-- \/ Yoast SEO plugin. -->","yoast_head_json":{"title":"Mise en (in)visibilit\u00e9 des groupes professionnels","description":"Le dossier du num\u00e9ro 39 de \"Questions de communication\" est consacr\u00e9 \u00e0 la \"Mise en (in)visibilit\u00e9 des groupes professionnels\" sous la direction de Pierre-Yves Connan, Guillaume Le Saulnier et Beno\u00eet Verdier.","robots":{"index":"index","follow":"follow","max-snippet":"max-snippet:-1","max-image-preview":"max-image-preview:large","max-video-preview":"max-video-preview:-1"},"canonical":"https:\/\/www.sfsic.org\/en\/publication\/mise-en-invisibilite-des-groupes-professionnels\/","og_locale":"en_US","og_type":"article","og_title":"Mise en (in)visibilit\u00e9 des groupes professionnels","og_description":"Le dossier du num\u00e9ro 39 de \"Questions de communication\" est consacr\u00e9 \u00e0 la \"Mise en (in)visibilit\u00e9 des groupes professionnels\" sous la direction de Pierre-Yves Connan, Guillaume Le Saulnier et Beno\u00eet Verdier.","og_url":"https:\/\/www.sfsic.org\/en\/publication\/mise-en-invisibilite-des-groupes-professionnels\/","og_site_name":"SFSIC","article_published_time":"2021-12-16T20:05:28+00:00","article_modified_time":"2021-12-16T20:06:12+00:00","og_image":[{"url":"https:\/\/www.sfsic.org\/wp-inside\/uploads\/2021\/12\/img_6679-196x300.jpg","type":"","width":"","height":""}],"author":"Aboubacar Camara","twitter_card":"summary_large_image","schema":{"@context":"https:\/\/schema.org","@graph":[{"@type":"Article","@id":"https:\/\/www.sfsic.org\/en\/publication\/mise-en-invisibilite-des-groupes-professionnels\/#article","isPartOf":{"@id":"https:\/\/www.sfsic.org\/en\/publication\/mise-en-invisibilite-des-groupes-professionnels\/"},"author":{"name":"Aboubacar Camara","@id":"https:\/\/www.sfsic.org\/en\/#\/schema\/person\/375f02dfefa3d9546d5ffeeef01352b8"},"headline":"Mise en (in)visibilit\u00e9 des groupes professionnels","datePublished":"2021-12-16T20:05:28+00:00","dateModified":"2021-12-16T20:06:12+00:00","mainEntityOfPage":{"@id":"https:\/\/www.sfsic.org\/en\/publication\/mise-en-invisibilite-des-groupes-professionnels\/"},"wordCount":2087,"publisher":{"@id":"https:\/\/www.sfsic.org\/en\/#organization"},"image":{"@id":"https:\/\/www.sfsic.org\/en\/publication\/mise-en-invisibilite-des-groupes-professionnels\/#primaryimage"},"thumbnailUrl":"https:\/\/www.sfsic.org\/wp-inside\/uploads\/2021\/12\/img_6679-196x300.jpg","keywords":["Organisation","Reconnaissance","Travail","Visibilit\u00e9"],"articleSection":["Num\u00e9ro de revue","Publications"],"inLanguage":"en-US"},{"@type":"WebPage","@id":"https:\/\/www.sfsic.org\/en\/publication\/mise-en-invisibilite-des-groupes-professionnels\/","url":"https:\/\/www.sfsic.org\/en\/publication\/mise-en-invisibilite-des-groupes-professionnels\/","name":"Mise en (in)visibilit\u00e9 des groupes professionnels","isPartOf":{"@id":"https:\/\/www.sfsic.org\/en\/#website"},"primaryImageOfPage":{"@id":"https:\/\/www.sfsic.org\/en\/publication\/mise-en-invisibilite-des-groupes-professionnels\/#primaryimage"},"image":{"@id":"https:\/\/www.sfsic.org\/en\/publication\/mise-en-invisibilite-des-groupes-professionnels\/#primaryimage"},"thumbnailUrl":"https:\/\/www.sfsic.org\/wp-inside\/uploads\/2021\/12\/img_6679-196x300.jpg","datePublished":"2021-12-16T20:05:28+00:00","dateModified":"2021-12-16T20:06:12+00:00","description":"Le dossier du num\u00e9ro 39 de \"Questions de communication\" est consacr\u00e9 \u00e0 la \"Mise en (in)visibilit\u00e9 des groupes professionnels\" sous la direction de Pierre-Yves Connan, Guillaume Le Saulnier et Beno\u00eet Verdier.","breadcrumb":{"@id":"https:\/\/www.sfsic.org\/en\/publication\/mise-en-invisibilite-des-groupes-professionnels\/#breadcrumb"},"inLanguage":"en-US","potentialAction":[{"@type":"ReadAction","target":["https:\/\/www.sfsic.org\/en\/publication\/mise-en-invisibilite-des-groupes-professionnels\/"]}]},{"@type":"ImageObject","inLanguage":"en-US","@id":"https:\/\/www.sfsic.org\/en\/publication\/mise-en-invisibilite-des-groupes-professionnels\/#primaryimage","url":"https:\/\/www.sfsic.org\/wp-inside\/uploads\/2021\/12\/img_6679-196x300.jpg","contentUrl":"https:\/\/www.sfsic.org\/wp-inside\/uploads\/2021\/12\/img_6679-196x300.jpg"},{"@type":"BreadcrumbList","@id":"https:\/\/www.sfsic.org\/en\/publication\/mise-en-invisibilite-des-groupes-professionnels\/#breadcrumb","itemListElement":[{"@type":"ListItem","position":1,"name":"Accueil","item":"https:\/\/www.sfsic.org\/en\/"},{"@type":"ListItem","position":2,"name":"Publications","item":"https:\/\/www.sfsic.org\/en\/publication-en\/"},{"@type":"ListItem","position":3,"name":"Journal issue","item":"https:\/\/www.sfsic.org\/en\/publication-en\/journal-issue\/"},{"@type":"ListItem","position":4,"name":"Mise en (in)visibilit\u00e9 des groupes professionnels"}]},{"@type":"WebSite","@id":"https:\/\/www.sfsic.org\/en\/#website","url":"https:\/\/www.sfsic.org\/en\/","name":"SFSIC","description":"Soci\u00e9t\u00e9 Fran\u00e7aise des Sciences de l&#039;Information &amp; de la Communication","publisher":{"@id":"https:\/\/www.sfsic.org\/en\/#organization"},"potentialAction":[{"@type":"SearchAction","target":{"@type":"EntryPoint","urlTemplate":"https:\/\/www.sfsic.org\/en\/?s={search_term_string}"},"query-input":{"@type":"PropertyValueSpecification","valueRequired":true,"valueName":"search_term_string"}}],"inLanguage":"en-US"},{"@type":"Organization","@id":"https:\/\/www.sfsic.org\/en\/#organization","name":"SFSIC","url":"https:\/\/www.sfsic.org\/en\/","logo":{"@type":"ImageObject","inLanguage":"en-US","@id":"https:\/\/www.sfsic.org\/en\/#\/schema\/logo\/image\/","url":"https:\/\/www.sfsic.org\/wp-inside\/uploads\/2020\/05\/logo-sfsic.jpg","contentUrl":"https:\/\/www.sfsic.org\/wp-inside\/uploads\/2020\/05\/logo-sfsic.jpg","width":1085,"height":1080,"caption":"SFSIC"},"image":{"@id":"https:\/\/www.sfsic.org\/en\/#\/schema\/logo\/image\/"}},{"@type":"Person","@id":"https:\/\/www.sfsic.org\/en\/#\/schema\/person\/375f02dfefa3d9546d5ffeeef01352b8","name":"Aboubacar Camara","image":{"@type":"ImageObject","inLanguage":"en-US","@id":"https:\/\/secure.gravatar.com\/avatar\/9aaeac278c0bb75289c9d4700756b0a5ed858cdd2136009b59a07a8bca730292?s=96&d=mm&r=g","url":"https:\/\/secure.gravatar.com\/avatar\/9aaeac278c0bb75289c9d4700756b0a5ed858cdd2136009b59a07a8bca730292?s=96&d=mm&r=g","contentUrl":"https:\/\/secure.gravatar.com\/avatar\/9aaeac278c0bb75289c9d4700756b0a5ed858cdd2136009b59a07a8bca730292?s=96&d=mm&r=g","caption":"Aboubacar Camara"}}]}},"_links":{"self":[{"href":"https:\/\/www.sfsic.org\/en\/wp-json\/wp\/v2\/posts\/22060","targetHints":{"allow":["GET"]}}],"collection":[{"href":"https:\/\/www.sfsic.org\/en\/wp-json\/wp\/v2\/posts"}],"about":[{"href":"https:\/\/www.sfsic.org\/en\/wp-json\/wp\/v2\/types\/post"}],"author":[{"embeddable":true,"href":"https:\/\/www.sfsic.org\/en\/wp-json\/wp\/v2\/users\/1171"}],"replies":[{"embeddable":true,"href":"https:\/\/www.sfsic.org\/en\/wp-json\/wp\/v2\/comments?post=22060"}],"version-history":[{"count":3,"href":"https:\/\/www.sfsic.org\/en\/wp-json\/wp\/v2\/posts\/22060\/revisions"}],"predecessor-version":[{"id":22081,"href":"https:\/\/www.sfsic.org\/en\/wp-json\/wp\/v2\/posts\/22060\/revisions\/22081"}],"wp:attachment":[{"href":"https:\/\/www.sfsic.org\/en\/wp-json\/wp\/v2\/media?parent=22060"}],"wp:term":[{"taxonomy":"category","embeddable":true,"href":"https:\/\/www.sfsic.org\/en\/wp-json\/wp\/v2\/categories?post=22060"},{"taxonomy":"post_tag","embeddable":true,"href":"https:\/\/www.sfsic.org\/en\/wp-json\/wp\/v2\/tags?post=22060"},{"taxonomy":"thematique","embeddable":true,"href":"https:\/\/www.sfsic.org\/en\/wp-json\/wp\/v2\/thematique?post=22060"},{"taxonomy":"sfsic","embeddable":true,"href":"https:\/\/www.sfsic.org\/en\/wp-json\/wp\/v2\/sfsic?post=22060"}],"curies":[{"name":"wp","href":"https:\/\/api.w.org\/{rel}","templated":true}]}}