{"id":20699,"date":"2021-12-06T13:32:44","date_gmt":"2021-12-06T12:32:44","guid":{"rendered":"https:\/\/www.sfsic.org\/?p=20699"},"modified":"2021-12-04T20:33:05","modified_gmt":"2021-12-04T19:33:05","slug":"entre-arts-et-patrimoines","status":"publish","type":"post","link":"https:\/\/www.sfsic.org\/en\/evenement\/entre-arts-et-patrimoines\/","title":{"rendered":"Entre arts et patrimoines"},"content":{"rendered":"<p><!-- fxzn:singledetail --><\/p>\n<div class=\"zone zn-singledetail\" id=\"fxzn-singledetail-1\">\n<div class=\"zone-block zn-singledetail-block alignwide va-top\">\n<div class=\"row\">\n<div class=\"columns large-8 large-push-4\">\n<div class=\"zn-singledetail-metabox\">\n<div class=\"zn-singledetail-pubdate pubdate\">\n\t\t\t\t\t<span class=\"pubdate-txt\">Mis en ligne le<\/span><span class=\"doubledot\"><\/span> 4 d\u00e9cembre 2021\t\t\t\t<\/div>\n<p class=\"zn-singledetail-calenda-info\">\n\t\t\t\t\t\tInformations \u00e9dit\u00e9es \u00e0 partir d\u2019une annonce <a class=\"calenda-link prettylink\" href=\"https:\/\/calenda.org\/943667\" target=\"_blank\" rel=\"noopener\"><strong>Calenda<\/strong><\/a>.\t\t\t\t\t<\/p>\n<div class=\"zn-singledetail-thematiques with-sep-comma\">\n<ul class=\"termslist termslist-thematique\">\n<li class=\"termslist-item termslist-title\"><span class=\"termslist-titletxt\">Th\u00e9matiques<\/span><span class=\"doubledot\"><\/span><\/li>\n<li class=\"termslist-item tax-thematique term-mediations-memorielles-culturelles-et-patrimoniales\"><a class=\"termslist-itemlink\" href=\"https:\/\/www.sfsic.org\/en\/thematiques\/memorial-cultural-and-heritage-mediation\/\" title=\"M\u00e9diations m\u00e9morielles, culturelles et patrimoniales\"><span class=\"termslist-itemname\">M\u00e9diations m\u00e9morielles, culturelles et patrimoniales<\/span><\/a><\/li>\n<\/ul><\/div>\n<\/p><\/div>\n<\/p><\/div>\n<\/p><\/div>\n<div class=\"row\">\n<div class=\"columns large-4\">\n<div class=\"zn-singledetail-sidebar bg-cornersquares\">\n<div class=\"zn-singledetail-infos\">\n<p class=\"zn-singledetail-type\">\n\t\t\t\t\t\t\t<span>Type d\u2019\u00e9v\u00e9nement<\/span><span class=\"doubledot\"><\/span> <strong>Colloque<\/strong>\n\t\t\t\t\t<\/p>\n<\/p><\/div>\n<div class=\"zn-singledetail-contacts\">\n<h3 class=\"zn-singledetail-section-title\">Contacts<\/h3>\n<ul class=\"zn-singledetail-contacts-list\">\n<li class=\"zn-singledetail-contact\">\n\t\t\t\t\t\t\t<span class=\"zn-singledetail-contact-name\">Christine Bellan<\/span><span class=\"doubledot\"><\/span><br \/>\n\t\t\t\t\t\t\t\t\t\t\t\t\t\t<a class=\"zn-singledetail-contact-mail prettylink\" href=\"mailto:ethnopolegarae.cbellan@orange.fr\">ethnopolegarae.cbellan@orange.fr<\/a>\n\t\t\t\t\t\t\t\t\t\t\t\t\t<\/li>\n<\/ul><\/div>\n<div class=\"zn-singledetail-weblinks\">\n<h3 class=\"zn-singledetail-section-title\">Sites internet de r\u00e9f\u00e9rence<\/h3>\n<ul class=\"zn-singledetail-weblinks-list\">\n<li>\n\t\t\t\t\t\t\t<a class=\"prettylink chainlink\" href=\"http:\/\/www.garae.fr\/spip.php?article515\" title=\"Ethnop\u00f4le GARAE\" target=\"_blank\" rel=\"noopener\">Ethnop\u00f4le GARAE<\/a>\n\t\t\t\t\t\t<\/li>\n<\/ul><\/div>\n<\/p><\/div>\n<\/p><\/div>\n<div class=\"columns large-8\">\n<div class=\"zn-singledetail-contentbox\">\n<div class=\"zn-singledetail-eventinfo\">\n<div class=\"zn-singledetail-eventinfo-inner\">\n<div class=\"zn-singledetail-eventdates\">\n\t\t\t\t\t\t<span class=\"zn-singledetail-label\">Dates de l\u2019\u00e9v\u00e9nement<span class=\"doubledot\"><\/span><\/span><\/p>\n<ul class=\"zn-singledetail-eventdates-list\">\n<li class=\"zn-singledetail-eventdates-item\">\n\t\t\t\t\t\t\t\tDu 13\/12\/2021 au 15\/12\/2021\t\t\t\t\t\t\t<\/li>\n<\/ul><\/div>\n<p class=\"zn-singledetail-eventplace\">\n\t\t\t\t\t\t<span class=\"zn-singledetail-label\">Lieu de l\u2019\u00e9v\u00e9nement<span class=\"doubledot\"><\/span><\/span><br \/>\n\t\t\t\t\t\t<span class=\"zn-singledetail-eventplace-adr\"><br \/>\n\t\t\t\t\t\t\t\t\t\t\t\t<span class=\"adr-name\">\u00c9v\u00e9nement hybride sur site et en ligne<\/span>,<\/p>\n<p>\t\t\t\t\t\t\t\t\t\t\t\t<span class=\"adr-place\">Maison des M\u00e9moires &#8211; 2\u00e8me \u00e9tage<\/span>,<\/p>\n<p>\t\t\t\t\t\t<span class=\"adr-street\">53 rue de Verdun <\/span>, <span class=\"adr-city\">Carcassonne<\/span>\t\t\t\t\t\t<span class=\"adr-cp\">11<\/span><br \/>\n\t\t\t\t\t\t<\/span>\t\t\t\t\t<\/p>\n<\/p><\/div>\n<\/p><\/div>\n<div class=\"zn-singledetail-annonce wig-content\">\n<div id=\"annonce-943667-fr\" class=\"tabContent\" lang=\"fr\" xml:lang=\"fr\">\n<h2>Argumentaire<\/h2>\n<p>Les termes \u00ab&#160;art&#160;\u00bb et \u00ab&#160;patrimoine&#160;\u00bb renvoient \u00e0 des dispositifs (au sens o\u00f9 l\u2019entend Foucault) de mise en valeur des biens d\u2019exception. S\u2019ils participent tous deux du traitement particulier qui pr\u00e9side \u00e0 la d\u00e9limitation de ce qui rel\u00e8ve du champ de la Culture (au sens malrucien du terme), si aujourd\u2019hui le p\u00e9rim\u00e8tre de leur application respectif tend \u00e0 s\u2019\u00e9largir toujours davantage \u00e0 de nouveaux objets, ils se diff\u00e9rencient pourtant l\u2019un de l\u2019autre. Ainsi, les mondes de l\u2019art apparaissent-ils gouvern\u00e9s par un r\u00e9gime de singularit\u00e9 radical qui fait de l\u2019\u0153uvre l\u2019expression la plus personnelle de son cr\u00e9ateur et de la r\u00e9ception esth\u00e9tique une exp\u00e9rience tr\u00e8s intime, de fait g\u00e9n\u00e9ratrice de distinction, tandis qu\u2019en patrimoine la subjectivation s\u2019av\u00e8re davantage affaire de collectifs et d\u00e9port\u00e9e de l\u2019objet aux porteurs, lesquels se posent eux-m\u00eames en vecteurs de patrimoine, leur revendication d\u2019un droit \u00e0 la patrimonialisation s\u2019inscrivant pleinement dans notre modernit\u00e9 des \u00ab&#160;droits culturels&#160;\u00bb. Paraphrasant Daniel Fabre, l\u2019on peut dire que ces dispositifs, apparus \u00e0 des moments distincts de notre histoire occidentale, entretiennent des rapports qui sont moins d&rsquo;\u00e9limination que de r\u00e9emploi. En d\u2019autres termes, les deux dispositifs coexistent, confrontent leurs diff\u00e9rences, et plus, interagissent. C\u2019est pr\u00e9cis\u00e9ment aux points o\u00f9 se produisent ces interactions que la r\u00e9flexion prendra pied au cours de ce colloque&#160;: l\u00e0 o\u00f9 le processus de patrimonialisation le dispute \u00e0 celui d\u2019artification, l\u00e0 o\u00f9 l\u2019artification se m\u00eale de parasiter la patrimonialisation. Les situations de m\u00e9diation feront l\u2019objet d\u2019une attention toute particuli\u00e8re qu\u2019il s\u2019agisse d\u2019importer en art des injonctions telle la participation des publics, ou que l\u2019on recoure \u00e0 l\u2019artiste pour donner \u00e0 voir le patrimoine autrement.<\/p>\n<h2>Programme<\/h2>\n<h3>Lundi 13 d\u00e9cembre 2021<\/h3>\n<p>\u00e0 partir de 14 heures<\/p>\n<ul>\n<li>14 h <em>Introduction <\/em><strong>Sylvie Sagnes<\/strong>, charg\u00e9e de recherches CNRS, H\u00e9ritages<\/li>\n<li>14 h 30 <em>Le droit&#160;: foss\u00e9 ou pont entre arts et patrimoines&#160;? <\/em><strong>Lily Martinet<\/strong>, charg\u00e9e de mission PCI au CFPCI, Vitr\u00e9<strong><em>\u00a0<\/em><\/strong><\/li>\n<\/ul>\n<h4>Entre-deux<\/h4>\n<p>Mod\u00e9ration&#160;: <strong>Emanuela Canghiari<\/strong>, charg\u00e9e de recherche FRS-FNRS, ISPOLE, UCL Louvain<\/p>\n<ul>\n<li>15 h 15 <em>Les manteaux de prestige m\u0101ori (k\u0101kahu) aujourd\u2019hui. Des tr\u00e9sors ancestraux (taonga), des \u0153uvres d\u2019art et des objets de collection&#160;? <\/em><strong>Lisa Renard<\/strong>, ATER Universit\u00e9 de Strasbourg, chercheuse affili\u00e9e \u00e0 Dynamiques Europ\u00e9ennes<\/li>\n<li>16 h 15 <em>Une \u00ab&#160;sculpture ngala, Bas-April, r\u00e9gion du Haut-Sepik, province du Sepik oriental&#160;\u00bb&#160;: construire la valeur des objets oc\u00e9aniens sur le march\u00e9 de l\u2019art, entre art et patrimoine <\/em><strong>Marion Bertin<\/strong>, ATER Universit\u00e9 d\u2019Avignon, UFR SHS &#8211; Centre Norbert Elias<\/li>\n<li>17 h <em>Que fait un cano\u00eb dans un mus\u00e9e d\u2019art&#160;? Sur l\u2019artification et l\u2019indig\u00e9nisation des mus\u00e9es au Canada\u00a0 <\/em><strong>Emanuela Rossi<\/strong>, professeure demo-ethno-anthopologie associ\u00e9e Universit\u00e9 de Florence<strong>\u00a0<\/strong><\/li>\n<\/ul>\n<h3>Mardi 14 d\u00e9cembre 2021<\/h3>\n<p>\u00e0 partir de 9 heures<\/p>\n<h4>Circulations<\/h4>\n<p>Mod\u00e9ration&#160;: <strong>Marie Baltazar,<\/strong> post-doctorante CNRS, Institut Jean-Le-Rond-d\u2019Alembert (Sorbonne &#8211; CNRS)<\/p>\n<ul>\n<li>9 h 15 <em>\u00ab&#160;Couvrez cet art que je ne saurais voir&#160;\u00bb&#160;: le tri patrimonial en Bulgarie postsocialiste <\/em><strong>Ina Belcheva<\/strong>, doctorante en histoire de l\u2019art, ATER Universit\u00e9 Paris 1 Panth\u00e9on Sorbonne<\/li>\n<li>10 h <em>Inscrire le \u00ab&#160;paysage th\u00e9\u00e2tral et orchestral allemand&#160;\u00bb au Patrimoine culturel immat\u00e9riel de l\u2019UNESCO&#160;? Enjeux et ambigu\u00eft\u00e9s d\u2019une d\u00e9marche nationale <\/em><strong>Corentin Jan<\/strong>, doctorant en cotutelle Sorbonne Nouvelle (CEREG) Ludwig-Maximilian-Universit\u00e4t de Munich (DFG-Forschungsgruppe Krisengef\u00fcge der K\u00fcnste)<\/li>\n<\/ul>\n<p>11 h <em>Le p\u00e8lerinage des objets de d\u00e9votion catholiques au Br\u00e9sil&#160;: entre art et patrimoine <\/em><strong>Lilian Alves Gomes<\/strong>, docteure en Anthropologie Sociale &#8211; Museu Nacional &#8211; Universidade Federal do Rio de Janeiro Chercheuse et enseignante<\/p>\n<p>11 h 45 <em>Faire oeuvre de soi(e)&#160;: Le costume d\u2019Arles, du mus\u00e9e aux d\u00e9fil\u00e9s <\/em><strong>Elise Marcia<\/strong>, doctorante, UT2J, LISST-CAS<strong>\u00a0<\/strong><\/p>\n<h3>\u00c0 partir de 14 heures<\/h3>\n<p>Objets hybrides et chercheurs-acteurs<\/p>\n<p>Mod\u00e9ration&#160;: <strong>C\u00e9cile Guillaume-Pey<\/strong>, charg\u00e9e de recherche CNRS, CEIAS<\/p>\n<ul>\n<li>14 h <em>Devenir Cirque, Art et\/ou Patrimoine&#160;: la Maroma mexicaine en tension <\/em><strong>Charlotte Pescayre<\/strong>, doctorante au Labex \u00ab&#160;les pass\u00e9s dans le pr\u00e9sent&#160;\u00bb, (LESC, UPOND), UNAM-Estudios Mesoamericanos, CEMCA (Umifre 16)<\/li>\n<li>14 h 45 <em>Une exp\u00e9rience hybride\u00a0\u00e0 c\u00f4t\u00e9 de l\u2019apprentissage historique et de la sensibilit\u00e9 artistique. La pratique de la visite au ch\u00e2teau d\u2019Amboise <\/em><strong>Nathana\u00ebl Wadbled<\/strong>, chercheur associ\u00e9 PRIM, Universit\u00e9 de Tours et guide-conf\u00e9rencier<\/li>\n<\/ul>\n<p>15 h 45 \u00c9changes&#160;: <em>Entre artification et patrimonialisation. A propos de l\u2019enqu\u00eate collecte du MuCEM Vivre au temps du confinement<\/em><\/p>\n<ul>\n<li>Collectif PRISMEO&#160;: <strong>Ana\u00efs Clara,<\/strong> doctorante en histoire de l\u2019art, UT2J, FRAMESPA&#160;; \u00a0<strong>Elodie Lebeau<\/strong>, doctorante en histoire de l\u2019art, UT2J, FRAMESPA&#160;; <strong>Muriel Molinier<\/strong>, docteur en sciences de l\u2019information et de la communication, LERASS, Universit\u00e9 Paul Sabatier, Toulouse 3&#160;; <strong>Ana Ramos<\/strong>, doctorante en arch\u00e9ologie, UT2J, TRACES<\/li>\n<li>MuCEM&#160;: <strong>Simon Le Roulley<\/strong>, post-doctorant Institut Somum\/MuCEM<\/li>\n<\/ul>\n<p>18 h Conf\u00e9rence publique<\/p>\n<ul>\n<li><em>Fiat lux, le patrimoine\u00a0\u00e0 la lumi\u00e8re de l\u2019art&#160;: la patrimonialisation de l\u2019abbatiale de Conques et sa m\u00e9diation par Pierre Soulages <\/em><strong>Patrick Fraysse,<\/strong> professeur en sciences de l\u2019information et de la communication, Universit\u00e9 Toulouse 3 &#8211; IUT Paul Sabatier, LERASS&#160;; Emmanuelle Lambert, ma\u00eetre de conf\u00e9rences en sciences de l\u2019information et de la communication, Universit\u00e9 Toulouse 3, IUT Paul Sabatier, LERASS<\/li>\n<\/ul>\n<p>Discutant&#160;: <strong>Gaspard Salatko<\/strong>, post-doctorant, Fondation des Sciences du Patrimoine<\/p>\n<h2>Mercredi 15 d\u00e9cembre 2021<\/h2>\n<p>\u00e0 partir de 9 heures<\/p>\n<h3>9 h 15 Table-ronde L\u2019art en patrimoine. Retour sur l\u2019op\u00e9ration InSitu<\/h3>\n<p>anim\u00e9e par <strong>V\u00e9ronique Moulini\u00e9,<\/strong> directrice de recherche CNRS, H\u00e9ritages<\/p>\n<ul>\n<li><strong>Pierre Planchon<\/strong>, directeur g\u00e9n\u00e9ral Le Passe-Muraille<\/li>\n<li><strong>Claire Durand<\/strong>, directrice adjointe &#8211; responsable de l\u2019agence culturelle Le Passe-Muraille<\/li>\n<li><strong>Eric Michel<\/strong> et<strong> Bertrand Gadenne<\/strong>, artistes<\/li>\n<\/ul>\n<h3>Collisions \/ Collusions&#160;?<\/h3>\n<p>Mod\u00e9ration&#160;: <strong>Sylvie Sagnes<\/strong>, charg\u00e9e de recherches CNRS, H\u00e9ritages<\/p>\n<ul>\n<li>11 h <em>\u00ab&#160;Qui va chanter pour les objets&#160;?&#160;\u00bb Enjeux et pratiques communautaires et artistiques autour des processus de patrimonialisation des objets oc\u00e9aniens <\/em><strong>G\u00e9raldine Le Roux,<\/strong> ma\u00eetre de conf\u00e9rence \u00e0 l\u2019universit\u00e9 de Bretagne Occidentale et Senior Research Fellow \u00e0 la James Cook University<\/li>\n<li>11 h 45 <em>L\u2019art au service du patrimoine&#160;? Politiques culturelles et enjeux patrimoniaux autour des Rencontres d\u2019art et d\u2019histoire \u00e0 Trois-Rivi\u00e8res (Guadeloupe) <\/em><strong>Le\u00efla Baracchini<\/strong>, chercheure associ\u00e9e, Universit\u00e9 de Neuch\u00e2tel<\/li>\n<\/ul>\n<p>14 h Conf\u00e9rence publique<\/p>\n<ul>\n<li><em>Le Palais id\u00e9al du facteur Cheval, art, monument historique et patrimoine&#160;: diachronie, synchronie<\/em> <strong>V\u00e9ronique Moulini\u00e9<\/strong>, directrice de recherche CNRS, H\u00e9ritages (CYU, CNRS, MC)<\/li>\n<li>Discutante&#160;: <strong>P\u00e9n\u00e9lope Patrix<\/strong>, chercheure postdoctorale, Centro de Estudos Comparatistas, Facult\u00e9 de Lettres, Arts et Sciences Humaines de l\u2019Universit\u00e9 de Lisbonne (CEComp-FLUL)<\/li>\n<\/ul>\n<\/div><\/div>\n<div class=\"zn-singledetail-attachedfiles\">\n<h3 class=\"zn-singledetail-section-title\">Fichier(s) attach\u00e9(s)<\/h3>\n<ul class=\"zn-singledetail-attachedfiles-list\">\n<li class=\"zn-singledetail-attachedfiles-item\">\n\t\t\t\t\t\t\t<a class=\"zn-singledetail-attachedfiles-link button outline for-download\" href=\"https:\/\/www.sfsic.org\/wp-inside\/uploads\/skp-membership\/demande_adh\/programme_colloque_entre_arts_et_patrimoine_carcassonne_13_15_decembre_2021.pdf\" title=\"T\u00e9l\u00e9charger : \u00ab programme_colloque_entre_arts_et_patrimoine_carcassonne_13_15_decembre_2021.pdf \u00bb\" target=\"_blank\" rel=\"noopener\"><br \/>\n\t\t\t\t\t\t\t\t<span class=\"button-txt\">Programme_colloque_entre_arts_et_patrimoine_carcassonne_13_15_decembre_2021<span class=\"button-txt-type\"> (pdf)<\/span><\/span><br \/>\n\t\t\t\t\t\t\t<\/a>\n\t\t\t\t\t\t<\/li>\n<\/ul><\/div>\n<div class=\"zn-singledetail-keywords\">\n<h3 class=\"zn-singledetail-section-title\">Mots-cl\u00e9s<\/h3>\n<ul class=\"termslist termslist-post_tag\">\n<li class=\"termslist-item termslist-title\"><span class=\"termslist-titletxt\">Mots-cl\u00e9s<\/span><span class=\"doubledot\"><\/span><\/li>\n<li class=\"termslist-item tax-post_tag term-arts\"><a class=\"termslist-itemlink\" href=\"https:\/\/www.sfsic.org\/en\/tag\/arts-en\/\" title=\"Arts\"><span class=\"termslist-itemname\">Arts<\/span><\/a><\/li>\n<li class=\"termslist-item tax-post_tag term-patrimoine\"><a class=\"termslist-itemlink\" href=\"https:\/\/www.sfsic.org\/en\/tag\/heritage\/\" title=\"Patrimoine\"><span class=\"termslist-itemname\">Patrimoine<\/span><\/a><\/li>\n<\/ul><\/div>\n<\/p><\/div>\n<\/p><\/div>\n<\/p><\/div>\n<\/p><\/div>\n<\/div>\n<p><!-- \/fxzn:singledetail --><\/p>\n","protected":false},"excerpt":{"rendered":"<p>Mis en ligne le 4 d\u00e9cembre 2021 Informations \u00e9dit\u00e9es \u00e0 partir d\u2019une annonce Calenda. Th\u00e9matiques M\u00e9diations m\u00e9morielles, culturelles et patrimoniales Type d\u2019\u00e9v\u00e9nement Colloque Contacts Christine Bellan ethnopolegarae.cbellan@orange.fr Sites internet de [&hellip;]<\/p>\n","protected":false},"author":781,"featured_media":0,"comment_status":"closed","ping_status":"closed","sticky":false,"template":"","format":"standard","meta":{"_acf_changed":false,"footnotes":""},"categories":[67,30],"tags":[350,193],"thematique":[38],"sfsic":[],"class_list":["post-20699","post","type-post","status-publish","format-standard","hentry","category-colloque-2","category-evenement","tag-arts","tag-patrimoine","thematique-mediations-memorielles-culturelles-et-patrimoniales","wp-sticky"],"acf":[],"yoast_head":"<!-- This site is optimized with the Yoast SEO plugin v27.4 - https:\/\/yoast.com\/product\/yoast-seo-wordpress\/ -->\n<title>Entre arts et patrimoines<\/title>\n<meta name=\"description\" content=\"Le programme du colloque qui traite de la th\u00e9matique &quot;Entre arts et patrimoines&quot; est en ligne.\" \/>\n<meta name=\"robots\" content=\"index, follow, max-snippet:-1, max-image-preview:large, max-video-preview:-1\" \/>\n<link rel=\"canonical\" href=\"https:\/\/www.sfsic.org\/en\/evenement\/entre-arts-et-patrimoines\/\" \/>\n<meta property=\"og:locale\" content=\"en_US\" \/>\n<meta property=\"og:type\" content=\"article\" \/>\n<meta property=\"og:title\" content=\"Entre arts et patrimoines\" \/>\n<meta property=\"og:description\" content=\"Le programme du colloque qui traite de la th\u00e9matique &quot;Entre arts et patrimoines&quot; est en ligne.\" \/>\n<meta property=\"og:url\" content=\"https:\/\/www.sfsic.org\/en\/evenement\/entre-arts-et-patrimoines\/\" \/>\n<meta property=\"og:site_name\" content=\"SFSIC\" \/>\n<meta property=\"article:published_time\" content=\"2021-12-06T12:32:44+00:00\" \/>\n<meta name=\"author\" content=\"Axelle Martin\" \/>\n<meta name=\"twitter:card\" content=\"summary_large_image\" \/>\n<script type=\"application\/ld+json\" class=\"yoast-schema-graph\">{\"@context\":\"https:\\\/\\\/schema.org\",\"@graph\":[{\"@type\":\"Article\",\"@id\":\"https:\\\/\\\/www.sfsic.org\\\/en\\\/evenement\\\/entre-arts-et-patrimoines\\\/#article\",\"isPartOf\":{\"@id\":\"https:\\\/\\\/www.sfsic.org\\\/en\\\/evenement\\\/entre-arts-et-patrimoines\\\/\"},\"author\":{\"name\":\"Axelle Martin\",\"@id\":\"https:\\\/\\\/www.sfsic.org\\\/en\\\/#\\\/schema\\\/person\\\/d3606993477708f4359fb9aeda58df3b\"},\"headline\":\"Entre arts et patrimoines\",\"datePublished\":\"2021-12-06T12:32:44+00:00\",\"mainEntityOfPage\":{\"@id\":\"https:\\\/\\\/www.sfsic.org\\\/en\\\/evenement\\\/entre-arts-et-patrimoines\\\/\"},\"wordCount\":1161,\"publisher\":{\"@id\":\"https:\\\/\\\/www.sfsic.org\\\/en\\\/#organization\"},\"keywords\":[\"Arts\",\"Patrimoine\"],\"articleSection\":[\"Colloque\",\"\u00c9v\u00e9nements\"],\"inLanguage\":\"en-US\"},{\"@type\":\"WebPage\",\"@id\":\"https:\\\/\\\/www.sfsic.org\\\/en\\\/evenement\\\/entre-arts-et-patrimoines\\\/\",\"url\":\"https:\\\/\\\/www.sfsic.org\\\/en\\\/evenement\\\/entre-arts-et-patrimoines\\\/\",\"name\":\"Entre arts et patrimoines\",\"isPartOf\":{\"@id\":\"https:\\\/\\\/www.sfsic.org\\\/en\\\/#website\"},\"datePublished\":\"2021-12-06T12:32:44+00:00\",\"description\":\"Le programme du colloque qui traite de la th\u00e9matique \\\"Entre arts et patrimoines\\\" est en ligne.\",\"breadcrumb\":{\"@id\":\"https:\\\/\\\/www.sfsic.org\\\/en\\\/evenement\\\/entre-arts-et-patrimoines\\\/#breadcrumb\"},\"inLanguage\":\"en-US\",\"potentialAction\":[{\"@type\":\"ReadAction\",\"target\":[\"https:\\\/\\\/www.sfsic.org\\\/en\\\/evenement\\\/entre-arts-et-patrimoines\\\/\"]}]},{\"@type\":\"BreadcrumbList\",\"@id\":\"https:\\\/\\\/www.sfsic.org\\\/en\\\/evenement\\\/entre-arts-et-patrimoines\\\/#breadcrumb\",\"itemListElement\":[{\"@type\":\"ListItem\",\"position\":1,\"name\":\"Accueil\",\"item\":\"https:\\\/\\\/www.sfsic.org\\\/en\\\/\"},{\"@type\":\"ListItem\",\"position\":2,\"name\":\"Events\",\"item\":\"https:\\\/\\\/www.sfsic.org\\\/en\\\/events\\\/\"},{\"@type\":\"ListItem\",\"position\":3,\"name\":\"Conference\",\"item\":\"https:\\\/\\\/www.sfsic.org\\\/en\\\/events\\\/conference-en\\\/\"},{\"@type\":\"ListItem\",\"position\":4,\"name\":\"Entre arts et patrimoines\"}]},{\"@type\":\"WebSite\",\"@id\":\"https:\\\/\\\/www.sfsic.org\\\/en\\\/#website\",\"url\":\"https:\\\/\\\/www.sfsic.org\\\/en\\\/\",\"name\":\"SFSIC\",\"description\":\"Soci\u00e9t\u00e9 Fran\u00e7aise des Sciences de l&#039;Information &amp; de la Communication\",\"publisher\":{\"@id\":\"https:\\\/\\\/www.sfsic.org\\\/en\\\/#organization\"},\"potentialAction\":[{\"@type\":\"SearchAction\",\"target\":{\"@type\":\"EntryPoint\",\"urlTemplate\":\"https:\\\/\\\/www.sfsic.org\\\/en\\\/?s={search_term_string}\"},\"query-input\":{\"@type\":\"PropertyValueSpecification\",\"valueRequired\":true,\"valueName\":\"search_term_string\"}}],\"inLanguage\":\"en-US\"},{\"@type\":\"Organization\",\"@id\":\"https:\\\/\\\/www.sfsic.org\\\/en\\\/#organization\",\"name\":\"SFSIC\",\"url\":\"https:\\\/\\\/www.sfsic.org\\\/en\\\/\",\"logo\":{\"@type\":\"ImageObject\",\"inLanguage\":\"en-US\",\"@id\":\"https:\\\/\\\/www.sfsic.org\\\/en\\\/#\\\/schema\\\/logo\\\/image\\\/\",\"url\":\"https:\\\/\\\/www.sfsic.org\\\/wp-inside\\\/uploads\\\/2020\\\/05\\\/logo-sfsic.jpg\",\"contentUrl\":\"https:\\\/\\\/www.sfsic.org\\\/wp-inside\\\/uploads\\\/2020\\\/05\\\/logo-sfsic.jpg\",\"width\":1085,\"height\":1080,\"caption\":\"SFSIC\"},\"image\":{\"@id\":\"https:\\\/\\\/www.sfsic.org\\\/en\\\/#\\\/schema\\\/logo\\\/image\\\/\"}},{\"@type\":\"Person\",\"@id\":\"https:\\\/\\\/www.sfsic.org\\\/en\\\/#\\\/schema\\\/person\\\/d3606993477708f4359fb9aeda58df3b\",\"name\":\"Axelle Martin\",\"image\":{\"@type\":\"ImageObject\",\"inLanguage\":\"en-US\",\"@id\":\"https:\\\/\\\/secure.gravatar.com\\\/avatar\\\/1065035eb5e480668fbf77e163c2e86f81ac342eaad4c8783acdf4a63f3c917b?s=96&d=mm&r=g\",\"url\":\"https:\\\/\\\/secure.gravatar.com\\\/avatar\\\/1065035eb5e480668fbf77e163c2e86f81ac342eaad4c8783acdf4a63f3c917b?s=96&d=mm&r=g\",\"contentUrl\":\"https:\\\/\\\/secure.gravatar.com\\\/avatar\\\/1065035eb5e480668fbf77e163c2e86f81ac342eaad4c8783acdf4a63f3c917b?s=96&d=mm&r=g\",\"caption\":\"Axelle Martin\"},\"sameAs\":[\"@antropocominside\"]}]}<\/script>\n<!-- \/ Yoast SEO plugin. -->","yoast_head_json":{"title":"Entre arts et patrimoines","description":"Le programme du colloque qui traite de la th\u00e9matique \"Entre arts et patrimoines\" est en ligne.","robots":{"index":"index","follow":"follow","max-snippet":"max-snippet:-1","max-image-preview":"max-image-preview:large","max-video-preview":"max-video-preview:-1"},"canonical":"https:\/\/www.sfsic.org\/en\/evenement\/entre-arts-et-patrimoines\/","og_locale":"en_US","og_type":"article","og_title":"Entre arts et patrimoines","og_description":"Le programme du colloque qui traite de la th\u00e9matique \"Entre arts et patrimoines\" est en ligne.","og_url":"https:\/\/www.sfsic.org\/en\/evenement\/entre-arts-et-patrimoines\/","og_site_name":"SFSIC","article_published_time":"2021-12-06T12:32:44+00:00","author":"Axelle Martin","twitter_card":"summary_large_image","schema":{"@context":"https:\/\/schema.org","@graph":[{"@type":"Article","@id":"https:\/\/www.sfsic.org\/en\/evenement\/entre-arts-et-patrimoines\/#article","isPartOf":{"@id":"https:\/\/www.sfsic.org\/en\/evenement\/entre-arts-et-patrimoines\/"},"author":{"name":"Axelle Martin","@id":"https:\/\/www.sfsic.org\/en\/#\/schema\/person\/d3606993477708f4359fb9aeda58df3b"},"headline":"Entre arts et patrimoines","datePublished":"2021-12-06T12:32:44+00:00","mainEntityOfPage":{"@id":"https:\/\/www.sfsic.org\/en\/evenement\/entre-arts-et-patrimoines\/"},"wordCount":1161,"publisher":{"@id":"https:\/\/www.sfsic.org\/en\/#organization"},"keywords":["Arts","Patrimoine"],"articleSection":["Colloque","\u00c9v\u00e9nements"],"inLanguage":"en-US"},{"@type":"WebPage","@id":"https:\/\/www.sfsic.org\/en\/evenement\/entre-arts-et-patrimoines\/","url":"https:\/\/www.sfsic.org\/en\/evenement\/entre-arts-et-patrimoines\/","name":"Entre arts et patrimoines","isPartOf":{"@id":"https:\/\/www.sfsic.org\/en\/#website"},"datePublished":"2021-12-06T12:32:44+00:00","description":"Le programme du colloque qui traite de la th\u00e9matique \"Entre arts et patrimoines\" est en ligne.","breadcrumb":{"@id":"https:\/\/www.sfsic.org\/en\/evenement\/entre-arts-et-patrimoines\/#breadcrumb"},"inLanguage":"en-US","potentialAction":[{"@type":"ReadAction","target":["https:\/\/www.sfsic.org\/en\/evenement\/entre-arts-et-patrimoines\/"]}]},{"@type":"BreadcrumbList","@id":"https:\/\/www.sfsic.org\/en\/evenement\/entre-arts-et-patrimoines\/#breadcrumb","itemListElement":[{"@type":"ListItem","position":1,"name":"Accueil","item":"https:\/\/www.sfsic.org\/en\/"},{"@type":"ListItem","position":2,"name":"Events","item":"https:\/\/www.sfsic.org\/en\/events\/"},{"@type":"ListItem","position":3,"name":"Conference","item":"https:\/\/www.sfsic.org\/en\/events\/conference-en\/"},{"@type":"ListItem","position":4,"name":"Entre arts et patrimoines"}]},{"@type":"WebSite","@id":"https:\/\/www.sfsic.org\/en\/#website","url":"https:\/\/www.sfsic.org\/en\/","name":"SFSIC","description":"Soci\u00e9t\u00e9 Fran\u00e7aise des Sciences de l&#039;Information &amp; de la Communication","publisher":{"@id":"https:\/\/www.sfsic.org\/en\/#organization"},"potentialAction":[{"@type":"SearchAction","target":{"@type":"EntryPoint","urlTemplate":"https:\/\/www.sfsic.org\/en\/?s={search_term_string}"},"query-input":{"@type":"PropertyValueSpecification","valueRequired":true,"valueName":"search_term_string"}}],"inLanguage":"en-US"},{"@type":"Organization","@id":"https:\/\/www.sfsic.org\/en\/#organization","name":"SFSIC","url":"https:\/\/www.sfsic.org\/en\/","logo":{"@type":"ImageObject","inLanguage":"en-US","@id":"https:\/\/www.sfsic.org\/en\/#\/schema\/logo\/image\/","url":"https:\/\/www.sfsic.org\/wp-inside\/uploads\/2020\/05\/logo-sfsic.jpg","contentUrl":"https:\/\/www.sfsic.org\/wp-inside\/uploads\/2020\/05\/logo-sfsic.jpg","width":1085,"height":1080,"caption":"SFSIC"},"image":{"@id":"https:\/\/www.sfsic.org\/en\/#\/schema\/logo\/image\/"}},{"@type":"Person","@id":"https:\/\/www.sfsic.org\/en\/#\/schema\/person\/d3606993477708f4359fb9aeda58df3b","name":"Axelle Martin","image":{"@type":"ImageObject","inLanguage":"en-US","@id":"https:\/\/secure.gravatar.com\/avatar\/1065035eb5e480668fbf77e163c2e86f81ac342eaad4c8783acdf4a63f3c917b?s=96&d=mm&r=g","url":"https:\/\/secure.gravatar.com\/avatar\/1065035eb5e480668fbf77e163c2e86f81ac342eaad4c8783acdf4a63f3c917b?s=96&d=mm&r=g","contentUrl":"https:\/\/secure.gravatar.com\/avatar\/1065035eb5e480668fbf77e163c2e86f81ac342eaad4c8783acdf4a63f3c917b?s=96&d=mm&r=g","caption":"Axelle Martin"},"sameAs":["@antropocominside"]}]}},"_links":{"self":[{"href":"https:\/\/www.sfsic.org\/en\/wp-json\/wp\/v2\/posts\/20699","targetHints":{"allow":["GET"]}}],"collection":[{"href":"https:\/\/www.sfsic.org\/en\/wp-json\/wp\/v2\/posts"}],"about":[{"href":"https:\/\/www.sfsic.org\/en\/wp-json\/wp\/v2\/types\/post"}],"author":[{"embeddable":true,"href":"https:\/\/www.sfsic.org\/en\/wp-json\/wp\/v2\/users\/781"}],"replies":[{"embeddable":true,"href":"https:\/\/www.sfsic.org\/en\/wp-json\/wp\/v2\/comments?post=20699"}],"version-history":[{"count":5,"href":"https:\/\/www.sfsic.org\/en\/wp-json\/wp\/v2\/posts\/20699\/revisions"}],"predecessor-version":[{"id":20707,"href":"https:\/\/www.sfsic.org\/en\/wp-json\/wp\/v2\/posts\/20699\/revisions\/20707"}],"wp:attachment":[{"href":"https:\/\/www.sfsic.org\/en\/wp-json\/wp\/v2\/media?parent=20699"}],"wp:term":[{"taxonomy":"category","embeddable":true,"href":"https:\/\/www.sfsic.org\/en\/wp-json\/wp\/v2\/categories?post=20699"},{"taxonomy":"post_tag","embeddable":true,"href":"https:\/\/www.sfsic.org\/en\/wp-json\/wp\/v2\/tags?post=20699"},{"taxonomy":"thematique","embeddable":true,"href":"https:\/\/www.sfsic.org\/en\/wp-json\/wp\/v2\/thematique?post=20699"},{"taxonomy":"sfsic","embeddable":true,"href":"https:\/\/www.sfsic.org\/en\/wp-json\/wp\/v2\/sfsic?post=20699"}],"curies":[{"name":"wp","href":"https:\/\/api.w.org\/{rel}","templated":true}]}}