{"id":20247,"date":"2021-11-18T12:15:30","date_gmt":"2021-11-18T11:15:30","guid":{"rendered":"https:\/\/www.sfsic.org\/?p=20247"},"modified":"2021-11-17T22:19:36","modified_gmt":"2021-11-17T21:19:36","slug":"lartiste-a-lepoque-des-marques","status":"publish","type":"post","link":"https:\/\/www.sfsic.org\/en\/aac-publication\/lartiste-a-lepoque-des-marques\/","title":{"rendered":"L\u2019artiste \u00e0 l\u2019\u00e9poque des marques"},"content":{"rendered":"<p><!-- fxzn:singledetail --><\/p>\n<div class=\"zone zn-singledetail\" id=\"fxzn-singledetail-1\">\n<div class=\"zone-block zn-singledetail-block alignwide va-top\">\n<div class=\"row\">\n<div class=\"columns large-8 large-push-4\">\n<div class=\"zn-singledetail-metabox\">\n<div class=\"zn-singledetail-pubdate pubdate\">\n\t\t\t\t\t<span class=\"pubdate-txt\">Mis en ligne le<\/span><span class=\"doubledot\"><\/span> 17 novembre 2021\t\t\t\t<\/div>\n<div class=\"zn-singledetail-thematiques with-sep-comma\">\n<ul class=\"termslist termslist-thematique\">\n<li class=\"termslist-item termslist-title\"><span class=\"termslist-titletxt\">Th\u00e9matiques<\/span><span class=\"doubledot\"><\/span><\/li>\n<li class=\"termslist-item tax-thematique term-images-cinema-medias-audiovisuels-et-industries-culturelles\"><a class=\"termslist-itemlink\" href=\"https:\/\/www.sfsic.org\/en\/thematiques\/images-cinema-audiovisual-media-and-cultural-industries\/\" title=\"Images, cin\u00e9ma, m\u00e9dias audiovisuels et industries culturelles\"><span class=\"termslist-itemname\">Images, cin\u00e9ma, m\u00e9dias audiovisuels et industries culturelles<\/span><\/a><\/li>\n<li class=\"termslist-item tax-thematique term-organisation-des-connaissances\"><a class=\"termslist-itemlink\" href=\"https:\/\/www.sfsic.org\/en\/thematiques\/knowledge-organisation\/\" title=\"Organisation des connaissances\"><span class=\"termslist-itemname\">Organisation des connaissances<\/span><\/a><\/li>\n<\/ul><\/div>\n<\/p><\/div>\n<\/p><\/div>\n<\/p><\/div>\n<div class=\"row\">\n<div class=\"columns large-4\">\n<div class=\"zn-singledetail-sidebar bg-cornersquares\">\n<div class=\"zn-singledetail-infos\">\n<p class=\"zn-singledetail-reponse-date\">\n\t\t\t\t\t\t<span>R\u00e9ponse attendue pour le<\/span><span class=\"doubledot\"><\/span> <strong>31\/01\/2022<\/strong>\n\t\t\t\t\t<\/p>\n<p class=\"zn-singledetail-reponse-type\">\n\t\t\t\t\t<span>Type de r\u00e9ponse<\/span><span class=\"doubledot\"><\/span> <strong>R\u00e9sum\u00e9<\/strong>\n\t\t\t\t\t<\/p>\n<p class=\"zn-singledetail-type\">\n\t\t\t\t\t\t\t<span>Type de contribution attendue<\/span><span class=\"doubledot\"><\/span> <strong>Article<\/strong>\n\t\t\t\t\t<\/p>\n<p class=\"zn-singledetail-name\">\n\t\t\t\t\t\t\t<span>Nom de la publication<\/span><span class=\"doubledot\"><\/span> <strong>Kairos<\/strong>\n\t\t\t\t\t<\/p>\n<\/p><\/div>\n<div class=\"zn-singledetail-coordinators\">\n<h3 class=\"zn-singledetail-section-title\">Coordinateurs<\/h3>\n<ul class=\"zn-singledetail-coordinators-list\">\n<li class=\"zn-singledetail-coordinators-item\">\n\t\t\t\t\t\t\t<span>Elise <\/span> <span>Aspord<\/span>, <span>Laboratoire EA 4647 Communication et soci\u00e9t\u00e9s (Universit\u00e9 Clermont Auvergne)<\/span>\t\t\t\t\t\t\t\t\t\t\t\t\t<\/li>\n<li class=\"zn-singledetail-coordinators-item\">\n\t\t\t\t\t\t\t<span>Agn\u00e8s <\/span> <span>Bernard<\/span>, <span>Laboratoire EA 4647 Communication et soci\u00e9t\u00e9s (Universit\u00e9 Clermont Auvergne)<\/span>\t\t\t\t\t\t\t\t\t\t\t\t\t<\/li>\n<li class=\"zn-singledetail-coordinators-item\">\n\t\t\t\t\t\t\t<span>Patrick <\/span> <span>Bourgne<\/span>, <span>Laboratoire EA 4647 Communication et soci\u00e9t\u00e9s (Universit\u00e9 Clermont Auvergne)<\/span>\t\t\t\t\t\t\t\t\t\t\t\t\t<\/li>\n<li class=\"zn-singledetail-coordinators-item\">\n\t\t\t\t\t\t\t<span>Marie <\/span> <span>Heyd<\/span>, <span>EA 3402 Approches contemporaines de la cr\u00e9ation et de la r\u00e9flexion artistique (ACCRA), Universit\u00e9 de Strasbourg<\/span>\t\t\t\t\t\t\t\t\t\t\t\t\t<\/li>\n<\/ul><\/div>\n<div class=\"zn-singledetail-weblinks\">\n<h3 class=\"zn-singledetail-section-title\">Sites internet de r\u00e9f\u00e9rence<\/h3>\n<ul class=\"zn-singledetail-weblinks-list\">\n<li>\n\t\t\t\t\t\t\t<a class=\"prettylink chainlink\" href=\"https:\/\/revues-msh.uca.fr\/kairos\/\" title=\"Site de la revue\" target=\"_blank\" rel=\"noopener\">Site de la revue<\/a>\n\t\t\t\t\t\t<\/li>\n<\/ul><\/div>\n<\/p><\/div>\n<\/p><\/div>\n<div class=\"columns large-8\">\n<div class=\"zn-singledetail-contentbox\">\n<div class=\"zn-singledetail-annonce wig-content\">\n<p>Le capitalisme moderne est empreint d\u2019une complexe distinction&#160;: la marchandisation de la culture et l\u2019esth\u00e9tisation de la marchandise. Une double dynamique \u00e9merge entre ce qui rel\u00e8ve de l\u2019\u00e9conomie et ce qui en a \u00e9t\u00e9 longtemps s\u00e9par\u00e9&#160;; se croisent \u00ab&#160;l\u2019\u00e9conomie dans la culture et la culture dans l\u2019\u00e9conomie&#160;\u00bb (Allen Scott et Fr\u00e9d\u00e9ric Leriche 2005). Cette perspective n\u2019est pas originale. Dans les ann\u00e9es 1960, Andy Warhol pose les jalons de l\u2019artiste comme marque. Cette id\u00e9e sera reprise dans les ann\u00e9es 1980 avec l\u2019arriv\u00e9e du post-fordisme et une \u00e9conomie culturelle de plus en plus vivace. On rappellera aussi que les premiers signes de cette pr\u00e9gnance sont faciles \u00e0 identifier dans l\u2019industrie du patrimoine, du r\u00e9am\u00e9nagement du paysage, de la marchandisation des villes, du r\u00e9am\u00e9nagement des friches industrielles, etc.<\/p>\n<p>Pour faire face \u00e0 une concurrence exacerb\u00e9e et \u00e0 un ph\u00e9nom\u00e8ne de prolif\u00e9ration, les produits et les \u0153uvres sont appel\u00e9s \u00e0 se diff\u00e9rencier en s\u2019effor\u00e7ant de cr\u00e9er dans l\u2019esprit d\u2019un large public des repr\u00e9sentations mentales et des exp\u00e9riences sp\u00e9cifiques. La question du rapport entre l\u2019art et la marchandise est repos\u00e9e, d\u00e8s lors que prosp\u00e8rent les industries du cin\u00e9ma, du jeu vid\u00e9o, du design, de la mode, etc.<\/p>\n<p>Aujourd\u2019hui, les questions li\u00e9es \u00e0 la porosit\u00e9 entre le monde de la cr\u00e9ation et celui de la marchandisation n\u2019ont rien perdu de leur acuit\u00e9. Elles s\u2019accompagnent n\u00e9anmoins de nouvelles interrogations engendr\u00e9es par une fragmentation des r\u00e9f\u00e9rences et par le morcellement de notre monde commun.<\/p>\n<p>Pour son prochain num\u00e9ro \u2013 \u00ab&#160;Interactions entre l\u2019art, l\u2019artiste et la marque&#160;\u00bb \u2013 la revue <em>Kairos <\/em>lance un appel \u00e0 contributions. Les publications viseront \u00e0 \u00e9clairer les processus qui transforment un monde uniforme en un ensemble d\u2019\u00e9l\u00e9ments insignes. Elle investiguera les d\u00e9marches de production de sens par la cr\u00e9ation d\u2019un univers structur\u00e9 \u00e0 partir de l\u2019image de son initiateur. Elle s\u2019int\u00e9ressera aux m\u00e9canismes de reproduction \u00e0 l\u2019identique d\u2019objets par une production et une communication de masse qui typifient ainsi ce qui constitue sa valeur de signe.<\/p>\n<p>Conjointement, ce num\u00e9ro s\u2019int\u00e9ressera au processus d\u2019enchantement des produits marchands (1) par une exploitation d\u2019\u0153uvres d\u2019art vid\u00e9es de leur substance.<\/p>\n<p>Il s\u2019agira de questionner l\u2019\u0153uvre d\u2019art dans un contexte de \u00ab&#160;post-reproductibilit\u00e9 technique&#160;\u00bb qui cherche \u00e0 re-fabriquer une authenticit\u00e9 de l\u2019\u0153uvre \u00e0 partir d\u2019une sur- exposition (cf. l\u2019engouement pour les certificats d\u2019authenticit\u00e9 d\u00e9mat\u00e9rialis\u00e9s NFT). Elle vise \u00e0 situer cette r\u00e9flexion dans une \u00e9poque s\u00e9cularis\u00e9e, qui d\u00e9lite progressivement les valeurs universelles port\u00e9es par les Lumi\u00e8res (Roudinesco 2021), en alimentant l\u2019ostracisme et l\u2019obscurantisme. Pour ce faire, elle mettra en \u00e9vidence la notion de marque (2), entendue comme un concept plus large que celui induit par son association stricte au marketing.<\/p>\n<p>D\u00e8s son origine, les fondements des marques reposent aussi bien sur la volont\u00e9 d\u00e9lib\u00e9r\u00e9e d\u2019unifier que sur celle d\u2019exploiter la puissance \u00e9vocatrice du symbole, comme l\u2019a montr\u00e9 le \u00ab&#160;Deutscher Werkbundt&#160;\u00bb d\u00e8s le d\u00e9but du 20\u00e8me si\u00e8cle (3) (FJ Schwartz 1996). La marque a aussi vocation \u00e0 cr\u00e9er des factions qui am\u00e8nent pour chacune d\u2019entre elles \u00e0 voir le monde d\u2019une certaine mani\u00e8re en lui donnant un sens particulier. \u00c0 ce titre, elle a \u00e9t\u00e9 adopt\u00e9e pour analyser plusieurs courants religieux (Djupe 2000, Izberk-Bilgin 2012, Mu\u00f1iz et Jensen Schau 2005). Elle cherche \u00e9galement \u00e0 donner une forme d\u2019aura aux objets dont elle tire parti, ce qui peut expliquer qu\u2019elle soit consid\u00e9r\u00e9e par nombre d\u2019auteurs comme g\u00e9n\u00e9ratrice d\u2019une r\u00e9apparition du sacr\u00e9 dans une soci\u00e9t\u00e9 s\u00e9cularis\u00e9e (Shachar, Erdem, Cutright et Fitzsimons 2011). Elle autorise enfin la d\u00e9limitation d\u2019un p\u00e9rim\u00e8tre prot\u00e9g\u00e9 qui permet de d\u00e9velopper une forme de propri\u00e9t\u00e9 intellectuelle avec les droits qui lui sont associ\u00e9s.<\/p>\n<p>Quatre axes (th\u00e8mes) permettront de structurer les contributions de ce num\u00e9ro.<\/p>\n<h2>Axe\/Th\u00e8me 1 \u2013 L\u2019esth\u00e9tisation du monde<\/h2>\n<p><strong>\u00a0<\/strong>Ce n\u2019est \u00e9videmment pas la premi\u00e8re fois dans l\u2019histoire que se d\u00e9ploient des march\u00e9s esth\u00e9tiques, des logiques \u00e9conomiques se mariant avec l\u2019art et les arts (4). Plut\u00f4t que de jeter l\u2019anath\u00e8me sur ces \u201ccompromissions\u201d qui \u00e9chappent aux crit\u00e8res d\u2019un champ artiste d\u00e9sint\u00e9ress\u00e9 et pur(5), l\u2019\u00e9tude s\u2019attardera sur le d\u00e9cryptage d\u2019une forme de culture populaire.<\/p>\n<p>Aussi bien, s\u2019agira-t-il de questionner la fa\u00e7on dont l\u2019art et le design insistent sur la dimension symbolique des objets et des biens culturels (6). Sans doute est-ce dans cette optique qu\u2019il faut interpr\u00e9ter les actions artistiques initi\u00e9es \u00e0 la fronti\u00e8re de l\u2019art et du commerce afin d\u2019interroger les t\u00e9moignages du spectacle sans fin offert par les marchandises. On pense, par exemple, \u00e0 l\u2019installation le <em>Supermarch\u00e9 Ferraille<\/em>, imagin\u00e9e par le collectif des \u00ab&#160;Requins Marteaux&#160;\u00bb, ou \u00e0 <em>Hello<\/em>, une exposition initi\u00e9e par le collectif H5. Ces dispositifs, qui se veulent d\u00e9chiffrer les ressorts de la soci\u00e9t\u00e9 de consommation, s\u2019appuient moins sur les caract\u00e9ristiques d\u2019une marque sp\u00e9cifique que sur la vision d\u2019un id\u00e9al type des embl\u00e8mes qui saturent le monde du commerce et sur le pouvoir qu\u2019il exerce sur les consommateurs. Dans le m\u00eame temps, ces dispositifs con\u00e7oivent la communication des marques comme une machine de guerre transm\u00e9dia, caract\u00e9ris\u00e9e par une mise en sc\u00e8ne permanente, laquelle s\u2019incarne dans une esth\u00e9tique qui majore le jeu et le bonheur et dont l\u2019enfance, fantasme de puret\u00e9, lieu de l\u2019utopie et du d\u00e9sir, constitue la cible id\u00e9ale.<\/p>\n<ul>\n<li><strong>Des exemples sont \u00e0 consulter dans le pdf de l&rsquo;appel \u00e0 contribution.<\/strong><\/li>\n<\/ul>\n<p>Les contributions attendues pour ce chapitre s\u2019int\u00e9resseront aux controverses qui agitent l\u2019art contemporain et le pouvoir des marchandises. Elles analyseront l\u2019image et la perception de la marchandise par les artistes. Elles r\u00e9fl\u00e9chiront \u00e9galement \u00e0 la capacit\u00e9 des dispositifs artistiques \u00e0 devenir eux-m\u00eames des marques. Dans cette perspective, on ne s\u2019interdira pas de revenir sur l\u2019Histoire de l\u2019Art.<\/p>\n<h2>Axe\/Th\u00e8me 2 \u2013 Portrait de l\u2019artiste en marque. Portrait de la marque en artiste.<\/h2>\n<p>La f\u00e9tichisation des r\u00e9f\u00e9rences et des paradigmes culturels est un processus bien connu des \u00e9tudes universitaires. Du c\u00f4t\u00e9 de la philosophie, Theodor Adorno d\u00e9non\u00e7ait d\u00e9j\u00e0 en son temps l\u2019av\u00e8nement d\u2019une industrie culturelle dont l\u2019objectif \u00e9tait de produire un syst\u00e8me qui exclut le \u00ab&#160;nouveau&#160;\u00bb. L\u2019id\u00e9e \u00e9tant de construire un semblant d&rsquo;originalit\u00e9 et de distinction pour susciter une consommation et cr\u00e9er l&rsquo;illusion de la concurrence et du choix. Pour l&rsquo;\u00c9cole de Francfort, les relations entre les diff\u00e9rents messages envoy\u00e9s par les produits de l&rsquo;industrie culturelle ne sont pas al\u00e9atoires et ont une tendance manifeste \u00e0 canaliser la r\u00e9action du public. L&rsquo;industrie de la culture d\u00e9signe la fabrication du consentement, \u00e9touffant toute aptitude \u00e0 \u00e9lever une protestation contre les conditions existantes.<\/p>\n<p>Au-del\u00e0 des fronti\u00e8res des industries culturelles, depuis le d\u00e9veloppement du marketing et de ses \u00ab&#160;cr\u00e9atures&#160;\u00bb, tout le domaine de l\u2019Art perd peut-\u00eatre de sa liquidit\u00e9 et de son agilit\u00e9 pour se cristalliser autour d\u2019\u0153uvres, de courants et d\u2019artistes reconnues, qui peuvent se concevoir comme autant d\u2019images r\u00e9ifi\u00e9es particuli\u00e8rement utiles pour redonner de la vigueur aux marques commerciales en leur offrant l\u2019occasion de se r\u00e9-enchanter. De ce point de vue, il est possible de parler d\u2019une forme d\u2019industrialisation, y compris pour signifier une chose plus int\u00e9ressante que la standardisation, devenue de moins en moins attrayante et \u00ab&#160;sexy&#160;\u00bb pour le monde \u00e9conomique.<\/p>\n<p>C\u2019est cette id\u00e9e que reprend Olivier Assouly lorsqu\u2019il questionne l\u2019industrialisation du plaisir. Selon le philosophe&#160;: \u00ab&#160;L&rsquo;insertion du go\u00fbt dans l&rsquo;\u00e9conomie des satisfactions a donn\u00e9 \u00e0 l&rsquo;oppression des formes in\u00e9dites, plus douces, liquides et quasiment invisibles, dissoutes \u00ab&#160;dans la masse des acteurs, y compris dans la force d&rsquo;assujettissement que le public exerce sur lui-m\u00eame (7)&#160;\u00bb&#160;\u00bb. C\u2019est dans cette perspective qu\u2019il envisage l\u2019engouement consum\u00e9riste pour la nourriture et l\u2019alimentation. Dans nos nations industrialis\u00e9es, nos go\u00fbts personnels sont sollicit\u00e9s pour \u201cbooster\u201d la consommation. Dans certains cas, ce processus peut se r\u00e9aliser en faisant r\u00e9f\u00e9rence \u00e0 des \u0153uvres ou \u00e0 des artistes, consid\u00e9r\u00e9s, \u00e0 l\u2019instar des marques, comme des symboles qui pointent -\u2013 comme tout \u00e9l\u00e9ment symbolique \u2013 vers un signifi\u00e9 arbitraire devenu collectif en se cristallisant.<\/p>\n<p>Cet axe se focalisera sur ces signifi\u00e9s. Il questionnera la capacit\u00e9 de ces images collectives \u00e0 susciter des \u00e9motions positives encastr\u00e9es dans les politiques commerciales, soulignant au passage la guerre \u00e9conomique pour le contr\u00f4le des affects qui a amplement, int\u00e9ress\u00e9 le champ artistique.<\/p>\n<h2>Axe\/Th\u00e8me 3 \u2013 Les artistes et les marques \u00e0 l\u2019\u00e2ge de l\u2019immat\u00e9riel<\/h2>\n<p>Les marques ont acquis un statut de symbole dans la modernit\u00e9. En effet, elles ont pris une place de choix dans l&rsquo;imaginaire collectif, et du mythe \u00e0 la mythologie, il n&rsquo;y a qu&rsquo;un pas. Tout comme les h\u00e9ros antiques, qui permettent de juguler angoisses et questions existentielles, une marque apporte une r\u00e9ponse (Mark et Pearson 2001). De leurs c\u00f4t\u00e9, les consommateurs ont sans doute autant besoin de croire aux marques. Comme les mythes, les marques racontent des histoires, ont leur h\u00e9ros et fonctionnent selon des structures narratives bien pr\u00e9cises. La force d&rsquo;un mythe r\u00e9side dans son universalit\u00e9, et c&rsquo;est pr\u00e9cis\u00e9ment ce vers quoi tendent toutes les marques&#160;: \u00eatre mondialement connues.<\/p>\n<p>Dans certains pays, elles vont jusqu\u2019\u00e0 prendre parfois le relais d\u2019une certaine d\u00e9votion populaire. Ainsi \u00e0 l\u2019\u00e9glise de San Juan Chamula au Mexique, le coca-cola est devenu un des \u00e9l\u00e9ments cl\u00e9s du rituel. Au Ghana, les cercueils personnalis\u00e9s en forme de Mercedes Benz sont devenus banals. Ce qui nous am\u00e8ne \u00e0 nous poser la question suivante&#160;: les marques auraient-elles gagn\u00e9 le statut de patrimoine culturel immat\u00e9riel&#160;?<\/p>\n<p>Ce concept d\u2019immat\u00e9riel est amen\u00e9 \u00e0 \u00eatre interrog\u00e9 aussi du c\u00f4t\u00e9 du champ artistique. De nombreux historiens formulent l\u2019hypoth\u00e8se qu\u2019il y aurait un travail du mythe dans l\u2019art contemporain.<\/p>\n<p>\u00c0 l\u2019heure d\u2019une s\u00e9cularisation de la soci\u00e9t\u00e9 qui s\u2019associe \u00e0 une demande croissante d\u2019irrationnel (voire de d\u00e9raisonnable), le statut de l\u2019\u0153uvre d\u2019art et celui de l\u2019artiste se trouvent profond\u00e9ment remis en cause. S\u2019il n\u2019est plus au service d\u2019une transcendance quel est le statut de l\u2019\u0153uvre d\u2019art et de la personne qui la produit&#160;?<\/p>\n<p>Si sur cette question certains artistes prennent une position immanentiste en pensant avec leur corps plut\u00f4t que contre lui, le probl\u00e8me reste entier.<\/p>\n<p>Josef Beuys a tent\u00e9 de sugg\u00e9rer une autre r\u00e9ponse. Son travail se d\u00e9ploie sous la forme de d\u00e9bris rituels ou de restes post-apocalyptiques. Bloc de graisse, feutre en poil de lapin, moulage de cire d\u2019abeille, constituent autant de symboles mobilis\u00e9s par l\u2019artiste, qui ne peuvent \u00eatre mis en lumi\u00e8re que par les mythes qui leur sont associ\u00e9s. En m\u00eame temps, Beuys se d\u00e9clare sculpteur du social. Dans <em>The Shape of a Pocket<\/em>, John Berger \u00e9crit&#160;: \u00ab&#160;<em>En mati\u00e8re de voir, Joseph Beuys fut le grand proph\u00e8te de la seconde moiti\u00e9 de notre si\u00e8cle. Croyant que tout le monde est potentiellement un artiste, il prend et arrange les objets de mani\u00e8re \u00e0 ce qu\u2019ils implorent le spectateur de collaborer avec eux\u2026 En \u00e9coutant ce que leurs yeux leur disent et en se souvenant (<\/em><em>8)<\/em>&#160;\u00bb. Beaucoup de critiques ont soulign\u00e9 combien au sein de son \u0153uvre la fronti\u00e8re entre art et objet domestique n\u2019est pas toujours nette. Entre 1965 et 1986, Beuys cr\u00e9e plus de cinq cents ensembles d\u2019\u0153uvres \u00ab&#160;multiples&#160;\u00bb ou \u00e9dit\u00e9es. En 1970, il d\u00e9clare qu\u2019il travaille de cette fa\u00e7on parce qu\u2019il est \u00ab&#160;int\u00e9ress\u00e9 par la diffusion d\u2019id\u00e9es&#160;\u00bb et que les multiples lui permettent d\u2019atteindre \u00ab&#160;un plus grand nombre de personnes (9)&#160;\u00bb.<\/p>\n<ul>\n<li><strong>Des illustrations sont \u00e0 consulter dans l&rsquo;appel \u00e0 contribution (pdf)<\/strong><\/li>\n<\/ul>\n<p>Beuys a commenc\u00e9 \u00e0 produire des multiples dans les ann\u00e9es 1960, en partie pour lutter contre l\u2019\u00e9litisme du monde de l\u2019art. <em>Felt Suit <\/em>est probablement son multiple le plus c\u00e9l\u00e8bre. Consid\u00e9r\u00e9 comme une sculpture, il a ses origines dans la performance \u00ab&#160;Action the Dead Mouse \/ Isolation Unit&#160;\u00bb de 1970, o\u00f9 Beuys portait un costume en feutre avec des bras et des jambes allong\u00e9s. Comme souvent dans ces \u0153uvres \u2013 on renverra \u00e0 la fameuse performance intitul\u00e9e <em>I Like America and America Likes Me <\/em>\u2013 l\u2019artiste s\u2019inscrit ici dans la quotidiennet\u00e9, l\u2019humour, l\u2019anecdote et la critique populaire qu\u2019il investit dans un cadre prot\u00e9iforme et contradictoire de revitalisation m\u00e9morielle, de retour aux sources ancestrales et d\u2019avant-garde artistique.<\/p>\n<p>\u00c0 une \u00e9poque o\u00f9 l\u2019on n\u2019entend jurer que par \u00ab&#160;l\u2019authenticit\u00e9&#160;\u00bb, l\u2019art ou le design a tendance \u00e0 devenir une pure invention marketing parfaitement assum\u00e9e par l\u2019artiste. Raconter un r\u00e9cit, construire une histoire captivante pour \u00eatre capable de promouvoir une id\u00e9e, un produit ou un projet de mani\u00e8re divertissante et novatrice peut devenir une pr\u00e9occupation centrale du champ artistique. Entre mythe et r\u00e9alit\u00e9, les artistes r\u00e9affirment les traits de la modernit\u00e9, renvoyant \u00e0 cette \u00ab&#160;tradition du nouveau&#160;\u00bb telle que d\u00e9finie par Harold Rosenberg (10).<\/p>\n<p>Dans ce contexte, la question iconoclaste inh\u00e9rente \u00e0 cet axe de recherche concerne la proximit\u00e9 de la d\u00e9marche artistique avec celui qui donne naissance \u00e0 une marque, qui mod\u00e8le \u00e9galement la soci\u00e9t\u00e9 gr\u00e2ce \u00e0 son mana (Durkheim 2008, pp 187-201). Dit autrement&#160;: est-il possible aujourd\u2019hui \u00e0 un artiste d\u2019exister sans un travail de storytelling qui donne sens \u00e0 son activit\u00e9 aux yeux de ses financeurs (publics ou priv\u00e9s)&#160;?<\/p>\n<h2>Axe\/Th\u00e8me 4 \u2013 L\u2019art face \u00e0 la pr\u00e9sence r\u00e9elle des marques et de leurs territoires prot\u00e9g\u00e9s<\/h2>\n<p><strong>\u00a0<\/strong>Si la marque est associ\u00e9e \u00e0 des factions, elle conduit \u00e0 la cr\u00e9ation de dispositifs juridiques pour prot\u00e9ger jalousement ses territoires au d\u00e9triment du commun. Conjointement, elle peut conduire \u00e0 des actions programmatiques qui visent \u00e0 imposer une signification aux choses.<\/p>\n<p>Le domaine de l\u2019Art est concern\u00e9 de diverses mani\u00e8res par ces ph\u00e9nom\u00e8nes. Il doit faire face \u00e0 des acteurs qui utilisent les m\u00eames proc\u00e9d\u00e9s que les marques commerciales pour pr\u00e9server la singularit\u00e9 de leurs propres productions. Le cas d\u2019Anish Kapoor, avec ses droits exclusifs sur l\u2019utilisation d\u2019une couleur, constitue un parfait exemple de ces d\u00e9rives. Conjointement, le d\u00e9veloppement des droits d\u2019auteurs exerce une grande influence sur le travail en collectif et sa n\u00e9cessaire cr\u00e9ativit\u00e9 (Jaszi 1992).<\/p>\n<p>Fondamentalement, la pr\u00e9sence de marques pose \u00e9galement la question du d\u00e9terminisme s\u00e9miotique (King 2001) qui lui est indissociable. Logiquement, elle am\u00e8ne les citoyens, comme les artistes \u00e0 trouver des moyens de s\u2019en d\u00e9gager par la recherche d\u2019une reprise en main de la qu\u00eate de sens par les protagonistes (Fiske 1997), voire \u00e0 des actions de \u00ab&#160;d\u00e9sob\u00e9issance s\u00e9miotique&#160;\u00bb qui franchissent quelquefois les fronti\u00e8res de la l\u00e9galit\u00e9 (Katyal 206).<\/p>\n<p>L\u2019ensemble de ses \u00e9l\u00e9ments constitue autant de th\u00e8mes abord\u00e9s par les articles de cet axe de recherche&#160;:<\/p>\n<ul>\n<li>int\u00e9r\u00eats et limites des droits de propri\u00e9t\u00e9 dans l\u2019univers de l\u2019Art<\/li>\n<li>influence du d\u00e9veloppement de la protection des \u0153uvres sur le travail et la cr\u00e9ativit\u00e9 artistique<\/li>\n<li>l\u2019Art face au d\u00e9terminisme s\u00e9miotique et les actions pour le contrarier<\/li>\n<\/ul>\n<p>Les r\u00e9flexions pourront ici rejoindre des travaux existants dans diff\u00e9rentes disciplines. Du c\u00f4t\u00e9 des arts visuels, on parle par exemple de \u00ab&#160;postproduction&#160;\u00bb, dans le sillage du livre de Nicolas Bourriaud. En lien avec <em>Esth\u00e9tique relationnelle<\/em>, l\u2019ouvrage propose une r\u00e9flexion sur l\u2019\u00e9volution des pratiques artistiques en fonction de l\u2019\u00ab&#160;espace mental mutant qu\u2019ouvre pour la pens\u00e9e le r\u00e9seau Internet&#160;\u00bb (Bourriaud, 2003, p. 6).<\/p>\n<p>Il existe d\u2019autres noms pour d\u00e9signer ces processus de culture \u00e0 l\u2019heure d\u2019internet. En droit, par exemple, on parle d\u2019\u0153uvres transformatrices. Les \u0153uvres transformatrices sont celles qui empruntent \u00e0 une \u0153uvre premi\u00e8re et apportent \u00e0 leur tour une cr\u00e9ation originale lui conf\u00e9rant une protection par le droit d\u2019auteur. Ces \u0153uvres nouvelles sont appel\u00e9es <em>mashup <\/em>(r\u00e9unir des \u0153uvres sans les modifier) ou <em>remix <\/em>(modifier une \u0153uvre originale pour en cr\u00e9er une nouvelle). Le statut de ces \u0153uvres d\u00e9riv\u00e9es est connu en propri\u00e9t\u00e9 intellectuelle&#160;: l\u2019auteur de l\u2019\u0153uvre seconde doit solliciter l\u2019autorisation de l\u2019auteur ou de l\u2019ayant droit de l\u2019\u0153uvre premi\u00e8re, faute de quoi il est consid\u00e9r\u00e9 comme un contrefacteur.<\/p>\n<p>Cependant, l\u2019\u00e9volution de certains usages semble telle qu\u2019il convient de r\u00e9fl\u00e9chir \u00e0 une \u00e9ventuelle progression du droit. Ainsi, ces \u0153uvres transformatrices (<em>mashup <\/em>ou <em>remix<\/em>) posent la question du \u00ab&#160;contenu cr\u00e9\u00e9 par l\u2019utilisateur&#160;\u00bb sur Internet et sur l\u2019\u00e9ventuelle cr\u00e9ation d\u2019une nouvelle exception.<\/p>\n<h2>Informations sur les articles<\/h2>\n<p><strong>\u00a0<\/strong>Les articles attendus pourront explorer des aires culturelles diff\u00e9rentes (Afrique, Am\u00e9rique, Asie, Europe, Oc\u00e9anie). Ils s\u2019articuleront autour de quatre grands th\u00e9matiques\/axes en croisant plusieurs disciplines&#160;: Sciences de l\u2019Information et de la Communication, Arts Visuels, Histoire de l\u2019Art, Anthropologie, Sciences de Gestion, Droit, S\u00e9miotique, Design, Philosophie, Th\u00e9ologie, Sociologie, Politique, Linguistique&#8230;<\/p>\n<p>Les questions principales des articles pourront concerner, entre autres&#160;:<\/p>\n<ul>\n<li>les sp\u00e9cificit\u00e9s des politiques de marque qui s\u2019appuient sur les \u0153uvres d\u2019Art (chapitre 2)<\/li>\n<li>les caract\u00e9ristiques de \u0153uvres d\u2019Art utilis\u00e9s par les marques (chapitre 2)<\/li>\n<li>la place des \u0153uvres d\u2019Art dans les r\u00e9cits mythiques, et les storytelling des marques (chapitre 2 et 3)<\/li>\n<li>les \u00e9motions g\u00e9n\u00e9r\u00e9es par l\u2019utilisation d\u2019\u0153uvres d\u2019Art par les marques (chapitre 2)<\/li>\n<li>les mythes, leurs mat\u00e9rialit\u00e9s et leurs incarnations dans le domaine de l\u2019Art et dans celui des marques commerciales (chapitre 3)<\/li>\n<li>l\u2019incarnation du mythe commercial par l\u2019activit\u00e9 artistique (chapitre 1)<\/li>\n<li>la place du sacr\u00e9 dans l\u2019Art et dans les marques (chapitre 3)<\/li>\n<li>la place des marques dans les mythes populaires et la culture populaire (chapitre 1, chapitre 3)<\/li>\n<li>la d\u00e9mocratisation culturelle par les r\u00e9cits mythiques (chapitre 1, chapitre 3)<\/li>\n<li>la production industrielle des biens culturels par le mythe (chapitre 3)<\/li>\n<li>les principes du Transmedia Storytelling \u00e0 travers les mythes (chapitre 3)<\/li>\n<li>les proc\u00e9d\u00e9s par lesquels l\u2019art investit un langage proche de celui du commerce (chapitre 3)<\/li>\n<li>la fabrication de fictions par l\u2019Art, et par l\u2019univers des marques (chapitre 2)<\/li>\n<li>l\u2019articulation des valeurs commerciales, artistiques\u00a0 et esth\u00e9tiques aujourd\u2019hui (chapitre 2)<\/li>\n<li>les rapports entre la cr\u00e9ation artistique et sa valorisation (chapitre 3)<\/li>\n<li>les processus de l\u00e9gitimation artistique des acteurs du monde de l\u2019Art dans la modernit\u00e9 (chapitre 3)<\/li>\n<li>les bienfaits et les m\u00e9faits des droits de propri\u00e9t\u00e9s intellectuels pour les artistes (chapitre 4)<\/li>\n<li>la protection de l&rsquo;\u0153uvre commune et collective (chapitre 4)<\/li>\n<li>l\u2019impact des droits de propri\u00e9t\u00e9 intellectuelle sur la cr\u00e9ativit\u00e9 artistique (chapitre 4)<\/li>\n<li>la d\u00e9sob\u00e9issance s\u00e9miotique et la d\u00e9marche de hacking dans le domaine de l\u2019Art (chapitre 4)<\/li>\n<li>l\u2019Art face aux mondes complexes (chapitre 1, 2 et 3)<\/li>\n<li>la post-post-production (chapitre 4)<\/li>\n<\/ul>\n<h2>Modalit\u00e9s de participation<\/h2>\n<p><strong>\u00a0<\/strong>Les propositions \u2014 deux pages r\u00e9dig\u00e9es, accompagn\u00e9es d&rsquo;une bibliographie s\u00e9lective et d&rsquo;une courte \u00e9bauche de plan \u2014 devront \u00eatre adress\u00e9es <strong>avant le 31 janvier 2022 <\/strong>\u00e0 l\u2019adresse suivante&#160;: <a href=\"mailto:lartisteetlesmarques@gmail.com\"><em>lartisteetlesmarques@gmail.com<\/em>.<\/a><\/p>\n<p>Les auteurs sont invit\u00e9s \u00e0 indiquer l\u2019axe\/th\u00e8me de rattachement de la proposition.<\/p>\n<p>Les propositions seront \u00e9valu\u00e9es ensuite de mani\u00e8re anonyme. Les auteurs et autrices seront inform\u00e9-e-s des r\u00e9sultats au plus tard <strong>fin avril 2022<\/strong>. Une version d\u00e9finitive des articles sera \u00e0 rendre pour <strong>septembre 2022.<\/strong><\/p>\n<p><strong>\u00a0<\/strong>Les articles seront publi\u00e9s dans la revue <em>Kairos <\/em>courant 2023.<\/p>\n<p>Les auteurs sont invit\u00e9s \u00e0 se r\u00e9f\u00e9rer aux normes de la revue&#160;: <strong>https:\/\/revues- msh.uca.fr\/kairos\/index.php?id=623<\/strong><\/p>\n<p><strong>\u00a0<\/strong>Site de la revue&#160;: https:\/\/revues-msh.uca.fr\/kairos\/<\/p>\n<h2>Bibliographie<\/h2>\n<p><strong>\u00a0<\/strong>Agha, Asif (2015). \u00ab&#160;Tropes of Branding in Forms of Life&#160;\u00bb, <em>Signs and Society<\/em>, Vol. 3, No. S1 (Suppl\u00e9ment 2015), p. 174-194.<\/p>\n<p>Albert, Jean-Pierre, Kedzierska-Manzo, Agnieszka (2016). \u00ab&#160;Des objets-signes aux objets-sujets&#160;\u00bb, <em>Archives de sciences sociales des <\/em>religions, n\u00b0 174, ID&#160;: <u>10.4000\/assr.27699<\/u><\/p>\n<p>Arvidsson, Adam (2005). <em>Brands, Meaning and value in media culture<\/em>, London, Routledge.<\/p>\n<p>Assouly, Olivier (2008). <em>Capitalisme esth\u00e9tique<\/em>, <em>Essai sur l&rsquo;industrialisation du go\u00fbt, <\/em>Paris, Cerf.<\/p>\n<p>Azam, Martine, de Federico, Ainhoa (2016). \u00ab&#160;Sociologie de l\u2019art et analyse des r\u00e9seaux sociaux&#160;\u00bb, <em>Sociologie de l\u2019Art<\/em>, 1-2 (OPuS 25 &amp; 26), p. 13-36.<\/p>\n<p>Barthes, Roland (1985). <em>L\u2019Aventure s\u00e9miologique<\/em>, Paris, \u00c9ditions du Seuil.<\/p>\n<p>Barthes, Roland (1963). \u00ab&#160;Le message publicitaire, r\u00eave et po\u00e9sie&#160;\u00bb, <em>Les Cahiers de la publicit\u00e9<\/em>, n<em>\u00b0<\/em>7<em>, <\/em>Langue et publicit\u00e9, p<em>. <\/em>91-96.<\/p>\n<p>Batazzi, Claudine, Parizot, Anne (2016). \u00ab&#160;Identit\u00e9s de marques et marqueurs d\u2019identit\u00e9. Vers une construction identitaire et sociale des individus par et dans la consommation&#160;?&#160;\u00bb, <em>Questions de management<\/em>, p. 89-101.<\/p>\n<p>Baudrillard, Jean (1968). <em>Le Syst\u00e8me des objets&#160;: la consommation des signes<\/em>, Paris, Gallimard.<\/p>\n<p>Benjamin, Walter (1939). \u00ab&#160;L&rsquo;\u0152uvre d&rsquo;art \u00e0 l&rsquo;\u00e9poque de sa reproductibilit\u00e9 technique&#160;\u00bb, <em>\u0152uvres III<\/em>, Folio essais.<\/p>\n<p>Bourriaud, Nicolas (2001). <em>Esth\u00e9tique relationnelle<\/em>, Dijon, Les Presses du r\u00e9el.<\/p>\n<p>Bourriaud, Nicolas (2003). <em>Postproduction. La culture comme sc\u00e9nario&#160;: comment l\u2019art reprogramme le monde contemporain<\/em>, Dijon, Les Presses du r\u00e9el.<\/p>\n<p>Moullier Boutang, Yann (2007). <em>Le capitalisme cognitif. La nouvelle grande transformation<\/em>, \u00c9ditions Amsterdam.<\/p>\n<p>Capelli Sonia, Sabadie Wiliam, Trendel Olivier, (2012). \u00ab&#160;Les proc\u00e9d\u00e9s d&rsquo;attention publicitaire&#160;: l&rsquo;homme politique peut-il s&rsquo;inspirer des marques&#160;?&#160;\u00bb, Stengers T. (dir.), <em>Le marketing politique<\/em>, Paris, CNRS \u00e9ditions.<\/p>\n<p>Cochoy Franck (2002). <em>Une sociologie du packaging, ou l\u2019\u00e2ne de Buridan face au march\u00e9<\/em>, Paris, Presses Universitaires de France.<\/p>\n<p>Court, Raymond (2009). \u00ab&#160;L\u2019art et le sacr\u00e9&#160;\u00bb, <em>S.E.R. \u00ab&#160;\u00c9tudes&#160;\u00bb, <\/em>n\u00b05, Tome 410, p. 627 \u00e0 638.<\/p>\n<p>Del\u00e9ris, Gilles, Gancel, Denis (2011). <em>Ecce logo, Les marques, anges et d\u00e9mons du XXI<\/em><em>e <\/em><em>si\u00e8cle<\/em>, Paris, Edition Loco.<\/p>\n<p>Djupe, Paul A. (2000). \u00ab&#160;Religious Brand Loyalty and Political Loyalties&#160;\u00bb, <em>Journal for the Scientific Study of Religion<\/em>, Vol. 39, n\u00b0. 1, p. 78-89.<\/p>\n<p>Durkheim, \u00c9mile (1912). <em>Les formes \u00e9l\u00e9mentaires de la vie religieuse. Le syst\u00e8me tot\u00e9mique en Australie<\/em>. Livre II. Les croyances \u00e9l\u00e9mentaires, \u00c9dition \u00e9lectronique r\u00e9alis\u00e9e par Jean-Marie Tremblay \u00e0 Chicoutimi, Qu\u00e9bec, revue, corrig\u00e9e avec ajout des mots grecs manquants par Bertrand Gibier le 28 juin 2008.<\/p>\n<p>Fourquet Laurent (2011). <em>L&rsquo;\u00e8re du consommateur<\/em>, Paris, Cerf.<\/p>\n<p>Gour\u00e9vitch, Jean-Paul (1982). <em>Art et publicit\u00e9<\/em>, n\u00b056 sp\u00e9cial de Actualit\u00e9 des arts plastiques, Paris, CNDP.<\/p>\n<p>Gu\u00e9rin, Robert (1957). <em>Les Fran\u00e7ais n\u2019aiment pas la publicit\u00e9<\/em>, Olivier Perrin.<\/p>\n<p>Heilbrunn, Beno\u00eft (2017). <em>La marque<\/em>, Paris, Presses Universitaires de France, Que sais-je&#160;?<\/p>\n<p>Hillaire, Norbert (2011), \u00ab&#160;Portrait de l\u2019artiste en entrepreneur et de l\u2019entrepreneur en artiste&#160;\u00bb, <em>L\u2019Artiste, un entrepreneur&#160;?<\/em>, Smart \u2013 Collectif Impressions nouvelles.<\/p>\n<p>Adorno, Theodor W., Horkheimer, Max, (1974). <em>La dialectique de la raison<\/em>, Paris, Gallimard.<\/p>\n<p>Izberk-Bilgin, Elif (2012). \u00ab&#160;Infidel Brands&#160;: Unveiling Alternative Meanings of Global Brands at the Nexus of Globalization, Consumer Culture, and Islamism&#160;\u00bb, <em>Journal of Consumer Research <\/em>, Vol. 39, n\u00b0 4, p. 663-687.<\/p>\n<p>Jaszi, Peter (1992). \u00ab&#160;On the author effect contemporary copyrith and collective creativity&#160;\u00bb, <em>Cardozo Arts and entertainment law journal<\/em>, Vol. 10.<\/p>\n<p>Kapferer, Jean Noel (2000). <em>Re marques<\/em>, Paris, \u00c9ditions d\u2019organisations. Kapferer, Jean Noel (2006). <em>FAQ&#160;: la marque<\/em>, Paris, Dunod.<\/p>\n<p>Kapferer, Jean Noel (2016). <em>The future of Branding<\/em>, New-York, Sage publication.<\/p>\n<p>Katyal, Sonia K. (2006). \u00ab&#160;Semiotic Disobedience&#160;\u00bb, <em>Washington University law review<\/em>, 84-3. Available at&#160;: <u>https:\/\/openscholarship.wustl.edu\/law_lawreview\/vol84\/iss3\/1<\/u><\/p>\n<p>King, Barry (2001).\u00ab&#160;On semiotic determinism and the visual sign&#160;\u00bb, <em>The american journal of semiotics<\/em>, 17-3, p. 47-68.<\/p>\n<p>Klein, Naomi (2002), <em>No logo, La tyrannie des marques<\/em>, Paris, Actes sud.<\/p>\n<p>Lipovetsky, Gilles, Serroy, Jean (2013). <em>L\u2019esth\u00e9tisation du monde, Vivre \u00e0 l&rsquo;\u00e2ge du capitalisme artiste<\/em>, Paris, Gallimard, coll. \u00ab&#160;Hors-s\u00e9rie Connaissance&#160;\u00bb.<\/p>\n<p>Lipovetsky. Gilles (2017), <em>Plaire et toucher. Essai sur la soci\u00e9t\u00e9 de s\u00e9duction<\/em>, Paris, Gallimard.<\/p>\n<p>Menger, Pierre-Michel (2002). <em>Portrait <\/em>de l&rsquo;<em>artiste en travailleur<\/em>, <em>M\u00e9tamorphoses du capitalisme<\/em>, Paris, Seuil, coll. \u00ab&#160;La R\u00e9publique des id\u00e9es&#160;\u00bb.<\/p>\n<p>McConaghy Burlakova, Maria (2010). <em>Art et commerce&#160;: d\u00e9veloppements, collaborations et cons\u00e9quences de la r\u00e9volution industrielle \u00e0 nos jours<\/em>, th\u00e8se, universit\u00e9 Paris 1.<\/p>\n<p>McLean, Fiona (1998). \u00ab&#160;Corporate Identity in Museums&#160;: An Exploratory Study&#160;\u00bb, <em>International Journal of Arts Management <\/em>, FALL 1998, Vol. 1, n\u00b0 1, p. 40-49.<\/p>\n<p>Manning, Paul (2010). \u00ab&#160;The Semiotics of Brand Author(s)&#160;\u00bb, <em>Annual Review of Anthropology <\/em>, Vol. 39, p. 33-49.<\/p>\n<p>Mark, Margaret, Pearson, Carol S. (2001). <em>The hero and the outlaw, building extraordinary brands through the power of archetypes<\/em>, Mc Graw Hill.<\/p>\n<p>Mary, Andr\u00e9 (2012). \u00ab&#160;Retour aux choses sacr\u00e9es&#160;: embl\u00e8mes, empreintes et f\u00e9tiches<\/p>\n<p>&#160;\u00bb, <em>Archives de sciences sociales des <\/em>religions, n\u00b0159, URL&#160;: <a href=\"http:\/\/journals.openedition.org\/assr\/24179\">http:\/\/journals.openedition.org\/assr\/24179<\/a>&#160;; DOI&#160;: 10.4000\/assr.24179<\/p>\n<p>Michel, G\u00e9raldine (2004). <em>Au c\u0153ur de la marque<\/em>, Paris, Dunod.<\/p>\n<p>Michel, G\u00e9raldine, Borraz, St\u00e9phane (2015). <em>Quand les artistes s\u2019emparent des marques<\/em>, Paris, Dunod.<\/p>\n<p>Mu\u00f1iz Jr., Albert M., Jensen Schau, Hope (2005). \u00ab&#160;Religiosity in the Abandoned Apple Newton Brand Community&#160;\u00bb, <em>Journal of Consumer Research <\/em>, Vol. 31, n\u00b0 4, p. 737-747.<\/p>\n<p>Naumannn Francis M., (2004). <em>Marcel Duchamp&#160;: L\u2019art \u00e0 l\u2019\u00e8re de la reproduction m\u00e9canis\u00e9e<\/em>, Paris, Hazan Editions.<\/p>\n<p>Pusa, Sofia, Uusitalo, Liisa (2014). \u00ab&#160;Creating Brand Identity in Art Museums&#160;: A Case Study&#160;\u00bb, <em>International Journal of Arts Management <\/em>, Vol. 17, n\u00b0 1, p. 18-30. Published by&#160;: HEC &#8211; Montr\u00e9al &#8211; Chair of Arts Management Stable.<\/p>\n<p>Reinert, Otto (2013). \u00ab&#160;The Ending of BrandAuthor(s)&#160;\u00bb, <em>Scandinavian Studies <\/em>, Vol. 85, n\u00b0 1, p. 67-78.<\/p>\n<p>Rifkin, Jeremy (2000). <em>L\u2019\u00e2ge de l\u2019acc\u00e8s&#160;: la v\u00e9rit\u00e9 sur la nouvelle \u00e9conomie, <\/em>Paris, La D\u00e9couverte.<\/p>\n<p>Roudinesco, \u00c9lisabeth (2021). <em>Soi-m\u00eame comme un roi \u2013 Essai sur les d\u00e9rives identitaires<\/em>, Paris, Le seuil, La couleur des id\u00e9es.<\/p>\n<p>Schneider, Daniele (1999). <em>La Pub d\u00e9tourne l\u2019art<\/em>, \u00c9ditions du Tricorne..<\/p>\n<p>Shachar, Ron, Erdem, T\u00fclin, Cutright, Keisha M., Fitzsimons, Gavan, J. (2011). \u00ab&#160;Brands&#160;: The Opiate of the Nonreligious Masses&#160;?&#160;\u00bb, <em>Marketing Science<\/em>, Vol. 30, n\u00b0 1, p. 92-110.<\/p>\n<p>Schwartz, Frederic J. (1996). <em>The Werkbund \u2013 Design theory and mass culture before the first world war<\/em>, Yale University press.<\/p>\n<p>Scott, Allen J., Leriche, Fr\u00e9d\u00e9ric (2005). \u00ab&#160;Les ressorts g\u00e9ographiques de l\u2019\u00e9conomie culturelle&#160;: du local au mondial&#160;\u00bb, <em>L\u2019espace g\u00e9ographique<\/em>, p. 207-222.<\/p>\n<p>Tarde, Gabriel (1895). <em>Les lois de l\u2019imitation<\/em>, \u00e9dition num\u00e9ris\u00e9e et disponible dans la collection \u00ab&#160;Les classiques en sciences sociales&#160;\u00bb, Chicoutimi.<\/p>\n<p>Tisseron, Serge (1995). <em>Psychanalyse de l\u2019image, des premiers traits au virtuel<\/em>, Paris, Dunod.<\/p>\n<p>Walker, John (1983). <em>Art in the age of mass media<\/em>, London, Pluto Press.<\/p>\n<h3>Sitographie\/\u00e9mission TV\/Radio\/podcast\/blog\/youtubeur\u2026<\/h3>\n<p><u>https:\/\/<\/u><a href=\"http:\/\/www.franceculture.fr\/emissions\/les-idees-claires\/le-stade-esthetique-du-\">www.franceculture.fr\/emissions\/les-idees-claires\/le-stade-esthetique-du-<\/a> <u>capitalisme<\/u><\/p>\n<p><u>Gilles Deleris | Wonderful Brands (wcie.fr)<\/u><\/p>\n<p><u>Let&rsquo;s talk NFT&rsquo;s&#160;: Podcast on GFT&rsquo;s &lsquo;Your immutable future&rsquo; platform With David<\/u> <u>Creer, Julien Donnet and Antoine Schmitt. We discuss immortal smart contracts,<\/u> <u>mutable smart contracts, NFTs\u2026 (anglais). Your immutable future &#8211; Let&rsquo;s talk NFT&rsquo;s &#8211;<\/u> <u>GFT Talks EN (captivate.fm)<\/u><\/p>\n<h2>Comit\u00e9 scientifique du num\u00e9ro<\/h2>\n<ul>\n<li>Eric Agbessy, Universit\u00e9 Clermont Auvergne<\/li>\n<li>Viviane Alary, Universit\u00e9 Clermont Auvergne<\/li>\n<li>Christophe Bardin, Universit\u00e9 de Saint-\u00c9tienne<\/li>\n<li>Karine Berthelot- Guiet, Universit\u00e9 de Paris-Sorbonne<\/li>\n<li>Anne Beyaert Geslin, Universit\u00e9 Bordeaux Montaigne<\/li>\n<li>Gilles Del\u00e9ris, Directeur de la cr\u00e9ation BDDP<\/li>\n<li>Dominique Desjeux, Universit\u00e9 de Paris<\/li>\n<li>Ludovic Duhem, ESAD Valenciennes<\/li>\n<li>Axel Gasquet, Universit\u00e9 Clermont Auvergne<\/li>\n<li>Benoit Helbrunn ESCP Europe<\/li>\n<li>Gr\u00e9gory J\u00e9rome, HEAR Mulhouse<\/li>\n<li>Jean No\u00ebl Kapferer, HEC Paris<\/li>\n<li>Olivia Salmon-Monviala, Universit\u00e9 Clermont Auvergne<\/li>\n<li>Ludovic Viallet, Universit\u00e9 Clermont Auvergne<\/li>\n<\/ul>\n<p><strong>La coordination de ce num\u00e9ro est assur\u00e9e par&#160;:<\/strong><\/p>\n<ul>\n<li>\u00c9lise Aspord, Docteur en Histoire Nouveaux M\u00e9dias, chercheuse associ\u00e9e du laboratoire EA 4647 Communication et soci\u00e9t\u00e9s, co-pr\u00e9sidente de Vid\u00e9oformes festival vid\u00e9o et cultures num\u00e9riques de Clermont-Ferrand.<\/li>\n<li>Agn\u00e8s Bernard, MCF, Sciences de l\u2019Information et de la Communication, EA 4647 Communication et soci\u00e9t\u00e9s.<\/li>\n<li>Patrick Bourgne, MCF, Sciences de l\u2019Information et de la Communication, EA 4647 Communication et soci\u00e9t\u00e9s. Il a dirig\u00e9 l\u2019ouvrage collectif \u201cMarketing, rem\u00e8de ou poison&#160;?\u201d, EMS 2013.<\/li>\n<li>Marie Heyd, Docteur en arts visuels, chercheuse associ\u00e9e du laboratoire EA 3402 Approches contemporaines de la cr\u00e9ation et de la r\u00e9flexion artistique (ACCRA), Universit\u00e9 de Strasbourg.<\/li>\n<\/ul>\n<h2>Comit\u00e9 scientifique international de Kairos<\/h2>\n<ul>\n<li>ABDELLILAH Abdelkader, Directeur du laboratoire d&rsquo;information et des archives, Universit\u00e9 d&rsquo;Oran (Alg\u00e9rie)<\/li>\n<li>BASUROY Suman, Professeur en Marketing, University of Texas at San Antonio (\u00c9tats- Unis)<\/li>\n<li>BERTIN George, Directeur de recherches en Sciences Sociales au CNAM des Pays de la Loire<\/li>\n<li>CANDEL \u00c9tienne, Professeur des Universit\u00e9s en Sciences de l&rsquo;Information et de la Communication, Universit\u00e9 de Lyon<\/li>\n<li>CHEVAL Jean-Jacques, Professeur des Universit\u00e9s en Sciences de l&rsquo;Information et de la Communication, Universit\u00e9 de Bordeaux<\/li>\n<li>DOUYERE David, PU en Sciences de l\u2019Information et de la Communication, Universit\u00e9 de Tours<\/li>\n<li>DRESSEN-HAMMOUDA Dacia, Ma\u00eetre de conf\u00e9rences HDR en \u00c9tudes Anglophones, UCA<\/li>\n<li>DRUET Anne-C\u00e9cile, Ma\u00eetre de Conf\u00e9rences en Civilisation Espagnole Contemporaine, Universit\u00e9 de Marne-la-Vall\u00e9e<\/li>\n<li>FRAME Alexander, Ma\u00eetre de Conf\u00e9rences en Sciences de l&rsquo;Information et de la Communication, Universit\u00e9 de Bourgogne<\/li>\n<li>FRE\u00c1N HERN\u00c1NDEZ \u00d3scar, Ma\u00eetre de Conf\u00e9rences en Histoire et Civilisation de l&rsquo;Espagne Contemporaine, Universit\u00e9 de Franche-Comt\u00e9<\/li>\n<li>GAZI Angeliki, Assistant professor at the Department of Communication and Internet Studie, Cyprus University of Technology<\/li>\n<li>GAUTHIER Jean-Fran\u00e7ois, Directeur de l&rsquo;Institut de Gouvernance Num\u00e9rique (Qu\u00e9bec)<\/li>\n<li>GOUSCOS Dimitris, Assistant Professor, Faculty of Communication and Media Studies, University of Athens<\/li>\n<li>GRAMACCIA Gino, Professeur des Universit\u00e9s en Sciences de l&rsquo;Information et de la Communication, Universit\u00e9 de Bordeaux<\/li>\n<li>JUNKERJ\u00dcRGEN Ralf, \u00c9tudes Culturelles-Romanistique \/ Kulturwissenschaften- Romanistik, Universit\u00e9 de Regensburg (Allemagne)<\/li>\n<li>K\u00d6SE H\u00fcseyin, Professeur des Universit\u00e9s en Journalisme, Universit\u00e9 Erzurum (Turquie)<\/li>\n<li>LARDELLIER Pascal, Professeur des Universit\u00e9s en Sciences de l&rsquo;Information et de la Communication, Universit\u00e9 de Bourgogne<\/li>\n<li>LUENGO LOPEZ Jordi, Profesor Contratado Doctor, Universidad Pablo de Olavide, S\u00e9ville (Espagne)<\/li>\n<li>NICOLESCU Basarab, Pr\u00e9sident du Centre International de Recherches et \u00c9tudes Transdisciplinaires (CIRET)<\/li>\n<li>OLLIVIER Bruno, Professeur des Universit\u00e9s en Sciences de l&rsquo;Information et de la Communication, Universit\u00e9 des Antilles et de la Guyane<\/li>\n<li>QUANQUIN V\u00e9ronique, Ma\u00eetre de conf\u00e9rences en Linguistique Didactique, UCA<\/li>\n<li>PEREZ HERRERO Pilar, Profesora titular en Communication, Universit\u00e9 de Salamanca (Espagne)<\/li>\n<li>TUDOR Mihaela, Ma\u00eetre de conf\u00e9rences HDR en Sciences de l&rsquo;Information et de la Communication, Universit\u00e9 de Montpellier 3<\/li>\n<li>VIALLON Philippe, Professeur des Universit\u00e9s en Sciences de l&rsquo;Information et de la Communication, Universit\u00e9 de Strasbourg<\/li>\n<li>WHITTON Timothy, Professeur des Universit\u00e9s en \u00c9tudes Anglophones, UCA WIKMAN Marina, Senior Lecturer \/ Ma\u00eetre de Conf\u00e9rences en Communication interculturelle, Satakunta University of Applied Sciences (Finlande)<\/li>\n<li>ZREIK Khaldoun, Professeur des universit\u00e9s en Sciences de l&rsquo;Information et de la Communication, Universit\u00e9 Paris 8<\/li>\n<\/ul>\n<h2>R\u00e9dacteurs en chef de Kairos<\/h2>\n<ul>\n<li>Olivia SALMON-MONVIOLA, MCF en \u00c9tudes Ib\u00e9riques 14e section<\/li>\n<li>S\u00e9bastien ROUQUETTE, PU en Sciences de l&rsquo;Information et de la Communication, 71e section<\/li>\n<\/ul>\n<h2>Comit\u00e9 de r\u00e9daction de Kairos<\/h2>\n<p>ABA\u00cfDI, Mohamed-Salah, chercheur associ\u00e9 de Communication et Soci\u00e9t\u00e9s, UCA BERNARD, Agn\u00e8s, Ma\u00eetre de Conf\u00e9rences en Sciences de l&rsquo;Information et de la Communication, UCA<\/p>\n<p>CHAUZAL-LARGUIER, Christelle, Ma\u00eetre de Conf\u00e9rences en Sciences de Gestion, UCA GUILLAUMOND, Julien, Ma\u00eetre de Conf\u00e9rences en Etudes Anglais, UCA<\/p>\n<\/p><\/div>\n<div class=\"zn-singledetail-attachedfiles\">\n<h3 class=\"zn-singledetail-section-title\">Fichier(s) attach\u00e9(s)<\/h3>\n<ul class=\"zn-singledetail-attachedfiles-list\">\n<li class=\"zn-singledetail-attachedfiles-item\">\n\t\t\t\t\t\t\t<a class=\"zn-singledetail-attachedfiles-link button outline for-download\" href=\"https:\/\/www.sfsic.org\/wp-inside\/uploads\/skp-membership\/demande_adh\/aac_lartiste-a-lepoque-des-marques_kairos_2021.pdf\" title=\"T\u00e9l\u00e9charger : \u00ab aac_lartiste-a-lepoque-des-marques_kairos_2021.pdf \u00bb\" target=\"_blank\" rel=\"noopener\"><br \/>\n\t\t\t\t\t\t\t\t<span class=\"button-txt\">AAC_L&#8217;artiste a\u0300 l&#8217;e\u0301poque des marques_Kairos_2021<span class=\"button-txt-type\"> (pdf)<\/span><\/span><br \/>\n\t\t\t\t\t\t\t<\/a>\n\t\t\t\t\t\t<\/li>\n<\/ul><\/div>\n<div class=\"zn-singledetail-keywords\">\n<h3 class=\"zn-singledetail-section-title\">Mots-cl\u00e9s<\/h3>\n<ul class=\"termslist termslist-post_tag\">\n<li class=\"termslist-item termslist-title\"><span class=\"termslist-titletxt\">Mots-cl\u00e9s<\/span><span class=\"doubledot\"><\/span><\/li>\n<li class=\"termslist-item tax-post_tag term-arts\"><a class=\"termslist-itemlink\" href=\"https:\/\/www.sfsic.org\/en\/tag\/arts-en\/\" title=\"Arts\"><span class=\"termslist-itemname\">Arts<\/span><\/a><\/li>\n<li class=\"termslist-item tax-post_tag term-culture\"><a class=\"termslist-itemlink\" href=\"https:\/\/www.sfsic.org\/en\/tag\/culture-en\/\" title=\"Culture\"><span class=\"termslist-itemname\">Culture<\/span><\/a><\/li>\n<li class=\"termslist-item tax-post_tag term-marque\"><a class=\"termslist-itemlink\" href=\"https:\/\/www.sfsic.org\/en\/tag\/brand\/\" title=\"Marque\"><span class=\"termslist-itemname\">Marque<\/span><\/a><\/li>\n<li class=\"termslist-item tax-post_tag term-publicite\"><a class=\"termslist-itemlink\" href=\"https:\/\/www.sfsic.org\/en\/tag\/advertising\/\" title=\"Publicit\u00e9\"><span class=\"termslist-itemname\">Publicit\u00e9<\/span><\/a><\/li>\n<li class=\"termslist-item tax-post_tag term-storytelling\"><a class=\"termslist-itemlink\" href=\"https:\/\/www.sfsic.org\/en\/tag\/storytelling\/\" title=\"Storytelling\"><span class=\"termslist-itemname\">Storytelling<\/span><\/a><\/li>\n<\/ul><\/div>\n<\/p><\/div>\n<\/p><\/div>\n<\/p><\/div>\n<\/p><\/div>\n<\/div>\n<p><!-- \/fxzn:singledetail --><\/p>\n","protected":false},"excerpt":{"rendered":"<p>Mis en ligne le 17 novembre 2021 Th\u00e9matiques Images, cin\u00e9ma, m\u00e9dias audiovisuels et industries culturelles Organisation des connaissances R\u00e9ponse attendue pour le 31\/01\/2022 Type de r\u00e9ponse R\u00e9sum\u00e9 Type de contribution [&hellip;]<\/p>\n","protected":false},"author":781,"featured_media":0,"comment_status":"closed","ping_status":"closed","sticky":false,"template":"","format":"standard","meta":{"_acf_changed":false,"footnotes":""},"categories":[28,60],"tags":[350,382,80,81,425],"thematique":[35,42],"sfsic":[],"class_list":["post-20247","post","type-post","status-publish","format-standard","hentry","category-aac-publication","category-article","tag-arts","tag-culture","tag-marque","tag-publicite","tag-storytelling","thematique-images-cinema-medias-audiovisuels-et-industries-culturelles","thematique-organisation-des-connaissances","wp-sticky"],"acf":[],"yoast_head":"<!-- This site is optimized with the Yoast SEO plugin v27.5 - https:\/\/yoast.com\/product\/yoast-seo-wordpress\/ -->\n<title>L\u2019artiste \u00e0 l\u2019\u00e9poque des marques<\/title>\n<meta name=\"description\" content=\"La revue Kairos lance un appel \u00e0 contribution sur la th\u00e9matique &quot;L\u2019artiste \u00e0 l\u2019\u00e9poque des marques&quot; pour son prochain num\u00e9ro \u00ab Interactions entre l\u2019art, l\u2019artiste et la marque \u00bb.\" \/>\n<meta name=\"robots\" content=\"index, follow, max-snippet:-1, max-image-preview:large, max-video-preview:-1\" \/>\n<link rel=\"canonical\" href=\"https:\/\/www.sfsic.org\/en\/aac-publication\/lartiste-a-lepoque-des-marques\/\" \/>\n<meta property=\"og:locale\" content=\"en_US\" \/>\n<meta property=\"og:type\" content=\"article\" \/>\n<meta property=\"og:title\" content=\"L\u2019artiste \u00e0 l\u2019\u00e9poque des marques\" \/>\n<meta property=\"og:description\" content=\"La revue Kairos lance un appel \u00e0 contribution sur la th\u00e9matique &quot;L\u2019artiste \u00e0 l\u2019\u00e9poque des marques&quot; pour son prochain num\u00e9ro \u00ab Interactions entre l\u2019art, l\u2019artiste et la marque \u00bb.\" \/>\n<meta property=\"og:url\" content=\"https:\/\/www.sfsic.org\/en\/aac-publication\/lartiste-a-lepoque-des-marques\/\" \/>\n<meta property=\"og:site_name\" content=\"SFSIC\" \/>\n<meta property=\"article:published_time\" content=\"2021-11-18T11:15:30+00:00\" \/>\n<meta name=\"author\" content=\"Axelle Martin\" \/>\n<meta name=\"twitter:card\" content=\"summary_large_image\" \/>\n<script type=\"application\/ld+json\" class=\"yoast-schema-graph\">{\"@context\":\"https:\\\/\\\/schema.org\",\"@graph\":[{\"@type\":\"Article\",\"@id\":\"https:\\\/\\\/www.sfsic.org\\\/en\\\/aac-publication\\\/lartiste-a-lepoque-des-marques\\\/#article\",\"isPartOf\":{\"@id\":\"https:\\\/\\\/www.sfsic.org\\\/en\\\/aac-publication\\\/lartiste-a-lepoque-des-marques\\\/\"},\"author\":{\"name\":\"Axelle Martin\",\"@id\":\"https:\\\/\\\/www.sfsic.org\\\/en\\\/#\\\/schema\\\/person\\\/d3606993477708f4359fb9aeda58df3b\"},\"headline\":\"L\u2019artiste \u00e0 l\u2019\u00e9poque des marques\",\"datePublished\":\"2021-11-18T11:15:30+00:00\",\"mainEntityOfPage\":{\"@id\":\"https:\\\/\\\/www.sfsic.org\\\/en\\\/aac-publication\\\/lartiste-a-lepoque-des-marques\\\/\"},\"wordCount\":5387,\"publisher\":{\"@id\":\"https:\\\/\\\/www.sfsic.org\\\/en\\\/#organization\"},\"keywords\":[\"Arts\",\"Culture\",\"Marque\",\"Publicit\u00e9\",\"Storytelling\"],\"articleSection\":[\"AAC Publications\",\"Article\"],\"inLanguage\":\"en-US\"},{\"@type\":\"WebPage\",\"@id\":\"https:\\\/\\\/www.sfsic.org\\\/en\\\/aac-publication\\\/lartiste-a-lepoque-des-marques\\\/\",\"url\":\"https:\\\/\\\/www.sfsic.org\\\/en\\\/aac-publication\\\/lartiste-a-lepoque-des-marques\\\/\",\"name\":\"L\u2019artiste \u00e0 l\u2019\u00e9poque des marques\",\"isPartOf\":{\"@id\":\"https:\\\/\\\/www.sfsic.org\\\/en\\\/#website\"},\"datePublished\":\"2021-11-18T11:15:30+00:00\",\"description\":\"La revue Kairos lance un appel \u00e0 contribution sur la th\u00e9matique \\\"L\u2019artiste \u00e0 l\u2019\u00e9poque des marques\\\" pour son prochain num\u00e9ro \u00ab Interactions entre l\u2019art, l\u2019artiste et la marque \u00bb.\",\"breadcrumb\":{\"@id\":\"https:\\\/\\\/www.sfsic.org\\\/en\\\/aac-publication\\\/lartiste-a-lepoque-des-marques\\\/#breadcrumb\"},\"inLanguage\":\"en-US\",\"potentialAction\":[{\"@type\":\"ReadAction\",\"target\":[\"https:\\\/\\\/www.sfsic.org\\\/en\\\/aac-publication\\\/lartiste-a-lepoque-des-marques\\\/\"]}]},{\"@type\":\"BreadcrumbList\",\"@id\":\"https:\\\/\\\/www.sfsic.org\\\/en\\\/aac-publication\\\/lartiste-a-lepoque-des-marques\\\/#breadcrumb\",\"itemListElement\":[{\"@type\":\"ListItem\",\"position\":1,\"name\":\"Accueil\",\"item\":\"https:\\\/\\\/www.sfsic.org\\\/en\\\/\"},{\"@type\":\"ListItem\",\"position\":2,\"name\":\"Calls for Papers\",\"item\":\"https:\\\/\\\/www.sfsic.org\\\/en\\\/cfp-publication\\\/\"},{\"@type\":\"ListItem\",\"position\":3,\"name\":\"Article\",\"item\":\"https:\\\/\\\/www.sfsic.org\\\/en\\\/cfp-publication\\\/article-en\\\/\"},{\"@type\":\"ListItem\",\"position\":4,\"name\":\"L\u2019artiste \u00e0 l\u2019\u00e9poque des marques\"}]},{\"@type\":\"WebSite\",\"@id\":\"https:\\\/\\\/www.sfsic.org\\\/en\\\/#website\",\"url\":\"https:\\\/\\\/www.sfsic.org\\\/en\\\/\",\"name\":\"SFSIC\",\"description\":\"Soci\u00e9t\u00e9 Fran\u00e7aise des Sciences de l&#039;Information &amp; de la Communication\",\"publisher\":{\"@id\":\"https:\\\/\\\/www.sfsic.org\\\/en\\\/#organization\"},\"potentialAction\":[{\"@type\":\"SearchAction\",\"target\":{\"@type\":\"EntryPoint\",\"urlTemplate\":\"https:\\\/\\\/www.sfsic.org\\\/en\\\/?s={search_term_string}\"},\"query-input\":{\"@type\":\"PropertyValueSpecification\",\"valueRequired\":true,\"valueName\":\"search_term_string\"}}],\"inLanguage\":\"en-US\"},{\"@type\":\"Organization\",\"@id\":\"https:\\\/\\\/www.sfsic.org\\\/en\\\/#organization\",\"name\":\"SFSIC\",\"url\":\"https:\\\/\\\/www.sfsic.org\\\/en\\\/\",\"logo\":{\"@type\":\"ImageObject\",\"inLanguage\":\"en-US\",\"@id\":\"https:\\\/\\\/www.sfsic.org\\\/en\\\/#\\\/schema\\\/logo\\\/image\\\/\",\"url\":\"https:\\\/\\\/www.sfsic.org\\\/wp-inside\\\/uploads\\\/2020\\\/05\\\/logo-sfsic.jpg\",\"contentUrl\":\"https:\\\/\\\/www.sfsic.org\\\/wp-inside\\\/uploads\\\/2020\\\/05\\\/logo-sfsic.jpg\",\"width\":1085,\"height\":1080,\"caption\":\"SFSIC\"},\"image\":{\"@id\":\"https:\\\/\\\/www.sfsic.org\\\/en\\\/#\\\/schema\\\/logo\\\/image\\\/\"}},{\"@type\":\"Person\",\"@id\":\"https:\\\/\\\/www.sfsic.org\\\/en\\\/#\\\/schema\\\/person\\\/d3606993477708f4359fb9aeda58df3b\",\"name\":\"Axelle Martin\",\"image\":{\"@type\":\"ImageObject\",\"inLanguage\":\"en-US\",\"@id\":\"https:\\\/\\\/secure.gravatar.com\\\/avatar\\\/1065035eb5e480668fbf77e163c2e86f81ac342eaad4c8783acdf4a63f3c917b?s=96&d=mm&r=g\",\"url\":\"https:\\\/\\\/secure.gravatar.com\\\/avatar\\\/1065035eb5e480668fbf77e163c2e86f81ac342eaad4c8783acdf4a63f3c917b?s=96&d=mm&r=g\",\"contentUrl\":\"https:\\\/\\\/secure.gravatar.com\\\/avatar\\\/1065035eb5e480668fbf77e163c2e86f81ac342eaad4c8783acdf4a63f3c917b?s=96&d=mm&r=g\",\"caption\":\"Axelle Martin\"},\"sameAs\":[\"@antropocominside\"]}]}<\/script>\n<!-- \/ Yoast SEO plugin. -->","yoast_head_json":{"title":"L\u2019artiste \u00e0 l\u2019\u00e9poque des marques","description":"La revue Kairos lance un appel \u00e0 contribution sur la th\u00e9matique \"L\u2019artiste \u00e0 l\u2019\u00e9poque des marques\" pour son prochain num\u00e9ro \u00ab Interactions entre l\u2019art, l\u2019artiste et la marque \u00bb.","robots":{"index":"index","follow":"follow","max-snippet":"max-snippet:-1","max-image-preview":"max-image-preview:large","max-video-preview":"max-video-preview:-1"},"canonical":"https:\/\/www.sfsic.org\/en\/aac-publication\/lartiste-a-lepoque-des-marques\/","og_locale":"en_US","og_type":"article","og_title":"L\u2019artiste \u00e0 l\u2019\u00e9poque des marques","og_description":"La revue Kairos lance un appel \u00e0 contribution sur la th\u00e9matique \"L\u2019artiste \u00e0 l\u2019\u00e9poque des marques\" pour son prochain num\u00e9ro \u00ab Interactions entre l\u2019art, l\u2019artiste et la marque \u00bb.","og_url":"https:\/\/www.sfsic.org\/en\/aac-publication\/lartiste-a-lepoque-des-marques\/","og_site_name":"SFSIC","article_published_time":"2021-11-18T11:15:30+00:00","author":"Axelle Martin","twitter_card":"summary_large_image","schema":{"@context":"https:\/\/schema.org","@graph":[{"@type":"Article","@id":"https:\/\/www.sfsic.org\/en\/aac-publication\/lartiste-a-lepoque-des-marques\/#article","isPartOf":{"@id":"https:\/\/www.sfsic.org\/en\/aac-publication\/lartiste-a-lepoque-des-marques\/"},"author":{"name":"Axelle Martin","@id":"https:\/\/www.sfsic.org\/en\/#\/schema\/person\/d3606993477708f4359fb9aeda58df3b"},"headline":"L\u2019artiste \u00e0 l\u2019\u00e9poque des marques","datePublished":"2021-11-18T11:15:30+00:00","mainEntityOfPage":{"@id":"https:\/\/www.sfsic.org\/en\/aac-publication\/lartiste-a-lepoque-des-marques\/"},"wordCount":5387,"publisher":{"@id":"https:\/\/www.sfsic.org\/en\/#organization"},"keywords":["Arts","Culture","Marque","Publicit\u00e9","Storytelling"],"articleSection":["AAC Publications","Article"],"inLanguage":"en-US"},{"@type":"WebPage","@id":"https:\/\/www.sfsic.org\/en\/aac-publication\/lartiste-a-lepoque-des-marques\/","url":"https:\/\/www.sfsic.org\/en\/aac-publication\/lartiste-a-lepoque-des-marques\/","name":"L\u2019artiste \u00e0 l\u2019\u00e9poque des marques","isPartOf":{"@id":"https:\/\/www.sfsic.org\/en\/#website"},"datePublished":"2021-11-18T11:15:30+00:00","description":"La revue Kairos lance un appel \u00e0 contribution sur la th\u00e9matique \"L\u2019artiste \u00e0 l\u2019\u00e9poque des marques\" pour son prochain num\u00e9ro \u00ab Interactions entre l\u2019art, l\u2019artiste et la marque \u00bb.","breadcrumb":{"@id":"https:\/\/www.sfsic.org\/en\/aac-publication\/lartiste-a-lepoque-des-marques\/#breadcrumb"},"inLanguage":"en-US","potentialAction":[{"@type":"ReadAction","target":["https:\/\/www.sfsic.org\/en\/aac-publication\/lartiste-a-lepoque-des-marques\/"]}]},{"@type":"BreadcrumbList","@id":"https:\/\/www.sfsic.org\/en\/aac-publication\/lartiste-a-lepoque-des-marques\/#breadcrumb","itemListElement":[{"@type":"ListItem","position":1,"name":"Accueil","item":"https:\/\/www.sfsic.org\/en\/"},{"@type":"ListItem","position":2,"name":"Calls for Papers","item":"https:\/\/www.sfsic.org\/en\/cfp-publication\/"},{"@type":"ListItem","position":3,"name":"Article","item":"https:\/\/www.sfsic.org\/en\/cfp-publication\/article-en\/"},{"@type":"ListItem","position":4,"name":"L\u2019artiste \u00e0 l\u2019\u00e9poque des marques"}]},{"@type":"WebSite","@id":"https:\/\/www.sfsic.org\/en\/#website","url":"https:\/\/www.sfsic.org\/en\/","name":"SFSIC","description":"Soci\u00e9t\u00e9 Fran\u00e7aise des Sciences de l&#039;Information &amp; de la Communication","publisher":{"@id":"https:\/\/www.sfsic.org\/en\/#organization"},"potentialAction":[{"@type":"SearchAction","target":{"@type":"EntryPoint","urlTemplate":"https:\/\/www.sfsic.org\/en\/?s={search_term_string}"},"query-input":{"@type":"PropertyValueSpecification","valueRequired":true,"valueName":"search_term_string"}}],"inLanguage":"en-US"},{"@type":"Organization","@id":"https:\/\/www.sfsic.org\/en\/#organization","name":"SFSIC","url":"https:\/\/www.sfsic.org\/en\/","logo":{"@type":"ImageObject","inLanguage":"en-US","@id":"https:\/\/www.sfsic.org\/en\/#\/schema\/logo\/image\/","url":"https:\/\/www.sfsic.org\/wp-inside\/uploads\/2020\/05\/logo-sfsic.jpg","contentUrl":"https:\/\/www.sfsic.org\/wp-inside\/uploads\/2020\/05\/logo-sfsic.jpg","width":1085,"height":1080,"caption":"SFSIC"},"image":{"@id":"https:\/\/www.sfsic.org\/en\/#\/schema\/logo\/image\/"}},{"@type":"Person","@id":"https:\/\/www.sfsic.org\/en\/#\/schema\/person\/d3606993477708f4359fb9aeda58df3b","name":"Axelle Martin","image":{"@type":"ImageObject","inLanguage":"en-US","@id":"https:\/\/secure.gravatar.com\/avatar\/1065035eb5e480668fbf77e163c2e86f81ac342eaad4c8783acdf4a63f3c917b?s=96&d=mm&r=g","url":"https:\/\/secure.gravatar.com\/avatar\/1065035eb5e480668fbf77e163c2e86f81ac342eaad4c8783acdf4a63f3c917b?s=96&d=mm&r=g","contentUrl":"https:\/\/secure.gravatar.com\/avatar\/1065035eb5e480668fbf77e163c2e86f81ac342eaad4c8783acdf4a63f3c917b?s=96&d=mm&r=g","caption":"Axelle Martin"},"sameAs":["@antropocominside"]}]}},"_links":{"self":[{"href":"https:\/\/www.sfsic.org\/en\/wp-json\/wp\/v2\/posts\/20247","targetHints":{"allow":["GET"]}}],"collection":[{"href":"https:\/\/www.sfsic.org\/en\/wp-json\/wp\/v2\/posts"}],"about":[{"href":"https:\/\/www.sfsic.org\/en\/wp-json\/wp\/v2\/types\/post"}],"author":[{"embeddable":true,"href":"https:\/\/www.sfsic.org\/en\/wp-json\/wp\/v2\/users\/781"}],"replies":[{"embeddable":true,"href":"https:\/\/www.sfsic.org\/en\/wp-json\/wp\/v2\/comments?post=20247"}],"version-history":[{"count":5,"href":"https:\/\/www.sfsic.org\/en\/wp-json\/wp\/v2\/posts\/20247\/revisions"}],"predecessor-version":[{"id":20256,"href":"https:\/\/www.sfsic.org\/en\/wp-json\/wp\/v2\/posts\/20247\/revisions\/20256"}],"wp:attachment":[{"href":"https:\/\/www.sfsic.org\/en\/wp-json\/wp\/v2\/media?parent=20247"}],"wp:term":[{"taxonomy":"category","embeddable":true,"href":"https:\/\/www.sfsic.org\/en\/wp-json\/wp\/v2\/categories?post=20247"},{"taxonomy":"post_tag","embeddable":true,"href":"https:\/\/www.sfsic.org\/en\/wp-json\/wp\/v2\/tags?post=20247"},{"taxonomy":"thematique","embeddable":true,"href":"https:\/\/www.sfsic.org\/en\/wp-json\/wp\/v2\/thematique?post=20247"},{"taxonomy":"sfsic","embeddable":true,"href":"https:\/\/www.sfsic.org\/en\/wp-json\/wp\/v2\/sfsic?post=20247"}],"curies":[{"name":"wp","href":"https:\/\/api.w.org\/{rel}","templated":true}]}}