{"id":20226,"date":"2021-11-18T10:13:06","date_gmt":"2021-11-18T09:13:06","guid":{"rendered":"https:\/\/www.sfsic.org\/?p=20226"},"modified":"2021-11-18T09:53:35","modified_gmt":"2021-11-18T08:53:35","slug":"la-fabrique-de-la-ville-intelligente-dispositifs-projets-et-discours","status":"publish","type":"post","link":"https:\/\/www.sfsic.org\/en\/aac-publication\/la-fabrique-de-la-ville-intelligente-dispositifs-projets-et-discours\/","title":{"rendered":"La fabrique de la ville \u00ab intelligente \u00bb : dispositifs, projets et discours"},"content":{"rendered":"<p><!-- fxzn:singledetail --><\/p>\n<div class=\"zone zn-singledetail\" id=\"fxzn-singledetail-1\">\n<div class=\"zone-block zn-singledetail-block alignwide va-top\">\n<div class=\"row\">\n<div class=\"columns large-8 large-push-4\">\n<div class=\"zn-singledetail-metabox\">\n<div class=\"zn-singledetail-pubdate pubdate\">\n\t\t\t\t\t<span class=\"pubdate-txt\">Mis en ligne le<\/span><span class=\"doubledot\"><\/span> <time class=\"pubdate-time\" pubdate datetime=\"2021-11-18T10:13:06+01:00\">18 novembre 2021<\/time>\t\t\t\t<\/div>\n<div class=\"zn-singledetail-thematiques with-sep-comma\">\n<ul class=\"termslist termslist-thematique\">\n<li class=\"termslist-item termslist-title\"><span class=\"termslist-titletxt\">Th\u00e9matiques<\/span><span class=\"doubledot\"><\/span><\/li>\n<li class=\"termslist-item tax-thematique term-communication-organisations\"><a class=\"termslist-itemlink\" href=\"https:\/\/www.sfsic.org\/en\/thematiques\/communication-organizations-en\/\" title=\"Communication et organisations\"><span class=\"termslist-itemname\">Communication et organisations<\/span><\/a><\/li>\n<li class=\"termslist-item tax-thematique term-design\"><a class=\"termslist-itemlink\" href=\"https:\/\/www.sfsic.org\/en\/thematiques\/design-en\/\" title=\"Design\"><span class=\"termslist-itemname\">Design<\/span><\/a><\/li>\n<li class=\"termslist-item tax-thematique term-numerique-strategies-dispositifs-et-usages\"><a class=\"termslist-itemlink\" href=\"https:\/\/www.sfsic.org\/en\/thematiques\/digital-strategies-devices-and-uses-en\/\" title=\"Num\u00e9rique : strat\u00e9gies, dispositifs et usages\"><span class=\"termslist-itemname\">Num\u00e9rique : strat\u00e9gies, dispositifs et usages<\/span><\/a><\/li>\n<\/ul><\/div>\n<\/p><\/div>\n<\/p><\/div>\n<\/p><\/div>\n<div class=\"row\">\n<div class=\"columns large-4\">\n<div class=\"zn-singledetail-sidebar bg-cornersquares\">\n<div class=\"zn-singledetail-infos\">\n<p class=\"zn-singledetail-reponse-date\">\n\t\t\t\t\t\t<span>R\u00e9ponse attendue pour le<\/span><span class=\"doubledot\"><\/span> <strong>28\/02\/2022<\/strong>\n\t\t\t\t\t<\/p>\n<p class=\"zn-singledetail-reponse-type\">\n\t\t\t\t\t<span>Type de r\u00e9ponse<\/span><span class=\"doubledot\"><\/span> <strong>R\u00e9sum\u00e9<\/strong>\n\t\t\t\t\t<\/p>\n<p class=\"zn-singledetail-type\">\n\t\t\t\t\t\t\t<span>Type de contribution attendue<\/span><span class=\"doubledot\"><\/span> <strong>Article<\/strong>\n\t\t\t\t\t<\/p>\n<p class=\"zn-singledetail-name\">\n\t\t\t\t\t\t\t<span>Nom de la publication<\/span><span class=\"doubledot\"><\/span> <strong>Norois<\/strong>\n\t\t\t\t\t<\/p>\n<\/p><\/div>\n<div class=\"zn-singledetail-coordinators\">\n<h3 class=\"zn-singledetail-section-title\">Coordinateurs<\/h3>\n<ul class=\"zn-singledetail-coordinators-list\">\n<li class=\"zn-singledetail-coordinators-item\">\n\t\t\t\t\t\t\t<span>H\u00e9l\u00e8ne <\/span> <span>Bailleul <\/span>, <span>Universit\u00e9 Rennes 2<\/span>\t\t\t\t\t\t\t\t\t\t\t\t\t\t, <a class=\"zn-singledetail-coordinators-mail prettylink\" href=\"mailto:helene.bailleul@univ-rennes2.fr\">helene.bailleul@univ-rennes2.fr<\/a>\n\t\t\t\t\t\t\t\t\t\t\t\t\t<\/li>\n<li class=\"zn-singledetail-coordinators-item\">\n\t\t\t\t\t\t\t<span>Flavie <\/span> <span>Ferchaud<\/span>, <span>Universit\u00e9 Gustave Eiffel<\/span>\t\t\t\t\t\t\t\t\t\t\t\t\t\t, <a class=\"zn-singledetail-coordinators-mail prettylink\" href=\"mailto:flavie.ferchaud@univ-eiffel.fr\">flavie.ferchaud@univ-eiffel.fr<\/a>\n\t\t\t\t\t\t\t\t\t\t\t\t\t<\/li>\n<\/ul><\/div>\n<div class=\"zn-singledetail-weblinks\">\n<h3 class=\"zn-singledetail-section-title\">Sites internet de r\u00e9f\u00e9rence<\/h3>\n<ul class=\"zn-singledetail-weblinks-list\">\n<li>\n\t\t\t\t\t\t\t<a class=\"prettylink chainlink\" href=\"https:\/\/journals.openedition.org\/norois\/10914\" title=\"Site de l'appel\" target=\"_blank\" rel=\"noopener\">Site de l&#8217;appel<\/a>\n\t\t\t\t\t\t<\/li>\n<\/ul><\/div>\n<\/p><\/div>\n<\/p><\/div>\n<div class=\"columns large-8\">\n<div class=\"zn-singledetail-contentbox\">\n<div class=\"zn-singledetail-annonce wig-content\">\n<p>La revue <em>Norois<\/em> lance un appel \u00e0 contribution pour un dossier coordonn\u00e9 par H\u00e9l\u00e8ne Bailleul (Universit\u00e9 Rennes 2) et Flavie Ferchaud (Universit\u00e9 Gustave Eiffel). Ce dossier traite de la th\u00e9matique \u00ab&#160;La fabrique de la ville \u00ab&#160;intelligente&#160;\u00bb&#160;: dispositifs, projets et discours&#160;\u00bb.<\/p>\n<h2><strong>Pr\u00e9sentation<\/strong><\/h2>\n<p>Le terme de ville intelligente, est une figure abondamment utilis\u00e9e ces quinze derni\u00e8res ann\u00e9es, d\u2019abord pour d\u00e9crire les espaces de vie d\u2019une soci\u00e9t\u00e9 de l\u2019information (Castells, 1998), puis pour \u00e9voquer les m\u00e9canismes d\u2019int\u00e9gration des technologies num\u00e9riques \u00e0 la gestion, la planification et la production de la ville (Picon, 2018). L\u2019ensemble a suscit\u00e9 l\u2019int\u00e9r\u00eat de nombreux domaines de recherche scientifique parmi lesquels l\u2019am\u00e9nagement, la g\u00e9ographie et l\u2019environnement.<\/p>\n<p>La revue\u00a0Norois\u00a0propose d\u2019accueillir des textes dans un dossier th\u00e9matique d\u00e9di\u00e9 \u00e0 la question de la fabrique de la ville \u00ab&#160;intelligente&#160;\u00bb (l\u2019usage des guillemets est ici volontaire) et pr\u00e9vu \u00e0 la publication fin 2022 &#8211; d\u00e9but 2023. Il est propos\u00e9 aux auteur.es de r\u00e9fl\u00e9chir \u00e0 la rencontre des politiques, des dispositifs et des activit\u00e9s de fabrique de la ville (politiques d\u2019am\u00e9nagement, planification, politiques sectorielles, construction, services urbains, m\u00e9diation et citoyennet\u00e9 locale, gestion environnementale) avec les enjeux de la transition num\u00e9rique des territoires.<\/p>\n<h2 class=\"texte\">Positionnement du num\u00e9ro et pr\u00e9cisions de d\u00e9part<\/h2>\n<p>La formulation\u00a0fabrique de la ville \u00ab&#160;intelligente&#160;\u00bb\u00a0renvoie \u00e0 une d\u00e9finition de l\u2019activit\u00e9 d\u2019am\u00e9nager qui laisse une place \u00e0 la fois aux enjeux techniques de la production urbaine et \u00e0 ses dimensions humaines (Devisme, 2009&#160;; Martouzet, 2018). La mise entre guillemets du qualificatif\u00a0intelligente\u00a0invite les auteurs et auteures \u00e0 adh\u00e9rer en premi\u00e8re intention au postulat de son existence dans le champ social et professionnel, pour se concentrer sur ce qu\u2019elle fait faire aux acteurs et actrices de la fabrique de la ville (Shelton\u00a0et alii, 2015). Le but de ce dossier est de rassembler des contributions scientifiques sur diff\u00e9rents \u00ab&#160;terrains&#160;\u00bb de fabrique de la ville dite intelligente pour faire \u00e9merger une lecture crois\u00e9e des dynamiques, des contraintes, des logiques et des apories de sa mise en \u0153uvre. Les contributions proposant des approches non empiriques ou uniquement sp\u00e9culatives sur la notion ne seront pas retenues, tout comme celles qui pourraient se limiter \u00e0 des enjeux uniquement techniques.<\/p>\n<p>La revue\u00a0Norois\u00a0accepte des textes produits dans les langues suivantes&#160;: fran\u00e7ais, anglais.<\/p>\n<p>La discipline d\u2019origine du ou des auteurs et auteures int\u00e9ress\u00e9.es par ce dossier th\u00e9matique peut \u00eatre&#160;: Urbanisme et am\u00e9nagement de l\u2019espace, g\u00e9ographie, environnement, sociologie, science politique, \u00e9conomie et sciences de l\u2019information et de la communication. Il sera cependant demand\u00e9 une capacit\u00e9 \u00e0 spatialiser le propos, c\u2019est \u00e0 dire inclure la dimension socio-spatiale des ph\u00e9nom\u00e8nes \u00e9tudi\u00e9s dans l\u2019analyse.<\/p>\n<p>Directrices du num\u00e9ro&#160;: H\u00e9l\u00e8ne Bailleul (Universit\u00e9 Rennes 2) et Flavie Ferchaud (Universit\u00e9 Gustave Eiffel).<\/p>\n<h2>Calendrier<\/h2>\n<ul>\n<li>Sont attendus des\u00a0articles complets\u00a0(40 000 signes), respectant les recommandations aux auteurs de la revue&#160;:\u00a0<a href=\"https:\/\/journals.openedition.org\/norois\/1025\">https:\/\/journals.openedition.org\/norois\/1025<\/a><\/li>\n<li>Envoi de l\u2019article le <strong>28 f\u00e9vrier 2022\u00a0<\/strong>\u00e0 l\u2019adresse\u00a0<a href=\"mailto:norois@uhb.fr\">norois@uhb.fr<\/a> et en copie<a href=\"mailto:helene.bailleul@univ-rennes2.fr\">\u00a0helene.bailleul@univ-rennes2.fr<\/a>\u00a0et\u00a0<a href=\"mailto:flavie.ferchaud@univ-eiffel.fr\">flavie.ferchaud@univ-eiffel.fr<\/a><\/li>\n<\/ul>\n<h2><strong>Contexte probl\u00e9matique de d\u00e9part<\/strong><\/h2>\n<p>La notion de ville intelligente s\u2019entrecroise avec les enjeux contemporains de nos espaces habit\u00e9s et en premier lieu la ville et l\u2019urbain. Depuis trente ans, l\u2019usage des technologies num\u00e9riques dans la vie quotidienne, l\u2019\u00e9conomie et l\u2019environnement a construit un autre rapport aux espaces habit\u00e9s. Cette transition num\u00e9rique de la soci\u00e9t\u00e9 touche les organisations urbaines \u00e0 divers titres&#160;: les communications et le \u00ab&#160;faire soci\u00e9t\u00e9&#160;\u00bb, les rapports aux \u00e9cosyst\u00e8mes naturels et anthropiques, la valeur et la d\u00e9finition des ressources, les pratiques quotidiennes de l\u2019espace, mais aussi le rapport au temps et \u00e0 l\u2019avenir.<\/p>\n<p>En tant que pratiques de planification et de gestion des territoires, l\u2019am\u00e9nagement et l\u2019urbanisme sont travers\u00e9s par cette transition num\u00e9rique et offrent un cadre int\u00e9ressant pour analyser les transformations en cours. La diffusion d\u2019un mod\u00e8le de ville \u00ab&#160;intelligente&#160;\u00bb est observable dans de nombreux territoires (grandes m\u00e9tropoles d\u2019abord, puis m\u00e9tropoles interm\u00e9diaires, et aujourd\u2019hui petites agglom\u00e9rations), qui optent ou ont opt\u00e9 pour la mise en place de politiques ou d\u00e9marches explicites favorisant certains principes de la ville \u00ab&#160;intelligente&#160;\u00bb&#160;: num\u00e9risation, recueil, stockage et partage de donn\u00e9es urbaines, plateformes, dispositifs socio-techniques de gestion urbaine, en amont ou en aval des projets d\u2019am\u00e9nagement, \u00e0 des \u00e9chelles diverses (b\u00e2timent, projet urbain, espace urbain dans son ensemble), etc.<\/p>\n<p>Ce dossier th\u00e9matique vise \u00e0 montrer cette diversit\u00e9 par des cas d\u2019\u00e9tude vari\u00e9s. De plus, il nous semble que les politiques visant explicitement la ville \u00ab&#160;intelligente&#160;\u00bb ne recouvrent pas toutes les transformations en cours. Nombre d\u2019acteurs et actrices de l\u2019am\u00e9nagement et l\u2019urbanisme d\u00e9veloppent une r\u00e9flexion pouss\u00e9e sur la transition num\u00e9rique sans pour autant que celle-ci donne lieu \u00e0 une politique explicite. C\u2019est le cas des op\u00e9rateurs de l\u2019am\u00e9nagement, de la construction, mais aussi des services ou directions internes \u00e0 une collectivit\u00e9 territoriale (Courmont, 2019). Le dossier th\u00e9matique pourra \u00e9galement accueillir des contributions scientifiques qui prennent pour cas d\u2019\u00e9tude des d\u00e9marches en cours \u00e0 ces \u00e9chelles plus fines.<\/p>\n<p>Cette approche empirique pourra interroger diff\u00e9rentes dimensions de la transition num\u00e9rique dans le champ de la fabrique urbaine&#160;:<\/p>\n<ul>\n<li>l\u2019\u00e9volution des environnements construits (performances des b\u00e2timents, architecture informatis\u00e9e, r\u00e9seaux intelligents, mobiliers connect\u00e9s),<\/li>\n<li>les mutations dans l\u2019offre de services urbains aux populations (intervention d\u2019acteurs tiers, num\u00e9risation des services publics)<\/li>\n<li>le d\u00e9veloppement d\u2019outils informatiques dans la pratique des professionnels de l\u2019am\u00e9nagement, de l\u2019urbanisme et de la construction (logiciels, gestion et collecte de donn\u00e9es, conception assist\u00e9e par ordinateur, mod\u00e8les et algorithmes, plateformes internes ou ouvertes),<\/li>\n<li>les transformations de la d\u00e9mocratie locale en mati\u00e8re d\u2019urbanisme (<em>civic tech<\/em>, participation citoyenne num\u00e9ris\u00e9e,\u00a0<em>crowd sourcing<\/em>\u00a0urbain)<\/li>\n<\/ul>\n<h2>Axes de probl\u00e9matisation<\/h2>\n<p>Les cas d\u2019\u00e9tude pourront favoriser le questionnement des transformations en cours \u00e0 l\u2019aune de dispositifs num\u00e9riques d\u00e9velopp\u00e9s par les acteurs et actrices de l\u2019am\u00e9nagement et l\u2019urbanisme. Si ces dispositifs sont vari\u00e9s (applications, logiciels, plateformes, jeux, simulations, interfaces web\u2026) le but des articles ne sera pas simplement de les d\u00e9crire, mais bien de les mettre en relation avec les environnements professionnels et sociaux dans lesquels ils sont d\u00e9velopp\u00e9s (Henriot, 2018&#160;; Bernardin, Jeannot, 2019). Il s\u2019agira de questionner leur r\u00f4le dans la gestion des territoires, la simulation et la planification territoriale, ou encore dans la gouvernance urbaine, la m\u00e9diation aupr\u00e8s des publics ou la communication territoriale.<\/p>\n<h2>Politique num\u00e9rique et\/ou projets de territoire<\/h2>\n<p>L\u2019appel \u00e0 article vise \u00e0 franchir le pont entre politique num\u00e9rique et projet de territoire. En effet, nombre de publications r\u00e9centes ont invit\u00e9 les sciences sociales \u00e0 investir le domaine des politiques num\u00e9riques port\u00e9es par les acteurs territoriaux (<em>open data<\/em>, applications num\u00e9riques, plateformes, jeux vid\u00e9os, etc.), mais l\u2019analyse de ces d\u00e9marches n\u2019a pas toujours permis de faire le lien avec les objectifs des politiques d\u2019am\u00e9nagement, de gestion territoriale ou de d\u00e9veloppement \u00e9conomique et social. C\u2019est ce que nous souhaitons privil\u00e9gier dans cet appel \u00e0 articles en proposant aux auteurs et auteures de rendre explicite les liens entre ces dispositifs proprement techniques et la conduite du projet de territoire (Le Breton\u00a0et <em>alii<\/em>, 2022). Comment le d\u00e9veloppement de dispositifs num\u00e9riques participe d\u2019objectifs plus g\u00e9n\u00e9ralistes (\u00e9cologiques, sociaux, \u00e9conomiques, d\u00e9mocratiques)&#160;? Quelle place tiennent ces dispositifs dans les processus plus classiques de l\u2019am\u00e9nagement et de l\u2019urbanisme&#160;? \u00c0 quel(s) moment(s) interviennent-ils&#160;? S\u2019agit-il d\u2019outiller des proc\u00e9dures pr\u00e9-existantes ou de transformer les m\u00e9tiers et les m\u00e9thodes de l\u2019am\u00e9nagement et de l\u2019urbanisme&#160;?<\/p>\n<p>De ce point de vue, les articles pourront investiguer les relations entre la mise en \u0153uvre de dispositifs num\u00e9riques et les notions d\u2019exp\u00e9rimentation (Zaza, 2018&#160;; Karvonen, 2019), d\u2019innovation urbaine (Lepretre, 2019&#160;; Ferchaud, 2021) ou encore de collaboration qui traversent les politiques et les projets de territoire.<\/p>\n<h2>Dire la num\u00e9risation des pratiques d\u2019am\u00e9nagement<\/h2>\n<p>Un dernier axe de probl\u00e9matisation vise \u00e0 investiguer la dimension communicationnelle de cette transition num\u00e9rique des politiques territoriales. Parmi les objectifs couramment vis\u00e9s par la ville intelligente, la communication et l\u2019ouverture aux publics sont souvent mis en avant. La ville intelligente associerait plus largement le citoyen intelligent (Shelton, Lodato, 2019). Dans ce contexte, les liens entre dispositifs num\u00e9riques et enjeux de communication territoriale nous semblent int\u00e9ressants \u00e0 investiguer. Parmi les dispositifs de communication territoriale, diff\u00e9rents points de vue peuvent \u00eatre pertinents pour le dossier&#160;: les outils de communication web, les r\u00e9seaux sociaux, les applications \u00e9ditoriales des collectivit\u00e9s, des applications de\u00a0crowd sourcing, de signalement ou des formes num\u00e9riques de m\u00e9diation aupr\u00e8s des publics (jeux en ligne, ateliers num\u00e9riques, plateformes de budgets participatifs). Le foisonnement de ces dispositifs pourra \u00eatre questionn\u00e9 et \u00eatre repositionn\u00e9 dans le contexte du r\u00e9cit territorial (Bonnacorsi, 2019). Comment ces outils transforment-ils le r\u00e9cit territorial&#160;? Quels publics sont convoqu\u00e9s par ce r\u00e9cit du territoire et de ses projets&#160;? La m\u00e9diation vise-t-elle et parvient-elle \u00e0 d\u00e9velopper de nouvelles formes de citoyennet\u00e9 locale&#160;? Dans la m\u00eame logique que pr\u00e9c\u00e9demment, nous invitons les auteurs et auteures \u00e0 contextualiser les dispositifs num\u00e9riques et les discours sur ces dispositifs, par rapport \u00e0 un r\u00e9cit territorial plus global (y compris dans le temps).<\/p>\n<h2>Bibliographie<\/h2>\n<p>Des DOI sont automatiquement ajout\u00e9s aux r\u00e9f\u00e9rences par Bilbo, l&rsquo;outil d&rsquo;annotation bibliographique d&rsquo;OpenEdition.<br \/>\nLes utilisateurs des institutions qui sont abonn\u00e9es \u00e0 un des programmes freemium d&rsquo;OpenEdition peuvent t\u00e9l\u00e9charger les r\u00e9f\u00e9rences bibliographiques pour lesquelles Bilbo a trouv\u00e9 un DOI.<\/p>\n<p>Bernardin S., Jeannot G., 2019. La ville intelligente sans les villes&#160;? Interop\u00e9rabilit\u00e9, ouvertures et ma\u00eetrise des donn\u00e9es publiques au sein des administrations municipales,\u00a0R\u00e9seaux, n\u00b0\u00a0218, p\u00a0.9-37. DOI&#160;:\u00a0<a href=\"https:\/\/www.cairn.info\/revue-reseaux-2019-6-page-9.htm?ref=doi\">10.3917\/res.218.0009<\/a><br \/>\nDOI&#160;:\u00a0<a href=\"https:\/\/www.cairn.info\/revue-reseaux-2019-6-page-9.htm?ref=doi\">10.3917\/res.218.0009<\/a><\/p>\n<p>Bonaccorsi J., 2019. Perspectives de recherche critique sur la ville intelligente,\u00a0in\u00a0Bonaccorsi J., Cordonnier S. (dir.),\u00a0Territoires&#160;: Enqu\u00eate communicationnelle, Archives Contemporaines, Paris, pp.\u00a0205-232.<\/p>\n<p>Castells M., 1998.\u00a0L\u2019\u00e8re de l\u2019information. Tome 1. La soci\u00e9t\u00e9 en r\u00e9seaux, \u00c9ditions Fayard, Paris, 671\u00a0p.<br \/>\nCourmont A., 2019. Ce que l\u2019open data fait \u00e0 l\u2019administration municipale&#160;: la fabrique de la politique m\u00e9tropolitaine de la donn\u00e9e,\u00a0R\u00e9seaux, Vol.\u00a0218, N\u00b0\u00a06, pp.\u00a077-103. DOI&#160;:\u00a0<a href=\"https:\/\/www.cairn.info\/revue-reseaux-2019-6-page-77.htm?ref=doi\">10.3917\/res.218.0077<\/a><br \/>\nDOI&#160;:\u00a0<a href=\"https:\/\/www.cairn.info\/revue-reseaux-2019-6-page-77.htm?ref=doi\">10.3917\/res.218.0077<\/a><\/p>\n<p>Devisme L. (dir.), 2009.\u00a0Nantes. Petite et grande fabrique urbaine, \u00c9ditions Parenth\u00e8ses, Nantes, 265\u00a0p.<\/p>\n<p>Eveno E., 2018. La Ville intelligente&#160;: objet au c\u0153ur de nombreuses controverses, Quaderni, n\u00b0\u00a096, p.\u00a029-41. DOI&#160;: <a href=\"https:\/\/journals.openedition.org\/quaderni\/1174\">10.4000\/quaderni.1174<\/a><br \/>\nDOI&#160;:\u00a0<a href=\"https:\/\/journals.openedition.org\/quaderni\/1174\">10.4000\/quaderni.1174<\/a><\/p>\n<p>Ferchaud F., 2021, Hackathons en ville, innovations pour la ville&#160;?,\u00a0Approches Th\u00e9oriques en Information-Communication (ATIC), Vol.\u00a01, n\u00b0\u00a02, p.\u00a085-107. DOI&#160;:<a href=\"https:\/\/www.cairn.info\/revue-approches-theoriques-en-information-communication-2021-1-page-85.htm?ref=doi\">\u00a010.3917\/atic.002.0085<\/a><br \/>\nDOI&#160;:\u00a0<a href=\"https:\/\/www.cairn.info\/revue-approches-theoriques-en-information-communication-2021-1-page-85.htm?ref=doi\">10.3917\/atic.002.0085<\/a><\/p>\n<p>Henriot C., 2018. La politique de la ville intelligente en Chine&#160;: ancrage local d\u2019un mod\u00e8le urbain globalis\u00e9,\u00a0Flux, Vol.\u00a04, n\u00b0\u00a0114, p.\u00a071-85. DOI&#160;:\u00a0<a href=\"https:\/\/www.cairn.info\/revue-flux-2018-4-page-71.htm\">10.3917\/flux1.114.0071<\/a><br \/>\nDOI&#160;:\u00a0<a href=\"https:\/\/www.cairn.info\/revue-flux-2018-4-page-71.htm\">10.3917\/flux1.114.0071<\/a><\/p>\n<p>Karvonen A., Cugurullo F., Caprotti F. (dir.), 2019.\u00a0Inside smart cities. Place, politics and urban innovation, Routledge, Londres, 305\u00a0p.<br \/>\nDOI&#160;:\u00a0<a href=\"https:\/\/www.taylorfrancis.com\/books\/edit\/10.4324\/9781351166201\/inside-smart-cities-andrew-karvonen-federico-cugurullo-federico-caprotti\">10.4324\/9781351166201<\/a><\/p>\n<p>Le Breton M.A., Bailleul H., Le Corf J.B., Mericskay B., 2022, La gouvernance des donn\u00e9es urbaines entre territoire de projets et projet de territoire. L&rsquo;exemple de Rennes M\u00e9tropole,\u00a0Flux, n\u00b02022-1 (sous presse).<\/p>\n<p>Lepr\u00eatre N., 2019. Innover dans la ville par l\u2019exp\u00e9rimentation. Les d\u00e9monstrateurs urbains comme instrument de gouvernement \u00e0 distance de politiques \u00e9nerg\u00e9tiques territorialis\u00e9es,\u00a0Gouvernement et action publique, Vol.\u00a08, n\u00b0\u00a03, p. 9-33. DOI&#160;:\u00a0<a href=\"https:\/\/www.cairn.info\/revue-gouvernement-et-action-publique-2019-3-page-9.htm?ref=doi\">10.3917\/gap.193.0009<\/a><br \/>\nDOI&#160;:\u00a0<a href=\"https:\/\/www.cairn.info\/revue-gouvernement-et-action-publique-2019-3-page-9.htm?ref=doi\">10.3917\/gap.193.0009<\/a><\/p>\n<p>Martouzet D. (dir.), 2018.\u00a0Les acteurs font le projet, Presses Universitaires Fran\u00e7ois Rabelais, Tours, 502\u00a0p.<\/p>\n<p>Picon A., 2018. Villes et syst\u00e8mes d\u2019information&#160;: de la naissance de l\u2019urbanisme moderne \u00e0 l\u2019\u00e9mergence de la smart city,\u00a0Flux, Vol.\u00a01, n\u00b0\u00a0111-112, p.\u00a080-93. DOI&#160;:\u00a0<a href=\"https:\/\/www.cairn.info\/revue-flux-2018-1-page-80.htm\">10.3917\/flux1.111.0080<\/a><br \/>\nDOI&#160;:\u00a0<a href=\"https:\/\/www.cairn.info\/revue-flux-2018-1-page-80.htm\">10.3917\/flux1.111.0080<\/a><\/p>\n<p>Shelton T., Zook M., Wiig A., 2015. The \u201cactually existing smart city\u201d,\u00a0Cambridge Journal of Regions, Economy and Society, vol.\u00a08, n\u00b0\u00a01, p.\u00a013-25. DOI&#160;:<a href=\"https:\/\/academic.oup.com\/cjres\/article\/8\/1\/13\/304403\">10.1093\/cjres\/rsu026<\/a><br \/>\nDOI&#160;:\u00a0<a href=\"https:\/\/academic.oup.com\/cjres\/article\/8\/1\/13\/304403\">10.1093\/cjres\/rsu026<\/a><\/p>\n<p>Shelton T., Lodato T., 2019. Actually existing smart citizens,\u00a0City, Vol.\u00a023, n\u00b0\u00a01, p.\u00a035-52. DOI&#160;:\u00a0<a href=\"https:\/\/www.tandfonline.com\/doi\/abs\/10.1080\/13604813.2019.1575115?journalCode=ccit20\">10.1080\/13604813.2019.1575115<\/a><br \/>\nDOI&#160;:\u00a0<a href=\"https:\/\/www.tandfonline.com\/doi\/abs\/10.1080\/13604813.2019.1575115?journalCode=ccit20\">10.1080\/13604813.2019.1575115<\/a><\/p>\n<p>Zaza O., 2018.\u00a0Horizons urbains en exp\u00e9rimentation&#160;: discours et pratiques d\u2019une collectivit\u00e9 territoriale face au num\u00e9rique, th\u00e8se de doctorat en Am\u00e9nagement, Universit\u00e9 Paris Nanterre.<\/p>\n<\/p><\/div>\n<div class=\"zn-singledetail-keywords\">\n<h3 class=\"zn-singledetail-section-title\">Mots-cl\u00e9s<\/h3>\n<ul class=\"termslist termslist-post_tag\">\n<li class=\"termslist-item termslist-title\"><span class=\"termslist-titletxt\">Mots-cl\u00e9s<\/span><span class=\"doubledot\"><\/span><\/li>\n<li class=\"termslist-item tax-post_tag term-design\"><a class=\"termslist-itemlink\" href=\"https:\/\/www.sfsic.org\/en\/tag\/design-en\/\" title=\"Design\"><span class=\"termslist-itemname\">Design<\/span><\/a><\/li>\n<li class=\"termslist-item tax-post_tag term-discours\"><a class=\"termslist-itemlink\" href=\"https:\/\/www.sfsic.org\/en\/tag\/discourse\/\" title=\"Discours\"><span class=\"termslist-itemname\">Discours<\/span><\/a><\/li>\n<li class=\"termslist-item tax-post_tag term-dispositifs\"><a class=\"termslist-itemlink\" href=\"https:\/\/www.sfsic.org\/en\/tag\/dispositifs\/\" title=\"Dispositifs\"><span class=\"termslist-itemname\">Dispositifs<\/span><\/a><\/li>\n<li class=\"termslist-item tax-post_tag term-numerique\"><a class=\"termslist-itemlink\" href=\"https:\/\/www.sfsic.org\/en\/tag\/digital\/\" title=\"Num\u00e9rique\"><span class=\"termslist-itemname\">Num\u00e9rique<\/span><\/a><\/li>\n<li class=\"termslist-item tax-post_tag term-ville\"><a class=\"termslist-itemlink\" href=\"https:\/\/www.sfsic.org\/en\/tag\/ville\/\" title=\"Ville\"><span class=\"termslist-itemname\">Ville<\/span><\/a><\/li>\n<\/ul><\/div>\n<\/p><\/div>\n<\/p><\/div>\n<\/p><\/div>\n<\/p><\/div>\n<\/div>\n<p><!-- \/fxzn:singledetail --><\/p>\n","protected":false},"excerpt":{"rendered":"<p>Mis en ligne le 18 novembre 2021 Th\u00e9matiques Communication et organisations Design Num\u00e9rique : strat\u00e9gies, dispositifs et usages R\u00e9ponse attendue pour le 28\/02\/2022 Type de r\u00e9ponse R\u00e9sum\u00e9 Type de contribution [&hellip;]<\/p>\n","protected":false},"author":1171,"featured_media":0,"comment_status":"closed","ping_status":"closed","sticky":false,"template":"","format":"standard","meta":{"_acf_changed":false,"footnotes":""},"categories":[28,60],"tags":[173,469,315,90,391],"thematique":[37,41,39],"sfsic":[],"class_list":["post-20226","post","type-post","status-publish","format-standard","hentry","category-aac-publication","category-article","tag-design","tag-discours","tag-dispositifs","tag-numerique","tag-ville","thematique-communication-organisations","thematique-design","thematique-numerique-strategies-dispositifs-et-usages","wp-sticky"],"acf":[],"yoast_head":"<!-- This site is optimized with the Yoast SEO plugin v27.5 - https:\/\/yoast.com\/product\/yoast-seo-wordpress\/ -->\n<title>La fabrique de la ville \u00ab intelligente \u00bb : dispositifs, projets et discours<\/title>\n<meta name=\"description\" content=\"La revue Norois lance un appel \u00e0 contribution pour un dossier coordonn\u00e9 par H\u00e9l\u00e8ne Bailleul et Flavie Ferchaud. Ce dossier traite de la th\u00e9matique &quot;La fabrique de la ville \u00ab intelligente \u00bb : dispositifs, projets et discours&quot;.\" \/>\n<meta name=\"robots\" content=\"index, follow, max-snippet:-1, max-image-preview:large, max-video-preview:-1\" \/>\n<link rel=\"canonical\" href=\"https:\/\/www.sfsic.org\/en\/aac-publication\/la-fabrique-de-la-ville-intelligente-dispositifs-projets-et-discours\/\" \/>\n<meta property=\"og:locale\" content=\"en_US\" \/>\n<meta property=\"og:type\" content=\"article\" \/>\n<meta property=\"og:title\" content=\"La fabrique de la ville \u00ab intelligente \u00bb : dispositifs, projets et discours\" \/>\n<meta property=\"og:description\" content=\"La revue Norois lance un appel \u00e0 contribution pour un dossier coordonn\u00e9 par H\u00e9l\u00e8ne Bailleul et Flavie Ferchaud. Ce dossier traite de la th\u00e9matique &quot;La fabrique de la ville \u00ab intelligente \u00bb : dispositifs, projets et discours&quot;.\" \/>\n<meta property=\"og:url\" content=\"https:\/\/www.sfsic.org\/en\/aac-publication\/la-fabrique-de-la-ville-intelligente-dispositifs-projets-et-discours\/\" \/>\n<meta property=\"og:site_name\" content=\"SFSIC\" \/>\n<meta property=\"article:published_time\" content=\"2021-11-18T09:13:06+00:00\" \/>\n<meta name=\"author\" content=\"Aboubacar Camara\" \/>\n<meta name=\"twitter:card\" content=\"summary_large_image\" \/>\n<script type=\"application\/ld+json\" class=\"yoast-schema-graph\">{\"@context\":\"https:\\\/\\\/schema.org\",\"@graph\":[{\"@type\":\"Article\",\"@id\":\"https:\\\/\\\/www.sfsic.org\\\/en\\\/aac-publication\\\/la-fabrique-de-la-ville-intelligente-dispositifs-projets-et-discours\\\/#article\",\"isPartOf\":{\"@id\":\"https:\\\/\\\/www.sfsic.org\\\/en\\\/aac-publication\\\/la-fabrique-de-la-ville-intelligente-dispositifs-projets-et-discours\\\/\"},\"author\":{\"name\":\"Aboubacar Camara\",\"@id\":\"https:\\\/\\\/www.sfsic.org\\\/en\\\/#\\\/schema\\\/person\\\/375f02dfefa3d9546d5ffeeef01352b8\"},\"headline\":\"La fabrique de la ville \u00ab intelligente \u00bb : dispositifs, projets et discours\",\"datePublished\":\"2021-11-18T09:13:06+00:00\",\"mainEntityOfPage\":{\"@id\":\"https:\\\/\\\/www.sfsic.org\\\/en\\\/aac-publication\\\/la-fabrique-de-la-ville-intelligente-dispositifs-projets-et-discours\\\/\"},\"wordCount\":2160,\"publisher\":{\"@id\":\"https:\\\/\\\/www.sfsic.org\\\/en\\\/#organization\"},\"keywords\":[\"Design\",\"Discours\",\"Dispositifs\",\"Num\u00e9rique\",\"Ville\"],\"articleSection\":[\"AAC Publications\",\"Article\"],\"inLanguage\":\"en-US\"},{\"@type\":\"WebPage\",\"@id\":\"https:\\\/\\\/www.sfsic.org\\\/en\\\/aac-publication\\\/la-fabrique-de-la-ville-intelligente-dispositifs-projets-et-discours\\\/\",\"url\":\"https:\\\/\\\/www.sfsic.org\\\/en\\\/aac-publication\\\/la-fabrique-de-la-ville-intelligente-dispositifs-projets-et-discours\\\/\",\"name\":\"La fabrique de la ville \u00ab intelligente \u00bb : dispositifs, projets et discours\",\"isPartOf\":{\"@id\":\"https:\\\/\\\/www.sfsic.org\\\/en\\\/#website\"},\"datePublished\":\"2021-11-18T09:13:06+00:00\",\"description\":\"La revue Norois lance un appel \u00e0 contribution pour un dossier coordonn\u00e9 par H\u00e9l\u00e8ne Bailleul et Flavie Ferchaud. Ce dossier traite de la th\u00e9matique \\\"La fabrique de la ville \u00ab intelligente \u00bb : dispositifs, projets et discours\\\".\",\"breadcrumb\":{\"@id\":\"https:\\\/\\\/www.sfsic.org\\\/en\\\/aac-publication\\\/la-fabrique-de-la-ville-intelligente-dispositifs-projets-et-discours\\\/#breadcrumb\"},\"inLanguage\":\"en-US\",\"potentialAction\":[{\"@type\":\"ReadAction\",\"target\":[\"https:\\\/\\\/www.sfsic.org\\\/en\\\/aac-publication\\\/la-fabrique-de-la-ville-intelligente-dispositifs-projets-et-discours\\\/\"]}]},{\"@type\":\"BreadcrumbList\",\"@id\":\"https:\\\/\\\/www.sfsic.org\\\/en\\\/aac-publication\\\/la-fabrique-de-la-ville-intelligente-dispositifs-projets-et-discours\\\/#breadcrumb\",\"itemListElement\":[{\"@type\":\"ListItem\",\"position\":1,\"name\":\"Accueil\",\"item\":\"https:\\\/\\\/www.sfsic.org\\\/en\\\/\"},{\"@type\":\"ListItem\",\"position\":2,\"name\":\"Calls for Papers\",\"item\":\"https:\\\/\\\/www.sfsic.org\\\/en\\\/cfp-publication\\\/\"},{\"@type\":\"ListItem\",\"position\":3,\"name\":\"Article\",\"item\":\"https:\\\/\\\/www.sfsic.org\\\/en\\\/cfp-publication\\\/article-en\\\/\"},{\"@type\":\"ListItem\",\"position\":4,\"name\":\"La fabrique de la ville \u00ab intelligente \u00bb : dispositifs, projets et discours\"}]},{\"@type\":\"WebSite\",\"@id\":\"https:\\\/\\\/www.sfsic.org\\\/en\\\/#website\",\"url\":\"https:\\\/\\\/www.sfsic.org\\\/en\\\/\",\"name\":\"SFSIC\",\"description\":\"Soci\u00e9t\u00e9 Fran\u00e7aise des Sciences de l&#039;Information &amp; de la Communication\",\"publisher\":{\"@id\":\"https:\\\/\\\/www.sfsic.org\\\/en\\\/#organization\"},\"potentialAction\":[{\"@type\":\"SearchAction\",\"target\":{\"@type\":\"EntryPoint\",\"urlTemplate\":\"https:\\\/\\\/www.sfsic.org\\\/en\\\/?s={search_term_string}\"},\"query-input\":{\"@type\":\"PropertyValueSpecification\",\"valueRequired\":true,\"valueName\":\"search_term_string\"}}],\"inLanguage\":\"en-US\"},{\"@type\":\"Organization\",\"@id\":\"https:\\\/\\\/www.sfsic.org\\\/en\\\/#organization\",\"name\":\"SFSIC\",\"url\":\"https:\\\/\\\/www.sfsic.org\\\/en\\\/\",\"logo\":{\"@type\":\"ImageObject\",\"inLanguage\":\"en-US\",\"@id\":\"https:\\\/\\\/www.sfsic.org\\\/en\\\/#\\\/schema\\\/logo\\\/image\\\/\",\"url\":\"https:\\\/\\\/www.sfsic.org\\\/wp-inside\\\/uploads\\\/2020\\\/05\\\/logo-sfsic.jpg\",\"contentUrl\":\"https:\\\/\\\/www.sfsic.org\\\/wp-inside\\\/uploads\\\/2020\\\/05\\\/logo-sfsic.jpg\",\"width\":1085,\"height\":1080,\"caption\":\"SFSIC\"},\"image\":{\"@id\":\"https:\\\/\\\/www.sfsic.org\\\/en\\\/#\\\/schema\\\/logo\\\/image\\\/\"}},{\"@type\":\"Person\",\"@id\":\"https:\\\/\\\/www.sfsic.org\\\/en\\\/#\\\/schema\\\/person\\\/375f02dfefa3d9546d5ffeeef01352b8\",\"name\":\"Aboubacar Camara\",\"image\":{\"@type\":\"ImageObject\",\"inLanguage\":\"en-US\",\"@id\":\"https:\\\/\\\/secure.gravatar.com\\\/avatar\\\/9aaeac278c0bb75289c9d4700756b0a5ed858cdd2136009b59a07a8bca730292?s=96&d=mm&r=g\",\"url\":\"https:\\\/\\\/secure.gravatar.com\\\/avatar\\\/9aaeac278c0bb75289c9d4700756b0a5ed858cdd2136009b59a07a8bca730292?s=96&d=mm&r=g\",\"contentUrl\":\"https:\\\/\\\/secure.gravatar.com\\\/avatar\\\/9aaeac278c0bb75289c9d4700756b0a5ed858cdd2136009b59a07a8bca730292?s=96&d=mm&r=g\",\"caption\":\"Aboubacar Camara\"}}]}<\/script>\n<!-- \/ Yoast SEO plugin. -->","yoast_head_json":{"title":"La fabrique de la ville \u00ab intelligente \u00bb : dispositifs, projets et discours","description":"La revue Norois lance un appel \u00e0 contribution pour un dossier coordonn\u00e9 par H\u00e9l\u00e8ne Bailleul et Flavie Ferchaud. Ce dossier traite de la th\u00e9matique \"La fabrique de la ville \u00ab intelligente \u00bb : dispositifs, projets et discours\".","robots":{"index":"index","follow":"follow","max-snippet":"max-snippet:-1","max-image-preview":"max-image-preview:large","max-video-preview":"max-video-preview:-1"},"canonical":"https:\/\/www.sfsic.org\/en\/aac-publication\/la-fabrique-de-la-ville-intelligente-dispositifs-projets-et-discours\/","og_locale":"en_US","og_type":"article","og_title":"La fabrique de la ville \u00ab intelligente \u00bb : dispositifs, projets et discours","og_description":"La revue Norois lance un appel \u00e0 contribution pour un dossier coordonn\u00e9 par H\u00e9l\u00e8ne Bailleul et Flavie Ferchaud. Ce dossier traite de la th\u00e9matique \"La fabrique de la ville \u00ab intelligente \u00bb : dispositifs, projets et discours\".","og_url":"https:\/\/www.sfsic.org\/en\/aac-publication\/la-fabrique-de-la-ville-intelligente-dispositifs-projets-et-discours\/","og_site_name":"SFSIC","article_published_time":"2021-11-18T09:13:06+00:00","author":"Aboubacar Camara","twitter_card":"summary_large_image","schema":{"@context":"https:\/\/schema.org","@graph":[{"@type":"Article","@id":"https:\/\/www.sfsic.org\/en\/aac-publication\/la-fabrique-de-la-ville-intelligente-dispositifs-projets-et-discours\/#article","isPartOf":{"@id":"https:\/\/www.sfsic.org\/en\/aac-publication\/la-fabrique-de-la-ville-intelligente-dispositifs-projets-et-discours\/"},"author":{"name":"Aboubacar Camara","@id":"https:\/\/www.sfsic.org\/en\/#\/schema\/person\/375f02dfefa3d9546d5ffeeef01352b8"},"headline":"La fabrique de la ville \u00ab intelligente \u00bb : dispositifs, projets et discours","datePublished":"2021-11-18T09:13:06+00:00","mainEntityOfPage":{"@id":"https:\/\/www.sfsic.org\/en\/aac-publication\/la-fabrique-de-la-ville-intelligente-dispositifs-projets-et-discours\/"},"wordCount":2160,"publisher":{"@id":"https:\/\/www.sfsic.org\/en\/#organization"},"keywords":["Design","Discours","Dispositifs","Num\u00e9rique","Ville"],"articleSection":["AAC Publications","Article"],"inLanguage":"en-US"},{"@type":"WebPage","@id":"https:\/\/www.sfsic.org\/en\/aac-publication\/la-fabrique-de-la-ville-intelligente-dispositifs-projets-et-discours\/","url":"https:\/\/www.sfsic.org\/en\/aac-publication\/la-fabrique-de-la-ville-intelligente-dispositifs-projets-et-discours\/","name":"La fabrique de la ville \u00ab intelligente \u00bb : dispositifs, projets et discours","isPartOf":{"@id":"https:\/\/www.sfsic.org\/en\/#website"},"datePublished":"2021-11-18T09:13:06+00:00","description":"La revue Norois lance un appel \u00e0 contribution pour un dossier coordonn\u00e9 par H\u00e9l\u00e8ne Bailleul et Flavie Ferchaud. Ce dossier traite de la th\u00e9matique \"La fabrique de la ville \u00ab intelligente \u00bb : dispositifs, projets et discours\".","breadcrumb":{"@id":"https:\/\/www.sfsic.org\/en\/aac-publication\/la-fabrique-de-la-ville-intelligente-dispositifs-projets-et-discours\/#breadcrumb"},"inLanguage":"en-US","potentialAction":[{"@type":"ReadAction","target":["https:\/\/www.sfsic.org\/en\/aac-publication\/la-fabrique-de-la-ville-intelligente-dispositifs-projets-et-discours\/"]}]},{"@type":"BreadcrumbList","@id":"https:\/\/www.sfsic.org\/en\/aac-publication\/la-fabrique-de-la-ville-intelligente-dispositifs-projets-et-discours\/#breadcrumb","itemListElement":[{"@type":"ListItem","position":1,"name":"Accueil","item":"https:\/\/www.sfsic.org\/en\/"},{"@type":"ListItem","position":2,"name":"Calls for Papers","item":"https:\/\/www.sfsic.org\/en\/cfp-publication\/"},{"@type":"ListItem","position":3,"name":"Article","item":"https:\/\/www.sfsic.org\/en\/cfp-publication\/article-en\/"},{"@type":"ListItem","position":4,"name":"La fabrique de la ville \u00ab intelligente \u00bb : dispositifs, projets et discours"}]},{"@type":"WebSite","@id":"https:\/\/www.sfsic.org\/en\/#website","url":"https:\/\/www.sfsic.org\/en\/","name":"SFSIC","description":"Soci\u00e9t\u00e9 Fran\u00e7aise des Sciences de l&#039;Information &amp; de la Communication","publisher":{"@id":"https:\/\/www.sfsic.org\/en\/#organization"},"potentialAction":[{"@type":"SearchAction","target":{"@type":"EntryPoint","urlTemplate":"https:\/\/www.sfsic.org\/en\/?s={search_term_string}"},"query-input":{"@type":"PropertyValueSpecification","valueRequired":true,"valueName":"search_term_string"}}],"inLanguage":"en-US"},{"@type":"Organization","@id":"https:\/\/www.sfsic.org\/en\/#organization","name":"SFSIC","url":"https:\/\/www.sfsic.org\/en\/","logo":{"@type":"ImageObject","inLanguage":"en-US","@id":"https:\/\/www.sfsic.org\/en\/#\/schema\/logo\/image\/","url":"https:\/\/www.sfsic.org\/wp-inside\/uploads\/2020\/05\/logo-sfsic.jpg","contentUrl":"https:\/\/www.sfsic.org\/wp-inside\/uploads\/2020\/05\/logo-sfsic.jpg","width":1085,"height":1080,"caption":"SFSIC"},"image":{"@id":"https:\/\/www.sfsic.org\/en\/#\/schema\/logo\/image\/"}},{"@type":"Person","@id":"https:\/\/www.sfsic.org\/en\/#\/schema\/person\/375f02dfefa3d9546d5ffeeef01352b8","name":"Aboubacar Camara","image":{"@type":"ImageObject","inLanguage":"en-US","@id":"https:\/\/secure.gravatar.com\/avatar\/9aaeac278c0bb75289c9d4700756b0a5ed858cdd2136009b59a07a8bca730292?s=96&d=mm&r=g","url":"https:\/\/secure.gravatar.com\/avatar\/9aaeac278c0bb75289c9d4700756b0a5ed858cdd2136009b59a07a8bca730292?s=96&d=mm&r=g","contentUrl":"https:\/\/secure.gravatar.com\/avatar\/9aaeac278c0bb75289c9d4700756b0a5ed858cdd2136009b59a07a8bca730292?s=96&d=mm&r=g","caption":"Aboubacar Camara"}}]}},"_links":{"self":[{"href":"https:\/\/www.sfsic.org\/en\/wp-json\/wp\/v2\/posts\/20226","targetHints":{"allow":["GET"]}}],"collection":[{"href":"https:\/\/www.sfsic.org\/en\/wp-json\/wp\/v2\/posts"}],"about":[{"href":"https:\/\/www.sfsic.org\/en\/wp-json\/wp\/v2\/types\/post"}],"author":[{"embeddable":true,"href":"https:\/\/www.sfsic.org\/en\/wp-json\/wp\/v2\/users\/1171"}],"replies":[{"embeddable":true,"href":"https:\/\/www.sfsic.org\/en\/wp-json\/wp\/v2\/comments?post=20226"}],"version-history":[{"count":5,"href":"https:\/\/www.sfsic.org\/en\/wp-json\/wp\/v2\/posts\/20226\/revisions"}],"predecessor-version":[{"id":20259,"href":"https:\/\/www.sfsic.org\/en\/wp-json\/wp\/v2\/posts\/20226\/revisions\/20259"}],"wp:attachment":[{"href":"https:\/\/www.sfsic.org\/en\/wp-json\/wp\/v2\/media?parent=20226"}],"wp:term":[{"taxonomy":"category","embeddable":true,"href":"https:\/\/www.sfsic.org\/en\/wp-json\/wp\/v2\/categories?post=20226"},{"taxonomy":"post_tag","embeddable":true,"href":"https:\/\/www.sfsic.org\/en\/wp-json\/wp\/v2\/tags?post=20226"},{"taxonomy":"thematique","embeddable":true,"href":"https:\/\/www.sfsic.org\/en\/wp-json\/wp\/v2\/thematique?post=20226"},{"taxonomy":"sfsic","embeddable":true,"href":"https:\/\/www.sfsic.org\/en\/wp-json\/wp\/v2\/sfsic?post=20226"}],"curies":[{"name":"wp","href":"https:\/\/api.w.org\/{rel}","templated":true}]}}