{"id":20154,"date":"2021-11-10T17:58:30","date_gmt":"2021-11-10T16:58:30","guid":{"rendered":"https:\/\/www.sfsic.org\/?p=20154"},"modified":"2021-11-10T17:58:30","modified_gmt":"2021-11-10T16:58:30","slug":"postdoctorant-e-en-science-des-donnees","status":"publish","type":"post","link":"https:\/\/www.sfsic.org\/en\/emplois\/postdoctorant-e-en-science-des-donnees\/","title":{"rendered":"Postdoctorant-e en science des donn\u00e9es"},"content":{"rendered":"<p><!-- fxzn:singledetail --><\/p>\n<div class=\"zone zn-singledetail\" id=\"fxzn-singledetail-1\">\n<div class=\"zone-block zn-singledetail-block alignwide va-top\">\n<div class=\"row\">\n<div class=\"columns large-8 large-push-4\">\n<div class=\"zn-singledetail-metabox\">\n<div class=\"zn-singledetail-pubdate pubdate\">\n\t\t\t\t\t<span class=\"pubdate-txt\">Mis en ligne le<\/span><span class=\"doubledot\"><\/span> <time class=\"pubdate-time\" pubdate datetime=\"2021-11-10T17:57:01+01:00\">10 novembre 2021<\/time>\t\t\t\t<\/div>\n<div class=\"zn-singledetail-thematiques with-sep-comma\">\n<ul class=\"termslist termslist-thematique\">\n<li class=\"termslist-item termslist-title\"><span class=\"termslist-titletxt\">Th\u00e9matiques<\/span><span class=\"doubledot\"><\/span><\/li>\n<li class=\"termslist-item tax-thematique term-images-cinema-medias-audiovisuels-et-industries-culturelles\"><a class=\"termslist-itemlink\" href=\"https:\/\/www.sfsic.org\/thematiques\/images-cinema-medias-audiovisuels-et-industries-culturelles\/\" title=\"Images, cin\u00e9ma, m\u00e9dias audiovisuels et industries culturelles\"><span class=\"termslist-itemname\">Images, cin\u00e9ma, m\u00e9dias audiovisuels et industries culturelles<\/span><\/a><\/li>\n<li class=\"termslist-item tax-thematique term-mediations-memorielles-culturelles-et-patrimoniales\"><a class=\"termslist-itemlink\" href=\"https:\/\/www.sfsic.org\/thematiques\/mediations-memorielles-culturelles-et-patrimoniales\/\" title=\"M\u00e9diations m\u00e9morielles, culturelles et patrimoniales\"><span class=\"termslist-itemname\">M\u00e9diations m\u00e9morielles, culturelles et patrimoniales<\/span><\/a><\/li>\n<li class=\"termslist-item tax-thematique term-numerique-strategies-dispositifs-et-usages\"><a class=\"termslist-itemlink\" href=\"https:\/\/www.sfsic.org\/thematiques\/numerique-strategies-dispositifs-et-usages\/\" title=\"Num\u00e9rique : strat\u00e9gies, dispositifs et usages\"><span class=\"termslist-itemname\">Num\u00e9rique : strat\u00e9gies, dispositifs et usages<\/span><\/a><\/li>\n<\/ul><\/div>\n<\/p><\/div>\n<\/p><\/div>\n<\/p><\/div>\n<div class=\"row\">\n<div class=\"columns large-4\">\n<div class=\"zn-singledetail-sidebar bg-cornersquares\">\n<div class=\"zn-singledetail-infos\">\n<p class=\"zn-singledetail-reponse-date\">\n\t\t\t\t\t\t<span>R\u00e9ponse attendue pour le<\/span><span class=\"doubledot\"><\/span> <strong>15\/11\/2021<\/strong>\n\t\t\t\t\t<\/p>\n<p class=\"zn-singledetail-type\">\n\t\t\t\t\t\t\t<span>Type d\u2019annonce<\/span><span class=\"doubledot\"><\/span> <strong>Emploi<\/strong>\n\t\t\t\t\t<\/p>\n<\/p><\/div>\n<div class=\"zn-singledetail-contacts\">\n<h3 class=\"zn-singledetail-section-title\">Contacts<\/h3>\n<ul class=\"zn-singledetail-contacts-list\">\n<li class=\"zn-singledetail-contact\">\n\t\t\t\t\t\t\t<span class=\"zn-singledetail-contact-name\">Florence Andreacola<\/span><span class=\"doubledot\"><\/span><br \/>\n\t\t\t\t\t\t\t\t\t\t\t\t\t\t<a class=\"zn-singledetail-contact-mail prettylink\" href=\"mailto:florence.andreacola@univ-grenoble-alpes.fr\">florence.andreacola@univ-grenoble-alpes.fr<\/a>\n\t\t\t\t\t\t\t\t\t\t\t\t\t<\/li>\n<\/ul><\/div>\n<\/p><\/div>\n<\/p><\/div>\n<div class=\"columns large-8\">\n<div class=\"zn-singledetail-contentbox\">\n<div class=\"zn-singledetail-annonce wig-content\">\n<p>Le GRESEC, Groupe de recherche sur les enjeux de la communication, recrute pour le projet DaMuCo\u00a0<b class=\"\">un-e postdoctorant-e en science des donn\u00e9es<\/b>.<\/p>\n<p><span class=\"\"><strong>Deadline de d\u00e9p\u00f4t de candidature<\/strong>&#160;: 15 novembre 2021<\/span><br class=\"\" \/><span class=\"\" style=\"color: #5856d6;\"><span class=\"\"><br class=\"\" \/><\/span><\/span><strong><span class=\"\">Le projet&#160;:<\/span><\/strong><br class=\"\" \/><span class=\"\">Etudier et analyser des formes d\u2019appropriation et de diffusion de la culture artistique visuelle qui se sont manifest\u00e9es dans le cadre du confinement et de la fermeture des institutions patrimoniales&#160;: les <\/span><b class=\"\">museum challenge<\/b><span class=\"\">.<\/span><br class=\"\" \/><span class=\"\" style=\"color: #5856d6;\"><span class=\"\"><br class=\"\" \/><\/span><\/span><strong><span class=\"\">Activit\u00e9s principales&#160;:<\/span><\/strong><br class=\"\" \/><span class=\"\">&#8211; Participation \u00e0 l\u2019\u00e9laboration du mod\u00e8le d\u2019analyse s\u00e9miotique du corpus<\/span><br class=\"\" \/><span class=\"\">&#8211; Transfert du mod\u00e8le d\u2019analyse s\u00e9miotique sous la forme d\u2019un mod\u00e8le d\u2019analyse statistique (\u00e9laboration et optimisation du mod\u00e8le d\u2019analyse automatique des images)<\/span><br class=\"\" \/><span class=\"\">&#8211; D\u00e9ploiement de l\u2019analyse automatique<\/span><br class=\"\" \/><span class=\"\">&#8211; Organisation des activit\u00e9s de valorisation de la recherche<\/span><br class=\"\" \/><span class=\"\">&#8211; Participation \u00e0 la r\u00e9daction d\u2019un article scientifique pour une revue de rang A.<\/span><br class=\"\" \/><span class=\"\" style=\"color: #5856d6;\"><span class=\"\"><br class=\"\" \/><\/span><\/span><strong><span class=\"\">Le profil&#160;:<\/span><\/strong><br class=\"\" \/><span class=\"\">&#8211;\u00a0\u00a0\u00a0\u00a0\u00a0\u00a0\u00a0Maitrise des statistiques descriptives<\/span><br class=\"\" \/><span class=\"\">&#8211;\u00a0\u00a0\u00a0\u00a0\u00a0\u00a0\u00a0Maitrise de Python<\/span><br class=\"\" \/><span class=\"\">&#8211;\u00a0\u00a0\u00a0\u00a0\u00a0\u00a0\u00a0Connaissance et aptitude \u00e0 utiliser des m\u00e9thodes d\u2019analyse automatique des images<\/span><br class=\"\" \/><span class=\"\">&#8211;\u00a0\u00a0\u00a0\u00a0\u00a0\u00a0\u00a0Go\u00fbt et habitude pour l\u2019analyse des images<\/span><br class=\"\" \/><span class=\"\">&#8211;\u00a0\u00a0\u00a0\u00a0\u00a0\u00a0\u00a0Sens de l\u2019observation<\/span><br class=\"\" \/><span class=\"\">&#8211;\u00a0\u00a0\u00a0\u00a0\u00a0\u00a0\u00a0Int\u00e9r\u00eat pour l\u2019\u00e9tude des pratiques sociales et en particulier les pratiques culturelles.<\/span><br class=\"\" \/><span class=\"\" style=\"color: #5856d6;\"><span class=\"\"><br class=\"\" \/><\/span><\/span><span class=\"\">Le profil d\u00e9taill\u00e9 EN\/FR est joint.\u00a0<\/span><\/p>\n<\/p><\/div>\n<div class=\"zn-singledetail-partners\">\n<h3 class=\"zn-singledetail-section-title\">Institutions<\/h3>\n<div class=\"zn-singledetail-partners-list row small-up-2 medium-up-3 large-up-5 partnerlist\" data-equalizer data-equalize-on=\"medium\">\n\t\t\t\t\t\t\t\t\t\t\t\t\t\t\t\t\t\t\t\t\t\t\t\t\t\t\t\t\t\t<\/div>\n<\/p><\/div>\n<div class=\"zn-singledetail-attachedfiles\">\n<h3 class=\"zn-singledetail-section-title\">Fichier(s) attach\u00e9(s)<\/h3>\n<ul class=\"zn-singledetail-attachedfiles-list\">\n<li class=\"zn-singledetail-attachedfiles-item\">\n\t\t\t\t\t\t\t<a class=\"zn-singledetail-attachedfiles-link button outline for-download\" href=\"https:\/\/www.sfsic.org\/wp-inside\/uploads\/skp-membership\/demande_adh\/fiche-de-poste-damuco-postdoc-miai.pdf\" title=\"T\u00e9l\u00e9charger : \u00ab fiche-de-poste-damuco-postdoc-miai.pdf \u00bb\" target=\"_blank\" rel=\"noopener\"><br \/>\n\t\t\t\t\t\t\t\t<span class=\"button-txt\">Fiche de poste DAMUCO POSTDOC MIAI<span class=\"button-txt-type\"> (pdf)<\/span><\/span><br \/>\n\t\t\t\t\t\t\t<\/a>\n\t\t\t\t\t\t<\/li>\n<li class=\"zn-singledetail-attachedfiles-item\">\n\t\t\t\t\t\t\t<a class=\"zn-singledetail-attachedfiles-link button outline for-download\" href=\"https:\/\/www.sfsic.org\/wp-inside\/uploads\/skp-membership\/demande_adh\/fiche-de-poste-damuco-postdoc-miai-en.pdf\" title=\"T\u00e9l\u00e9charger : \u00ab fiche-de-poste-damuco-postdoc-miai-en.pdf \u00bb\" target=\"_blank\" rel=\"noopener\"><br \/>\n\t\t\t\t\t\t\t\t<span class=\"button-txt\">Fiche de poste DAMUCO POSTDOC MIAI EN<span class=\"button-txt-type\"> (pdf)<\/span><\/span><br \/>\n\t\t\t\t\t\t\t<\/a>\n\t\t\t\t\t\t<\/li>\n<\/ul><\/div>\n<div class=\"zn-singledetail-keywords\">\n<h3 class=\"zn-singledetail-section-title\">Mots-cl\u00e9s<\/h3>\n<ul class=\"termslist termslist-post_tag\">\n<li class=\"termslist-item termslist-title\"><span class=\"termslist-titletxt\">Mots-cl\u00e9s<\/span><span class=\"doubledot\"><\/span><\/li>\n<li class=\"termslist-item tax-post_tag term-creation\"><a class=\"termslist-itemlink\" href=\"https:\/\/www.sfsic.org\/tag\/creation\/\" title=\"Cr\u00e9ation\"><span class=\"termslist-itemname\">Cr\u00e9ation<\/span><\/a><\/li>\n<li class=\"termslist-item tax-post_tag term-donnees\"><a class=\"termslist-itemlink\" href=\"https:\/\/www.sfsic.org\/tag\/donnees\/\" title=\"Donn\u00e9es\"><span class=\"termslist-itemname\">Donn\u00e9es<\/span><\/a><\/li>\n<\/ul><\/div>\n<\/p><\/div>\n<\/p><\/div>\n<\/p><\/div>\n<\/p><\/div>\n<\/div>\n<p><!-- \/fxzn:singledetail --><\/p>\n","protected":false},"excerpt":{"rendered":"<p>Mis en ligne le 10 novembre 2021 Th\u00e9matiques Images, cin\u00e9ma, m\u00e9dias audiovisuels et industries culturelles M\u00e9diations m\u00e9morielles, culturelles et patrimoniales Num\u00e9rique : strat\u00e9gies, dispositifs et usages R\u00e9ponse attendue pour le [&hellip;]<\/p>\n","protected":false},"author":957,"featured_media":0,"comment_status":"closed","ping_status":"closed","sticky":false,"template":"","format":"standard","meta":{"_acf_changed":false,"footnotes":""},"categories":[64,32],"tags":[169,128],"thematique":[35,38,39],"sfsic":[],"class_list":["post-20154","post","type-post","status-publish","format-standard","hentry","category-emploi","category-emplois","tag-creation","tag-donnees","thematique-images-cinema-medias-audiovisuels-et-industries-culturelles","thematique-mediations-memorielles-culturelles-et-patrimoniales","thematique-numerique-strategies-dispositifs-et-usages","wp-sticky"],"acf":[],"yoast_head":"<!-- This site is optimized with the Yoast SEO plugin v27.5 - https:\/\/yoast.com\/product\/yoast-seo-wordpress\/ -->\n<title>Postdoctorant-e en science des donn\u00e9es<\/title>\n<meta name=\"description\" content=\"Le GRESEC, Groupe de recherche sur les enjeux de la communication, recrute pour le projet DaMuCo\u00a0un-e postdoctorant-e en science des donn\u00e9es.\u00a0\" \/>\n<meta name=\"robots\" content=\"index, follow, max-snippet:-1, max-image-preview:large, max-video-preview:-1\" \/>\n<link rel=\"canonical\" href=\"https:\/\/www.sfsic.org\/en\/emplois\/postdoctorant-e-en-science-des-donnees\/\" \/>\n<meta property=\"og:locale\" content=\"en_US\" \/>\n<meta property=\"og:type\" content=\"article\" \/>\n<meta property=\"og:title\" content=\"Postdoctorant-e en science des donn\u00e9es\" \/>\n<meta property=\"og:description\" content=\"Le GRESEC, Groupe de recherche sur les enjeux de la communication, recrute pour le projet DaMuCo\u00a0un-e postdoctorant-e en science des donn\u00e9es.\u00a0\" \/>\n<meta property=\"og:url\" content=\"https:\/\/www.sfsic.org\/en\/emplois\/postdoctorant-e-en-science-des-donnees\/\" \/>\n<meta property=\"og:site_name\" content=\"SFSIC\" \/>\n<meta property=\"article:published_time\" content=\"2021-11-10T16:58:30+00:00\" \/>\n<meta name=\"author\" content=\"Fabien Bonnet\" \/>\n<meta name=\"twitter:card\" content=\"summary_large_image\" \/>\n<script type=\"application\/ld+json\" class=\"yoast-schema-graph\">{\"@context\":\"https:\\\/\\\/schema.org\",\"@graph\":[{\"@type\":\"Article\",\"@id\":\"https:\\\/\\\/www.sfsic.org\\\/en\\\/emplois\\\/postdoctorant-e-en-science-des-donnees\\\/#article\",\"isPartOf\":{\"@id\":\"https:\\\/\\\/www.sfsic.org\\\/en\\\/emplois\\\/postdoctorant-e-en-science-des-donnees\\\/\"},\"author\":{\"name\":\"Fabien Bonnet\",\"@id\":\"https:\\\/\\\/www.sfsic.org\\\/en\\\/#\\\/schema\\\/person\\\/9f83573bda33f40c68c7c826e9567df6\"},\"headline\":\"Postdoctorant-e en science des donn\u00e9es\",\"datePublished\":\"2021-11-10T16:58:30+00:00\",\"mainEntityOfPage\":{\"@id\":\"https:\\\/\\\/www.sfsic.org\\\/en\\\/emplois\\\/postdoctorant-e-en-science-des-donnees\\\/\"},\"wordCount\":278,\"publisher\":{\"@id\":\"https:\\\/\\\/www.sfsic.org\\\/en\\\/#organization\"},\"keywords\":[\"Cr\u00e9ation\",\"Donn\u00e9es\"],\"articleSection\":[\"Emploi\",\"Emplois\"],\"inLanguage\":\"en-US\"},{\"@type\":\"WebPage\",\"@id\":\"https:\\\/\\\/www.sfsic.org\\\/en\\\/emplois\\\/postdoctorant-e-en-science-des-donnees\\\/\",\"url\":\"https:\\\/\\\/www.sfsic.org\\\/en\\\/emplois\\\/postdoctorant-e-en-science-des-donnees\\\/\",\"name\":\"Postdoctorant-e en science des donn\u00e9es\",\"isPartOf\":{\"@id\":\"https:\\\/\\\/www.sfsic.org\\\/en\\\/#website\"},\"datePublished\":\"2021-11-10T16:58:30+00:00\",\"description\":\"Le GRESEC, Groupe de recherche sur les enjeux de la communication, recrute pour le projet DaMuCo\u00a0un-e postdoctorant-e en science des donn\u00e9es.\u00a0\",\"breadcrumb\":{\"@id\":\"https:\\\/\\\/www.sfsic.org\\\/en\\\/emplois\\\/postdoctorant-e-en-science-des-donnees\\\/#breadcrumb\"},\"inLanguage\":\"en-US\",\"potentialAction\":[{\"@type\":\"ReadAction\",\"target\":[\"https:\\\/\\\/www.sfsic.org\\\/en\\\/emplois\\\/postdoctorant-e-en-science-des-donnees\\\/\"]}]},{\"@type\":\"BreadcrumbList\",\"@id\":\"https:\\\/\\\/www.sfsic.org\\\/en\\\/emplois\\\/postdoctorant-e-en-science-des-donnees\\\/#breadcrumb\",\"itemListElement\":[{\"@type\":\"ListItem\",\"position\":1,\"name\":\"Accueil\",\"item\":\"https:\\\/\\\/www.sfsic.org\\\/en\\\/\"},{\"@type\":\"ListItem\",\"position\":2,\"name\":\"Jobs\",\"item\":\"https:\\\/\\\/www.sfsic.org\\\/en\\\/jobs\\\/\"},{\"@type\":\"ListItem\",\"position\":3,\"name\":\"Job\",\"item\":\"https:\\\/\\\/www.sfsic.org\\\/en\\\/jobs\\\/job\\\/\"},{\"@type\":\"ListItem\",\"position\":4,\"name\":\"Postdoctorant-e en science des donn\u00e9es\"}]},{\"@type\":\"WebSite\",\"@id\":\"https:\\\/\\\/www.sfsic.org\\\/en\\\/#website\",\"url\":\"https:\\\/\\\/www.sfsic.org\\\/en\\\/\",\"name\":\"SFSIC\",\"description\":\"Soci\u00e9t\u00e9 Fran\u00e7aise des Sciences de l&#039;Information &amp; de la Communication\",\"publisher\":{\"@id\":\"https:\\\/\\\/www.sfsic.org\\\/en\\\/#organization\"},\"potentialAction\":[{\"@type\":\"SearchAction\",\"target\":{\"@type\":\"EntryPoint\",\"urlTemplate\":\"https:\\\/\\\/www.sfsic.org\\\/en\\\/?s={search_term_string}\"},\"query-input\":{\"@type\":\"PropertyValueSpecification\",\"valueRequired\":true,\"valueName\":\"search_term_string\"}}],\"inLanguage\":\"en-US\"},{\"@type\":\"Organization\",\"@id\":\"https:\\\/\\\/www.sfsic.org\\\/en\\\/#organization\",\"name\":\"SFSIC\",\"url\":\"https:\\\/\\\/www.sfsic.org\\\/en\\\/\",\"logo\":{\"@type\":\"ImageObject\",\"inLanguage\":\"en-US\",\"@id\":\"https:\\\/\\\/www.sfsic.org\\\/en\\\/#\\\/schema\\\/logo\\\/image\\\/\",\"url\":\"https:\\\/\\\/www.sfsic.org\\\/wp-inside\\\/uploads\\\/2020\\\/05\\\/logo-sfsic.jpg\",\"contentUrl\":\"https:\\\/\\\/www.sfsic.org\\\/wp-inside\\\/uploads\\\/2020\\\/05\\\/logo-sfsic.jpg\",\"width\":1085,\"height\":1080,\"caption\":\"SFSIC\"},\"image\":{\"@id\":\"https:\\\/\\\/www.sfsic.org\\\/en\\\/#\\\/schema\\\/logo\\\/image\\\/\"}},{\"@type\":\"Person\",\"@id\":\"https:\\\/\\\/www.sfsic.org\\\/en\\\/#\\\/schema\\\/person\\\/9f83573bda33f40c68c7c826e9567df6\",\"name\":\"Fabien Bonnet\",\"image\":{\"@type\":\"ImageObject\",\"inLanguage\":\"en-US\",\"@id\":\"https:\\\/\\\/secure.gravatar.com\\\/avatar\\\/88a9288fc13369cb9e30359afa340f8adace82098c18ff09415c6dacd710ddc4?s=96&d=mm&r=g\",\"url\":\"https:\\\/\\\/secure.gravatar.com\\\/avatar\\\/88a9288fc13369cb9e30359afa340f8adace82098c18ff09415c6dacd710ddc4?s=96&d=mm&r=g\",\"contentUrl\":\"https:\\\/\\\/secure.gravatar.com\\\/avatar\\\/88a9288fc13369cb9e30359afa340f8adace82098c18ff09415c6dacd710ddc4?s=96&d=mm&r=g\",\"caption\":\"Fabien Bonnet\"}}]}<\/script>\n<!-- \/ Yoast SEO plugin. -->","yoast_head_json":{"title":"Postdoctorant-e en science des donn\u00e9es","description":"Le GRESEC, Groupe de recherche sur les enjeux de la communication, recrute pour le projet DaMuCo\u00a0un-e postdoctorant-e en science des donn\u00e9es.\u00a0","robots":{"index":"index","follow":"follow","max-snippet":"max-snippet:-1","max-image-preview":"max-image-preview:large","max-video-preview":"max-video-preview:-1"},"canonical":"https:\/\/www.sfsic.org\/en\/emplois\/postdoctorant-e-en-science-des-donnees\/","og_locale":"en_US","og_type":"article","og_title":"Postdoctorant-e en science des donn\u00e9es","og_description":"Le GRESEC, Groupe de recherche sur les enjeux de la communication, recrute pour le projet DaMuCo\u00a0un-e postdoctorant-e en science des donn\u00e9es.\u00a0","og_url":"https:\/\/www.sfsic.org\/en\/emplois\/postdoctorant-e-en-science-des-donnees\/","og_site_name":"SFSIC","article_published_time":"2021-11-10T16:58:30+00:00","author":"Fabien Bonnet","twitter_card":"summary_large_image","schema":{"@context":"https:\/\/schema.org","@graph":[{"@type":"Article","@id":"https:\/\/www.sfsic.org\/en\/emplois\/postdoctorant-e-en-science-des-donnees\/#article","isPartOf":{"@id":"https:\/\/www.sfsic.org\/en\/emplois\/postdoctorant-e-en-science-des-donnees\/"},"author":{"name":"Fabien Bonnet","@id":"https:\/\/www.sfsic.org\/en\/#\/schema\/person\/9f83573bda33f40c68c7c826e9567df6"},"headline":"Postdoctorant-e en science des donn\u00e9es","datePublished":"2021-11-10T16:58:30+00:00","mainEntityOfPage":{"@id":"https:\/\/www.sfsic.org\/en\/emplois\/postdoctorant-e-en-science-des-donnees\/"},"wordCount":278,"publisher":{"@id":"https:\/\/www.sfsic.org\/en\/#organization"},"keywords":["Cr\u00e9ation","Donn\u00e9es"],"articleSection":["Emploi","Emplois"],"inLanguage":"en-US"},{"@type":"WebPage","@id":"https:\/\/www.sfsic.org\/en\/emplois\/postdoctorant-e-en-science-des-donnees\/","url":"https:\/\/www.sfsic.org\/en\/emplois\/postdoctorant-e-en-science-des-donnees\/","name":"Postdoctorant-e en science des donn\u00e9es","isPartOf":{"@id":"https:\/\/www.sfsic.org\/en\/#website"},"datePublished":"2021-11-10T16:58:30+00:00","description":"Le GRESEC, Groupe de recherche sur les enjeux de la communication, recrute pour le projet DaMuCo\u00a0un-e postdoctorant-e en science des donn\u00e9es.\u00a0","breadcrumb":{"@id":"https:\/\/www.sfsic.org\/en\/emplois\/postdoctorant-e-en-science-des-donnees\/#breadcrumb"},"inLanguage":"en-US","potentialAction":[{"@type":"ReadAction","target":["https:\/\/www.sfsic.org\/en\/emplois\/postdoctorant-e-en-science-des-donnees\/"]}]},{"@type":"BreadcrumbList","@id":"https:\/\/www.sfsic.org\/en\/emplois\/postdoctorant-e-en-science-des-donnees\/#breadcrumb","itemListElement":[{"@type":"ListItem","position":1,"name":"Accueil","item":"https:\/\/www.sfsic.org\/en\/"},{"@type":"ListItem","position":2,"name":"Jobs","item":"https:\/\/www.sfsic.org\/en\/jobs\/"},{"@type":"ListItem","position":3,"name":"Job","item":"https:\/\/www.sfsic.org\/en\/jobs\/job\/"},{"@type":"ListItem","position":4,"name":"Postdoctorant-e en science des donn\u00e9es"}]},{"@type":"WebSite","@id":"https:\/\/www.sfsic.org\/en\/#website","url":"https:\/\/www.sfsic.org\/en\/","name":"SFSIC","description":"Soci\u00e9t\u00e9 Fran\u00e7aise des Sciences de l&#039;Information &amp; de la Communication","publisher":{"@id":"https:\/\/www.sfsic.org\/en\/#organization"},"potentialAction":[{"@type":"SearchAction","target":{"@type":"EntryPoint","urlTemplate":"https:\/\/www.sfsic.org\/en\/?s={search_term_string}"},"query-input":{"@type":"PropertyValueSpecification","valueRequired":true,"valueName":"search_term_string"}}],"inLanguage":"en-US"},{"@type":"Organization","@id":"https:\/\/www.sfsic.org\/en\/#organization","name":"SFSIC","url":"https:\/\/www.sfsic.org\/en\/","logo":{"@type":"ImageObject","inLanguage":"en-US","@id":"https:\/\/www.sfsic.org\/en\/#\/schema\/logo\/image\/","url":"https:\/\/www.sfsic.org\/wp-inside\/uploads\/2020\/05\/logo-sfsic.jpg","contentUrl":"https:\/\/www.sfsic.org\/wp-inside\/uploads\/2020\/05\/logo-sfsic.jpg","width":1085,"height":1080,"caption":"SFSIC"},"image":{"@id":"https:\/\/www.sfsic.org\/en\/#\/schema\/logo\/image\/"}},{"@type":"Person","@id":"https:\/\/www.sfsic.org\/en\/#\/schema\/person\/9f83573bda33f40c68c7c826e9567df6","name":"Fabien Bonnet","image":{"@type":"ImageObject","inLanguage":"en-US","@id":"https:\/\/secure.gravatar.com\/avatar\/88a9288fc13369cb9e30359afa340f8adace82098c18ff09415c6dacd710ddc4?s=96&d=mm&r=g","url":"https:\/\/secure.gravatar.com\/avatar\/88a9288fc13369cb9e30359afa340f8adace82098c18ff09415c6dacd710ddc4?s=96&d=mm&r=g","contentUrl":"https:\/\/secure.gravatar.com\/avatar\/88a9288fc13369cb9e30359afa340f8adace82098c18ff09415c6dacd710ddc4?s=96&d=mm&r=g","caption":"Fabien Bonnet"}}]}},"_links":{"self":[{"href":"https:\/\/www.sfsic.org\/en\/wp-json\/wp\/v2\/posts\/20154","targetHints":{"allow":["GET"]}}],"collection":[{"href":"https:\/\/www.sfsic.org\/en\/wp-json\/wp\/v2\/posts"}],"about":[{"href":"https:\/\/www.sfsic.org\/en\/wp-json\/wp\/v2\/types\/post"}],"author":[{"embeddable":true,"href":"https:\/\/www.sfsic.org\/en\/wp-json\/wp\/v2\/users\/957"}],"replies":[{"embeddable":true,"href":"https:\/\/www.sfsic.org\/en\/wp-json\/wp\/v2\/comments?post=20154"}],"version-history":[{"count":1,"href":"https:\/\/www.sfsic.org\/en\/wp-json\/wp\/v2\/posts\/20154\/revisions"}],"predecessor-version":[{"id":20159,"href":"https:\/\/www.sfsic.org\/en\/wp-json\/wp\/v2\/posts\/20154\/revisions\/20159"}],"wp:attachment":[{"href":"https:\/\/www.sfsic.org\/en\/wp-json\/wp\/v2\/media?parent=20154"}],"wp:term":[{"taxonomy":"category","embeddable":true,"href":"https:\/\/www.sfsic.org\/en\/wp-json\/wp\/v2\/categories?post=20154"},{"taxonomy":"post_tag","embeddable":true,"href":"https:\/\/www.sfsic.org\/en\/wp-json\/wp\/v2\/tags?post=20154"},{"taxonomy":"thematique","embeddable":true,"href":"https:\/\/www.sfsic.org\/en\/wp-json\/wp\/v2\/thematique?post=20154"},{"taxonomy":"sfsic","embeddable":true,"href":"https:\/\/www.sfsic.org\/en\/wp-json\/wp\/v2\/sfsic?post=20154"}],"curies":[{"name":"wp","href":"https:\/\/api.w.org\/{rel}","templated":true}]}}