{"id":20120,"date":"2021-11-08T11:49:17","date_gmt":"2021-11-08T10:49:17","guid":{"rendered":"https:\/\/www.sfsic.org\/?p=20120"},"modified":"2021-11-08T11:49:17","modified_gmt":"2021-11-08T10:49:17","slug":"doctorant-e-assistant-e-en-sciences-de-la-communication","status":"publish","type":"post","link":"https:\/\/www.sfsic.org\/en\/emplois\/doctorant-e-assistant-e-en-sciences-de-la-communication\/","title":{"rendered":"Doctorant-e assistant-e en sciences de la communication"},"content":{"rendered":"<p><!-- fxzn:singledetail --><\/p>\n<div class=\"zone zn-singledetail\" id=\"fxzn-singledetail-1\">\n<div class=\"zone-block zn-singledetail-block alignwide va-top\">\n<div class=\"row\">\n<div class=\"columns large-8 large-push-4\">\n<div class=\"zn-singledetail-metabox\">\n<div class=\"zn-singledetail-pubdate pubdate\">\n\t\t\t\t\t<span class=\"pubdate-txt\">Mis en ligne le<\/span><span class=\"doubledot\"><\/span> <time class=\"pubdate-time\" pubdate datetime=\"2021-11-08T11:19:07+01:00\">8 novembre 2021<\/time>\t\t\t\t<\/div>\n<div class=\"zn-singledetail-thematiques with-sep-comma\">\n<ul class=\"termslist termslist-thematique\">\n<li class=\"termslist-item termslist-title\"><span class=\"termslist-titletxt\">Th\u00e9matiques<\/span><span class=\"doubledot\"><\/span><\/li>\n<li class=\"termslist-item tax-thematique term-actualite-de-nos-partenaires-internationaux\"><a class=\"termslist-itemlink\" href=\"https:\/\/www.sfsic.org\/thematiques\/actualite-de-nos-partenaires-internationaux\/\" title=\"Actualit\u00e9 de nos partenaires internationaux\"><span class=\"termslist-itemname\">Actualit\u00e9 de nos partenaires internationaux<\/span><\/a><\/li>\n<li class=\"termslist-item tax-thematique term-numerique-strategies-dispositifs-et-usages\"><a class=\"termslist-itemlink\" href=\"https:\/\/www.sfsic.org\/thematiques\/numerique-strategies-dispositifs-et-usages\/\" title=\"Num\u00e9rique : strat\u00e9gies, dispositifs et usages\"><span class=\"termslist-itemname\">Num\u00e9rique : strat\u00e9gies, dispositifs et usages<\/span><\/a><\/li>\n<\/ul><\/div>\n<\/p><\/div>\n<\/p><\/div>\n<\/p><\/div>\n<div class=\"row\">\n<div class=\"columns large-4\">\n<div class=\"zn-singledetail-sidebar bg-cornersquares\">\n<div class=\"zn-singledetail-infos\">\n<p class=\"zn-singledetail-reponse-date\">\n\t\t\t\t\t\t<span>R\u00e9ponse attendue pour le<\/span><span class=\"doubledot\"><\/span> <strong>01\/12\/2021<\/strong>\n\t\t\t\t\t<\/p>\n<p class=\"zn-singledetail-type\">\n\t\t\t\t\t\t\t<span>Type d\u2019annonce<\/span><span class=\"doubledot\"><\/span> <strong>Emploi<\/strong>\n\t\t\t\t\t<\/p>\n<\/p><\/div>\n<div class=\"zn-singledetail-contacts\">\n<h3 class=\"zn-singledetail-section-title\">Contacts<\/h3>\n<ul class=\"zn-singledetail-contacts-list\">\n<li class=\"zn-singledetail-contact\">\n\t\t\t\t\t\t\t<span class=\"zn-singledetail-contact-name\">Thilo VON PAPE<\/span><span class=\"doubledot\"><\/span><br \/>\n\t\t\t\t\t\t\t\t\t\t\t\t\t\t<a class=\"zn-singledetail-contact-mail prettylink\" href=\"mailto:thilo.von_pape@univ-fcomte.fr\">thilo.von_pape@univ-fcomte.fr<\/a>\n\t\t\t\t\t\t\t\t\t\t\t\t\t<\/li>\n<\/ul><\/div>\n<div class=\"zn-singledetail-weblinks\">\n<h3 class=\"zn-singledetail-section-title\">Sites internet de r\u00e9f\u00e9rence<\/h3>\n<ul class=\"zn-singledetail-weblinks-list\">\n<li>\n\t\t\t\t\t\t\t<a class=\"prettylink chainlink\" href=\"https:\/\/www.unifr.ch\/dcm\/fr\/assets\/public\/files\/jobs\/2111AssvonPape_fr.pdf?p=1\" title=\"Offre sur le site de l'universit\u00e9\" target=\"_blank\" rel=\"noopener\">Offre sur le site de l&#8217;universit\u00e9<\/a>\n\t\t\t\t\t\t<\/li>\n<li>\n\t\t\t\t\t\t\t<a class=\"prettylink chainlink\" href=\"https:\/\/www.unifr.ch\/dcm\/fr\/\" title=\"Site du d\u00e9partement\" target=\"_blank\" rel=\"noopener\">D\u00e9partement des Sciences de l&#8217;information et de la communication Universit\u00e9 de Fribourg<\/a>\n\t\t\t\t\t\t<\/li>\n<\/ul><\/div>\n<\/p><\/div>\n<\/p><\/div>\n<div class=\"columns large-8\">\n<div class=\"zn-singledetail-contentbox\">\n<div class=\"zn-singledetail-annonce wig-content\">\n<h2><b>Assistant-e dipl\u00f4m\u00e9-e dans les Sciences de la communication et des m\u00e9dias<\/b><\/h2>\n<p><span style=\"font-weight: 400;\">La Facult\u00e9 de sciences \u00e9conomiques et sociales et du management (SES) de l\u2019Universit\u00e9 de Fribourg, Suisse, propose un poste d\u2019assistant-e dipl\u00f4m\u00e9-e au sein de la Chaire des sciences de la communication et des m\u00e9dias. Le-la candidat-e retenu-e travaillera comme assistant-e d&rsquo;enseignement et de recherche au D\u00e9partement des sciences de la communication et des m\u00e9dias (DCM) et r\u00e9digera une th\u00e8se de doctorat sous la direction du professeur Thilo von Pape.<\/span><\/p>\n<p><span style=\"font-weight: 400;\">Le DCM offre un environnement de recherche excellent et porteur, bas\u00e9 sur des collaborations interdisciplinaires et innovantes \u00e0 l&rsquo;interface entre la communication, les m\u00e9dias, l\u2019\u00e9conomie et la soci\u00e9t\u00e9. Unique par son bilinguisme, situ\u00e9 au c\u0153ur de l\u2019Europe, et r\u00e9put\u00e9e pour sa formation et sa recherche rigoureuses, l&rsquo;Universit\u00e9 de Fribourg constitue une premi\u00e8re \u00e9tape d\u00e9cisive vers une carri\u00e8re de chercheur-e enrichissante.<\/span><\/p>\n<h2><b>Informations<\/b><\/h2>\n<p><b>Entr\u00e9e en fonction&#160;: <\/b><span style=\"font-weight: 400;\">1er f\u00e9vrier 2022 ou \u00e0 convenir<br \/>\n<\/span><b>Dur\u00e9e du contrat&#160;: <\/b><span style=\"font-weight: 400;\">5 ans (1 an&#160;; renouvelable 4 ans)<br \/>\n<\/span><b>Taux d\u2019activit\u00e9&#160;: <\/b><span style=\"font-weight: 400;\">100&#160;%&#160;; le salaire sera fix\u00e9 conform\u00e9ment aux directives de l&rsquo;Universit\u00e9 de Fribourg<\/span><\/p>\n<h2><b>Profil<\/b><\/h2>\n<h3><b>Int\u00e9r\u00eats&#160;:<\/b><\/h3>\n<p><span style=\"font-weight: 400;\">Vous \u00eates cr\u00e9atif-ve et enthousiasm\u00e9-e par la th\u00e9orie et les m\u00e9thodes de la recherche sociale empirique. Vous aimez travailler de mani\u00e8re autonome tout comme en \u00e9quipe multilingue. Vous \u00eates int\u00e9ress\u00e9-e par un ou plusieurs des domaines suivants&#160;:<\/span><\/p>\n<ul>\n<li style=\"font-weight: 400;\"><span style=\"font-weight: 400;\">m\u00e9thodes qualitatives ou quantitatives de la recherche sociale,<\/span><\/li>\n<li style=\"font-weight: 400;\"><span style=\"font-weight: 400;\">communication en contexte num\u00e9rique&#160;: r\u00e9seaux sociaux, smartphones, \u2026,<\/span><\/li>\n<li style=\"font-weight: 400;\"><span style=\"font-weight: 400;\">usages, effets, enjeux sociaux et \u00e9cologiques des innovations m\u00e9diatiques&#160;: \u00e9galit\u00e9 d&rsquo;acc\u00e8s, appropriation quotidienne, soutien social, vie priv\u00e9e, durabilit\u00e9, &#8230;<\/span><\/li>\n<li style=\"font-weight: 400;\"><span style=\"font-weight: 400;\">enseignement par la recherche.<\/span><\/li>\n<\/ul>\n<h3><b>Comp\u00e9tences&#160;:<\/b><\/h3>\n<p><span style=\"font-weight: 400;\">Dans l\u2019id\u00e9al, vous ma\u00eetrisez les m\u00e9thodes qualitatives et quantitatives de recueil et d\u2019analyse de donn\u00e9es appliqu\u00e9es en sciences sociales. La ma\u00eetrise d\u2019outils informatiques (R, Python, NVivo, \u2026) est consid\u00e9r\u00e9e comme un atout.\u00a0<\/span><\/p>\n<h3><b>Dipl\u00f4mes&#160;:<\/b><\/h3>\n<p><span style=\"font-weight: 400;\">Vous \u00eates titulaire d&rsquo;un master en sciences de l\u2019information-communication ou dans une science sociale apparent\u00e9e (sociologie, psychologie, \u2026) avec un accent sur la recherche empirique.\u00a0<\/span><\/p>\n<h3><b>Langues&#160;:<\/b><\/h3>\n<p><span style=\"font-weight: 400;\">Ma\u00eetrise compl\u00e8te du fran\u00e7ais et bonnes connaissances de l\u2019anglais. Des notions d&rsquo;allemand et un engagement de vous perfectionner dans ces langues sont appr\u00e9ci\u00e9s.\u00a0<\/span><\/p>\n<h2><b>Postulation<\/b><\/h2>\n<h3><b>Questions&#160;:<\/b><\/h3>\n<p><span style=\"font-weight: 400;\">Veuillez adresser toute question concernant le poste et\/ou la candidature \u00e0 Jolanda Wehrli (jolanda.wehrli@unifr.ch) avec l\u2019objet \u00ab&#160; Assistant-e dipl\u00f4m\u00e9-e von Pape&#160;\u00bb.<\/span><\/p>\n<h3><b>Dossier&#160;:<\/b><\/h3>\n<p><span style=\"font-weight: 400;\">Le dossier de candidature doit contenir&#160;:<\/span><\/p>\n<ul>\n<li style=\"font-weight: 400;\"><span style=\"font-weight: 400;\">lettre de motivation sp\u00e9cifiant les int\u00e9r\u00eats et motivations de recherche,<\/span><\/li>\n<li style=\"font-weight: 400;\"><span style=\"font-weight: 400;\">CV contentant le nom de deux personnes de r\u00e9f\u00e9rence acad\u00e9miques,<\/span><\/li>\n<li style=\"font-weight: 400;\"><span style=\"font-weight: 400;\">relev\u00e9 de notes de la formation acad\u00e9mique achev\u00e9e et<\/span><\/li>\n<li style=\"font-weight: 400;\"><span style=\"font-weight: 400;\">r\u00e9sum\u00e9 du m\u00e9moire de Master en une page<\/span><\/li>\n<li style=\"font-weight: 400;\"><span style=\"font-weight: 400;\">tout autre certificat (p.ex. TOEFL) ou document (p.ex. \u00e9valuation du travail de Master) jug\u00e9 pertinent.<\/span><\/li>\n<\/ul>\n<p><span style=\"font-weight: 400;\">L\u2019\u00e9valuation portera sur votre parcours, vos int\u00e9r\u00eats, votre attitude et le potentiel acad\u00e9mique qui en d\u00e9coule&#160;; elle est attach\u00e9e \u00e0 la diversit\u00e9 et \u00e0 l&rsquo;inclusion.<\/span><\/p>\n<h3><b>D\u00e9lai&#160;:<\/b><\/h3>\n<p><span style=\"font-weight: 400;\">Le dossier doit \u00eatre envoy\u00e9 en un seul fichier PDF \u00e0 Jolanda Wehrli (jolanda.wehrli@unifr.ch) au plus tard le<strong> 1er d\u00e9cembre 2021<\/strong>.<\/span><\/p>\n<\/p><\/div>\n<div class=\"zn-singledetail-partners\">\n<h3 class=\"zn-singledetail-section-title\">Institutions<\/h3>\n<div class=\"zn-singledetail-partners-list row small-up-2 medium-up-3 large-up-5 partnerlist\" data-equalizer data-equalize-on=\"medium\">\n<article class=\"summarypartner partner-15330 column\">\n\t<a class=\"summarypartner-box\" href=\"https:\/\/www3.unifr.ch\" title=\"Universit\u00e9 de Fribourg\">\t\t<\/p>\n<div class=\"summarypartner-box-inner\" data-equalizer-watch>\n<div class=\"summarypartner-imgbox\">\n<figure class=\"summarypartner-figure\">\n\t\t\t\t\t<img decoding=\"async\" class=\"summarypartner-img\" src=\"https:\/\/www.sfsic.org\/wp-inside\/uploads\/skp-membership\/demande_adh\/logo-universite-fribourg-suisse-320x320.png\" alt=\"Logo Universit\u00e9 Fribourg Suisse\" ><figcaption class=\"summarypartner-img-caption show-for-sr\">Logo Universit\u00e9 Fribourg Suisse<\/figcaption><\/figure>\n<\/p><\/div>\n<div class=\"summarypartner-content\">\n<div class=\"summarypartner-content-inner\">\n<header class=\"summarypartner-header\">\n<h3 class=\"summarypartner-title\">\n\t\t\t\t\t\t\tUniversit\u00e9 de Fribourg\t\t\t\t\t\t<\/h3>\n<\/header><\/div>\n<\/p><\/div>\n<\/p><\/div>\n<p>\t<\/a><\/article>\n<\/p><\/div>\n<\/p><\/div>\n<div class=\"zn-singledetail-attachedfiles\">\n<h3 class=\"zn-singledetail-section-title\">Fichier(s) attach\u00e9(s)<\/h3>\n<ul class=\"zn-singledetail-attachedfiles-list\">\n<li class=\"zn-singledetail-attachedfiles-item\">\n\t\t\t\t\t\t\t<a class=\"zn-singledetail-attachedfiles-link button outline for-download\" href=\"https:\/\/www.sfsic.org\/wp-inside\/uploads\/skp-membership\/demande_adh\/2111assvonpape_fr.pdf\" title=\"T\u00e9l\u00e9charger : \u00ab 2111assvonpape_fr.pdf \u00bb\" target=\"_blank\" rel=\"noopener\"><br \/>\n\t\t\t\t\t\t\t\t<span class=\"button-txt\">2111assvonpape_fr<span class=\"button-txt-type\"> (pdf)<\/span><\/span><br \/>\n\t\t\t\t\t\t\t<\/a>\n\t\t\t\t\t\t<\/li>\n<\/ul><\/div>\n<div class=\"zn-singledetail-keywords\">\n<h3 class=\"zn-singledetail-section-title\">Mots-cl\u00e9s<\/h3>\n<ul class=\"termslist termslist-post_tag\">\n<li class=\"termslist-item termslist-title\"><span class=\"termslist-titletxt\">Mots-cl\u00e9s<\/span><span class=\"doubledot\"><\/span><\/li>\n<li class=\"termslist-item tax-post_tag term-methodologie\"><a class=\"termslist-itemlink\" href=\"https:\/\/www.sfsic.org\/tag\/methodologie\/\" title=\"M\u00e9thodologie\"><span class=\"termslist-itemname\">M\u00e9thodologie<\/span><\/a><\/li>\n<li class=\"termslist-item tax-post_tag term-mobilite\"><a class=\"termslist-itemlink\" href=\"https:\/\/www.sfsic.org\/tag\/mobilite\/\" title=\"Mobilit\u00e9\"><span class=\"termslist-itemname\">Mobilit\u00e9<\/span><\/a><\/li>\n<li class=\"termslist-item tax-post_tag term-numerique\"><a class=\"termslist-itemlink\" href=\"https:\/\/www.sfsic.org\/tag\/numerique\/\" title=\"Num\u00e9rique\"><span class=\"termslist-itemname\">Num\u00e9rique<\/span><\/a><\/li>\n<li class=\"termslist-item tax-post_tag term-reseaux-sociaux-numeriques\"><a class=\"termslist-itemlink\" href=\"https:\/\/www.sfsic.org\/tag\/reseaux-sociaux-numeriques\/\" title=\"R\u00e9seaux sociaux num\u00e9riques\"><span class=\"termslist-itemname\">R\u00e9seaux sociaux num\u00e9riques<\/span><\/a><\/li>\n<li class=\"termslist-item tax-post_tag term-usages\"><a class=\"termslist-itemlink\" href=\"https:\/\/www.sfsic.org\/tag\/usages\/\" title=\"Usages\"><span class=\"termslist-itemname\">Usages<\/span><\/a><\/li>\n<\/ul><\/div>\n<\/p><\/div>\n<\/p><\/div>\n<\/p><\/div>\n<\/p><\/div>\n<\/div>\n<p><!-- \/fxzn:singledetail --><\/p>\n","protected":false},"excerpt":{"rendered":"<p>Mis en ligne le 8 novembre 2021 Th\u00e9matiques Actualit\u00e9 de nos partenaires internationaux Num\u00e9rique : strat\u00e9gies, dispositifs et usages R\u00e9ponse attendue pour le 01\/12\/2021 Type d\u2019annonce Emploi Contacts Thilo VON [&hellip;]<\/p>\n","protected":false},"author":914,"featured_media":0,"comment_status":"closed","ping_status":"closed","sticky":false,"template":"","format":"standard","meta":{"_acf_changed":false,"footnotes":""},"categories":[64,32],"tags":[110,115,90,82,303],"thematique":[44,39],"sfsic":[],"class_list":["post-20120","post","type-post","status-publish","format-standard","hentry","category-emploi","category-emplois","tag-methodologie","tag-mobilite","tag-numerique","tag-reseaux-sociaux-numeriques","tag-usages","thematique-actualite-de-nos-partenaires-internationaux","thematique-numerique-strategies-dispositifs-et-usages","wp-sticky"],"acf":[],"yoast_head":"<!-- This site is optimized with the Yoast SEO plugin v27.4 - https:\/\/yoast.com\/product\/yoast-seo-wordpress\/ -->\n<title>Doctorant-e assistant-e en sciences de la communication<\/title>\n<meta name=\"description\" content=\"La Facult\u00e9 de sciences \u00e9conomiques et sociales et du management (SES) de l\u2019Universit\u00e9 de Fribourg, Suisse, propose un poste d\u2019assistant-e dipl\u00f4m\u00e9-e au sein de la Chaire des sciences de la communication et des m\u00e9dias.\" \/>\n<meta name=\"robots\" content=\"index, follow, max-snippet:-1, max-image-preview:large, max-video-preview:-1\" \/>\n<link rel=\"canonical\" href=\"https:\/\/www.sfsic.org\/en\/emplois\/doctorant-e-assistant-e-en-sciences-de-la-communication\/\" \/>\n<meta property=\"og:locale\" content=\"en_US\" \/>\n<meta property=\"og:type\" content=\"article\" \/>\n<meta property=\"og:title\" content=\"Doctorant-e assistant-e en sciences de la communication\" \/>\n<meta property=\"og:description\" content=\"La Facult\u00e9 de sciences \u00e9conomiques et sociales et du management (SES) de l\u2019Universit\u00e9 de Fribourg, Suisse, propose un poste d\u2019assistant-e dipl\u00f4m\u00e9-e au sein de la Chaire des sciences de la communication et des m\u00e9dias.\" \/>\n<meta property=\"og:url\" content=\"https:\/\/www.sfsic.org\/en\/emplois\/doctorant-e-assistant-e-en-sciences-de-la-communication\/\" \/>\n<meta property=\"og:site_name\" content=\"SFSIC\" \/>\n<meta property=\"article:published_time\" content=\"2021-11-08T10:49:17+00:00\" \/>\n<meta property=\"og:image\" content=\"https:\/\/www.sfsic.org\/wp-inside\/uploads\/skp-membership\/demande_adh\/logo-universite-fribourg-suisse-320x320.png\" \/>\n<meta name=\"author\" content=\"Thilo Von Pape\" \/>\n<meta name=\"twitter:card\" content=\"summary_large_image\" \/>\n<script type=\"application\/ld+json\" class=\"yoast-schema-graph\">{\"@context\":\"https:\\\/\\\/schema.org\",\"@graph\":[{\"@type\":\"Article\",\"@id\":\"https:\\\/\\\/www.sfsic.org\\\/en\\\/emplois\\\/doctorant-e-assistant-e-en-sciences-de-la-communication\\\/#article\",\"isPartOf\":{\"@id\":\"https:\\\/\\\/www.sfsic.org\\\/en\\\/emplois\\\/doctorant-e-assistant-e-en-sciences-de-la-communication\\\/\"},\"author\":{\"name\":\"Thilo Von Pape\",\"@id\":\"https:\\\/\\\/www.sfsic.org\\\/en\\\/#\\\/schema\\\/person\\\/d4734bbc3c2c67b3bf3e7b9174e23037\"},\"headline\":\"Doctorant-e assistant-e en sciences de la communication\",\"datePublished\":\"2021-11-08T10:49:17+00:00\",\"mainEntityOfPage\":{\"@id\":\"https:\\\/\\\/www.sfsic.org\\\/en\\\/emplois\\\/doctorant-e-assistant-e-en-sciences-de-la-communication\\\/\"},\"wordCount\":655,\"publisher\":{\"@id\":\"https:\\\/\\\/www.sfsic.org\\\/en\\\/#organization\"},\"image\":{\"@id\":\"https:\\\/\\\/www.sfsic.org\\\/en\\\/emplois\\\/doctorant-e-assistant-e-en-sciences-de-la-communication\\\/#primaryimage\"},\"thumbnailUrl\":\"https:\\\/\\\/www.sfsic.org\\\/wp-inside\\\/uploads\\\/skp-membership\\\/demande_adh\\\/logo-universite-fribourg-suisse-320x320.png\",\"keywords\":[\"M\u00e9thodologie\",\"Mobilit\u00e9\",\"Num\u00e9rique\",\"R\u00e9seaux sociaux num\u00e9riques\",\"Usages\"],\"articleSection\":[\"Emploi\",\"Emplois\"],\"inLanguage\":\"en-US\"},{\"@type\":\"WebPage\",\"@id\":\"https:\\\/\\\/www.sfsic.org\\\/en\\\/emplois\\\/doctorant-e-assistant-e-en-sciences-de-la-communication\\\/\",\"url\":\"https:\\\/\\\/www.sfsic.org\\\/en\\\/emplois\\\/doctorant-e-assistant-e-en-sciences-de-la-communication\\\/\",\"name\":\"Doctorant-e assistant-e en sciences de la communication\",\"isPartOf\":{\"@id\":\"https:\\\/\\\/www.sfsic.org\\\/en\\\/#website\"},\"primaryImageOfPage\":{\"@id\":\"https:\\\/\\\/www.sfsic.org\\\/en\\\/emplois\\\/doctorant-e-assistant-e-en-sciences-de-la-communication\\\/#primaryimage\"},\"image\":{\"@id\":\"https:\\\/\\\/www.sfsic.org\\\/en\\\/emplois\\\/doctorant-e-assistant-e-en-sciences-de-la-communication\\\/#primaryimage\"},\"thumbnailUrl\":\"https:\\\/\\\/www.sfsic.org\\\/wp-inside\\\/uploads\\\/skp-membership\\\/demande_adh\\\/logo-universite-fribourg-suisse-320x320.png\",\"datePublished\":\"2021-11-08T10:49:17+00:00\",\"description\":\"La Facult\u00e9 de sciences \u00e9conomiques et sociales et du management (SES) de l\u2019Universit\u00e9 de Fribourg, Suisse, propose un poste d\u2019assistant-e dipl\u00f4m\u00e9-e au sein de la Chaire des sciences de la communication et des m\u00e9dias.\",\"breadcrumb\":{\"@id\":\"https:\\\/\\\/www.sfsic.org\\\/en\\\/emplois\\\/doctorant-e-assistant-e-en-sciences-de-la-communication\\\/#breadcrumb\"},\"inLanguage\":\"en-US\",\"potentialAction\":[{\"@type\":\"ReadAction\",\"target\":[\"https:\\\/\\\/www.sfsic.org\\\/en\\\/emplois\\\/doctorant-e-assistant-e-en-sciences-de-la-communication\\\/\"]}]},{\"@type\":\"ImageObject\",\"inLanguage\":\"en-US\",\"@id\":\"https:\\\/\\\/www.sfsic.org\\\/en\\\/emplois\\\/doctorant-e-assistant-e-en-sciences-de-la-communication\\\/#primaryimage\",\"url\":\"https:\\\/\\\/www.sfsic.org\\\/wp-inside\\\/uploads\\\/skp-membership\\\/demande_adh\\\/logo-universite-fribourg-suisse-320x320.png\",\"contentUrl\":\"https:\\\/\\\/www.sfsic.org\\\/wp-inside\\\/uploads\\\/skp-membership\\\/demande_adh\\\/logo-universite-fribourg-suisse-320x320.png\"},{\"@type\":\"BreadcrumbList\",\"@id\":\"https:\\\/\\\/www.sfsic.org\\\/en\\\/emplois\\\/doctorant-e-assistant-e-en-sciences-de-la-communication\\\/#breadcrumb\",\"itemListElement\":[{\"@type\":\"ListItem\",\"position\":1,\"name\":\"Accueil\",\"item\":\"https:\\\/\\\/www.sfsic.org\\\/en\\\/\"},{\"@type\":\"ListItem\",\"position\":2,\"name\":\"Jobs\",\"item\":\"https:\\\/\\\/www.sfsic.org\\\/en\\\/jobs\\\/\"},{\"@type\":\"ListItem\",\"position\":3,\"name\":\"Job\",\"item\":\"https:\\\/\\\/www.sfsic.org\\\/en\\\/jobs\\\/job\\\/\"},{\"@type\":\"ListItem\",\"position\":4,\"name\":\"Doctorant-e assistant-e en sciences de la communication\"}]},{\"@type\":\"WebSite\",\"@id\":\"https:\\\/\\\/www.sfsic.org\\\/en\\\/#website\",\"url\":\"https:\\\/\\\/www.sfsic.org\\\/en\\\/\",\"name\":\"SFSIC\",\"description\":\"Soci\u00e9t\u00e9 Fran\u00e7aise des Sciences de l&#039;Information &amp; de la Communication\",\"publisher\":{\"@id\":\"https:\\\/\\\/www.sfsic.org\\\/en\\\/#organization\"},\"potentialAction\":[{\"@type\":\"SearchAction\",\"target\":{\"@type\":\"EntryPoint\",\"urlTemplate\":\"https:\\\/\\\/www.sfsic.org\\\/en\\\/?s={search_term_string}\"},\"query-input\":{\"@type\":\"PropertyValueSpecification\",\"valueRequired\":true,\"valueName\":\"search_term_string\"}}],\"inLanguage\":\"en-US\"},{\"@type\":\"Organization\",\"@id\":\"https:\\\/\\\/www.sfsic.org\\\/en\\\/#organization\",\"name\":\"SFSIC\",\"url\":\"https:\\\/\\\/www.sfsic.org\\\/en\\\/\",\"logo\":{\"@type\":\"ImageObject\",\"inLanguage\":\"en-US\",\"@id\":\"https:\\\/\\\/www.sfsic.org\\\/en\\\/#\\\/schema\\\/logo\\\/image\\\/\",\"url\":\"https:\\\/\\\/www.sfsic.org\\\/wp-inside\\\/uploads\\\/2020\\\/05\\\/logo-sfsic.jpg\",\"contentUrl\":\"https:\\\/\\\/www.sfsic.org\\\/wp-inside\\\/uploads\\\/2020\\\/05\\\/logo-sfsic.jpg\",\"width\":1085,\"height\":1080,\"caption\":\"SFSIC\"},\"image\":{\"@id\":\"https:\\\/\\\/www.sfsic.org\\\/en\\\/#\\\/schema\\\/logo\\\/image\\\/\"}},{\"@type\":\"Person\",\"@id\":\"https:\\\/\\\/www.sfsic.org\\\/en\\\/#\\\/schema\\\/person\\\/d4734bbc3c2c67b3bf3e7b9174e23037\",\"name\":\"Thilo Von Pape\",\"image\":{\"@type\":\"ImageObject\",\"inLanguage\":\"en-US\",\"@id\":\"https:\\\/\\\/secure.gravatar.com\\\/avatar\\\/4540c272acfc6c70fc009f1b3ec723f4f176f4f084e6ccf1069fb403524d4e55?s=96&d=mm&r=g\",\"url\":\"https:\\\/\\\/secure.gravatar.com\\\/avatar\\\/4540c272acfc6c70fc009f1b3ec723f4f176f4f084e6ccf1069fb403524d4e55?s=96&d=mm&r=g\",\"contentUrl\":\"https:\\\/\\\/secure.gravatar.com\\\/avatar\\\/4540c272acfc6c70fc009f1b3ec723f4f176f4f084e6ccf1069fb403524d4e55?s=96&d=mm&r=g\",\"caption\":\"Thilo Von Pape\"}}]}<\/script>\n<!-- \/ Yoast SEO plugin. -->","yoast_head_json":{"title":"Doctorant-e assistant-e en sciences de la communication","description":"La Facult\u00e9 de sciences \u00e9conomiques et sociales et du management (SES) de l\u2019Universit\u00e9 de Fribourg, Suisse, propose un poste d\u2019assistant-e dipl\u00f4m\u00e9-e au sein de la Chaire des sciences de la communication et des m\u00e9dias.","robots":{"index":"index","follow":"follow","max-snippet":"max-snippet:-1","max-image-preview":"max-image-preview:large","max-video-preview":"max-video-preview:-1"},"canonical":"https:\/\/www.sfsic.org\/en\/emplois\/doctorant-e-assistant-e-en-sciences-de-la-communication\/","og_locale":"en_US","og_type":"article","og_title":"Doctorant-e assistant-e en sciences de la communication","og_description":"La Facult\u00e9 de sciences \u00e9conomiques et sociales et du management (SES) de l\u2019Universit\u00e9 de Fribourg, Suisse, propose un poste d\u2019assistant-e dipl\u00f4m\u00e9-e au sein de la Chaire des sciences de la communication et des m\u00e9dias.","og_url":"https:\/\/www.sfsic.org\/en\/emplois\/doctorant-e-assistant-e-en-sciences-de-la-communication\/","og_site_name":"SFSIC","article_published_time":"2021-11-08T10:49:17+00:00","og_image":[{"url":"https:\/\/www.sfsic.org\/wp-inside\/uploads\/skp-membership\/demande_adh\/logo-universite-fribourg-suisse-320x320.png","type":"","width":"","height":""}],"author":"Thilo Von Pape","twitter_card":"summary_large_image","schema":{"@context":"https:\/\/schema.org","@graph":[{"@type":"Article","@id":"https:\/\/www.sfsic.org\/en\/emplois\/doctorant-e-assistant-e-en-sciences-de-la-communication\/#article","isPartOf":{"@id":"https:\/\/www.sfsic.org\/en\/emplois\/doctorant-e-assistant-e-en-sciences-de-la-communication\/"},"author":{"name":"Thilo Von Pape","@id":"https:\/\/www.sfsic.org\/en\/#\/schema\/person\/d4734bbc3c2c67b3bf3e7b9174e23037"},"headline":"Doctorant-e assistant-e en sciences de la communication","datePublished":"2021-11-08T10:49:17+00:00","mainEntityOfPage":{"@id":"https:\/\/www.sfsic.org\/en\/emplois\/doctorant-e-assistant-e-en-sciences-de-la-communication\/"},"wordCount":655,"publisher":{"@id":"https:\/\/www.sfsic.org\/en\/#organization"},"image":{"@id":"https:\/\/www.sfsic.org\/en\/emplois\/doctorant-e-assistant-e-en-sciences-de-la-communication\/#primaryimage"},"thumbnailUrl":"https:\/\/www.sfsic.org\/wp-inside\/uploads\/skp-membership\/demande_adh\/logo-universite-fribourg-suisse-320x320.png","keywords":["M\u00e9thodologie","Mobilit\u00e9","Num\u00e9rique","R\u00e9seaux sociaux num\u00e9riques","Usages"],"articleSection":["Emploi","Emplois"],"inLanguage":"en-US"},{"@type":"WebPage","@id":"https:\/\/www.sfsic.org\/en\/emplois\/doctorant-e-assistant-e-en-sciences-de-la-communication\/","url":"https:\/\/www.sfsic.org\/en\/emplois\/doctorant-e-assistant-e-en-sciences-de-la-communication\/","name":"Doctorant-e assistant-e en sciences de la communication","isPartOf":{"@id":"https:\/\/www.sfsic.org\/en\/#website"},"primaryImageOfPage":{"@id":"https:\/\/www.sfsic.org\/en\/emplois\/doctorant-e-assistant-e-en-sciences-de-la-communication\/#primaryimage"},"image":{"@id":"https:\/\/www.sfsic.org\/en\/emplois\/doctorant-e-assistant-e-en-sciences-de-la-communication\/#primaryimage"},"thumbnailUrl":"https:\/\/www.sfsic.org\/wp-inside\/uploads\/skp-membership\/demande_adh\/logo-universite-fribourg-suisse-320x320.png","datePublished":"2021-11-08T10:49:17+00:00","description":"La Facult\u00e9 de sciences \u00e9conomiques et sociales et du management (SES) de l\u2019Universit\u00e9 de Fribourg, Suisse, propose un poste d\u2019assistant-e dipl\u00f4m\u00e9-e au sein de la Chaire des sciences de la communication et des m\u00e9dias.","breadcrumb":{"@id":"https:\/\/www.sfsic.org\/en\/emplois\/doctorant-e-assistant-e-en-sciences-de-la-communication\/#breadcrumb"},"inLanguage":"en-US","potentialAction":[{"@type":"ReadAction","target":["https:\/\/www.sfsic.org\/en\/emplois\/doctorant-e-assistant-e-en-sciences-de-la-communication\/"]}]},{"@type":"ImageObject","inLanguage":"en-US","@id":"https:\/\/www.sfsic.org\/en\/emplois\/doctorant-e-assistant-e-en-sciences-de-la-communication\/#primaryimage","url":"https:\/\/www.sfsic.org\/wp-inside\/uploads\/skp-membership\/demande_adh\/logo-universite-fribourg-suisse-320x320.png","contentUrl":"https:\/\/www.sfsic.org\/wp-inside\/uploads\/skp-membership\/demande_adh\/logo-universite-fribourg-suisse-320x320.png"},{"@type":"BreadcrumbList","@id":"https:\/\/www.sfsic.org\/en\/emplois\/doctorant-e-assistant-e-en-sciences-de-la-communication\/#breadcrumb","itemListElement":[{"@type":"ListItem","position":1,"name":"Accueil","item":"https:\/\/www.sfsic.org\/en\/"},{"@type":"ListItem","position":2,"name":"Jobs","item":"https:\/\/www.sfsic.org\/en\/jobs\/"},{"@type":"ListItem","position":3,"name":"Job","item":"https:\/\/www.sfsic.org\/en\/jobs\/job\/"},{"@type":"ListItem","position":4,"name":"Doctorant-e assistant-e en sciences de la communication"}]},{"@type":"WebSite","@id":"https:\/\/www.sfsic.org\/en\/#website","url":"https:\/\/www.sfsic.org\/en\/","name":"SFSIC","description":"Soci\u00e9t\u00e9 Fran\u00e7aise des Sciences de l&#039;Information &amp; de la Communication","publisher":{"@id":"https:\/\/www.sfsic.org\/en\/#organization"},"potentialAction":[{"@type":"SearchAction","target":{"@type":"EntryPoint","urlTemplate":"https:\/\/www.sfsic.org\/en\/?s={search_term_string}"},"query-input":{"@type":"PropertyValueSpecification","valueRequired":true,"valueName":"search_term_string"}}],"inLanguage":"en-US"},{"@type":"Organization","@id":"https:\/\/www.sfsic.org\/en\/#organization","name":"SFSIC","url":"https:\/\/www.sfsic.org\/en\/","logo":{"@type":"ImageObject","inLanguage":"en-US","@id":"https:\/\/www.sfsic.org\/en\/#\/schema\/logo\/image\/","url":"https:\/\/www.sfsic.org\/wp-inside\/uploads\/2020\/05\/logo-sfsic.jpg","contentUrl":"https:\/\/www.sfsic.org\/wp-inside\/uploads\/2020\/05\/logo-sfsic.jpg","width":1085,"height":1080,"caption":"SFSIC"},"image":{"@id":"https:\/\/www.sfsic.org\/en\/#\/schema\/logo\/image\/"}},{"@type":"Person","@id":"https:\/\/www.sfsic.org\/en\/#\/schema\/person\/d4734bbc3c2c67b3bf3e7b9174e23037","name":"Thilo Von Pape","image":{"@type":"ImageObject","inLanguage":"en-US","@id":"https:\/\/secure.gravatar.com\/avatar\/4540c272acfc6c70fc009f1b3ec723f4f176f4f084e6ccf1069fb403524d4e55?s=96&d=mm&r=g","url":"https:\/\/secure.gravatar.com\/avatar\/4540c272acfc6c70fc009f1b3ec723f4f176f4f084e6ccf1069fb403524d4e55?s=96&d=mm&r=g","contentUrl":"https:\/\/secure.gravatar.com\/avatar\/4540c272acfc6c70fc009f1b3ec723f4f176f4f084e6ccf1069fb403524d4e55?s=96&d=mm&r=g","caption":"Thilo Von Pape"}}]}},"_links":{"self":[{"href":"https:\/\/www.sfsic.org\/en\/wp-json\/wp\/v2\/posts\/20120","targetHints":{"allow":["GET"]}}],"collection":[{"href":"https:\/\/www.sfsic.org\/en\/wp-json\/wp\/v2\/posts"}],"about":[{"href":"https:\/\/www.sfsic.org\/en\/wp-json\/wp\/v2\/types\/post"}],"author":[{"embeddable":true,"href":"https:\/\/www.sfsic.org\/en\/wp-json\/wp\/v2\/users\/914"}],"replies":[{"embeddable":true,"href":"https:\/\/www.sfsic.org\/en\/wp-json\/wp\/v2\/comments?post=20120"}],"version-history":[{"count":2,"href":"https:\/\/www.sfsic.org\/en\/wp-json\/wp\/v2\/posts\/20120\/revisions"}],"predecessor-version":[{"id":20125,"href":"https:\/\/www.sfsic.org\/en\/wp-json\/wp\/v2\/posts\/20120\/revisions\/20125"}],"wp:attachment":[{"href":"https:\/\/www.sfsic.org\/en\/wp-json\/wp\/v2\/media?parent=20120"}],"wp:term":[{"taxonomy":"category","embeddable":true,"href":"https:\/\/www.sfsic.org\/en\/wp-json\/wp\/v2\/categories?post=20120"},{"taxonomy":"post_tag","embeddable":true,"href":"https:\/\/www.sfsic.org\/en\/wp-json\/wp\/v2\/tags?post=20120"},{"taxonomy":"thematique","embeddable":true,"href":"https:\/\/www.sfsic.org\/en\/wp-json\/wp\/v2\/thematique?post=20120"},{"taxonomy":"sfsic","embeddable":true,"href":"https:\/\/www.sfsic.org\/en\/wp-json\/wp\/v2\/sfsic?post=20120"}],"curies":[{"name":"wp","href":"https:\/\/api.w.org\/{rel}","templated":true}]}}