{"id":20097,"date":"2021-11-05T10:35:21","date_gmt":"2021-11-05T09:35:21","guid":{"rendered":"https:\/\/www.sfsic.org\/?p=20097"},"modified":"2021-11-05T10:37:22","modified_gmt":"2021-11-05T09:37:22","slug":"les-publics-de-la-culture-a-lere-du-numerique-2","status":"publish","type":"post","link":"https:\/\/www.sfsic.org\/en\/evenement\/les-publics-de-la-culture-a-lere-du-numerique-2\/","title":{"rendered":"Les publics de la culture \u00e0 l\u2019\u00e8re du num\u00e9rique"},"content":{"rendered":"<p><!-- fxzn:singledetail --><\/p>\n<div class=\"zone zn-singledetail\" id=\"fxzn-singledetail-1\">\n<div class=\"zone-block zn-singledetail-block alignwide va-top\">\n<div class=\"row\">\n<div class=\"columns large-8 large-push-4\">\n<div class=\"zn-singledetail-metabox\">\n<div class=\"zn-singledetail-pubdate pubdate\">\n\t\t\t\t\t<span class=\"pubdate-txt\">Mis en ligne le<\/span><span class=\"doubledot\"><\/span> 5 novembre 2021\t\t\t\t<\/div>\n<div class=\"zn-singledetail-thematiques with-sep-comma\">\n<ul class=\"termslist termslist-thematique\">\n<li class=\"termslist-item termslist-title\"><span class=\"termslist-titletxt\">Th\u00e9matiques<\/span><span class=\"doubledot\"><\/span><\/li>\n<li class=\"termslist-item tax-thematique term-mediations-memorielles-culturelles-et-patrimoniales\"><a class=\"termslist-itemlink\" href=\"https:\/\/www.sfsic.org\/thematiques\/mediations-memorielles-culturelles-et-patrimoniales\/\" title=\"M\u00e9diations m\u00e9morielles, culturelles et patrimoniales\"><span class=\"termslist-itemname\">M\u00e9diations m\u00e9morielles, culturelles et patrimoniales<\/span><\/a><\/li>\n<li class=\"termslist-item tax-thematique term-numerique-strategies-dispositifs-et-usages\"><a class=\"termslist-itemlink\" href=\"https:\/\/www.sfsic.org\/thematiques\/numerique-strategies-dispositifs-et-usages\/\" title=\"Num\u00e9rique : strat\u00e9gies, dispositifs et usages\"><span class=\"termslist-itemname\">Num\u00e9rique : strat\u00e9gies, dispositifs et usages<\/span><\/a><\/li>\n<\/ul><\/div>\n<\/p><\/div>\n<\/p><\/div>\n<\/p><\/div>\n<div class=\"row\">\n<div class=\"columns large-4\">\n<div class=\"zn-singledetail-sidebar bg-cornersquares\">\n<div class=\"zn-singledetail-infos\">\n<p class=\"zn-singledetail-type\">\n\t\t\t\t\t\t\t<span>Type d\u2019\u00e9v\u00e9nement<\/span><span class=\"doubledot\"><\/span> <strong>Colloque<\/strong>\n\t\t\t\t\t<\/p>\n<\/p><\/div>\n<div class=\"zn-singledetail-contacts\">\n<h3 class=\"zn-singledetail-section-title\">Contacts<\/h3>\n<ul class=\"zn-singledetail-contacts-list\">\n<li class=\"zn-singledetail-contact\">\n\t\t\t\t\t\t\t<span class=\"zn-singledetail-contact-name\">Inscription<\/span><span class=\"doubledot\"><\/span><br \/>\n\t\t\t\t\t\t\t\t\t\t\t\t\t\t<a class=\"zn-singledetail-contact-mail prettylink\" href=\"mailto:colloque.fabricc@univ-poitiers.fr\">colloque.fabricc@univ-poitiers.fr<\/a>\n\t\t\t\t\t\t\t\t\t\t\t\t\t<\/li>\n<\/ul><\/div>\n<\/p><\/div>\n<\/p><\/div>\n<div class=\"columns large-8\">\n<div class=\"zn-singledetail-contentbox\">\n<div class=\"zn-singledetail-eventinfo\">\n<div class=\"zn-singledetail-eventinfo-inner\">\n<div class=\"zn-singledetail-eventdates\">\n\t\t\t\t\t\t<span class=\"zn-singledetail-label\">Dates de l\u2019\u00e9v\u00e9nement<span class=\"doubledot\"><\/span><\/span><\/p>\n<ul class=\"zn-singledetail-eventdates-list\">\n<li class=\"zn-singledetail-eventdates-item\">\n\t\t\t\t\t\t\t\tDu 02\/12\/2021 au 03\/12\/2021\t\t\t\t\t\t\t<\/li>\n<\/ul><\/div>\n<p class=\"zn-singledetail-eventplace\">\n\t\t\t\t\t\t<span class=\"zn-singledetail-label\">Lieu de l\u2019\u00e9v\u00e9nement<span class=\"doubledot\"><\/span><\/span><br \/>\n\t\t\t\t\t\t<span class=\"zn-singledetail-eventplace-adr\"><\/p>\n<p>\t\t\t\t\t\t\t\t\t\t\t\t<span class=\"adr-place\">B\u00e2timent du Nil \u2013 CNAM ENJMIN<\/span>,<\/p>\n<p>\t\t\t\t\t\t<span class=\"adr-street\">138 Rue de Bordeaux  <\/span>, <span class=\"adr-city\">Angoul\u00eame<\/span>\t\t\t\t\t\t<span class=\"adr-cp\">16000<\/span>, <span class=\"adr-country\">France<\/span><br \/>\n\t\t\t\t\t\t<\/span>\t\t\t\t\t<\/p>\n<\/p><\/div>\n<\/p><\/div>\n<div class=\"zn-singledetail-annonce wig-content\">\n<h2>Jeudi 02 d\u00e9cembre<\/h2>\n<p><strong>9h00 \u2013 Accueil des participants <\/strong><strong>9h30<\/strong> <strong>\u2013<\/strong> <strong>Discours<\/strong> <strong>d\u2019ouverture<\/strong><\/p>\n<p><em>Cristina BADULESCU, responsable scientifique<br \/>\n<\/em><em>Val\u00e9rie-In\u00e9s de LA VILLE, responsable du programme CPER-FE- DER INSECT axe 2<\/em><\/p>\n<p><strong>10h00 \u2013 Keynote<\/strong><\/p>\n<p><strong>\u00ab&#160;Comment le num\u00e9rique \u00e9largit et diversifie les publics de <\/strong><strong>la culture&#160;?&#160;\u00bb <\/strong><em>Sylvie LELEU-MERVIEL, INSA Hauts-de-France<\/em><em>\u00a0<\/em><\/p>\n<h3><strong>10h30 \u2013 Session 1<\/strong><\/h3>\n<h4><strong>\u00ab&#160;Usage du num\u00e9rique et m\u00e9diation mus\u00e9ale&#160;\u00bb<\/strong><\/h4>\n<p>Mod\u00e9rateur&#160;: Jean-Jacques BOUTAUD, Universit\u00e9 de Bourgogne<\/p>\n<ul>\n<li>David MICHON, Universit\u00e9 de Bourgogne, \u00ab&#160;Une construction comm\u00e9morative avec les publics&#160;: sociabilit\u00e9s plurielles et dispositifs num\u00e9riques&#160;\u00bb.<\/li>\n<li>Erika MARTELLI, Universit\u00e9 de Parme, \u00ab&#160;Extra-muros&#160;: le public culturel italien pendant la pand\u00e9mie &#8211; un cas d\u2019\u00e9tude&#160;\u00bb.<\/li>\n<li>Val\u00e9rie M\u00c9LIANI, Emma LAURENT, Universit\u00e9 Paul-Val\u00e9ry Montpellier 3, \u00ab&#160;Comment rapprocher les publics jeunes du mus\u00e9e&#160;? Le cas de l\u2019application Fabre &amp; the City #2&#160;\u00bb.<\/li>\n<li>Clara L\u00c9VY, Universit\u00e9 Paris 8,\u00a0 \u00ab&#160; Les lecteurs- critiques amateurs \u00e0 l\u2019\u00e8re du num\u00e9rique&#160;\u00bb.<\/li>\n<\/ul>\n<p><strong>12h00 \u2013 D\u00e9jeuner<br \/>\n<\/strong><\/p>\n<h3><strong>13h30 \u2013 Session 2<\/strong><\/h3>\n<h4><strong>\u00ab&#160;M\u00e9diation culturelle et politique des publics&#160;\u00bb<\/strong><\/h4>\n<p>Mod\u00e9rateur&#160;: Jean DAVALLON, Avignon Universit\u00e9<\/p>\n<ul>\n<li>Olivier TH\u00c9VENIN, Universit\u00e9 Sorbonne Nouvelle, CERLIS, \u00ab&#160;Le public des \u00e9tablissements culturels dans l\u2019enqu\u00eate et face \u00e0 la recherche&#160;\u00bb.<\/li>\n<li>Vincent LAMBERT, Universit\u00e9 C\u00f4te d\u2019Azur, \u00ab&#160;Vers l\u2019accessibilit\u00e9 universelle au mus\u00e9e&#160;: \u00e9thique et num\u00e9rique au carrefour de la m\u00e9diation culturelle&#160;\u00bb.<\/li>\n<li>Benjamin LORRE, Universit\u00e9 Paris 13, \u00ab&#160;De l\u2019inclusion num\u00e9rique \u00e0 la m\u00e9diation num\u00e9rique&#160;: le cas des Maisons de M\u00e9diation du Num\u00e9rique&#160;\u00bb.<\/li>\n<li>Nicolas NAVARRO, Lise RENAUD, Universit\u00e9 Lyon 2, Avignon Universit\u00e9, \u00ab&#160;Quand le public est \u201cdonn\u00e9es\u201d&#160;: pour une nouvelle \u00e9conomie de l\u2019\u00e9valuation&#160;\u00bb.<\/li>\n<\/ul>\n<p><strong>15h00 \u2013 Pause<\/strong><\/p>\n<h3><strong>15h30 \u2013 Session 3<\/strong><\/h3>\n<h4><strong>\u00ab&#160;Exploitation des valeurs par et pour les publics&#160;\u00bb<\/strong><\/h4>\n<p>Mod\u00e9rateur&#160;: Charles-Alexandre DELESTAGE, Universit\u00e9 de Poitiers<\/p>\n<ul>\n<li>Jean-Christophe PASCO, Universit\u00e9 de Poitiers, \u00ab&#160;Partage des valeurs des cr\u00e9ations entre les acteurs de la culture&#160;\u00bb.<\/li>\n<li>Hanen HATTAB, Universit\u00e9 de Qu\u00e9bec \u00e0 Montr\u00e9al, \u00ab&#160;R\u00e9ception et consommation en ligne de l\u2019art urbain&#160;\u00bb.<\/li>\n<li>Zeyu LI, CNAM, \u00ab&#160;La pratique cin\u00e9matographique des jeunes chinois \u00e0 l\u2019\u00e8re num\u00e9rique \u2013 succession et bouleversement&#160;\u00bb.<\/li>\n<\/ul>\n<p><strong>16h30 &#8211; Table ronde n\u00b01<\/strong><\/p>\n<h3><strong>\u00ab&#160;Les publics emp\u00each\u00e9s de la culture&#160;: quelles r\u00e9ponses <\/strong><strong>num\u00e9riques&#160;?&#160;\u00bb<\/strong><\/h3>\n<p>Mod\u00e9ratrice&#160;: Val\u00e9rie-In\u00e9s de LA VILLE, Universit\u00e9 de Poitiers<\/p>\n<ul>\n<li>Caroline CHABAUD, Directrice de la maison d\u2019\u00e9dition Mes Mains en Or, Limoges<\/li>\n<li>Pierre LUNGHERETTI, Directeur de la CIBDI, Angoul\u00eame Dominique LYOEN, Pr\u00e9sident de Novo 3D, Angoul\u00eame Nicolas MERLE, Chef du bureau de la politique interminist\u00e9rielle, Minist\u00e8re de la Culture, Paris<\/li>\n<\/ul>\n<p><strong>18h00 \u2013 Cl\u00f4ture des \u00e9changes<\/strong><\/p>\n<p><strong>20h00 \u2013 Soir\u00e9e de Gala<\/strong><\/p>\n<h2>Vendredi 03 d\u00e9cembre<\/h2>\n<p><strong>9h30 \u2013 Accueil des participants<\/strong><\/p>\n<p><strong>10h00 \u2013 Keynote<\/strong><\/p>\n<p><strong>\u00ab&#160;Dispositions, engagement, attention&#160;: (re)configurations <\/strong><strong>des publics de la culture \u00e0 l\u2019\u00e8re du num\u00e9rique&#160;\u00bb<\/strong><\/p>\n<p><em>Camille JUTANT, Universit\u00e9 Lumi\u00e8re Lyon 2<\/em><\/p>\n<p><strong>10h30 \u2013 Session 4<\/strong><\/p>\n<p><strong>\u00ab&#160;Innovations num\u00e9riques et pratiques culturelles en ligne&#160;\u00bb<\/strong><\/p>\n<p>Mod\u00e9ratrice&#160;: Cristina BADULESCU, Universit\u00e9 de Poitiers<\/p>\n<ul>\n<li>Marie-Laure BERNON, Biblioth\u00e8que Nationale de France, \u00ab&#160;Les publics des expositions en ligne&#160;\u00bb.<\/li>\n<li>C\u00e9dric BOUDJEMA, Charles-Alexandre DELESTAGE, Universit\u00e9 de Poitiers, \u00ab&#160;De l\u2019\u00e9motion \u00e0 l\u2019immersion&#160;: analyse de discours des spectateurs de \u201cThe Key\u201d sur l\u2019Oculus Store&#160;\u00bb.<\/li>\n<li>Sophie BALCON FOURMAUX, Marie BALLARINI, Universit\u00e9 Sorbonne Nouvelle, LabEx ICCA, \u00ab&#160;Imaginaires des professionnels de la culture sur VRchat&#160;: de l\u2019exp\u00e9rience utilisateur au design d\u2019exp\u00e9rience&#160;\u00bb.<\/li>\n<li>Laure-H\u00e9l\u00e8ne SWINNEN, Avignon Universit\u00e9, \u00ab&#160;Entre fid\u00e9lit\u00e9 des publics et adaptabilit\u00e9 num\u00e9rique des dispositifs&#160;: le cas du Festival d\u2019Avignon&#160;\u00bb.<\/li>\n<li>Lucie ALEXIS, Marie-France CHAMBAT-HOUILLON, Universit\u00e9 Grenoble Alpes, Universit\u00e9 Sorbonne Nouvelle, \u00ab&#160;Une exp\u00e9rience de th\u00e9\u00e2tre en ligne en temps de confinement&#160;: vers une reconfiguration d&rsquo;\u201c\u00eatre\u201d public&#160;?<\/li>\n<\/ul>\n<p><strong>12h00 \u2013 D\u00e9jeuner<\/strong><\/p>\n<p><strong>13h30 \u2013 Session 5<\/strong><\/p>\n<h3><strong>\u00ab&#160;Dynamiques culturelles et engagement sur les r\u00e9seaux <\/strong><strong>sociaux num\u00e9riques&#160;\u00bb<\/strong><\/h3>\n<p>Mod\u00e9ratrice&#160;: Myriam BAHUAUD, Universit\u00e9 Bordeaux Montaigne<\/p>\n<ul>\n<li>Ir\u00e8ne BASTAR D,\u00a0\u00a0\u00a0\u00a0\u00a0\u00a0\u00a0\u00a0\u00a0\u00a0\u00a0\u00a0 Marie\u00a0\u00a0\u00a0\u00a0\u00a0\u00a0\u00a0\u00a0\u00a0 BALLARINI,\u00a0\u00a0\u00a0\u00a0\u00a0\u00a0\u00a0\u00a0\u00a0 Biblioth\u00e8que\u00a0\u00a0\u00a0\u00a0\u00a0\u00a0\u00a0\u00a0\u00a0 Nationale\u00a0\u00a0 de France, LabEx ICCA \u00ab&#160;#Expo sur Instagram&#160;: recommandations et expositions sur les r\u00e9seaux sociaux num\u00e9riques&#160;\u00bb.<\/li>\n<li>Jean CH\u00c2TEAUVERT, Universit\u00e9 du Qu\u00e9bec \u00e0 Chicoutimi, \u00ab&#160;Pourquoi commenter&#160;? La dynamique des \u00e9changes en marge des Youtubeurs&#160;\u00bb.<\/li>\n<li>Ugo ROUX, Aix-Marseille Universit\u00e9, \u00ab&#160;Genre\u00a0 et\u00a0 engagement des publics des biblioth\u00e8ques municipales sur Twitter&#160;: cas de la m\u00e9diath\u00e8que municipale les M\u00e9janes&#160;\u00bb.<\/li>\n<li>Ya\u00ebl PIGNOL, IAE Lille University School of Management, \u00ab&#160;La pr\u00e9sence en ligne des amateurs d\u2019anciens doublages de films&#160;: \u00e9tude d\u2019une communaut\u00e9 d\u2019archivistes activistes&#160;\u00bb.<\/li>\n<\/ul>\n<p><strong>15h00 \u2013 Pause 15h30 \u2013 Table ronde n\u00b02<\/strong><\/p>\n<h3><strong>\u00ab&#160;<\/strong> <strong>Dispositifs<\/strong> <strong>transm\u00e9diatiques<\/strong> <strong>et<\/strong> <strong>territorialit\u00e9<\/strong> <strong>dans<\/strong> <strong>le<\/strong> <strong>secteur<\/strong> <strong>culturel&#160;: comment, pour qui et avec quels publics&#160;?&#160;\u00bb <\/strong><\/h3>\n<p>Mod\u00e9ratrice&#160;: Jessica de BIDERAN, Universit\u00e9 Bordeaux Montaigne<\/p>\n<ul>\n<li>Axel BUENDIA, Directeur du CNAM-ENJMIN, Angoul\u00eame S\u00e9bastien FRAN\u00c7OIS, Universit\u00e9 Catholique de l\u2019Ouest, Nantes \/Rez\u00e9<\/li>\n<li>Aurore GALLARINO, Mobilier National, Paris<\/li>\n<li>Meriem LAALMI, Co-fondatrice de Tsubomi \u00e9ditions, Angoul\u00eame<\/li>\n<\/ul>\n<p><strong>17h00 \u2013 Cl\u00f4ture du colloque<\/strong><\/p>\n<p>Comit\u00e9 scientifique<\/p>\n<ul>\n<li><strong>Sylvain AQUATIAS, <\/strong>Universit\u00e9 de Limoges<\/li>\n<li><strong>Cristina<\/strong> <strong>BADULESCU,<\/strong> Universit\u00e9 de Poitiers<\/li>\n<li><strong>Myriam BAHUAUD, <\/strong>Universit\u00e9 Bordeaux Montaigne<\/li>\n<li><strong>Pierre-Jean<\/strong> <strong>BENGHOZI,<\/strong> \u00c9cole Polytechnique<\/li>\n<li><strong>C\u00e9dric BOUDJEMA, <\/strong>Universit\u00e9 de Poitiers<\/li>\n<li><strong>Jean-Jacques BOUTAUD, <\/strong>Universit\u00e9 de Bourgogne<\/li>\n<li><strong>Alain BUSSON, <\/strong>HEC Paris<\/li>\n<li><strong>Anne CORDIER, <\/strong>Universit\u00e9 de Lorraine<\/li>\n<li><strong>Andr\u00e9 COURCHESNE, <\/strong>HEC Montr\u00e9al<\/li>\n<li><strong>Fathallah DAGHMI, <\/strong>Universit\u00e9 de Poitiers<\/li>\n<li><strong>Jean DAVALLON, <\/strong>Universit\u00e9 d\u2019Avignon<\/li>\n<li><strong>Jean-Marie DALLET, <\/strong>Universit\u00e9 Paris Sorbonne<\/li>\n<li><strong>St\u00e9phane\u00a0 DEBENEDETTI, <\/strong>Universit\u00e9 Paris-Dauphine<\/li>\n<li><strong>Jessica DE BIDERAN, <\/strong>Universit\u00e9 Bordeaux Montaigne<\/li>\n<li><strong>Val\u00e9rie-In\u00e9s DE LA VILLE, <\/strong>Universit\u00e9 de Poitiers<\/li>\n<li><strong>Charles<\/strong> <strong>Alexandre<\/strong> <strong>DELESTAGE,<\/strong> Universit\u00e9 de Poitiers<\/li>\n<li><strong>Maud DERBAIX<\/strong>, KEDGE Business School<\/li>\n<li><strong>Yves EVRARD<\/strong>, HEC Paris<\/li>\n<li><strong>Marc FILSER<\/strong>, Universit\u00e9 de Bourgogne<\/li>\n<li><strong>S\u00e9bastien FRANCOIS<\/strong>, Universit\u00e9 Catholique de l\u2019Ouest<\/li>\n<li><strong>Patrick FRAYSSE<\/strong>, Universit\u00e9 de Toulouse<\/li>\n<li><strong>\u00c9lodie JARRIER<\/strong>, Burgundy School of Business<\/li>\n<li><strong>Alain\u00a0\u00a0 LAMBOUX-DURAND<\/strong>, Universit\u00e9 de Bourgogne Franche-Comt\u00e9<\/li>\n<li><strong>Eve\u00a0\u00a0\u00a0 LAMENDOUR<\/strong>, Universit\u00e9 de La Rochelle<\/li>\n<li><strong>Bertrand LEGENDRE<\/strong>, Universit\u00e9 Paris 13<\/li>\n<li><strong>Sylvie LELEU-MERVIEL<\/strong>, Universit\u00e9 de Valenciennes<\/li>\n<li><strong>R\u00e9mi MENCARELLI<\/strong>, Universit\u00e9 de Savoie<\/li>\n<li><strong>Sylvie OCTOBRE<\/strong>, Minist\u00e8re de la culture<\/li>\n<li><strong>Thomas PARIS<\/strong>, HEC Paris<\/li>\n<li><strong>Claire ROEDERER<\/strong>, EM Strasbourg<\/li>\n<li><strong>Camille RONDOT<\/strong>, Universit\u00e9 Paris Sorbonne<\/li>\n<li><strong>Genevi\u00e8ve VIDAL<\/strong>, Universit\u00e9 Paris 13<\/li>\n<\/ul>\n<h2><strong>Comit\u00e9 d&rsquo;organisation<br \/>\n<\/strong><\/h2>\n<ul>\n<li><strong>Cristina BADULESCU, <\/strong>Universit\u00e9 de Poitiers<\/li>\n<li><strong>C\u00e9dric BOUDJEMA, <\/strong>Universit\u00e9 de Poitiers<\/li>\n<li><strong>Victor CHEVALIER, <\/strong>Universit\u00e9 de Poitiers<\/li>\n<li><strong>Jessica DE BIDERAN, <\/strong>Universit\u00e9 Bordeaux Montaigne<\/li>\n<li><strong>Val\u00e9rie-In\u00e9s DE LA VILLE, <\/strong>Universit\u00e9 de Poitiers<\/li>\n<li><strong>Charles-Alexandre DELESTAGE, <\/strong>Universit\u00e9 de Poitiers<\/li>\n<li><strong>Jean-Christophe PASCO, <\/strong>Universit\u00e9 de Poitiers<\/li>\n<li><strong>Mathilde ROGER, <\/strong>Universit\u00e9 de Poitiers<\/li>\n<\/ul>\n<p><strong>L\u2019entr\u00e9e est gratuite sur inscription pr\u00e9alable obligatoire via <\/strong><strong>le lien ci-dessous&#160;:<\/strong><\/p>\n<p><a href=\"https:\/\/webquest.fr\/?m=111430_inscription-colloque-les-publics-de-la-culture-a-l-ere-du-numerique\">https:\/\/webquest.fr\/?m=111430_inscription-colloque-les-publics-de-<\/a> <a href=\"https:\/\/webquest.fr\/?m=111430_inscription-colloque-les-publics-de-la-culture-a-l-ere-du-numerique\">la-culture-a-l-ere-du-numerique<\/a><\/p>\n<p>&nbsp;<\/p>\n<p>Entr\u00e9e gratuite, inscription pr\u00e9alable obligatoire<\/p>\n<ul>\n<li>05 45 21 25 23<\/li>\n<li>colloque.fabricc@univ-poitiers.fr<\/li>\n<\/ul>\n<p>Ce colloque se d\u00e9roulera dans le respect des r\u00e8gles sanitaires Pass sanitaire obligatoire<\/p>\n<p>&nbsp;<\/p>\n<\/p><\/div>\n<div class=\"zn-singledetail-attachedfiles\">\n<h3 class=\"zn-singledetail-section-title\">Fichier(s) attach\u00e9(s)<\/h3>\n<ul class=\"zn-singledetail-attachedfiles-list\">\n<li class=\"zn-singledetail-attachedfiles-item\">\n\t\t\t\t\t\t\t<a class=\"zn-singledetail-attachedfiles-link button outline for-download\" href=\"https:\/\/www.sfsic.org\/wp-inside\/uploads\/skp-membership\/demande_adh\/colloque-les-publics-de-la-culture-a-lere-du-numerique-programme-version-numerique-v2_2021.pdf\" title=\"T\u00e9l\u00e9charger : \u00ab colloque-les-publics-de-la-culture-a-lere-du-numerique-programme-version-numerique-v2_2021.pdf \u00bb\" target=\"_blank\" rel=\"noopener\"><br \/>\n\t\t\t\t\t\t\t\t<span class=\"button-txt\">Colloque &#8211; Les publics de la culture \u00e0 l\u2019\u00e8re du num\u00e9rique &#8211; programme version num\u00e9rique V2_2021<span class=\"button-txt-type\"> (pdf)<\/span><\/span><br \/>\n\t\t\t\t\t\t\t<\/a>\n\t\t\t\t\t\t<\/li>\n<\/ul><\/div>\n<div class=\"zn-singledetail-keywords\">\n<h3 class=\"zn-singledetail-section-title\">Mots-cl\u00e9s<\/h3>\n<ul class=\"termslist termslist-post_tag\">\n<li class=\"termslist-item termslist-title\"><span class=\"termslist-titletxt\">Mots-cl\u00e9s<\/span><span class=\"doubledot\"><\/span><\/li>\n<li class=\"termslist-item tax-post_tag term-culture\"><a class=\"termslist-itemlink\" href=\"https:\/\/www.sfsic.org\/tag\/culture\/\" title=\"Culture\"><span class=\"termslist-itemname\">Culture<\/span><\/a><\/li>\n<li class=\"termslist-item tax-post_tag term-numerique\"><a class=\"termslist-itemlink\" href=\"https:\/\/www.sfsic.org\/tag\/numerique\/\" title=\"Num\u00e9rique\"><span class=\"termslist-itemname\">Num\u00e9rique<\/span><\/a><\/li>\n<li class=\"termslist-item tax-post_tag term-publics\"><a class=\"termslist-itemlink\" href=\"https:\/\/www.sfsic.org\/tag\/publics\/\" title=\"Publics\"><span class=\"termslist-itemname\">Publics<\/span><\/a><\/li>\n<\/ul><\/div>\n<\/p><\/div>\n<\/p><\/div>\n<\/p><\/div>\n<\/p><\/div>\n<\/div>\n<p><!-- \/fxzn:singledetail --><\/p>\n","protected":false},"excerpt":{"rendered":"<p>Mis en ligne le 5 novembre 2021 Th\u00e9matiques M\u00e9diations m\u00e9morielles, culturelles et patrimoniales Num\u00e9rique : strat\u00e9gies, dispositifs et usages Type d\u2019\u00e9v\u00e9nement Colloque Contacts Inscription colloque.fabricc@univ-poitiers.fr Dates de l\u2019\u00e9v\u00e9nement Du 02\/12\/2021 [&hellip;]<\/p>\n","protected":false},"author":781,"featured_media":0,"comment_status":"closed","ping_status":"closed","sticky":false,"template":"","format":"standard","meta":{"_acf_changed":false,"footnotes":""},"categories":[67,30],"tags":[382,90,383],"thematique":[38,39],"sfsic":[],"class_list":["post-20097","post","type-post","status-publish","format-standard","hentry","category-colloque-2","category-evenement","tag-culture","tag-numerique","tag-publics","thematique-mediations-memorielles-culturelles-et-patrimoniales","thematique-numerique-strategies-dispositifs-et-usages","wp-sticky"],"acf":[],"yoast_head":"<!-- This site is optimized with the Yoast SEO plugin v27.5 - https:\/\/yoast.com\/product\/yoast-seo-wordpress\/ -->\n<title>Les publics de la culture \u00e0 l\u2019\u00e8re du num\u00e9rique<\/title>\n<meta name=\"description\" content=\"Le programme du Colloque scientifique interdisciplinaire sur la th\u00e9matique &quot;Les publics de la culture \u00e0 l\u2019\u00e8re du num\u00e9rique&quot; est en ligne. Il se d\u00e9roulera \u00e0 Angoul\u00eame du 02 au 03 d\u00e9cembre 2021.\" \/>\n<meta name=\"robots\" content=\"index, follow, max-snippet:-1, max-image-preview:large, max-video-preview:-1\" \/>\n<link rel=\"canonical\" href=\"https:\/\/www.sfsic.org\/en\/evenement\/les-publics-de-la-culture-a-lere-du-numerique-2\/\" \/>\n<meta property=\"og:locale\" content=\"en_US\" \/>\n<meta property=\"og:type\" content=\"article\" \/>\n<meta property=\"og:title\" content=\"Les publics de la culture \u00e0 l\u2019\u00e8re du num\u00e9rique\" \/>\n<meta property=\"og:description\" content=\"Le programme du Colloque scientifique interdisciplinaire sur la th\u00e9matique &quot;Les publics de la culture \u00e0 l\u2019\u00e8re du num\u00e9rique&quot; est en ligne. Il se d\u00e9roulera \u00e0 Angoul\u00eame du 02 au 03 d\u00e9cembre 2021.\" \/>\n<meta property=\"og:url\" content=\"https:\/\/www.sfsic.org\/en\/evenement\/les-publics-de-la-culture-a-lere-du-numerique-2\/\" \/>\n<meta property=\"og:site_name\" content=\"SFSIC\" \/>\n<meta property=\"article:published_time\" content=\"2021-11-05T09:35:21+00:00\" \/>\n<meta property=\"article:modified_time\" content=\"2021-11-05T09:37:22+00:00\" \/>\n<meta name=\"author\" content=\"Axelle Martin\" \/>\n<meta name=\"twitter:card\" content=\"summary_large_image\" \/>\n<script type=\"application\/ld+json\" class=\"yoast-schema-graph\">{\"@context\":\"https:\\\/\\\/schema.org\",\"@graph\":[{\"@type\":\"Article\",\"@id\":\"https:\\\/\\\/www.sfsic.org\\\/en\\\/evenement\\\/les-publics-de-la-culture-a-lere-du-numerique-2\\\/#article\",\"isPartOf\":{\"@id\":\"https:\\\/\\\/www.sfsic.org\\\/en\\\/evenement\\\/les-publics-de-la-culture-a-lere-du-numerique-2\\\/\"},\"author\":{\"name\":\"Axelle Martin\",\"@id\":\"https:\\\/\\\/www.sfsic.org\\\/en\\\/#\\\/schema\\\/person\\\/d3606993477708f4359fb9aeda58df3b\"},\"headline\":\"Les publics de la culture \u00e0 l\u2019\u00e8re du num\u00e9rique\",\"datePublished\":\"2021-11-05T09:35:21+00:00\",\"dateModified\":\"2021-11-05T09:37:22+00:00\",\"mainEntityOfPage\":{\"@id\":\"https:\\\/\\\/www.sfsic.org\\\/en\\\/evenement\\\/les-publics-de-la-culture-a-lere-du-numerique-2\\\/\"},\"wordCount\":1123,\"publisher\":{\"@id\":\"https:\\\/\\\/www.sfsic.org\\\/en\\\/#organization\"},\"keywords\":[\"Culture\",\"Num\u00e9rique\",\"Publics\"],\"articleSection\":[\"Colloque\",\"\u00c9v\u00e9nements\"],\"inLanguage\":\"en-US\"},{\"@type\":\"WebPage\",\"@id\":\"https:\\\/\\\/www.sfsic.org\\\/en\\\/evenement\\\/les-publics-de-la-culture-a-lere-du-numerique-2\\\/\",\"url\":\"https:\\\/\\\/www.sfsic.org\\\/en\\\/evenement\\\/les-publics-de-la-culture-a-lere-du-numerique-2\\\/\",\"name\":\"Les publics de la culture \u00e0 l\u2019\u00e8re du num\u00e9rique\",\"isPartOf\":{\"@id\":\"https:\\\/\\\/www.sfsic.org\\\/en\\\/#website\"},\"datePublished\":\"2021-11-05T09:35:21+00:00\",\"dateModified\":\"2021-11-05T09:37:22+00:00\",\"description\":\"Le programme du Colloque scientifique interdisciplinaire sur la th\u00e9matique \\\"Les publics de la culture \u00e0 l\u2019\u00e8re du num\u00e9rique\\\" est en ligne. Il se d\u00e9roulera \u00e0 Angoul\u00eame du 02 au 03 d\u00e9cembre 2021.\",\"breadcrumb\":{\"@id\":\"https:\\\/\\\/www.sfsic.org\\\/en\\\/evenement\\\/les-publics-de-la-culture-a-lere-du-numerique-2\\\/#breadcrumb\"},\"inLanguage\":\"en-US\",\"potentialAction\":[{\"@type\":\"ReadAction\",\"target\":[\"https:\\\/\\\/www.sfsic.org\\\/en\\\/evenement\\\/les-publics-de-la-culture-a-lere-du-numerique-2\\\/\"]}]},{\"@type\":\"BreadcrumbList\",\"@id\":\"https:\\\/\\\/www.sfsic.org\\\/en\\\/evenement\\\/les-publics-de-la-culture-a-lere-du-numerique-2\\\/#breadcrumb\",\"itemListElement\":[{\"@type\":\"ListItem\",\"position\":1,\"name\":\"Accueil\",\"item\":\"https:\\\/\\\/www.sfsic.org\\\/en\\\/\"},{\"@type\":\"ListItem\",\"position\":2,\"name\":\"Events\",\"item\":\"https:\\\/\\\/www.sfsic.org\\\/en\\\/events\\\/\"},{\"@type\":\"ListItem\",\"position\":3,\"name\":\"Conference\",\"item\":\"https:\\\/\\\/www.sfsic.org\\\/en\\\/events\\\/conference-en\\\/\"},{\"@type\":\"ListItem\",\"position\":4,\"name\":\"Les publics de la culture \u00e0 l\u2019\u00e8re du num\u00e9rique\"}]},{\"@type\":\"WebSite\",\"@id\":\"https:\\\/\\\/www.sfsic.org\\\/en\\\/#website\",\"url\":\"https:\\\/\\\/www.sfsic.org\\\/en\\\/\",\"name\":\"SFSIC\",\"description\":\"Soci\u00e9t\u00e9 Fran\u00e7aise des Sciences de l&#039;Information &amp; de la Communication\",\"publisher\":{\"@id\":\"https:\\\/\\\/www.sfsic.org\\\/en\\\/#organization\"},\"potentialAction\":[{\"@type\":\"SearchAction\",\"target\":{\"@type\":\"EntryPoint\",\"urlTemplate\":\"https:\\\/\\\/www.sfsic.org\\\/en\\\/?s={search_term_string}\"},\"query-input\":{\"@type\":\"PropertyValueSpecification\",\"valueRequired\":true,\"valueName\":\"search_term_string\"}}],\"inLanguage\":\"en-US\"},{\"@type\":\"Organization\",\"@id\":\"https:\\\/\\\/www.sfsic.org\\\/en\\\/#organization\",\"name\":\"SFSIC\",\"url\":\"https:\\\/\\\/www.sfsic.org\\\/en\\\/\",\"logo\":{\"@type\":\"ImageObject\",\"inLanguage\":\"en-US\",\"@id\":\"https:\\\/\\\/www.sfsic.org\\\/en\\\/#\\\/schema\\\/logo\\\/image\\\/\",\"url\":\"https:\\\/\\\/www.sfsic.org\\\/wp-inside\\\/uploads\\\/2020\\\/05\\\/logo-sfsic.jpg\",\"contentUrl\":\"https:\\\/\\\/www.sfsic.org\\\/wp-inside\\\/uploads\\\/2020\\\/05\\\/logo-sfsic.jpg\",\"width\":1085,\"height\":1080,\"caption\":\"SFSIC\"},\"image\":{\"@id\":\"https:\\\/\\\/www.sfsic.org\\\/en\\\/#\\\/schema\\\/logo\\\/image\\\/\"}},{\"@type\":\"Person\",\"@id\":\"https:\\\/\\\/www.sfsic.org\\\/en\\\/#\\\/schema\\\/person\\\/d3606993477708f4359fb9aeda58df3b\",\"name\":\"Axelle Martin\",\"image\":{\"@type\":\"ImageObject\",\"inLanguage\":\"en-US\",\"@id\":\"https:\\\/\\\/secure.gravatar.com\\\/avatar\\\/1065035eb5e480668fbf77e163c2e86f81ac342eaad4c8783acdf4a63f3c917b?s=96&d=mm&r=g\",\"url\":\"https:\\\/\\\/secure.gravatar.com\\\/avatar\\\/1065035eb5e480668fbf77e163c2e86f81ac342eaad4c8783acdf4a63f3c917b?s=96&d=mm&r=g\",\"contentUrl\":\"https:\\\/\\\/secure.gravatar.com\\\/avatar\\\/1065035eb5e480668fbf77e163c2e86f81ac342eaad4c8783acdf4a63f3c917b?s=96&d=mm&r=g\",\"caption\":\"Axelle Martin\"},\"sameAs\":[\"@antropocominside\"]}]}<\/script>\n<!-- \/ Yoast SEO plugin. -->","yoast_head_json":{"title":"Les publics de la culture \u00e0 l\u2019\u00e8re du num\u00e9rique","description":"Le programme du Colloque scientifique interdisciplinaire sur la th\u00e9matique \"Les publics de la culture \u00e0 l\u2019\u00e8re du num\u00e9rique\" est en ligne. Il se d\u00e9roulera \u00e0 Angoul\u00eame du 02 au 03 d\u00e9cembre 2021.","robots":{"index":"index","follow":"follow","max-snippet":"max-snippet:-1","max-image-preview":"max-image-preview:large","max-video-preview":"max-video-preview:-1"},"canonical":"https:\/\/www.sfsic.org\/en\/evenement\/les-publics-de-la-culture-a-lere-du-numerique-2\/","og_locale":"en_US","og_type":"article","og_title":"Les publics de la culture \u00e0 l\u2019\u00e8re du num\u00e9rique","og_description":"Le programme du Colloque scientifique interdisciplinaire sur la th\u00e9matique \"Les publics de la culture \u00e0 l\u2019\u00e8re du num\u00e9rique\" est en ligne. Il se d\u00e9roulera \u00e0 Angoul\u00eame du 02 au 03 d\u00e9cembre 2021.","og_url":"https:\/\/www.sfsic.org\/en\/evenement\/les-publics-de-la-culture-a-lere-du-numerique-2\/","og_site_name":"SFSIC","article_published_time":"2021-11-05T09:35:21+00:00","article_modified_time":"2021-11-05T09:37:22+00:00","author":"Axelle Martin","twitter_card":"summary_large_image","schema":{"@context":"https:\/\/schema.org","@graph":[{"@type":"Article","@id":"https:\/\/www.sfsic.org\/en\/evenement\/les-publics-de-la-culture-a-lere-du-numerique-2\/#article","isPartOf":{"@id":"https:\/\/www.sfsic.org\/en\/evenement\/les-publics-de-la-culture-a-lere-du-numerique-2\/"},"author":{"name":"Axelle Martin","@id":"https:\/\/www.sfsic.org\/en\/#\/schema\/person\/d3606993477708f4359fb9aeda58df3b"},"headline":"Les publics de la culture \u00e0 l\u2019\u00e8re du num\u00e9rique","datePublished":"2021-11-05T09:35:21+00:00","dateModified":"2021-11-05T09:37:22+00:00","mainEntityOfPage":{"@id":"https:\/\/www.sfsic.org\/en\/evenement\/les-publics-de-la-culture-a-lere-du-numerique-2\/"},"wordCount":1123,"publisher":{"@id":"https:\/\/www.sfsic.org\/en\/#organization"},"keywords":["Culture","Num\u00e9rique","Publics"],"articleSection":["Colloque","\u00c9v\u00e9nements"],"inLanguage":"en-US"},{"@type":"WebPage","@id":"https:\/\/www.sfsic.org\/en\/evenement\/les-publics-de-la-culture-a-lere-du-numerique-2\/","url":"https:\/\/www.sfsic.org\/en\/evenement\/les-publics-de-la-culture-a-lere-du-numerique-2\/","name":"Les publics de la culture \u00e0 l\u2019\u00e8re du num\u00e9rique","isPartOf":{"@id":"https:\/\/www.sfsic.org\/en\/#website"},"datePublished":"2021-11-05T09:35:21+00:00","dateModified":"2021-11-05T09:37:22+00:00","description":"Le programme du Colloque scientifique interdisciplinaire sur la th\u00e9matique \"Les publics de la culture \u00e0 l\u2019\u00e8re du num\u00e9rique\" est en ligne. Il se d\u00e9roulera \u00e0 Angoul\u00eame du 02 au 03 d\u00e9cembre 2021.","breadcrumb":{"@id":"https:\/\/www.sfsic.org\/en\/evenement\/les-publics-de-la-culture-a-lere-du-numerique-2\/#breadcrumb"},"inLanguage":"en-US","potentialAction":[{"@type":"ReadAction","target":["https:\/\/www.sfsic.org\/en\/evenement\/les-publics-de-la-culture-a-lere-du-numerique-2\/"]}]},{"@type":"BreadcrumbList","@id":"https:\/\/www.sfsic.org\/en\/evenement\/les-publics-de-la-culture-a-lere-du-numerique-2\/#breadcrumb","itemListElement":[{"@type":"ListItem","position":1,"name":"Accueil","item":"https:\/\/www.sfsic.org\/en\/"},{"@type":"ListItem","position":2,"name":"Events","item":"https:\/\/www.sfsic.org\/en\/events\/"},{"@type":"ListItem","position":3,"name":"Conference","item":"https:\/\/www.sfsic.org\/en\/events\/conference-en\/"},{"@type":"ListItem","position":4,"name":"Les publics de la culture \u00e0 l\u2019\u00e8re du num\u00e9rique"}]},{"@type":"WebSite","@id":"https:\/\/www.sfsic.org\/en\/#website","url":"https:\/\/www.sfsic.org\/en\/","name":"SFSIC","description":"Soci\u00e9t\u00e9 Fran\u00e7aise des Sciences de l&#039;Information &amp; de la Communication","publisher":{"@id":"https:\/\/www.sfsic.org\/en\/#organization"},"potentialAction":[{"@type":"SearchAction","target":{"@type":"EntryPoint","urlTemplate":"https:\/\/www.sfsic.org\/en\/?s={search_term_string}"},"query-input":{"@type":"PropertyValueSpecification","valueRequired":true,"valueName":"search_term_string"}}],"inLanguage":"en-US"},{"@type":"Organization","@id":"https:\/\/www.sfsic.org\/en\/#organization","name":"SFSIC","url":"https:\/\/www.sfsic.org\/en\/","logo":{"@type":"ImageObject","inLanguage":"en-US","@id":"https:\/\/www.sfsic.org\/en\/#\/schema\/logo\/image\/","url":"https:\/\/www.sfsic.org\/wp-inside\/uploads\/2020\/05\/logo-sfsic.jpg","contentUrl":"https:\/\/www.sfsic.org\/wp-inside\/uploads\/2020\/05\/logo-sfsic.jpg","width":1085,"height":1080,"caption":"SFSIC"},"image":{"@id":"https:\/\/www.sfsic.org\/en\/#\/schema\/logo\/image\/"}},{"@type":"Person","@id":"https:\/\/www.sfsic.org\/en\/#\/schema\/person\/d3606993477708f4359fb9aeda58df3b","name":"Axelle Martin","image":{"@type":"ImageObject","inLanguage":"en-US","@id":"https:\/\/secure.gravatar.com\/avatar\/1065035eb5e480668fbf77e163c2e86f81ac342eaad4c8783acdf4a63f3c917b?s=96&d=mm&r=g","url":"https:\/\/secure.gravatar.com\/avatar\/1065035eb5e480668fbf77e163c2e86f81ac342eaad4c8783acdf4a63f3c917b?s=96&d=mm&r=g","contentUrl":"https:\/\/secure.gravatar.com\/avatar\/1065035eb5e480668fbf77e163c2e86f81ac342eaad4c8783acdf4a63f3c917b?s=96&d=mm&r=g","caption":"Axelle Martin"},"sameAs":["@antropocominside"]}]}},"_links":{"self":[{"href":"https:\/\/www.sfsic.org\/en\/wp-json\/wp\/v2\/posts\/20097","targetHints":{"allow":["GET"]}}],"collection":[{"href":"https:\/\/www.sfsic.org\/en\/wp-json\/wp\/v2\/posts"}],"about":[{"href":"https:\/\/www.sfsic.org\/en\/wp-json\/wp\/v2\/types\/post"}],"author":[{"embeddable":true,"href":"https:\/\/www.sfsic.org\/en\/wp-json\/wp\/v2\/users\/781"}],"replies":[{"embeddable":true,"href":"https:\/\/www.sfsic.org\/en\/wp-json\/wp\/v2\/comments?post=20097"}],"version-history":[{"count":4,"href":"https:\/\/www.sfsic.org\/en\/wp-json\/wp\/v2\/posts\/20097\/revisions"}],"predecessor-version":[{"id":20103,"href":"https:\/\/www.sfsic.org\/en\/wp-json\/wp\/v2\/posts\/20097\/revisions\/20103"}],"wp:attachment":[{"href":"https:\/\/www.sfsic.org\/en\/wp-json\/wp\/v2\/media?parent=20097"}],"wp:term":[{"taxonomy":"category","embeddable":true,"href":"https:\/\/www.sfsic.org\/en\/wp-json\/wp\/v2\/categories?post=20097"},{"taxonomy":"post_tag","embeddable":true,"href":"https:\/\/www.sfsic.org\/en\/wp-json\/wp\/v2\/tags?post=20097"},{"taxonomy":"thematique","embeddable":true,"href":"https:\/\/www.sfsic.org\/en\/wp-json\/wp\/v2\/thematique?post=20097"},{"taxonomy":"sfsic","embeddable":true,"href":"https:\/\/www.sfsic.org\/en\/wp-json\/wp\/v2\/sfsic?post=20097"}],"curies":[{"name":"wp","href":"https:\/\/api.w.org\/{rel}","templated":true}]}}