{"id":19763,"date":"2021-10-07T18:37:43","date_gmt":"2021-10-07T16:37:43","guid":{"rendered":"https:\/\/www.sfsic.org\/?p=19763"},"modified":"2021-10-07T21:50:04","modified_gmt":"2021-10-07T19:50:04","slug":"ressources-pedagogiques-et-professionnalisation-dans-les-formations-a-la-communication","status":"publish","type":"post","link":"https:\/\/www.sfsic.org\/en\/aac-publication\/ressources-pedagogiques-et-professionnalisation-dans-les-formations-a-la-communication\/","title":{"rendered":"Ressources p\u00e9dagogiques et professionnalisation dans les formations \u00e0 la communication"},"content":{"rendered":"<p><!-- fxzn:singledetail --><\/p>\n<div class=\"zone zn-singledetail\" id=\"fxzn-singledetail-1\">\n<div class=\"zone-block zn-singledetail-block alignwide va-top\">\n<div class=\"row\">\n<div class=\"columns large-8 large-push-4\">\n<div class=\"zn-singledetail-metabox\">\n<div class=\"zn-singledetail-pubdate pubdate\">\n\t\t\t\t\t<span class=\"pubdate-txt\">Mis en ligne le<\/span><span class=\"doubledot\"><\/span> 7 octobre 2021\t\t\t\t<\/div>\n<div class=\"zn-singledetail-thematiques with-sep-comma\">\n<ul class=\"termslist termslist-thematique\">\n<li class=\"termslist-item termslist-title\"><span class=\"termslist-titletxt\">Th\u00e9matiques<\/span><span class=\"doubledot\"><\/span><\/li>\n<li class=\"termslist-item tax-thematique term-mediation-des-savoirs-education-et-formation\"><a class=\"termslist-itemlink\" href=\"https:\/\/www.sfsic.org\/thematiques\/mediation-des-savoirs-education-et-formation\/\" title=\"M\u00e9diation des savoirs, \u00e9ducation et formation\"><span class=\"termslist-itemname\">M\u00e9diation des savoirs, \u00e9ducation et formation<\/span><\/a><\/li>\n<li class=\"termslist-item tax-thematique term-organisation-des-connaissances\"><a class=\"termslist-itemlink\" href=\"https:\/\/www.sfsic.org\/thematiques\/organisation-des-connaissances\/\" title=\"Organisation des connaissances\"><span class=\"termslist-itemname\">Organisation des connaissances<\/span><\/a><\/li>\n<\/ul><\/div>\n<\/p><\/div>\n<\/p><\/div>\n<\/p><\/div>\n<div class=\"row\">\n<div class=\"columns large-4\">\n<div class=\"zn-singledetail-sidebar bg-cornersquares\">\n<div class=\"zn-singledetail-infos\">\n<p class=\"zn-singledetail-reponse-date\">\n\t\t\t\t\t\t<span>R\u00e9ponse attendue pour le<\/span><span class=\"doubledot\"><\/span> <strong>19\/11\/2021<\/strong>\n\t\t\t\t\t<\/p>\n<p class=\"zn-singledetail-reponse-type\">\n\t\t\t\t\t<span>Type de r\u00e9ponse<\/span><span class=\"doubledot\"><\/span> <strong>R\u00e9sum\u00e9<\/strong>\n\t\t\t\t\t<\/p>\n<p class=\"zn-singledetail-type\">\n\t\t\t\t\t\t\t<span>Type de contribution attendue<\/span><span class=\"doubledot\"><\/span> <strong>Article<\/strong>\n\t\t\t\t\t<\/p>\n<p class=\"zn-singledetail-name\">\n\t\t\t\t\t\t\t<span>Nom de la publication<\/span><span class=\"doubledot\"><\/span> <strong>Communication &amp; Professionnalisation<\/strong>\n\t\t\t\t\t<\/p>\n<\/p><\/div>\n<div class=\"zn-singledetail-coordinators\">\n<h3 class=\"zn-singledetail-section-title\">Coordinateurs<\/h3>\n<ul class=\"zn-singledetail-coordinators-list\">\n<li class=\"zn-singledetail-coordinators-item\">\n\t\t\t\t\t\t\t<span>Thomas <\/span> <span>Grignon <\/span>, <span>ANR RENOIR-IUT <\/span>\t\t\t\t\t\t\t\t\t\t\t\t\t\t, <a class=\"zn-singledetail-coordinators-mail prettylink\" href=\"mailto:grignon@uca.fr\">grignon@uca.fr<\/a>\n\t\t\t\t\t\t\t\t\t\t\t\t\t<\/li>\n<li class=\"zn-singledetail-coordinators-item\">\n\t\t\t\t\t\t\t<span>Aude <\/span> <span>Seurrat<\/span>, <span>Universit\u00e9 Paris-Est Cr\u00e9teil\/INSPE, C\u00c9DITEC<\/span>\t\t\t\t\t\t\t\t\t\t\t\t\t\t, <a class=\"zn-singledetail-coordinators-mail prettylink\" href=\"mailto:seurrat@u-pec.fr\">seurrat@u-pec.fr<\/a>\n\t\t\t\t\t\t\t\t\t\t\t\t\t<\/li>\n<li class=\"zn-singledetail-coordinators-item\">\n\t\t\t\t\t\t\t<span>Jean-Claude <\/span> <span>Domenget<\/span>, <span>Universit\u00e9 de Franche-Comt\u00e9, ELLIADD  <\/span>\t\t\t\t\t\t\t\t\t\t\t\t\t\t, <a class=\"zn-singledetail-coordinators-mail prettylink\" href=\"mailto:jean-domenget@univ-fcomte.fr\">jean-domenget@univ-fcomte.fr<\/a>\n\t\t\t\t\t\t\t\t\t\t\t\t\t<\/li>\n<\/ul><\/div>\n<div class=\"zn-singledetail-weblinks\">\n<h3 class=\"zn-singledetail-section-title\">Sites internet de r\u00e9f\u00e9rence<\/h3>\n<ul class=\"zn-singledetail-weblinks-list\">\n<li>\n\t\t\t\t\t\t\t<a class=\"prettylink chainlink\" href=\"https:\/\/ojs.uclouvain.be\/index.php\/comprof\/index\" title=\"Site de la revue\" target=\"_blank\" rel=\"noopener\">Site de la revue<\/a>\n\t\t\t\t\t\t<\/li>\n<\/ul><\/div>\n<\/p><\/div>\n<\/p><\/div>\n<div class=\"columns large-8\">\n<div class=\"zn-singledetail-contentbox\">\n<div class=\"zn-singledetail-annonce wig-content\">\n<p>Ce dossier de <em>Communication &amp; Professionnalisation <\/em>interroge les usages des ressources p\u00e9dagogiques au service de la professionnalisation dans les formations \u00e0 la communication. Il vise \u00e0 poursuivre la r\u00e9flexion, initi\u00e9e par les membres du RESIPROC (Lambotte, Lafrance, Coyette, 2013&#160;; congr\u00e8s ACFAS\/RESIPROC 2021), sur le processus de professionnalisation des contenus, m\u00e9thodes et modes d\u2019organisation, en portant une attention particuli\u00e8re aux strat\u00e9gies des enseignants et responsables des formations. Il s\u2019agit en particulier d\u2019examiner les ambitions, objectifs et attendus correspondant \u00e0 la pr\u00e9tention professionnalisante des strat\u00e9gies p\u00e9dagogiques propres aux enseignements de communication. Par \u00ab&#160;enseignements de communication&#160;\u00bb, nous entendons non seulement les enseignements destin\u00e9s \u00e0 former des professionnels du secteur mais aussi ceux qui visent \u00e0 transmettre des comp\u00e9tences \u00ab&#160;communicationnelles&#160;\u00bb consid\u00e9r\u00e9es comme n\u00e9cessaires \u00e0 l\u2019insertion professionnelle des \u00e9tudiants dans d\u2019autres domaines de sp\u00e9cialit\u00e9s.<\/p>\n<p>Mot d\u2019ordre structurant depuis de nombreuses ann\u00e9es pour un Enseignement sup\u00e9rieur en qu\u00eate de \u00ab&#160;modernisation&#160;\u00bb, de \u00ab&#160;rationalisation&#160;\u00bb et d\u2019\u00ab&#160;adaptation&#160;\u00bb aux besoins sectoriels du march\u00e9 de l\u2019emploi, la \u00ab&#160;professionnalisation des formations&#160;\u00bb constitue le <em>leitmotiv <\/em>des r\u00e9formes r\u00e9centes et actuelles de l\u2019universit\u00e9 (de la r\u00e9forme de la formation par voie d\u2019apprentissage \u00e0 la r\u00e9forme des Instituts Universitaires de Technologie [IUT] avec la mise en place du Bachelor Universitaire de Technologie, en passant par la Loi de Programmation de la Recherche). Ce mot d\u2019ordre vise notamment \u00e0 enclencher ou renforcer l\u2019\u00ab&#160;industrialisation de la formation&#160;\u00bb (M\u0153glin, 2016), l\u2019int\u00e9gration croissante dans les cursus des activit\u00e9s et comp\u00e9tences professionnelles dans une logique ad\u00e9quationniste (de La Broise et Brulois, 2010), le d\u00e9veloppement des dispositifs d\u2019\u00ab&#160;insertion professionnelle&#160;\u00bb (stages, apprentissage, alternance\u2026) ou encore la mobilisation de m\u00e9thodes et ressources dites \u00ab&#160;professionnalisantes&#160;\u00bb (m\u00e9thode des \u00ab&#160;cas&#160;\u00bb, projets tutor\u00e9s, jeux de r\u00f4le, simulations\u2026).<\/p>\n<p>Les recherches men\u00e9es sur les dynamiques de professionnalisation ont connu en SIC un essor r\u00e9cent, sous l\u2019impulsion notamment des travaux du RESIPROC (Baillargeon, David, 2013&#160;; Brulois, Carignan, David, Errecart, 2016&#160;; Baillargeon, Coutant, 2018). Les rapports complexes entre p\u00e9dagogie et professionnalisation ont par ailleurs fait l\u2019objet de collaborations interdisciplinaires entre SIC et sciences de l\u2019\u00e9ducation, qui se concr\u00e9tisent, par exemple, dans l\u2019ANR Renoir-IUT (Ressources Num\u00e9riques&#160;: Offre, Interm\u00e9diations et R\u00e9seaux en IUT)<strong>[1]<\/strong>, le Groupement d\u2019int\u00e9r\u00eat scientifique Innovation, Interdisciplinarit\u00e9, Formation (GIS2if) <strong>[2]<\/strong> ou encore le projet r\u00e9gional RECAP (La Recherche dans l\u2019Apprentissage) <strong>[3]<\/strong>. Les enqu\u00eates men\u00e9es par ces trois collectifs aupr\u00e8s d\u2019enseignants exer\u00e7ant dans des fili\u00e8res universitaires tr\u00e8s diverses ont notamment mis en lumi\u00e8re les ambigu\u00eft\u00e9s de la professionnalisation et les d\u00e9bats parfois vifs qui peuvent opposer les diff\u00e9rents acteurs impliqu\u00e9s. La question des ressources p\u00e9dagogiques, objets cristallisant des objectifs et strat\u00e9gies disparates, voire concurrents, est propice aux \u00e9changes et confrontations interdisciplinaires. Ce num\u00e9ro de <em>Communication &amp; professionnalisation <\/em>propose d\u2019orienter le dialogue interdisciplinaire sur les probl\u00e8mes pos\u00e9s par les formations en communication.<\/p>\n<p>Dans le cadre de ce dossier, nous proposons d\u2019envisager la \u00ab&#160;professionnalisation&#160;\u00bb moins comme un concept (pour l\u2019analyse) que comme une valeur orientant les programmes de formation, les pratiques p\u00e9dagogiques et les ressources mobilis\u00e9es. La r\u00e9f\u00e9rence \u00e0 la \u00ab&#160;professionnalisation&#160;\u00bb est \u00e9galement devenue l\u2019enjeu d\u2019un <em>march\u00e9<\/em>, de plus en plus disput\u00e9 aux \u00e9coles et universit\u00e9s traditionnelles, par un nombre croissant d\u2019acteurs priv\u00e9s (\u00ab&#160;\u00e9coles professionnalisantes&#160;\u00bb sp\u00e9cialis\u00e9es, organismes de formation professionnelle, acteurs industriels produisant des ressources et technologies \u00e9ducatives\u2026).<br \/>\nMalgr\u00e9 la prolif\u00e9ration des acteurs, des discours, des dispositifs et des pratiques qui s\u2019en r\u00e9clament, la \u00ab&#160;professionnalisation&#160;\u00bb est donc investie d\u2019enjeux pluriels et de significations contradictoires <strong>[4]<\/strong>, qui font d\u00e9bat plus qu\u2019elles ne s\u2019articulent (Wittorski, 2009). Ces repr\u00e9sentations, variables en fonction des cursus consid\u00e9r\u00e9s et des acteurs en lice, se d\u00e9finissent \u00e0 la crois\u00e9e des consignes institutionnelles, des demandes industrielles et des exigences acad\u00e9miques. Elles font l\u2019objet de constantes n\u00e9gociations et alimentent de vifs d\u00e9bats sur les enjeux et modalit\u00e9s d\u2019une formation \u00ab&#160;professionnalisante&#160;\u00bb. Elles traduisent enfin des conceptions divergentes \u2013 parfois exclusives \u2013 du professionnalisme, qui influent sur les pratiques p\u00e9dagogiques comme sur l\u2019usage des ressources \u00e9ducatives.<\/p>\n<p>Comment la \u00ab&#160;professionnalisation&#160;\u00bb se concr\u00e9tise-t-elle dans les dispositifs et pratiques p\u00e9dagogiques contemporains&#160;? Quels savoirs et savoir-faire \u00ab&#160;communicationnels&#160;\u00bb ces dispositifs et pratiques formalisent-ils et pr\u00e9tendent-ils transmettre&#160;? \u00c0 quelles conditions, dans quels contextes sp\u00e9cifiques et \u00e0 travers quelles m\u00e9diations deviennent-ils \u00ab&#160;professionnalisants&#160;\u00bb pour les acteurs concern\u00e9s&#160;? Quels sont les acteurs qui interviennent dans la conception des ressources p\u00e9dagogiques et dans leur valorisation&#160;? Quelles conceptions du professionnalisme et de la professionnalit\u00e9 actualisent-ils&#160;?<\/p>\n<h2>Axes propos\u00e9s<\/h2>\n<p>Les contributions attendues pourront porter \u00e0 la fois sur la formation initiale (universitaire ou non), sur la formation continue ou tout au long de la vie, sur la formation en apprentissage, sur la formation professionnelle, ou encore sur des pratiques p\u00e9dagogiques transversales qui incarnent des pr\u00e9tentions fortes \u00e0 la professionnalisation (projets tutor\u00e9s, \u00e9tudes de cas, challenge). Une attention particuli\u00e8re sera port\u00e9e aux conditions de la production et de la mobilisation des ressources p\u00e9dagogiques selon les contextes de formation.<\/p>\n<p>Les contributions pourront s\u2019inscrire dans l\u2019un ou plusieurs des axes de questionnement suivants&#160;:<\/p>\n<h2>R\u00e9formes et discours institutionnels&#160;: quelles conceptions de la p\u00e9dagogie&#160;?<\/h2>\n<p>Les contributions pourront porter sur les cadrages institutionnels qui pr\u00e9sident \u00e0 l\u2019\u00e9laboration des cursus et des ressources p\u00e9dagogiques associ\u00e9es afin d\u2019examiner les liens entre injonction au professionnalisme (Boussard, Demazi\u00e8re, Milburn, 2010) et modalit\u00e9s p\u00e9dagogiques. \u00c0 cet \u00e9gard, les r\u00e9centes r\u00e9formes (des cursus en apprentissage, des IUT avec la cr\u00e9ation du bachelor, ou encore des INSPE <strong>[5]<\/strong>) peuvent \u00eatre des contextes et objets tr\u00e8s riches pour aborder ces questions. Les contributions porteront sur l\u2019analyse des discours et des cadrages institutionnels, l\u2019analyse des maquettes ou encore sur des enqu\u00eates men\u00e9es aupr\u00e8s des acteurs concern\u00e9s.<br \/>\nLa question de la prescription des formes p\u00e9dagogiques (p\u00e9dagogie par projets, \u00e9tudes de cas, pourcentage d\u2019intervenants professionnels, projets tutor\u00e9s, etc.) pourra d\u00e8s lors permettre de d\u00e9ployer un regard critique sur les conceptions de la professionnalisation et analyser la place plus ou moins importante accord\u00e9e aux savoirs acad\u00e9miques par rapport aux \u00ab&#160;savoirs d\u2019action&#160;\u00bb (Barbier, dir., 2011) et \u00e0 la pens\u00e9e critique (Farina, M., Pasquinelli, E., &amp; Zimmeman, G., 2017) dans celles-ci.<\/p>\n<h2>Offre de ressources \u00ab&#160;professionnalisantes&#160;\u00bb et strat\u00e9gies de valorisation<\/h2>\n<p>Les contributions pourront ici porter sur l\u2019analyse des strat\u00e9gies de production et de valorisation de ressources p\u00e9dagogiques de natures diverses afin d\u2019analyser dans quelle mesure la question de la professionnalisation repr\u00e9sente une norme et une valeur (Dewey&#160;; 2011). Les approches socio-\u00e9conomiques portant sur l\u2019analyse du positionnement des acteurs et de leurs strat\u00e9gies de mise en visibilit\u00e9 de leur offre de ressources pourront permettre de distinguer des types d\u2019acteurs (institutionnels, industriels, associatifs) et leurs mod\u00e8les socio- \u00e9conomiques (M\u0153glin, 2007). L\u2019analyse des diff\u00e9rentes strat\u00e9gies visant \u00e0 pr\u00e9senter leurs prestations \u00e9ducatives pourra permettre de voir comment ils positionnent ces offres \u00e0 partir de diff\u00e9rentes formes argumentatives (ad\u00e9quation \u00e0 des besoins des secteurs professionnels, app\u00e9tences des apprenants, praticit\u00e9, simplicit\u00e9, \u00ab&#160;ludicit\u00e9&#160;\u00bb, etc.), formes argumentatives qui peuvent permettre de faire ressortir les conceptions plurielles de la professionnalisation.<br \/>\nLes contributions pourront porter attention aux processus de circulation \u00e0 travers lesquels les ressources, en tant qu\u2019\u00ab&#160;\u00eatres culturels&#160;\u00bb (Jeanneret, 2008), se chargent progressivement d\u2019une valeur \u00e0 la fois p\u00e9dagogique, strat\u00e9gique et symbolique.<\/p>\n<h2>Dispositifs et ressources \u00ab&#160;professionnalisants&#160;\u00bb&#160;: quelles conceptions de la professionnalisation&#160;?<\/h2>\n<p>Les pr\u00e9tentions professionnalisantes de l\u2019enseignement sup\u00e9rieur s\u2019incarnent dans une grande vari\u00e9t\u00e9 de dispositifs (projets tutor\u00e9s, modules \u00ab&#160;c\u0153ur de m\u00e9tier&#160;\u00bb, mises en situation professionnelle, modules \u00ab&#160;Projets Personnel et Professionnel&#160;\u00bb\u2026) et de ressources p\u00e9dagogiques (manuels, vid\u00e9os, banques de cas, <em>serious games<\/em>\u2026). Les propositions qui s\u2019inscrivent dans cet axe s\u2019int\u00e9resseront \u00e0 la diversit\u00e9 des ressources (documents, techniques, m\u00e9dias) con\u00e7ues ou mobilis\u00e9es par les enseignants pour assurer la transmission de savoirs consid\u00e9r\u00e9s comme \u00ab&#160;op\u00e9rationnels&#160;\u00bb (Seurrat, 2018). Elles s\u2019appuieront, par exemple, sur des analyses attentives \u00e0 la configuration formelle et mat\u00e9rielle de ces objets pluriels, sur des \u00e9tudes de leurs usages en situation ou sur des enqu\u00eates men\u00e9es aupr\u00e8s de leurs concepteurs, pour \u00e9clairer les repr\u00e9sentations du \u00ab&#160;bon&#160;\u00bb professionnel qu\u2019ils actualisent, les postures d\u2019enseignant et d\u2019\u00e9tudiant qu\u2019ils assignent, les modalit\u00e9s p\u00e9dagogiques qu\u2019ils pr\u00e9conisent ou favorisent.<\/p>\n<h2>Pratiques p\u00e9dagogiques en situation d\u2019apprentissage et vis\u00e9e de professionnalisation<\/h2>\n<p>Les transformations r\u00e9centes des pratiques p\u00e9dagogiques dues aux usages du num\u00e9rique ont conduit non seulement les chercheuses et les chercheurs \u00e0 \u00e9tudier et \u00e0 mod\u00e9liser ces nouvelles situations d\u2019enseignement et d\u2019apprentissage dans une d\u00e9marche d\u2019innovation pour l\u2019\u00e9ducation <strong>[6]<\/strong> mais elles les invitent \u00e9galement \u00e0 interroger leur vis\u00e9e de professionnalisation. Un dialogue entre Sciences de l\u2019information et de la communication et Sciences de l\u2019\u00e9ducation (Jacquinot-Delaunay, 2001) est d\u2019autant plus n\u00e9cessaire pour analyser ces situations d\u2019apprentissage qu\u2019elles sont le plus souvent m\u00e9di\u00e9es par des outils num\u00e9riques.<br \/>\nPartant d\u2019approches empiriques et int\u00e9grant une dimension critique li\u00e9e aux questionnements relatifs \u00e0 la vis\u00e9e professionnalisante de certaines pratiques p\u00e9dagogiques, les contributions de cet axe pourront porter, par exemple, sur les prescriptions p\u00e9dagogiques (lors notamment de l\u2019apprentissage de certains logiciels ou langages de programmation du fait m\u00eame que ce sont ceux utilis\u00e9s par les entreprises recruteuses de stagiaires, d\u2019alternants ou de dipl\u00f4m\u00e9s), les modalit\u00e9s d\u2019appropriation de ces ressources par les enseignants (via l\u2019intervention de praticiens dans les formations, via le tutorat d\u2019apprentissage, lors du suivi de stage, etc.), les situations d\u2019apprentissage imagin\u00e9es (type SA\u00c9 <strong>[7]<\/strong> du nouveau <em>Bachelor <\/em>en IUT) ou les injonctions poussant les enseignants et responsables de formation \u00e0 mettre en \u0153uvre des situations p\u00e9dagogiques afin de faire acqu\u00e9rir une litt\u00e9ratie num\u00e9rique \u00e0 leurs \u00e9l\u00e8ves et \u00e9tudiants.<br \/>\nAinsi, l\u2019analyse fine des situations d\u2019apprentissage et de leur vis\u00e9e de professionnalisation permettra de mieux saisir la complexit\u00e9 des enjeux associ\u00e9s, d\u2019approches purement gestionnaires de l\u2019organisation \u00e9ducative, aux relations, parfois compliqu\u00e9es, entre enseignants issus des milieux professionnels et enseignants relevant de l\u2019institution (Morillon, Carignan, Parrini-Alemanno, 2020).<\/p>\n<h2>Bibliographie indicative<\/h2>\n<ul>\n<li>Baillargeon, D. et David, M. (dir.) (2013), <em>Les Cahiers du RESIPROC<\/em>, n\u00b0 1&#160;: \u00ab&#160;La professionnalisation des Dynamiques, tensions et vecteurs&#160;\u00bb.<\/li>\n<li>Baillargeon, D. et Coutant, A. (dir.) (2018), <em>Communication &amp; Professionnalisation<\/em>, n\u00b0 7&#160;: \u00ab&#160;Trajectoires professionnelles en communication&#160;: atypies, hybridit\u00e9s et temporalit\u00e9s&#160;\u00bb.<\/li>\n<li>Barbier, J-M. (dir.) (2011), <em>Savoirs th\u00e9oriques et savoirs d\u2019action<\/em>, Paris&#160;: Presses universitaires de 316 p.<\/li>\n<li>Bourdoncle (2000), \u00ab&#160;Professionnalisation, formes et dispositifs&#160;\u00bb, <em>in <\/em>Bourdoncle, (dir.), <em>Recherche &amp; Formation<\/em>, n\u00b0 35&#160;: \u00ab&#160;Formes et dispositifs de la professionnalisation&#160;\u00bb, p. 117-132.<\/li>\n<\/ul>\n<ul>\n<li>Boussard, , Demazi\u00e8re, D. et Milburn, Ph. (dir.) (2010), <em>L\u2019injonction au professionnalisme. Analyses d\u2019une dynamique plurielle<\/em>, Rennes&#160;: Presses Universitaires de Rennes.<\/li>\n<li>Brulois, V. et De La Broise, P. (2010), \u00ab&#160;La communication interne aux prises avec la professionnalisation&#160;\u00bb, <em>Communiquer<\/em>, n\u00b0 3-4, 123-134.<\/li>\n<li>Carignan M-E, Brulois V, David M, Errecart A (dir.) (2016), <em>Communication &amp; Professionnalisation<\/em>, n\u00b0 4&#160;: \u00ab&#160;Dynamiques de professionnalisation en communication&#160;: entre ruptures et continuit\u00e9s, prescription et \u00e9mancipation&#160;\u00bb.<\/li>\n<li>Demazi\u00e8re, , Roquet, P., Wittorski, R. (dir.) (2012), <em>La professionnalisation mise en objet<\/em>, Paris&#160;: L\u2019Harmattan.<\/li>\n<li>Dewey, (trad. 2011), <em>La formation des valeurs<\/em>, Paris&#160;: \u00c9ditions de La D\u00e9couverte.<\/li>\n<li>Dubar, (2010). <em>La crise des identit\u00e9s. L\u2019interpr\u00e9tation d\u2019une mutation <\/em>(4e \u00e9d.).<\/li>\n<\/ul>\n<p>Paris&#160;: PUF.<\/p>\n<ul>\n<li>Farina, , Pasquinelli, E., et Zimmeman, G. (2017), <em>Esprit critique, esprit scientifique<\/em>, Paris&#160;: Le pommier.<\/li>\n<li>Jacquinot-Delaunay, G. (2001), \u00ab&#160;Les sciences de l\u2019\u00e9ducation et de la communication en dialogue&#160;: \u00e0 propos des m\u00e9dias et des technologies \u00e9ducatives&#160;\u00bb, <em>L\u2019Ann\u00e9e sociologique<\/em>, n\u00b0 51, 391-410.<\/li>\n<li>Jeanneret, Y. (2008), <em>Penser la trivialit\u00e9&#160;: la vie triviale des \u00eatres culturels<\/em>, Paris&#160;: \u00c9ditions Herm\u00e8s-Lavoisier.<\/li>\n<li>Jorro, (dir.) (2014), <em>Dictionnaire des concepts de la professionnalisation<\/em>, Louvain- la-Neuve&#160;: De Boeck.<\/li>\n<\/ul>\n<p>&#8211;\u00a0\u00a0\u00a0 L\u00e9pine V. (2016), \u00ab&#160;Penser la professionnalisation comme une mise en mouvement&#160;: les communicateurs&#160;\u00bb, <em>Revue fran\u00e7aise des sciences de l\u2019information et de la communication <\/em>[en ligne], n\u00b0 9, 2016. URL&#160;: <a href=\"http:\/\/journals.openedition.org\/rfsic\/2266\">journals.openedition.org\/rfsic\/2266<\/a>.<\/p>\n<ul>\n<li>M\u0153glin, P. (2007), \u00ab&#160;Le professeur et le courtier&#160;\u00bb, <em>\u00c9tudes de communication<\/em>, n\u00b0 sp\u00e9cial \u00ab&#160;L\u2019int\u00e9gration du num\u00e9rique dans les formations du sup\u00e9rieur&#160;\u00bb, 111-132.<\/li>\n<li>M\u0153glin, P. (dir.) (2016), <em>Industrialiser l\u2019\u00e9ducation. Anthologie comment\u00e9e (1913- 2012)<\/em>, Saint-Denis&#160;: Presses universitaires de<\/li>\n<li>Morillon L., Carignan M-\u00c8 et Parrini-Alemanno S. (dir.) (2020), <em>Communication &amp; Professionnalisation<\/em>, n\u00b0 10&#160;: \u00ab&#160;Influences crois\u00e9es entre pratiques et recherches en communication des organisations&#160;\u00bb.<\/li>\n<li>Seurrat, A. (2018), <em>Les savoirs sur la communication face \u00e0 l\u2019imp\u00e9ratif d\u2019efficacit\u00e9. Industrialisation, professionnalisation, m\u00e9diation et \u00e9valuation dans la formation professionnelle courte \u00e0 la communication<\/em>, m\u00e9moire d\u2019HDR en SIC, CELSA, 2018.<\/li>\n<li>Wittorski, R. (2009), \u00ab&#160;\u00c0 propos de la professionnalisation&#160;\u00bb, <em>in <\/em>J-M Barbier, Bourgeois et G. Chapelle (dir.), <em>Encyclop\u00e9die de l\u2019\u00e9ducation et de la formation<\/em>, Paris&#160;: PUF, p. 781-793.<\/li>\n<\/ul>\n<h2>Notes<\/h2>\n<p>[1] &#8211; <a href=\"https:\/\/www.renoir.uca.fr\/\">www.renoir.uca.fr\/.<\/a><\/p>\n<p>[2] &#8211;\u00a0<a href=\"https:\/\/gis-2if.shs.parisdescartes.fr\/\">www.gis-2if.shs.parisdescartes.fr\/.<\/a><\/p>\n<p>[3] &#8211; <a href=\"https:\/\/geriico.univ-lille.fr\/detail-actu\/projet-recap\/\">www.geriico.univ-lille.fr\/detail-actu\/projet-recap\/.<\/a><\/p>\n<p>[4] &#8211; Richard Wittorski distingue la \u00ab&#160;professionnalisation-profession&#160;\u00bb (constitution d\u2019un groupe de travail autonome), la \u00ab&#160;professionnalisation-efficacit\u00e9 du travail&#160;\u00bb (accompagnement de la flexibilit\u00e9 du travail) et la \u00ab&#160;professionnalisation-formation&#160;\u00bb (\u00ab&#160;fabrication&#160;\u00bb d\u2019un professionnel par la formation).<\/p>\n<p>[5] &#8211; Institut national sup\u00e9rieur du professorat et de l\u2019\u00e9ducation.<\/p>\n<p>[6] &#8211; Ces r\u00e9flexions sont notamment conduites au sein du GIS2if (Groupement d\u2019Int\u00e9r\u00eat scientifique innovation et interdisciplinarit\u00e9 dans la formation) <a href=\"https:\/\/gis-2if.shs.parisdescartes.fr\/\">https:\/\/gis-2if.shs.parisdescartes.fr\/.<\/a><\/p>\n<p>7. Une situation d\u2019apprentissage et d\u2019\u00e9valuation (ou SA\u00c9) est une modalit\u00e9 d\u2019apprentissage bas\u00e9e sur la reproduction d\u2019une situation professionnelle et visant l\u2019acquisition d\u2019une comp\u00e9tence professionnelle pr\u00e9d\u00e9finie. Pour chaque comp\u00e9tence cibl\u00e9e, la SA\u00c9 s\u2019appuie sur un ensemble de ressources et vise \u00e0 acqu\u00e9rir un ensemble d\u2019apprentissages critiques.<\/p>\n<h2>Calendrier et consignes aux auteurs<\/h2>\n<ul>\n<li>Date limite de soumission&#160;: 19 novembre 2021<\/li>\n<li>Notification aux auteurs&#160;: 17 d\u00e9cembre 2021<\/li>\n<li>Envoi des articles complets&#160;: 4 mars 2022<\/li>\n<li>Remise du texte final apr\u00e8s retours des \u00e9valuateurs&#160;: 29 avril 2022<\/li>\n<li>Publication du num\u00e9ro&#160;: juin 2022<\/li>\n<\/ul>\n<p>Les auteur\u00b7es sont invit\u00e9.e.s, dans un premier temps, \u00e0 proposer une intention \u00e0 soumettre d\u2019ici le 19 novembre 2021, via <a href=\"https:\/\/ojs.uclouvain.be\/index.php\/comprof\/about\/submissions\">le site internet de la revue<\/a>. Les intentions feront entre 1200 et 1500 mots (bibliographie non comprise). Elles pr\u00e9senteront le titre, \u00e9ventuellement l\u2019axe dans lequel s\u2019ins\u00e8re de fa\u00e7on pr\u00e9f\u00e9rentielle cette proposition, la probl\u00e9matique, la m\u00e9thodologie adopt\u00e9e, le cas \u00e9ch\u00e9ant, et les principaux r\u00e9sultats qui seront d\u00e9velopp\u00e9s.<\/p>\n<p>Sous r\u00e9serve d\u2019un retour favorable sur ces intentions, les auteur\u00b7es devront par la suite soumettre une premi\u00e8re version de leur article complet au plus tard le 4 mars 2022, en suivant les normes de,la\u00a0 revue sur\u00a0 son site&#160;: <a href=\"https:\/\/ojs.uclouvain.be\/index.php\/comprof\/about\/submissions\">https:\/\/ojs.uclouvain.be\/index.php\/comprof\/about\/submissions<\/a>.<\/p>\n<p>&nbsp;<\/p>\n<p><em>Communication &amp; Professionnalisation <\/em>est une revue scientifique reconnue du domaine des sciences de l\u2019information et de la communication (71e section du CNU, CPdirsic, SFSIC). Elle fonctionne sur le mode de la publication continue&#160;: plusieurs dossiers th\u00e9matiques sont ouverts simultan\u00e9ment sur le site de la revue, et les articles soumis et accept\u00e9s pour publication dans ces dossiers sont publi\u00e9s un \u00e0 un sur le site, au moment de leur finalisation, sans attendre que l\u2019ensemble du dossier soit pr\u00eat \u00e0 \u00eatre publi\u00e9. La revue est \u00e9galement int\u00e9ress\u00e9e par des propositions hors th\u00e9matique.<\/p>\n<h2>Coordination du num\u00e9ro<\/h2>\n<ul>\n<li>Thomas Grignon (ANR RENOIR-IUT)&#160;: <a href=\"mailto:thomas.grignon@uca.fr\">grignon@uca.fr<\/a><\/li>\n<li>Aude Seurrat (Universit\u00e9 Paris-Est Cr\u00e9teil\/INSPE, C\u00c9DITEC)&#160;: <a href=\"mailto:aude.seurrat@u-pec.fr\">seurrat@u-pec.fr<\/a><\/li>\n<li>Jean-Claude Domenget (Universit\u00e9 de Franche-Comt\u00e9, ELLIADD)&#160;:\u00a0\u00a0\u00a0 <a href=\"mailto:jean-claude.domenget@univ-fcomte.fr\">jean-<\/a><a href=\"mailto:jean-claude.domenget@univ-fcomte.fr\">domenget@univ-fcomte.fr<\/a><\/li>\n<\/ul><\/div>\n<div class=\"zn-singledetail-attachedfiles\">\n<h3 class=\"zn-singledetail-section-title\">Fichier(s) attach\u00e9(s)<\/h3>\n<ul class=\"zn-singledetail-attachedfiles-list\">\n<li class=\"zn-singledetail-attachedfiles-item\">\n\t\t\t\t\t\t\t<a class=\"zn-singledetail-attachedfiles-link button outline for-download\" href=\"https:\/\/www.sfsic.org\/wp-inside\/uploads\/skp-membership\/demande_adh\/aaa_cp_ressources-pedagogiques-et-professionnalisation-dans-les-formations-a-la-communication_2021.pdf\" title=\"T\u00e9l\u00e9charger : \u00ab aaa_cp_ressources-pedagogiques-et-professionnalisation-dans-les-formations-a-la-communication_2021.pdf \u00bb\" target=\"_blank\" rel=\"noopener\"><br \/>\n\t\t\t\t\t\t\t\t<span class=\"button-txt\">AAA_C&amp;P_Ressources p\u00e9dagogiques et professionnalisation dans les formations \u00e0 la communication_2021<span class=\"button-txt-type\"> (pdf)<\/span><\/span><br \/>\n\t\t\t\t\t\t\t<\/a>\n\t\t\t\t\t\t<\/li>\n<\/ul><\/div>\n<div class=\"zn-singledetail-keywords\">\n<h3 class=\"zn-singledetail-section-title\">Mots-cl\u00e9s<\/h3>\n<ul class=\"termslist termslist-post_tag\">\n<li class=\"termslist-item termslist-title\"><span class=\"termslist-titletxt\">Mots-cl\u00e9s<\/span><span class=\"doubledot\"><\/span><\/li>\n<li class=\"termslist-item tax-post_tag term-communication\"><a class=\"termslist-itemlink\" href=\"https:\/\/www.sfsic.org\/tag\/communication\/\" title=\"Communication\"><span class=\"termslist-itemname\">Communication<\/span><\/a><\/li>\n<li class=\"termslist-item tax-post_tag term-formation\"><a class=\"termslist-itemlink\" href=\"https:\/\/www.sfsic.org\/tag\/formation\/\" title=\"Formation\"><span class=\"termslist-itemname\">Formation<\/span><\/a><\/li>\n<li class=\"termslist-item tax-post_tag term-pedagogie\"><a class=\"termslist-itemlink\" href=\"https:\/\/www.sfsic.org\/tag\/pedagogie\/\" title=\"P\u00e9dagogie\"><span class=\"termslist-itemname\">P\u00e9dagogie<\/span><\/a><\/li>\n<li class=\"termslist-item tax-post_tag term-professionnalisation\"><a class=\"termslist-itemlink\" href=\"https:\/\/www.sfsic.org\/tag\/professionnalisation\/\" title=\"Professionnalisation\"><span class=\"termslist-itemname\">Professionnalisation<\/span><\/a><\/li>\n<\/ul><\/div>\n<\/p><\/div>\n<\/p><\/div>\n<\/p><\/div>\n<\/p><\/div>\n<\/div>\n<p><!-- \/fxzn:singledetail --><\/p>\n","protected":false},"excerpt":{"rendered":"<p>Mis en ligne le 7 octobre 2021 Th\u00e9matiques M\u00e9diation des savoirs, \u00e9ducation et formation Organisation des connaissances R\u00e9ponse attendue pour le 19\/11\/2021 Type de r\u00e9ponse R\u00e9sum\u00e9 Type de contribution attendue [&hellip;]<\/p>\n","protected":false},"author":781,"featured_media":0,"comment_status":"closed","ping_status":"closed","sticky":false,"template":"","format":"standard","meta":{"_acf_changed":false,"footnotes":""},"categories":[28,60],"tags":[363,122,452,121],"thematique":[43,42],"sfsic":[],"class_list":["post-19763","post","type-post","status-publish","format-standard","hentry","category-aac-publication","category-article","tag-communication","tag-formation","tag-pedagogie","tag-professionnalisation","thematique-mediation-des-savoirs-education-et-formation","thematique-organisation-des-connaissances","wp-sticky"],"acf":[],"yoast_head":"<!-- This site is optimized with the Yoast SEO plugin v27.5 - https:\/\/yoast.com\/product\/yoast-seo-wordpress\/ -->\n<title>Ressources p\u00e9dagogiques et professionnalisation dans les formations \u00e0 la communication<\/title>\n<meta name=\"description\" content=\"La revue Communication &amp; Professionnalisation lance un appel \u00e0 communication pour son num\u00e9ro 14 sur la th\u00e9matique &quot;Ressources p\u00e9dagogiques et professionnalisation dans les formations \u00e0 la communication&quot;. Ce dossier est coordonn\u00e9 par Thomas Grignon, Aude Seurrat et Jean-Claude Domenget.\" \/>\n<meta name=\"robots\" content=\"index, follow, max-snippet:-1, max-image-preview:large, max-video-preview:-1\" \/>\n<link rel=\"canonical\" href=\"https:\/\/www.sfsic.org\/en\/aac-publication\/ressources-pedagogiques-et-professionnalisation-dans-les-formations-a-la-communication\/\" \/>\n<meta property=\"og:locale\" content=\"en_US\" \/>\n<meta property=\"og:type\" content=\"article\" \/>\n<meta property=\"og:title\" content=\"Ressources p\u00e9dagogiques et professionnalisation dans les formations \u00e0 la communication\" \/>\n<meta property=\"og:description\" content=\"La revue Communication &amp; Professionnalisation lance un appel \u00e0 communication pour son num\u00e9ro 14 sur la th\u00e9matique &quot;Ressources p\u00e9dagogiques et professionnalisation dans les formations \u00e0 la communication&quot;. Ce dossier est coordonn\u00e9 par Thomas Grignon, Aude Seurrat et Jean-Claude Domenget.\" \/>\n<meta property=\"og:url\" content=\"https:\/\/www.sfsic.org\/en\/aac-publication\/ressources-pedagogiques-et-professionnalisation-dans-les-formations-a-la-communication\/\" \/>\n<meta property=\"og:site_name\" content=\"SFSIC\" \/>\n<meta property=\"article:published_time\" content=\"2021-10-07T16:37:43+00:00\" \/>\n<meta property=\"article:modified_time\" content=\"2021-10-07T19:50:04+00:00\" \/>\n<meta name=\"author\" content=\"Axelle Martin\" \/>\n<meta name=\"twitter:card\" content=\"summary_large_image\" \/>\n<script type=\"application\/ld+json\" class=\"yoast-schema-graph\">{\"@context\":\"https:\\\/\\\/schema.org\",\"@graph\":[{\"@type\":\"Article\",\"@id\":\"https:\\\/\\\/www.sfsic.org\\\/en\\\/aac-publication\\\/ressources-pedagogiques-et-professionnalisation-dans-les-formations-a-la-communication\\\/#article\",\"isPartOf\":{\"@id\":\"https:\\\/\\\/www.sfsic.org\\\/en\\\/aac-publication\\\/ressources-pedagogiques-et-professionnalisation-dans-les-formations-a-la-communication\\\/\"},\"author\":{\"name\":\"Axelle Martin\",\"@id\":\"https:\\\/\\\/www.sfsic.org\\\/en\\\/#\\\/schema\\\/person\\\/d3606993477708f4359fb9aeda58df3b\"},\"headline\":\"Ressources p\u00e9dagogiques et professionnalisation dans les formations \u00e0 la communication\",\"datePublished\":\"2021-10-07T16:37:43+00:00\",\"dateModified\":\"2021-10-07T19:50:04+00:00\",\"mainEntityOfPage\":{\"@id\":\"https:\\\/\\\/www.sfsic.org\\\/en\\\/aac-publication\\\/ressources-pedagogiques-et-professionnalisation-dans-les-formations-a-la-communication\\\/\"},\"wordCount\":2718,\"publisher\":{\"@id\":\"https:\\\/\\\/www.sfsic.org\\\/en\\\/#organization\"},\"keywords\":[\"Communication\",\"Formation\",\"P\u00e9dagogie\",\"Professionnalisation\"],\"articleSection\":[\"AAC Publications\",\"Article\"],\"inLanguage\":\"en-US\"},{\"@type\":\"WebPage\",\"@id\":\"https:\\\/\\\/www.sfsic.org\\\/en\\\/aac-publication\\\/ressources-pedagogiques-et-professionnalisation-dans-les-formations-a-la-communication\\\/\",\"url\":\"https:\\\/\\\/www.sfsic.org\\\/en\\\/aac-publication\\\/ressources-pedagogiques-et-professionnalisation-dans-les-formations-a-la-communication\\\/\",\"name\":\"Ressources p\u00e9dagogiques et professionnalisation dans les formations \u00e0 la communication\",\"isPartOf\":{\"@id\":\"https:\\\/\\\/www.sfsic.org\\\/en\\\/#website\"},\"datePublished\":\"2021-10-07T16:37:43+00:00\",\"dateModified\":\"2021-10-07T19:50:04+00:00\",\"description\":\"La revue Communication &amp; Professionnalisation lance un appel \u00e0 communication pour son num\u00e9ro 14 sur la th\u00e9matique \\\"Ressources p\u00e9dagogiques et professionnalisation dans les formations \u00e0 la communication\\\". Ce dossier est coordonn\u00e9 par Thomas Grignon, Aude Seurrat et Jean-Claude Domenget.\",\"breadcrumb\":{\"@id\":\"https:\\\/\\\/www.sfsic.org\\\/en\\\/aac-publication\\\/ressources-pedagogiques-et-professionnalisation-dans-les-formations-a-la-communication\\\/#breadcrumb\"},\"inLanguage\":\"en-US\",\"potentialAction\":[{\"@type\":\"ReadAction\",\"target\":[\"https:\\\/\\\/www.sfsic.org\\\/en\\\/aac-publication\\\/ressources-pedagogiques-et-professionnalisation-dans-les-formations-a-la-communication\\\/\"]}]},{\"@type\":\"BreadcrumbList\",\"@id\":\"https:\\\/\\\/www.sfsic.org\\\/en\\\/aac-publication\\\/ressources-pedagogiques-et-professionnalisation-dans-les-formations-a-la-communication\\\/#breadcrumb\",\"itemListElement\":[{\"@type\":\"ListItem\",\"position\":1,\"name\":\"Accueil\",\"item\":\"https:\\\/\\\/www.sfsic.org\\\/en\\\/\"},{\"@type\":\"ListItem\",\"position\":2,\"name\":\"Calls for Papers\",\"item\":\"https:\\\/\\\/www.sfsic.org\\\/en\\\/cfp-publication\\\/\"},{\"@type\":\"ListItem\",\"position\":3,\"name\":\"Article\",\"item\":\"https:\\\/\\\/www.sfsic.org\\\/en\\\/cfp-publication\\\/article-en\\\/\"},{\"@type\":\"ListItem\",\"position\":4,\"name\":\"Ressources p\u00e9dagogiques et professionnalisation dans les formations \u00e0 la communication\"}]},{\"@type\":\"WebSite\",\"@id\":\"https:\\\/\\\/www.sfsic.org\\\/en\\\/#website\",\"url\":\"https:\\\/\\\/www.sfsic.org\\\/en\\\/\",\"name\":\"SFSIC\",\"description\":\"Soci\u00e9t\u00e9 Fran\u00e7aise des Sciences de l&#039;Information &amp; de la Communication\",\"publisher\":{\"@id\":\"https:\\\/\\\/www.sfsic.org\\\/en\\\/#organization\"},\"potentialAction\":[{\"@type\":\"SearchAction\",\"target\":{\"@type\":\"EntryPoint\",\"urlTemplate\":\"https:\\\/\\\/www.sfsic.org\\\/en\\\/?s={search_term_string}\"},\"query-input\":{\"@type\":\"PropertyValueSpecification\",\"valueRequired\":true,\"valueName\":\"search_term_string\"}}],\"inLanguage\":\"en-US\"},{\"@type\":\"Organization\",\"@id\":\"https:\\\/\\\/www.sfsic.org\\\/en\\\/#organization\",\"name\":\"SFSIC\",\"url\":\"https:\\\/\\\/www.sfsic.org\\\/en\\\/\",\"logo\":{\"@type\":\"ImageObject\",\"inLanguage\":\"en-US\",\"@id\":\"https:\\\/\\\/www.sfsic.org\\\/en\\\/#\\\/schema\\\/logo\\\/image\\\/\",\"url\":\"https:\\\/\\\/www.sfsic.org\\\/wp-inside\\\/uploads\\\/2020\\\/05\\\/logo-sfsic.jpg\",\"contentUrl\":\"https:\\\/\\\/www.sfsic.org\\\/wp-inside\\\/uploads\\\/2020\\\/05\\\/logo-sfsic.jpg\",\"width\":1085,\"height\":1080,\"caption\":\"SFSIC\"},\"image\":{\"@id\":\"https:\\\/\\\/www.sfsic.org\\\/en\\\/#\\\/schema\\\/logo\\\/image\\\/\"}},{\"@type\":\"Person\",\"@id\":\"https:\\\/\\\/www.sfsic.org\\\/en\\\/#\\\/schema\\\/person\\\/d3606993477708f4359fb9aeda58df3b\",\"name\":\"Axelle Martin\",\"image\":{\"@type\":\"ImageObject\",\"inLanguage\":\"en-US\",\"@id\":\"https:\\\/\\\/secure.gravatar.com\\\/avatar\\\/1065035eb5e480668fbf77e163c2e86f81ac342eaad4c8783acdf4a63f3c917b?s=96&d=mm&r=g\",\"url\":\"https:\\\/\\\/secure.gravatar.com\\\/avatar\\\/1065035eb5e480668fbf77e163c2e86f81ac342eaad4c8783acdf4a63f3c917b?s=96&d=mm&r=g\",\"contentUrl\":\"https:\\\/\\\/secure.gravatar.com\\\/avatar\\\/1065035eb5e480668fbf77e163c2e86f81ac342eaad4c8783acdf4a63f3c917b?s=96&d=mm&r=g\",\"caption\":\"Axelle Martin\"},\"sameAs\":[\"@antropocominside\"]}]}<\/script>\n<!-- \/ Yoast SEO plugin. -->","yoast_head_json":{"title":"Ressources p\u00e9dagogiques et professionnalisation dans les formations \u00e0 la communication","description":"La revue Communication &amp; Professionnalisation lance un appel \u00e0 communication pour son num\u00e9ro 14 sur la th\u00e9matique \"Ressources p\u00e9dagogiques et professionnalisation dans les formations \u00e0 la communication\". Ce dossier est coordonn\u00e9 par Thomas Grignon, Aude Seurrat et Jean-Claude Domenget.","robots":{"index":"index","follow":"follow","max-snippet":"max-snippet:-1","max-image-preview":"max-image-preview:large","max-video-preview":"max-video-preview:-1"},"canonical":"https:\/\/www.sfsic.org\/en\/aac-publication\/ressources-pedagogiques-et-professionnalisation-dans-les-formations-a-la-communication\/","og_locale":"en_US","og_type":"article","og_title":"Ressources p\u00e9dagogiques et professionnalisation dans les formations \u00e0 la communication","og_description":"La revue Communication &amp; Professionnalisation lance un appel \u00e0 communication pour son num\u00e9ro 14 sur la th\u00e9matique \"Ressources p\u00e9dagogiques et professionnalisation dans les formations \u00e0 la communication\". Ce dossier est coordonn\u00e9 par Thomas Grignon, Aude Seurrat et Jean-Claude Domenget.","og_url":"https:\/\/www.sfsic.org\/en\/aac-publication\/ressources-pedagogiques-et-professionnalisation-dans-les-formations-a-la-communication\/","og_site_name":"SFSIC","article_published_time":"2021-10-07T16:37:43+00:00","article_modified_time":"2021-10-07T19:50:04+00:00","author":"Axelle Martin","twitter_card":"summary_large_image","schema":{"@context":"https:\/\/schema.org","@graph":[{"@type":"Article","@id":"https:\/\/www.sfsic.org\/en\/aac-publication\/ressources-pedagogiques-et-professionnalisation-dans-les-formations-a-la-communication\/#article","isPartOf":{"@id":"https:\/\/www.sfsic.org\/en\/aac-publication\/ressources-pedagogiques-et-professionnalisation-dans-les-formations-a-la-communication\/"},"author":{"name":"Axelle Martin","@id":"https:\/\/www.sfsic.org\/en\/#\/schema\/person\/d3606993477708f4359fb9aeda58df3b"},"headline":"Ressources p\u00e9dagogiques et professionnalisation dans les formations \u00e0 la communication","datePublished":"2021-10-07T16:37:43+00:00","dateModified":"2021-10-07T19:50:04+00:00","mainEntityOfPage":{"@id":"https:\/\/www.sfsic.org\/en\/aac-publication\/ressources-pedagogiques-et-professionnalisation-dans-les-formations-a-la-communication\/"},"wordCount":2718,"publisher":{"@id":"https:\/\/www.sfsic.org\/en\/#organization"},"keywords":["Communication","Formation","P\u00e9dagogie","Professionnalisation"],"articleSection":["AAC Publications","Article"],"inLanguage":"en-US"},{"@type":"WebPage","@id":"https:\/\/www.sfsic.org\/en\/aac-publication\/ressources-pedagogiques-et-professionnalisation-dans-les-formations-a-la-communication\/","url":"https:\/\/www.sfsic.org\/en\/aac-publication\/ressources-pedagogiques-et-professionnalisation-dans-les-formations-a-la-communication\/","name":"Ressources p\u00e9dagogiques et professionnalisation dans les formations \u00e0 la communication","isPartOf":{"@id":"https:\/\/www.sfsic.org\/en\/#website"},"datePublished":"2021-10-07T16:37:43+00:00","dateModified":"2021-10-07T19:50:04+00:00","description":"La revue Communication &amp; Professionnalisation lance un appel \u00e0 communication pour son num\u00e9ro 14 sur la th\u00e9matique \"Ressources p\u00e9dagogiques et professionnalisation dans les formations \u00e0 la communication\". Ce dossier est coordonn\u00e9 par Thomas Grignon, Aude Seurrat et Jean-Claude Domenget.","breadcrumb":{"@id":"https:\/\/www.sfsic.org\/en\/aac-publication\/ressources-pedagogiques-et-professionnalisation-dans-les-formations-a-la-communication\/#breadcrumb"},"inLanguage":"en-US","potentialAction":[{"@type":"ReadAction","target":["https:\/\/www.sfsic.org\/en\/aac-publication\/ressources-pedagogiques-et-professionnalisation-dans-les-formations-a-la-communication\/"]}]},{"@type":"BreadcrumbList","@id":"https:\/\/www.sfsic.org\/en\/aac-publication\/ressources-pedagogiques-et-professionnalisation-dans-les-formations-a-la-communication\/#breadcrumb","itemListElement":[{"@type":"ListItem","position":1,"name":"Accueil","item":"https:\/\/www.sfsic.org\/en\/"},{"@type":"ListItem","position":2,"name":"Calls for Papers","item":"https:\/\/www.sfsic.org\/en\/cfp-publication\/"},{"@type":"ListItem","position":3,"name":"Article","item":"https:\/\/www.sfsic.org\/en\/cfp-publication\/article-en\/"},{"@type":"ListItem","position":4,"name":"Ressources p\u00e9dagogiques et professionnalisation dans les formations \u00e0 la communication"}]},{"@type":"WebSite","@id":"https:\/\/www.sfsic.org\/en\/#website","url":"https:\/\/www.sfsic.org\/en\/","name":"SFSIC","description":"Soci\u00e9t\u00e9 Fran\u00e7aise des Sciences de l&#039;Information &amp; de la Communication","publisher":{"@id":"https:\/\/www.sfsic.org\/en\/#organization"},"potentialAction":[{"@type":"SearchAction","target":{"@type":"EntryPoint","urlTemplate":"https:\/\/www.sfsic.org\/en\/?s={search_term_string}"},"query-input":{"@type":"PropertyValueSpecification","valueRequired":true,"valueName":"search_term_string"}}],"inLanguage":"en-US"},{"@type":"Organization","@id":"https:\/\/www.sfsic.org\/en\/#organization","name":"SFSIC","url":"https:\/\/www.sfsic.org\/en\/","logo":{"@type":"ImageObject","inLanguage":"en-US","@id":"https:\/\/www.sfsic.org\/en\/#\/schema\/logo\/image\/","url":"https:\/\/www.sfsic.org\/wp-inside\/uploads\/2020\/05\/logo-sfsic.jpg","contentUrl":"https:\/\/www.sfsic.org\/wp-inside\/uploads\/2020\/05\/logo-sfsic.jpg","width":1085,"height":1080,"caption":"SFSIC"},"image":{"@id":"https:\/\/www.sfsic.org\/en\/#\/schema\/logo\/image\/"}},{"@type":"Person","@id":"https:\/\/www.sfsic.org\/en\/#\/schema\/person\/d3606993477708f4359fb9aeda58df3b","name":"Axelle Martin","image":{"@type":"ImageObject","inLanguage":"en-US","@id":"https:\/\/secure.gravatar.com\/avatar\/1065035eb5e480668fbf77e163c2e86f81ac342eaad4c8783acdf4a63f3c917b?s=96&d=mm&r=g","url":"https:\/\/secure.gravatar.com\/avatar\/1065035eb5e480668fbf77e163c2e86f81ac342eaad4c8783acdf4a63f3c917b?s=96&d=mm&r=g","contentUrl":"https:\/\/secure.gravatar.com\/avatar\/1065035eb5e480668fbf77e163c2e86f81ac342eaad4c8783acdf4a63f3c917b?s=96&d=mm&r=g","caption":"Axelle Martin"},"sameAs":["@antropocominside"]}]}},"_links":{"self":[{"href":"https:\/\/www.sfsic.org\/en\/wp-json\/wp\/v2\/posts\/19763","targetHints":{"allow":["GET"]}}],"collection":[{"href":"https:\/\/www.sfsic.org\/en\/wp-json\/wp\/v2\/posts"}],"about":[{"href":"https:\/\/www.sfsic.org\/en\/wp-json\/wp\/v2\/types\/post"}],"author":[{"embeddable":true,"href":"https:\/\/www.sfsic.org\/en\/wp-json\/wp\/v2\/users\/781"}],"replies":[{"embeddable":true,"href":"https:\/\/www.sfsic.org\/en\/wp-json\/wp\/v2\/comments?post=19763"}],"version-history":[{"count":5,"href":"https:\/\/www.sfsic.org\/en\/wp-json\/wp\/v2\/posts\/19763\/revisions"}],"predecessor-version":[{"id":19772,"href":"https:\/\/www.sfsic.org\/en\/wp-json\/wp\/v2\/posts\/19763\/revisions\/19772"}],"wp:attachment":[{"href":"https:\/\/www.sfsic.org\/en\/wp-json\/wp\/v2\/media?parent=19763"}],"wp:term":[{"taxonomy":"category","embeddable":true,"href":"https:\/\/www.sfsic.org\/en\/wp-json\/wp\/v2\/categories?post=19763"},{"taxonomy":"post_tag","embeddable":true,"href":"https:\/\/www.sfsic.org\/en\/wp-json\/wp\/v2\/tags?post=19763"},{"taxonomy":"thematique","embeddable":true,"href":"https:\/\/www.sfsic.org\/en\/wp-json\/wp\/v2\/thematique?post=19763"},{"taxonomy":"sfsic","embeddable":true,"href":"https:\/\/www.sfsic.org\/en\/wp-json\/wp\/v2\/sfsic?post=19763"}],"curies":[{"name":"wp","href":"https:\/\/api.w.org\/{rel}","templated":true}]}}