{"id":19535,"date":"2021-09-08T00:00:03","date_gmt":"2021-09-07T22:00:03","guid":{"rendered":"https:\/\/www.sfsic.org\/?p=19535"},"modified":"2021-09-11T20:38:55","modified_gmt":"2021-09-11T18:38:55","slug":"methodes-numeriques-et-pratiques-scientifiques","status":"publish","type":"post","link":"https:\/\/www.sfsic.org\/en\/evenement\/methodes-numeriques-et-pratiques-scientifiques\/","title":{"rendered":"M\u00e9thodes num\u00e9riques et pratiques scientifiques"},"content":{"rendered":"<p><!-- fxzn:singledetail --><\/p>\n<div class=\"zone zn-singledetail\" id=\"fxzn-singledetail-1\">\n<div class=\"zone-block zn-singledetail-block alignwide va-top\">\n<div class=\"row\">\n<div class=\"columns large-8 large-push-4\">\n<div class=\"zn-singledetail-metabox\">\n<div class=\"zn-singledetail-pubdate pubdate\">\n\t\t\t\t\t<span class=\"pubdate-txt\">Mis en ligne le<\/span><span class=\"doubledot\"><\/span> 8 septembre 2021\t\t\t\t<\/div>\n<p class=\"zn-singledetail-calenda-info\">\n\t\t\t\t\t\tInformations \u00e9dit\u00e9es \u00e0 partir d\u2019une annonce <a class=\"calenda-link prettylink\" href=\"https:\/\/calenda.org\/906255\" target=\"_blank\" rel=\"noopener\"><strong>Calenda<\/strong><\/a>.\t\t\t\t\t<\/p>\n<div class=\"zn-singledetail-thematiques with-sep-comma\">\n<ul class=\"termslist termslist-thematique\">\n<li class=\"termslist-item termslist-title\"><span class=\"termslist-titletxt\">Th\u00e9matiques<\/span><span class=\"doubledot\"><\/span><\/li>\n<li class=\"termslist-item tax-thematique term-numerique-strategies-dispositifs-et-usages\"><a class=\"termslist-itemlink\" href=\"https:\/\/www.sfsic.org\/thematiques\/numerique-strategies-dispositifs-et-usages\/\" title=\"Num\u00e9rique : strat\u00e9gies, dispositifs et usages\"><span class=\"termslist-itemname\">Num\u00e9rique : strat\u00e9gies, dispositifs et usages<\/span><\/a><\/li>\n<li class=\"termslist-item tax-thematique term-organisation-des-connaissances\"><a class=\"termslist-itemlink\" href=\"https:\/\/www.sfsic.org\/thematiques\/organisation-des-connaissances\/\" title=\"Organisation des connaissances\"><span class=\"termslist-itemname\">Organisation des connaissances<\/span><\/a><\/li>\n<\/ul><\/div>\n<\/p><\/div>\n<\/p><\/div>\n<\/p><\/div>\n<div class=\"row\">\n<div class=\"columns large-4\">\n<div class=\"zn-singledetail-sidebar bg-cornersquares\">\n<div class=\"zn-singledetail-infos\">\n<p class=\"zn-singledetail-type\">\n\t\t\t\t\t\t\t<span>Type d\u2019\u00e9v\u00e9nement<\/span><span class=\"doubledot\"><\/span> <strong>Journ\u00e9e d\u2019\u00e9tude<\/strong>\n\t\t\t\t\t<\/p>\n<\/p><\/div>\n<div class=\"zn-singledetail-contacts\">\n<h3 class=\"zn-singledetail-section-title\">Contacts<\/h3>\n<ul class=\"zn-singledetail-contacts-list\">\n<li class=\"zn-singledetail-contact\">\n\t\t\t\t\t\t\t<span class=\"zn-singledetail-contact-name\">Florence Thiault<\/span><span class=\"doubledot\"><\/span><br \/>\n\t\t\t\t\t\t\t\t\t\t\t\t\t\t<a class=\"zn-singledetail-contact-mail prettylink\" href=\"mailto:florence.thiault@univ-rennes2.fr\">florence.thiault@univ-rennes2.fr<\/a>\n\t\t\t\t\t\t\t\t\t\t\t\t\t<\/li>\n<\/ul><\/div>\n<div class=\"zn-singledetail-weblinks\">\n<h3 class=\"zn-singledetail-section-title\">Sites internet de r\u00e9f\u00e9rence<\/h3>\n<ul class=\"zn-singledetail-weblinks-list\">\n<li>\n\t\t\t\t\t\t\t<a class=\"prettylink chainlink\" href=\"https:\/\/urfistjne2021.univ-lyon1.fr\/\" title=\"Huiti\u00e8me journ\u00e9e nationale d\u2019\u00e9tude du r\u00e9seau des URFIST\" target=\"_blank\" rel=\"noopener\">Huiti\u00e8me journ\u00e9e nationale d\u2019\u00e9tude du r\u00e9seau des URFIST<\/a>\n\t\t\t\t\t\t<\/li>\n<\/ul><\/div>\n<\/p><\/div>\n<\/p><\/div>\n<div class=\"columns large-8\">\n<div class=\"zn-singledetail-contentbox\">\n<div class=\"zn-singledetail-eventinfo\">\n<div class=\"zn-singledetail-eventinfo-inner\">\n<div class=\"zn-singledetail-eventdates\">\n\t\t\t\t\t\t<span class=\"zn-singledetail-label\">Dates de l\u2019\u00e9v\u00e9nement<span class=\"doubledot\"><\/span><\/span><\/p>\n<ul class=\"zn-singledetail-eventdates-list\">\n<li class=\"zn-singledetail-eventdates-item\">\n\t\t\t\t\t\t\t\tDu 30\/09\/2021 au 30\/09\/2021, <span class=\"event-schedule\">9h30-17h00<\/span>\t\t\t\t\t\t\t<\/li>\n<\/ul><\/div>\n<p class=\"zn-singledetail-eventplace\">\n\t\t\t\t\t\t<span class=\"zn-singledetail-label\">Lieu de l\u2019\u00e9v\u00e9nement<span class=\"doubledot\"><\/span><\/span><br \/>\n\t\t\t\t\t\t<span class=\"zn-singledetail-eventplace-adr\"><\/p>\n<p>\t\t\t\t\t\t\t\t\t\t\t\t<span class=\"adr-place\">Th\u00e9\u00e2tre Astr\u00e9e &#8211; Universit\u00e9 Claude Bernard Lyon 1 (campus LyonTech \u2013 La DOUA)<\/span>,<\/p>\n<p>\t\t\t\t\t\t<span class=\"adr-street\">6 Avenue Gaston Berger <\/span>, <span class=\"adr-city\">Lyon<\/span>\t\t\t\t\t\t<span class=\"adr-cp\">69100<\/span>, <span class=\"adr-country\">France<\/span><br \/>\n\t\t\t\t\t\t<\/span>\t\t\t\t\t<\/p>\n<\/p><\/div>\n<\/p><\/div>\n<div class=\"zn-singledetail-annonce wig-content\">\n<p>Au cours de cette journ\u00e9e, et avec la contribution des dix intervenant\u00b7e\u00b7s, nous \u00e9changerons sur la th\u00e9matique suivante&#160;: \u00ab&#160;M\u00e9thodes num\u00e9riques et pratiques scientifiques&#160;: quelles influences des technologies num\u00e9riques sur la recherche scientifique&#160;?&#160;\u00bb.<\/p>\n<p>La journ\u00e9e sera rythm\u00e9e autour de trois questionnements&#160;:<\/p>\n<ul>\n<li>Les enjeux transversaux majeurs li\u00e9s au num\u00e9rique modifient-ils en profondeur les pratiques scientifiques&#160;?<\/li>\n<li>Quelles pratiques scientifiques ces technologies num\u00e9riques influencent-elles concr\u00e8tement&#160;?<\/li>\n<li>Dans le cadre des formations dispens\u00e9es aux communaut\u00e9s scientifiques universitaires, faut-il suivre le rythme incessant d\u2019arriv\u00e9e de nouveaux outils pour \u00e9quiper les pratiques scientifiques&#160;?<\/li>\n<\/ul>\n<h2>Modalit\u00e9s de participation<\/h2>\n<p>Pour participer et d\u00e9battre,<\/p>\n<ul>\n<li>une <a href=\"https:\/\/sygefor.reseau-urfist.fr\/#\/training\/8524\/9638?from=true%20\">inscription gratuite est n\u00e9cessaire<\/a>&#160;;<\/li>\n<li>l\u2019entr\u00e9e sera conditionn\u00e9e aux mesures sanitaires en vigueur.<\/li>\n<\/ul>\n<p><a href=\"https:\/\/urfistjne2021.univ-lyon1.fr\/\">Pour plus d\u2019information sur le programme et les intervenant.e.s.<\/a><\/p>\n<p>Cette journ\u00e9e fera l\u2019objet de captations vid\u00e9o accessibles ult\u00e9rieurement.<\/p>\n<h2>Programme<\/h2>\n<ul>\n<li>Accueil&#160;: <strong>Isabelle Garcin-Marrou<\/strong> (professeur des universit\u00e9s, Sciences Po Lyon et directrice d\u2019ELICO)<\/li>\n<li>Ouverture de la journ\u00e9e par le GIS R\u00e9seau URFIST&#160;:<strong>Marc Berg\u00e8re<\/strong> (professeur des universit\u00e9s, Unit\u00e9 de recherche Tempora, Universit\u00e9 Rennes 2 et pr\u00e9sident du Conseil des partenaires du GIS R\u00e9seau URFIST)<\/li>\n<li>Pr\u00e9sentation de la journ\u00e9e&#160;: <strong>Mariannig Le B\u00e9chec<\/strong> (ma\u00eetresse de conf\u00e9rences, UR ELICO, URFIST de Lyon) et <strong>Guillaume Sire<\/strong> (ma\u00eetre de conf\u00e9rences, IDETCOM, URFIST Occitanie)<\/li>\n<\/ul>\n<p>9h45 \u2013 10h30&#160;: Conf\u00e9rence<\/p>\n<ul>\n<li><em>M\u00e9thodes num\u00e9riques en physique et en sciences sociales&#160;: quelles diff\u00e9rences&#160;?<\/em>\u00a0\u00a0<strong>Pablo Jensen<\/strong> (directeur de recherche, CNRS \/ Laboratoire de Physique ENS Lyon)<\/li>\n<\/ul>\n<p>Les m\u00e9thodes num\u00e9riques ont d\u2019abord \u00e9t\u00e9 d\u00e9velopp\u00e9es en physique, notamment pour mettre au point la bombe atomique \u00e0 la fin de la seconde guerre mondiale. Elles se sont g\u00e9n\u00e9ralis\u00e9es dans de nombreux champs (science des mat\u00e9riaux, \u00e9pid\u00e9miologie\u2026) mais leur place dans les sciences sociales est contest\u00e9e. Nous discuterons de plusieurs exemples d\u2019utilisations concr\u00e8tes des m\u00e9thodes num\u00e9riques dans diff\u00e9rents domaines pour mieux comprendre leur pertinence et leurs enjeux sociaux et politiques.<\/p>\n<p>10h30 \u2013 11h15&#160;: Conf\u00e9rence<\/p>\n<ul>\n<li><em>Archiver, r\u00e9f\u00e9rencer et citer les logiciels dans la recherche<\/em>, <strong>Roberto Di Cosmo<\/strong> (Professeur en informatique, Inria)<\/li>\n<\/ul>\n<p>Le logiciel est un pilier de la recherche moderne, et le code source des logiciels int\u00e8gre des nombreuses connaissances scientifiques et technologiques. Il est donc essentiel qu\u2019on puisse pr\u00e9server, partager r\u00e9f\u00e9rencement et citer les logiciels de recherche&#160;: c\u2019est un tremplin pour reproductibilit\u00e9, et un compl\u00e9ment n\u00e9cessaire \u00e0 l\u2019Open Access. Dans cet expos\u00e9 nous verrons comment cette probl\u00e9matique complexe peut trouver aujourd\u2019hui des r\u00e9ponses simples et faciles \u00e0 mettre en \u0153uvre.<\/p>\n<p>11h15&#160;: pause caf\u00e9 offerte<\/p>\n<h3>11h30 \u2013 12h30&#160;: Table Ronde&#160;: Comment le num\u00e9rique influence-t-il le travail disciplinaire et interdisciplinaire&#160;?<\/h3>\n<p>Les approches disciplinaires sont-elles modifi\u00e9es par le num\u00e9rique&#160;? Convient-il de parler d\u2019approches interdisciplinaires avec le d\u00e9veloppement d\u2019une instrumentalisation num\u00e9rique de la recherche&#160;? Les notions d\u2019interdisciplinarit\u00e9, de multidisciplinarit\u00e9 et de transdisciplinarit\u00e9 seront au c\u0153ur de cette table-ronde. Caroline Muller et Fr\u00e9d\u00e9ric Clavert nous pr\u00e9senterons les enjeux de cette instrumentalisation num\u00e9rique de la recherche dans le cadre des humanit\u00e9s num\u00e9riques. Jean-Edouard Bigot reviendra \u00e0 partir de son travail de th\u00e8se sur les promesses port\u00e9es par cette instrumentalisation num\u00e9rique de la recherche.<\/p>\n<ul>\n<li>\u201c\u00c9pist\u00e9mologie et politique de l\u2019instrumentation num\u00e9rique en SHS\u201d, <strong>Jean-Edouard Bigot<\/strong> (post-doctorant, Laboratoire COSTECH, Universit\u00e9 de Technologie de Compi\u00e8gne)<\/li>\n<li>\u00ab&#160;Ce que le num\u00e9rique fait aux sources primaires de l\u2019historien(ne)&#160;\u00bb, <strong>Fr\u00e9d\u00e9ric Clavert<\/strong> (assistant professor, Center for Contemporary and Digital History, Universit\u00e9 du Luxembourg) et <strong>Caroline Muller<\/strong> (ma\u00eetresse de conf\u00e9rences, Unit\u00e9 de recherche Tempora, Universit\u00e9 Rennes 2),<\/li>\n<\/ul>\n<p>Animatrice&#160;: <strong>Florence Thiault<\/strong> (ma\u00eetresse de conf\u00e9rences, URFIST de Bretagne et des Pays de la Loire)<\/p>\n<p>12h30 \u2013 D\u00e9jeuner libre<\/p>\n<p>14h \u2013 14h45&#160;: Conf\u00e9rence<\/p>\n<p><em> Extraction et int\u00e9gration d\u2019information dans un contexte FAIR,<\/em> <strong>Claire N\u00e9dellec<\/strong> (directrice de recherche en informatique, INRAE)<\/p>\n<p>Les m\u00e9thodes d\u2019extraction d\u2019information appliqu\u00e9es au texte produisent les donn\u00e9es structur\u00e9es, interop\u00e9rables avec les donn\u00e9es d\u2019autres sources repr\u00e9sent\u00e9es dans un r\u00e9f\u00e9rentiel commun. L\u2019adaptation \u00e0 diff\u00e9rentes t\u00e2ches et diff\u00e9rents domaines est rendue possible par les m\u00e9thodes du traitement automatique de la langue (apprentissage automatique, analyse linguistique) et de l\u2019ing\u00e9nierie des connaissances (conception et repr\u00e9sentation de ressources s\u00e9mantiques). Nous en illustrerons le potentiel par des exemples concrets d\u2019application comme points de d\u00e9part d\u2019une analyse des moyens et comp\u00e9tences \u00e0 mobiliser et des points de vigilance pour une g\u00e9n\u00e9ralisation de la d\u00e9marche adapt\u00e9e aux besoins. reproductibilit\u00e9, et un compl\u00e9ment n\u00e9cessaire \u00e0 l\u2019Open Access. Dans cet expos\u00e9 nous verrons comment cette probl\u00e9matique complexe peut trouver aujourd\u2019hui des r\u00e9ponses simples et faciles \u00e0 mettre en \u0153uvre.<\/p>\n<p>14h45 \u2013 15h30&#160;: Conf\u00e9rence<\/p>\n<ul>\n<li><em>Un regard sur les outils de visualisation des donn\u00e9es scientifiques<\/em>, <strong>Eric Kergosien<\/strong> (ma\u00eetre de conf\u00e9rences, UR GERiiCO, Universit\u00e9 de Lille)<\/li>\n<\/ul>\n<p>\u00c0 travers un panorama des outils de visualisation, des exemples issus de ses recherches, Eric Kergosien abordera les limites dans l\u2019utilisation de ces outils de visualisation des donn\u00e9es scientifiques.<\/p>\n<p>15h30&#160;: pause caf\u00e9 offerte<\/p>\n<h3>15h45 \u2013 16h45&#160;: Table Ronde&#160;: M\u00e9thodes num\u00e9riques et formation&#160;: jusqu\u2019o\u00f9 aller&#160;?<\/h3>\n<p>Le d\u00e9veloppement du num\u00e9rique dans la recherche pose une question de fond. En effet, au-del\u00e0 du rep\u00e9rage des outils les plus pertinents pour ses recherches, comment s\u2019assurer de leur bonnes pratiques technique et, surtout, m\u00e9thodologique pour produire des r\u00e9sultats de qualit\u00e9&#160;? Si la formation du chercheur passe par une formation \u00e9pist\u00e9mologique et m\u00e9thodologique disciplinaire, quelle place r\u00e9server \u00e0 la formation aux outils, m\u00e9thodes et pratiques num\u00e9riques comme les statistiques, la visualisation de donn\u00e9es ou encore la reproductibilit\u00e9&#160;? Doit-on envisager un socle minimal commun de comp\u00e9tences num\u00e9riques du chercheur&#160;? Et sous quelle forme proposer cet accompagnement&#160;; y a-t-il des mod\u00e8les plus efficaces que d\u2019autres (formations, meet-up, etc.) pour s\u2019acculturer&#160;? Peut-on m\u00eame se former aux m\u00e9thodes num\u00e9riques sur le long terme&#160;? Ce sont toutes ces questions que les trois intervenants aborderont, chacun sous l\u2019angle d\u2019une discipline particuli\u00e8re, afin de voir jusqu\u2019o\u00f9 il est possible de (se) former au num\u00e9rique comme chercheur et \u00e0 partir de quand savoir s\u2019entourer d\u2019autres profils de comp\u00e9tences.<\/p>\n<ul>\n<li><strong>Lucie Loub\u00e8re<\/strong> (post-doctorante, LERASS, Universit\u00e9 Toulouse III \u2013 Paul Sabatier)<\/li>\n<li><strong>Nicolas Rougier<\/strong> (chercheur, Inria)<\/li>\n<li><strong>\u00c9milien Schultz<\/strong> (postdoctorant au laboratoire CEPED, IRD \u2013 Universit\u00e9 de Paris)<\/li>\n<\/ul>\n<p>Animateur&#160;: <strong>Gabriel Gallezot<\/strong> (ma\u00eetre de conf\u00e9rences, URFIST M\u00e9diterran\u00e9e)<\/p>\n<p>16h45 \u2013 17h&#160;: Cl\u00f4ture<\/p>\n<ul>\n<li>Conclusion <strong>Mariannig Le B\u00e9chec<\/strong> (ma\u00eetresse de conf\u00e9rences, UR ELICO, URFIST de Lyon) et <strong>Guillaume Sire<\/strong> (ma\u00eetre de conf\u00e9rences, IDETCOM, URFIST Occitanie)<\/li>\n<\/ul>\n<p>&nbsp;<\/p>\n<\/p><\/div>\n<div class=\"zn-singledetail-keywords\">\n<h3 class=\"zn-singledetail-section-title\">Mots-cl\u00e9s<\/h3>\n<ul class=\"termslist termslist-post_tag\">\n<li class=\"termslist-item termslist-title\"><span class=\"termslist-titletxt\">Mots-cl\u00e9s<\/span><span class=\"doubledot\"><\/span><\/li>\n<li class=\"termslist-item tax-post_tag term-epistemologie\"><a class=\"termslist-itemlink\" href=\"https:\/\/www.sfsic.org\/tag\/epistemologie\/\" title=\"\u00e9pist\u00e9mologie\"><span class=\"termslist-itemname\">\u00e9pist\u00e9mologie<\/span><\/a><\/li>\n<li class=\"termslist-item tax-post_tag term-numerique\"><a class=\"termslist-itemlink\" href=\"https:\/\/www.sfsic.org\/tag\/numerique\/\" title=\"Num\u00e9rique\"><span class=\"termslist-itemname\">Num\u00e9rique<\/span><\/a><\/li>\n<li class=\"termslist-item tax-post_tag term-recherche\"><a class=\"termslist-itemlink\" href=\"https:\/\/www.sfsic.org\/tag\/recherche\/\" title=\"Recherche\"><span class=\"termslist-itemname\">Recherche<\/span><\/a><\/li>\n<\/ul><\/div>\n<\/p><\/div>\n<\/p><\/div>\n<\/p><\/div>\n<\/p><\/div>\n<\/div>\n<p><!-- \/fxzn:singledetail --><\/p>\n","protected":false},"excerpt":{"rendered":"<p>Mis en ligne le 8 septembre 2021 Informations \u00e9dit\u00e9es \u00e0 partir d\u2019une annonce Calenda. Th\u00e9matiques Num\u00e9rique : strat\u00e9gies, dispositifs et usages Organisation des connaissances Type d\u2019\u00e9v\u00e9nement Journ\u00e9e d\u2019\u00e9tude Contacts Florence [&hellip;]<\/p>\n","protected":false},"author":781,"featured_media":0,"comment_status":"closed","ping_status":"closed","sticky":false,"template":"","format":"standard","meta":{"_acf_changed":false,"footnotes":""},"categories":[30,68],"tags":[407,90,123],"thematique":[39,42],"sfsic":[],"class_list":["post-19535","post","type-post","status-publish","format-standard","hentry","category-evenement","category-journee-etude-2","tag-epistemologie","tag-numerique","tag-recherche","thematique-numerique-strategies-dispositifs-et-usages","thematique-organisation-des-connaissances","wp-sticky"],"acf":[],"yoast_head":"<!-- This site is optimized with the Yoast SEO plugin v27.4 - https:\/\/yoast.com\/product\/yoast-seo-wordpress\/ -->\n<title>M\u00e9thodes num\u00e9riques et pratiques scientifiques<\/title>\n<meta name=\"description\" content=\"Le r\u00e9seau URFIST (Unit\u00e9s r\u00e9gionales de formation \u00e0 l\u2019information scientifique et technique) organise sa 8\u00e8me journ\u00e9e nationale d\u2019\u00e9tude sur le th\u00e8me &quot;M\u00e9thodes num\u00e9riques et pratiques scientifiques : Quelles influences des technologies num\u00e9riques sur la recherche scientifique ?&quot;\" \/>\n<meta name=\"robots\" content=\"index, follow, max-snippet:-1, max-image-preview:large, max-video-preview:-1\" \/>\n<link rel=\"canonical\" href=\"https:\/\/www.sfsic.org\/en\/evenement\/methodes-numeriques-et-pratiques-scientifiques\/\" \/>\n<meta property=\"og:locale\" content=\"en_US\" \/>\n<meta property=\"og:type\" content=\"article\" \/>\n<meta property=\"og:title\" content=\"M\u00e9thodes num\u00e9riques et pratiques scientifiques\" \/>\n<meta property=\"og:description\" content=\"Le r\u00e9seau URFIST (Unit\u00e9s r\u00e9gionales de formation \u00e0 l\u2019information scientifique et technique) organise sa 8\u00e8me journ\u00e9e nationale d\u2019\u00e9tude sur le th\u00e8me &quot;M\u00e9thodes num\u00e9riques et pratiques scientifiques : Quelles influences des technologies num\u00e9riques sur la recherche scientifique ?&quot;\" \/>\n<meta property=\"og:url\" content=\"https:\/\/www.sfsic.org\/en\/evenement\/methodes-numeriques-et-pratiques-scientifiques\/\" \/>\n<meta property=\"og:site_name\" content=\"SFSIC\" \/>\n<meta property=\"article:published_time\" content=\"2021-09-07T22:00:03+00:00\" \/>\n<meta property=\"article:modified_time\" content=\"2021-09-11T18:38:55+00:00\" \/>\n<meta name=\"author\" content=\"Axelle Martin\" \/>\n<meta name=\"twitter:card\" content=\"summary_large_image\" \/>\n<script type=\"application\/ld+json\" class=\"yoast-schema-graph\">{\"@context\":\"https:\\\/\\\/schema.org\",\"@graph\":[{\"@type\":\"Article\",\"@id\":\"https:\\\/\\\/www.sfsic.org\\\/en\\\/evenement\\\/methodes-numeriques-et-pratiques-scientifiques\\\/#article\",\"isPartOf\":{\"@id\":\"https:\\\/\\\/www.sfsic.org\\\/en\\\/evenement\\\/methodes-numeriques-et-pratiques-scientifiques\\\/\"},\"author\":{\"name\":\"Axelle Martin\",\"@id\":\"https:\\\/\\\/www.sfsic.org\\\/en\\\/#\\\/schema\\\/person\\\/d3606993477708f4359fb9aeda58df3b\"},\"headline\":\"M\u00e9thodes num\u00e9riques et pratiques scientifiques\",\"datePublished\":\"2021-09-07T22:00:03+00:00\",\"dateModified\":\"2021-09-11T18:38:55+00:00\",\"mainEntityOfPage\":{\"@id\":\"https:\\\/\\\/www.sfsic.org\\\/en\\\/evenement\\\/methodes-numeriques-et-pratiques-scientifiques\\\/\"},\"wordCount\":1258,\"publisher\":{\"@id\":\"https:\\\/\\\/www.sfsic.org\\\/en\\\/#organization\"},\"keywords\":[\"\u00e9pist\u00e9mologie\",\"Num\u00e9rique\",\"Recherche\"],\"articleSection\":[\"\u00c9v\u00e9nements\",\"Journ\u00e9e d\u2019\u00e9tude\"],\"inLanguage\":\"en-US\"},{\"@type\":\"WebPage\",\"@id\":\"https:\\\/\\\/www.sfsic.org\\\/en\\\/evenement\\\/methodes-numeriques-et-pratiques-scientifiques\\\/\",\"url\":\"https:\\\/\\\/www.sfsic.org\\\/en\\\/evenement\\\/methodes-numeriques-et-pratiques-scientifiques\\\/\",\"name\":\"M\u00e9thodes num\u00e9riques et pratiques scientifiques\",\"isPartOf\":{\"@id\":\"https:\\\/\\\/www.sfsic.org\\\/en\\\/#website\"},\"datePublished\":\"2021-09-07T22:00:03+00:00\",\"dateModified\":\"2021-09-11T18:38:55+00:00\",\"description\":\"Le r\u00e9seau URFIST (Unit\u00e9s r\u00e9gionales de formation \u00e0 l\u2019information scientifique et technique) organise sa 8\u00e8me journ\u00e9e nationale d\u2019\u00e9tude sur le th\u00e8me \\\"M\u00e9thodes num\u00e9riques et pratiques scientifiques : Quelles influences des technologies num\u00e9riques sur la recherche scientifique ?\\\"\",\"breadcrumb\":{\"@id\":\"https:\\\/\\\/www.sfsic.org\\\/en\\\/evenement\\\/methodes-numeriques-et-pratiques-scientifiques\\\/#breadcrumb\"},\"inLanguage\":\"en-US\",\"potentialAction\":[{\"@type\":\"ReadAction\",\"target\":[\"https:\\\/\\\/www.sfsic.org\\\/en\\\/evenement\\\/methodes-numeriques-et-pratiques-scientifiques\\\/\"]}]},{\"@type\":\"BreadcrumbList\",\"@id\":\"https:\\\/\\\/www.sfsic.org\\\/en\\\/evenement\\\/methodes-numeriques-et-pratiques-scientifiques\\\/#breadcrumb\",\"itemListElement\":[{\"@type\":\"ListItem\",\"position\":1,\"name\":\"Accueil\",\"item\":\"https:\\\/\\\/www.sfsic.org\\\/en\\\/\"},{\"@type\":\"ListItem\",\"position\":2,\"name\":\"Events\",\"item\":\"https:\\\/\\\/www.sfsic.org\\\/en\\\/events\\\/\"},{\"@type\":\"ListItem\",\"position\":3,\"name\":\"Study Day\",\"item\":\"https:\\\/\\\/www.sfsic.org\\\/en\\\/events\\\/study-day-2\\\/\"},{\"@type\":\"ListItem\",\"position\":4,\"name\":\"M\u00e9thodes num\u00e9riques et pratiques scientifiques\"}]},{\"@type\":\"WebSite\",\"@id\":\"https:\\\/\\\/www.sfsic.org\\\/en\\\/#website\",\"url\":\"https:\\\/\\\/www.sfsic.org\\\/en\\\/\",\"name\":\"SFSIC\",\"description\":\"Soci\u00e9t\u00e9 Fran\u00e7aise des Sciences de l&#039;Information &amp; de la Communication\",\"publisher\":{\"@id\":\"https:\\\/\\\/www.sfsic.org\\\/en\\\/#organization\"},\"potentialAction\":[{\"@type\":\"SearchAction\",\"target\":{\"@type\":\"EntryPoint\",\"urlTemplate\":\"https:\\\/\\\/www.sfsic.org\\\/en\\\/?s={search_term_string}\"},\"query-input\":{\"@type\":\"PropertyValueSpecification\",\"valueRequired\":true,\"valueName\":\"search_term_string\"}}],\"inLanguage\":\"en-US\"},{\"@type\":\"Organization\",\"@id\":\"https:\\\/\\\/www.sfsic.org\\\/en\\\/#organization\",\"name\":\"SFSIC\",\"url\":\"https:\\\/\\\/www.sfsic.org\\\/en\\\/\",\"logo\":{\"@type\":\"ImageObject\",\"inLanguage\":\"en-US\",\"@id\":\"https:\\\/\\\/www.sfsic.org\\\/en\\\/#\\\/schema\\\/logo\\\/image\\\/\",\"url\":\"https:\\\/\\\/www.sfsic.org\\\/wp-inside\\\/uploads\\\/2020\\\/05\\\/logo-sfsic.jpg\",\"contentUrl\":\"https:\\\/\\\/www.sfsic.org\\\/wp-inside\\\/uploads\\\/2020\\\/05\\\/logo-sfsic.jpg\",\"width\":1085,\"height\":1080,\"caption\":\"SFSIC\"},\"image\":{\"@id\":\"https:\\\/\\\/www.sfsic.org\\\/en\\\/#\\\/schema\\\/logo\\\/image\\\/\"}},{\"@type\":\"Person\",\"@id\":\"https:\\\/\\\/www.sfsic.org\\\/en\\\/#\\\/schema\\\/person\\\/d3606993477708f4359fb9aeda58df3b\",\"name\":\"Axelle Martin\",\"image\":{\"@type\":\"ImageObject\",\"inLanguage\":\"en-US\",\"@id\":\"https:\\\/\\\/secure.gravatar.com\\\/avatar\\\/1065035eb5e480668fbf77e163c2e86f81ac342eaad4c8783acdf4a63f3c917b?s=96&d=mm&r=g\",\"url\":\"https:\\\/\\\/secure.gravatar.com\\\/avatar\\\/1065035eb5e480668fbf77e163c2e86f81ac342eaad4c8783acdf4a63f3c917b?s=96&d=mm&r=g\",\"contentUrl\":\"https:\\\/\\\/secure.gravatar.com\\\/avatar\\\/1065035eb5e480668fbf77e163c2e86f81ac342eaad4c8783acdf4a63f3c917b?s=96&d=mm&r=g\",\"caption\":\"Axelle Martin\"},\"sameAs\":[\"@antropocominside\"]}]}<\/script>\n<!-- \/ Yoast SEO plugin. -->","yoast_head_json":{"title":"M\u00e9thodes num\u00e9riques et pratiques scientifiques","description":"Le r\u00e9seau URFIST (Unit\u00e9s r\u00e9gionales de formation \u00e0 l\u2019information scientifique et technique) organise sa 8\u00e8me journ\u00e9e nationale d\u2019\u00e9tude sur le th\u00e8me \"M\u00e9thodes num\u00e9riques et pratiques scientifiques : Quelles influences des technologies num\u00e9riques sur la recherche scientifique ?\"","robots":{"index":"index","follow":"follow","max-snippet":"max-snippet:-1","max-image-preview":"max-image-preview:large","max-video-preview":"max-video-preview:-1"},"canonical":"https:\/\/www.sfsic.org\/en\/evenement\/methodes-numeriques-et-pratiques-scientifiques\/","og_locale":"en_US","og_type":"article","og_title":"M\u00e9thodes num\u00e9riques et pratiques scientifiques","og_description":"Le r\u00e9seau URFIST (Unit\u00e9s r\u00e9gionales de formation \u00e0 l\u2019information scientifique et technique) organise sa 8\u00e8me journ\u00e9e nationale d\u2019\u00e9tude sur le th\u00e8me \"M\u00e9thodes num\u00e9riques et pratiques scientifiques : Quelles influences des technologies num\u00e9riques sur la recherche scientifique ?\"","og_url":"https:\/\/www.sfsic.org\/en\/evenement\/methodes-numeriques-et-pratiques-scientifiques\/","og_site_name":"SFSIC","article_published_time":"2021-09-07T22:00:03+00:00","article_modified_time":"2021-09-11T18:38:55+00:00","author":"Axelle Martin","twitter_card":"summary_large_image","schema":{"@context":"https:\/\/schema.org","@graph":[{"@type":"Article","@id":"https:\/\/www.sfsic.org\/en\/evenement\/methodes-numeriques-et-pratiques-scientifiques\/#article","isPartOf":{"@id":"https:\/\/www.sfsic.org\/en\/evenement\/methodes-numeriques-et-pratiques-scientifiques\/"},"author":{"name":"Axelle Martin","@id":"https:\/\/www.sfsic.org\/en\/#\/schema\/person\/d3606993477708f4359fb9aeda58df3b"},"headline":"M\u00e9thodes num\u00e9riques et pratiques scientifiques","datePublished":"2021-09-07T22:00:03+00:00","dateModified":"2021-09-11T18:38:55+00:00","mainEntityOfPage":{"@id":"https:\/\/www.sfsic.org\/en\/evenement\/methodes-numeriques-et-pratiques-scientifiques\/"},"wordCount":1258,"publisher":{"@id":"https:\/\/www.sfsic.org\/en\/#organization"},"keywords":["\u00e9pist\u00e9mologie","Num\u00e9rique","Recherche"],"articleSection":["\u00c9v\u00e9nements","Journ\u00e9e d\u2019\u00e9tude"],"inLanguage":"en-US"},{"@type":"WebPage","@id":"https:\/\/www.sfsic.org\/en\/evenement\/methodes-numeriques-et-pratiques-scientifiques\/","url":"https:\/\/www.sfsic.org\/en\/evenement\/methodes-numeriques-et-pratiques-scientifiques\/","name":"M\u00e9thodes num\u00e9riques et pratiques scientifiques","isPartOf":{"@id":"https:\/\/www.sfsic.org\/en\/#website"},"datePublished":"2021-09-07T22:00:03+00:00","dateModified":"2021-09-11T18:38:55+00:00","description":"Le r\u00e9seau URFIST (Unit\u00e9s r\u00e9gionales de formation \u00e0 l\u2019information scientifique et technique) organise sa 8\u00e8me journ\u00e9e nationale d\u2019\u00e9tude sur le th\u00e8me \"M\u00e9thodes num\u00e9riques et pratiques scientifiques : Quelles influences des technologies num\u00e9riques sur la recherche scientifique ?\"","breadcrumb":{"@id":"https:\/\/www.sfsic.org\/en\/evenement\/methodes-numeriques-et-pratiques-scientifiques\/#breadcrumb"},"inLanguage":"en-US","potentialAction":[{"@type":"ReadAction","target":["https:\/\/www.sfsic.org\/en\/evenement\/methodes-numeriques-et-pratiques-scientifiques\/"]}]},{"@type":"BreadcrumbList","@id":"https:\/\/www.sfsic.org\/en\/evenement\/methodes-numeriques-et-pratiques-scientifiques\/#breadcrumb","itemListElement":[{"@type":"ListItem","position":1,"name":"Accueil","item":"https:\/\/www.sfsic.org\/en\/"},{"@type":"ListItem","position":2,"name":"Events","item":"https:\/\/www.sfsic.org\/en\/events\/"},{"@type":"ListItem","position":3,"name":"Study Day","item":"https:\/\/www.sfsic.org\/en\/events\/study-day-2\/"},{"@type":"ListItem","position":4,"name":"M\u00e9thodes num\u00e9riques et pratiques scientifiques"}]},{"@type":"WebSite","@id":"https:\/\/www.sfsic.org\/en\/#website","url":"https:\/\/www.sfsic.org\/en\/","name":"SFSIC","description":"Soci\u00e9t\u00e9 Fran\u00e7aise des Sciences de l&#039;Information &amp; de la Communication","publisher":{"@id":"https:\/\/www.sfsic.org\/en\/#organization"},"potentialAction":[{"@type":"SearchAction","target":{"@type":"EntryPoint","urlTemplate":"https:\/\/www.sfsic.org\/en\/?s={search_term_string}"},"query-input":{"@type":"PropertyValueSpecification","valueRequired":true,"valueName":"search_term_string"}}],"inLanguage":"en-US"},{"@type":"Organization","@id":"https:\/\/www.sfsic.org\/en\/#organization","name":"SFSIC","url":"https:\/\/www.sfsic.org\/en\/","logo":{"@type":"ImageObject","inLanguage":"en-US","@id":"https:\/\/www.sfsic.org\/en\/#\/schema\/logo\/image\/","url":"https:\/\/www.sfsic.org\/wp-inside\/uploads\/2020\/05\/logo-sfsic.jpg","contentUrl":"https:\/\/www.sfsic.org\/wp-inside\/uploads\/2020\/05\/logo-sfsic.jpg","width":1085,"height":1080,"caption":"SFSIC"},"image":{"@id":"https:\/\/www.sfsic.org\/en\/#\/schema\/logo\/image\/"}},{"@type":"Person","@id":"https:\/\/www.sfsic.org\/en\/#\/schema\/person\/d3606993477708f4359fb9aeda58df3b","name":"Axelle Martin","image":{"@type":"ImageObject","inLanguage":"en-US","@id":"https:\/\/secure.gravatar.com\/avatar\/1065035eb5e480668fbf77e163c2e86f81ac342eaad4c8783acdf4a63f3c917b?s=96&d=mm&r=g","url":"https:\/\/secure.gravatar.com\/avatar\/1065035eb5e480668fbf77e163c2e86f81ac342eaad4c8783acdf4a63f3c917b?s=96&d=mm&r=g","contentUrl":"https:\/\/secure.gravatar.com\/avatar\/1065035eb5e480668fbf77e163c2e86f81ac342eaad4c8783acdf4a63f3c917b?s=96&d=mm&r=g","caption":"Axelle Martin"},"sameAs":["@antropocominside"]}]}},"_links":{"self":[{"href":"https:\/\/www.sfsic.org\/en\/wp-json\/wp\/v2\/posts\/19535","targetHints":{"allow":["GET"]}}],"collection":[{"href":"https:\/\/www.sfsic.org\/en\/wp-json\/wp\/v2\/posts"}],"about":[{"href":"https:\/\/www.sfsic.org\/en\/wp-json\/wp\/v2\/types\/post"}],"author":[{"embeddable":true,"href":"https:\/\/www.sfsic.org\/en\/wp-json\/wp\/v2\/users\/781"}],"replies":[{"embeddable":true,"href":"https:\/\/www.sfsic.org\/en\/wp-json\/wp\/v2\/comments?post=19535"}],"version-history":[{"count":3,"href":"https:\/\/www.sfsic.org\/en\/wp-json\/wp\/v2\/posts\/19535\/revisions"}],"predecessor-version":[{"id":19548,"href":"https:\/\/www.sfsic.org\/en\/wp-json\/wp\/v2\/posts\/19535\/revisions\/19548"}],"wp:attachment":[{"href":"https:\/\/www.sfsic.org\/en\/wp-json\/wp\/v2\/media?parent=19535"}],"wp:term":[{"taxonomy":"category","embeddable":true,"href":"https:\/\/www.sfsic.org\/en\/wp-json\/wp\/v2\/categories?post=19535"},{"taxonomy":"post_tag","embeddable":true,"href":"https:\/\/www.sfsic.org\/en\/wp-json\/wp\/v2\/tags?post=19535"},{"taxonomy":"thematique","embeddable":true,"href":"https:\/\/www.sfsic.org\/en\/wp-json\/wp\/v2\/thematique?post=19535"},{"taxonomy":"sfsic","embeddable":true,"href":"https:\/\/www.sfsic.org\/en\/wp-json\/wp\/v2\/sfsic?post=19535"}],"curies":[{"name":"wp","href":"https:\/\/api.w.org\/{rel}","templated":true}]}}