{"id":19463,"date":"2021-08-24T21:49:40","date_gmt":"2021-08-24T19:49:40","guid":{"rendered":"https:\/\/www.sfsic.org\/?p=19463"},"modified":"2021-08-24T21:49:40","modified_gmt":"2021-08-24T19:49:40","slug":"media","status":"publish","type":"post","link":"https:\/\/www.sfsic.org\/en\/aac-evenement\/media\/","title":{"rendered":"M\u00e9dia"},"content":{"rendered":"<p><!-- fxzn:singledetail --><\/p>\n<div class=\"zone zn-singledetail\" id=\"fxzn-singledetail-1\">\n<div class=\"zone-block zn-singledetail-block alignwide va-top\">\n<div class=\"row\">\n<div class=\"columns large-8 large-push-4\">\n<div class=\"zn-singledetail-metabox\">\n<div class=\"zn-singledetail-pubdate pubdate\">\n\t\t\t\t\t<span class=\"pubdate-txt\">Mis en ligne le<\/span><span class=\"doubledot\"><\/span> 24 ao\u00fbt 2021\t\t\t\t<\/div>\n<div class=\"zn-singledetail-thematiques with-sep-comma\">\n<ul class=\"termslist termslist-thematique\">\n<li class=\"termslist-item termslist-title\"><span class=\"termslist-titletxt\">Th\u00e9matiques<\/span><span class=\"doubledot\"><\/span><\/li>\n<li class=\"termslist-item tax-thematique term-images-cinema-medias-audiovisuels-et-industries-culturelles\"><a class=\"termslist-itemlink\" href=\"https:\/\/www.sfsic.org\/thematiques\/images-cinema-medias-audiovisuels-et-industries-culturelles\/\" title=\"Images, cin\u00e9ma, m\u00e9dias audiovisuels et industries culturelles\"><span class=\"termslist-itemname\">Images, cin\u00e9ma, m\u00e9dias audiovisuels et industries culturelles<\/span><\/a><\/li>\n<li class=\"termslist-item tax-thematique term-medias-et-journalisme\"><a class=\"termslist-itemlink\" href=\"https:\/\/www.sfsic.org\/thematiques\/medias-et-journalisme\/\" title=\"M\u00e9dias et journalisme\"><span class=\"termslist-itemname\">M\u00e9dias et journalisme<\/span><\/a><\/li>\n<\/ul><\/div>\n<\/p><\/div>\n<\/p><\/div>\n<\/p><\/div>\n<div class=\"row\">\n<div class=\"columns large-4\">\n<div class=\"zn-singledetail-sidebar bg-cornersquares\">\n<div class=\"zn-singledetail-infos\">\n<p class=\"zn-singledetail-reponse-date\">\n\t\t\t\t\t\t<span>R\u00e9ponse attendue pour le<\/span><span class=\"doubledot\"><\/span> <strong>15\/09\/2021<\/strong>\n\t\t\t\t\t<\/p>\n<p class=\"zn-singledetail-reponse-type\">\n\t\t\t\t\t<span>Type de r\u00e9ponse<\/span><span class=\"doubledot\"><\/span> <strong>R\u00e9sum\u00e9<\/strong>\n\t\t\t\t\t<\/p>\n<p class=\"zn-singledetail-type\">\n\t\t\t\t\t\t\t<span>Type d\u2019\u00e9v\u00e9nement<\/span><span class=\"doubledot\"><\/span> <strong>Colloque<\/strong>\n\t\t\t\t\t<\/p>\n<\/p><\/div>\n<div class=\"zn-singledetail-contacts\">\n<h3 class=\"zn-singledetail-section-title\">Contacts<\/h3>\n<ul class=\"zn-singledetail-contacts-list\">\n<li class=\"zn-singledetail-contact\">\n\t\t\t\t\t\t\t<span class=\"zn-singledetail-contact-name\">John Walsh<\/span><span class=\"doubledot\"><\/span><br \/>\n\t\t\t\t\t\t\t\t\t\t\t\t\t\t<a class=\"zn-singledetail-contact-mail prettylink\" href=\"mailto:jpw64@pitt.edu\">jpw64@pitt.edu<\/a>\n\t\t\t\t\t\t\t\t\t\t\t\t\t<\/li>\n<\/ul><\/div>\n<div class=\"zn-singledetail-weblinks\">\n<h3 class=\"zn-singledetail-section-title\">Sites internet de r\u00e9f\u00e9rence<\/h3>\n<ul class=\"zn-singledetail-weblinks-list\">\n<li>\n\t\t\t\t\t\t\t<a class=\"prettylink chainlink\" href=\"https:\/\/www.frenchanditalian.pitt.edu\/20th-21st-century-french-and-francophone-studies-international-colloquium\" title=\"Site du colloque\" target=\"_blank\" rel=\"noopener\">Site du colloque<\/a>\n\t\t\t\t\t\t<\/li>\n<\/ul><\/div>\n<\/p><\/div>\n<\/p><\/div>\n<div class=\"columns large-8\">\n<div class=\"zn-singledetail-contentbox\">\n<div class=\"zn-singledetail-eventinfo\">\n<div class=\"zn-singledetail-eventinfo-inner\">\n<div class=\"zn-singledetail-eventdates\">\n\t\t\t\t\t\t<span class=\"zn-singledetail-label\">Dates de l\u2019\u00e9v\u00e9nement<span class=\"doubledot\"><\/span><\/span><\/p>\n<ul class=\"zn-singledetail-eventdates-list\">\n<li class=\"zn-singledetail-eventdates-item\">\n\t\t\t\t\t\t\t\tDu 24\/03\/2022 au 25\/03\/2022\t\t\t\t\t\t\t<\/li>\n<\/ul><\/div>\n<p class=\"zn-singledetail-eventplace\">\n\t\t\t\t\t\t<span class=\"zn-singledetail-label\">Lieu de l\u2019\u00e9v\u00e9nement<span class=\"doubledot\"><\/span><\/span><br \/>\n\t\t\t\t\t\t<span class=\"zn-singledetail-eventplace-adr\"><br \/>\n\t\t\t\t\t\t\t\t\t\t\t\t<span class=\"adr-name\">Conf\u00e9rence hybride (formats en pr\u00e9sentiel et \u00e0 distance)<\/span>,<\/p>\n<p>\t\t\t\t\t\t\t\t\t\t\t\t<span class=\"adr-place\">University of Pittsburgh<\/span>,<\/p>\n<p>\t\t\t\t\t\t<\/span>\t\t\t\t\t<\/p>\n<\/p><\/div>\n<\/p><\/div>\n<div class=\"zn-singledetail-annonce wig-content\">\n<p>La d\u00e9claration pr\u00e9monitoire de Marshall McLuhan &#8211; \u201cle m\u00e9dium constitue le message m\u00eame\u201d \u2013 f\u00eate ses soixante ans. L\u2019\u00e8re dans laquelle nous vivons est rythm\u00e9e par des flux incessants de textes, d\u2019images, de sons, transmis et consomm\u00e9s via un \u00e9ventail de plateformes. Ces nouveaux m\u00e9dias cr\u00e9ent des r\u00e9seaux, connectent des communaut\u00e9s, mais les polarisent \u00e9galement en manipulant et en d\u00e9formant les discours. Comment des formes \u201ctraditionnelles\u201d de production culturelle (litt\u00e9rature, art, film) repr\u00e9sentent-elles l\u2019essor des r\u00e9seaux sociaux et des nouvelles technologies&#160;? Comment les diff\u00e9rents m\u00e9dias (le livre papier, les \u0153uvres visuelles, num\u00e9riques et audiovisuelles) influencent-ils les d\u00e9bats autour de la race, le genre, la sexualit\u00e9, la migration, la nationalit\u00e9 et l\u2019environnement&#160;?<\/p>\n<p>Nous accueillons les propositions d\u2019intervention sur les litt\u00e9ratures d\u2019expression fran\u00e7aise, ainsi que le cin\u00e9ma, la bande dessin\u00e9e, le th\u00e9\u00e2tre, la musique, la danse, la photographie et les autres arts visuels. Nous encourageons \u00e9galement les soumissions qui s\u2019inscrivent dans le cadre interdisciplinaire de notre recherche et notre enseignement \u00e0 l\u2019Universit\u00e9 de Pittsburgh&#160;: genres et sexualit\u00e9s, nation\/transnation, environnement, film et m\u00e9dia. Enfin, du fait que la pand\u00e9mie de COVID-19 a boulevers\u00e9 notre travail acad\u00e9mique, nous organisons une conf\u00e9rence hybride, en incluant des formats envisag\u00e9s pour \u00eatre adapt\u00e9s en pr\u00e9sentiel ou \u00e0 distance. En suivant ce format, nous invitons les propositions qui repensent nos m\u00e9thodes pour conduire et partager la recherche, en particulier dans le cadre des nouvelles technologies. La conf\u00e9rence hybride inclut aussi des sessions pour les \u00e9tudiants sous-gradu\u00e9s&#160;; des pr\u00e9sentations flash sur l\u2019enseignement et la recherche acad\u00e9mique&#160;; des sessions sur l\u2019\u00e9dition, y compris une table ronde virtuelle et des ateliers avec les responsables \u00e9ditoriaux&#160;; et des \u201cmixers\u201d virtuels pour les participants, selon leurs champs d\u2019int\u00e9r\u00eats.<\/p>\n<p>Nous encourageons les propositions individuelles et les panels. En plus des domaines mentionn\u00e9s ci-dessus, le comit\u00e9 organisateur s\u2019int\u00e9resse particuli\u00e8rement, mais non exclusivement, aux propositions portant sur les th\u00e8mes suivants&#160;:<\/p>\n<ul>\n<li>Les m\u00e9dias et les actualit\u00e9s, les m\u00e9dias nationaux, les m\u00e9dias francophones<\/li>\n<li>La race, le racisme, l&rsquo;antiracisme<\/li>\n<li>Les relations sociales et de classe&#160;; l\u2019in\u00e9galit\u00e9 et la pr\u00e9carit\u00e9<\/li>\n<li>Crises, conflits, et guerre&#160;; l\u2019humanitaire<\/li>\n<li>Le n\u00e9olib\u00e9ralisme&#160;; les march\u00e9s&#160;; l\u2019argent<\/li>\n<li>Les migrations&#160;; les fronti\u00e8res&#160;; la s\u00e9curit\u00e9<\/li>\n<li>La mat\u00e9rialit\u00e9&#160;; les archives<\/li>\n<li>L\u2019affect et l\u2019\u00e9motion<\/li>\n<li>Le r\u00e9chauffement climatique&#160;; l\u2019Anthropoc\u00e8ne<\/li>\n<li>Espaces urbains et ruraux<\/li>\n<li>Vitesse, v\u00e9locit\u00e9, acc\u00e9l\u00e9ration<\/li>\n<\/ul>\n<p>Des propositions individuelles ou d<strong>es sessions compl\u00e8tes portant sur les \u0153uvres de nos conferencier(\u00e8res) en s\u00e9ance pl\u00e9ni\u00e8re (Micha\u00ebl Ferrier, Jessica Oubli\u00e9, Yves Citton, et Kaiama Glover<\/strong>) sont aussi les bienvenues.<\/p>\n<p>Les propositions de communication individuelles (250 mots et une br\u00e8ve bio-bibliographie) et les panels complets (vivement encourag\u00e9es, 500 mots et de courtes bios) peuvent \u00eatre soumises en anglais ou en fran\u00e7ais par e-mail \u00e0 l\u2019adresse&#160;: <a href=\"mailto:FFSC2022@pitt.edu\">FFSC2022@pitt.edu<\/a> avant le 15 septembre 2021.<\/p>\n<p><strong>N.B. Si votre proposition est accept\u00e9e, veuillez indiquer votre participation \u201cen pr\u00e9sentiel\u201d ou \u201cvirtuelle.\u201d<\/strong><\/p>\n<p>\u201cRencontre avec l\u2019auteur.e\u201d<\/p>\n<p>Auriez-vous un livre \u00e0 para\u00eetre ou r\u00e9cemment publi\u00e9 (une monographie ou un volume collectif) se rattachant au sujet de la conf\u00e9rence&#160;? Souhaitez-vous accueillir ou participer \u00e0 une discussion sur votre livre&#160;? Parmi les divers formats envisag\u00e9s pour la conf\u00e9rence, nous organiserons huit \u00e0 dix s\u00e9ances de \u201crencontre avec l&rsquo;auteur.e,\u201d chacune de 90 minutes. Nous vous invitons \u00e0 soumettre une br\u00e8ve description de votre livre ainsi qu&rsquo;une biographie (200 mots au total), en anglais ou en fran\u00e7ais par e-mail \u00e0 l&rsquo;adresse&#160;:\u00a0<a href=\"mailto:FFSC2022@pitt.edu\">FFSC2022@pitt.edu<\/a>\u00a0<strong>avant le 30 ao\u00fbt 2021 (prolong\u00e9 au 15 Sept)<\/strong>.<\/p>\n<\/p><\/div>\n<div class=\"zn-singledetail-keywords\">\n<h3 class=\"zn-singledetail-section-title\">Mots-cl\u00e9s<\/h3>\n<ul class=\"termslist termslist-post_tag\">\n<li class=\"termslist-item termslist-title\"><span class=\"termslist-titletxt\">Mots-cl\u00e9s<\/span><span class=\"doubledot\"><\/span><\/li>\n<li class=\"termslist-item tax-post_tag term-media\"><a class=\"termslist-itemlink\" href=\"https:\/\/www.sfsic.org\/tag\/media\/\" title=\"m\u00e9dia\"><span class=\"termslist-itemname\">m\u00e9dia<\/span><\/a><\/li>\n<\/ul><\/div>\n<\/p><\/div>\n<\/p><\/div>\n<\/p><\/div>\n<\/p><\/div>\n<\/div>\n<p><!-- \/fxzn:singledetail --><\/p>\n","protected":false},"excerpt":{"rendered":"<p>Mis en ligne le 24 ao\u00fbt 2021 Th\u00e9matiques Images, cin\u00e9ma, m\u00e9dias audiovisuels et industries culturelles M\u00e9dias et journalisme R\u00e9ponse attendue pour le 15\/09\/2021 Type de r\u00e9ponse R\u00e9sum\u00e9 Type d\u2019\u00e9v\u00e9nement Colloque [&hellip;]<\/p>\n","protected":false},"author":781,"featured_media":0,"comment_status":"closed","ping_status":"closed","sticky":false,"template":"","format":"standard","meta":{"_acf_changed":false,"footnotes":""},"categories":[29,57],"tags":[46],"thematique":[35,34],"sfsic":[],"class_list":["post-19463","post","type-post","status-publish","format-standard","hentry","category-aac-evenement","category-colloque","tag-media","thematique-images-cinema-medias-audiovisuels-et-industries-culturelles","thematique-medias-et-journalisme","wp-sticky"],"acf":[],"yoast_head":"<!-- This site is optimized with the Yoast SEO plugin v27.4 - https:\/\/yoast.com\/product\/yoast-seo-wordpress\/ -->\n<title>M\u00e9dia<\/title>\n<meta name=\"description\" content=\"Appel \u00e0 communication pour le Colloque International des \u00c9tudes Fran\u00e7aises et Francophones du XXe et XXIe si\u00e8cles qui traite de la th\u00e9matique &quot;M\u00e9dia&quot;.\" \/>\n<meta name=\"robots\" content=\"index, follow, max-snippet:-1, max-image-preview:large, max-video-preview:-1\" \/>\n<link rel=\"canonical\" href=\"https:\/\/www.sfsic.org\/en\/aac-evenement\/media\/\" \/>\n<meta property=\"og:locale\" content=\"en_US\" \/>\n<meta property=\"og:type\" content=\"article\" \/>\n<meta property=\"og:title\" content=\"M\u00e9dia\" \/>\n<meta property=\"og:description\" content=\"Appel \u00e0 communication pour le Colloque International des \u00c9tudes Fran\u00e7aises et Francophones du XXe et XXIe si\u00e8cles qui traite de la th\u00e9matique &quot;M\u00e9dia&quot;.\" \/>\n<meta property=\"og:url\" content=\"https:\/\/www.sfsic.org\/en\/aac-evenement\/media\/\" \/>\n<meta property=\"og:site_name\" content=\"SFSIC\" \/>\n<meta property=\"article:published_time\" content=\"2021-08-24T19:49:40+00:00\" \/>\n<meta name=\"author\" content=\"Axelle Martin\" \/>\n<meta name=\"twitter:card\" content=\"summary_large_image\" \/>\n<script type=\"application\/ld+json\" class=\"yoast-schema-graph\">{\"@context\":\"https:\\\/\\\/schema.org\",\"@graph\":[{\"@type\":\"Article\",\"@id\":\"https:\\\/\\\/www.sfsic.org\\\/en\\\/aac-evenement\\\/media\\\/#article\",\"isPartOf\":{\"@id\":\"https:\\\/\\\/www.sfsic.org\\\/en\\\/aac-evenement\\\/media\\\/\"},\"author\":{\"name\":\"Axelle Martin\",\"@id\":\"https:\\\/\\\/www.sfsic.org\\\/en\\\/#\\\/schema\\\/person\\\/d3606993477708f4359fb9aeda58df3b\"},\"headline\":\"M\u00e9dia\",\"datePublished\":\"2021-08-24T19:49:40+00:00\",\"mainEntityOfPage\":{\"@id\":\"https:\\\/\\\/www.sfsic.org\\\/en\\\/aac-evenement\\\/media\\\/\"},\"wordCount\":723,\"publisher\":{\"@id\":\"https:\\\/\\\/www.sfsic.org\\\/en\\\/#organization\"},\"keywords\":[\"m\u00e9dia\"],\"articleSection\":[\"AAC \u00c9v\u00e9nement\",\"Colloque\"],\"inLanguage\":\"en-US\"},{\"@type\":\"WebPage\",\"@id\":\"https:\\\/\\\/www.sfsic.org\\\/en\\\/aac-evenement\\\/media\\\/\",\"url\":\"https:\\\/\\\/www.sfsic.org\\\/en\\\/aac-evenement\\\/media\\\/\",\"name\":\"M\u00e9dia\",\"isPartOf\":{\"@id\":\"https:\\\/\\\/www.sfsic.org\\\/en\\\/#website\"},\"datePublished\":\"2021-08-24T19:49:40+00:00\",\"description\":\"Appel \u00e0 communication pour le Colloque International des \u00c9tudes Fran\u00e7aises et Francophones du XXe et XXIe si\u00e8cles qui traite de la th\u00e9matique \\\"M\u00e9dia\\\".\",\"breadcrumb\":{\"@id\":\"https:\\\/\\\/www.sfsic.org\\\/en\\\/aac-evenement\\\/media\\\/#breadcrumb\"},\"inLanguage\":\"en-US\",\"potentialAction\":[{\"@type\":\"ReadAction\",\"target\":[\"https:\\\/\\\/www.sfsic.org\\\/en\\\/aac-evenement\\\/media\\\/\"]}]},{\"@type\":\"BreadcrumbList\",\"@id\":\"https:\\\/\\\/www.sfsic.org\\\/en\\\/aac-evenement\\\/media\\\/#breadcrumb\",\"itemListElement\":[{\"@type\":\"ListItem\",\"position\":1,\"name\":\"Accueil\",\"item\":\"https:\\\/\\\/www.sfsic.org\\\/en\\\/\"},{\"@type\":\"ListItem\",\"position\":2,\"name\":\"Calls for Contributions\",\"item\":\"https:\\\/\\\/www.sfsic.org\\\/en\\\/cfc-event\\\/\"},{\"@type\":\"ListItem\",\"position\":3,\"name\":\"Conference\",\"item\":\"https:\\\/\\\/www.sfsic.org\\\/en\\\/cfc-event\\\/conference\\\/\"},{\"@type\":\"ListItem\",\"position\":4,\"name\":\"M\u00e9dia\"}]},{\"@type\":\"WebSite\",\"@id\":\"https:\\\/\\\/www.sfsic.org\\\/en\\\/#website\",\"url\":\"https:\\\/\\\/www.sfsic.org\\\/en\\\/\",\"name\":\"SFSIC\",\"description\":\"Soci\u00e9t\u00e9 Fran\u00e7aise des Sciences de l&#039;Information &amp; de la Communication\",\"publisher\":{\"@id\":\"https:\\\/\\\/www.sfsic.org\\\/en\\\/#organization\"},\"potentialAction\":[{\"@type\":\"SearchAction\",\"target\":{\"@type\":\"EntryPoint\",\"urlTemplate\":\"https:\\\/\\\/www.sfsic.org\\\/en\\\/?s={search_term_string}\"},\"query-input\":{\"@type\":\"PropertyValueSpecification\",\"valueRequired\":true,\"valueName\":\"search_term_string\"}}],\"inLanguage\":\"en-US\"},{\"@type\":\"Organization\",\"@id\":\"https:\\\/\\\/www.sfsic.org\\\/en\\\/#organization\",\"name\":\"SFSIC\",\"url\":\"https:\\\/\\\/www.sfsic.org\\\/en\\\/\",\"logo\":{\"@type\":\"ImageObject\",\"inLanguage\":\"en-US\",\"@id\":\"https:\\\/\\\/www.sfsic.org\\\/en\\\/#\\\/schema\\\/logo\\\/image\\\/\",\"url\":\"https:\\\/\\\/www.sfsic.org\\\/wp-inside\\\/uploads\\\/2020\\\/05\\\/logo-sfsic.jpg\",\"contentUrl\":\"https:\\\/\\\/www.sfsic.org\\\/wp-inside\\\/uploads\\\/2020\\\/05\\\/logo-sfsic.jpg\",\"width\":1085,\"height\":1080,\"caption\":\"SFSIC\"},\"image\":{\"@id\":\"https:\\\/\\\/www.sfsic.org\\\/en\\\/#\\\/schema\\\/logo\\\/image\\\/\"}},{\"@type\":\"Person\",\"@id\":\"https:\\\/\\\/www.sfsic.org\\\/en\\\/#\\\/schema\\\/person\\\/d3606993477708f4359fb9aeda58df3b\",\"name\":\"Axelle Martin\",\"image\":{\"@type\":\"ImageObject\",\"inLanguage\":\"en-US\",\"@id\":\"https:\\\/\\\/secure.gravatar.com\\\/avatar\\\/1065035eb5e480668fbf77e163c2e86f81ac342eaad4c8783acdf4a63f3c917b?s=96&d=mm&r=g\",\"url\":\"https:\\\/\\\/secure.gravatar.com\\\/avatar\\\/1065035eb5e480668fbf77e163c2e86f81ac342eaad4c8783acdf4a63f3c917b?s=96&d=mm&r=g\",\"contentUrl\":\"https:\\\/\\\/secure.gravatar.com\\\/avatar\\\/1065035eb5e480668fbf77e163c2e86f81ac342eaad4c8783acdf4a63f3c917b?s=96&d=mm&r=g\",\"caption\":\"Axelle Martin\"},\"sameAs\":[\"@antropocominside\"]}]}<\/script>\n<!-- \/ Yoast SEO plugin. -->","yoast_head_json":{"title":"M\u00e9dia","description":"Appel \u00e0 communication pour le Colloque International des \u00c9tudes Fran\u00e7aises et Francophones du XXe et XXIe si\u00e8cles qui traite de la th\u00e9matique \"M\u00e9dia\".","robots":{"index":"index","follow":"follow","max-snippet":"max-snippet:-1","max-image-preview":"max-image-preview:large","max-video-preview":"max-video-preview:-1"},"canonical":"https:\/\/www.sfsic.org\/en\/aac-evenement\/media\/","og_locale":"en_US","og_type":"article","og_title":"M\u00e9dia","og_description":"Appel \u00e0 communication pour le Colloque International des \u00c9tudes Fran\u00e7aises et Francophones du XXe et XXIe si\u00e8cles qui traite de la th\u00e9matique \"M\u00e9dia\".","og_url":"https:\/\/www.sfsic.org\/en\/aac-evenement\/media\/","og_site_name":"SFSIC","article_published_time":"2021-08-24T19:49:40+00:00","author":"Axelle Martin","twitter_card":"summary_large_image","schema":{"@context":"https:\/\/schema.org","@graph":[{"@type":"Article","@id":"https:\/\/www.sfsic.org\/en\/aac-evenement\/media\/#article","isPartOf":{"@id":"https:\/\/www.sfsic.org\/en\/aac-evenement\/media\/"},"author":{"name":"Axelle Martin","@id":"https:\/\/www.sfsic.org\/en\/#\/schema\/person\/d3606993477708f4359fb9aeda58df3b"},"headline":"M\u00e9dia","datePublished":"2021-08-24T19:49:40+00:00","mainEntityOfPage":{"@id":"https:\/\/www.sfsic.org\/en\/aac-evenement\/media\/"},"wordCount":723,"publisher":{"@id":"https:\/\/www.sfsic.org\/en\/#organization"},"keywords":["m\u00e9dia"],"articleSection":["AAC \u00c9v\u00e9nement","Colloque"],"inLanguage":"en-US"},{"@type":"WebPage","@id":"https:\/\/www.sfsic.org\/en\/aac-evenement\/media\/","url":"https:\/\/www.sfsic.org\/en\/aac-evenement\/media\/","name":"M\u00e9dia","isPartOf":{"@id":"https:\/\/www.sfsic.org\/en\/#website"},"datePublished":"2021-08-24T19:49:40+00:00","description":"Appel \u00e0 communication pour le Colloque International des \u00c9tudes Fran\u00e7aises et Francophones du XXe et XXIe si\u00e8cles qui traite de la th\u00e9matique \"M\u00e9dia\".","breadcrumb":{"@id":"https:\/\/www.sfsic.org\/en\/aac-evenement\/media\/#breadcrumb"},"inLanguage":"en-US","potentialAction":[{"@type":"ReadAction","target":["https:\/\/www.sfsic.org\/en\/aac-evenement\/media\/"]}]},{"@type":"BreadcrumbList","@id":"https:\/\/www.sfsic.org\/en\/aac-evenement\/media\/#breadcrumb","itemListElement":[{"@type":"ListItem","position":1,"name":"Accueil","item":"https:\/\/www.sfsic.org\/en\/"},{"@type":"ListItem","position":2,"name":"Calls for Contributions","item":"https:\/\/www.sfsic.org\/en\/cfc-event\/"},{"@type":"ListItem","position":3,"name":"Conference","item":"https:\/\/www.sfsic.org\/en\/cfc-event\/conference\/"},{"@type":"ListItem","position":4,"name":"M\u00e9dia"}]},{"@type":"WebSite","@id":"https:\/\/www.sfsic.org\/en\/#website","url":"https:\/\/www.sfsic.org\/en\/","name":"SFSIC","description":"Soci\u00e9t\u00e9 Fran\u00e7aise des Sciences de l&#039;Information &amp; de la Communication","publisher":{"@id":"https:\/\/www.sfsic.org\/en\/#organization"},"potentialAction":[{"@type":"SearchAction","target":{"@type":"EntryPoint","urlTemplate":"https:\/\/www.sfsic.org\/en\/?s={search_term_string}"},"query-input":{"@type":"PropertyValueSpecification","valueRequired":true,"valueName":"search_term_string"}}],"inLanguage":"en-US"},{"@type":"Organization","@id":"https:\/\/www.sfsic.org\/en\/#organization","name":"SFSIC","url":"https:\/\/www.sfsic.org\/en\/","logo":{"@type":"ImageObject","inLanguage":"en-US","@id":"https:\/\/www.sfsic.org\/en\/#\/schema\/logo\/image\/","url":"https:\/\/www.sfsic.org\/wp-inside\/uploads\/2020\/05\/logo-sfsic.jpg","contentUrl":"https:\/\/www.sfsic.org\/wp-inside\/uploads\/2020\/05\/logo-sfsic.jpg","width":1085,"height":1080,"caption":"SFSIC"},"image":{"@id":"https:\/\/www.sfsic.org\/en\/#\/schema\/logo\/image\/"}},{"@type":"Person","@id":"https:\/\/www.sfsic.org\/en\/#\/schema\/person\/d3606993477708f4359fb9aeda58df3b","name":"Axelle Martin","image":{"@type":"ImageObject","inLanguage":"en-US","@id":"https:\/\/secure.gravatar.com\/avatar\/1065035eb5e480668fbf77e163c2e86f81ac342eaad4c8783acdf4a63f3c917b?s=96&d=mm&r=g","url":"https:\/\/secure.gravatar.com\/avatar\/1065035eb5e480668fbf77e163c2e86f81ac342eaad4c8783acdf4a63f3c917b?s=96&d=mm&r=g","contentUrl":"https:\/\/secure.gravatar.com\/avatar\/1065035eb5e480668fbf77e163c2e86f81ac342eaad4c8783acdf4a63f3c917b?s=96&d=mm&r=g","caption":"Axelle Martin"},"sameAs":["@antropocominside"]}]}},"_links":{"self":[{"href":"https:\/\/www.sfsic.org\/en\/wp-json\/wp\/v2\/posts\/19463","targetHints":{"allow":["GET"]}}],"collection":[{"href":"https:\/\/www.sfsic.org\/en\/wp-json\/wp\/v2\/posts"}],"about":[{"href":"https:\/\/www.sfsic.org\/en\/wp-json\/wp\/v2\/types\/post"}],"author":[{"embeddable":true,"href":"https:\/\/www.sfsic.org\/en\/wp-json\/wp\/v2\/users\/781"}],"replies":[{"embeddable":true,"href":"https:\/\/www.sfsic.org\/en\/wp-json\/wp\/v2\/comments?post=19463"}],"version-history":[{"count":2,"href":"https:\/\/www.sfsic.org\/en\/wp-json\/wp\/v2\/posts\/19463\/revisions"}],"predecessor-version":[{"id":19465,"href":"https:\/\/www.sfsic.org\/en\/wp-json\/wp\/v2\/posts\/19463\/revisions\/19465"}],"wp:attachment":[{"href":"https:\/\/www.sfsic.org\/en\/wp-json\/wp\/v2\/media?parent=19463"}],"wp:term":[{"taxonomy":"category","embeddable":true,"href":"https:\/\/www.sfsic.org\/en\/wp-json\/wp\/v2\/categories?post=19463"},{"taxonomy":"post_tag","embeddable":true,"href":"https:\/\/www.sfsic.org\/en\/wp-json\/wp\/v2\/tags?post=19463"},{"taxonomy":"thematique","embeddable":true,"href":"https:\/\/www.sfsic.org\/en\/wp-json\/wp\/v2\/thematique?post=19463"},{"taxonomy":"sfsic","embeddable":true,"href":"https:\/\/www.sfsic.org\/en\/wp-json\/wp\/v2\/sfsic?post=19463"}],"curies":[{"name":"wp","href":"https:\/\/api.w.org\/{rel}","templated":true}]}}