{"id":19355,"date":"2021-07-26T14:27:07","date_gmt":"2021-07-26T12:27:07","guid":{"rendered":"https:\/\/www.sfsic.org\/?p=19355"},"modified":"2021-07-25T18:36:13","modified_gmt":"2021-07-25T16:36:13","slug":"agir-ensemble-dans-lenseignement-superieur-enjeux-et-perspectives","status":"publish","type":"post","link":"https:\/\/www.sfsic.org\/en\/aac-evenement\/agir-ensemble-dans-lenseignement-superieur-enjeux-et-perspectives\/","title":{"rendered":"Agir ensemble dans l&#8217;enseignement sup\u00e9rieur : enjeux et perspectives"},"content":{"rendered":"<p><!-- fxzn:singledetail --><\/p>\n<div class=\"zone zn-singledetail\" id=\"fxzn-singledetail-1\">\n<div class=\"zone-block zn-singledetail-block alignwide va-top\">\n<div class=\"row\">\n<div class=\"columns large-8 large-push-4\">\n<div class=\"zn-singledetail-metabox\">\n<div class=\"zn-singledetail-pubdate pubdate\">\n\t\t\t\t\t<span class=\"pubdate-txt\">Mis en ligne le<\/span><span class=\"doubledot\"><\/span> 25 juillet 2021\t\t\t\t<\/div>\n<p class=\"zn-singledetail-calenda-info\">\n\t\t\t\t\t\tInformations \u00e9dit\u00e9es \u00e0 partir d\u2019une annonce <a class=\"calenda-link prettylink\" href=\"https:\/\/calenda.org\/899909\" target=\"_blank\" rel=\"noopener\"><strong>Calenda<\/strong><\/a>.\t\t\t\t\t<\/p>\n<div class=\"zn-singledetail-thematiques with-sep-comma\">\n<ul class=\"termslist termslist-thematique\">\n<li class=\"termslist-item termslist-title\"><span class=\"termslist-titletxt\">Th\u00e9matiques<\/span><span class=\"doubledot\"><\/span><\/li>\n<li class=\"termslist-item tax-thematique term-mediation-des-savoirs-education-et-formation\"><a class=\"termslist-itemlink\" href=\"https:\/\/www.sfsic.org\/en\/thematiques\/knowledge-mediation-education-and-training\/\" title=\"M\u00e9diation des savoirs, \u00e9ducation et formation\"><span class=\"termslist-itemname\">M\u00e9diation des savoirs, \u00e9ducation et formation<\/span><\/a><\/li>\n<li class=\"termslist-item tax-thematique term-organisation-des-connaissances\"><a class=\"termslist-itemlink\" href=\"https:\/\/www.sfsic.org\/en\/thematiques\/knowledge-organisation\/\" title=\"Organisation des connaissances\"><span class=\"termslist-itemname\">Organisation des connaissances<\/span><\/a><\/li>\n<\/ul><\/div>\n<\/p><\/div>\n<\/p><\/div>\n<\/p><\/div>\n<div class=\"row\">\n<div class=\"columns large-4\">\n<div class=\"zn-singledetail-sidebar bg-cornersquares\">\n<div class=\"zn-singledetail-infos\">\n<p class=\"zn-singledetail-reponse-date\">\n\t\t\t\t\t\t<span>R\u00e9ponse attendue pour le<\/span><span class=\"doubledot\"><\/span> <strong>15\/10\/2021<\/strong>\n\t\t\t\t\t<\/p>\n<p class=\"zn-singledetail-reponse-type\">\n\t\t\t\t\t<span>Type de r\u00e9ponse<\/span><span class=\"doubledot\"><\/span> <strong>R\u00e9sum\u00e9<\/strong>\n\t\t\t\t\t<\/p>\n<p class=\"zn-singledetail-type\">\n\t\t\t\t\t\t\t<span>Type d\u2019\u00e9v\u00e9nement<\/span><span class=\"doubledot\"><\/span> <strong>Colloque<\/strong>\n\t\t\t\t\t<\/p>\n<\/p><\/div>\n<div class=\"zn-singledetail-contacts\">\n<h3 class=\"zn-singledetail-section-title\">Contacts<\/h3>\n<ul class=\"zn-singledetail-contacts-list\">\n<li class=\"zn-singledetail-contact\">\n\t\t\t\t\t\t\t<span class=\"zn-singledetail-contact-name\">Genevi\u00e8ve Lameul<\/span><span class=\"doubledot\"><\/span><br \/>\n\t\t\t\t\t\t\t\t\t\t\t\t\t\t<a class=\"zn-singledetail-contact-mail prettylink\" href=\"mailto:genevieve.lameul@univ-rennes2.fr\">genevieve.lameul@univ-rennes2.fr<\/a>\n\t\t\t\t\t\t\t\t\t\t\t\t\t<\/li>\n<\/ul><\/div>\n<div class=\"zn-singledetail-weblinks\">\n<h3 class=\"zn-singledetail-section-title\">Sites internet de r\u00e9f\u00e9rence<\/h3>\n<ul class=\"zn-singledetail-weblinks-list\">\n<li>\n\t\t\t\t\t\t\t<a class=\"prettylink chainlink\" href=\"https:\/\/www.aipu2022.fr\/\" title=\"32\u00e8me Congr\u00e8s de l\u2019Association Internationale de P\u00e9dagogie Universitaire (AIPU)\" target=\"_blank\" rel=\"noopener\">32\u00e8me Congr\u00e8s de l\u2019Association Internationale de P\u00e9dagogie Universitaire (AIPU)<\/a>\n\t\t\t\t\t\t<\/li>\n<\/ul><\/div>\n<\/p><\/div>\n<\/p><\/div>\n<div class=\"columns large-8\">\n<div class=\"zn-singledetail-contentbox\">\n<div class=\"zn-singledetail-eventinfo\">\n<div class=\"zn-singledetail-eventinfo-inner\">\n<div class=\"zn-singledetail-eventdates\">\n\t\t\t\t\t\t<span class=\"zn-singledetail-label\">Dates de l\u2019\u00e9v\u00e9nement<span class=\"doubledot\"><\/span><\/span><\/p>\n<ul class=\"zn-singledetail-eventdates-list\">\n<li class=\"zn-singledetail-eventdates-item\">\n\t\t\t\t\t\t\t\tDu 30\/05\/2022 au 03\/06\/2022\t\t\t\t\t\t\t<\/li>\n<\/ul><\/div>\n<p class=\"zn-singledetail-eventplace\">\n\t\t\t\t\t\t<span class=\"zn-singledetail-label\">Lieu de l\u2019\u00e9v\u00e9nement<span class=\"doubledot\"><\/span><\/span><br \/>\n\t\t\t\t\t\t<span class=\"zn-singledetail-eventplace-adr\"><\/p>\n<p>\t\t\t\t\t\t\t\t\t\t\t\t<span class=\"adr-place\">Universit\u00e9 Rennes 2 et EHESP <\/span>,<\/p>\n<p>\t\t\t\t\t\t<span class=\"adr-city\">Rennes<\/span>\t\t\t\t\t\t<span class=\"adr-cp\">35<\/span>, <span class=\"adr-country\">France<\/span><br \/>\n\t\t\t\t\t\t<\/span>\t\t\t\t\t<\/p>\n<\/p><\/div>\n<\/p><\/div>\n<div class=\"zn-singledetail-annonce wig-content\">\n<h2>Argumentaire<\/h2>\n<p>De plus en plus d\u2019\u00e9v\u00e9nements (crises \u00e9conomiques, \u00e9cologiques, sanitaires, etc.) viennent bouleverser et questionner l\u2019avenir de notre monde. L\u2019actuelle crise socio-sanitaire due \u00e0 la Covid-19 montre \u00e0 quel point nos syst\u00e8mes \u00e9conomiques, sociaux et \u00e9ducatifs peuvent s\u2019en trouver \u00e9branl\u00e9s. Les acteurs du monde de l\u2019\u00e9ducation et de la formation ne peuvent rester \u00e9trangers \u00e0 ces transformations. Celles-ci nous questionnent sur l\u2019acc\u00e8s \u00e0 l\u2019\u00e9ducation, les contenus et modalit\u00e9s d\u2019enseignements et sur le sens d\u2019une \u00e9ducation \u00e9tendue \u00e0 l\u2019analyse critique et distanci\u00e9e des ph\u00e9nom\u00e8nes qui traversent nos soci\u00e9t\u00e9s. Comment l\u2019enseignement sup\u00e9rieur peut-il \u00eatre le lieu de cette \u00e9ducation pour tous&#160;?<\/p>\n<p>Les \u00e9ditions ant\u00e9rieures du congr\u00e8s AIPU ont successivement apport\u00e9 des \u00e9l\u00e9ments de r\u00e9flexion\u2013 qu\u2019il s\u2019agisse du questionnement sur ses valeurs (juin 2016 \u2013 Lausanne, Suisse), sur sa pertinence (mai 2018 \u2013 Cotonou, B\u00e9nin) ou plus r\u00e9cemment de la red\u00e9finition de l\u2019exp\u00e9rience d\u2019apprentissage lors du 31\u00e8me congr\u00e8s de l\u2019AIPU \u00ab&#160;Red\u00e9finir l&rsquo;exp\u00e9rience d&rsquo;enseignement et d&rsquo;apprentissage. Osons l&rsquo;avenir&#160;\u00bb pr\u00e9vu \u00e0 Laval (Qu\u00e9bec) en mai 2020. Si ce dernier congr\u00e8s n\u2019a pu se tenir en raison de la crise sanitaire mondiale, il a initi\u00e9 une r\u00e9flexion qui reste d\u2019actualit\u00e9, et m\u00eame l\u2019est plus encore \u00e0 l\u2019heure o\u00f9 nous \u00e9crivons ces mots en pleine pand\u00e9mie. Cons\u00e9quemment et s\u2019inscrivant dans la continuit\u00e9 de ces r\u00e9flexions &#8211; ainsi que dans celles engag\u00e9es au niveau de la section France &#8211; relatives \u00e0 l\u2019avenir de l\u2019enseignement sup\u00e9rieur, le comit\u00e9 scientifique du 32\u00e8me congr\u00e8s AIPU 2022 s\u2019appuie sur le constat de nos coll\u00e8gues qu\u00e9b\u00e9cois \u00ab&#160;Perm\u00e9able aux avanc\u00e9es et besoins de la soci\u00e9t\u00e9, l\u2019enseignement sup\u00e9rieur est en perp\u00e9tuel mouvement&#160;\u00bb&#160;: il propose de passer de \u00ab&#160;oser&#160;\u00bb \u00e0 \u00ab&#160;agir&#160;\u00bb et plus sp\u00e9cifiquement \u00ab&#160;agir ensemble&#160;\u00bb.<\/p>\n<p>En effet, on assiste au sein de la soci\u00e9t\u00e9 en g\u00e9n\u00e9ral au d\u00e9veloppement d\u2019un \u00ab&#160;agir ensemble&#160;\u00bb et ce dans de nombreux syst\u00e8mes (politiques, \u00e9conomiques, sociaux, \u00e9ducatifs, etc.) et \u00e0 divers niveaux (micro, m\u00e9so, macro). L\u2019enseignement sup\u00e9rieur n\u2019y \u00e9chappe pas et on constate depuis quelques ann\u00e9es que se d\u00e9veloppe un \u00ab&#160;agir ensemble&#160;\u00bb dans le cadre -et au service de- la p\u00e9dagogie universitaire. Cependant cet \u00ab&#160;agir ensemble&#160;\u00bb dans l\u2019\u00e9ducatif, s\u2019il est fr\u00e9quemment mobilis\u00e9 est peu explicit\u00e9, illustr\u00e9 et document\u00e9. Le congr\u00e8s AIPU 2022 invitera \u00e0 poser un regard attentif sur cette notion.<\/p>\n<p>L\u2019objectif principal du congr\u00e8s, au prisme des recherches sur l&rsquo;enseignement sup\u00e9rieur et des exp\u00e9riences de terrain, sera de questionner sur les plans \u00e9pist\u00e9mologique, m\u00e9thodologique, axiologique et pragmatique, les dimensions, les temporalit\u00e9s, les potentialit\u00e9s et les tensions de cet \u00ab&#160;agir ensemble&#160;\u00bb entre les diff\u00e9rents acteurs au service des mouvements de l\u2019enseignement sup\u00e9rieur visant \u00e0 r\u00e9pondre \u00e0 cette n\u00e9cessaire \u00e9ducation \u00e0 laquelle nous croyons\/adh\u00e9rons.<\/p>\n<p>Au-del\u00e0 d\u2019une r\u00e9ponse \u00e0 la crise qui impacte aujourd\u2019hui nos activit\u00e9s, l\u2019enjeu est de se projeter dans une transformation durable pour r\u00e9pondre \u00e0 l\u2019\u00e9volution des besoins et des attentes des apprenants et des enseignants, et plus globalement de la soci\u00e9t\u00e9.<\/p>\n<p>Les travaux pr\u00e9sent\u00e9s dans le cadre du 32\u00e8me congr\u00e8s de l\u2019AIPU viseront \u00e0 apporter des regards crois\u00e9s sur la complexit\u00e9 et la pluralit\u00e9 de l\u2019\u00ab&#160;agir ensemble&#160;\u00bb dans l\u2019enseignement sup\u00e9rieur et sur le comment se cr\u00e9ent les conditions du faire et du vivre ensemble\u00a0 sous diff\u00e9rents angles&#160;:<\/p>\n<h2>La notion d\u2019\u00ab&#160;agir ensemble&#160;\u00bb comme objet d\u2019\u00e9tude<\/h2>\n<p>Ce premier angle d\u2019analyse de la th\u00e9matique du congr\u00e8s entend contribuer \u00e0 circonscrire, pr\u00e9ciser, stabiliser la notion en contribuant \u00e0 sa d\u00e9finition en compr\u00e9hension (explicitation des attributs) et\/ou sa d\u00e9finition en extension (les objets, concepts et courants auxquels elle se rattache ou s\u2019applique). Cette mise en ordre du r\u00e9el ambitionne d\u2019identifier les dimensions \u00e9pist\u00e9mologique et axiologique qui sous-tendent l\u2019\u00ab&#160;agir ensemble&#160;\u00bb dans le champ de l\u2019enseignement sup\u00e9rieur. Pourront par exemple \u00eatre abord\u00e9s ici&#160;: les concepts et cadres th\u00e9oriques explicatifs des m\u00e9canismes de fonctionnement, conditions et contraintes&#160;; les proximit\u00e9s de sens avec les notions de\u00a0 coop\u00e9ration, collaboration ou partenariat si souvent utilis\u00e9es en p\u00e9dagogie de l\u2019enseignement sup\u00e9rieur&#160;; les contextes pluriels&#160;; les acteurs, leurs conceptions, leurs gestes et leurs engagements&#160;; les approches, mod\u00e8les et outils&#160;; les perspectives de d\u00e9ploiement de l\u2019\u00ab&#160;agir ensemble&#160;\u00bb dans le monde de demain&#160;; etc.<\/p>\n<h2>Les modes d\u2019\u00ab&#160;agir ensemble&#160;\u00bb<\/h2>\n<p>Ce deuxi\u00e8me angle d\u2019analyse vise \u00e0 contribuer \u00e0 documenter le \u00ab&#160;comment\u00a0 agir ensemble&#160;\u00bb. Ces modes de relation et de travail pourraient \u00eatre document\u00e9s dans plusieurs champs de l\u2019enseignement sup\u00e9rieur&#160;: celui de la pratique d\u2019enseignement, celui de l\u2019apprentissage \u00e9tudiant, celui de l\u2019accompagnement de l\u2019\u00ab&#160;agir ensemble&#160;\u00bb, ainsi que celui de la recherche en \u00e9ducation. Pourront par exemple \u00eatre abord\u00e9s ici&#160;: les modes de fonctionnement d\u00e9velopp\u00e9s&#160;; leur organisation&#160;; la place, les r\u00f4les et les interactions entre les diff\u00e9rents acteurs (internes\/externes&#160;; individuels\/collectifs&#160;; individuels\/institutionnels)&#160;; les conditions (techniques, humaines et sociales)&#160;; les enjeux, tensions et accords (individuels\/collectifs)&#160;; etc. Ces modes d\u2019\u00ab&#160;agir ensemble&#160;\u00bb pourront \u00eatre \u00e9tudi\u00e9s dans diff\u00e9rentes situations et environnements de formation&#160;: cr\u00e9ation de dispositifs de formation, d\u2019accompagnement, de gestion de parcours&#160;;\u00a0\u00a0 r\u00e9ponses sp\u00e9cifiques aux perturbations actuelles et \u00e0 venir&#160;; appui \u00e0 l\u2019am\u00e9lioration continue de la qualit\u00e9 des enseignements-apprentissages&#160;; accompagnement \u00e0 l\u2019\u00e9valuation des dispositifs et des pratiques&#160;; formation et usages \u00ab&#160;open\/ouvert&#160;\u00bb du num\u00e9rique, etc. Enfin l\u2019\u00ab&#160;agir ensemble&#160;\u00bb sera questionn\u00e9 de la m\u00eame mani\u00e8re dans les pratiques de recherche, par exemple autour des recherches collaborative, participative, recherche-action, ou encore de l\u2019ing\u00e9nierie coop\u00e9rative, la d\u00e9marche de SOTL (scholarship of teachning and learning), etc.<\/p>\n<h2>Le d\u00e9veloppement des acteurs de la p\u00e9dagogie de l\u2019enseignement sup\u00e9rieur pour et dans l\u2019\u00ab&#160;agir ensemble&#160;\u00bb<\/h2>\n<p>Le troisi\u00e8me angle d\u2019analyse questionne plus particuli\u00e8rement les acteurs (enseignants, \u00e9tudiants, chercheurs, accompagnateurs p\u00e9dagogiques, gouvernance, responsables politique, etc.) et les comp\u00e9tences qu\u2019ils sollicitent et\/ou d\u00e9veloppent en situation d\u2019\u00ab&#160;agir ensemble&#160;\u00bb. Il invite \u00e0 examiner comment ce mode de travail et de communication est mobilis\u00e9 par les diff\u00e9rentes cat\u00e9gories d\u2019acteurs et comment ce mode d\u2019entr\u00e9e en relation avec l\u2019autre est porteur de transformations personnelles, professionnelles et institutionnelles. Pourront par exemple \u00eatre abord\u00e9s ici&#160;: le d\u00e9veloppement personnel et\/ou collectif des acteurs du champ de la p\u00e9dagogie de l\u2019enseignement sup\u00e9rieur pour et dans l\u2019\u00ab&#160;agir ensemble&#160;\u00bb&#160;;\u00a0 la dynamique collective induite par\/pour l\u2019\u00ab&#160;agir ensemble&#160;\u00bb&#160;; les m\u00e9tiers et fonctions, leurs apports, transformations ou encore leur \u00e9mergence&#160;; etc.<\/p>\n<h2>Les politiques et strat\u00e9gies de l\u2019\u00ab&#160;agir ensemble&#160;\u00bb<\/h2>\n<p>Enfin le quatri\u00e8me angle d\u2019analyse s\u2019int\u00e9resse aux politiques en lien avec l\u2019\u00ab&#160;agir ensemble&#160;\u00bb et \u00e0 leurs d\u00e9clinaisons strat\u00e9giques. Il invite \u00e0 examiner la notion \u00e0 partir de ses aspects politiques, soci\u00e9taux, \u00e9conomiques, organisationnels et techniques. \u00a0Pourront par exemple \u00eatre abord\u00e9s ici&#160;: les politiques et leurs vis\u00e9es\/finalit\u00e9s comme leur programme et niveau de d\u00e9ploiement&#160;; les strat\u00e9gies et leurs moyens&#160;; les acteurs politiques&#160;; les contextes (locaux, nationaux, internationaux et supra-nationaux)&#160;; les dimensions (professionnalisation, inclusion, internationalisation et flexibilisation des formations universitaires)&#160;; les dynamiques culturelle et interculturelle&#160;; les croisements et maillages&#160;; etc.<\/p>\n<p>Ces diff\u00e9rentes entr\u00e9es (\u00e9pist\u00e9mologiques, prax\u00e9ologiques, strat\u00e9giques et politiques) dans la th\u00e9matique de l\u2019\u00ab&#160;agir ensemble&#160;\u00bb sont \u00e9videmment inter-reli\u00e9es. Toutefois, pour faciliter les regroupements n\u00e9cessaires \u00e0 la constitution du programme, les contributeurs sont invit\u00e9s \u00e0 choisir prioritairement l\u2019un de ces angles et \u00e0 bien identifier les mots-cl\u00e9s correspondant \u00e0 leur projet de communication au sein du congr\u00e8s AIPU 2022.<\/p>\n<h2>Modalit\u00e9s de contribution<\/h2>\n<h3>Proposition de symposium<\/h3>\n<p>Les contributions d\u2019un symposium sont articul\u00e9es autour d\u2019une probl\u00e9matique commune et associ\u00e9es \u00e0 l\u2019un des quatre axes du congr\u00e8s. Au cours du symposium, 3 \u00e0 5 communications de diff\u00e9rents intervenants se succ\u00e8dent sur un m\u00eame th\u00e8me ou enjeu, en laissant une place aux questions et discussions avec les congressistes.<\/p>\n<p>D\u00e9roul\u00e9&#160;: 180 minutes au total&#160;: Pour chaque communication associ\u00e9e&#160;: 20 minutes de pr\u00e9sentation + 10 minutes de discussion. Un propos introductif et une cl\u00f4ture est \u00e0 pr\u00e9voir par l&rsquo;\u00e9quipe du symposium.<\/p>\n<p><strong>Modalit\u00e9s de d\u00e9p\u00f4t&#160;:<\/strong><\/p>\n<ul>\n<li>R\u00e9sum\u00e9 court en fran\u00e7ais explicitant le texte de cadrage du symposium en\u00a0 500 mots maximum + 1 r\u00e9sum\u00e9 court de 500 mots maximum dans une autre langue<\/li>\n<li>Texte complet 2000 mots maximum (5 r\u00e9f\u00e9rences bibliographiques maximum)<\/li>\n<li>1 discutant nomm\u00e9 par les d\u00e9posants<\/li>\n<li>3 communications minimum (5 maximum) de deux institutions diff\u00e9rentes minimum<\/li>\n<li>Chaque communication qui compose le symposium peut \u00eatre propos\u00e9e par un ou plusieurs auteurs (max. 5).<\/li>\n<li>Les communications sont soumis aux r\u00e8gles de d\u00e9p\u00f4ts des communications individuelles explicit\u00e9s ci-dessus<\/li>\n<li>les r\u00e9sum\u00e9s de toutes les communications qui seront pr\u00e9sent\u00e9es dans le cadre du symposium doivent \u00eatre d\u00e9pos\u00e9s au moment de la proposition d\u2019un symposium sur le site Internet du congr\u00e8s<\/li>\n<li>5 mots-cl\u00e9s maximum, pour le cadrage du symposium, choisis parmi ceux propos\u00e9s par le comit\u00e9 scientifique<\/li>\n<\/ul>\n<h3>Propositions de Co-Lab&#160;: Atelier contributif et d&rsquo;exp\u00e9rimentation<\/h3>\n<p><strong>Description&#160;:<\/strong> autour d\u2019un enjeu en lien avec le th\u00e8me et l\u2019un des quatre axes du congr\u00e8s, les auteurs de l\u2019atelier proposeront aux participants de vivre une exp\u00e9rimentation p\u00e9dagogique puis de contribuer \u00e0 un premier feedback dont les r\u00e9sultats pourront ensuite \u00eatre diffus\u00e9s durant ou apr\u00e8s le congr\u00e8s<\/p>\n<p>D\u00e9roul\u00e9&#160;: 120 minutes.<\/p>\n<p><strong>Modalit\u00e9s de d\u00e9p\u00f4t&#160;:<\/strong><\/p>\n<ul>\n<li>R\u00e9sum\u00e9 court en fran\u00e7ais explicitant l\u2019atelier en\u00a0 500 mots maximum + 1 r\u00e9sum\u00e9 court de 500 mots maximum dans une autre langue<\/li>\n<li>Texte complet 2000 mots maximum (5 r\u00e9f\u00e9rences bibliographiques maximum)<\/li>\n<li>5 mots-cl\u00e9s maximum choisis parmi ceux propos\u00e9s par le comit\u00e9 scientifique<\/li>\n<\/ul>\n<h3>Propositions I-Lab&#160;: Boostez votre initiative p\u00e9dagogique&#160;!<\/h3>\n<p><strong>Description&#160;:<\/strong> vous avez d\u2019ores et d\u00e9j\u00e0 \u00e9prouv\u00e9 une initiative p\u00e9dagogique dont vous \u00eates l\u2019auteur et vous souhaiter l\u2019\u00e9valuer pour la modifier, la faire \u00e9voluer \u00e0 partir de vos premiers r\u00e9sultats&#160;? N\u2019h\u00e9sitez pas \u00e0 la pr\u00e9senter et vous serez accompagn\u00e9 avec m\u00e9thode\u00a0 pour la questionner collectivement puis fabriquer avec les congressistes des rep\u00e8res d&rsquo;actions afin de lui donner un nouvel \u00e9lan&#160;!<\/p>\n<p>D\u00e9roul\u00e9&#160;: 120min d\u2019atelier afin de faire vivre l\u2019\/les\/la<\/p>\n<ul>\n<li>Explicitation de la situation entre l\u2019auteur et le groupe<\/li>\n<li>Identification de dimensions d\u2019\u00e9valuations par\u00a0 l\u2019auteur<\/li>\n<li>Propositions par le groupe<\/li>\n<li>Synth\u00e8se et choix des propositions par l\u2019auteur<\/li>\n<li>Synth\u00e8se et choix pour soi<\/li>\n<\/ul>\n<p><strong>Modalit\u00e9s de d\u00e9p\u00f4t&#160;:<\/strong><\/p>\n<ul>\n<li>R\u00e9sum\u00e9 court en fran\u00e7ais explicitant l\u2019initiative p\u00e9dagogique en\u00a0 500 mots maximum + 1 r\u00e9sum\u00e9 court de 500 mots maximum dans une autre langue<\/li>\n<li>Texte complet 2000 mots maximum (5 r\u00e9f\u00e9rences bibliographiques maximum)<\/li>\n<li>5 mots-cl\u00e9s maximum choisis parmi ceux propos\u00e9s par le comit\u00e9 scientifique<\/li>\n<\/ul>\n<h3>Propositions de communication individuelle<\/h3>\n<p><strong>Description&#160;:<\/strong> pr\u00e9sentation avec support visuel, suivie d\u2019une br\u00e8ve p\u00e9riode d\u2019\u00e9change avec les congressistes. Au cours d\u2019une s\u00e9ance th\u00e9matique de 90 minutes dans laquelle seront regroup\u00e9es 3 communications individuelles (le regroupement th\u00e9matique sera effectu\u00e9 par le comit\u00e9 scientifique).<\/p>\n<p>D\u00e9roul\u00e9&#160;: 30 minutes au total&#160;: 20 minutes de pr\u00e9sentation + 10 minutes de discussion.<\/p>\n<p><strong>Modalit\u00e9s de d\u00e9p\u00f4t&#160;:<\/strong><\/p>\n<ul>\n<li>R\u00e9sum\u00e9 court de 500 mots maximum en fran\u00e7ais + 1 r\u00e9sum\u00e9 court de 500 mots maximum dans une autre langue<\/li>\n<li>Texte complet 2000 mots maximum (5 r\u00e9f\u00e9rences bibliographiques maximum)<\/li>\n<li>5 mots-cl\u00e9s maximum choisis parmi ceux propos\u00e9s par le comit\u00e9 scientifique<\/li>\n<li>Un m\u00eame auteur ne peut d\u00e9poser plus de 3 communications individuelles en premier auteur<\/li>\n<li><strong>Date limite&#160;: 15 octobre 2021<\/strong><\/li>\n<\/ul>\n<h2>Comit\u00e9 d&rsquo;organisation<\/h2>\n<ul>\n<li>Genevi\u00e8ve Lameul, Universit\u00e9 Rennes 2<\/li>\n<li>Jo\u00eblle Demougeot-Lebel, Universit\u00e9 de Bourgogne<\/li>\n<li>Arnold Magdelaine, Universit\u00e9 de Nantes<\/li>\n<li>Marthe-Aline Jutand, Universit\u00e9 de Bordeaux<\/li>\n<li>Franck Bertucat, Universit\u00e9 Catholique de Lyon<\/li>\n<li>Viviane Boutin, Universit\u00e9 d\u2019Artois<\/li>\n<li>Lionel Husson, Centrale Sup\u00e9lec, Universit\u00e9 Paris-Saclay<\/li>\n<li>Simon Zingaretti, Universit\u00e9 de Strasbourg<\/li>\n<li>Elsa Chusseau, Universit\u00e9 Rennes 2<\/li>\n<li>Wiliam Harang, \u00c9cole des Hautes \u00c9tudes en Sant\u00e9 Publique<\/li>\n<li>Nathalie Debski, Universit\u00e9 Angers<\/li>\n<li>Karine Thepot Caudan, Universit\u00e9 de Bretagne Occidentale<\/li>\n<li>Philippe Lalle, Universit\u00e9 Claude Bernard, Lyon 1<\/li>\n<li>Julien Douady, Universit\u00e9 Grenoble Alpes<\/li>\n<li>Amaury Daele, Haute \u00c9cole P\u00e9dagogique Vaud&#160;; AIPU international (CAI)<\/li>\n<\/ul>\n<h2>Comit\u00e9 scientifique<\/h2>\n<ul>\n<li>Genevi\u00e8ve Lameul, Universit\u00e9 Rennes 2 (FR)<\/li>\n<li>Jo\u00eblle Demougeot-Lebel, Universit\u00e9 de Bourgogne (FR)<\/li>\n<li>Elzbieta Sanojca, Universit\u00e9 de Strasbourg (FR)<\/li>\n<li>Emmanuelle Annoot, Universit\u00e9 de Rouen Normandie (FR)<\/li>\n<li>Catherine Archieri,Universit\u00e9 de Brest Occidentale (FR)<\/li>\n<li>Mariane Frenay, Universit\u00e9 Catholique de Louvain (BEL)<\/li>\n<li>Philippe Parmentier, Universit\u00e9 Catholique de Louvain (BEL)<\/li>\n<li>Grace Neville, University College Cork (IRL)<\/li>\n<li>Christelle Lison, Universit\u00e9 de Sherbrooke (CA)&#160;; AIPU international (CAI)<\/li>\n<li>Bernadette Charlier, Universit\u00e9 de Fribourg (CH)<\/li>\n<li>Emmanuel Sylvestre, Universit\u00e9 de Lausanne CH)<\/li>\n<li>Christine Ferron, F\u00e9d\u00e9ration nationale d\u2019\u00e9ducation et de promotion de la sant\u00e9 (Fnes) (FR)<\/li>\n<\/ul><\/div>\n<div class=\"zn-singledetail-keywords\">\n<h3 class=\"zn-singledetail-section-title\">Mots-cl\u00e9s<\/h3>\n<ul class=\"termslist termslist-post_tag\">\n<li class=\"termslist-item termslist-title\"><span class=\"termslist-titletxt\">Mots-cl\u00e9s<\/span><span class=\"doubledot\"><\/span><\/li>\n<li class=\"termslist-item tax-post_tag term-enseignement-superieur\"><a class=\"termslist-itemlink\" href=\"https:\/\/www.sfsic.org\/en\/tag\/higher-education\/\" title=\"Enseignement sup\u00e9rieur\"><span class=\"termslist-itemname\">Enseignement sup\u00e9rieur<\/span><\/a><\/li>\n<li class=\"termslist-item tax-post_tag term-pedagogie\"><a class=\"termslist-itemlink\" href=\"https:\/\/www.sfsic.org\/en\/tag\/pedagogie\/\" title=\"P\u00e9dagogie\"><span class=\"termslist-itemname\">P\u00e9dagogie<\/span><\/a><\/li>\n<\/ul><\/div>\n<\/p><\/div>\n<\/p><\/div>\n<\/p><\/div>\n<\/p><\/div>\n<\/div>\n<p><!-- \/fxzn:singledetail --><\/p>\n","protected":false},"excerpt":{"rendered":"<p>Mis en ligne le 25 juillet 2021 Informations \u00e9dit\u00e9es \u00e0 partir d\u2019une annonce Calenda. Th\u00e9matiques M\u00e9diation des savoirs, \u00e9ducation et formation Organisation des connaissances R\u00e9ponse attendue pour le 15\/10\/2021 Type [&hellip;]<\/p>\n","protected":false},"author":781,"featured_media":0,"comment_status":"closed","ping_status":"closed","sticky":false,"template":"","format":"standard","meta":{"_acf_changed":false,"footnotes":""},"categories":[29,57],"tags":[426,452],"thematique":[43,42],"sfsic":[],"class_list":["post-19355","post","type-post","status-publish","format-standard","hentry","category-aac-evenement","category-colloque","tag-enseignement-superieur","tag-pedagogie","thematique-mediation-des-savoirs-education-et-formation","thematique-organisation-des-connaissances","wp-sticky"],"acf":[],"yoast_head":"<!-- This site is optimized with the Yoast SEO plugin v27.4 - https:\/\/yoast.com\/product\/yoast-seo-wordpress\/ -->\n<title>Agir ensemble dans l&#039;enseignement sup\u00e9rieur : enjeux et perspectives<\/title>\n<meta name=\"description\" content=\"L\u2019Association internationale de p\u00e9dagogie universitaire (AIPU) lance un appel \u00e0 contribution pour son XXXIIe congr\u00e8s sur le th\u00e8me &quot;Agir ensemble dans l&#039;enseignement sup\u00e9rieur : enjeux et perspectives&quot;.\" \/>\n<meta name=\"robots\" content=\"index, follow, max-snippet:-1, max-image-preview:large, max-video-preview:-1\" \/>\n<link rel=\"canonical\" href=\"https:\/\/www.sfsic.org\/en\/aac-evenement\/agir-ensemble-dans-lenseignement-superieur-enjeux-et-perspectives\/\" \/>\n<meta property=\"og:locale\" content=\"en_US\" \/>\n<meta property=\"og:type\" content=\"article\" \/>\n<meta property=\"og:title\" content=\"Agir ensemble dans l&#039;enseignement sup\u00e9rieur : enjeux et perspectives\" \/>\n<meta property=\"og:description\" content=\"L\u2019Association internationale de p\u00e9dagogie universitaire (AIPU) lance un appel \u00e0 contribution pour son XXXIIe congr\u00e8s sur le th\u00e8me &quot;Agir ensemble dans l&#039;enseignement sup\u00e9rieur : enjeux et perspectives&quot;.\" \/>\n<meta property=\"og:url\" content=\"https:\/\/www.sfsic.org\/en\/aac-evenement\/agir-ensemble-dans-lenseignement-superieur-enjeux-et-perspectives\/\" \/>\n<meta property=\"og:site_name\" content=\"SFSIC\" \/>\n<meta property=\"article:published_time\" content=\"2021-07-26T12:27:07+00:00\" \/>\n<meta name=\"author\" content=\"Axelle Martin\" \/>\n<meta name=\"twitter:card\" content=\"summary_large_image\" \/>\n<script type=\"application\/ld+json\" class=\"yoast-schema-graph\">{\"@context\":\"https:\\\/\\\/schema.org\",\"@graph\":[{\"@type\":\"Article\",\"@id\":\"https:\\\/\\\/www.sfsic.org\\\/en\\\/aac-evenement\\\/agir-ensemble-dans-lenseignement-superieur-enjeux-et-perspectives\\\/#article\",\"isPartOf\":{\"@id\":\"https:\\\/\\\/www.sfsic.org\\\/en\\\/aac-evenement\\\/agir-ensemble-dans-lenseignement-superieur-enjeux-et-perspectives\\\/\"},\"author\":{\"name\":\"Axelle Martin\",\"@id\":\"https:\\\/\\\/www.sfsic.org\\\/en\\\/#\\\/schema\\\/person\\\/d3606993477708f4359fb9aeda58df3b\"},\"headline\":\"Agir ensemble dans l&#8217;enseignement sup\u00e9rieur : enjeux et perspectives\",\"datePublished\":\"2021-07-26T12:27:07+00:00\",\"mainEntityOfPage\":{\"@id\":\"https:\\\/\\\/www.sfsic.org\\\/en\\\/aac-evenement\\\/agir-ensemble-dans-lenseignement-superieur-enjeux-et-perspectives\\\/\"},\"wordCount\":2277,\"publisher\":{\"@id\":\"https:\\\/\\\/www.sfsic.org\\\/en\\\/#organization\"},\"keywords\":[\"Enseignement sup\u00e9rieur\",\"P\u00e9dagogie\"],\"articleSection\":[\"AAC \u00c9v\u00e9nement\",\"Colloque\"],\"inLanguage\":\"en-US\"},{\"@type\":\"WebPage\",\"@id\":\"https:\\\/\\\/www.sfsic.org\\\/en\\\/aac-evenement\\\/agir-ensemble-dans-lenseignement-superieur-enjeux-et-perspectives\\\/\",\"url\":\"https:\\\/\\\/www.sfsic.org\\\/en\\\/aac-evenement\\\/agir-ensemble-dans-lenseignement-superieur-enjeux-et-perspectives\\\/\",\"name\":\"Agir ensemble dans l'enseignement sup\u00e9rieur : enjeux et perspectives\",\"isPartOf\":{\"@id\":\"https:\\\/\\\/www.sfsic.org\\\/en\\\/#website\"},\"datePublished\":\"2021-07-26T12:27:07+00:00\",\"description\":\"L\u2019Association internationale de p\u00e9dagogie universitaire (AIPU) lance un appel \u00e0 contribution pour son XXXIIe congr\u00e8s sur le th\u00e8me \\\"Agir ensemble dans l'enseignement sup\u00e9rieur : enjeux et perspectives\\\".\",\"breadcrumb\":{\"@id\":\"https:\\\/\\\/www.sfsic.org\\\/en\\\/aac-evenement\\\/agir-ensemble-dans-lenseignement-superieur-enjeux-et-perspectives\\\/#breadcrumb\"},\"inLanguage\":\"en-US\",\"potentialAction\":[{\"@type\":\"ReadAction\",\"target\":[\"https:\\\/\\\/www.sfsic.org\\\/en\\\/aac-evenement\\\/agir-ensemble-dans-lenseignement-superieur-enjeux-et-perspectives\\\/\"]}]},{\"@type\":\"BreadcrumbList\",\"@id\":\"https:\\\/\\\/www.sfsic.org\\\/en\\\/aac-evenement\\\/agir-ensemble-dans-lenseignement-superieur-enjeux-et-perspectives\\\/#breadcrumb\",\"itemListElement\":[{\"@type\":\"ListItem\",\"position\":1,\"name\":\"Accueil\",\"item\":\"https:\\\/\\\/www.sfsic.org\\\/en\\\/\"},{\"@type\":\"ListItem\",\"position\":2,\"name\":\"Calls for Contributions\",\"item\":\"https:\\\/\\\/www.sfsic.org\\\/en\\\/cfc-event\\\/\"},{\"@type\":\"ListItem\",\"position\":3,\"name\":\"Conference\",\"item\":\"https:\\\/\\\/www.sfsic.org\\\/en\\\/cfc-event\\\/conference\\\/\"},{\"@type\":\"ListItem\",\"position\":4,\"name\":\"Agir ensemble dans l&rsquo;enseignement sup\u00e9rieur&#160;: enjeux et perspectives\"}]},{\"@type\":\"WebSite\",\"@id\":\"https:\\\/\\\/www.sfsic.org\\\/en\\\/#website\",\"url\":\"https:\\\/\\\/www.sfsic.org\\\/en\\\/\",\"name\":\"SFSIC\",\"description\":\"Soci\u00e9t\u00e9 Fran\u00e7aise des Sciences de l&#039;Information &amp; de la Communication\",\"publisher\":{\"@id\":\"https:\\\/\\\/www.sfsic.org\\\/en\\\/#organization\"},\"potentialAction\":[{\"@type\":\"SearchAction\",\"target\":{\"@type\":\"EntryPoint\",\"urlTemplate\":\"https:\\\/\\\/www.sfsic.org\\\/en\\\/?s={search_term_string}\"},\"query-input\":{\"@type\":\"PropertyValueSpecification\",\"valueRequired\":true,\"valueName\":\"search_term_string\"}}],\"inLanguage\":\"en-US\"},{\"@type\":\"Organization\",\"@id\":\"https:\\\/\\\/www.sfsic.org\\\/en\\\/#organization\",\"name\":\"SFSIC\",\"url\":\"https:\\\/\\\/www.sfsic.org\\\/en\\\/\",\"logo\":{\"@type\":\"ImageObject\",\"inLanguage\":\"en-US\",\"@id\":\"https:\\\/\\\/www.sfsic.org\\\/en\\\/#\\\/schema\\\/logo\\\/image\\\/\",\"url\":\"https:\\\/\\\/www.sfsic.org\\\/wp-inside\\\/uploads\\\/2020\\\/05\\\/logo-sfsic.jpg\",\"contentUrl\":\"https:\\\/\\\/www.sfsic.org\\\/wp-inside\\\/uploads\\\/2020\\\/05\\\/logo-sfsic.jpg\",\"width\":1085,\"height\":1080,\"caption\":\"SFSIC\"},\"image\":{\"@id\":\"https:\\\/\\\/www.sfsic.org\\\/en\\\/#\\\/schema\\\/logo\\\/image\\\/\"}},{\"@type\":\"Person\",\"@id\":\"https:\\\/\\\/www.sfsic.org\\\/en\\\/#\\\/schema\\\/person\\\/d3606993477708f4359fb9aeda58df3b\",\"name\":\"Axelle Martin\",\"image\":{\"@type\":\"ImageObject\",\"inLanguage\":\"en-US\",\"@id\":\"https:\\\/\\\/secure.gravatar.com\\\/avatar\\\/1065035eb5e480668fbf77e163c2e86f81ac342eaad4c8783acdf4a63f3c917b?s=96&d=mm&r=g\",\"url\":\"https:\\\/\\\/secure.gravatar.com\\\/avatar\\\/1065035eb5e480668fbf77e163c2e86f81ac342eaad4c8783acdf4a63f3c917b?s=96&d=mm&r=g\",\"contentUrl\":\"https:\\\/\\\/secure.gravatar.com\\\/avatar\\\/1065035eb5e480668fbf77e163c2e86f81ac342eaad4c8783acdf4a63f3c917b?s=96&d=mm&r=g\",\"caption\":\"Axelle Martin\"},\"sameAs\":[\"@antropocominside\"]}]}<\/script>\n<!-- \/ Yoast SEO plugin. -->","yoast_head_json":{"title":"Agir ensemble dans l'enseignement sup\u00e9rieur : enjeux et perspectives","description":"L\u2019Association internationale de p\u00e9dagogie universitaire (AIPU) lance un appel \u00e0 contribution pour son XXXIIe congr\u00e8s sur le th\u00e8me \"Agir ensemble dans l'enseignement sup\u00e9rieur : enjeux et perspectives\".","robots":{"index":"index","follow":"follow","max-snippet":"max-snippet:-1","max-image-preview":"max-image-preview:large","max-video-preview":"max-video-preview:-1"},"canonical":"https:\/\/www.sfsic.org\/en\/aac-evenement\/agir-ensemble-dans-lenseignement-superieur-enjeux-et-perspectives\/","og_locale":"en_US","og_type":"article","og_title":"Agir ensemble dans l'enseignement sup\u00e9rieur : enjeux et perspectives","og_description":"L\u2019Association internationale de p\u00e9dagogie universitaire (AIPU) lance un appel \u00e0 contribution pour son XXXIIe congr\u00e8s sur le th\u00e8me \"Agir ensemble dans l'enseignement sup\u00e9rieur : enjeux et perspectives\".","og_url":"https:\/\/www.sfsic.org\/en\/aac-evenement\/agir-ensemble-dans-lenseignement-superieur-enjeux-et-perspectives\/","og_site_name":"SFSIC","article_published_time":"2021-07-26T12:27:07+00:00","author":"Axelle Martin","twitter_card":"summary_large_image","schema":{"@context":"https:\/\/schema.org","@graph":[{"@type":"Article","@id":"https:\/\/www.sfsic.org\/en\/aac-evenement\/agir-ensemble-dans-lenseignement-superieur-enjeux-et-perspectives\/#article","isPartOf":{"@id":"https:\/\/www.sfsic.org\/en\/aac-evenement\/agir-ensemble-dans-lenseignement-superieur-enjeux-et-perspectives\/"},"author":{"name":"Axelle Martin","@id":"https:\/\/www.sfsic.org\/en\/#\/schema\/person\/d3606993477708f4359fb9aeda58df3b"},"headline":"Agir ensemble dans l&#8217;enseignement sup\u00e9rieur : enjeux et perspectives","datePublished":"2021-07-26T12:27:07+00:00","mainEntityOfPage":{"@id":"https:\/\/www.sfsic.org\/en\/aac-evenement\/agir-ensemble-dans-lenseignement-superieur-enjeux-et-perspectives\/"},"wordCount":2277,"publisher":{"@id":"https:\/\/www.sfsic.org\/en\/#organization"},"keywords":["Enseignement sup\u00e9rieur","P\u00e9dagogie"],"articleSection":["AAC \u00c9v\u00e9nement","Colloque"],"inLanguage":"en-US"},{"@type":"WebPage","@id":"https:\/\/www.sfsic.org\/en\/aac-evenement\/agir-ensemble-dans-lenseignement-superieur-enjeux-et-perspectives\/","url":"https:\/\/www.sfsic.org\/en\/aac-evenement\/agir-ensemble-dans-lenseignement-superieur-enjeux-et-perspectives\/","name":"Agir ensemble dans l'enseignement sup\u00e9rieur : enjeux et perspectives","isPartOf":{"@id":"https:\/\/www.sfsic.org\/en\/#website"},"datePublished":"2021-07-26T12:27:07+00:00","description":"L\u2019Association internationale de p\u00e9dagogie universitaire (AIPU) lance un appel \u00e0 contribution pour son XXXIIe congr\u00e8s sur le th\u00e8me \"Agir ensemble dans l'enseignement sup\u00e9rieur : enjeux et perspectives\".","breadcrumb":{"@id":"https:\/\/www.sfsic.org\/en\/aac-evenement\/agir-ensemble-dans-lenseignement-superieur-enjeux-et-perspectives\/#breadcrumb"},"inLanguage":"en-US","potentialAction":[{"@type":"ReadAction","target":["https:\/\/www.sfsic.org\/en\/aac-evenement\/agir-ensemble-dans-lenseignement-superieur-enjeux-et-perspectives\/"]}]},{"@type":"BreadcrumbList","@id":"https:\/\/www.sfsic.org\/en\/aac-evenement\/agir-ensemble-dans-lenseignement-superieur-enjeux-et-perspectives\/#breadcrumb","itemListElement":[{"@type":"ListItem","position":1,"name":"Accueil","item":"https:\/\/www.sfsic.org\/en\/"},{"@type":"ListItem","position":2,"name":"Calls for Contributions","item":"https:\/\/www.sfsic.org\/en\/cfc-event\/"},{"@type":"ListItem","position":3,"name":"Conference","item":"https:\/\/www.sfsic.org\/en\/cfc-event\/conference\/"},{"@type":"ListItem","position":4,"name":"Agir ensemble dans l&rsquo;enseignement sup\u00e9rieur&#160;: enjeux et perspectives"}]},{"@type":"WebSite","@id":"https:\/\/www.sfsic.org\/en\/#website","url":"https:\/\/www.sfsic.org\/en\/","name":"SFSIC","description":"Soci\u00e9t\u00e9 Fran\u00e7aise des Sciences de l&#039;Information &amp; de la Communication","publisher":{"@id":"https:\/\/www.sfsic.org\/en\/#organization"},"potentialAction":[{"@type":"SearchAction","target":{"@type":"EntryPoint","urlTemplate":"https:\/\/www.sfsic.org\/en\/?s={search_term_string}"},"query-input":{"@type":"PropertyValueSpecification","valueRequired":true,"valueName":"search_term_string"}}],"inLanguage":"en-US"},{"@type":"Organization","@id":"https:\/\/www.sfsic.org\/en\/#organization","name":"SFSIC","url":"https:\/\/www.sfsic.org\/en\/","logo":{"@type":"ImageObject","inLanguage":"en-US","@id":"https:\/\/www.sfsic.org\/en\/#\/schema\/logo\/image\/","url":"https:\/\/www.sfsic.org\/wp-inside\/uploads\/2020\/05\/logo-sfsic.jpg","contentUrl":"https:\/\/www.sfsic.org\/wp-inside\/uploads\/2020\/05\/logo-sfsic.jpg","width":1085,"height":1080,"caption":"SFSIC"},"image":{"@id":"https:\/\/www.sfsic.org\/en\/#\/schema\/logo\/image\/"}},{"@type":"Person","@id":"https:\/\/www.sfsic.org\/en\/#\/schema\/person\/d3606993477708f4359fb9aeda58df3b","name":"Axelle Martin","image":{"@type":"ImageObject","inLanguage":"en-US","@id":"https:\/\/secure.gravatar.com\/avatar\/1065035eb5e480668fbf77e163c2e86f81ac342eaad4c8783acdf4a63f3c917b?s=96&d=mm&r=g","url":"https:\/\/secure.gravatar.com\/avatar\/1065035eb5e480668fbf77e163c2e86f81ac342eaad4c8783acdf4a63f3c917b?s=96&d=mm&r=g","contentUrl":"https:\/\/secure.gravatar.com\/avatar\/1065035eb5e480668fbf77e163c2e86f81ac342eaad4c8783acdf4a63f3c917b?s=96&d=mm&r=g","caption":"Axelle Martin"},"sameAs":["@antropocominside"]}]}},"_links":{"self":[{"href":"https:\/\/www.sfsic.org\/en\/wp-json\/wp\/v2\/posts\/19355","targetHints":{"allow":["GET"]}}],"collection":[{"href":"https:\/\/www.sfsic.org\/en\/wp-json\/wp\/v2\/posts"}],"about":[{"href":"https:\/\/www.sfsic.org\/en\/wp-json\/wp\/v2\/types\/post"}],"author":[{"embeddable":true,"href":"https:\/\/www.sfsic.org\/en\/wp-json\/wp\/v2\/users\/781"}],"replies":[{"embeddable":true,"href":"https:\/\/www.sfsic.org\/en\/wp-json\/wp\/v2\/comments?post=19355"}],"version-history":[{"count":5,"href":"https:\/\/www.sfsic.org\/en\/wp-json\/wp\/v2\/posts\/19355\/revisions"}],"predecessor-version":[{"id":19361,"href":"https:\/\/www.sfsic.org\/en\/wp-json\/wp\/v2\/posts\/19355\/revisions\/19361"}],"wp:attachment":[{"href":"https:\/\/www.sfsic.org\/en\/wp-json\/wp\/v2\/media?parent=19355"}],"wp:term":[{"taxonomy":"category","embeddable":true,"href":"https:\/\/www.sfsic.org\/en\/wp-json\/wp\/v2\/categories?post=19355"},{"taxonomy":"post_tag","embeddable":true,"href":"https:\/\/www.sfsic.org\/en\/wp-json\/wp\/v2\/tags?post=19355"},{"taxonomy":"thematique","embeddable":true,"href":"https:\/\/www.sfsic.org\/en\/wp-json\/wp\/v2\/thematique?post=19355"},{"taxonomy":"sfsic","embeddable":true,"href":"https:\/\/www.sfsic.org\/en\/wp-json\/wp\/v2\/sfsic?post=19355"}],"curies":[{"name":"wp","href":"https:\/\/api.w.org\/{rel}","templated":true}]}}