{"id":19289,"date":"2021-07-26T09:38:33","date_gmt":"2021-07-26T07:38:33","guid":{"rendered":"https:\/\/www.sfsic.org\/?p=19289"},"modified":"2021-07-25T18:39:18","modified_gmt":"2021-07-25T16:39:18","slug":"i-symposium-international-de-cinema-et-analyse-filmique","status":"publish","type":"post","link":"https:\/\/www.sfsic.org\/en\/aac-evenement\/i-symposium-international-de-cinema-et-analyse-filmique\/","title":{"rendered":"I Symposium international de cin\u00e9ma et analyse filmique"},"content":{"rendered":"<p><!-- fxzn:singledetail --><\/p>\n<div class=\"zone zn-singledetail\" id=\"fxzn-singledetail-1\">\n<div class=\"zone-block zn-singledetail-block alignwide va-top\">\n<div class=\"row\">\n<div class=\"columns large-8 large-push-4\">\n<div class=\"zn-singledetail-metabox\">\n<div class=\"zn-singledetail-pubdate pubdate\">\n\t\t\t\t\t<span class=\"pubdate-txt\">Mis en ligne le<\/span><span class=\"doubledot\"><\/span> 16 juillet 2021\t\t\t\t<\/div>\n<p class=\"zn-singledetail-calenda-info\">\n\t\t\t\t\t\tInformations \u00e9dit\u00e9es \u00e0 partir d\u2019une annonce <a class=\"calenda-link prettylink\" href=\"https:\/\/calenda.org\/896003\" target=\"_blank\" rel=\"noopener\"><strong>Calenda<\/strong><\/a>.\t\t\t\t\t<\/p>\n<div class=\"zn-singledetail-thematiques with-sep-comma\">\n<ul class=\"termslist termslist-thematique\">\n<li class=\"termslist-item termslist-title\"><span class=\"termslist-titletxt\">Th\u00e9matiques<\/span><span class=\"doubledot\"><\/span><\/li>\n<li class=\"termslist-item tax-thematique term-images-cinema-medias-audiovisuels-et-industries-culturelles\"><a class=\"termslist-itemlink\" href=\"https:\/\/www.sfsic.org\/en\/thematiques\/images-cinema-audiovisual-media-and-cultural-industries\/\" title=\"Images, cin\u00e9ma, m\u00e9dias audiovisuels et industries culturelles\"><span class=\"termslist-itemname\">Images, cin\u00e9ma, m\u00e9dias audiovisuels et industries culturelles<\/span><\/a><\/li>\n<\/ul><\/div>\n<\/p><\/div>\n<\/p><\/div>\n<\/p><\/div>\n<div class=\"row\">\n<div class=\"columns large-4\">\n<div class=\"zn-singledetail-sidebar bg-cornersquares\">\n<div class=\"zn-singledetail-infos\">\n<p class=\"zn-singledetail-reponse-date\">\n\t\t\t\t\t\t<span>R\u00e9ponse attendue pour le<\/span><span class=\"doubledot\"><\/span> <strong>29\/08\/2021<\/strong>\n\t\t\t\t\t<\/p>\n<p class=\"zn-singledetail-reponse-type\">\n\t\t\t\t\t<span>Type de r\u00e9ponse<\/span><span class=\"doubledot\"><\/span> <strong>R\u00e9sum\u00e9<\/strong>\n\t\t\t\t\t<\/p>\n<p class=\"zn-singledetail-type\">\n\t\t\t\t\t\t\t<span>Type d\u2019\u00e9v\u00e9nement<\/span><span class=\"doubledot\"><\/span> <strong>Colloque<\/strong>\n\t\t\t\t\t<\/p>\n<\/p><\/div>\n<div class=\"zn-singledetail-contacts\">\n<h3 class=\"zn-singledetail-section-title\">Contacts<\/h3>\n<ul class=\"zn-singledetail-contacts-list\">\n<li class=\"zn-singledetail-contact\">\n\t\t\t\t\t\t\t<span class=\"zn-singledetail-contact-name\">F\u00e1bio Uch\u00f4a<\/span><span class=\"doubledot\"><\/span><br \/>\n\t\t\t\t\t\t\t\t\t\t\t\t\t\t<a class=\"zn-singledetail-contact-mail prettylink\" href=\"mailto:raddiuchoa@gmail.com\">raddiuchoa@gmail.com<\/a>\n\t\t\t\t\t\t\t\t\t\t\t\t\t<\/li>\n<\/ul><\/div>\n<div class=\"zn-singledetail-weblinks\">\n<h3 class=\"zn-singledetail-section-title\">Sites internet de r\u00e9f\u00e9rence<\/h3>\n<ul class=\"zn-singledetail-weblinks-list\">\n<li>\n\t\t\t\t\t\t\t<a class=\"prettylink chainlink\" href=\"https:\/\/www.even3.com.br\/analisefilmica\/\" title=\"I Symposium International de Cin\u00e9ma et Analyse Filmique\" target=\"_blank\" rel=\"noopener\">I Symposium International de Cin\u00e9ma et Analyse Filmique<\/a>\n\t\t\t\t\t\t<\/li>\n<li>\n\t\t\t\t\t\t\t<a class=\"prettylink chainlink\" href=\"https:\/\/gpcinearte.wixsite.com\/cinearte1\" title=\"Groupe de Recherche CineArte - Cin\u00e9ma, analyse filmique et exp\u00e9rience intelectuelle\" target=\"_blank\" rel=\"noopener\">Groupe de Recherche CineArte &#8211; Cin\u00e9ma, analyse filmique et exp\u00e9rience intelectuelle<\/a>\n\t\t\t\t\t\t<\/li>\n<\/ul><\/div>\n<\/p><\/div>\n<\/p><\/div>\n<div class=\"columns large-8\">\n<div class=\"zn-singledetail-contentbox\">\n<div class=\"zn-singledetail-eventinfo\">\n<div class=\"zn-singledetail-eventinfo-inner\">\n<div class=\"zn-singledetail-eventdates\">\n\t\t\t\t\t\t<span class=\"zn-singledetail-label\">Dates de l\u2019\u00e9v\u00e9nement<span class=\"doubledot\"><\/span><\/span><\/p>\n<ul class=\"zn-singledetail-eventdates-list\">\n<li class=\"zn-singledetail-eventdates-item\">\n\t\t\t\t\t\t\t\tDu 17\/11\/2021 au 19\/11\/2021\t\t\t\t\t\t\t<\/li>\n<\/ul><\/div>\n<p class=\"zn-singledetail-eventplace\">\n\t\t\t\t\t\t<span class=\"zn-singledetail-label\">Lieu de l\u2019\u00e9v\u00e9nement<span class=\"doubledot\"><\/span><\/span><br \/>\n\t\t\t\t\t\t<span class=\"zn-singledetail-eventplace-adr\"><\/p>\n<p>\t\t\t\t\t\t\t\t\t\t\t\t<span class=\"adr-place\">En ligne<\/span>,<\/p>\n<p>\t\t\t\t\t\t<span class=\"adr-city\">Sao Paulo<\/span>\t\t\t\t\t\t, <span class=\"adr-country\">Br\u00e9sil<\/span><br \/>\n\t\t\t\t\t\t<\/span>\t\t\t\t\t<\/p>\n<\/p><\/div>\n<\/p><\/div>\n<div class=\"zn-singledetail-annonce wig-content\">\n<h2>Argumentaire<\/h2>\n<p>Le comit\u00e9 d\u2019organisation du <em>I Symposium International de Cin\u00e9ma et Analyse Filmique<\/em> lance un appel \u00e0 communications \u00e0 tous et toutes les chercheur.e.s, de cycle sup\u00e9rieur (ma\u00eetrise, doctorat, post-doctorat), pour l\u2019envoi des propositions \u00e0 la premi\u00e8re \u00e9dition de l&rsquo;\u00e9v\u00e9nement, organis\u00e9 par le groupe de recherche CNPQ <em>CineArte &#8211;\u00a0 Cin\u00e9ma, analyse filmique et exp\u00e9rience intellectuelle<\/em>.<\/p>\n<p>L&rsquo;\u00e9v\u00e9nement se d\u00e9roulera en ligne, les 17, 18 et 19 novembre 2021. Son objectif premier sera d&rsquo;approfondir les \u00e9changes de recherche autour de l\u2019analyse filmique, en rapprochant diff\u00e9rentes perspectives, d\u00e9veloppements th\u00e9orico-m\u00e9thodologiques et ses emplois en multiples disciplines. Il nous int\u00e9resse l\u2019\u00e9tude des images et sons en mouvement, les d\u00e9finitions d\u2019analyse filmique, les \u00e9tudes de cas, les transformations tout au long des temps, les approches les approches au-del\u00e0 des fronti\u00e8res du cin\u00e9ma, ainsi que les dialogues avec d\u2019autres arts et domaines des Sciences Humaines.<\/p>\n<p>Le Symposium r\u00e9sulte des \u00e9changes d&rsquo;un groupe interdisciplinaire de chercheurs, autour des relations entre le cin\u00e9ma, l\u2019audiovisuel et l&rsquo;analyse filmique en tant que m\u00e9thodologie, examin\u00e9es dans ses diff\u00e9rentes appropriations et contextes. \u00c9tablie comme discipline entre les ann\u00e9es 1960 et 1970, l\u2019analyse filmique comme action de segmentation et de reconstruction de sens entre \u0153uvres et contextes, comprend plusieurs domaines, entre le 20e si\u00e8cle et nos jours&#160;: la narratologie, de Fran\u00e7ois Jost et Andr\u00e9 Gaudreault, les analyses stylistique et narrative men\u00e9es par David Bordwell et Kristin Thompson, la perspective immanente de Jacques Aumont, les d\u00e9coupages d\u2019Eisenstein, le dialogue avec l\u2019histoire de l\u2019art et le style, y inclus les dimensions formels, sociaux et historiques, l&rsquo;approfondissement des concepts \u00e0 partir des dialogues avec le socio historique, les facettes de l&rsquo;all\u00e9gorie et de la figuration comme m\u00e9thodes d&rsquo;analyse.<\/p>\n<p>Au fur et \u00e0 mesure que la discussion avance, en divers contextes et appropriations, par diff\u00e9rents domaines de connaissance, le <em>I Symposium International de Cin\u00e9ma et Analyse Filmique<\/em> propose quatre grands axes d&rsquo;approche&#160;:<\/p>\n<ol>\n<li><strong> Th\u00e9orie du cin\u00e9ma, \u00e9tudes de cas et analyse filmique.<\/strong> \u00c9tudes th\u00e9oriques, \u00c9tudes remettant en cause concepts et modalit\u00e9s d&rsquo;analyse, soit \u00e0 travers des th\u00e9ories canoniques du cin\u00e9ma, soit par le contact avec d&rsquo;autres branches du savoir. Approches pour l\u2019analyse d&rsquo;\u0153uvres audiovisuelles sp\u00e9cifiques,\u00a0 \u00e0 partir de dialogues avec l\u2019analyse filmique.<\/li>\n<li><strong> Intersections entre l&rsquo;audiovisuel et les autres arts. <\/strong>Les diff\u00e9rentes \u00e9pist\u00e9mologies et perspectives, suscit\u00e9es par les contacts entre le cin\u00e9ma et d\u2019autres formes artistiques&#160;; concepts, approches et objets audiovisuels formul\u00e9s aux fronti\u00e8res entre le cin\u00e9ma et les autres arts.<\/li>\n<li><strong> Regards f\u00e9minins et approches f\u00e9ministes. <\/strong>Pens\u00e9e f\u00e9ministe a propos du cin\u00e9ma, films d\u2019auteures femmes, cin\u00e9ma et genre, le f\u00e9minin <strong><em>au audiovisuel<\/em><\/strong>, f\u00e9minisme et modernit\u00e9 au cin\u00e9ma, les femmes vues \u00e0 travers la lentille du <em>star system<\/em>. \u00c9tudes sur le regard et le processus d\u2019\u00e9coute.<\/li>\n<li><strong> La politique, l\u2019engagement et la critique, dans leurs interfaces avec l&rsquo;analyse filmique. <\/strong>Les formulations th\u00e9oriques d\u2019importants critiques ou intellectuels, saisis dans ses potentialit\u00e9s analytiques&#160;; la critique et la r\u00e9sistance comme soutien pour constructions interpr\u00e9tatives, men\u00e9es entre \u0153uvres et contextes historiques&#160;; les t\u00e2ches du critique en tant que th\u00e9orisations, qui font la m\u00e9diation entre films et soci\u00e9t\u00e9s&#160;; r\u00e9appropriations d&rsquo;instruments entre la critique et l\u2019analyse filmique. Approches politiques, y compris les confrontations urbaines, socio-environnementales, autour de minorit\u00e9s ou de points de vue sur la nation.<\/li>\n<\/ol>\n<h2>Soumission de propositions<\/h2>\n<p>Les soumissions doivent \u00eatre envoy\u00e9es \u00e0 l\u2019adresse <strong><a href=\"mailto:cinemaeanalisefilmica@gmail.com\">cinemaeanalisefilmica@gmail.com<\/a>, avant le 29 ao\u00fbt 2021<\/strong>. Elles peuvent \u00eatre r\u00e9dig\u00e9es en portugais, anglais, espagnol ou en fran\u00e7ais. Les int\u00e9ress\u00e9s doivent envoyer leur propositions de communication, en tenant en compte les informations qui suivent&#160;:<\/p>\n<ul>\n<li>\u00a0 Format&#160;: fichier \u201c<strong>.doc<\/strong>\u201d, calibri, taille 12, espacement 1,5 ligne. Les soumissions en PDF ne seront pas accept\u00e9es.<\/li>\n<li>\u00a0Titre (maximum 12 mots)<\/li>\n<li>Proposition de communication (maximum 400 mots)<\/li>\n<li>\u00a0Courte biographie (maximum 80 mots)<\/li>\n<li>\u00a0Une courte bibliographie (ne pas exc\u00e9der cinq \u0153uvres de r\u00e9f\u00e9rence)<\/li>\n<\/ul>\n<p>Il est n\u00e9cessaire que les communications soient in\u00e9dites, propos\u00e9es individuellement ou en co-autorie (maximum deux auteurs). Les soumissions sont limit\u00e9es \u00e0 une par chercheur&#160;; les interventions seront d\u2019une dur\u00e9e de 20 minutes.<\/p>\n<p><strong>Date butoir de r\u00e9ception des communications &#8211; 29 ao\u00fbt 2021.\u00a0<\/strong><\/p>\n<h2>Calendrier<\/h2>\n<ul>\n<li>29 ao\u00fbt &#8211; Date butoir de r\u00e9ception des communications<\/li>\n<li>01 octobre &#8211; Annonce des communications s\u00e9lectionn\u00e9es<\/li>\n<li>29 octobre &#8211; Publication du cahier de r\u00e9sum\u00e9s et du programme du Symposium<\/li>\n<li>novembre &#8211; Inscriptions pour auditeurs et intervenants.<\/li>\n<li>17-19 novembre &#8211; I Symposium International de Cin\u00e9ma et Analyse Filmique<\/li>\n<\/ul>\n<h2>Accr\u00e9ditations et inscriptions<\/h2>\n<p>Pour\u00a0 l\u2019acc\u00e8s aux conf\u00e9rences, tables rondes et certificats du<em> Symposium<\/em>, il sera n\u00e9cessaire de faire votre inscription. Le proc\u00e8s, pour l\u2019accr\u00e9ditation (intervenants avec r\u00e9sum\u00e9s accept\u00e9s) et l\u2019inscription (auditeurs), aura lieu en novembre, via le site Even 3&#160;:<a href=\"https:\/\/www.even3.com.br\/analisefilmica\">https:\/\/www.even3.com.br\/analisefilmica<\/a>. <strong>Il n\u2019y aura aucun frais d\u2019accr\u00e9ditation ou d\u2019inscription pour les participants du <\/strong><strong><em>I Symposium<\/em><\/strong>.<\/p>\n<h2><strong>Comit\u00e9 d\u2019organisation<\/strong><\/h2>\n<ul>\n<li>F\u00e1bio Raddi Uch\u00f4a \u2013 UAM, S\u00e3o Paulo, Brasil<\/li>\n<li>Hanna Henck Dias Esperan\u00e7a \u2013 USP, S\u00e3o Paulo, Brasil<\/li>\n<li>Margarida Maria Adamatti \u2013 UFSCar, S\u00e3o Carlos, Brasil<\/li>\n<li>Mariana Dias Antonio \u2013 UFPR, Curitiba, Brasil<\/li>\n<li>Pedro Plaza Pinto \u2013 UFPR, Curitiba, Brasil<\/li>\n<li>Vanessa de Cassia Witski Colatusso \u2013 UFPR, Curitiba, Brasil<\/li>\n<li>Virginia Jangrossi \u2013 UFSCar, S\u00e3o Carlos, Brasil<strong>\u00a0 <\/strong><\/li>\n<\/ul>\n<h2><strong>Comit\u00e9 Scientifique <\/strong><\/h2>\n<ul>\n<li>Albert Elduque &#8211; Universidad Pompeu Fabra, Espanha<\/li>\n<li>Arthur Autran &#8211; UFSCar, S\u00e3o Carlos, Brasil<\/li>\n<li>Cristian Borges &#8211; Universidade de S\u00e3o Paulo, Brasil<\/li>\n<li>Laura C\u00e1nepa &#8211; UAM, S\u00e3o Paulo, Brasil<\/li>\n<li>Luiz Ant\u00f4nio Mousinho Magalh\u00e3es \u2013 UFPB, Jo\u00e3o Pessoa, Brasil<\/li>\n<li>Ramayana Lira de Sousa \u2013 UNISUL, Florian\u00f3polis, Brasil<\/li>\n<li>Julierme Sebasti\u00e3o Morais Souza \u2013 UEG, Morrinhos, Brasil<\/li>\n<li>Margarida Adamatti \u2013 UFSCar, S\u00e3o Carlos, Brasil<\/li>\n<li>Pedro Plaza Pinto \u2013 UFPR, Curitiba, Brasil<\/li>\n<li>Eduardo Victorio Morettin \u2013 Universidade de S\u00e3o Paulo, Brasil<\/li>\n<li>Marga Carnic\u00e9 Mur \u2013 Escuela Superior de Cine y Audiovisuales de Catalu\u00f1a, Espanha<\/li>\n<li>Rosane Kaminski \u2013 UFPR, Curitiba, Brasil<\/li>\n<li>Rog\u00e9rio Ferraraz \u2013 UAM, S\u00e3o Paulo, Brasil<\/li>\n<\/ul><\/div>\n<div class=\"zn-singledetail-attachedfiles\">\n<h3 class=\"zn-singledetail-section-title\">Fichier(s) attach\u00e9(s)<\/h3>\n<ul class=\"zn-singledetail-attachedfiles-list\">\n<li class=\"zn-singledetail-attachedfiles-item\">\n\t\t\t\t\t\t\t<a class=\"zn-singledetail-attachedfiles-link button outline for-download\" href=\"https:\/\/www.sfsic.org\/wp-inside\/uploads\/skp-membership\/demande_adh\/aac_i-symposium-international-de-cinema-et-analyse-filmique_fr_2021.pdf\" title=\"T\u00e9l\u00e9charger : \u00ab aac_i-symposium-international-de-cinema-et-analyse-filmique_fr_2021.pdf \u00bb\" target=\"_blank\" rel=\"noopener\"><br \/>\n\t\t\t\t\t\t\t\t<span class=\"button-txt\"><span class=\"button-txt-type\"> (pdf)<\/span><\/span><br \/>\n\t\t\t\t\t\t\t<\/a>\n\t\t\t\t\t\t<\/li>\n<li class=\"zn-singledetail-attachedfiles-item\">\n\t\t\t\t\t\t\t<a class=\"zn-singledetail-attachedfiles-link button outline for-download\" href=\"https:\/\/www.sfsic.org\/wp-inside\/uploads\/skp-membership\/demande_adh\/cfp_i-international-symposium-of-cinema-and-film-analysis_eng_2021.pdf\" title=\"T\u00e9l\u00e9charger : \u00ab cfp_i-international-symposium-of-cinema-and-film-analysis_eng_2021.pdf \u00bb\" target=\"_blank\" rel=\"noopener\"><br \/>\n\t\t\t\t\t\t\t\t<span class=\"button-txt\"><span class=\"button-txt-type\"> (pdf)<\/span><\/span><br \/>\n\t\t\t\t\t\t\t<\/a>\n\t\t\t\t\t\t<\/li>\n<li class=\"zn-singledetail-attachedfiles-item\">\n\t\t\t\t\t\t\t<a class=\"zn-singledetail-attachedfiles-link button outline for-download\" href=\"https:\/\/www.sfsic.org\/wp-inside\/uploads\/skp-membership\/demande_adh\/cfp_-i-simposio-internacional-de-cinema-e-analise-filmica_pr_2021.pdf\" title=\"T\u00e9l\u00e9charger : \u00ab cfp_-i-simposio-internacional-de-cinema-e-analise-filmica_pr_2021.pdf \u00bb\" target=\"_blank\" rel=\"noopener\"><br \/>\n\t\t\t\t\t\t\t\t<span class=\"button-txt\"><span class=\"button-txt-type\"> (pdf)<\/span><\/span><br \/>\n\t\t\t\t\t\t\t<\/a>\n\t\t\t\t\t\t<\/li>\n<\/ul><\/div>\n<div class=\"zn-singledetail-keywords\">\n<h3 class=\"zn-singledetail-section-title\">Mots-cl\u00e9s<\/h3>\n<ul class=\"termslist termslist-post_tag\">\n<li class=\"termslist-item termslist-title\"><span class=\"termslist-titletxt\">Mots-cl\u00e9s<\/span><span class=\"doubledot\"><\/span><\/li>\n<li class=\"termslist-item tax-post_tag term-cinema\"><a class=\"termslist-itemlink\" href=\"https:\/\/www.sfsic.org\/en\/tag\/cinema-en\/\" title=\"Cin\u00e9ma\"><span class=\"termslist-itemname\">Cin\u00e9ma<\/span><\/a><\/li>\n<\/ul><\/div>\n<\/p><\/div>\n<\/p><\/div>\n<\/p><\/div>\n<\/p><\/div>\n<\/div>\n<p><!-- \/fxzn:singledetail --><\/p>\n","protected":false},"excerpt":{"rendered":"<p>Mis en ligne le 16 juillet 2021 Informations \u00e9dit\u00e9es \u00e0 partir d\u2019une annonce Calenda. Th\u00e9matiques Images, cin\u00e9ma, m\u00e9dias audiovisuels et industries culturelles R\u00e9ponse attendue pour le 29\/08\/2021 Type de r\u00e9ponse [&hellip;]<\/p>\n","protected":false},"author":781,"featured_media":0,"comment_status":"closed","ping_status":"closed","sticky":false,"template":"","format":"standard","meta":{"_acf_changed":false,"footnotes":""},"categories":[29,57],"tags":[375],"thematique":[35],"sfsic":[],"class_list":["post-19289","post","type-post","status-publish","format-standard","hentry","category-aac-evenement","category-colloque","tag-cinema","thematique-images-cinema-medias-audiovisuels-et-industries-culturelles","wp-sticky"],"acf":[],"yoast_head":"<!-- This site is optimized with the Yoast SEO plugin v27.5 - https:\/\/yoast.com\/product\/yoast-seo-wordpress\/ -->\n<title>I Symposium international de cin\u00e9ma et analyse filmique<\/title>\n<meta name=\"description\" content=\"Le comit\u00e9 d\u2019organisation du I Symposium International de Cin\u00e9ma et Analyse Filmique lance un appel \u00e0 communications pour son premier colloque.\" \/>\n<meta name=\"robots\" content=\"index, follow, max-snippet:-1, max-image-preview:large, max-video-preview:-1\" \/>\n<link rel=\"canonical\" href=\"https:\/\/www.sfsic.org\/en\/aac-evenement\/i-symposium-international-de-cinema-et-analyse-filmique\/\" \/>\n<meta property=\"og:locale\" content=\"en_US\" \/>\n<meta property=\"og:type\" content=\"article\" \/>\n<meta property=\"og:title\" content=\"I Symposium international de cin\u00e9ma et analyse filmique\" \/>\n<meta property=\"og:description\" content=\"Le comit\u00e9 d\u2019organisation du I Symposium International de Cin\u00e9ma et Analyse Filmique lance un appel \u00e0 communications pour son premier colloque.\" \/>\n<meta property=\"og:url\" content=\"https:\/\/www.sfsic.org\/en\/aac-evenement\/i-symposium-international-de-cinema-et-analyse-filmique\/\" \/>\n<meta property=\"og:site_name\" content=\"SFSIC\" \/>\n<meta property=\"article:published_time\" content=\"2021-07-26T07:38:33+00:00\" \/>\n<meta name=\"author\" content=\"Axelle Martin\" \/>\n<meta name=\"twitter:card\" content=\"summary_large_image\" \/>\n<script type=\"application\/ld+json\" class=\"yoast-schema-graph\">{\"@context\":\"https:\\\/\\\/schema.org\",\"@graph\":[{\"@type\":\"Article\",\"@id\":\"https:\\\/\\\/www.sfsic.org\\\/en\\\/aac-evenement\\\/i-symposium-international-de-cinema-et-analyse-filmique\\\/#article\",\"isPartOf\":{\"@id\":\"https:\\\/\\\/www.sfsic.org\\\/en\\\/aac-evenement\\\/i-symposium-international-de-cinema-et-analyse-filmique\\\/\"},\"author\":{\"name\":\"Axelle Martin\",\"@id\":\"https:\\\/\\\/www.sfsic.org\\\/en\\\/#\\\/schema\\\/person\\\/d3606993477708f4359fb9aeda58df3b\"},\"headline\":\"I Symposium international de cin\u00e9ma et analyse filmique\",\"datePublished\":\"2021-07-26T07:38:33+00:00\",\"mainEntityOfPage\":{\"@id\":\"https:\\\/\\\/www.sfsic.org\\\/en\\\/aac-evenement\\\/i-symposium-international-de-cinema-et-analyse-filmique\\\/\"},\"wordCount\":1158,\"publisher\":{\"@id\":\"https:\\\/\\\/www.sfsic.org\\\/en\\\/#organization\"},\"keywords\":[\"Cin\u00e9ma\"],\"articleSection\":[\"AAC \u00c9v\u00e9nement\",\"Colloque\"],\"inLanguage\":\"en-US\"},{\"@type\":\"WebPage\",\"@id\":\"https:\\\/\\\/www.sfsic.org\\\/en\\\/aac-evenement\\\/i-symposium-international-de-cinema-et-analyse-filmique\\\/\",\"url\":\"https:\\\/\\\/www.sfsic.org\\\/en\\\/aac-evenement\\\/i-symposium-international-de-cinema-et-analyse-filmique\\\/\",\"name\":\"I Symposium international de cin\u00e9ma et analyse filmique\",\"isPartOf\":{\"@id\":\"https:\\\/\\\/www.sfsic.org\\\/en\\\/#website\"},\"datePublished\":\"2021-07-26T07:38:33+00:00\",\"description\":\"Le comit\u00e9 d\u2019organisation du I Symposium International de Cin\u00e9ma et Analyse Filmique lance un appel \u00e0 communications pour son premier colloque.\",\"breadcrumb\":{\"@id\":\"https:\\\/\\\/www.sfsic.org\\\/en\\\/aac-evenement\\\/i-symposium-international-de-cinema-et-analyse-filmique\\\/#breadcrumb\"},\"inLanguage\":\"en-US\",\"potentialAction\":[{\"@type\":\"ReadAction\",\"target\":[\"https:\\\/\\\/www.sfsic.org\\\/en\\\/aac-evenement\\\/i-symposium-international-de-cinema-et-analyse-filmique\\\/\"]}]},{\"@type\":\"BreadcrumbList\",\"@id\":\"https:\\\/\\\/www.sfsic.org\\\/en\\\/aac-evenement\\\/i-symposium-international-de-cinema-et-analyse-filmique\\\/#breadcrumb\",\"itemListElement\":[{\"@type\":\"ListItem\",\"position\":1,\"name\":\"Accueil\",\"item\":\"https:\\\/\\\/www.sfsic.org\\\/en\\\/\"},{\"@type\":\"ListItem\",\"position\":2,\"name\":\"Calls for Contributions\",\"item\":\"https:\\\/\\\/www.sfsic.org\\\/en\\\/cfc-event\\\/\"},{\"@type\":\"ListItem\",\"position\":3,\"name\":\"Conference\",\"item\":\"https:\\\/\\\/www.sfsic.org\\\/en\\\/cfc-event\\\/conference\\\/\"},{\"@type\":\"ListItem\",\"position\":4,\"name\":\"I Symposium international de cin\u00e9ma et analyse filmique\"}]},{\"@type\":\"WebSite\",\"@id\":\"https:\\\/\\\/www.sfsic.org\\\/en\\\/#website\",\"url\":\"https:\\\/\\\/www.sfsic.org\\\/en\\\/\",\"name\":\"SFSIC\",\"description\":\"Soci\u00e9t\u00e9 Fran\u00e7aise des Sciences de l&#039;Information &amp; de la Communication\",\"publisher\":{\"@id\":\"https:\\\/\\\/www.sfsic.org\\\/en\\\/#organization\"},\"potentialAction\":[{\"@type\":\"SearchAction\",\"target\":{\"@type\":\"EntryPoint\",\"urlTemplate\":\"https:\\\/\\\/www.sfsic.org\\\/en\\\/?s={search_term_string}\"},\"query-input\":{\"@type\":\"PropertyValueSpecification\",\"valueRequired\":true,\"valueName\":\"search_term_string\"}}],\"inLanguage\":\"en-US\"},{\"@type\":\"Organization\",\"@id\":\"https:\\\/\\\/www.sfsic.org\\\/en\\\/#organization\",\"name\":\"SFSIC\",\"url\":\"https:\\\/\\\/www.sfsic.org\\\/en\\\/\",\"logo\":{\"@type\":\"ImageObject\",\"inLanguage\":\"en-US\",\"@id\":\"https:\\\/\\\/www.sfsic.org\\\/en\\\/#\\\/schema\\\/logo\\\/image\\\/\",\"url\":\"https:\\\/\\\/www.sfsic.org\\\/wp-inside\\\/uploads\\\/2020\\\/05\\\/logo-sfsic.jpg\",\"contentUrl\":\"https:\\\/\\\/www.sfsic.org\\\/wp-inside\\\/uploads\\\/2020\\\/05\\\/logo-sfsic.jpg\",\"width\":1085,\"height\":1080,\"caption\":\"SFSIC\"},\"image\":{\"@id\":\"https:\\\/\\\/www.sfsic.org\\\/en\\\/#\\\/schema\\\/logo\\\/image\\\/\"}},{\"@type\":\"Person\",\"@id\":\"https:\\\/\\\/www.sfsic.org\\\/en\\\/#\\\/schema\\\/person\\\/d3606993477708f4359fb9aeda58df3b\",\"name\":\"Axelle Martin\",\"image\":{\"@type\":\"ImageObject\",\"inLanguage\":\"en-US\",\"@id\":\"https:\\\/\\\/secure.gravatar.com\\\/avatar\\\/1065035eb5e480668fbf77e163c2e86f81ac342eaad4c8783acdf4a63f3c917b?s=96&d=mm&r=g\",\"url\":\"https:\\\/\\\/secure.gravatar.com\\\/avatar\\\/1065035eb5e480668fbf77e163c2e86f81ac342eaad4c8783acdf4a63f3c917b?s=96&d=mm&r=g\",\"contentUrl\":\"https:\\\/\\\/secure.gravatar.com\\\/avatar\\\/1065035eb5e480668fbf77e163c2e86f81ac342eaad4c8783acdf4a63f3c917b?s=96&d=mm&r=g\",\"caption\":\"Axelle Martin\"},\"sameAs\":[\"@antropocominside\"]}]}<\/script>\n<!-- \/ Yoast SEO plugin. -->","yoast_head_json":{"title":"I Symposium international de cin\u00e9ma et analyse filmique","description":"Le comit\u00e9 d\u2019organisation du I Symposium International de Cin\u00e9ma et Analyse Filmique lance un appel \u00e0 communications pour son premier colloque.","robots":{"index":"index","follow":"follow","max-snippet":"max-snippet:-1","max-image-preview":"max-image-preview:large","max-video-preview":"max-video-preview:-1"},"canonical":"https:\/\/www.sfsic.org\/en\/aac-evenement\/i-symposium-international-de-cinema-et-analyse-filmique\/","og_locale":"en_US","og_type":"article","og_title":"I Symposium international de cin\u00e9ma et analyse filmique","og_description":"Le comit\u00e9 d\u2019organisation du I Symposium International de Cin\u00e9ma et Analyse Filmique lance un appel \u00e0 communications pour son premier colloque.","og_url":"https:\/\/www.sfsic.org\/en\/aac-evenement\/i-symposium-international-de-cinema-et-analyse-filmique\/","og_site_name":"SFSIC","article_published_time":"2021-07-26T07:38:33+00:00","author":"Axelle Martin","twitter_card":"summary_large_image","schema":{"@context":"https:\/\/schema.org","@graph":[{"@type":"Article","@id":"https:\/\/www.sfsic.org\/en\/aac-evenement\/i-symposium-international-de-cinema-et-analyse-filmique\/#article","isPartOf":{"@id":"https:\/\/www.sfsic.org\/en\/aac-evenement\/i-symposium-international-de-cinema-et-analyse-filmique\/"},"author":{"name":"Axelle Martin","@id":"https:\/\/www.sfsic.org\/en\/#\/schema\/person\/d3606993477708f4359fb9aeda58df3b"},"headline":"I Symposium international de cin\u00e9ma et analyse filmique","datePublished":"2021-07-26T07:38:33+00:00","mainEntityOfPage":{"@id":"https:\/\/www.sfsic.org\/en\/aac-evenement\/i-symposium-international-de-cinema-et-analyse-filmique\/"},"wordCount":1158,"publisher":{"@id":"https:\/\/www.sfsic.org\/en\/#organization"},"keywords":["Cin\u00e9ma"],"articleSection":["AAC \u00c9v\u00e9nement","Colloque"],"inLanguage":"en-US"},{"@type":"WebPage","@id":"https:\/\/www.sfsic.org\/en\/aac-evenement\/i-symposium-international-de-cinema-et-analyse-filmique\/","url":"https:\/\/www.sfsic.org\/en\/aac-evenement\/i-symposium-international-de-cinema-et-analyse-filmique\/","name":"I Symposium international de cin\u00e9ma et analyse filmique","isPartOf":{"@id":"https:\/\/www.sfsic.org\/en\/#website"},"datePublished":"2021-07-26T07:38:33+00:00","description":"Le comit\u00e9 d\u2019organisation du I Symposium International de Cin\u00e9ma et Analyse Filmique lance un appel \u00e0 communications pour son premier colloque.","breadcrumb":{"@id":"https:\/\/www.sfsic.org\/en\/aac-evenement\/i-symposium-international-de-cinema-et-analyse-filmique\/#breadcrumb"},"inLanguage":"en-US","potentialAction":[{"@type":"ReadAction","target":["https:\/\/www.sfsic.org\/en\/aac-evenement\/i-symposium-international-de-cinema-et-analyse-filmique\/"]}]},{"@type":"BreadcrumbList","@id":"https:\/\/www.sfsic.org\/en\/aac-evenement\/i-symposium-international-de-cinema-et-analyse-filmique\/#breadcrumb","itemListElement":[{"@type":"ListItem","position":1,"name":"Accueil","item":"https:\/\/www.sfsic.org\/en\/"},{"@type":"ListItem","position":2,"name":"Calls for Contributions","item":"https:\/\/www.sfsic.org\/en\/cfc-event\/"},{"@type":"ListItem","position":3,"name":"Conference","item":"https:\/\/www.sfsic.org\/en\/cfc-event\/conference\/"},{"@type":"ListItem","position":4,"name":"I Symposium international de cin\u00e9ma et analyse filmique"}]},{"@type":"WebSite","@id":"https:\/\/www.sfsic.org\/en\/#website","url":"https:\/\/www.sfsic.org\/en\/","name":"SFSIC","description":"Soci\u00e9t\u00e9 Fran\u00e7aise des Sciences de l&#039;Information &amp; de la Communication","publisher":{"@id":"https:\/\/www.sfsic.org\/en\/#organization"},"potentialAction":[{"@type":"SearchAction","target":{"@type":"EntryPoint","urlTemplate":"https:\/\/www.sfsic.org\/en\/?s={search_term_string}"},"query-input":{"@type":"PropertyValueSpecification","valueRequired":true,"valueName":"search_term_string"}}],"inLanguage":"en-US"},{"@type":"Organization","@id":"https:\/\/www.sfsic.org\/en\/#organization","name":"SFSIC","url":"https:\/\/www.sfsic.org\/en\/","logo":{"@type":"ImageObject","inLanguage":"en-US","@id":"https:\/\/www.sfsic.org\/en\/#\/schema\/logo\/image\/","url":"https:\/\/www.sfsic.org\/wp-inside\/uploads\/2020\/05\/logo-sfsic.jpg","contentUrl":"https:\/\/www.sfsic.org\/wp-inside\/uploads\/2020\/05\/logo-sfsic.jpg","width":1085,"height":1080,"caption":"SFSIC"},"image":{"@id":"https:\/\/www.sfsic.org\/en\/#\/schema\/logo\/image\/"}},{"@type":"Person","@id":"https:\/\/www.sfsic.org\/en\/#\/schema\/person\/d3606993477708f4359fb9aeda58df3b","name":"Axelle Martin","image":{"@type":"ImageObject","inLanguage":"en-US","@id":"https:\/\/secure.gravatar.com\/avatar\/1065035eb5e480668fbf77e163c2e86f81ac342eaad4c8783acdf4a63f3c917b?s=96&d=mm&r=g","url":"https:\/\/secure.gravatar.com\/avatar\/1065035eb5e480668fbf77e163c2e86f81ac342eaad4c8783acdf4a63f3c917b?s=96&d=mm&r=g","contentUrl":"https:\/\/secure.gravatar.com\/avatar\/1065035eb5e480668fbf77e163c2e86f81ac342eaad4c8783acdf4a63f3c917b?s=96&d=mm&r=g","caption":"Axelle Martin"},"sameAs":["@antropocominside"]}]}},"_links":{"self":[{"href":"https:\/\/www.sfsic.org\/en\/wp-json\/wp\/v2\/posts\/19289","targetHints":{"allow":["GET"]}}],"collection":[{"href":"https:\/\/www.sfsic.org\/en\/wp-json\/wp\/v2\/posts"}],"about":[{"href":"https:\/\/www.sfsic.org\/en\/wp-json\/wp\/v2\/types\/post"}],"author":[{"embeddable":true,"href":"https:\/\/www.sfsic.org\/en\/wp-json\/wp\/v2\/users\/781"}],"replies":[{"embeddable":true,"href":"https:\/\/www.sfsic.org\/en\/wp-json\/wp\/v2\/comments?post=19289"}],"version-history":[{"count":2,"href":"https:\/\/www.sfsic.org\/en\/wp-json\/wp\/v2\/posts\/19289\/revisions"}],"predecessor-version":[{"id":19299,"href":"https:\/\/www.sfsic.org\/en\/wp-json\/wp\/v2\/posts\/19289\/revisions\/19299"}],"wp:attachment":[{"href":"https:\/\/www.sfsic.org\/en\/wp-json\/wp\/v2\/media?parent=19289"}],"wp:term":[{"taxonomy":"category","embeddable":true,"href":"https:\/\/www.sfsic.org\/en\/wp-json\/wp\/v2\/categories?post=19289"},{"taxonomy":"post_tag","embeddable":true,"href":"https:\/\/www.sfsic.org\/en\/wp-json\/wp\/v2\/tags?post=19289"},{"taxonomy":"thematique","embeddable":true,"href":"https:\/\/www.sfsic.org\/en\/wp-json\/wp\/v2\/thematique?post=19289"},{"taxonomy":"sfsic","embeddable":true,"href":"https:\/\/www.sfsic.org\/en\/wp-json\/wp\/v2\/sfsic?post=19289"}],"curies":[{"name":"wp","href":"https:\/\/api.w.org\/{rel}","templated":true}]}}