{"id":18783,"date":"2021-06-19T10:00:09","date_gmt":"2021-06-19T08:00:09","guid":{"rendered":"https:\/\/www.sfsic.org\/?p=18783"},"modified":"2021-06-17T23:00:52","modified_gmt":"2021-06-17T21:00:52","slug":"repenser-la-notion-de-style-dans-les-pratiques-artistiques-contemporaines-a-lere-numerique","status":"publish","type":"post","link":"https:\/\/www.sfsic.org\/en\/aac-evenement\/repenser-la-notion-de-style-dans-les-pratiques-artistiques-contemporaines-a-lere-numerique\/","title":{"rendered":"Repenser la notion de style dans les pratiques artistiques contemporaines \u00e0 l\u2019\u00e8re num\u00e9rique"},"content":{"rendered":"<p><!-- fxzn:singledetail --><\/p>\n<div class=\"zone zn-singledetail\" id=\"fxzn-singledetail-1\">\n<div class=\"zone-block zn-singledetail-block alignwide va-top\">\n<div class=\"row\">\n<div class=\"columns large-8 large-push-4\">\n<div class=\"zn-singledetail-metabox\">\n<div class=\"zn-singledetail-pubdate pubdate\">\n\t\t\t\t\t<span class=\"pubdate-txt\">Mis en ligne le<\/span><span class=\"doubledot\"><\/span> 17 juin 2021\t\t\t\t<\/div>\n<p class=\"zn-singledetail-calenda-info\">\n\t\t\t\t\t\tInformations \u00e9dit\u00e9es \u00e0 partir d\u2019une annonce <a class=\"calenda-link prettylink\" href=\"https:\/\/calenda.org\/886618\" target=\"_blank\" rel=\"noopener\"><strong>Calenda<\/strong><\/a>.\t\t\t\t\t<\/p>\n<div class=\"zn-singledetail-thematiques with-sep-comma\">\n<ul class=\"termslist termslist-thematique\">\n<li class=\"termslist-item termslist-title\"><span class=\"termslist-titletxt\">Th\u00e9matiques<\/span><span class=\"doubledot\"><\/span><\/li>\n<li class=\"termslist-item tax-thematique term-images-cinema-medias-audiovisuels-et-industries-culturelles\"><a class=\"termslist-itemlink\" href=\"https:\/\/www.sfsic.org\/en\/thematiques\/images-cinema-audiovisual-media-and-cultural-industries\/\" title=\"Images, cin\u00e9ma, m\u00e9dias audiovisuels et industries culturelles\"><span class=\"termslist-itemname\">Images, cin\u00e9ma, m\u00e9dias audiovisuels et industries culturelles<\/span><\/a><\/li>\n<li class=\"termslist-item tax-thematique term-numerique-strategies-dispositifs-et-usages\"><a class=\"termslist-itemlink\" href=\"https:\/\/www.sfsic.org\/en\/thematiques\/digital-strategies-devices-and-uses-en\/\" title=\"Num\u00e9rique : strat\u00e9gies, dispositifs et usages\"><span class=\"termslist-itemname\">Num\u00e9rique : strat\u00e9gies, dispositifs et usages<\/span><\/a><\/li>\n<\/ul><\/div>\n<\/p><\/div>\n<\/p><\/div>\n<\/p><\/div>\n<div class=\"row\">\n<div class=\"columns large-4\">\n<div class=\"zn-singledetail-sidebar bg-cornersquares\">\n<div class=\"zn-singledetail-infos\">\n<p class=\"zn-singledetail-reponse-date\">\n\t\t\t\t\t\t<span>R\u00e9ponse attendue pour le<\/span><span class=\"doubledot\"><\/span> <strong>03\/09\/2021<\/strong>\n\t\t\t\t\t<\/p>\n<p class=\"zn-singledetail-reponse-type\">\n\t\t\t\t\t<span>Type de r\u00e9ponse<\/span><span class=\"doubledot\"><\/span> <strong>R\u00e9sum\u00e9<\/strong>\n\t\t\t\t\t<\/p>\n<p class=\"zn-singledetail-type\">\n\t\t\t\t\t\t\t<span>Type d\u2019\u00e9v\u00e9nement<\/span><span class=\"doubledot\"><\/span> <strong>Journ\u00e9e d\u2019\u00e9tude<\/strong>\n\t\t\t\t\t<\/p>\n<\/p><\/div>\n<div class=\"zn-singledetail-contacts\">\n<h3 class=\"zn-singledetail-section-title\">Contacts<\/h3>\n<ul class=\"zn-singledetail-contacts-list\">\n<li class=\"zn-singledetail-contact\">\n\t\t\t\t\t\t\t<span class=\"zn-singledetail-contact-name\">Anthony Raguel <\/span><span class=\"doubledot\"><\/span><br \/>\n\t\t\t\t\t\t\t\t\t\t\t\t\t\t<a class=\"zn-singledetail-contact-mail prettylink\" href=\"mailto:anthony.rageul@univ-tlse2.fr\">anthony.rageul@univ-tlse2.fr<\/a>\n\t\t\t\t\t\t\t\t\t\t\t\t\t<\/li>\n<li class=\"zn-singledetail-contact\">\n\t\t\t\t\t\t\t<span class=\"zn-singledetail-contact-name\">Athina Masoura <\/span><span class=\"doubledot\"><\/span><br \/>\n\t\t\t\t\t\t\t\t\t\t\t\t\t\t<a class=\"zn-singledetail-contact-mail prettylink\" href=\"mailto:athina.masoura@univ-tlse2.fr\">athina.masoura@univ-tlse2.fr<\/a>\n\t\t\t\t\t\t\t\t\t\t\t\t\t<\/li>\n<\/ul><\/div>\n<\/p><\/div>\n<\/p><\/div>\n<div class=\"columns large-8\">\n<div class=\"zn-singledetail-contentbox\">\n<div class=\"zn-singledetail-eventinfo\">\n<div class=\"zn-singledetail-eventinfo-inner\">\n<div class=\"zn-singledetail-eventdates\">\n\t\t\t\t\t\t<span class=\"zn-singledetail-label\">Dates de l\u2019\u00e9v\u00e9nement<span class=\"doubledot\"><\/span><\/span><\/p>\n<ul class=\"zn-singledetail-eventdates-list\">\n<li class=\"zn-singledetail-eventdates-item\">\n\t\t\t\t\t\t\t\tDu 25\/10\/2021 au 25\/10\/2021\t\t\t\t\t\t\t<\/li>\n<\/ul><\/div>\n<p class=\"zn-singledetail-eventplace\">\n\t\t\t\t\t\t<span class=\"zn-singledetail-label\">Lieu de l\u2019\u00e9v\u00e9nement<span class=\"doubledot\"><\/span><\/span><br \/>\n\t\t\t\t\t\t<span class=\"zn-singledetail-eventplace-adr\"><\/p>\n<p>\t\t\t\t\t\t\t\t\t\t\t\t<span class=\"adr-place\">Universit\u00e9 Jean-Jaur\u00e8s<\/span>,<\/p>\n<p>\t\t\t\t\t\t<span class=\"adr-street\">5 All\u00e9e Antonio Machado  <\/span>, <span class=\"adr-city\">Toulouse<\/span>\t\t\t\t\t\t<span class=\"adr-cp\">31<\/span><br \/>\n\t\t\t\t\t\t<\/span>\t\t\t\t\t<\/p>\n<\/p><\/div>\n<\/p><\/div>\n<div class=\"zn-singledetail-annonce wig-content\">\n<h2>Argumentaire<\/h2>\n<p>Souvent consid\u00e9r\u00e9e comme trop impr\u00e9cise, voire controvers\u00e9e, la notion de style refait p\u00e9riodiquement surface dans le champ des \u00e9tudes litt\u00e9raires (Adam 1997, Jenny 2000) et int\u00e9resse aussi les sciences humaines dans un sens large (sociologie, philosophie, anthropologie&#160;: Granger 1968, Martinelli 2005). Singuli\u00e8rement, c\u2019est dans le champ de la cr\u00e9ation contemporaine et de sa critique qu\u2019elle semble aujourd\u2019hui le moins pr\u00e9sente.<\/p>\n<p>Par d\u00e9finition, le style concerne la mise en forme et peut d\u00e9signer d\u2019une part les marques ou traces d\u2019unicit\u00e9 ou d\u2019individualit\u00e9 de l\u2019artiste rep\u00e9rables dans les \u0153uvres et qui constituent une \u00ab&#160;patte&#160;\u00bb ou une \u00ab&#160;signature&#160;\u00bb, et d\u2019autre part les invariants caract\u00e9risant une p\u00e9riode, une \u00e9cole ou un groupe d\u2019artistes. Malgr\u00e9 la vitalit\u00e9 de pratiques qui impliquent de telles marques d\u2019individualit\u00e9, les pratiques contemporaines ne semblent pas pouvoir \u00eatre saisies en termes de style. Diff\u00e9rentes raisons, parfois contradictoires, pourraient l\u2019expliquer&#160;: pluralit\u00e9 des techniques et des m\u00e9diums employ\u00e9s par les artistes, d\u00e9l\u00e9gation de la fabrication des \u0153uvres, primaut\u00e9 de l\u2019id\u00e9e ou du processus de cr\u00e9ation sur la forme, pratiques sans incarnation dans un objet, etc. On peut ajouter \u00e0 cette liste l\u2019emploi des outils num\u00e9riques.<\/p>\n<p>En effet, on est en droit de penser que ces nouveaux interm\u00e9diaires entre la main et le support font \u00ab&#160;\u00e9cran&#160;\u00bb entre l\u2019artiste et sa cr\u00e9ation, dans la mesure o\u00f9 le support ou le mat\u00e9riau ne sont plus marqu\u00e9s par l\u2019empreinte directe de l&rsquo;artiste. Cela serait d\u2019autant plus vrai quand la \u00ab&#160;fabrication&#160;\u00bb de l\u2019\u0153uvre consiste \u00e0 r\u00e9diger des lignes de codes. L\u2019\u00e9tymologie de style \u2013 du latin <em>stilus<\/em>, instrument utilis\u00e9 par les Romains pour \u00e9crire \u2013 rappelle d\u2019ailleurs l\u2019importance du geste et que le style \u00e9merge en partie \u00e0 l\u2019intersection d\u2019une technologie et d\u2019une mani\u00e8re particuli\u00e8re de la mettre en \u0153uvre.<\/p>\n<p>Pourtant, on peut constater que le style n\u2019est pas totalement absent des pratiques contemporaines utilisant le num\u00e9rique. En premier lieu, on peut penser aux pratiques graphiques et picturales \u00e0 l\u2019ordinateur. Dans le domaine du dessin g\u00e9n\u00e9ratif, on distingue au premier coup d\u2019\u0153il un Frieder Nake d\u2019un Vera Molnar, un Mark Wilson d\u2019un Casey Reas&#160;: manifestement, chacun poss\u00e8de un \u00ab&#160;style&#160;\u00bb qui lui est propre, et ce malgr\u00e9 l\u2019absence du geste. De m\u00eame, l\u2019influence majeure de John Maeda fera dire qu\u2019\u00ab&#160;un <em>style maeda<\/em> existe, c\u2019est pratiquement une <em>\u00e9cole<\/em>.&#160;\u00bb (Baki\u010d 2010, 223). En illustration et en bande dessin\u00e9e, de nouvelles caract\u00e9ristiques formelles \u00e9mergent de l\u2019utilisation du num\u00e9rique (collage de Dave McKean par exemple) et de la publication sur les blogs et r\u00e9seaux sociaux (ex\u00e9cution rapide et trait plus \u00ab&#160;l\u00e2ch\u00e9&#160;\u00bb). De nouvelles interfaces mat\u00e9rielles telles que les \u00e9crans tactiles, les tablettes graphiques, ainsi que les manettes ou d\u00e9tecteurs de mouvements, r\u00e9int\u00e8grent le geste de l\u2019artiste.<\/p>\n<p>La question du style est \u00e9galement apparente dans les installations immersives et interactives ou encore dans les environnements virtuels artistiques o\u00f9 la place et le r\u00f4le donn\u00e9s au spectateur deviennent partie prenante de l\u2019\u0153uvre. On se demande ainsi o\u00f9 chercher les traits esth\u00e9tiques du style quand l\u2019interactivit\u00e9 inscrit le spectateur dans l\u2019\u0153uvre et m\u00eale son empreinte \u00e0 celle de l\u2019artiste. Est-ce que les fonctionnalit\u00e9s, les conventions d\u2019usage et les processus de cr\u00e9ation propres aux outils num\u00e9riques laissent place au style&#160;? Si oui, dans quelle mesure&#160;? Quels crit\u00e8res permettraient de distinguer et caract\u00e9riser ces styles&#160;? Comment peuvent-ils mener \u00e0 red\u00e9finir la notion de style, ou encore de \u00ab&#160;touche&#160;\u00bb ou de \u00ab&#160;mani\u00e8re&#160;\u00bb \u00e0 l\u2019\u00e8re num\u00e9rique&#160;?<\/p>\n<h2>Axes th\u00e9matiques<\/h2>\n<p>Les contributions pourront \u00e9clairer les remarques qui pr\u00e9c\u00e8dent ou apporter des r\u00e9ponses aux questions suivantes&#160;:<\/p>\n<ul>\n<li><strong>\u00c0 l\u2019\u00e9chelle d\u2019une pratique ou d\u2019un artiste singulier&#160;:<\/strong> comment l\u2019emploi des technologies num\u00e9riques affecte-t-il son style&#160;? Par exemple, on pourra tenter de d\u00e9terminer s\u2019il y a un \u00ab&#160;avant&#160;\u00bb et un \u00ab&#160;apr\u00e8s&#160;\u00bb l\u2019apparition des technologies num\u00e9riques dans la carri\u00e8re d\u2019un artiste. En outre, des interventions d\u2019artistes permettraient d\u2019\u00e9clairer \u00ab&#160;de l\u2019int\u00e9rieur&#160;\u00bb l\u2019articulation de l\u2019outil num\u00e9rique et du style.<\/li>\n<li><strong>\u00c0 l\u2019\u00e9chelle collective&#160;:<\/strong> existe-t-il des tendances dans l\u2019appropriation des technologies qui conduiraient \u00e0 des communaut\u00e9s de style&#160;? Si ce ph\u00e9nom\u00e8ne existe, peut-on parler d\u2019\u00e9coles, de groupes constitu\u00e9s ou doit-on y voir un ph\u00e9nom\u00e8ne plus diffus&#160;? On pourra aussi se demander si l\u2019histoire de l\u2019art num\u00e9rique peut \u00eatre divis\u00e9e en p\u00e9riodes d\u00e9finies par des styles caract\u00e9ristiques et, si oui, ce qui d\u00e9finit ces \u00e9coles.<\/li>\n<li><strong>Liens entre les technologies et le style&#160;:<\/strong> Dans quelle mesure les technologies employ\u00e9es orientent-elles la cr\u00e9ation ou influent sur le style d\u2019un auteur&#160;? A quel point le logiciel utilis\u00e9 pr\u00e9d\u00e9termine-t-il l\u2019aspect de l\u2019\u0153uvre&#160;? Quelles sont les \u00e9ventuelles strat\u00e9gies de contournement&#160;? Il s\u2019agirait alors de poser la question du lien entre outil num\u00e9rique et cr\u00e9ation dans la lign\u00e9e du <em>Software takes command<\/em> de Lev Manovich (2013), en se demandant comment l\u2019outil reconfigure les pratiques, les processus de cr\u00e9ation, la forme et <em>in fine<\/em> le style.<\/li>\n<li><strong>Crit\u00e8res de d\u00e9finitions d\u2019un style&#160;:<\/strong> quels \u00e9l\u00e9ments de l\u2019\u0153uvre num\u00e9rique font style&#160;? Par exemple, est-ce que le choix cibl\u00e9 de certaines fonctionnalit\u00e9s logicielles (copier-coller, filtres Photoshop, etc.) ou leur emploi r\u00e9current peuvent manifester une singularit\u00e9 (\u00e0 l\u2019\u00e9chelle individuelle) ou faire \u00e9cole (\u00e0 l\u2019\u00e9chelle collective)&#160;? Qu\u2019en est-il d\u2019\u0153uvres qui ne comportent pas n\u00e9cessairement de dessin ou d\u2019artefacts faits de la main de l&rsquo;artiste&#160;? Qu\u2019en est-il d\u2019\u0153uvres g\u00e9n\u00e9ratives ou cr\u00e9\u00e9es par des Intelligences Artificielles&#160;? Si ces pratiques ne font pas dispara\u00eetre le style, alors qu\u2019est-ce qui le caract\u00e9rise&#160;? Le style peut-il r\u00e9sider dans le code, au sens o\u00f9 les d\u00e9veloppeurs parlent parfois de \u00ab&#160;style de code&#160;\u00bb signant la conception d\u2019un algorithme et la r\u00e9daction d\u2019un programme&#160;?<\/li>\n<li><strong>Influences r\u00e9ciproques&#160;:<\/strong> on peut aussi se demander en quoi les pratiques \u00ab&#160;traditionnelles&#160;\u00bb sont affect\u00e9es par le num\u00e9rique. Par exemple, on peut se demander ce qu\u2019un dessin effectu\u00e9 \u00e0 la main avec les outils traditionnels doit au num\u00e9rique&#160;; ainsi de la ligne hyper pr\u00e9cise et claire de Chris Ware que l\u2019on pourrait confondre de prime abord avec du dessin vectoriel. Comment l\u2019omnipr\u00e9sence du num\u00e9rique renouvelle-t-il les pratiques non num\u00e9riques du point de vue stylistique&#160;?<\/li>\n<\/ul>\n<h2>Organisation<\/h2>\n<p>Journ\u00e9e d\u2019\u00e9tude organis\u00e9e par Anthony Rageul et Athina Masoura, LARA-SEPPIA, Toulouse Jean Jaur\u00e8s.<\/p>\n<h2>Modalit\u00e9s de soumission<\/h2>\n<p>Les propositions de <strong>3000 signes maximum<\/strong> sont \u00e0 envoyer accompagn\u00e9es d\u2019une notice biographique \u00e0 anthony.rageul@univ-tlse2.fr et athina.masoura@univ-tlse2.fr avant le <strong>vendredi 3 septembre 2021<\/strong>.<\/p>\n<p>Les contributions d\u2019artistes sont \u00e9galement les bienvenues.<\/p>\n<p>La journ\u00e9e d\u2019\u00e9tude aura lieu le lundi <strong>25 octobre 2021<\/strong>.<\/p>\n<h2>R\u00e9f\u00e9rences bibliographiques indicatives<\/h2>\n<p>Adam Jean-Michel, <em>Le style dans la langue&#160;: une reconception de la stylistique<\/em>, Lausanne, Delachaux et Niestl\u00e9, 1997, 223 p.<\/p>\n<p>Baki\u010d Mariina Ilona, <em>Le performatif dans l\u2019art contemporain<\/em>, Th\u00e8se de doctorat en Esth\u00e9tique, Sciences et Technologies des arts, sous la direction de Jean-Louis Boissier, Universit\u00e9 Paris 8, 2010.<\/p>\n<p>Braun Pierre, <em>L\u2019ensauvagement graphique du code<\/em>, Rennes, Pr\u00e9sent Compos\u00e9, 2019.<\/p>\n<p>Bret Michel, \u00ab&#160;M\u00e9thodes d\u2019optimisation dans la cr\u00e9ation artistique&#160;\u00bb, <em>Le blog &#8211; les algoristes<\/em>, http:\/\/les-algoristes.over-blog.com\/article-5470510.html, 1997, consult\u00e9 le 18 mars 2021.<\/p>\n<p>Couchot Edmond, \u00ab&#160;Du style et des images num\u00e9riques&#160;\u00bb, <em>Ligeia<\/em>, 1995, vol. 1995\/1, n<sup>o<\/sup> 17\u201118, p. 117\u2011124.<\/p>\n<p>Damisch Hubert, <em>Fen\u00eatre jaune cadmium ou les dessous de la peinture&#160;: essai<\/em>, Paris, Seuil, 1984, 319 p.<\/p>\n<p>Derrida Jacques, <em>La v\u00e9rit\u00e9 en peinture<\/em>, Paris, Flammarion, 2010, 440 p.<\/p>\n<p>Focillon Henri, <em>Vie des formes<\/em>, Chicoutimi, J.-M. Tremblay, 2002.<\/p>\n<p>Genette G\u00e9rard, <em>Fiction et diction<\/em>, Paris, \u00c9ditions du Seuil, 1991, 150 p.<\/p>\n<p>Goodman Nelson, <em>Mani\u00e8res de faire des mondes<\/em>, N\u00eemes, J. Chambon, 1992, 193 p.<\/p>\n<p>Granger Gilles-Gaston, <em>Essai d\u2019une philosophie du style<\/em>, Paris, Armand Colin, 1968, 312 p.<\/p>\n<p>Groensteen Thierry, <em>Bande dessin\u00e9e et narration. Syst\u00e8me de la bande dessin\u00e9e 2.<\/em>, Paris, Presses Universitaires de France, 2011.<\/p>\n<p>Jenny Laurent, \u00ab&#160;Du style comme pratique&#160;\u00bb, <em>Litt\u00e9rature<\/em>, 2000, n<sup>o<\/sup> 118, p. 98\u2011117.<\/p>\n<p>Manovich Lev, <em>Software Takes Command<\/em>, s.l., Bloomsbury Publishing, 2013.<\/p>\n<p>Martinelli Bruno (dir.), <em>L\u2019interrogation du style&#160;: anthropologie, technique et esth\u00e9tique<\/em>, Aix-en-Provence, Publications de l\u2019universit\u00e9 de Provence, 2005, 284 p.<\/p>\n<p>M\u00e9aux Dani\u00e8le (dir.)<em>, Figures de l\u2019art&#160;: \u00ab&#160;L\u2019art &amp; la machine&#160;\u00bb<\/em>, n\u00b032, 2016, 326 p.<\/p>\n<p>Mercier Andr\u00e9e (dir.), <em>Prot\u00e9e&#160;: \u00ab&#160;<\/em>\u00a0<em>Style et s\u00e9miosis<\/em>\u00a0<em>&#160;\u00bb<\/em>, Chicoutimi, Universit\u00e9 du Qu\u00e9bec, 1995, vol.2.<\/p>\n<p>Molini\u00e9 Georges et Cahn\u00e9 Pierre (dirs.), <em>Qu\u2019est-ce que le style&#160;?&#160;: actes du colloque international<\/em>, Paris, Presses universitaires de France, 1994, 354 p.<\/p>\n<p>Nyc Ludovic, \u00ab&#160;Le prisme du style&#160;: sens et \u201cr\u00e9mini-sens\u201d des images&#160;\u00bb dans Catherine Chomarat-Ruiz (dir.), <em>De l\u2019atelier au labo&#160;: inventer la recherche en art et design<\/em>, Paris, Hermann, 2018, p. 197\u2011208.<\/p>\n<p>Perconte Jacques, \u00ab&#160;Netartophilie. Le point de vue d\u2019un artiste.&#160;\u00bb, \u00ab&#160;<em>Terminal&#160;: Net Art, technologie ou cr\u00e9ation&#160;?<\/em>&#160;\u00bb, 2008, vol. 101, p. 59\u201169.<\/p>\n<p>Riegl Alois, <em>Questions de style&#160;: fondements d\u2019une histoire de l\u2019ornementation<\/em>, Paris, Hazan, 2002, 289 p.<\/p>\n<p>Schapiro Meyer, <em>Style, artiste et soci\u00e9t\u00e9<\/em>, Paris, Gallimard, 1982, 443 p.<\/p>\n<p>Vouilloux Bernard, \u00ab&#160;La port\u00e9e du style&#160;\u00bb, <em>Po\u00e9tique<\/em>, 2008, n\u00b0 154, n<sup>o<\/sup> 2, p. 197\u2011223.<\/p>\n<p>W\u00f6lfflin Heinrich, <em>Principes fondamentaux de l\u2019histoire de l\u2019art&#160;: le probl\u00e8me de l\u2019\u00e9volution du style dans l\u2019art moderne<\/em>, 1989, 284 p.<\/p>\n<p><em>Ligeia&#160;: \u00ab&#160;<\/em>\u00a0<em>Le style<\/em>\u00a0<em>&#160;\u00bb<\/em>, 1995, vol. 1, n\u00b017-18.<\/p>\n<\/p><\/div>\n<div class=\"zn-singledetail-keywords\">\n<h3 class=\"zn-singledetail-section-title\">Mots-cl\u00e9s<\/h3>\n<ul class=\"termslist termslist-post_tag\">\n<li class=\"termslist-item termslist-title\"><span class=\"termslist-titletxt\">Mots-cl\u00e9s<\/span><span class=\"doubledot\"><\/span><\/li>\n<li class=\"termslist-item tax-post_tag term-arts\"><a class=\"termslist-itemlink\" href=\"https:\/\/www.sfsic.org\/en\/tag\/arts-en\/\" title=\"Arts\"><span class=\"termslist-itemname\">Arts<\/span><\/a><\/li>\n<li class=\"termslist-item tax-post_tag term-image\"><a class=\"termslist-itemlink\" href=\"https:\/\/www.sfsic.org\/en\/tag\/image-en\/\" title=\"Image\"><span class=\"termslist-itemname\">Image<\/span><\/a><\/li>\n<li class=\"termslist-item tax-post_tag term-numerique\"><a class=\"termslist-itemlink\" href=\"https:\/\/www.sfsic.org\/en\/tag\/digital\/\" title=\"Num\u00e9rique\"><span class=\"termslist-itemname\">Num\u00e9rique<\/span><\/a><\/li>\n<\/ul><\/div>\n<\/p><\/div>\n<\/p><\/div>\n<\/p><\/div>\n<\/p><\/div>\n<\/div>\n<p><!-- \/fxzn:singledetail --><\/p>\n","protected":false},"excerpt":{"rendered":"<p>Mis en ligne le 17 juin 2021 Informations \u00e9dit\u00e9es \u00e0 partir d\u2019une annonce Calenda. Th\u00e9matiques Images, cin\u00e9ma, m\u00e9dias audiovisuels et industries culturelles Num\u00e9rique : strat\u00e9gies, dispositifs et usages R\u00e9ponse attendue [&hellip;]<\/p>\n","protected":false},"author":781,"featured_media":0,"comment_status":"closed","ping_status":"closed","sticky":false,"template":"","format":"standard","meta":{"_acf_changed":false,"footnotes":""},"categories":[29,58],"tags":[350,165,90],"thematique":[35,39],"sfsic":[],"class_list":["post-18783","post","type-post","status-publish","format-standard","hentry","category-aac-evenement","category-journee-etude","tag-arts","tag-image","tag-numerique","thematique-images-cinema-medias-audiovisuels-et-industries-culturelles","thematique-numerique-strategies-dispositifs-et-usages","wp-sticky"],"acf":[],"yoast_head":"<!-- This site is optimized with the Yoast SEO plugin v27.4 - https:\/\/yoast.com\/product\/yoast-seo-wordpress\/ -->\n<title>Repenser la notion de style dans les pratiques artistiques contemporaines \u00e0 l\u2019\u00e8re num\u00e9rique<\/title>\n<meta name=\"description\" content=\"Le LARA-SEPPIA, Universit\u00e9 Toulouse Jean Jaur\u00e8s, lance un appel \u00e0 contributions pour sa journ\u00e9e d&#039;\u00e9tude qui interrogera la th\u00e9matique &quot;Repenser la notion de style dans les pratiques artistiques contemporaines \u00e0 l\u2019\u00e8re num\u00e9rique&quot;.\" \/>\n<meta name=\"robots\" content=\"index, follow, max-snippet:-1, max-image-preview:large, max-video-preview:-1\" \/>\n<link rel=\"canonical\" href=\"https:\/\/www.sfsic.org\/en\/aac-evenement\/repenser-la-notion-de-style-dans-les-pratiques-artistiques-contemporaines-a-lere-numerique\/\" \/>\n<meta property=\"og:locale\" content=\"en_US\" \/>\n<meta property=\"og:type\" content=\"article\" \/>\n<meta property=\"og:title\" content=\"Repenser la notion de style dans les pratiques artistiques contemporaines \u00e0 l\u2019\u00e8re num\u00e9rique\" \/>\n<meta property=\"og:description\" content=\"Le LARA-SEPPIA, Universit\u00e9 Toulouse Jean Jaur\u00e8s, lance un appel \u00e0 contributions pour sa journ\u00e9e d&#039;\u00e9tude qui interrogera la th\u00e9matique &quot;Repenser la notion de style dans les pratiques artistiques contemporaines \u00e0 l\u2019\u00e8re num\u00e9rique&quot;.\" \/>\n<meta property=\"og:url\" content=\"https:\/\/www.sfsic.org\/en\/aac-evenement\/repenser-la-notion-de-style-dans-les-pratiques-artistiques-contemporaines-a-lere-numerique\/\" \/>\n<meta property=\"og:site_name\" content=\"SFSIC\" \/>\n<meta property=\"article:published_time\" content=\"2021-06-19T08:00:09+00:00\" \/>\n<meta name=\"author\" content=\"Axelle Martin\" \/>\n<meta name=\"twitter:card\" content=\"summary_large_image\" \/>\n<script type=\"application\/ld+json\" class=\"yoast-schema-graph\">{\"@context\":\"https:\\\/\\\/schema.org\",\"@graph\":[{\"@type\":\"Article\",\"@id\":\"https:\\\/\\\/www.sfsic.org\\\/en\\\/aac-evenement\\\/repenser-la-notion-de-style-dans-les-pratiques-artistiques-contemporaines-a-lere-numerique\\\/#article\",\"isPartOf\":{\"@id\":\"https:\\\/\\\/www.sfsic.org\\\/en\\\/aac-evenement\\\/repenser-la-notion-de-style-dans-les-pratiques-artistiques-contemporaines-a-lere-numerique\\\/\"},\"author\":{\"name\":\"Axelle Martin\",\"@id\":\"https:\\\/\\\/www.sfsic.org\\\/en\\\/#\\\/schema\\\/person\\\/d3606993477708f4359fb9aeda58df3b\"},\"headline\":\"Repenser la notion de style dans les pratiques artistiques contemporaines \u00e0 l\u2019\u00e8re num\u00e9rique\",\"datePublished\":\"2021-06-19T08:00:09+00:00\",\"mainEntityOfPage\":{\"@id\":\"https:\\\/\\\/www.sfsic.org\\\/en\\\/aac-evenement\\\/repenser-la-notion-de-style-dans-les-pratiques-artistiques-contemporaines-a-lere-numerique\\\/\"},\"wordCount\":1695,\"publisher\":{\"@id\":\"https:\\\/\\\/www.sfsic.org\\\/en\\\/#organization\"},\"keywords\":[\"Arts\",\"Image\",\"Num\u00e9rique\"],\"articleSection\":[\"AAC \u00c9v\u00e9nement\",\"Journ\u00e9e d\u2019\u00e9tude\"],\"inLanguage\":\"en-US\"},{\"@type\":\"WebPage\",\"@id\":\"https:\\\/\\\/www.sfsic.org\\\/en\\\/aac-evenement\\\/repenser-la-notion-de-style-dans-les-pratiques-artistiques-contemporaines-a-lere-numerique\\\/\",\"url\":\"https:\\\/\\\/www.sfsic.org\\\/en\\\/aac-evenement\\\/repenser-la-notion-de-style-dans-les-pratiques-artistiques-contemporaines-a-lere-numerique\\\/\",\"name\":\"Repenser la notion de style dans les pratiques artistiques contemporaines \u00e0 l\u2019\u00e8re num\u00e9rique\",\"isPartOf\":{\"@id\":\"https:\\\/\\\/www.sfsic.org\\\/en\\\/#website\"},\"datePublished\":\"2021-06-19T08:00:09+00:00\",\"description\":\"Le LARA-SEPPIA, Universit\u00e9 Toulouse Jean Jaur\u00e8s, lance un appel \u00e0 contributions pour sa journ\u00e9e d'\u00e9tude qui interrogera la th\u00e9matique \\\"Repenser la notion de style dans les pratiques artistiques contemporaines \u00e0 l\u2019\u00e8re num\u00e9rique\\\".\",\"breadcrumb\":{\"@id\":\"https:\\\/\\\/www.sfsic.org\\\/en\\\/aac-evenement\\\/repenser-la-notion-de-style-dans-les-pratiques-artistiques-contemporaines-a-lere-numerique\\\/#breadcrumb\"},\"inLanguage\":\"en-US\",\"potentialAction\":[{\"@type\":\"ReadAction\",\"target\":[\"https:\\\/\\\/www.sfsic.org\\\/en\\\/aac-evenement\\\/repenser-la-notion-de-style-dans-les-pratiques-artistiques-contemporaines-a-lere-numerique\\\/\"]}]},{\"@type\":\"BreadcrumbList\",\"@id\":\"https:\\\/\\\/www.sfsic.org\\\/en\\\/aac-evenement\\\/repenser-la-notion-de-style-dans-les-pratiques-artistiques-contemporaines-a-lere-numerique\\\/#breadcrumb\",\"itemListElement\":[{\"@type\":\"ListItem\",\"position\":1,\"name\":\"Accueil\",\"item\":\"https:\\\/\\\/www.sfsic.org\\\/en\\\/\"},{\"@type\":\"ListItem\",\"position\":2,\"name\":\"Calls for Contributions\",\"item\":\"https:\\\/\\\/www.sfsic.org\\\/en\\\/cfc-event\\\/\"},{\"@type\":\"ListItem\",\"position\":3,\"name\":\"Study Day\",\"item\":\"https:\\\/\\\/www.sfsic.org\\\/en\\\/cfc-event\\\/study-day\\\/\"},{\"@type\":\"ListItem\",\"position\":4,\"name\":\"Repenser la notion de style dans les pratiques artistiques contemporaines \u00e0 l\u2019\u00e8re num\u00e9rique\"}]},{\"@type\":\"WebSite\",\"@id\":\"https:\\\/\\\/www.sfsic.org\\\/en\\\/#website\",\"url\":\"https:\\\/\\\/www.sfsic.org\\\/en\\\/\",\"name\":\"SFSIC\",\"description\":\"Soci\u00e9t\u00e9 Fran\u00e7aise des Sciences de l&#039;Information &amp; de la Communication\",\"publisher\":{\"@id\":\"https:\\\/\\\/www.sfsic.org\\\/en\\\/#organization\"},\"potentialAction\":[{\"@type\":\"SearchAction\",\"target\":{\"@type\":\"EntryPoint\",\"urlTemplate\":\"https:\\\/\\\/www.sfsic.org\\\/en\\\/?s={search_term_string}\"},\"query-input\":{\"@type\":\"PropertyValueSpecification\",\"valueRequired\":true,\"valueName\":\"search_term_string\"}}],\"inLanguage\":\"en-US\"},{\"@type\":\"Organization\",\"@id\":\"https:\\\/\\\/www.sfsic.org\\\/en\\\/#organization\",\"name\":\"SFSIC\",\"url\":\"https:\\\/\\\/www.sfsic.org\\\/en\\\/\",\"logo\":{\"@type\":\"ImageObject\",\"inLanguage\":\"en-US\",\"@id\":\"https:\\\/\\\/www.sfsic.org\\\/en\\\/#\\\/schema\\\/logo\\\/image\\\/\",\"url\":\"https:\\\/\\\/www.sfsic.org\\\/wp-inside\\\/uploads\\\/2020\\\/05\\\/logo-sfsic.jpg\",\"contentUrl\":\"https:\\\/\\\/www.sfsic.org\\\/wp-inside\\\/uploads\\\/2020\\\/05\\\/logo-sfsic.jpg\",\"width\":1085,\"height\":1080,\"caption\":\"SFSIC\"},\"image\":{\"@id\":\"https:\\\/\\\/www.sfsic.org\\\/en\\\/#\\\/schema\\\/logo\\\/image\\\/\"}},{\"@type\":\"Person\",\"@id\":\"https:\\\/\\\/www.sfsic.org\\\/en\\\/#\\\/schema\\\/person\\\/d3606993477708f4359fb9aeda58df3b\",\"name\":\"Axelle Martin\",\"image\":{\"@type\":\"ImageObject\",\"inLanguage\":\"en-US\",\"@id\":\"https:\\\/\\\/secure.gravatar.com\\\/avatar\\\/1065035eb5e480668fbf77e163c2e86f81ac342eaad4c8783acdf4a63f3c917b?s=96&d=mm&r=g\",\"url\":\"https:\\\/\\\/secure.gravatar.com\\\/avatar\\\/1065035eb5e480668fbf77e163c2e86f81ac342eaad4c8783acdf4a63f3c917b?s=96&d=mm&r=g\",\"contentUrl\":\"https:\\\/\\\/secure.gravatar.com\\\/avatar\\\/1065035eb5e480668fbf77e163c2e86f81ac342eaad4c8783acdf4a63f3c917b?s=96&d=mm&r=g\",\"caption\":\"Axelle Martin\"},\"sameAs\":[\"@antropocominside\"]}]}<\/script>\n<!-- \/ Yoast SEO plugin. -->","yoast_head_json":{"title":"Repenser la notion de style dans les pratiques artistiques contemporaines \u00e0 l\u2019\u00e8re num\u00e9rique","description":"Le LARA-SEPPIA, Universit\u00e9 Toulouse Jean Jaur\u00e8s, lance un appel \u00e0 contributions pour sa journ\u00e9e d'\u00e9tude qui interrogera la th\u00e9matique \"Repenser la notion de style dans les pratiques artistiques contemporaines \u00e0 l\u2019\u00e8re num\u00e9rique\".","robots":{"index":"index","follow":"follow","max-snippet":"max-snippet:-1","max-image-preview":"max-image-preview:large","max-video-preview":"max-video-preview:-1"},"canonical":"https:\/\/www.sfsic.org\/en\/aac-evenement\/repenser-la-notion-de-style-dans-les-pratiques-artistiques-contemporaines-a-lere-numerique\/","og_locale":"en_US","og_type":"article","og_title":"Repenser la notion de style dans les pratiques artistiques contemporaines \u00e0 l\u2019\u00e8re num\u00e9rique","og_description":"Le LARA-SEPPIA, Universit\u00e9 Toulouse Jean Jaur\u00e8s, lance un appel \u00e0 contributions pour sa journ\u00e9e d'\u00e9tude qui interrogera la th\u00e9matique \"Repenser la notion de style dans les pratiques artistiques contemporaines \u00e0 l\u2019\u00e8re num\u00e9rique\".","og_url":"https:\/\/www.sfsic.org\/en\/aac-evenement\/repenser-la-notion-de-style-dans-les-pratiques-artistiques-contemporaines-a-lere-numerique\/","og_site_name":"SFSIC","article_published_time":"2021-06-19T08:00:09+00:00","author":"Axelle Martin","twitter_card":"summary_large_image","schema":{"@context":"https:\/\/schema.org","@graph":[{"@type":"Article","@id":"https:\/\/www.sfsic.org\/en\/aac-evenement\/repenser-la-notion-de-style-dans-les-pratiques-artistiques-contemporaines-a-lere-numerique\/#article","isPartOf":{"@id":"https:\/\/www.sfsic.org\/en\/aac-evenement\/repenser-la-notion-de-style-dans-les-pratiques-artistiques-contemporaines-a-lere-numerique\/"},"author":{"name":"Axelle Martin","@id":"https:\/\/www.sfsic.org\/en\/#\/schema\/person\/d3606993477708f4359fb9aeda58df3b"},"headline":"Repenser la notion de style dans les pratiques artistiques contemporaines \u00e0 l\u2019\u00e8re num\u00e9rique","datePublished":"2021-06-19T08:00:09+00:00","mainEntityOfPage":{"@id":"https:\/\/www.sfsic.org\/en\/aac-evenement\/repenser-la-notion-de-style-dans-les-pratiques-artistiques-contemporaines-a-lere-numerique\/"},"wordCount":1695,"publisher":{"@id":"https:\/\/www.sfsic.org\/en\/#organization"},"keywords":["Arts","Image","Num\u00e9rique"],"articleSection":["AAC \u00c9v\u00e9nement","Journ\u00e9e d\u2019\u00e9tude"],"inLanguage":"en-US"},{"@type":"WebPage","@id":"https:\/\/www.sfsic.org\/en\/aac-evenement\/repenser-la-notion-de-style-dans-les-pratiques-artistiques-contemporaines-a-lere-numerique\/","url":"https:\/\/www.sfsic.org\/en\/aac-evenement\/repenser-la-notion-de-style-dans-les-pratiques-artistiques-contemporaines-a-lere-numerique\/","name":"Repenser la notion de style dans les pratiques artistiques contemporaines \u00e0 l\u2019\u00e8re num\u00e9rique","isPartOf":{"@id":"https:\/\/www.sfsic.org\/en\/#website"},"datePublished":"2021-06-19T08:00:09+00:00","description":"Le LARA-SEPPIA, Universit\u00e9 Toulouse Jean Jaur\u00e8s, lance un appel \u00e0 contributions pour sa journ\u00e9e d'\u00e9tude qui interrogera la th\u00e9matique \"Repenser la notion de style dans les pratiques artistiques contemporaines \u00e0 l\u2019\u00e8re num\u00e9rique\".","breadcrumb":{"@id":"https:\/\/www.sfsic.org\/en\/aac-evenement\/repenser-la-notion-de-style-dans-les-pratiques-artistiques-contemporaines-a-lere-numerique\/#breadcrumb"},"inLanguage":"en-US","potentialAction":[{"@type":"ReadAction","target":["https:\/\/www.sfsic.org\/en\/aac-evenement\/repenser-la-notion-de-style-dans-les-pratiques-artistiques-contemporaines-a-lere-numerique\/"]}]},{"@type":"BreadcrumbList","@id":"https:\/\/www.sfsic.org\/en\/aac-evenement\/repenser-la-notion-de-style-dans-les-pratiques-artistiques-contemporaines-a-lere-numerique\/#breadcrumb","itemListElement":[{"@type":"ListItem","position":1,"name":"Accueil","item":"https:\/\/www.sfsic.org\/en\/"},{"@type":"ListItem","position":2,"name":"Calls for Contributions","item":"https:\/\/www.sfsic.org\/en\/cfc-event\/"},{"@type":"ListItem","position":3,"name":"Study Day","item":"https:\/\/www.sfsic.org\/en\/cfc-event\/study-day\/"},{"@type":"ListItem","position":4,"name":"Repenser la notion de style dans les pratiques artistiques contemporaines \u00e0 l\u2019\u00e8re num\u00e9rique"}]},{"@type":"WebSite","@id":"https:\/\/www.sfsic.org\/en\/#website","url":"https:\/\/www.sfsic.org\/en\/","name":"SFSIC","description":"Soci\u00e9t\u00e9 Fran\u00e7aise des Sciences de l&#039;Information &amp; de la Communication","publisher":{"@id":"https:\/\/www.sfsic.org\/en\/#organization"},"potentialAction":[{"@type":"SearchAction","target":{"@type":"EntryPoint","urlTemplate":"https:\/\/www.sfsic.org\/en\/?s={search_term_string}"},"query-input":{"@type":"PropertyValueSpecification","valueRequired":true,"valueName":"search_term_string"}}],"inLanguage":"en-US"},{"@type":"Organization","@id":"https:\/\/www.sfsic.org\/en\/#organization","name":"SFSIC","url":"https:\/\/www.sfsic.org\/en\/","logo":{"@type":"ImageObject","inLanguage":"en-US","@id":"https:\/\/www.sfsic.org\/en\/#\/schema\/logo\/image\/","url":"https:\/\/www.sfsic.org\/wp-inside\/uploads\/2020\/05\/logo-sfsic.jpg","contentUrl":"https:\/\/www.sfsic.org\/wp-inside\/uploads\/2020\/05\/logo-sfsic.jpg","width":1085,"height":1080,"caption":"SFSIC"},"image":{"@id":"https:\/\/www.sfsic.org\/en\/#\/schema\/logo\/image\/"}},{"@type":"Person","@id":"https:\/\/www.sfsic.org\/en\/#\/schema\/person\/d3606993477708f4359fb9aeda58df3b","name":"Axelle Martin","image":{"@type":"ImageObject","inLanguage":"en-US","@id":"https:\/\/secure.gravatar.com\/avatar\/1065035eb5e480668fbf77e163c2e86f81ac342eaad4c8783acdf4a63f3c917b?s=96&d=mm&r=g","url":"https:\/\/secure.gravatar.com\/avatar\/1065035eb5e480668fbf77e163c2e86f81ac342eaad4c8783acdf4a63f3c917b?s=96&d=mm&r=g","contentUrl":"https:\/\/secure.gravatar.com\/avatar\/1065035eb5e480668fbf77e163c2e86f81ac342eaad4c8783acdf4a63f3c917b?s=96&d=mm&r=g","caption":"Axelle Martin"},"sameAs":["@antropocominside"]}]}},"_links":{"self":[{"href":"https:\/\/www.sfsic.org\/en\/wp-json\/wp\/v2\/posts\/18783","targetHints":{"allow":["GET"]}}],"collection":[{"href":"https:\/\/www.sfsic.org\/en\/wp-json\/wp\/v2\/posts"}],"about":[{"href":"https:\/\/www.sfsic.org\/en\/wp-json\/wp\/v2\/types\/post"}],"author":[{"embeddable":true,"href":"https:\/\/www.sfsic.org\/en\/wp-json\/wp\/v2\/users\/781"}],"replies":[{"embeddable":true,"href":"https:\/\/www.sfsic.org\/en\/wp-json\/wp\/v2\/comments?post=18783"}],"version-history":[{"count":4,"href":"https:\/\/www.sfsic.org\/en\/wp-json\/wp\/v2\/posts\/18783\/revisions"}],"predecessor-version":[{"id":18787,"href":"https:\/\/www.sfsic.org\/en\/wp-json\/wp\/v2\/posts\/18783\/revisions\/18787"}],"wp:attachment":[{"href":"https:\/\/www.sfsic.org\/en\/wp-json\/wp\/v2\/media?parent=18783"}],"wp:term":[{"taxonomy":"category","embeddable":true,"href":"https:\/\/www.sfsic.org\/en\/wp-json\/wp\/v2\/categories?post=18783"},{"taxonomy":"post_tag","embeddable":true,"href":"https:\/\/www.sfsic.org\/en\/wp-json\/wp\/v2\/tags?post=18783"},{"taxonomy":"thematique","embeddable":true,"href":"https:\/\/www.sfsic.org\/en\/wp-json\/wp\/v2\/thematique?post=18783"},{"taxonomy":"sfsic","embeddable":true,"href":"https:\/\/www.sfsic.org\/en\/wp-json\/wp\/v2\/sfsic?post=18783"}],"curies":[{"name":"wp","href":"https:\/\/api.w.org\/{rel}","templated":true}]}}