{"id":18676,"date":"2021-06-10T14:00:31","date_gmt":"2021-06-10T12:00:31","guid":{"rendered":"https:\/\/www.sfsic.org\/?p=18676"},"modified":"2021-06-11T10:05:10","modified_gmt":"2021-06-11T08:05:10","slug":"recherches-comprehensives-et-demarches-qualitatives","status":"publish","type":"post","link":"https:\/\/www.sfsic.org\/en\/aac-evenement\/recherches-comprehensives-et-demarches-qualitatives\/","title":{"rendered":"Recherches compr\u00e9hensives et d\u00e9marches qualitatives"},"content":{"rendered":"<p><!-- fxzn:singledetail --><\/p>\n<div class=\"zone zn-singledetail\" id=\"fxzn-singledetail-1\">\n<div class=\"zone-block zn-singledetail-block alignwide va-top\">\n<div class=\"row\">\n<div class=\"columns large-8 large-push-4\">\n<div class=\"zn-singledetail-metabox\">\n<div class=\"zn-singledetail-pubdate pubdate\">\n\t\t\t\t\t<span class=\"pubdate-txt\">Mis en ligne le<\/span><span class=\"doubledot\"><\/span> 10 juin 2021\t\t\t\t<\/div>\n<div class=\"zn-singledetail-thematiques with-sep-comma\">\n<ul class=\"termslist termslist-thematique\">\n<li class=\"termslist-item termslist-title\"><span class=\"termslist-titletxt\">Th\u00e9matiques<\/span><span class=\"doubledot\"><\/span><\/li>\n<li class=\"termslist-item tax-thematique term-communication-organisations\"><a class=\"termslist-itemlink\" href=\"https:\/\/www.sfsic.org\/thematiques\/communication-organisations\/\" title=\"Communication et organisations\"><span class=\"termslist-itemname\">Communication et organisations<\/span><\/a><\/li>\n<li class=\"termslist-item tax-thematique term-medias-et-journalisme\"><a class=\"termslist-itemlink\" href=\"https:\/\/www.sfsic.org\/thematiques\/medias-et-journalisme\/\" title=\"M\u00e9dias et journalisme\"><span class=\"termslist-itemname\">M\u00e9dias et journalisme<\/span><\/a><\/li>\n<li class=\"termslist-item tax-thematique term-organisation-des-connaissances\"><a class=\"termslist-itemlink\" href=\"https:\/\/www.sfsic.org\/thematiques\/organisation-des-connaissances\/\" title=\"Organisation des connaissances\"><span class=\"termslist-itemname\">Organisation des connaissances<\/span><\/a><\/li>\n<\/ul><\/div>\n<\/p><\/div>\n<\/p><\/div>\n<\/p><\/div>\n<div class=\"row\">\n<div class=\"columns large-4\">\n<div class=\"zn-singledetail-sidebar bg-cornersquares\">\n<div class=\"zn-singledetail-infos\">\n<p class=\"zn-singledetail-reponse-date\">\n\t\t\t\t\t\t<span>R\u00e9ponse attendue pour le<\/span><span class=\"doubledot\"><\/span> <strong>08\/07\/2021<\/strong>\n\t\t\t\t\t<\/p>\n<p class=\"zn-singledetail-reponse-type\">\n\t\t\t\t\t<span>Type de r\u00e9ponse<\/span><span class=\"doubledot\"><\/span> <strong>R\u00e9sum\u00e9<\/strong>\n\t\t\t\t\t<\/p>\n<p class=\"zn-singledetail-type\">\n\t\t\t\t\t\t\t<span>Type d\u2019\u00e9v\u00e9nement<\/span><span class=\"doubledot\"><\/span> <strong>Colloque<\/strong>\n\t\t\t\t\t<\/p>\n<\/p><\/div>\n<div class=\"zn-singledetail-contacts\">\n<h3 class=\"zn-singledetail-section-title\">Contacts<\/h3>\n<ul class=\"zn-singledetail-contacts-list\">\n<li class=\"zn-singledetail-contact\">\n\t\t\t\t\t\t\t<span class=\"zn-singledetail-contact-name\">Alexia Cappuccio, laboratoire IMSIC, Aix-Marseille Universit\u00e9<\/span><span class=\"doubledot\"><\/span><br \/>\n\t\t\t\t\t\t\t\t\t\t\t\t\t\t<a class=\"zn-singledetail-contact-mail prettylink\" href=\"mailto:alexia.cappuccio@univ-amu.fr\">alexia.cappuccio@univ-amu.fr<\/a>\n\t\t\t\t\t\t\t\t\t\t\t\t\t<\/li>\n<li class=\"zn-singledetail-contact\">\n\t\t\t\t\t\t\t<span class=\"zn-singledetail-contact-name\">Clara Galliano, laboratoire IMSIC, Universit\u00e9 de Toulon<\/span><span class=\"doubledot\"><\/span><br \/>\n\t\t\t\t\t\t\t\t\t\t\t\t\t\t<a class=\"zn-singledetail-contact-mail prettylink\" href=\"mailto:clara-galliano@etud.univ-tln.fr\">clara-galliano@etud.univ-tln.fr<\/a>\n\t\t\t\t\t\t\t\t\t\t\t\t\t<\/li>\n<\/ul><\/div>\n<div class=\"zn-singledetail-weblinks\">\n<h3 class=\"zn-singledetail-section-title\">Sites internet de r\u00e9f\u00e9rence<\/h3>\n<ul class=\"zn-singledetail-weblinks-list\">\n<li>\n\t\t\t\t\t\t\t<a class=\"prettylink chainlink\" href=\"https:\/\/imsic-doct2021.sciencesconf.org\/\" title=\"10\u00e8me \u00e9dition des Doctoriades de l'Universit\u00e9 de Toulon\" target=\"_blank\" rel=\"noopener\">10\u00e8me \u00e9dition des Doctoriades de l&#8217;Universit\u00e9 de Toulon<\/a>\n\t\t\t\t\t\t<\/li>\n<\/ul><\/div>\n<\/p><\/div>\n<\/p><\/div>\n<div class=\"columns large-8\">\n<div class=\"zn-singledetail-contentbox\">\n<div class=\"zn-singledetail-eventinfo\">\n<div class=\"zn-singledetail-eventinfo-inner\">\n<div class=\"zn-singledetail-eventdates\">\n\t\t\t\t\t\t<span class=\"zn-singledetail-label\">Dates de l\u2019\u00e9v\u00e9nement<span class=\"doubledot\"><\/span><\/span><\/p>\n<ul class=\"zn-singledetail-eventdates-list\">\n<li class=\"zn-singledetail-eventdates-item\">\n\t\t\t\t\t\t\t\tDu 14\/10\/2021 au 14\/10\/2021\t\t\t\t\t\t\t<\/li>\n<\/ul><\/div>\n<p class=\"zn-singledetail-eventplace\">\n\t\t\t\t\t\t<span class=\"zn-singledetail-label\">Lieu de l\u2019\u00e9v\u00e9nement<span class=\"doubledot\"><\/span><\/span><br \/>\n\t\t\t\t\t\t<span class=\"zn-singledetail-eventplace-adr\"><br \/>\n\t\t\t\t\t\t\t\t\t\t\t\t<span class=\"adr-name\">Laboratoire IMSIC &#8211; Universit\u00e9 de Toulon<\/span>,<\/p>\n<p>\t\t\t\t\t\t<span class=\"adr-city\">Toulon<\/span>\t\t\t\t\t\t<span class=\"adr-cp\">83<\/span>, <span class=\"adr-country\">France<\/span><br \/>\n\t\t\t\t\t\t<\/span>\t\t\t\t\t<\/p>\n<\/p><\/div>\n<\/p><\/div>\n<div class=\"zn-singledetail-annonce wig-content\">\n<h2>Contexte<\/h2>\n<p>Tous les deux ans, l\u2019Universit\u00e9 de Toulon organise une manifestation dans le but de promouvoir la jeune recherche et de mieux faire conna\u00eetre le dipl\u00f4me du doctorat. Cette journ\u00e9e est une initiative du <strong>coll\u00e8ge des \u00e9tudes doctorales<\/strong> (l\u2019\u00e9cole doctorale 509 \u00ab&#160;Soci\u00e9t\u00e9s m\u00e9diterran\u00e9ennes et sciences humaines&#160;\u00bb et l\u2019\u00e9cole doctorale 548 \u00ab&#160;Mer et sciences&#160;\u00bb) de l\u2019universit\u00e9 de Toulon en partenariat avec<strong> les p\u00f4les th\u00e9matiques<\/strong> (ESMED, INPS, MEDD) et avec le soutien de la <strong>M\u00e9tropole Toulon-Provence-M\u00e9diterran\u00e9e<\/strong> et du <strong>Conseil D\u00e9partemental 83<\/strong>. Pour cette 10\u00e8me \u00e9dition, le laboratoire IMSIC a le plaisir de vous faire parvenir l\u2019appel \u00e0 communications pour son atelier qui aura lieu le jeudi 14 octobre 2021, en pr\u00e9sentiel, sur le campus Porte d\u2019Italie. La th\u00e9matique s\u2019articulera autour des approches compr\u00e9hensives (Delas &amp; Milly, 2012&#160;; Weber, 1989, 2003), des m\u00e9thodologies qualitatives et de la r\u00e9flexivit\u00e9.<\/p>\n<h2>Argumentaire<\/h2>\n<p>Alors que se pose de plus en plus la question de la place et de la l\u00e9gitimit\u00e9 des recherches en sciences humaines et sociales (SHS) au sein des universit\u00e9s, cet atelier propose de se focaliser sur les recherches compr\u00e9hensives et les d\u00e9marches qualitatives. Dans cette optique, nous proposons de nous int\u00e9resser \u00e0 la posture des doctorant.e.s chercheur.e.s qui entretiennent un <em>lien particulier<\/em> avec leur sujet\/objet\/terrain de recherche. Nous porterons une attention particuli\u00e8re sur la mise en \u0153uvre des m\u00e9thodologies qualitatives et de ses outils (Kaufman, 1996) pour appr\u00e9hender ces derniers, tout en questionnant l\u2019importance de la pratique de la r\u00e9flexivit\u00e9 en SHS (Blanchet, 2009), dans les recherches o\u00f9 les chercheur.e.s mettraient en place une \u00ab&#160;implication contr\u00f4l\u00e9e&#160;\u00bb (Parrini-Alemanno, 2007). Nous pourrons \u00e9galement nous interroger sur la fa\u00e7on dont les chercheurs arrivent \u00e0 se mettre <em>\u00e0 distance<\/em> dans leur recherche (Lahire, 2008) et comment ce type de travail peut m\u00eame contribuer \u00e0 former un positionnement institutionnel au sein de l\u2019universit\u00e9 (Dayer &amp; Charmillot, 2012&#160;; Le Roulley &amp; Uhel, 2020).<\/p>\n<p>L\u2019objectif de cet atelier est donc de discuter des moyens de l\u00e9gitimer et de (re)valoriser les approches compr\u00e9hensives, les recherches issues de r\u00e9flexions et d\u2019exp\u00e9riences subjectives (De Lavergne, 2007) et\/ou mobilisant des m\u00e9thodes qualitatives. Ce travail se trouve en rupture avec la tradition d\u2019objectivation des recherches et des r\u00e9sultats, h\u00e9rit\u00e9e des recherches en sciences \u00ab&#160;dures&#160;\u00bb tout en restant pr\u00e9gnante en sciences humaines et sociales (Le Roulley &amp; Uhel, 2020), alors que le recours au d\u00e9terminisme et au positivisme des sciences naturelles <em>menace<\/em> les sciences humaines et sociales (Lemieux, 2012).<\/p>\n<h2>Modalit\u00e9 de participation<\/h2>\n<p>Sont attendues des communications de doctorant.e.s ayant une relation particuli\u00e8re avec leur sujet, objet, terrain de recherche, ou qui ont v\u00e9cu une exp\u00e9rience pr\u00e9alable de ce dernier, qu\u2019elle soit professionnelle, engag\u00e9e, ou m\u00eame militante. Ces communications exploreront la fa\u00e7on dont les doctorant.e.s chercheur.e.s appr\u00e9hendent ce lien et ces exp\u00e9riences, en discutant les biais qui peuvent y \u00eatre associ\u00e9s et en proposant une analyse r\u00e9flexive de leur posture d\u2019\u00e9tudiants, de charg\u00e9s d\u2019enseignements, d\u2019universitaires dans des recherches o\u00f9 ils ou elles sont impliqu\u00e9.e.s.<br \/>\nLes axes, qui devront \u00eatre ancr\u00e9s dans la discipline des Sciences de l\u2019Information et de la Communication, pourront \u00eatre les suivants (liste non exhaustive)&#160;:<\/p>\n<ul>\n<li>M\u00e9dias, journalisme et industries culturelles<\/li>\n<li>Communication (culture, politique, publique, organisations, d\u00e9veloppement durable, sant\u00e9&#8230;)<\/li>\n<li>Syst\u00e8mes informationnels et changements li\u00e9es aux NTIC (bibliom\u00e9trie, documentation, dispositifs&#8230;)<\/li>\n<li>\u00c9pist\u00e9mologie, approche critique et m\u00e9thodologies sp\u00e9cifiques.<\/li>\n<\/ul>\n<h2>Consignes r\u00e9dactionnelles<\/h2>\n<h3>Vous devrez renseigner&#160;:<\/h3>\n<ul>\n<li>vos coordonn\u00e9es d\u2019auteur (nom, pr\u00e9nom, adresse \u00e9lectronique&#8230;)<\/li>\n<li>l\u2019ann\u00e9e d\u2019inscription en th\u00e8se et le titre provisoire de la th\u00e8se<\/li>\n<li>le titre de la communication souhait\u00e9e<\/li>\n<li>un r\u00e9sum\u00e9 de 500 mots maximum (hors bibliographie)<\/li>\n<li>3 \u00e0 5 mots-cl\u00e9s.<\/li>\n<li>La proposition de r\u00e9sum\u00e9 doit \u00eatre envoy\u00e9e aux deux adresses suivantes&#160;: <a href=\"mailto:alexia.cappuccio@univ-amu.fr\">alexia.cappuccio@univ-amu.fr<\/a> et <a href=\"mailto:clara-galliano@etud.univ-tln.fr\">clara-galliano@etud.univ-tln.fr<\/a>.<\/li>\n<\/ul>\n<p>Le programme et les informations pratiques vous seront envoy\u00e9s apr\u00e8s \u00e9valuation et acceptation de votre proposition. Les communications dureront 20 minutes et seront suivies par 10 minutes de questions.<\/p>\n<h2>Calendrier<\/h2>\n<ul>\n<li><strong>08 juin 2021&#160;:<\/strong> lancement et diffusion de l\u2019appel \u00e0 communication<\/li>\n<li>08 juillet 2021&#160;: date limite pour le d\u00e9p\u00f4t et l\u2019envoi du r\u00e9sum\u00e9<\/li>\n<li>13 juillet 2021&#160;: notification d\u2019acceptation ou de refus. En cas d\u2019acceptation, les auteurs devront s\u2019inscrire \u00e0 l\u2019\u00e9v\u00e8nement directement sur le site de l&rsquo;\u00e9v\u00e9nement.<\/li>\n<\/ul>\n<h2>Comit\u00e9 scientifique (en cours de construction)<\/h2>\n<ul>\n<li>C\u00e9line Pascual Espuny (Pr), laboratoire IMSIC, Aix-Marseille Universit\u00e9<\/li>\n<li>Michel Durampart (Pr), laboratoire IMSIC, Universit\u00e9 de Toulon<\/li>\n<li>Anne Gagnebien (McF), laboratoire IMSIC, Universit\u00e9 de Toulon<\/li>\n<li>Pauline Amiel (McF), laboratoire IMSIC, Aix-Marseille Universit\u00e9<\/li>\n<\/ul>\n<h2>Comit\u00e9 d\u2019organisation<\/h2>\n<ul>\n<li>Alexia Cappuccio, laboratoire IMSIC, Aix-Marseille Universit\u00e9<\/li>\n<li>Clara Galliano, laboratoire IMSIC, Universit\u00e9 de Toulon<\/li>\n<\/ul>\n<h2>Bibliographie<\/h2>\n<p>Blanchet, P. (2009). La r\u00e9flexivit\u00e9 comme condition et comme objectif d&rsquo;une recherche scientifique humaine et sociale. Cahiers de sociolinguistique, 1(1), 145-152. <a href=\"https:\/\/doi.org\/10.3917\/csl.0901.0145\">https:\/\/doi.org\/10.3917\/csl.0901.0145<\/a><\/p>\n<p>Charmillot, M. &amp; Dayer, C. (2007). D\u00e9marche compr\u00e9hensive et m\u00e9thodes qualitatives&#160;: clarifications \u00e9pist\u00e9mologiques. Revue <em>RECHERCHES QUALITATIVES<\/em> \u2013 num\u00e9ro 3 &#8211; Collection \u201cHors S\u00e9rie &#8211; Les Actes\u201d. <a href=\"http:\/\/www.recherche-qualitative.qc.ca\/documents\/files\/revue\/hors_serie\/hors_serie_v3\/Charmillot_et_Dayer-FINAL2.pdf\">http:\/\/www.recherche-qualitative.qc.ca\/documents\/files\/revue\/hors_serie\/hors_serie_v3\/Charmillot_et_Dayer-FINAL2.pdf<\/a><\/p>\n<p>De Lavergne, C. (2007). La posture du praticien-chercheur&#160;: un analyseur de l\u2019\u00e9volution de la recherche qualitative. Revue <em>RECHERCHES QUALITATIVES<\/em> \u2013 num\u00e9ro 3 &#8211; Collection \u201cHors S\u00e9rie &#8211; Les Actes\u201d. <a href=\"http:\/\/www.recherche-qualitative.qc.ca\/documents\/files\/revue\/hors_serie\/hors_serie_v3\/Delavergne-FINAL2.pdf\">http:\/\/www.recherche-qualitative.qc.ca\/documents\/files\/revue\/hors_serie\/hors_serie_v3\/Delavergne-FINAL2.pdf<\/a><\/p>\n<p>Delas, J.-P. &amp; Milly, B. (2015). <em>Histoire des pens\u00e9es sociologiques<\/em>. Malakoff&#160;: Armand Colin, Collection \u00ab&#160;U&#160;\u00bb, 542 pages<\/p>\n<p>Kaufmann, J-C. (1996). <em>L\u2019entretien compr\u00e9hensif<\/em>. Paris&#160;: Nathan, Collection \u201cUniversit\u00e9\u201d, 128 pages<\/p>\n<p>Lahire, B. (2008). De la r\u00e9flexivit\u00e9 dans la vie quotidienne&#160;: journal personnel, autobiographie et autres \u00e9critures de soi. <em>Sociologie et soci\u00e9t\u00e9s<\/em>, 40(2), 165\u2013179. <a href=\"https:\/\/doi.org\/10.7202\/000652ar\">https:\/\/doi.org\/10.7202\/000652ar<\/a><\/p>\n<p>Le Roulley, S. &amp; Uhel, M. (2020). <em>Chercheur.es critiques en terrains critiques<\/em>. Lormont&#160;: Le Bord de L\u2019eau \u00c9ditions, Collection \u00ab&#160;Documents&#160;\u00bb, 194 pages<\/p>\n<p>Lemieux, C. (2012). Peut-on ne pas \u00eatre constructiviste&#160;? <em>Politix<\/em>, n\u00b0 100(4), 169. <a href=\"https:\/\/doi.org\/10.3917\/pox.100.0169\">https:\/\/doi.org\/10.3917\/pox.100.0169<\/a><\/p>\n<p>Parrini-Alemanno, S. (2007). Contexte et contextualisation dans l\u2019approche qualitative de la communication organisationnelle. Revue <em>RECHERCHES QUALITATIVES<\/em> \u2013 num\u00e9ro 3 &#8211; Collection \u201cHors S\u00e9rie &#8211; Les Actes\u201d. <a href=\"http:\/\/www.recherche-qualitative.qc.ca\/documents\/files\/revue\/hors_serie\/hors_serie_v3\/PariniFINAL2.pdf\">http:\/\/www.recherche-qualitative.qc.ca\/documents\/files\/revue\/hors_serie\/hors_serie_v3\/PariniFINAL2.pdf<\/a><\/p>\n<p>Weber, M. (1989). <em>L\u2019\u00e9thique protestante et l\u2019esprit du capitalisme<\/em>. Paris&#160;: Pocket, Collection \u00ab&#160;Agora, n\u00b06&#160;\u00bb, 288 pages<\/p>\n<p>Weber, M. (2003). <em>\u00c9conomie et soci\u00e9t\u00e9, tome 2&#160;: L&rsquo;organisation et les puissances de la soci\u00e9t\u00e9 dans leur rapport avec l&rsquo;\u00e9conomie.<\/em> Paris&#160;: Pocket, Collection \u00ab&#160;Agora, n\u00b0172&#160;\u00bb, 424 pages<\/p>\n<\/p><\/div>\n<div class=\"zn-singledetail-attachedfiles\">\n<h3 class=\"zn-singledetail-section-title\">Fichier(s) attach\u00e9(s)<\/h3>\n<ul class=\"zn-singledetail-attachedfiles-list\">\n<li class=\"zn-singledetail-attachedfiles-item\">\n\t\t\t\t\t\t\t<a class=\"zn-singledetail-attachedfiles-link button outline for-download\" href=\"https:\/\/www.sfsic.org\/wp-inside\/uploads\/skp-membership\/demande_adh\/aac_doctoriades-universite-toulon_recherches-comprehensives-et-demarches-qualitatives_2021.pdf\" title=\"T\u00e9l\u00e9charger : \u00ab aac_doctoriades-universite-toulon_recherches-comprehensives-et-demarches-qualitatives_2021.pdf \u00bb\" target=\"_blank\" rel=\"noopener\"><br \/>\n\t\t\t\t\t\t\t\t<span class=\"button-txt\"><span class=\"button-txt-type\"> (pdf)<\/span><\/span><br \/>\n\t\t\t\t\t\t\t<\/a>\n\t\t\t\t\t\t<\/li>\n<\/ul><\/div>\n<div class=\"zn-singledetail-keywords\">\n<h3 class=\"zn-singledetail-section-title\">Mots-cl\u00e9s<\/h3>\n<ul class=\"termslist termslist-post_tag\">\n<li class=\"termslist-item termslist-title\"><span class=\"termslist-titletxt\">Mots-cl\u00e9s<\/span><span class=\"doubledot\"><\/span><\/li>\n<li class=\"termslist-item tax-post_tag term-doctorat\"><a class=\"termslist-itemlink\" href=\"https:\/\/www.sfsic.org\/tag\/doctorat\/\" title=\"Doctorat\"><span class=\"termslist-itemname\">Doctorat<\/span><\/a><\/li>\n<\/ul><\/div>\n<\/p><\/div>\n<\/p><\/div>\n<\/p><\/div>\n<\/p><\/div>\n<\/div>\n<p><!-- \/fxzn:singledetail --><\/p>\n","protected":false},"excerpt":{"rendered":"<p>Mis en ligne le 10 juin 2021 Th\u00e9matiques Communication et organisations M\u00e9dias et journalisme Organisation des connaissances R\u00e9ponse attendue pour le 08\/07\/2021 Type de r\u00e9ponse R\u00e9sum\u00e9 Type d\u2019\u00e9v\u00e9nement Colloque Contacts [&hellip;]<\/p>\n","protected":false},"author":781,"featured_media":0,"comment_status":"closed","ping_status":"closed","sticky":false,"template":"","format":"standard","meta":{"_acf_changed":false,"footnotes":""},"categories":[29,57],"tags":[159],"thematique":[37,34,42],"sfsic":[],"class_list":["post-18676","post","type-post","status-publish","format-standard","hentry","category-aac-evenement","category-colloque","tag-doctorat","thematique-communication-organisations","thematique-medias-et-journalisme","thematique-organisation-des-connaissances","wp-sticky"],"acf":[],"yoast_head":"<!-- This site is optimized with the Yoast SEO plugin v27.4 - https:\/\/yoast.com\/product\/yoast-seo-wordpress\/ -->\n<title>Recherches compr\u00e9hensives et d\u00e9marches qualitatives<\/title>\n<meta name=\"description\" content=\"Le laboratoire IMSIC (Institut M\u00e9diterran\u00e9en des Sciences de l&#039;Information et de la Communication) lance un appel \u00e0 contribution pour la 10\u00e8me \u00e9dition des Doctoriades de l&#039;Universit\u00e9 de Toulon sur le th\u00e8me &quot;Recherches compr\u00e9hensives &amp; d\u00e9marches qualitatives&quot;.\" \/>\n<meta name=\"robots\" content=\"index, follow, max-snippet:-1, max-image-preview:large, max-video-preview:-1\" \/>\n<link rel=\"canonical\" href=\"https:\/\/www.sfsic.org\/en\/aac-evenement\/recherches-comprehensives-et-demarches-qualitatives\/\" \/>\n<meta property=\"og:locale\" content=\"en_US\" \/>\n<meta property=\"og:type\" content=\"article\" \/>\n<meta property=\"og:title\" content=\"Recherches compr\u00e9hensives et d\u00e9marches qualitatives\" \/>\n<meta property=\"og:description\" content=\"Le laboratoire IMSIC (Institut M\u00e9diterran\u00e9en des Sciences de l&#039;Information et de la Communication) lance un appel \u00e0 contribution pour la 10\u00e8me \u00e9dition des Doctoriades de l&#039;Universit\u00e9 de Toulon sur le th\u00e8me &quot;Recherches compr\u00e9hensives &amp; d\u00e9marches qualitatives&quot;.\" \/>\n<meta property=\"og:url\" content=\"https:\/\/www.sfsic.org\/en\/aac-evenement\/recherches-comprehensives-et-demarches-qualitatives\/\" \/>\n<meta property=\"og:site_name\" content=\"SFSIC\" \/>\n<meta property=\"article:published_time\" content=\"2021-06-10T12:00:31+00:00\" \/>\n<meta property=\"article:modified_time\" content=\"2021-06-11T08:05:10+00:00\" \/>\n<meta name=\"author\" content=\"Axelle Martin\" \/>\n<meta name=\"twitter:card\" content=\"summary_large_image\" \/>\n<script type=\"application\/ld+json\" class=\"yoast-schema-graph\">{\"@context\":\"https:\\\/\\\/schema.org\",\"@graph\":[{\"@type\":\"Article\",\"@id\":\"https:\\\/\\\/www.sfsic.org\\\/en\\\/aac-evenement\\\/recherches-comprehensives-et-demarches-qualitatives\\\/#article\",\"isPartOf\":{\"@id\":\"https:\\\/\\\/www.sfsic.org\\\/en\\\/aac-evenement\\\/recherches-comprehensives-et-demarches-qualitatives\\\/\"},\"author\":{\"name\":\"Axelle Martin\",\"@id\":\"https:\\\/\\\/www.sfsic.org\\\/en\\\/#\\\/schema\\\/person\\\/d3606993477708f4359fb9aeda58df3b\"},\"headline\":\"Recherches compr\u00e9hensives et d\u00e9marches qualitatives\",\"datePublished\":\"2021-06-10T12:00:31+00:00\",\"dateModified\":\"2021-06-11T08:05:10+00:00\",\"mainEntityOfPage\":{\"@id\":\"https:\\\/\\\/www.sfsic.org\\\/en\\\/aac-evenement\\\/recherches-comprehensives-et-demarches-qualitatives\\\/\"},\"wordCount\":1204,\"publisher\":{\"@id\":\"https:\\\/\\\/www.sfsic.org\\\/en\\\/#organization\"},\"keywords\":[\"Doctorat\"],\"articleSection\":[\"AAC \u00c9v\u00e9nement\",\"Colloque\"],\"inLanguage\":\"en-US\"},{\"@type\":\"WebPage\",\"@id\":\"https:\\\/\\\/www.sfsic.org\\\/en\\\/aac-evenement\\\/recherches-comprehensives-et-demarches-qualitatives\\\/\",\"url\":\"https:\\\/\\\/www.sfsic.org\\\/en\\\/aac-evenement\\\/recherches-comprehensives-et-demarches-qualitatives\\\/\",\"name\":\"Recherches compr\u00e9hensives et d\u00e9marches qualitatives\",\"isPartOf\":{\"@id\":\"https:\\\/\\\/www.sfsic.org\\\/en\\\/#website\"},\"datePublished\":\"2021-06-10T12:00:31+00:00\",\"dateModified\":\"2021-06-11T08:05:10+00:00\",\"description\":\"Le laboratoire IMSIC (Institut M\u00e9diterran\u00e9en des Sciences de l'Information et de la Communication) lance un appel \u00e0 contribution pour la 10\u00e8me \u00e9dition des Doctoriades de l'Universit\u00e9 de Toulon sur le th\u00e8me \\\"Recherches compr\u00e9hensives &amp; d\u00e9marches qualitatives\\\".\",\"breadcrumb\":{\"@id\":\"https:\\\/\\\/www.sfsic.org\\\/en\\\/aac-evenement\\\/recherches-comprehensives-et-demarches-qualitatives\\\/#breadcrumb\"},\"inLanguage\":\"en-US\",\"potentialAction\":[{\"@type\":\"ReadAction\",\"target\":[\"https:\\\/\\\/www.sfsic.org\\\/en\\\/aac-evenement\\\/recherches-comprehensives-et-demarches-qualitatives\\\/\"]}]},{\"@type\":\"BreadcrumbList\",\"@id\":\"https:\\\/\\\/www.sfsic.org\\\/en\\\/aac-evenement\\\/recherches-comprehensives-et-demarches-qualitatives\\\/#breadcrumb\",\"itemListElement\":[{\"@type\":\"ListItem\",\"position\":1,\"name\":\"Accueil\",\"item\":\"https:\\\/\\\/www.sfsic.org\\\/en\\\/\"},{\"@type\":\"ListItem\",\"position\":2,\"name\":\"Calls for Contributions\",\"item\":\"https:\\\/\\\/www.sfsic.org\\\/en\\\/cfc-event\\\/\"},{\"@type\":\"ListItem\",\"position\":3,\"name\":\"Conference\",\"item\":\"https:\\\/\\\/www.sfsic.org\\\/en\\\/cfc-event\\\/conference\\\/\"},{\"@type\":\"ListItem\",\"position\":4,\"name\":\"Recherches compr\u00e9hensives et d\u00e9marches qualitatives\"}]},{\"@type\":\"WebSite\",\"@id\":\"https:\\\/\\\/www.sfsic.org\\\/en\\\/#website\",\"url\":\"https:\\\/\\\/www.sfsic.org\\\/en\\\/\",\"name\":\"SFSIC\",\"description\":\"Soci\u00e9t\u00e9 Fran\u00e7aise des Sciences de l&#039;Information &amp; de la Communication\",\"publisher\":{\"@id\":\"https:\\\/\\\/www.sfsic.org\\\/en\\\/#organization\"},\"potentialAction\":[{\"@type\":\"SearchAction\",\"target\":{\"@type\":\"EntryPoint\",\"urlTemplate\":\"https:\\\/\\\/www.sfsic.org\\\/en\\\/?s={search_term_string}\"},\"query-input\":{\"@type\":\"PropertyValueSpecification\",\"valueRequired\":true,\"valueName\":\"search_term_string\"}}],\"inLanguage\":\"en-US\"},{\"@type\":\"Organization\",\"@id\":\"https:\\\/\\\/www.sfsic.org\\\/en\\\/#organization\",\"name\":\"SFSIC\",\"url\":\"https:\\\/\\\/www.sfsic.org\\\/en\\\/\",\"logo\":{\"@type\":\"ImageObject\",\"inLanguage\":\"en-US\",\"@id\":\"https:\\\/\\\/www.sfsic.org\\\/en\\\/#\\\/schema\\\/logo\\\/image\\\/\",\"url\":\"https:\\\/\\\/www.sfsic.org\\\/wp-inside\\\/uploads\\\/2020\\\/05\\\/logo-sfsic.jpg\",\"contentUrl\":\"https:\\\/\\\/www.sfsic.org\\\/wp-inside\\\/uploads\\\/2020\\\/05\\\/logo-sfsic.jpg\",\"width\":1085,\"height\":1080,\"caption\":\"SFSIC\"},\"image\":{\"@id\":\"https:\\\/\\\/www.sfsic.org\\\/en\\\/#\\\/schema\\\/logo\\\/image\\\/\"}},{\"@type\":\"Person\",\"@id\":\"https:\\\/\\\/www.sfsic.org\\\/en\\\/#\\\/schema\\\/person\\\/d3606993477708f4359fb9aeda58df3b\",\"name\":\"Axelle Martin\",\"image\":{\"@type\":\"ImageObject\",\"inLanguage\":\"en-US\",\"@id\":\"https:\\\/\\\/secure.gravatar.com\\\/avatar\\\/1065035eb5e480668fbf77e163c2e86f81ac342eaad4c8783acdf4a63f3c917b?s=96&d=mm&r=g\",\"url\":\"https:\\\/\\\/secure.gravatar.com\\\/avatar\\\/1065035eb5e480668fbf77e163c2e86f81ac342eaad4c8783acdf4a63f3c917b?s=96&d=mm&r=g\",\"contentUrl\":\"https:\\\/\\\/secure.gravatar.com\\\/avatar\\\/1065035eb5e480668fbf77e163c2e86f81ac342eaad4c8783acdf4a63f3c917b?s=96&d=mm&r=g\",\"caption\":\"Axelle Martin\"},\"sameAs\":[\"@antropocominside\"]}]}<\/script>\n<!-- \/ Yoast SEO plugin. -->","yoast_head_json":{"title":"Recherches compr\u00e9hensives et d\u00e9marches qualitatives","description":"Le laboratoire IMSIC (Institut M\u00e9diterran\u00e9en des Sciences de l'Information et de la Communication) lance un appel \u00e0 contribution pour la 10\u00e8me \u00e9dition des Doctoriades de l'Universit\u00e9 de Toulon sur le th\u00e8me \"Recherches compr\u00e9hensives &amp; d\u00e9marches qualitatives\".","robots":{"index":"index","follow":"follow","max-snippet":"max-snippet:-1","max-image-preview":"max-image-preview:large","max-video-preview":"max-video-preview:-1"},"canonical":"https:\/\/www.sfsic.org\/en\/aac-evenement\/recherches-comprehensives-et-demarches-qualitatives\/","og_locale":"en_US","og_type":"article","og_title":"Recherches compr\u00e9hensives et d\u00e9marches qualitatives","og_description":"Le laboratoire IMSIC (Institut M\u00e9diterran\u00e9en des Sciences de l'Information et de la Communication) lance un appel \u00e0 contribution pour la 10\u00e8me \u00e9dition des Doctoriades de l'Universit\u00e9 de Toulon sur le th\u00e8me \"Recherches compr\u00e9hensives &amp; d\u00e9marches qualitatives\".","og_url":"https:\/\/www.sfsic.org\/en\/aac-evenement\/recherches-comprehensives-et-demarches-qualitatives\/","og_site_name":"SFSIC","article_published_time":"2021-06-10T12:00:31+00:00","article_modified_time":"2021-06-11T08:05:10+00:00","author":"Axelle Martin","twitter_card":"summary_large_image","schema":{"@context":"https:\/\/schema.org","@graph":[{"@type":"Article","@id":"https:\/\/www.sfsic.org\/en\/aac-evenement\/recherches-comprehensives-et-demarches-qualitatives\/#article","isPartOf":{"@id":"https:\/\/www.sfsic.org\/en\/aac-evenement\/recherches-comprehensives-et-demarches-qualitatives\/"},"author":{"name":"Axelle Martin","@id":"https:\/\/www.sfsic.org\/en\/#\/schema\/person\/d3606993477708f4359fb9aeda58df3b"},"headline":"Recherches compr\u00e9hensives et d\u00e9marches qualitatives","datePublished":"2021-06-10T12:00:31+00:00","dateModified":"2021-06-11T08:05:10+00:00","mainEntityOfPage":{"@id":"https:\/\/www.sfsic.org\/en\/aac-evenement\/recherches-comprehensives-et-demarches-qualitatives\/"},"wordCount":1204,"publisher":{"@id":"https:\/\/www.sfsic.org\/en\/#organization"},"keywords":["Doctorat"],"articleSection":["AAC \u00c9v\u00e9nement","Colloque"],"inLanguage":"en-US"},{"@type":"WebPage","@id":"https:\/\/www.sfsic.org\/en\/aac-evenement\/recherches-comprehensives-et-demarches-qualitatives\/","url":"https:\/\/www.sfsic.org\/en\/aac-evenement\/recherches-comprehensives-et-demarches-qualitatives\/","name":"Recherches compr\u00e9hensives et d\u00e9marches qualitatives","isPartOf":{"@id":"https:\/\/www.sfsic.org\/en\/#website"},"datePublished":"2021-06-10T12:00:31+00:00","dateModified":"2021-06-11T08:05:10+00:00","description":"Le laboratoire IMSIC (Institut M\u00e9diterran\u00e9en des Sciences de l'Information et de la Communication) lance un appel \u00e0 contribution pour la 10\u00e8me \u00e9dition des Doctoriades de l'Universit\u00e9 de Toulon sur le th\u00e8me \"Recherches compr\u00e9hensives &amp; d\u00e9marches qualitatives\".","breadcrumb":{"@id":"https:\/\/www.sfsic.org\/en\/aac-evenement\/recherches-comprehensives-et-demarches-qualitatives\/#breadcrumb"},"inLanguage":"en-US","potentialAction":[{"@type":"ReadAction","target":["https:\/\/www.sfsic.org\/en\/aac-evenement\/recherches-comprehensives-et-demarches-qualitatives\/"]}]},{"@type":"BreadcrumbList","@id":"https:\/\/www.sfsic.org\/en\/aac-evenement\/recherches-comprehensives-et-demarches-qualitatives\/#breadcrumb","itemListElement":[{"@type":"ListItem","position":1,"name":"Accueil","item":"https:\/\/www.sfsic.org\/en\/"},{"@type":"ListItem","position":2,"name":"Calls for Contributions","item":"https:\/\/www.sfsic.org\/en\/cfc-event\/"},{"@type":"ListItem","position":3,"name":"Conference","item":"https:\/\/www.sfsic.org\/en\/cfc-event\/conference\/"},{"@type":"ListItem","position":4,"name":"Recherches compr\u00e9hensives et d\u00e9marches qualitatives"}]},{"@type":"WebSite","@id":"https:\/\/www.sfsic.org\/en\/#website","url":"https:\/\/www.sfsic.org\/en\/","name":"SFSIC","description":"Soci\u00e9t\u00e9 Fran\u00e7aise des Sciences de l&#039;Information &amp; de la Communication","publisher":{"@id":"https:\/\/www.sfsic.org\/en\/#organization"},"potentialAction":[{"@type":"SearchAction","target":{"@type":"EntryPoint","urlTemplate":"https:\/\/www.sfsic.org\/en\/?s={search_term_string}"},"query-input":{"@type":"PropertyValueSpecification","valueRequired":true,"valueName":"search_term_string"}}],"inLanguage":"en-US"},{"@type":"Organization","@id":"https:\/\/www.sfsic.org\/en\/#organization","name":"SFSIC","url":"https:\/\/www.sfsic.org\/en\/","logo":{"@type":"ImageObject","inLanguage":"en-US","@id":"https:\/\/www.sfsic.org\/en\/#\/schema\/logo\/image\/","url":"https:\/\/www.sfsic.org\/wp-inside\/uploads\/2020\/05\/logo-sfsic.jpg","contentUrl":"https:\/\/www.sfsic.org\/wp-inside\/uploads\/2020\/05\/logo-sfsic.jpg","width":1085,"height":1080,"caption":"SFSIC"},"image":{"@id":"https:\/\/www.sfsic.org\/en\/#\/schema\/logo\/image\/"}},{"@type":"Person","@id":"https:\/\/www.sfsic.org\/en\/#\/schema\/person\/d3606993477708f4359fb9aeda58df3b","name":"Axelle Martin","image":{"@type":"ImageObject","inLanguage":"en-US","@id":"https:\/\/secure.gravatar.com\/avatar\/1065035eb5e480668fbf77e163c2e86f81ac342eaad4c8783acdf4a63f3c917b?s=96&d=mm&r=g","url":"https:\/\/secure.gravatar.com\/avatar\/1065035eb5e480668fbf77e163c2e86f81ac342eaad4c8783acdf4a63f3c917b?s=96&d=mm&r=g","contentUrl":"https:\/\/secure.gravatar.com\/avatar\/1065035eb5e480668fbf77e163c2e86f81ac342eaad4c8783acdf4a63f3c917b?s=96&d=mm&r=g","caption":"Axelle Martin"},"sameAs":["@antropocominside"]}]}},"_links":{"self":[{"href":"https:\/\/www.sfsic.org\/en\/wp-json\/wp\/v2\/posts\/18676","targetHints":{"allow":["GET"]}}],"collection":[{"href":"https:\/\/www.sfsic.org\/en\/wp-json\/wp\/v2\/posts"}],"about":[{"href":"https:\/\/www.sfsic.org\/en\/wp-json\/wp\/v2\/types\/post"}],"author":[{"embeddable":true,"href":"https:\/\/www.sfsic.org\/en\/wp-json\/wp\/v2\/users\/781"}],"replies":[{"embeddable":true,"href":"https:\/\/www.sfsic.org\/en\/wp-json\/wp\/v2\/comments?post=18676"}],"version-history":[{"count":5,"href":"https:\/\/www.sfsic.org\/en\/wp-json\/wp\/v2\/posts\/18676\/revisions"}],"predecessor-version":[{"id":18689,"href":"https:\/\/www.sfsic.org\/en\/wp-json\/wp\/v2\/posts\/18676\/revisions\/18689"}],"wp:attachment":[{"href":"https:\/\/www.sfsic.org\/en\/wp-json\/wp\/v2\/media?parent=18676"}],"wp:term":[{"taxonomy":"category","embeddable":true,"href":"https:\/\/www.sfsic.org\/en\/wp-json\/wp\/v2\/categories?post=18676"},{"taxonomy":"post_tag","embeddable":true,"href":"https:\/\/www.sfsic.org\/en\/wp-json\/wp\/v2\/tags?post=18676"},{"taxonomy":"thematique","embeddable":true,"href":"https:\/\/www.sfsic.org\/en\/wp-json\/wp\/v2\/thematique?post=18676"},{"taxonomy":"sfsic","embeddable":true,"href":"https:\/\/www.sfsic.org\/en\/wp-json\/wp\/v2\/sfsic?post=18676"}],"curies":[{"name":"wp","href":"https:\/\/api.w.org\/{rel}","templated":true}]}}