{"id":17788,"date":"2021-05-12T15:57:12","date_gmt":"2021-05-12T13:57:12","guid":{"rendered":"https:\/\/www.sfsic.org\/?p=17788"},"modified":"2021-10-06T21:31:38","modified_gmt":"2021-10-06T19:31:38","slug":"exposer-des-objets-religieux","status":"publish","type":"post","link":"https:\/\/www.sfsic.org\/en\/aac-publication\/exposer-des-objets-religieux\/","title":{"rendered":"Exposer des objets religieux"},"content":{"rendered":"<p><!-- fxzn:singledetail --><\/p>\n<div class=\"zone zn-singledetail\" id=\"fxzn-singledetail-1\">\n<div class=\"zone-block zn-singledetail-block alignwide va-top\">\n<div class=\"row\">\n<div class=\"columns large-8 large-push-4\">\n<div class=\"zn-singledetail-metabox\">\n<div class=\"zn-singledetail-pubdate pubdate\">\n\t\t\t\t\t<span class=\"pubdate-txt\">Mis en ligne le<\/span><span class=\"doubledot\"><\/span> 12 mai 2021\t\t\t\t<\/div>\n<div class=\"zn-singledetail-thematiques with-sep-comma\">\n<ul class=\"termslist termslist-thematique\">\n<li class=\"termslist-item termslist-title\"><span class=\"termslist-titletxt\">Th\u00e9matiques<\/span><span class=\"doubledot\"><\/span><\/li>\n<li class=\"termslist-item tax-thematique term-mediations-memorielles-culturelles-et-patrimoniales\"><a class=\"termslist-itemlink\" href=\"https:\/\/www.sfsic.org\/thematiques\/mediations-memorielles-culturelles-et-patrimoniales\/\" title=\"M\u00e9diations m\u00e9morielles, culturelles et patrimoniales\"><span class=\"termslist-itemname\">M\u00e9diations m\u00e9morielles, culturelles et patrimoniales<\/span><\/a><\/li>\n<\/ul><\/div>\n<\/p><\/div>\n<\/p><\/div>\n<\/p><\/div>\n<div class=\"row\">\n<div class=\"columns large-4\">\n<div class=\"zn-singledetail-sidebar bg-cornersquares\">\n<div class=\"zn-singledetail-infos\">\n<p class=\"zn-singledetail-reponse-date\">\n\t\t\t\t\t\t<span>R\u00e9ponse attendue pour le<\/span><span class=\"doubledot\"><\/span> <strong>29\/10\/2021<\/strong>\n\t\t\t\t\t<\/p>\n<p class=\"zn-singledetail-reponse-type\">\n\t\t\t\t\t<span>Type de r\u00e9ponse<\/span><span class=\"doubledot\"><\/span> <strong>R\u00e9sum\u00e9<\/strong>\n\t\t\t\t\t<\/p>\n<p class=\"zn-singledetail-type\">\n\t\t\t\t\t\t\t<span>Type de contribution attendue<\/span><span class=\"doubledot\"><\/span> <strong>Article<\/strong>\n\t\t\t\t\t<\/p>\n<p class=\"zn-singledetail-name\">\n\t\t\t\t\t\t\t<span>Nom de la publication<\/span><span class=\"doubledot\"><\/span> <strong>Culture &amp; Mus\u00e9es <\/strong>\n\t\t\t\t\t<\/p>\n<\/p><\/div>\n<div class=\"zn-singledetail-contacts\">\n<h3 class=\"zn-singledetail-section-title\">Contacts<\/h3>\n<ul class=\"zn-singledetail-contacts-list\">\n<li class=\"zn-singledetail-contact\">\n\t\t\t\t\t\t\t<span class=\"zn-singledetail-contact-name\">David Douy\u00e8re, Universit\u00e9 de Tours<\/span><span class=\"doubledot\"><\/span><br \/>\n\t\t\t\t\t\t\t\t\t\t\t\t\t\t<a class=\"zn-singledetail-contact-mail prettylink\" href=\"mailto:david.douyere@univ-tours.fr\">david.douyere@univ-tours.fr<\/a>\n\t\t\t\t\t\t\t\t\t\t\t\t\t<\/li>\n<li class=\"zn-singledetail-contact\">\n\t\t\t\t\t\t\t<span class=\"zn-singledetail-contact-name\">Nathalie Cerezales, Universit\u00e9 Paris 1 Panth\u00e9on-Sorbonne<\/span><span class=\"doubledot\"><\/span><br \/>\n\t\t\t\t\t\t\t\t\t\t\t\t\t\t<a class=\"zn-singledetail-contact-mail prettylink\" href=\"mailto:nathalie.cerezales@gmail.com\">nathalie.cerezales@gmail.com<\/a>\n\t\t\t\t\t\t\t\t\t\t\t\t\t<\/li>\n<li class=\"zn-singledetail-contact\">\n\t\t\t\t\t\t\t<span class=\"zn-singledetail-contact-name\">Gaspard Salatko, Fondation des sciences du patrimoine<\/span><span class=\"doubledot\"><\/span><br \/>\n\t\t\t\t\t\t\t\t\t\t\t\t\t\t<a class=\"zn-singledetail-contact-mail prettylink\" href=\"mailto:gaspard.salatko@gmail.com\">gaspard.salatko@gmail.com<\/a>\n\t\t\t\t\t\t\t\t\t\t\t\t\t<\/li>\n<\/ul><\/div>\n<div class=\"zn-singledetail-weblinks\">\n<h3 class=\"zn-singledetail-section-title\">Sites internet de r\u00e9f\u00e9rence<\/h3>\n<ul class=\"zn-singledetail-weblinks-list\">\n<li>\n\t\t\t\t\t\t\t<a class=\"prettylink chainlink\" href=\"https:\/\/journals.openedition.org\/culturemusees\/6064?lang=fr\" title=\"Site de la revue\" target=\"_blank\" rel=\"noopener\">Site de la revue<\/a>\n\t\t\t\t\t\t<\/li>\n<\/ul><\/div>\n<\/p><\/div>\n<\/p><\/div>\n<div class=\"columns large-8\">\n<div class=\"zn-singledetail-contentbox\">\n<div class=\"zn-singledetail-annonce wig-content\">\n<p>Souvent, dans un ch\u00e2teau, un prie-Dieu para\u00eet n\u2019\u00eatre qu\u2019un meuble ou le souvenir de l\u2019\u00e9poux d\u00e9funt. Il arrive ainsi que l\u2019appropriation patrimoniale d\u00e9sactive le sens religieux d\u2019un objet pr\u00e9sent\u00e9, ou le coupe de son espace vivant d\u2019expression \u00ab&#160;spirituelle&#160;\u00bb. Pourtant, peuvent parfois \u00eatre temporairement emprunt\u00e9s des collections patrimoniales des objets religieux servant \u00e0 une procession rituelle, en Espagne ou en France par exemple. Une m\u00eame pi\u00e8ce (un meuble \u00e0 reliques, notamment), peut \u00eatre \u00e0 la fois et conjointement dans une \u00e9glise objet d\u2019admiration esth\u00e9tique et de d\u00e9votion.<\/p>\n<p>Dans ces conditions, qu\u2019en est-il du caract\u00e8re \u00ab&#160;religieux&#160;\u00bb des objets pr\u00e9sent\u00e9s dans une collection, qui le leur conf\u00e8re&#160;? Comment les institutions le traitent-elles&#160;? Comment les publics le consid\u00e8rent-ils&#160;? Exposer des objets \u00e0 port\u00e9e religieuse n\u00e9cessite d\u2019abord de se demander si l\u2019esth\u00e9tique \u00ab&#160;revendiqu\u00e9e&#160;\u00bb a\u0300 propos de ces objets \u00ab&#160;est [bien] celle de ceux qui les ont fabriqu\u00e9s et utilis\u00e9s&#160;\u00bb (Hainard, 2006&#160;: 129). En pr\u00e9mices de son <em>Mus\u00e9e imaginaire<\/em>, Andr\u00e9 Malraux rappelait en effet d\u00e9j\u00e0 qu\u2019\u00ab&#160;un crucifix roman n\u2019\u00e9tait pas d\u2019abord une sculpture&#160;\u00bb ([1947], 1965&#160;: 9). Lue \u00e0 la lumi\u00e8re des sciences humaines et sociales, cette r\u00e9f\u00e9rence aux affectations premi\u00e8res des \u00ab&#160;arts religieux&#160;\u00bb, vaut pour invitation \u00e0 retracer la biographie des images, objets et instruments liturgiques, en suivant leurs d\u00e9placements depuis leur lieu initial d\u2019usage et de production vers d\u2019autres lieux de conservation et d\u2019exposition.<\/p>\n<p>Ce dossier de <em>Culture &amp; Mus\u00e9es<\/em> entend donc permettre, en examinant les conditions d\u2019exposition des objets pens\u00e9s ou pos\u00e9s comme \u00ab&#160;religieux&#160;\u00bb, de rep\u00e9rer comment les trajectoires cultuelles, les carri\u00e8res patrimoniales ou encore les biographies mat\u00e9rielles de ces objets se forment \u2013 car elles ne sont pas trac\u00e9es d\u2019avance&#160;! Ce sont en effet les acteurs concern\u00e9s par ces objets qui en infl\u00e9chissent les usages et les devenirs possibles, en activant les qualit\u00e9s et les valeurs (Heinich, 2017) qui font sens pour eux, au regard des syst\u00e8mes de r\u00e9f\u00e9rence qu\u2019ils convoquent pour interpr\u00e9ter ce qui leur est donn\u00e9 \u00e0 voir ou, inversement, pour donner \u00e0 appr\u00e9cier ce qu\u2019ils exposent.<\/p>\n<p>Dans ces conditions, comment les institutions g\u00e8rent-elles la pr\u00e9sentation d\u2019objets ou d\u2019\u0153uvres investies d\u2019une signification religieuse forte pour certains acteurs qui les ont produites ou accompagn\u00e9es, voire se sont accompagn\u00e9s de ces \u0153uvres&#160;? Et peuvent-elles \u00e9vacuer (ou, \u00e0 l\u2019inverse, affirmer) le \u2018\u2018sens d\u2019esprit\u2019\u2019 (pour ne pas dire le sens spirituel) pr\u00eat\u00e9 \u00e0 une \u0153uvre&#160;? En somme, comment les institutions charg\u00e9es de la conservation de ces objets en consolident-elles ou en d\u00e9placent-elles l\u2019op\u00e9rativit\u00e9 (Marin, 2016), par le moyen de l\u2019exposition&#160;? En explorant cette piste, ce dossier souhaite interroger, d\u2019une part, la labilit\u00e9 des regards et des attachements (Bonnot, 2014) qui sont port\u00e9s sur ces objets et ces \u0153uvres dans les collections, publiques ou priv\u00e9es, et d\u2019autre part, la fa\u00e7on dont les sens et les fonctionnalit\u00e9s des \u0153uvres ou des objets sont r\u00e9affirm\u00e9s ou r\u00e9invent\u00e9s, suivant le cadre interpr\u00e9tatif admissible, mobilis\u00e9 ou construit pour le public (Goodman, 1990).<\/p>\n<p>Observ\u00e9e de la sorte, la conversion patrimoniale des objets religieux ne peut se r\u00e9duire \u00e0 un chiasme entre le <em>cultuel<\/em> et le <em>culturel<\/em>. Sans opposer les pratiques patrimoniales et cultuelles qui accompagnent l\u2019animation des objets \u00ab&#160;religieux&#160;\u00bb dans les collections, leur mise en exposition s\u2019av\u00e8re constituer des moments m\u00e9thodologiquement heuristiques pour penser les processus de qualification et de disqualification de ces objets en de\u00e7\u00e0 des fronti\u00e8res cat\u00e9gorielles et disciplinaires institu\u00e9es.<\/p>\n<p class=\"texte\">Les contributions retenues pour ce dossier seront fond\u00e9es sur des \u00e9tudes de cas empiriquement document\u00e9es (archives, ethnographies, comparaisons, observations\u2026)\u00a0portant sur des mus\u00e9es fran\u00e7ais ou \u00e9trangers, priv\u00e9s ou publics, r\u00e9gionaux ou nationaux. Elles souligneront les singularit\u00e9s des institutions exposantes et leurs \u00ab&#160;logiques&#160;\u00bb propres, pour mettre au jour les formes de pr\u00e9sentation patrimoniale des objets \u00ab&#160;religieux&#160;\u00bb, notamment (mais pas seulement) en r\u00e9gime de la\u00efcit\u00e9, notamment quand celle-ci est invoqu\u00e9e pour former contrainte et obstacle \u00e0 un discours explicitant la port\u00e9e religieuse d\u2019une \u0153uvre. Trois champs d\u2019investigation peuvent se trouver explor\u00e9s dans cette perspective&#160;:<\/p>\n<ol>\n<li class=\"texte\">d\u2019un c\u00f4t\u00e9 les mus\u00e9es d\u2019art religieux, dit d\u2019art sacr\u00e9,<\/li>\n<li class=\"texte\">d\u2019autre part les objets investis d\u2019un sens \u00ab&#160;religieux&#160;\u00bb pr\u00e9sent\u00e9s, de diverses fa\u00e7ons, dans des collections historiques, ethnographiques, ou artistiques, publiques ou priv\u00e9es,<\/li>\n<li class=\"texte\">et enfin les objets artistiques patrimoniaux conserv\u00e9s et pr\u00e9sent\u00e9s dans des \u00e9difices religieux. On s\u2019int\u00e9ressera ainsi aux diff\u00e9rentes op\u00e9rations (de profanation, de sacralisation, de conservation, de restauration, de patrimonialisation) men\u00e9es sur les \u0153uvres.<\/li>\n<\/ol>\n<p>Pour chacun de ces axes, on pourra examiner comment les vacillements des sensorialit\u00e9s et affectivit\u00e9s religieuses s\u2019entrem\u00ealent \u00e0 des formes d\u2019appr\u00e9ciations esth\u00e9tiques, culturelles, historiques ou patrimoniales diverses&#160;; ou comment ces \u0153uvres supportent des ensembles h\u00e9t\u00e9rog\u00e8nes de pratiques, de formes d\u2019attention, d\u2019\u00e9laborations th\u00e9oriques ou th\u00e9ologiques, \u00e9conomiques ou juridiques, de discours et de textes de r\u00e9f\u00e9rence, reli\u00e9s en des agencements, historiquement construit et stabilis\u00e9s.<\/p>\n<h2 class=\"texte\">Axe 1&#160;: Mus\u00e9es d\u2019art religieux, dits \u00ab&#160;d\u2019art sacr\u00e9&#160;\u00bb, et mus\u00e9es religieux<\/h2>\n<p class=\"texte\">Les mus\u00e9es d\u2019art religieux sont confront\u00e9s \u00e0 la probl\u00e9matique de donner du sens \u00e0 des objets dont la port\u00e9e rituelle peut \u00eatre mal connue, ou frapp\u00e9e d\u2019obsolescence. Comment parviennent-ils d\u00e8s lors \u00e0 restituer l\u2019usage, la signification, la port\u00e9e, et la carri\u00e8re de ces objets&#160;? \u00c0 les inscrire dans leur vie sociale initiale&#160;? Un reliquaire de sainte Jeanne de Chantal et saint Fran\u00e7ois de Sales form\u00e9 de papiers roul\u00e9s r\u00e9alis\u00e9 par les Visitandines pr\u00e9sent\u00e9 \u00e0 Moulins n\u2019est pas seulement une \u0153uvre d\u2019une incroyable ing\u00e9niosit\u00e9 et pr\u00e9cision r\u00e9alis\u00e9e avec peu de moyens&#160;: il dit l\u2019activit\u00e9 quotidienne des s\u0153urs de la Visitation autant que leur d\u00e9votion au Sacr\u00e9 C\u0153ur de J\u00e9sus. Comment ces mus\u00e9es d\u2019art religieux prennent-ils en charge \u00e0 la fois la port\u00e9e esth\u00e9tique et religieuse des objets&#160;? Que donnent-ils \u00e0 voir&#160;: la vie religieuse ou des \u00ab&#160;tr\u00e9sors&#160;\u00bb&#160;? Comment int\u00e8grent-ils le rapport variable des religions \u00e0 la repr\u00e9sentation (mus\u00e9es protestants ou juifs, par exemple)&#160;? Quelle est le motif de leur pr\u00e9sentation d\u2019objets&#160;: un lien \u00e0 une institution religieuse, une m\u00e9moire locale, \u00ab&#160;communautaire&#160;\u00bb&#160;? Des mus\u00e9es d\u2019institutions para (voire anti) religieuses (th\u00e9osophie, spiritisme, positivisme comtien, franc-ma\u00e7onnerie) peuvent \u00e9galement \u00eatre \u00e9tudi\u00e9s, lorsque les objets rel\u00e8vent \u00e9galement d\u2019une quadruple interpr\u00e9tation, \u00e0 la fois esth\u00e9tique, historique, sociale et rituelle ou \u00ab&#160;spirituelle&#160;\u00bb, qui les d\u00e9termine de multiples fa\u00e7ons.<\/p>\n<h2 class=\"texte\">Axe 2&#160;: Les objets \u00ab&#160;religieux&#160;\u00bb pr\u00e9sent\u00e9s dans des collections<\/h2>\n<p class=\"texte\">Lorsqu\u2019une patrimonialisation esth\u00e9tique, historique ou ethnographique am\u00e8ne \u00e0 pr\u00e9senter des objets historiquement marqu\u00e9s d\u2019un caract\u00e8re \u00ab&#160;religieux&#160;\u00bb, pour certains acteurs, comment l\u2019institution mus\u00e9ale g\u00e8re-t-elle ce double sens d\u2019une pi\u00e8ce&#160;? L\u2019objet religieux, quel qu\u2019il soit (du chapelet au tableau de ma\u00eetre) appelle-t-il une mise en exposition au public sp\u00e9cifique&#160;? Un crucifix du XV<sup>e<\/sup> si\u00e8cle pr\u00e9sent\u00e9 au Louvre n\u2019est pas seulement une belle pi\u00e8ce d\u2019ivoire, une m\u00e9zouza n\u2019est pas seulement un objet identitaire ou communautaire\u2026 Comment l\u2019institution mus\u00e9ale active-t-elle le sens religieux de l\u2019objet pr\u00e9sent\u00e9&#160;? Sa dimension th\u00e9ologique, la narration ou le rite dans lesquels il s\u2019inscrit sont-ils explicit\u00e9s&#160;? Comment fonctionnent les cartels, dispositifs multim\u00e9dia et explicatifs&#160;? Comment la visite guid\u00e9e, ou le dispositif num\u00e9rique de \u00ab&#160;r\u00e9alit\u00e9 augment\u00e9e&#160;\u00bb, accompagnent-ils l\u2019\u00e9mergence du sens de ces objets&#160;? On privil\u00e9giera les expositions physiques, mais la constitution d\u2019un v\u00e9ritable mus\u00e9e religieux virtuel peut \u00eatre \u00e9tudi\u00e9e, d\u00e8s lors que la question de la valeur et de l\u2019interpr\u00e9tation des objets religieux est \u00e9prouv\u00e9e par les processus de num\u00e9risation.<\/p>\n<h2 class=\"texte\">Axe 3&#160;: Les objets artistiques pr\u00e9sent\u00e9s dans des \u00e9difices religieux<\/h2>\n<p class=\"texte\">Les \u00e9difices religieux peuvent \u00eatre architecturalement offerts \u00e0 la visite comme \u0153uvres d\u2019art, tels certaines synagogues, ou cath\u00e9drales, alors qu\u2019ils poss\u00e8dent une activit\u00e9 rituelle. Ils pr\u00e9sentent aussi des \u0153uvres et des objets dont le sens peut osciller entre les productions relevant des m\u00e9tiers d\u2019art (\u00e9b\u00e9nisterie, orf\u00e8vrerie\u2026), de l\u2019art et du religieux. Une chaire orn\u00e9e pr\u00e9sente dans la cath\u00e9drale d\u2019Angers ne peut \u00eatre r\u00e9duite cependant \u00e0 de l\u2019\u00e9b\u00e9nisterie virtuose&#160;: que dire de sa fonction de porte-parole (au sens propre)&#160;? Le tombeau de sainte Genevi\u00e8ve dans l\u2019Eglise Saint-Etienne du Mont \u00e0 Paris est \u00e0 la fois et conjointement objet de d\u00e9votion, d\u2019examen historique et de regard esth\u00e9tique. Lorsqu\u2019une \u00e9glise pr\u00e9sente des vitraux, les visites et dispositifs de guidage ne peuvent-ils en \u00e9voquer que la port\u00e9e \u00ab&#160;spirituelle&#160;\u00bb&#160;? La narration religieuse prend-elle le pas sur les dimensions esth\u00e9tiques et historiques&#160;? On s\u2019int\u00e9ressera aussi aux ancrages artistiques d\u2019une \u00e9vang\u00e9lisation culturalis\u00e9e, qui voit dans l\u2019\u0153uvre un point d\u2019appui pour d\u00e9ployer les r\u00e9cits de la foi ou de la loi, ou pour magnifier et contribuer \u00e0 id\u00e9aliser une culture religieuse.<\/p>\n<p class=\"texte\">Ce dossier s\u2019organise dans son principe autour d\u2019une orientation pluridisciplinaire, articulant les apports crois\u00e9s de l\u2019histoire de l\u2019art, des sciences de l\u2019information et de la communication et de l\u2019anthropologie&#160;:<\/p>\n<ul>\n<li class=\"texte\">L\u2019histoire des mus\u00e9es a pu montrer comment la s\u00e9cularisation des objets religieux, leur \u00ab&#160;mise \u00e0 l\u2019abri&#160;\u00bb ou leur \u00ab&#160;spoliation&#160;\u00bb dans ou par les mus\u00e9es, avait \u00e9t\u00e9 \u00e0 l\u2019origine de la cr\u00e9ation et de l\u2019enrichissement des collections publiques dans divers pays occidentaux (Pomian, 2003, 2020&#160;; Poulot, 1997, 2008). L\u2019histoire de l\u2019art s\u2019est notamment int\u00e9ress\u00e9e \u00e0 l\u2019histoire des lieux de conservation et \u00e0 la mani\u00e8re de les pr\u00e9senter (Goetze &amp; Vigutto, 1998&#160;; Ponnau, 1999&#160;; Penez, 2000&#160;; Kagan &amp; Sire, 2018) Quel que soit le lieu dans lequel l\u2019objet est exhib\u00e9, qu\u2019il soit religieux (Dufour, 2003), ou non (Bazin, 2008), l\u2019exposition n\u2019est pas neutre&#160;: elle rel\u00e8ve d\u2019histoires crois\u00e9es (Werner &amp; Zimmerman, 2003).<\/li>\n<li class=\"texte\">Dans ces conditions, l\u2019exposition des objets \u00ab&#160;religieux&#160;\u00bb constitue un laboratoire pour observer et analyser non seulement les mat\u00e9rialit\u00e9s religieuses (Paine, 2012, 2013&#160;; Buggeln <em>et al.<\/em>, 2017) et la complexit\u00e9 des valeurs attribu\u00e9es au patrimoine dit religieux (Isnart &amp;\u00a0Cerezales, 2020) mais encore les mani\u00e8res dont celui-ci se trouve mis en espace et narrativis\u00e9 (Certeau, 1975), dont il donne prise au regard de tiers (Douy\u00e8re &amp; Gonzalez, 2020) qui, du reste, ne s\u2019accordent pas n\u00e9cessairement sur le sens \u00e0 donner aux qualit\u00e9s artistiques ou spirituelles, mat\u00e9rielles ou sensuelles des objets ainsi sc\u00e9nographi\u00e9s (Dittmar, 2016&#160;; Salatko, 2021).<\/li>\n<li class=\"texte\">Rep\u00e9rer ce que l\u2019exposition fait aux objets religieux (voire la fa\u00e7on dont elle affecte en retour leur capacit\u00e9 d\u2019agir) requiert enfin d\u2019examiner comment les publics qui s\u2019en estiment concern\u00e9s les interpr\u00e8tent, les historicisent, les critiquent, les stigmatisent, les censurent, les transforment, les convertissent, voire les r\u00e9assignent \u00e0 des usages inattendus. Des \u00e9tudes sur les r\u00e9actions et perceptions, modes d\u2019appropriation et de construction de sens des publics face \u00e0 ces objets ou dans ces mus\u00e9es seront bienvenues (on \u00e9vitera en revanche les \u00e9tudes strictement quantitatives ou comportementales de publics des mus\u00e9es religieux).<\/li>\n<\/ul>\n<p class=\"texte\">En croisant ces diff\u00e9rentes approches \u2013 qui sont du reste rarement convoqu\u00e9es dans un m\u00eame mouvement \u2013 <strong>il s\u2019agit \u00e0 la fois de penser l\u2019histoire, la nature et la mat\u00e9rialit\u00e9 des objets, leur inscription dans des formes, mais aussi la situation d\u2019exposition, les m\u00e9diations mobilis\u00e9es pour les pr\u00e9senter, l\u2019information, les signes et la narration qui viennent les \u00e9quiper, et les modes de qualification dont ils sont l\u2019objet, leur place dans des syst\u00e8mes sociaux de sens, l\u2019histoire des pratiques de ces objets, et cela, conjointement.<\/strong><\/p>\n<p class=\"texte\">La liste des questions exploratoires n\u2019est pas close et renvoie aussi bien aux logiques individuelles que collectives, institutionnelles ou professionnelles&#160;: comment les objets religieux sont-ils pr\u00e9sent\u00e9s et donn\u00e9s \u00e0 voir et \u00e0 comprendre par ceux qui sont charg\u00e9s de leur exposition&#160;? Comment le public est-il suppos\u00e9 les regarder, \u00e9tant donn\u00e9 les parcours sc\u00e9nographiques qui les mettent en r\u00e9cits (Davallon, 2010) et les \u00e9crins architecturaux qui leur conf\u00e8rent un surcro\u00eet de valeur, voire d\u2019autorit\u00e9 (Cometti, 2016&#160;; Amselle, 2016)&#160;? Sous quel r\u00e9gime sont-ils regard\u00e9s, en effet, selon qu\u2019ils sont soumis \u00e0 la vision professionnelle (Goodwin, 1994) du conservateur, d\u2019un r\u00e9gisseur, d\u2019un commissaire, d\u2019un historien de l\u2019art, ou \u00e0 la vision propre d\u2019un clerc, d\u2019un croyant (chr\u00e9tien, musulman, juif) ou m\u00eame\u2026 d\u2019un ath\u00e9e&#160;?<\/p>\n<h2 class=\"texte\">R\u00e9f\u00e9rences bibliographiques<\/h2>\n<p class=\"texte\">Amselle, Jean-Lou (2016). <em>Le mus\u00e9e expos\u00e9<\/em>, Paris, \u00c9ditions Lignes.<br \/>\nBazin, Jean (2008). <em>Des clous dans la Joconde&#160;: l\u2019anthropologie autrement<\/em>, Toulouse, \u00c9ditions Anacharsis.<br \/>\nBonnot, Thierry (2014). <em>L\u2019Attachement aux choses.\u00a0<\/em>Paris, CNRS \u00c9ditions.<br \/>\nBuggeln, Gretchen, Paine, Crispin, Plate, S. Brent (ed.) (2017). <em><span lang=\"en\" xml:lang=\"en\">Religion in Museums&#160;: Global and Multidisciplinary Perspectives<\/span><\/em><span lang=\"en\" xml:lang=\"en\">, Londres, Bloomsbury Academic.<br \/>\n<\/span>Certeau, Michel de (1975). <em>L\u2019\u00c9criture de l\u2019histoire<\/em>, Paris, Gallimard.<br \/>\nCometti, Jean-Pierre (2016). <em>La Nouvelle aura. \u00c9conomies de l\u2019art et de la culture<\/em>, Paris, Questions th\u00e9oriques.<br \/>\nDavallon, Jean (2010). \u00ab&#160;L\u2019\u00e9criture de l\u2019exposition&#160;: expographie, mus\u00e9ographie, sc\u00e9nographie&#160;\u00bb, <em>Culture &amp; Muse\u0301es<\/em>, n\u00b0\u00a016, p.\u00a0229-238.<br \/>\nDouy\u00e8re, David, Gonzalez, Philippe (2020). \u00ab&#160;Le contact et l\u2019\u00e9cart&#160;: penser la religion sous le regard du tiers&#160;\u00bb,\u00a0<em>Questions de communication<\/em>, n\u00b0\u00a037, p.\u00a07-62.<br \/>\nDittmar, Pierre-Olivier (2016). \u00ab&#160;De la trace \u00e0 l\u2019apparition, la pri\u00e8re photographique&#160;\u00bb,\u00a0<em>Archives de sciences sociales des religions<\/em>, n\u00b0\u00a0174, p.\u00a0169-190.<br \/>\nDufour St\u00e9phane (2003). <em>La mise en valeur culturelle des lieux de culte catholique et de leur mobilier liturgique&#160;: un paradigme de l&rsquo;ambivalence culte et culture<\/em>, th\u00e8se soutenue \u00e0 l\u2019universit\u00e9 d\u2019Avignon, sous la direction de Daniel Jacobi.<br \/>\nGoetz, Adrien, Vigutto, Marie-Christine (dir.) (1998). <em>Tr\u00e9sor d\u2019\u00e9glise, mus\u00e9e d\u2019art religieux&#160;: quelle pr\u00e9sentation&#160;?, <\/em>Paris, Les Cahiers de l\u2019Ecole nationale du patrimoine, n\u00b02.<br \/>\nGoodman, Nelson (1990). \u00ab&#160;La fin du mus\u00e9e&#160;?&#160;\u00bb, <em>Esth\u00e9tique et connaissance. Pour changer de sujet<\/em>, Cahors, L\u2019\u00c9clat, p.\u00a068-81.<br \/>\nGoodwin, Charles (1994). \u00ab&#160;Professional vision&#160;\u00bb, <em>American Anthropologist<\/em>, n\u00b0\u00a096, vol.\u00a03, p.\u00a0606-633.<br \/>\nHainard, Jacques (2006). \u00ab&#160;Le trou&#160;: un concept utile pour penser les rapports entre objet et me\u0301moire&#160;\u00bb, <em>Objets et Me\u0301moires<\/em>, Paris, \u00c9ditions de la maison des sciences de l\u2019Homme, Que\u0301bec, les Presses de l\u2019Universite\u0301 Laval, p. 127-138.<br \/>\nHeinich, Nathalie (2017). <em>Des valeurs, une approche sociologique<\/em>, Paris, Gallimard.<br \/>\nIsnart, Cyril, Cerezales, Nathalie (ed.) <span lang=\"en\" xml:lang=\"en\">(2020). <\/span><em><span lang=\"en\" xml:lang=\"en\">The Religious Heritage Complex. Legacy, Conservation and Christianity<\/span><\/em><span lang=\"en\" xml:lang=\"en\">, Londres, Bloomsbury.<br \/>\n<\/span>Kagan, Judith, Sire, Marie-Anne (2018). <em>Tr\u00e9sors des cath\u00e9drales<\/em>, Paris, Editions du Patrimoine, Centre des Monuments historiques.<br \/>\nMarin, Louis (2016). <em>Politiques de la repr\u00e9sentation<\/em>, Paris, Kim\u00e9.<br \/>\nMalraux, Andr\u00e9 (1965, [1947]). <em>Le Mus\u00e9e imaginaire<\/em>, Paris Gallimard.<br \/>\n<span lang=\"en\" xml:lang=\"en\">Paine, Crispin (2012). \u00ab&#160;Introduction&#160;: museums and material religion&#160;\u00bb,\u00a0<\/span><em><span lang=\"en\" xml:lang=\"en\">Material Religion<\/span><\/em><span lang=\"en\" xml:lang=\"en\">, vol.\u00a08, n\u00b0\u00a01, p.\u00a04\u20118.<br \/>\n<\/span><span lang=\"en\" xml:lang=\"en\">Paine, Crispin (2013).\u00a0<\/span><em><span lang=\"en\" xml:lang=\"en\">Religious Objects in Museums&#160;: Private Lives and Public Duties<\/span><\/em><span lang=\"en\" xml:lang=\"en\">, Londres, Bloomsbury Academic.<br \/>\n<\/span>Penez, Catherine (dir.) (2000), <em>Regards sur le patrimoine religieux. De la sauvegarde \u00e0 la pr\u00e9sentation<\/em>, Arles, Actes Sud.<br \/>\nPomian, Krzysztof (2003). <em>Des saintes reliques \u00e0 l\u2019art moderne. Venise-Chicago XIII<\/em><sup><em>e<\/em><\/sup><em>-XX<\/em><sup><em>e<\/em><\/sup><em>\u00a0si\u00e8cles<\/em>, Paris, Gallimard.<br \/>\nPomian, Krzysztof (2020). <em>Le Mus\u00e9e, une histoire mondiale. 1. Du tr\u00e9sor au mus\u00e9e<\/em>, Paris, Gallimard.<br \/>\nPonnau, Dominique (dir.) ( 1999). <em>Forme et sens. Colloque sur la formation et la dimension religieuse du patrimoine culturel<\/em>, Paris, Ecole du Louvre.<br \/>\nPoulot, Dominique (1997).\u00a0<em>Mus\u00e9e, nation, patrimoine&#160;: 1789\u20111815<\/em>, Paris, Gallimard.<br \/>\nPoulot, Dominique (2008).\u00a0<em>Une histoire des mus\u00e9es de France<\/em>, Paris, La D\u00e9couverte.<br \/>\nSalatko, Gaspard (2021). \u00ab&#160;Ic\u00f4nes&#160;\u00bb, <em>Publictionnaire. Dictionnaire encyclop\u00e9dique et critique des publics<\/em>.\u00a0Acc\u00e8s&#160;: http:\/\/publictionnaire.huma-num.fr\/notice\/icones.<br \/>\nWerner, Michael &amp; Zimmermann, B\u00e9n\u00e9dicte (2003). \u00ab&#160;Penser l\u2019histoire crois\u00e9e&#160;: entre empirie et r\u00e9flexivit\u00e9&#160;\u00bb,\u00a0<em>Annales<\/em>, 58 (1), p.\u00a07-36.<\/p>\n<h2 class=\"texte\">Les r\u00e9dacteurs invit\u00e9s de ce num\u00e9ro<\/h2>\n<ul>\n<li><strong>David Douy\u00e8re<\/strong> est professeur de sciences de l\u2019information et de la communication \u00e0 l\u2019universit\u00e9 de Tours, o\u00f9 il dirige l\u2019unit\u00e9 de recherche Prim (Pratiques et ressources de l\u2019information et des m\u00e9diations). Il a co-dirig\u00e9 plusieurs dossiers de revues sur le th\u00e8me du lien entre communication et religion (notamment \u00ab&#160;La religion sous le regard du tiers&#160;\u00bb, <em>Questions de communication<\/em>, n\u00b0\u00a053, 2020, avec Ph.\u00a0Gonzalez) et publi\u00e9 <em>Communiquer la doctrine catholique<\/em> (Labor &amp; Fides, \u00ab&#160;Enqu\u00eates&#160;\u00bb, Gen\u00e8ve, 2018).<\/li>\n<li><strong>Gaspard Salatko<\/strong> est docteur en anthropologie, chercheur \u00e0 la Fondation des sciences du patrimoine. Il enseigne \u00e0 l\u2019EHESS. Ses recherches portent sur l\u2019analyse des dispositifs cultuels, artistiques et patrimoniaux et sur la fa\u00e7on dont leur imbrication structure les espaces publics contemporains. Il a publi\u00e9 notamment <em>Le dieu situ\u00e9&#160;: une enqu\u00eate sur la fabrique de l\u2019art sacr\u00e9 dans le catholicisme contemporain<\/em> (L\u2019Harmattan, \u00ab&#160;Anthropologie du monde occidental&#160;\u00bb, 2017).<\/li>\n<li><strong>Nathalie Cerezales<\/strong> est docteure en histoire de l\u2019art et chercheuse associ\u00e9e \u00e0 l\u2019universit\u00e9 Paris 1 Panth\u00e9on-Sorbonne (Hicsa). Elle enseigne la mus\u00e9ologie, l\u2019histoire du patrimoine et des collections \u00e0 l\u2019universit\u00e9 de Nantes et \u00e0 l\u2019Institut national du patrimoine. Ses recherches explorent les intersections et entrem\u00ealements de valeurs entre patrimoine et religion dans l\u2019Europe de l\u2019Ouest et plus particuli\u00e8rement au sein des mus\u00e9es et des expositions. Elle vient notamment d\u2019\u00e9diter avec l\u2019anthropologue Cyril Isnart, <em>The Religious Heritage Complex. Legacy, Conservation and Christianity<\/em> (Bloomsbury, \u00ab&#160;Material Religion&#160;\u00bb, 2020).<\/li>\n<\/ul>\n<h2 class=\"texte\">Envoi des propositions d\u2019articles<\/h2>\n<p class=\"texte\">Merci d\u2019adresser vos propositions d\u2019articles (5\u00a0000 \u00e0 7\u00a0000 signes espaces comprises) par courriel <strong>avant le 4 octobre 2021<\/strong> \u00e0&#160;:<\/p>\n<ul>\n<li class=\"texte\"><span lang=\"en\" xml:lang=\"en\">David Douy\u00e8re&#160;: <\/span><a href=\"mailto:david.douyere@univ-tours.fr\"><span lang=\"en\" xml:lang=\"en\">david.douyere@univ-tours.fr<\/span><\/a><\/li>\n<li class=\"texte\">Nathalie Cerezales&#160;: <a href=\"mailto:nathalie.cerezales@gmail.com\">nathalie.cerezales@gmail.com<\/a><\/li>\n<li class=\"texte\">Gaspard Salatko&#160;: <a href=\"mailto:gaspard.salatko@gmail.com\">gaspard.salatko@gmail.com<\/a><\/li>\n<li class=\"texte\">avec copie \u00e0&#160;: <a href=\"mailto:culture.musees@gmail.com\">culture.musees@gmail.com<\/a> et <a href=\"mailto:culturedominique@gmail.com\">culturedominique@gmail.com<\/a><\/li>\n<\/ul>\n<h2 class=\"texte\">Mise en forme des propositions d\u2019articles<\/h2>\n<ul class=\"texte\">\n<li>\n<p class=\"texte\">5\u00a0000 \u00e0 7\u00a0000 signes espaces comprises<\/p>\n<\/li>\n<li>\n<p class=\"texte\">Le document au <strong>format .docx<\/strong> sera pr\u00e9cis\u00e9ment nomm\u00e9 comme suit&#160;: <strong>C&amp;M-N\u00b040-PC-Nom de l\u2019auteur<\/strong> (ou auteur principal si plusieurs auteurs).<\/p>\n<\/li>\n<li>\n<p class=\"texte\">Le document est \u00e9crit avec la police Times new Roman, corps 12, texte justifi\u00e9 \u00e0 droite et \u00e0 gauche.<\/p>\n<\/li>\n<li>\n<p class=\"texte\">Il comporte,\u00a0par ordre de pr\u00e9sentation&#160;:<\/p>\n<ul class=\"texte\">\n<li>\n<p class=\"texte\">NOM et pr\u00e9nom de l\u2019auteur 1<\/p>\n<\/li>\n<li>\n<p class=\"texte\">Courriel<\/p>\n<\/li>\n<li>\n<p class=\"texte\">Statut&#160;: qualit\u00e9 et rattachement institutionnel (universit\u00e9, unit\u00e9 de recherche)<\/p>\n<\/li>\n<li>\n<p class=\"texte\">Fonction<\/p>\n<\/li>\n<li>\n<p class=\"texte\">Biographie (600 caract\u00e8res maximum)<\/p>\n<\/li>\n<li>\n<p class=\"texte\"><em>Idem pour l\u2019auteur 2, 3 etc., si plusieurs auteurs.<\/em><\/p>\n<\/li>\n<li>\n<p class=\"texte\">Titre de la proposition d\u2019article<\/p>\n<\/li>\n<li>\n<p class=\"texte\">Le texte de la proposition d\u2019article d\u00e9taillera l\u2019ancrage disciplinaire ou interdisciplinaire de la recherche, la probl\u00e9matique, le terrain ou le corpus, la m\u00e9thodologie employ\u00e9e et une premi\u00e8re projection sur les r\u00e9sultats.<\/p>\n<\/li>\n<li>\n<p class=\"texte\">5 mots-cl\u00e9s<\/p>\n<\/li>\n<li>\n<p class=\"texte\">5 r\u00e9f\u00e9rences bibliographiques mobilis\u00e9es dans le projet d\u2019article<\/p>\n<\/li>\n<\/ul>\n<\/li>\n<\/ul>\n<h2 class=\"texte\">Calendrier<\/h2>\n<ul>\n<li class=\"texte\">4 octobre 2021&#160;: R\u00e9ception des propositions d\u2019articles<\/li>\n<li class=\"texte\">8 novembre 2021&#160;: Retour aux auteurs (acceptation ou refus de la proposition d\u2019article)<\/li>\n<li class=\"texte\">28 f\u00e9vrier 2022&#160;: R\u00e9ception des articles complets<\/li>\n<li class=\"texte\">Mars 2022&#160;: Expertise des articles en double aveugle<\/li>\n<li class=\"texte\">15 avril 2022&#160;: Retour aux auteurs suite aux expertises<\/li>\n<li class=\"texte\">13 juin 2022&#160;: R\u00e9ception des versions d\u00e9finitives des articles avec m\u00e9tadonn\u00e9es<\/li>\n<li class=\"texte\">1<sup>er<\/sup> d\u00e9cembre 2022&#160;: Publication du num\u00e9ro<\/li>\n<\/ul>\n<h1 class=\"texte\"><\/h1>\n<p>&nbsp;<\/p>\n<p>&nbsp;<\/p>\n<\/p><\/div>\n<div class=\"zn-singledetail-attachedfiles\">\n<h3 class=\"zn-singledetail-section-title\">Fichier(s) attach\u00e9(s)<\/h3>\n<ul class=\"zn-singledetail-attachedfiles-list\">\n<li class=\"zn-singledetail-attachedfiles-item\">\n\t\t\t\t\t\t\t<a class=\"zn-singledetail-attachedfiles-link button outline for-download\" href=\"https:\/\/www.sfsic.org\/wp-inside\/uploads\/skp-membership\/demande_adh\/aaa_culturemusees_exposer-objets-religieux_2021.pdf\" title=\"T\u00e9l\u00e9charger : \u00ab aaa_culturemusees_exposer-objets-religieux_2021.pdf \u00bb\" target=\"_blank\" rel=\"noopener\"><br \/>\n\t\t\t\t\t\t\t\t<span class=\"button-txt\">aaa_culturemusees_exposer-objets-religieux_2021<span class=\"button-txt-type\"> (pdf)<\/span><\/span><br \/>\n\t\t\t\t\t\t\t<\/a>\n\t\t\t\t\t\t<\/li>\n<\/ul><\/div>\n<div class=\"zn-singledetail-keywords\">\n<h3 class=\"zn-singledetail-section-title\">Mots-cl\u00e9s<\/h3>\n<ul class=\"termslist termslist-post_tag\">\n<li class=\"termslist-item termslist-title\"><span class=\"termslist-titletxt\">Mots-cl\u00e9s<\/span><span class=\"doubledot\"><\/span><\/li>\n<li class=\"termslist-item tax-post_tag term-art-religieux\"><a class=\"termslist-itemlink\" href=\"https:\/\/www.sfsic.org\/tag\/art-religieux\/\" title=\"Art religieux\"><span class=\"termslist-itemname\">Art religieux<\/span><\/a><\/li>\n<li class=\"termslist-item tax-post_tag term-musees\"><a class=\"termslist-itemlink\" href=\"https:\/\/www.sfsic.org\/tag\/musees\/\" title=\"Mus\u00e9es\"><span class=\"termslist-itemname\">Mus\u00e9es<\/span><\/a><\/li>\n<li class=\"termslist-item tax-post_tag term-objets\"><a class=\"termslist-itemlink\" href=\"https:\/\/www.sfsic.org\/tag\/objets\/\" title=\"Objets\"><span class=\"termslist-itemname\">Objets<\/span><\/a><\/li>\n<li class=\"termslist-item tax-post_tag term-patrimoine\"><a class=\"termslist-itemlink\" href=\"https:\/\/www.sfsic.org\/tag\/patrimoine\/\" title=\"Patrimoine\"><span class=\"termslist-itemname\">Patrimoine<\/span><\/a><\/li>\n<\/ul><\/div>\n<\/p><\/div>\n<\/p><\/div>\n<\/p><\/div>\n<\/p><\/div>\n<\/div>\n<p><!-- \/fxzn:singledetail --><\/p>\n","protected":false},"excerpt":{"rendered":"<p>Mis en ligne le 12 mai 2021 Th\u00e9matiques M\u00e9diations m\u00e9morielles, culturelles et patrimoniales R\u00e9ponse attendue pour le 29\/10\/2021 Type de r\u00e9ponse R\u00e9sum\u00e9 Type de contribution attendue Article Nom de la [&hellip;]<\/p>\n","protected":false},"author":781,"featured_media":0,"comment_status":"closed","ping_status":"closed","sticky":false,"template":"","format":"standard","meta":{"_acf_changed":false,"footnotes":""},"categories":[28,60],"tags":[544,175,311,193],"thematique":[38],"sfsic":[],"class_list":["post-17788","post","type-post","status-publish","format-standard","hentry","category-aac-publication","category-article","tag-art-religieux","tag-musees","tag-objets","tag-patrimoine","thematique-mediations-memorielles-culturelles-et-patrimoniales","wp-sticky"],"acf":[],"yoast_head":"<!-- This site is optimized with the Yoast SEO plugin v27.4 - https:\/\/yoast.com\/product\/yoast-seo-wordpress\/ -->\n<title>Exposer des objets religieux<\/title>\n<meta name=\"description\" content=\"La revue Culture&amp;Mus\u00e9es lance un appel \u00e0 article pour son num\u00e9ro 40 sur le th\u00e8me &quot;Exposer des objets religieux&quot;. Ce num\u00e9ro est sous la direction de David Douy\u00e8re, Gaspard Salatko et Nathalie Cerezales.\" \/>\n<meta name=\"robots\" content=\"index, follow, max-snippet:-1, max-image-preview:large, max-video-preview:-1\" \/>\n<link rel=\"canonical\" href=\"https:\/\/www.sfsic.org\/en\/aac-publication\/exposer-des-objets-religieux\/\" \/>\n<meta property=\"og:locale\" content=\"en_US\" \/>\n<meta property=\"og:type\" content=\"article\" \/>\n<meta property=\"og:title\" content=\"Exposer des objets religieux\" \/>\n<meta property=\"og:description\" content=\"La revue Culture&amp;Mus\u00e9es lance un appel \u00e0 article pour son num\u00e9ro 40 sur le th\u00e8me &quot;Exposer des objets religieux&quot;. Ce num\u00e9ro est sous la direction de David Douy\u00e8re, Gaspard Salatko et Nathalie Cerezales.\" \/>\n<meta property=\"og:url\" content=\"https:\/\/www.sfsic.org\/en\/aac-publication\/exposer-des-objets-religieux\/\" \/>\n<meta property=\"og:site_name\" content=\"SFSIC\" \/>\n<meta property=\"article:published_time\" content=\"2021-05-12T13:57:12+00:00\" \/>\n<meta property=\"article:modified_time\" content=\"2021-10-06T19:31:38+00:00\" \/>\n<meta name=\"author\" content=\"Axelle Martin\" \/>\n<meta name=\"twitter:card\" content=\"summary_large_image\" \/>\n<script type=\"application\/ld+json\" class=\"yoast-schema-graph\">{\"@context\":\"https:\\\/\\\/schema.org\",\"@graph\":[{\"@type\":\"Article\",\"@id\":\"https:\\\/\\\/www.sfsic.org\\\/en\\\/aac-publication\\\/exposer-des-objets-religieux\\\/#article\",\"isPartOf\":{\"@id\":\"https:\\\/\\\/www.sfsic.org\\\/en\\\/aac-publication\\\/exposer-des-objets-religieux\\\/\"},\"author\":{\"name\":\"Axelle Martin\",\"@id\":\"https:\\\/\\\/www.sfsic.org\\\/en\\\/#\\\/schema\\\/person\\\/d3606993477708f4359fb9aeda58df3b\"},\"headline\":\"Exposer des objets religieux\",\"datePublished\":\"2021-05-12T13:57:12+00:00\",\"dateModified\":\"2021-10-06T19:31:38+00:00\",\"mainEntityOfPage\":{\"@id\":\"https:\\\/\\\/www.sfsic.org\\\/en\\\/aac-publication\\\/exposer-des-objets-religieux\\\/\"},\"wordCount\":3271,\"publisher\":{\"@id\":\"https:\\\/\\\/www.sfsic.org\\\/en\\\/#organization\"},\"keywords\":[\"Art religieux\",\"Mus\u00e9es\",\"Objets\",\"Patrimoine\"],\"articleSection\":[\"AAC Publications\",\"Article\"],\"inLanguage\":\"en-US\"},{\"@type\":\"WebPage\",\"@id\":\"https:\\\/\\\/www.sfsic.org\\\/en\\\/aac-publication\\\/exposer-des-objets-religieux\\\/\",\"url\":\"https:\\\/\\\/www.sfsic.org\\\/en\\\/aac-publication\\\/exposer-des-objets-religieux\\\/\",\"name\":\"Exposer des objets religieux\",\"isPartOf\":{\"@id\":\"https:\\\/\\\/www.sfsic.org\\\/en\\\/#website\"},\"datePublished\":\"2021-05-12T13:57:12+00:00\",\"dateModified\":\"2021-10-06T19:31:38+00:00\",\"description\":\"La revue Culture&amp;Mus\u00e9es lance un appel \u00e0 article pour son num\u00e9ro 40 sur le th\u00e8me \\\"Exposer des objets religieux\\\". Ce num\u00e9ro est sous la direction de David Douy\u00e8re, Gaspard Salatko et Nathalie Cerezales.\",\"breadcrumb\":{\"@id\":\"https:\\\/\\\/www.sfsic.org\\\/en\\\/aac-publication\\\/exposer-des-objets-religieux\\\/#breadcrumb\"},\"inLanguage\":\"en-US\",\"potentialAction\":[{\"@type\":\"ReadAction\",\"target\":[\"https:\\\/\\\/www.sfsic.org\\\/en\\\/aac-publication\\\/exposer-des-objets-religieux\\\/\"]}]},{\"@type\":\"BreadcrumbList\",\"@id\":\"https:\\\/\\\/www.sfsic.org\\\/en\\\/aac-publication\\\/exposer-des-objets-religieux\\\/#breadcrumb\",\"itemListElement\":[{\"@type\":\"ListItem\",\"position\":1,\"name\":\"Accueil\",\"item\":\"https:\\\/\\\/www.sfsic.org\\\/en\\\/\"},{\"@type\":\"ListItem\",\"position\":2,\"name\":\"Calls for Papers\",\"item\":\"https:\\\/\\\/www.sfsic.org\\\/en\\\/cfp-publication\\\/\"},{\"@type\":\"ListItem\",\"position\":3,\"name\":\"Article\",\"item\":\"https:\\\/\\\/www.sfsic.org\\\/en\\\/cfp-publication\\\/article-en\\\/\"},{\"@type\":\"ListItem\",\"position\":4,\"name\":\"Exposer des objets religieux\"}]},{\"@type\":\"WebSite\",\"@id\":\"https:\\\/\\\/www.sfsic.org\\\/en\\\/#website\",\"url\":\"https:\\\/\\\/www.sfsic.org\\\/en\\\/\",\"name\":\"SFSIC\",\"description\":\"Soci\u00e9t\u00e9 Fran\u00e7aise des Sciences de l&#039;Information &amp; de la Communication\",\"publisher\":{\"@id\":\"https:\\\/\\\/www.sfsic.org\\\/en\\\/#organization\"},\"potentialAction\":[{\"@type\":\"SearchAction\",\"target\":{\"@type\":\"EntryPoint\",\"urlTemplate\":\"https:\\\/\\\/www.sfsic.org\\\/en\\\/?s={search_term_string}\"},\"query-input\":{\"@type\":\"PropertyValueSpecification\",\"valueRequired\":true,\"valueName\":\"search_term_string\"}}],\"inLanguage\":\"en-US\"},{\"@type\":\"Organization\",\"@id\":\"https:\\\/\\\/www.sfsic.org\\\/en\\\/#organization\",\"name\":\"SFSIC\",\"url\":\"https:\\\/\\\/www.sfsic.org\\\/en\\\/\",\"logo\":{\"@type\":\"ImageObject\",\"inLanguage\":\"en-US\",\"@id\":\"https:\\\/\\\/www.sfsic.org\\\/en\\\/#\\\/schema\\\/logo\\\/image\\\/\",\"url\":\"https:\\\/\\\/www.sfsic.org\\\/wp-inside\\\/uploads\\\/2020\\\/05\\\/logo-sfsic.jpg\",\"contentUrl\":\"https:\\\/\\\/www.sfsic.org\\\/wp-inside\\\/uploads\\\/2020\\\/05\\\/logo-sfsic.jpg\",\"width\":1085,\"height\":1080,\"caption\":\"SFSIC\"},\"image\":{\"@id\":\"https:\\\/\\\/www.sfsic.org\\\/en\\\/#\\\/schema\\\/logo\\\/image\\\/\"}},{\"@type\":\"Person\",\"@id\":\"https:\\\/\\\/www.sfsic.org\\\/en\\\/#\\\/schema\\\/person\\\/d3606993477708f4359fb9aeda58df3b\",\"name\":\"Axelle Martin\",\"image\":{\"@type\":\"ImageObject\",\"inLanguage\":\"en-US\",\"@id\":\"https:\\\/\\\/secure.gravatar.com\\\/avatar\\\/1065035eb5e480668fbf77e163c2e86f81ac342eaad4c8783acdf4a63f3c917b?s=96&d=mm&r=g\",\"url\":\"https:\\\/\\\/secure.gravatar.com\\\/avatar\\\/1065035eb5e480668fbf77e163c2e86f81ac342eaad4c8783acdf4a63f3c917b?s=96&d=mm&r=g\",\"contentUrl\":\"https:\\\/\\\/secure.gravatar.com\\\/avatar\\\/1065035eb5e480668fbf77e163c2e86f81ac342eaad4c8783acdf4a63f3c917b?s=96&d=mm&r=g\",\"caption\":\"Axelle Martin\"},\"sameAs\":[\"@antropocominside\"]}]}<\/script>\n<!-- \/ Yoast SEO plugin. -->","yoast_head_json":{"title":"Exposer des objets religieux","description":"La revue Culture&amp;Mus\u00e9es lance un appel \u00e0 article pour son num\u00e9ro 40 sur le th\u00e8me \"Exposer des objets religieux\". Ce num\u00e9ro est sous la direction de David Douy\u00e8re, Gaspard Salatko et Nathalie Cerezales.","robots":{"index":"index","follow":"follow","max-snippet":"max-snippet:-1","max-image-preview":"max-image-preview:large","max-video-preview":"max-video-preview:-1"},"canonical":"https:\/\/www.sfsic.org\/en\/aac-publication\/exposer-des-objets-religieux\/","og_locale":"en_US","og_type":"article","og_title":"Exposer des objets religieux","og_description":"La revue Culture&amp;Mus\u00e9es lance un appel \u00e0 article pour son num\u00e9ro 40 sur le th\u00e8me \"Exposer des objets religieux\". Ce num\u00e9ro est sous la direction de David Douy\u00e8re, Gaspard Salatko et Nathalie Cerezales.","og_url":"https:\/\/www.sfsic.org\/en\/aac-publication\/exposer-des-objets-religieux\/","og_site_name":"SFSIC","article_published_time":"2021-05-12T13:57:12+00:00","article_modified_time":"2021-10-06T19:31:38+00:00","author":"Axelle Martin","twitter_card":"summary_large_image","schema":{"@context":"https:\/\/schema.org","@graph":[{"@type":"Article","@id":"https:\/\/www.sfsic.org\/en\/aac-publication\/exposer-des-objets-religieux\/#article","isPartOf":{"@id":"https:\/\/www.sfsic.org\/en\/aac-publication\/exposer-des-objets-religieux\/"},"author":{"name":"Axelle Martin","@id":"https:\/\/www.sfsic.org\/en\/#\/schema\/person\/d3606993477708f4359fb9aeda58df3b"},"headline":"Exposer des objets religieux","datePublished":"2021-05-12T13:57:12+00:00","dateModified":"2021-10-06T19:31:38+00:00","mainEntityOfPage":{"@id":"https:\/\/www.sfsic.org\/en\/aac-publication\/exposer-des-objets-religieux\/"},"wordCount":3271,"publisher":{"@id":"https:\/\/www.sfsic.org\/en\/#organization"},"keywords":["Art religieux","Mus\u00e9es","Objets","Patrimoine"],"articleSection":["AAC Publications","Article"],"inLanguage":"en-US"},{"@type":"WebPage","@id":"https:\/\/www.sfsic.org\/en\/aac-publication\/exposer-des-objets-religieux\/","url":"https:\/\/www.sfsic.org\/en\/aac-publication\/exposer-des-objets-religieux\/","name":"Exposer des objets religieux","isPartOf":{"@id":"https:\/\/www.sfsic.org\/en\/#website"},"datePublished":"2021-05-12T13:57:12+00:00","dateModified":"2021-10-06T19:31:38+00:00","description":"La revue Culture&amp;Mus\u00e9es lance un appel \u00e0 article pour son num\u00e9ro 40 sur le th\u00e8me \"Exposer des objets religieux\". Ce num\u00e9ro est sous la direction de David Douy\u00e8re, Gaspard Salatko et Nathalie Cerezales.","breadcrumb":{"@id":"https:\/\/www.sfsic.org\/en\/aac-publication\/exposer-des-objets-religieux\/#breadcrumb"},"inLanguage":"en-US","potentialAction":[{"@type":"ReadAction","target":["https:\/\/www.sfsic.org\/en\/aac-publication\/exposer-des-objets-religieux\/"]}]},{"@type":"BreadcrumbList","@id":"https:\/\/www.sfsic.org\/en\/aac-publication\/exposer-des-objets-religieux\/#breadcrumb","itemListElement":[{"@type":"ListItem","position":1,"name":"Accueil","item":"https:\/\/www.sfsic.org\/en\/"},{"@type":"ListItem","position":2,"name":"Calls for Papers","item":"https:\/\/www.sfsic.org\/en\/cfp-publication\/"},{"@type":"ListItem","position":3,"name":"Article","item":"https:\/\/www.sfsic.org\/en\/cfp-publication\/article-en\/"},{"@type":"ListItem","position":4,"name":"Exposer des objets religieux"}]},{"@type":"WebSite","@id":"https:\/\/www.sfsic.org\/en\/#website","url":"https:\/\/www.sfsic.org\/en\/","name":"SFSIC","description":"Soci\u00e9t\u00e9 Fran\u00e7aise des Sciences de l&#039;Information &amp; de la Communication","publisher":{"@id":"https:\/\/www.sfsic.org\/en\/#organization"},"potentialAction":[{"@type":"SearchAction","target":{"@type":"EntryPoint","urlTemplate":"https:\/\/www.sfsic.org\/en\/?s={search_term_string}"},"query-input":{"@type":"PropertyValueSpecification","valueRequired":true,"valueName":"search_term_string"}}],"inLanguage":"en-US"},{"@type":"Organization","@id":"https:\/\/www.sfsic.org\/en\/#organization","name":"SFSIC","url":"https:\/\/www.sfsic.org\/en\/","logo":{"@type":"ImageObject","inLanguage":"en-US","@id":"https:\/\/www.sfsic.org\/en\/#\/schema\/logo\/image\/","url":"https:\/\/www.sfsic.org\/wp-inside\/uploads\/2020\/05\/logo-sfsic.jpg","contentUrl":"https:\/\/www.sfsic.org\/wp-inside\/uploads\/2020\/05\/logo-sfsic.jpg","width":1085,"height":1080,"caption":"SFSIC"},"image":{"@id":"https:\/\/www.sfsic.org\/en\/#\/schema\/logo\/image\/"}},{"@type":"Person","@id":"https:\/\/www.sfsic.org\/en\/#\/schema\/person\/d3606993477708f4359fb9aeda58df3b","name":"Axelle Martin","image":{"@type":"ImageObject","inLanguage":"en-US","@id":"https:\/\/secure.gravatar.com\/avatar\/1065035eb5e480668fbf77e163c2e86f81ac342eaad4c8783acdf4a63f3c917b?s=96&d=mm&r=g","url":"https:\/\/secure.gravatar.com\/avatar\/1065035eb5e480668fbf77e163c2e86f81ac342eaad4c8783acdf4a63f3c917b?s=96&d=mm&r=g","contentUrl":"https:\/\/secure.gravatar.com\/avatar\/1065035eb5e480668fbf77e163c2e86f81ac342eaad4c8783acdf4a63f3c917b?s=96&d=mm&r=g","caption":"Axelle Martin"},"sameAs":["@antropocominside"]}]}},"_links":{"self":[{"href":"https:\/\/www.sfsic.org\/en\/wp-json\/wp\/v2\/posts\/17788","targetHints":{"allow":["GET"]}}],"collection":[{"href":"https:\/\/www.sfsic.org\/en\/wp-json\/wp\/v2\/posts"}],"about":[{"href":"https:\/\/www.sfsic.org\/en\/wp-json\/wp\/v2\/types\/post"}],"author":[{"embeddable":true,"href":"https:\/\/www.sfsic.org\/en\/wp-json\/wp\/v2\/users\/781"}],"replies":[{"embeddable":true,"href":"https:\/\/www.sfsic.org\/en\/wp-json\/wp\/v2\/comments?post=17788"}],"version-history":[{"count":5,"href":"https:\/\/www.sfsic.org\/en\/wp-json\/wp\/v2\/posts\/17788\/revisions"}],"predecessor-version":[{"id":19762,"href":"https:\/\/www.sfsic.org\/en\/wp-json\/wp\/v2\/posts\/17788\/revisions\/19762"}],"wp:attachment":[{"href":"https:\/\/www.sfsic.org\/en\/wp-json\/wp\/v2\/media?parent=17788"}],"wp:term":[{"taxonomy":"category","embeddable":true,"href":"https:\/\/www.sfsic.org\/en\/wp-json\/wp\/v2\/categories?post=17788"},{"taxonomy":"post_tag","embeddable":true,"href":"https:\/\/www.sfsic.org\/en\/wp-json\/wp\/v2\/tags?post=17788"},{"taxonomy":"thematique","embeddable":true,"href":"https:\/\/www.sfsic.org\/en\/wp-json\/wp\/v2\/thematique?post=17788"},{"taxonomy":"sfsic","embeddable":true,"href":"https:\/\/www.sfsic.org\/en\/wp-json\/wp\/v2\/sfsic?post=17788"}],"curies":[{"name":"wp","href":"https:\/\/api.w.org\/{rel}","templated":true}]}}