{"id":17514,"date":"2021-05-08T09:45:38","date_gmt":"2021-05-08T07:45:38","guid":{"rendered":"https:\/\/www.sfsic.org\/?p=17514"},"modified":"2021-05-06T21:55:50","modified_gmt":"2021-05-06T19:55:50","slug":"valeurs-sociabilisations-et-formes-de-vie-semiotique-des-discours-de-sport-et-analyse-des-discours-sur-le-sport","status":"publish","type":"post","link":"https:\/\/www.sfsic.org\/en\/evenement\/valeurs-sociabilisations-et-formes-de-vie-semiotique-des-discours-de-sport-et-analyse-des-discours-sur-le-sport\/","title":{"rendered":"Valeurs, sociabilisations et &#8220;formes de vie&#8221; : S\u00e9miotique des discours de sport et analyse des discours sur le sport"},"content":{"rendered":"<p><!-- fxzn:singledetail --><\/p>\n<div class=\"zone zn-singledetail\" id=\"fxzn-singledetail-1\">\n<div class=\"zone-block zn-singledetail-block alignwide va-top\">\n<div class=\"row\">\n<div class=\"columns large-8 large-push-4\">\n<div class=\"zn-singledetail-metabox\">\n<div class=\"zn-singledetail-pubdate pubdate\">\n\t\t\t\t\t<span class=\"pubdate-txt\">Mis en ligne le<\/span><span class=\"doubledot\"><\/span> 6 mai 2021\t\t\t\t<\/div>\n<div class=\"zn-singledetail-thematiques with-sep-comma\">\n<ul class=\"termslist termslist-thematique\">\n<li class=\"termslist-item termslist-title\"><span class=\"termslist-titletxt\">Th\u00e9matiques<\/span><span class=\"doubledot\"><\/span><\/li>\n<li class=\"termslist-item tax-thematique term-mediation-des-savoirs-education-formation\"><a class=\"termslist-itemlink\" href=\"\/?thematique=mediation-des-savoirs-education-formation\" title=\"M\u00e9diation des savoirs, \u00e9ducation et formation\"><span class=\"termslist-itemname\">M\u00e9diation des savoirs, \u00e9ducation et formation<\/span><\/a><\/li>\n<li class=\"termslist-item tax-thematique term-organisation-des-connaissances\"><a class=\"termslist-itemlink\" href=\"https:\/\/www.sfsic.org\/en\/thematiques\/knowledge-organisation\/\" title=\"Organisation des connaissances\"><span class=\"termslist-itemname\">Organisation des connaissances<\/span><\/a><\/li>\n<\/ul><\/div>\n<\/p><\/div>\n<\/p><\/div>\n<\/p><\/div>\n<div class=\"row\">\n<div class=\"columns large-4\">\n<div class=\"zn-singledetail-sidebar bg-cornersquares\">\n<div class=\"zn-singledetail-infos\">\n<p class=\"zn-singledetail-type\">\n\t\t\t\t\t\t\t<span>Type d\u2019\u00e9v\u00e9nement<\/span><span class=\"doubledot\"><\/span> <strong>S\u00e9minaire<\/strong>\n\t\t\t\t\t<\/p>\n<\/p><\/div>\n<\/p><\/div>\n<\/p><\/div>\n<div class=\"columns large-8\">\n<div class=\"zn-singledetail-contentbox\">\n<div class=\"zn-singledetail-eventinfo\">\n<div class=\"zn-singledetail-eventinfo-inner\">\n<div class=\"zn-singledetail-eventdates\">\n\t\t\t\t\t\t<span class=\"zn-singledetail-label\">Dates de l\u2019\u00e9v\u00e9nement<span class=\"doubledot\"><\/span><\/span><\/p>\n<ul class=\"zn-singledetail-eventdates-list\">\n<li class=\"zn-singledetail-eventdates-item\">\n\t\t\t\t\t\t\t\tDu 21\/05\/2021 au 21\/05\/2021, <span class=\"event-schedule\">10h-12h<\/span>\t\t\t\t\t\t\t<\/li>\n<\/ul><\/div>\n<p class=\"zn-singledetail-eventplace\">\n\t\t\t\t\t\t<span class=\"zn-singledetail-label\">Lieu de l\u2019\u00e9v\u00e9nement<span class=\"doubledot\"><\/span><\/span><br \/>\n\t\t\t\t\t\t<span class=\"zn-singledetail-eventplace-adr\"><\/p>\n<p>\t\t\t\t\t\t\t\t\t\t\t\t<span class=\"adr-place\">En ligne sur Zoom<\/span>,<\/p>\n<p>\t\t\t\t\t\t<\/span>\t\t\t\t\t<\/p>\n<\/p><\/div>\n<\/p><\/div>\n<div class=\"zn-singledetail-annonce wig-content\">\n<p>Le vendredi 21 mai 2021, de 10h \u00e0 12h, aura lieu le S\u00e9minaire du CeReS (Centre de Recherches S\u00e9miotiques).<\/p>\n<p>Nous aurons le plaisir d\u2019\u00e9couter Julien Longhi, Arnaud Richard, Carine Duteil, et Christine Fevre-Pernet qui nous pr\u00e9senteront leurs travaux autour du projet LOCOMOTIVE (Linguistique Orient\u00e9e MOtivation sportiVE)&#160;: \u00ab&#160;Valeurs, sociabilisations et \u00ab&#160;formes de vie&#160;\u00bb&#160;: s\u00e9miotique des discours de sport et analyse des discours sur le sport&#160;\u00bb.<\/p>\n<p>Le s\u00e9minaire aura lieu \u00e0 distance.<br \/>\nParticiper \u00e0 la r\u00e9union Zoom&#160;:<br \/>\n<a href=\"https:\/\/us02web.zoom.us\/j\/81990544582?pwd=QmxHMWV6V2tJWWt4M3ZNZTczbU0wUT09\">https:\/\/us02web.zoom.us\/j\/81990544582?pwd=QmxHMWV6V2tJWWt4M3ZNZTczbU0wUT09<\/a><\/p>\n<p>ID de r\u00e9union&#160;: 819 9054 4582<br \/>\nCode secret&#160;: h4z8rj<\/p>\n<\/p><\/div>\n<div class=\"zn-singledetail-keywords\">\n<h3 class=\"zn-singledetail-section-title\">Mots-cl\u00e9s<\/h3>\n<ul class=\"termslist termslist-post_tag\">\n<li class=\"termslist-item termslist-title\"><span class=\"termslist-titletxt\">Mots-cl\u00e9s<\/span><span class=\"doubledot\"><\/span><\/li>\n<li class=\"termslist-item tax-post_tag term-analyse-du-discours\"><a class=\"termslist-itemlink\" href=\"https:\/\/www.sfsic.org\/en\/tag\/discourse-analysis\/\" title=\"Analyse du discours\"><span class=\"termslist-itemname\">Analyse du discours<\/span><\/a><\/li>\n<li class=\"termslist-item tax-post_tag term-mediation\"><a class=\"termslist-itemlink\" href=\"https:\/\/www.sfsic.org\/en\/tag\/mediation-en\/\" title=\"M\u00e9diation\"><span class=\"termslist-itemname\">M\u00e9diation<\/span><\/a><\/li>\n<li class=\"termslist-item tax-post_tag term-mediatisation-du-sport\"><a class=\"termslist-itemlink\" href=\"https:\/\/www.sfsic.org\/en\/tag\/mediatisation-du-sport\/\" title=\"M\u00e9diatisation du sport\"><span class=\"termslist-itemname\">M\u00e9diatisation du sport<\/span><\/a><\/li>\n<li class=\"termslist-item tax-post_tag term-semiotique\"><a class=\"termslist-itemlink\" href=\"https:\/\/www.sfsic.org\/en\/tag\/semiotics\/\" title=\"S\u00e9miotique\"><span class=\"termslist-itemname\">S\u00e9miotique<\/span><\/a><\/li>\n<\/ul><\/div>\n<\/p><\/div>\n<\/p><\/div>\n<\/p><\/div>\n<\/p><\/div>\n<\/div>\n<p><!-- \/fxzn:singledetail --><\/p>\n","protected":false},"excerpt":{"rendered":"<p>Mis en ligne le 6 mai 2021 Th\u00e9matiques M\u00e9diation des savoirs, \u00e9ducation et formation Organisation des connaissances Type d\u2019\u00e9v\u00e9nement S\u00e9minaire Dates de l\u2019\u00e9v\u00e9nement Du 21\/05\/2021 au 21\/05\/2021, 10h-12h Lieu de [&hellip;]<\/p>\n","protected":false},"author":781,"featured_media":0,"comment_status":"closed","ping_status":"closed","sticky":false,"template":"","format":"standard","meta":{"_acf_changed":false,"footnotes":""},"categories":[30,69],"tags":[189,129,362,77],"thematique":[43,42],"sfsic":[],"class_list":["post-17514","post","type-post","status-publish","format-standard","hentry","category-evenement","category-seminaire-2","tag-analyse-du-discours","tag-mediation","tag-mediatisation-du-sport","tag-semiotique","thematique-mediation-des-savoirs-education-et-formation","thematique-organisation-des-connaissances","wp-sticky"],"acf":[],"yoast_head":"<!-- This site is optimized with the Yoast SEO plugin v27.4 - https:\/\/yoast.com\/product\/yoast-seo-wordpress\/ -->\n<title>Valeurs, sociabilisations et &quot;formes de vie&quot; : S\u00e9miotique des discours de sport et analyse des discours sur le sport<\/title>\n<meta name=\"description\" content=\"Le CeRes (Centre de Recherches S\u00e9miotiques annonce son s\u00e9minaire en ligne sur la th\u00e9matique &quot;&quot;Valeurs, sociabilisations et &quot;formes de vie&quot; : s\u00e9miotique des discours\u00a0de\u00a0sport et analyse des discours\u00a0sur\u00a0le sport&quot;.\" \/>\n<meta name=\"robots\" content=\"index, follow, max-snippet:-1, max-image-preview:large, max-video-preview:-1\" \/>\n<link rel=\"canonical\" href=\"https:\/\/www.sfsic.org\/en\/evenement\/valeurs-sociabilisations-et-formes-de-vie-semiotique-des-discours-de-sport-et-analyse-des-discours-sur-le-sport\/\" \/>\n<meta property=\"og:locale\" content=\"en_US\" \/>\n<meta property=\"og:type\" content=\"article\" \/>\n<meta property=\"og:title\" content=\"Valeurs, sociabilisations et &quot;formes de vie&quot; : S\u00e9miotique des discours de sport et analyse des discours sur le sport\" \/>\n<meta property=\"og:description\" content=\"Le CeRes (Centre de Recherches S\u00e9miotiques annonce son s\u00e9minaire en ligne sur la th\u00e9matique &quot;&quot;Valeurs, sociabilisations et &quot;formes de vie&quot; : s\u00e9miotique des discours\u00a0de\u00a0sport et analyse des discours\u00a0sur\u00a0le sport&quot;.\" \/>\n<meta property=\"og:url\" content=\"https:\/\/www.sfsic.org\/en\/evenement\/valeurs-sociabilisations-et-formes-de-vie-semiotique-des-discours-de-sport-et-analyse-des-discours-sur-le-sport\/\" \/>\n<meta property=\"og:site_name\" content=\"SFSIC\" \/>\n<meta property=\"article:published_time\" content=\"2021-05-08T07:45:38+00:00\" \/>\n<meta name=\"author\" content=\"Axelle Martin\" \/>\n<meta name=\"twitter:card\" content=\"summary_large_image\" \/>\n<script type=\"application\/ld+json\" class=\"yoast-schema-graph\">{\"@context\":\"https:\\\/\\\/schema.org\",\"@graph\":[{\"@type\":\"Article\",\"@id\":\"https:\\\/\\\/www.sfsic.org\\\/en\\\/evenement\\\/valeurs-sociabilisations-et-formes-de-vie-semiotique-des-discours-de-sport-et-analyse-des-discours-sur-le-sport\\\/#article\",\"isPartOf\":{\"@id\":\"https:\\\/\\\/www.sfsic.org\\\/en\\\/evenement\\\/valeurs-sociabilisations-et-formes-de-vie-semiotique-des-discours-de-sport-et-analyse-des-discours-sur-le-sport\\\/\"},\"author\":{\"name\":\"Axelle Martin\",\"@id\":\"https:\\\/\\\/www.sfsic.org\\\/en\\\/#\\\/schema\\\/person\\\/d3606993477708f4359fb9aeda58df3b\"},\"headline\":\"Valeurs, sociabilisations et &#8220;formes de vie&#8221; : S\u00e9miotique des discours de sport et analyse des discours sur le sport\",\"datePublished\":\"2021-05-08T07:45:38+00:00\",\"mainEntityOfPage\":{\"@id\":\"https:\\\/\\\/www.sfsic.org\\\/en\\\/evenement\\\/valeurs-sociabilisations-et-formes-de-vie-semiotique-des-discours-de-sport-et-analyse-des-discours-sur-le-sport\\\/\"},\"wordCount\":175,\"publisher\":{\"@id\":\"https:\\\/\\\/www.sfsic.org\\\/en\\\/#organization\"},\"keywords\":[\"Analyse du discours\",\"M\u00e9diation\",\"M\u00e9diatisation du sport\",\"S\u00e9miotique\"],\"articleSection\":[\"\u00c9v\u00e9nements\",\"S\u00e9minaire\"],\"inLanguage\":\"en-US\"},{\"@type\":\"WebPage\",\"@id\":\"https:\\\/\\\/www.sfsic.org\\\/en\\\/evenement\\\/valeurs-sociabilisations-et-formes-de-vie-semiotique-des-discours-de-sport-et-analyse-des-discours-sur-le-sport\\\/\",\"url\":\"https:\\\/\\\/www.sfsic.org\\\/en\\\/evenement\\\/valeurs-sociabilisations-et-formes-de-vie-semiotique-des-discours-de-sport-et-analyse-des-discours-sur-le-sport\\\/\",\"name\":\"Valeurs, sociabilisations et \\\"formes de vie\\\" : S\u00e9miotique des discours de sport et analyse des discours sur le sport\",\"isPartOf\":{\"@id\":\"https:\\\/\\\/www.sfsic.org\\\/en\\\/#website\"},\"datePublished\":\"2021-05-08T07:45:38+00:00\",\"description\":\"Le CeRes (Centre de Recherches S\u00e9miotiques annonce son s\u00e9minaire en ligne sur la th\u00e9matique \\\"\\\"Valeurs, sociabilisations et \\\"formes de vie\\\" : s\u00e9miotique des discours\u00a0de\u00a0sport et analyse des discours\u00a0sur\u00a0le sport\\\".\",\"breadcrumb\":{\"@id\":\"https:\\\/\\\/www.sfsic.org\\\/en\\\/evenement\\\/valeurs-sociabilisations-et-formes-de-vie-semiotique-des-discours-de-sport-et-analyse-des-discours-sur-le-sport\\\/#breadcrumb\"},\"inLanguage\":\"en-US\",\"potentialAction\":[{\"@type\":\"ReadAction\",\"target\":[\"https:\\\/\\\/www.sfsic.org\\\/en\\\/evenement\\\/valeurs-sociabilisations-et-formes-de-vie-semiotique-des-discours-de-sport-et-analyse-des-discours-sur-le-sport\\\/\"]}]},{\"@type\":\"BreadcrumbList\",\"@id\":\"https:\\\/\\\/www.sfsic.org\\\/en\\\/evenement\\\/valeurs-sociabilisations-et-formes-de-vie-semiotique-des-discours-de-sport-et-analyse-des-discours-sur-le-sport\\\/#breadcrumb\",\"itemListElement\":[{\"@type\":\"ListItem\",\"position\":1,\"name\":\"Accueil\",\"item\":\"https:\\\/\\\/www.sfsic.org\\\/en\\\/\"},{\"@type\":\"ListItem\",\"position\":2,\"name\":\"Events\",\"item\":\"https:\\\/\\\/www.sfsic.org\\\/en\\\/events\\\/\"},{\"@type\":\"ListItem\",\"position\":3,\"name\":\"Seminar\",\"item\":\"https:\\\/\\\/www.sfsic.org\\\/en\\\/events\\\/seminar-2\\\/\"},{\"@type\":\"ListItem\",\"position\":4,\"name\":\"Valeurs, sociabilisations et &#8220;formes de vie&#8221; : S\u00e9miotique des discours de sport et analyse des discours sur le sport\"}]},{\"@type\":\"WebSite\",\"@id\":\"https:\\\/\\\/www.sfsic.org\\\/en\\\/#website\",\"url\":\"https:\\\/\\\/www.sfsic.org\\\/en\\\/\",\"name\":\"SFSIC\",\"description\":\"Soci\u00e9t\u00e9 Fran\u00e7aise des Sciences de l&#039;Information &amp; de la Communication\",\"publisher\":{\"@id\":\"https:\\\/\\\/www.sfsic.org\\\/en\\\/#organization\"},\"potentialAction\":[{\"@type\":\"SearchAction\",\"target\":{\"@type\":\"EntryPoint\",\"urlTemplate\":\"https:\\\/\\\/www.sfsic.org\\\/en\\\/?s={search_term_string}\"},\"query-input\":{\"@type\":\"PropertyValueSpecification\",\"valueRequired\":true,\"valueName\":\"search_term_string\"}}],\"inLanguage\":\"en-US\"},{\"@type\":\"Organization\",\"@id\":\"https:\\\/\\\/www.sfsic.org\\\/en\\\/#organization\",\"name\":\"SFSIC\",\"url\":\"https:\\\/\\\/www.sfsic.org\\\/en\\\/\",\"logo\":{\"@type\":\"ImageObject\",\"inLanguage\":\"en-US\",\"@id\":\"https:\\\/\\\/www.sfsic.org\\\/en\\\/#\\\/schema\\\/logo\\\/image\\\/\",\"url\":\"https:\\\/\\\/www.sfsic.org\\\/wp-inside\\\/uploads\\\/2020\\\/05\\\/logo-sfsic.jpg\",\"contentUrl\":\"https:\\\/\\\/www.sfsic.org\\\/wp-inside\\\/uploads\\\/2020\\\/05\\\/logo-sfsic.jpg\",\"width\":1085,\"height\":1080,\"caption\":\"SFSIC\"},\"image\":{\"@id\":\"https:\\\/\\\/www.sfsic.org\\\/en\\\/#\\\/schema\\\/logo\\\/image\\\/\"}},{\"@type\":\"Person\",\"@id\":\"https:\\\/\\\/www.sfsic.org\\\/en\\\/#\\\/schema\\\/person\\\/d3606993477708f4359fb9aeda58df3b\",\"name\":\"Axelle Martin\",\"image\":{\"@type\":\"ImageObject\",\"inLanguage\":\"en-US\",\"@id\":\"https:\\\/\\\/secure.gravatar.com\\\/avatar\\\/1065035eb5e480668fbf77e163c2e86f81ac342eaad4c8783acdf4a63f3c917b?s=96&d=mm&r=g\",\"url\":\"https:\\\/\\\/secure.gravatar.com\\\/avatar\\\/1065035eb5e480668fbf77e163c2e86f81ac342eaad4c8783acdf4a63f3c917b?s=96&d=mm&r=g\",\"contentUrl\":\"https:\\\/\\\/secure.gravatar.com\\\/avatar\\\/1065035eb5e480668fbf77e163c2e86f81ac342eaad4c8783acdf4a63f3c917b?s=96&d=mm&r=g\",\"caption\":\"Axelle Martin\"},\"sameAs\":[\"@antropocominside\"]}]}<\/script>\n<!-- \/ Yoast SEO plugin. -->","yoast_head_json":{"title":"Valeurs, sociabilisations et \"formes de vie\" : S\u00e9miotique des discours de sport et analyse des discours sur le sport","description":"Le CeRes (Centre de Recherches S\u00e9miotiques annonce son s\u00e9minaire en ligne sur la th\u00e9matique \"\"Valeurs, sociabilisations et \"formes de vie\" : s\u00e9miotique des discours\u00a0de\u00a0sport et analyse des discours\u00a0sur\u00a0le sport\".","robots":{"index":"index","follow":"follow","max-snippet":"max-snippet:-1","max-image-preview":"max-image-preview:large","max-video-preview":"max-video-preview:-1"},"canonical":"https:\/\/www.sfsic.org\/en\/evenement\/valeurs-sociabilisations-et-formes-de-vie-semiotique-des-discours-de-sport-et-analyse-des-discours-sur-le-sport\/","og_locale":"en_US","og_type":"article","og_title":"Valeurs, sociabilisations et \"formes de vie\" : S\u00e9miotique des discours de sport et analyse des discours sur le sport","og_description":"Le CeRes (Centre de Recherches S\u00e9miotiques annonce son s\u00e9minaire en ligne sur la th\u00e9matique \"\"Valeurs, sociabilisations et \"formes de vie\" : s\u00e9miotique des discours\u00a0de\u00a0sport et analyse des discours\u00a0sur\u00a0le sport\".","og_url":"https:\/\/www.sfsic.org\/en\/evenement\/valeurs-sociabilisations-et-formes-de-vie-semiotique-des-discours-de-sport-et-analyse-des-discours-sur-le-sport\/","og_site_name":"SFSIC","article_published_time":"2021-05-08T07:45:38+00:00","author":"Axelle Martin","twitter_card":"summary_large_image","schema":{"@context":"https:\/\/schema.org","@graph":[{"@type":"Article","@id":"https:\/\/www.sfsic.org\/en\/evenement\/valeurs-sociabilisations-et-formes-de-vie-semiotique-des-discours-de-sport-et-analyse-des-discours-sur-le-sport\/#article","isPartOf":{"@id":"https:\/\/www.sfsic.org\/en\/evenement\/valeurs-sociabilisations-et-formes-de-vie-semiotique-des-discours-de-sport-et-analyse-des-discours-sur-le-sport\/"},"author":{"name":"Axelle Martin","@id":"https:\/\/www.sfsic.org\/en\/#\/schema\/person\/d3606993477708f4359fb9aeda58df3b"},"headline":"Valeurs, sociabilisations et &#8220;formes de vie&#8221; : S\u00e9miotique des discours de sport et analyse des discours sur le sport","datePublished":"2021-05-08T07:45:38+00:00","mainEntityOfPage":{"@id":"https:\/\/www.sfsic.org\/en\/evenement\/valeurs-sociabilisations-et-formes-de-vie-semiotique-des-discours-de-sport-et-analyse-des-discours-sur-le-sport\/"},"wordCount":175,"publisher":{"@id":"https:\/\/www.sfsic.org\/en\/#organization"},"keywords":["Analyse du discours","M\u00e9diation","M\u00e9diatisation du sport","S\u00e9miotique"],"articleSection":["\u00c9v\u00e9nements","S\u00e9minaire"],"inLanguage":"en-US"},{"@type":"WebPage","@id":"https:\/\/www.sfsic.org\/en\/evenement\/valeurs-sociabilisations-et-formes-de-vie-semiotique-des-discours-de-sport-et-analyse-des-discours-sur-le-sport\/","url":"https:\/\/www.sfsic.org\/en\/evenement\/valeurs-sociabilisations-et-formes-de-vie-semiotique-des-discours-de-sport-et-analyse-des-discours-sur-le-sport\/","name":"Valeurs, sociabilisations et \"formes de vie\" : S\u00e9miotique des discours de sport et analyse des discours sur le sport","isPartOf":{"@id":"https:\/\/www.sfsic.org\/en\/#website"},"datePublished":"2021-05-08T07:45:38+00:00","description":"Le CeRes (Centre de Recherches S\u00e9miotiques annonce son s\u00e9minaire en ligne sur la th\u00e9matique \"\"Valeurs, sociabilisations et \"formes de vie\" : s\u00e9miotique des discours\u00a0de\u00a0sport et analyse des discours\u00a0sur\u00a0le sport\".","breadcrumb":{"@id":"https:\/\/www.sfsic.org\/en\/evenement\/valeurs-sociabilisations-et-formes-de-vie-semiotique-des-discours-de-sport-et-analyse-des-discours-sur-le-sport\/#breadcrumb"},"inLanguage":"en-US","potentialAction":[{"@type":"ReadAction","target":["https:\/\/www.sfsic.org\/en\/evenement\/valeurs-sociabilisations-et-formes-de-vie-semiotique-des-discours-de-sport-et-analyse-des-discours-sur-le-sport\/"]}]},{"@type":"BreadcrumbList","@id":"https:\/\/www.sfsic.org\/en\/evenement\/valeurs-sociabilisations-et-formes-de-vie-semiotique-des-discours-de-sport-et-analyse-des-discours-sur-le-sport\/#breadcrumb","itemListElement":[{"@type":"ListItem","position":1,"name":"Accueil","item":"https:\/\/www.sfsic.org\/en\/"},{"@type":"ListItem","position":2,"name":"Events","item":"https:\/\/www.sfsic.org\/en\/events\/"},{"@type":"ListItem","position":3,"name":"Seminar","item":"https:\/\/www.sfsic.org\/en\/events\/seminar-2\/"},{"@type":"ListItem","position":4,"name":"Valeurs, sociabilisations et &#8220;formes de vie&#8221; : S\u00e9miotique des discours de sport et analyse des discours sur le sport"}]},{"@type":"WebSite","@id":"https:\/\/www.sfsic.org\/en\/#website","url":"https:\/\/www.sfsic.org\/en\/","name":"SFSIC","description":"Soci\u00e9t\u00e9 Fran\u00e7aise des Sciences de l&#039;Information &amp; de la Communication","publisher":{"@id":"https:\/\/www.sfsic.org\/en\/#organization"},"potentialAction":[{"@type":"SearchAction","target":{"@type":"EntryPoint","urlTemplate":"https:\/\/www.sfsic.org\/en\/?s={search_term_string}"},"query-input":{"@type":"PropertyValueSpecification","valueRequired":true,"valueName":"search_term_string"}}],"inLanguage":"en-US"},{"@type":"Organization","@id":"https:\/\/www.sfsic.org\/en\/#organization","name":"SFSIC","url":"https:\/\/www.sfsic.org\/en\/","logo":{"@type":"ImageObject","inLanguage":"en-US","@id":"https:\/\/www.sfsic.org\/en\/#\/schema\/logo\/image\/","url":"https:\/\/www.sfsic.org\/wp-inside\/uploads\/2020\/05\/logo-sfsic.jpg","contentUrl":"https:\/\/www.sfsic.org\/wp-inside\/uploads\/2020\/05\/logo-sfsic.jpg","width":1085,"height":1080,"caption":"SFSIC"},"image":{"@id":"https:\/\/www.sfsic.org\/en\/#\/schema\/logo\/image\/"}},{"@type":"Person","@id":"https:\/\/www.sfsic.org\/en\/#\/schema\/person\/d3606993477708f4359fb9aeda58df3b","name":"Axelle Martin","image":{"@type":"ImageObject","inLanguage":"en-US","@id":"https:\/\/secure.gravatar.com\/avatar\/1065035eb5e480668fbf77e163c2e86f81ac342eaad4c8783acdf4a63f3c917b?s=96&d=mm&r=g","url":"https:\/\/secure.gravatar.com\/avatar\/1065035eb5e480668fbf77e163c2e86f81ac342eaad4c8783acdf4a63f3c917b?s=96&d=mm&r=g","contentUrl":"https:\/\/secure.gravatar.com\/avatar\/1065035eb5e480668fbf77e163c2e86f81ac342eaad4c8783acdf4a63f3c917b?s=96&d=mm&r=g","caption":"Axelle Martin"},"sameAs":["@antropocominside"]}]}},"_links":{"self":[{"href":"https:\/\/www.sfsic.org\/en\/wp-json\/wp\/v2\/posts\/17514","targetHints":{"allow":["GET"]}}],"collection":[{"href":"https:\/\/www.sfsic.org\/en\/wp-json\/wp\/v2\/posts"}],"about":[{"href":"https:\/\/www.sfsic.org\/en\/wp-json\/wp\/v2\/types\/post"}],"author":[{"embeddable":true,"href":"https:\/\/www.sfsic.org\/en\/wp-json\/wp\/v2\/users\/781"}],"replies":[{"embeddable":true,"href":"https:\/\/www.sfsic.org\/en\/wp-json\/wp\/v2\/comments?post=17514"}],"version-history":[{"count":5,"href":"https:\/\/www.sfsic.org\/en\/wp-json\/wp\/v2\/posts\/17514\/revisions"}],"predecessor-version":[{"id":17519,"href":"https:\/\/www.sfsic.org\/en\/wp-json\/wp\/v2\/posts\/17514\/revisions\/17519"}],"wp:attachment":[{"href":"https:\/\/www.sfsic.org\/en\/wp-json\/wp\/v2\/media?parent=17514"}],"wp:term":[{"taxonomy":"category","embeddable":true,"href":"https:\/\/www.sfsic.org\/en\/wp-json\/wp\/v2\/categories?post=17514"},{"taxonomy":"post_tag","embeddable":true,"href":"https:\/\/www.sfsic.org\/en\/wp-json\/wp\/v2\/tags?post=17514"},{"taxonomy":"thematique","embeddable":true,"href":"https:\/\/www.sfsic.org\/en\/wp-json\/wp\/v2\/thematique?post=17514"},{"taxonomy":"sfsic","embeddable":true,"href":"https:\/\/www.sfsic.org\/en\/wp-json\/wp\/v2\/sfsic?post=17514"}],"curies":[{"name":"wp","href":"https:\/\/api.w.org\/{rel}","templated":true}]}}