{"id":17328,"date":"2021-05-04T21:17:03","date_gmt":"2021-05-04T19:17:03","guid":{"rendered":"https:\/\/www.sfsic.org\/?p=17328"},"modified":"2021-05-04T21:16:24","modified_gmt":"2021-05-04T19:16:24","slug":"documents-et-donnees-luniversite-a-lere-de-la-transition-numerique","status":"publish","type":"post","link":"https:\/\/www.sfsic.org\/en\/evenement\/documents-et-donnees-luniversite-a-lere-de-la-transition-numerique\/","title":{"rendered":"Documents et donn\u00e9es : l\u2019universit\u00e9 \u00e0 l\u2019\u00e8re de la transition num\u00e9rique"},"content":{"rendered":"<p><!-- fxzn:singledetail --><\/p>\n<div class=\"zone zn-singledetail\" id=\"fxzn-singledetail-1\">\n<div class=\"zone-block zn-singledetail-block alignwide va-top\">\n<div class=\"row\">\n<div class=\"columns large-8 large-push-4\">\n<div class=\"zn-singledetail-metabox\">\n<div class=\"zn-singledetail-pubdate pubdate\">\n\t\t\t\t\t<span class=\"pubdate-txt\">Mis en ligne le<\/span><span class=\"doubledot\"><\/span> 4 mai 2021\t\t\t\t<\/div>\n<p class=\"zn-singledetail-calenda-info\">\n\t\t\t\t\t\tInformations \u00e9dit\u00e9es \u00e0 partir d\u2019une annonce <a class=\"calenda-link prettylink\" href=\"https:\/\/calenda.org\/870069\" target=\"_blank\" rel=\"noopener\"><strong>Calenda<\/strong><\/a>.\t\t\t\t\t<\/p>\n<div class=\"zn-singledetail-thematiques with-sep-comma\">\n<ul class=\"termslist termslist-thematique\">\n<li class=\"termslist-item termslist-title\"><span class=\"termslist-titletxt\">Th\u00e9matiques<\/span><span class=\"doubledot\"><\/span><\/li>\n<li class=\"termslist-item tax-thematique term-information-documents-ecritures\"><a class=\"termslist-itemlink\" href=\"https:\/\/www.sfsic.org\/thematiques\/information-documents-ecritures\/\" title=\"Information, documents et \u00e9critures\"><span class=\"termslist-itemname\">Information, documents et \u00e9critures<\/span><\/a><\/li>\n<li class=\"termslist-item tax-thematique term-numerique-strategies-dispositifs-usages\"><a class=\"termslist-itemlink\" href=\"https:\/\/www.sfsic.org\/thematiques\/numerique-strategies-dispositifs-usages\/\" title=\"Num\u00e9rique : strat\u00e9gies, dispositifs et usages\"><span class=\"termslist-itemname\">Num\u00e9rique : strat\u00e9gies, dispositifs et usages<\/span><\/a><\/li>\n<li class=\"termslist-item tax-thematique term-organisation-des-connaissances\"><a class=\"termslist-itemlink\" href=\"https:\/\/www.sfsic.org\/thematiques\/organisation-des-connaissances\/\" title=\"Organisation des connaissances\"><span class=\"termslist-itemname\">Organisation des connaissances<\/span><\/a><\/li>\n<\/ul><\/div>\n<\/p><\/div>\n<\/p><\/div>\n<\/p><\/div>\n<div class=\"row\">\n<div class=\"columns large-4\">\n<div class=\"zn-singledetail-sidebar bg-cornersquares\">\n<div class=\"zn-singledetail-infos\">\n<p class=\"zn-singledetail-type\">\n\t\t\t\t\t\t\t<span>Type d\u2019\u00e9v\u00e9nement<\/span><span class=\"doubledot\"><\/span> <strong>Journ\u00e9e d\u2019\u00e9tude<\/strong>\n\t\t\t\t\t<\/p>\n<\/p><\/div>\n<div class=\"zn-singledetail-contacts\">\n<h3 class=\"zn-singledetail-section-title\">Contacts<\/h3>\n<ul class=\"zn-singledetail-contacts-list\">\n<li class=\"zn-singledetail-contact\">\n\t\t\t\t\t\t\t<span class=\"zn-singledetail-contact-name\">Marie-Caroline Luce<\/span><span class=\"doubledot\"><\/span><br \/>\n\t\t\t\t\t\t\t\t\t\t\t\t\t\t<a class=\"zn-singledetail-contact-mail prettylink\" href=\"mailto:orga-univ-a-l-ere-num@listes.amue.fr\">orga-univ-a-l-ere-num@listes.amue.fr<\/a>\n\t\t\t\t\t\t\t\t\t\t\t\t\t<\/li>\n<\/ul><\/div>\n<div class=\"zn-singledetail-weblinks\">\n<h3 class=\"zn-singledetail-section-title\">Sites internet de r\u00e9f\u00e9rence<\/h3>\n<ul class=\"zn-singledetail-weblinks-list\">\n<li>\n\t\t\t\t\t\t\t<a class=\"prettylink chainlink\" href=\"https:\/\/pouruneunivnum.sciencesconf.org\/\" title=\"\" target=\"_blank\" rel=\"noopener\">https:\/\/pouruneunivnum.sciencesconf.org\/<\/a>\n\t\t\t\t\t\t<\/li>\n<\/ul><\/div>\n<\/p><\/div>\n<\/p><\/div>\n<div class=\"columns large-8\">\n<div class=\"zn-singledetail-contentbox\">\n<div class=\"zn-singledetail-eventinfo\">\n<div class=\"zn-singledetail-eventinfo-inner\">\n<div class=\"zn-singledetail-eventdates\">\n\t\t\t\t\t\t<span class=\"zn-singledetail-label\">Dates de l\u2019\u00e9v\u00e9nement<span class=\"doubledot\"><\/span><\/span><\/p>\n<ul class=\"zn-singledetail-eventdates-list\">\n<li class=\"zn-singledetail-eventdates-item\">\n\t\t\t\t\t\t\t\tDu 26\/05\/2021 au 26\/05\/2021\t\t\t\t\t\t\t<\/li>\n<\/ul><\/div>\n<p class=\"zn-singledetail-eventplace\">\n\t\t\t\t\t\t<span class=\"zn-singledetail-label\">Lieu de l\u2019\u00e9v\u00e9nement<span class=\"doubledot\"><\/span><\/span><br \/>\n\t\t\t\t\t\t<span class=\"zn-singledetail-eventplace-adr\"><\/p>\n<p>\t\t\t\t\t\t\t\t\t\t\t\t<span class=\"adr-place\">Universit\u00e9 Paris 1 Panth\u00e9on-Sorbonne<\/span>,<\/p>\n<p>\t\t\t\t\t\t<span class=\"adr-city\">Paris<\/span>\t\t\t\t\t\t<span class=\"adr-cp\">75<\/span>, <span class=\"adr-country\">France<\/span><br \/>\n\t\t\t\t\t\t<\/span>\t\t\t\t\t<\/p>\n<\/p><\/div>\n<\/p><\/div>\n<div class=\"zn-singledetail-annonce wig-content\">\n<p>Le programme du colloque \u00ab&#160;Documents et donn\u00e9es&#160;: l\u2019universit\u00e9 \u00e0 l\u2019\u00e8re de la transition num\u00e9rique&#160;\u00bb qui aura lieu le 26 mai 2021 est en ligne.<\/p>\n<p>La transition num\u00e9rique bouleverse en profondeur nos pratiques professionnelles et pose plusieurs d\u00e9fis aux institutions qui peinent \u00e0 s\u2019y adapter, faute de connaissances et de strat\u00e9gies appropri\u00e9es. L\u2019enseignement sup\u00e9rieur et la recherche ne sont pas exempts des bouleversements qu\u2019elle induit.<\/p>\n<p>Dans un monde num\u00e9rique en perp\u00e9tuelle mutation, la ma\u00eetrise de la production massive de documents nativement num\u00e9riques ou num\u00e9ris\u00e9s et de donn\u00e9es, la gestion de leur cycle de vie, leur conservation constituent un enjeu majeur de comp\u00e9titivit\u00e9. L\u2019acc\u00e8s \u00e0 l\u2019information est certes facilit\u00e9, mais il soul\u00e8ve n\u00e9anmoins des questions quant au cadre juridique adapt\u00e9, notamment la protection des donn\u00e9es \u00e0 caract\u00e8re personnel ou encore la fiabilit\u00e9 et la s\u00e9curit\u00e9 des sources. La conception et la mise en \u0153uvre de dispositifs de gestion des documents et donn\u00e9es n\u00e9cessite une approche interdisciplinaire, ce qui signifie une f\u00e9d\u00e9ration d\u2019acteurs d\u2019horizons divers&#160;: DSI, biblioth\u00e9caires, archivistes, d\u00e9l\u00e9gu\u00e9s \u00e0 la protection des donn\u00e9es, enseignants-chercheurs pour une culture commune et une vision int\u00e9gr\u00e9e. Sans oublier l\u2019usager qui doit \u00eatre plac\u00e9 au c\u0153ur des dispositifs.<\/p>\n<p>Dans ce contexte, il semble imp\u00e9ratif d&rsquo;accompagner la transition num\u00e9rique de nos institutions en garantissant la pr\u00e9servation de son patrimoine informationnel, mais \u00e9galement les services rendus aux usagers.<\/p>\n<p>Cette journ\u00e9e d\u2019\u00e9tude organis\u00e9e par le Service des archives, en partenariat avec la Direction de la Recherche et de la Valorisation, de l\u2019universit\u00e9 Paris 1 Panth\u00e9on-Sorbonne, l\u2019Amue\u00a0, la DINUM et le SIAF sera l\u2019occasion de faire le point de mani\u00e8re transversale sur les m\u00e9thodes de traitement, de conservation \u00e0 long terme, de valorisation des donn\u00e9es (donn\u00e9es p\u00e9dagogiques, administratives, de recherche, ressources des biblioth\u00e8ques et centres de documentation&#8230;) et l\u2019apport de ces nouvelles sources aux chercheurs.<\/p>\n<h2>Programme<\/h2>\n<p>9h00 Accueil des participants<\/p>\n<p>9h15 Discours introductifs<\/p>\n<ul>\n<li><strong>Christine NEAU LEDUC<\/strong>, Pr\u00e9sidente, Universit\u00e9 Paris 1 Panth\u00e9on-Sorbonne<\/li>\n<li><strong>St\u00e9phane ATHANASE<\/strong>, Directeur, Agence de mutualisation des universit\u00e9s<\/li>\n<li><strong>Patrick RUESTCHMANN<\/strong>, Chef de la mission Transformation num\u00e9rique de l\u2019\u00c9tat, DINUM<\/li>\n<\/ul>\n<h3>Session 1&#160;: La transition num\u00e9rique, un sujet r\u00e8glementaire et transverse<\/h3>\n<p>Pr\u00e9sidence&#160;: <strong>Magalie MOYSAN<\/strong>, MCF en archivistique, Universit\u00e9 d\u2019Angers<\/p>\n<ul>\n<li>9h45 <em>Manager la donn\u00e9e dans l&rsquo;enseignement sup\u00e9rieur et la recherche&#160;: une approche par les m\u00e9tiers et comp\u00e9tences<\/em>\n<ul>\n<li><strong>Antoine BLANCHARD<\/strong>, Consultant, Datactivist<\/li>\n<li><strong>Romain PIERRONNET<\/strong>, Chercheur associ\u00e9, Institut de Recherche en Gestion, Universit\u00e9 Gustave Eiffel \u2013 Universit\u00e9 Paris-Est Cr\u00e9teil et consultant, cabinet Adoc M\u00e8tis<\/li>\n<\/ul>\n<\/li>\n<li>10h05<em> Les mails engageants \u00e0 l&rsquo;universit\u00e9&#160;: aspects juridique, informatique et organisationnel<\/em> <strong>Marie-Anne CHABIN<\/strong>, Professeure associ\u00e9e, UFR Sciences et Technologies du Num\u00e9rique, Master GSI, Universit\u00e9 Paris 8<\/li>\n<li>10h25 <em>Comment s\u2019applique le RGPD dans un ensemble de donn\u00e9es \u00e0 caract\u00e8re personnel et non personnel&#160;? <\/em><strong>Kin MATCHEU-MADJEU<\/strong>, DPO, ENSAM<\/li>\n<\/ul>\n<p>10h45 \u00c9changes avec le public<\/p>\n<p>11h15 Pause<\/p>\n<h3>Session 2&#160;: La n\u00e9cessaire mutualisation<\/h3>\n<p>Pr\u00e9sidence&#160;: <strong>Cyprien HENRY<\/strong>, Chef de la Mission des archives et du patrimoine culturel, MESRI<\/p>\n<ul>\n<li>11h30<em> Orientations strat\u00e9giques SI de l\u2019Amue&#160;: zoom sur un futur dispositif co-construit avec la communaut\u00e9 ESR pour la r\u00e9utilisation des donn\u00e9es de gestion et des autres informations de l\u2019\u00e9tablissement<\/em>, <strong>Marion MASSOL<\/strong>, PMO, D\u00e9partement Strat\u00e9gie et Programmation SI, Amue<\/li>\n<li>11h50 <em>Mettre en \u0153uvre l\u2019archivage \u00e9lectronique en universit\u00e9&#160;: le choix de la mutualisation pour les universit\u00e9s bordelaises et de Pau et des pays de l\u2019Adour,<\/em>\n<ul>\n<li><strong>B\u00e9atrice CASTETBON<\/strong>, Charg\u00e9e de mission D\u00e9mat\u00e9rialisation et archivage \u00e9lectronique et responsable du p\u00f4le SI \u00e0 la Direction du num\u00e9rique, Universit\u00e9 de Pau et Pays de l&rsquo;Adour<\/li>\n<li><strong>Lor\u00e8ne BECHARD<\/strong>, Archiviste et Responsable fonctionnel plateforme PAC, D\u00e9partement Archivage et Diffusion, CINES<\/li>\n<\/ul>\n<\/li>\n<\/ul>\n<p>12h10 \u00c9changes avec le public<\/p>\n<p>12h30 D\u00e9jeuner<\/p>\n<h3>Session 3&#160;: Analyser, g\u00e9rer et diffuser les donn\u00e9es de recherche<\/h3>\n<p>Pr\u00e9sidence&#160;: <strong>Marie-Laure BACHELERIE-GOUVERNEUR<\/strong>, Responsable du P\u00f4le national de conservation des donn\u00e9es et documents, Direction des affaires juridiques, CNRS<\/p>\n<ul>\n<li>14h00 <em>Cycle de vie des donn\u00e9es d\u2019enqu\u00eates \u00e0 l\u2019Institut national d\u2019\u00e9tudes d\u00e9mographiques (Ined)<\/em>\n<ul>\n<li><strong>Lindsay FUSFELD<\/strong>, Archiviste, DPO, Ined<\/li>\n<li><strong>Arianna CAPORALI<\/strong>, Ing\u00e9nieure de recherche, Service des enqu\u00eates et sondages, Responsable du DataLab, Ined<\/li>\n<\/ul>\n<\/li>\n<li>14h20 <em>dat@UBFC, un service de gestion des donn\u00e9es de la recherche pour la COMUE UBFC<\/em>\n<ul>\n<li><strong>Sylvie DAMY<\/strong>, MCF en Informatique, Universit\u00e9 de Bourgogne Franche-Comt\u00e9, UMR 6249 Laboratoire Chrono-environnement, UFR Sciences et Techniques, Besan\u00e7on<\/li>\n<li><strong>Rachel PROST<\/strong>, Documentaliste du projet dat@UBFC, OSU THETA, Professeure documentaliste, Universit\u00e9 de Franche-Comt\u00e9, Acad\u00e9mie de Besan\u00e7on<\/li>\n<\/ul>\n<\/li>\n<li>14h40 <em>Vers un entrep\u00f4t de donn\u00e9es scientifiques pour l\u2019universit\u00e9&#160;: retours d\u2019exp\u00e9rience du projet Data Paris 8<\/em>\n<ul>\n<li><strong>Goran SEKULOVSKI<\/strong>, Charg\u00e9 de mission Donn\u00e9es de la recherche, Universit\u00e9 Paris 8<\/li>\n<li><strong>Johann HOLLAND<\/strong>, Charg\u00e9 de mission MSH, TGIR Huma-Num<\/li>\n<\/ul>\n<\/li>\n<\/ul>\n<p>15h00 \u00c9changes avec le public<\/p>\n<p>15h30 Pause<\/p>\n<h3>Table ronde&#160;: Enrichir pour exploiter<\/h3>\n<p>Pr\u00e9sidence&#160;: <strong>S\u00e9bastien OLIVEAU<\/strong>, Directeur, TGIR PROGEDO, USR 2006 CNRS-EHESS<\/p>\n<ul>\n<li>15h45 <em>L&rsquo;archivage du web \u00e0 la BnF&#160;: le cadre l\u00e9gal, les conditions d&rsquo;exploitation et l&rsquo;accompagnement des chercheurs<\/em>\n<ul>\n<li><strong>Doroth\u00e9e BENHAMOU-SUESSER<\/strong>, Charg\u00e9e de collections num\u00e9riques, Responsable de l&rsquo;acc\u00e8s aux archives de l&rsquo;internet et de la pr\u00e9servation, BnF<\/li>\n<li><strong>Alexandre FAYE<\/strong>, Charg\u00e9 de collections num\u00e9riques, Responsable projets de recherche et action internationale, BnF<\/li>\n<\/ul>\n<\/li>\n<li>16h05 <em>L&rsquo;archive augment\u00e9e&#160;: coh\u00e9rence et continuit\u00e9 des collections \u00e0 l&rsquo;INA<\/em>\n<ul>\n<li><strong>J\u00e9r\u00f4me THIEVRE<\/strong>, Responsable R&amp;D au D\u00e9p\u00f4t l\u00e9gal web, INA<\/li>\n<\/ul>\n<\/li>\n<\/ul>\n<p>16h25 \u00c9changes avec le public<\/p>\n<p>16h45 Conclusion g\u00e9n\u00e9rale, <strong>Fran\u00e7oise BANAT-BERGER<\/strong>, Directrice, Service Interminist\u00e9riel des Archives de France<\/p>\n<\/p><\/div>\n<div class=\"zn-singledetail-attachedfiles\">\n<h3 class=\"zn-singledetail-section-title\">Fichier(s) attach\u00e9(s)<\/h3>\n<ul class=\"zn-singledetail-attachedfiles-list\">\n<li class=\"zn-singledetail-attachedfiles-item\">\n\t\t\t\t\t\t\t<a class=\"zn-singledetail-attachedfiles-link button outline for-download\" href=\"https:\/\/www.sfsic.org\/wp-inside\/uploads\/skp-membership\/demande_adh\/journee-detudes_documents-et-donnees-luniversite-a-lere-de-la-transition-numerique_resumes_2021.pdf\" title=\"T\u00e9l\u00e9charger : \u00ab journee-detudes_documents-et-donnees-luniversite-a-lere-de-la-transition-numerique_resumes_2021.pdf \u00bb\" target=\"_blank\" rel=\"noopener\"><br \/>\n\t\t\t\t\t\t\t\t<span class=\"button-txt\">journee-detudes_documents-et-donnees-luniversite-a-lere-de-la-transition-numerique_resumes_2021<span class=\"button-txt-type\"> (pdf)<\/span><\/span><br \/>\n\t\t\t\t\t\t\t<\/a>\n\t\t\t\t\t\t<\/li>\n<li class=\"zn-singledetail-attachedfiles-item\">\n\t\t\t\t\t\t\t<a class=\"zn-singledetail-attachedfiles-link button outline for-download\" href=\"https:\/\/www.sfsic.org\/wp-inside\/uploads\/skp-membership\/demande_adh\/journee-detudes_documents-et-donnees-luniversite-a-lere-de-la-transition-numerique_programme_v2_2021.pdf\" title=\"T\u00e9l\u00e9charger : \u00ab journee-detudes_documents-et-donnees-luniversite-a-lere-de-la-transition-numerique_programme_v2_2021.pdf \u00bb\" target=\"_blank\" rel=\"noopener\"><br \/>\n\t\t\t\t\t\t\t\t<span class=\"button-txt\">journee-detudes_documents-et-donnees-luniversite-a-lere-de-la-transition-numerique_programme_v2_2021<span class=\"button-txt-type\"> (pdf)<\/span><\/span><br \/>\n\t\t\t\t\t\t\t<\/a>\n\t\t\t\t\t\t<\/li>\n<\/ul><\/div>\n<div class=\"zn-singledetail-keywords\">\n<h3 class=\"zn-singledetail-section-title\">Mots-cl\u00e9s<\/h3>\n<ul class=\"termslist termslist-post_tag\">\n<li class=\"termslist-item termslist-title\"><span class=\"termslist-titletxt\">Mots-cl\u00e9s<\/span><span class=\"doubledot\"><\/span><\/li>\n<li class=\"termslist-item tax-post_tag term-donnees\"><a class=\"termslist-itemlink\" href=\"https:\/\/www.sfsic.org\/tag\/donnees\/\" title=\"Donn\u00e9es\"><span class=\"termslist-itemname\">Donn\u00e9es<\/span><\/a><\/li>\n<li class=\"termslist-item tax-post_tag term-methodologie\"><a class=\"termslist-itemlink\" href=\"https:\/\/www.sfsic.org\/tag\/methodologie\/\" title=\"M\u00e9thodologie\"><span class=\"termslist-itemname\">M\u00e9thodologie<\/span><\/a><\/li>\n<li class=\"termslist-item tax-post_tag term-numerique\"><a class=\"termslist-itemlink\" href=\"https:\/\/www.sfsic.org\/tag\/numerique\/\" title=\"Num\u00e9rique\"><span class=\"termslist-itemname\">Num\u00e9rique<\/span><\/a><\/li>\n<li class=\"termslist-item tax-post_tag term-universite\"><a class=\"termslist-itemlink\" href=\"https:\/\/www.sfsic.org\/tag\/universite\/\" title=\"Universit\u00e9\"><span class=\"termslist-itemname\">Universit\u00e9<\/span><\/a><\/li>\n<\/ul><\/div>\n<\/p><\/div>\n<\/p><\/div>\n<\/p><\/div>\n<\/p><\/div>\n<\/div>\n<p><!-- \/fxzn:singledetail --><\/p>\n","protected":false},"excerpt":{"rendered":"<p>Mis en ligne le 4 mai 2021 Informations \u00e9dit\u00e9es \u00e0 partir d\u2019une annonce Calenda. Th\u00e9matiques Information, documents et \u00e9critures Num\u00e9rique : strat\u00e9gies, dispositifs et usages Organisation des connaissances Type d\u2019\u00e9v\u00e9nement [&hellip;]<\/p>\n","protected":false},"author":781,"featured_media":0,"comment_status":"closed","ping_status":"closed","sticky":false,"template":"","format":"standard","meta":{"_acf_changed":false,"footnotes":""},"categories":[67,30],"tags":[128,110,90,535],"thematique":[40,39,42],"sfsic":[],"class_list":["post-17328","post","type-post","status-publish","format-standard","hentry","category-colloque-2","category-evenement","tag-donnees","tag-methodologie","tag-numerique","tag-universite","thematique-information-documents-et-ecritures","thematique-numerique-strategies-dispositifs-et-usages","thematique-organisation-des-connaissances","wp-sticky"],"acf":[],"yoast_head":"<!-- This site is optimized with the Yoast SEO plugin v27.4 - https:\/\/yoast.com\/product\/yoast-seo-wordpress\/ -->\n<title>Documents et donn\u00e9es : l\u2019universit\u00e9 \u00e0 l\u2019\u00e8re de la transition num\u00e9rique<\/title>\n<meta name=\"description\" content=\"Le programme de la journ\u00e9e d&#039;\u00e9tude &quot;Documents et donn\u00e9es : l\u2019universit\u00e9 \u00e0 l\u2019\u00e8re de la transition num\u00e9rique&quot; qui se d\u00e9roulera le 26 mai 2021 est en ligne.\" \/>\n<meta name=\"robots\" content=\"index, follow, max-snippet:-1, max-image-preview:large, max-video-preview:-1\" \/>\n<link rel=\"canonical\" href=\"https:\/\/www.sfsic.org\/en\/evenement\/documents-et-donnees-luniversite-a-lere-de-la-transition-numerique\/\" \/>\n<meta property=\"og:locale\" content=\"en_US\" \/>\n<meta property=\"og:type\" content=\"article\" \/>\n<meta property=\"og:title\" content=\"Documents et donn\u00e9es : l\u2019universit\u00e9 \u00e0 l\u2019\u00e8re de la transition num\u00e9rique\" \/>\n<meta property=\"og:description\" content=\"Le programme de la journ\u00e9e d&#039;\u00e9tude &quot;Documents et donn\u00e9es : l\u2019universit\u00e9 \u00e0 l\u2019\u00e8re de la transition num\u00e9rique&quot; qui se d\u00e9roulera le 26 mai 2021 est en ligne.\" \/>\n<meta property=\"og:url\" content=\"https:\/\/www.sfsic.org\/en\/evenement\/documents-et-donnees-luniversite-a-lere-de-la-transition-numerique\/\" \/>\n<meta property=\"og:site_name\" content=\"SFSIC\" \/>\n<meta property=\"article:published_time\" content=\"2021-05-04T19:17:03+00:00\" \/>\n<meta name=\"author\" content=\"Axelle Martin\" \/>\n<meta name=\"twitter:card\" content=\"summary_large_image\" \/>\n<script type=\"application\/ld+json\" class=\"yoast-schema-graph\">{\"@context\":\"https:\\\/\\\/schema.org\",\"@graph\":[{\"@type\":\"Article\",\"@id\":\"https:\\\/\\\/www.sfsic.org\\\/en\\\/evenement\\\/documents-et-donnees-luniversite-a-lere-de-la-transition-numerique\\\/#article\",\"isPartOf\":{\"@id\":\"https:\\\/\\\/www.sfsic.org\\\/en\\\/evenement\\\/documents-et-donnees-luniversite-a-lere-de-la-transition-numerique\\\/\"},\"author\":{\"name\":\"Axelle Martin\",\"@id\":\"https:\\\/\\\/www.sfsic.org\\\/en\\\/#\\\/schema\\\/person\\\/d3606993477708f4359fb9aeda58df3b\"},\"headline\":\"Documents et donn\u00e9es : l\u2019universit\u00e9 \u00e0 l\u2019\u00e8re de la transition num\u00e9rique\",\"datePublished\":\"2021-05-04T19:17:03+00:00\",\"mainEntityOfPage\":{\"@id\":\"https:\\\/\\\/www.sfsic.org\\\/en\\\/evenement\\\/documents-et-donnees-luniversite-a-lere-de-la-transition-numerique\\\/\"},\"wordCount\":1076,\"publisher\":{\"@id\":\"https:\\\/\\\/www.sfsic.org\\\/en\\\/#organization\"},\"keywords\":[\"Donn\u00e9es\",\"M\u00e9thodologie\",\"Num\u00e9rique\",\"Universit\u00e9\"],\"articleSection\":[\"Colloque\",\"\u00c9v\u00e9nements\"],\"inLanguage\":\"en-US\"},{\"@type\":\"WebPage\",\"@id\":\"https:\\\/\\\/www.sfsic.org\\\/en\\\/evenement\\\/documents-et-donnees-luniversite-a-lere-de-la-transition-numerique\\\/\",\"url\":\"https:\\\/\\\/www.sfsic.org\\\/en\\\/evenement\\\/documents-et-donnees-luniversite-a-lere-de-la-transition-numerique\\\/\",\"name\":\"Documents et donn\u00e9es : l\u2019universit\u00e9 \u00e0 l\u2019\u00e8re de la transition num\u00e9rique\",\"isPartOf\":{\"@id\":\"https:\\\/\\\/www.sfsic.org\\\/en\\\/#website\"},\"datePublished\":\"2021-05-04T19:17:03+00:00\",\"description\":\"Le programme de la journ\u00e9e d'\u00e9tude \\\"Documents et donn\u00e9es : l\u2019universit\u00e9 \u00e0 l\u2019\u00e8re de la transition num\u00e9rique\\\" qui se d\u00e9roulera le 26 mai 2021 est en ligne.\",\"breadcrumb\":{\"@id\":\"https:\\\/\\\/www.sfsic.org\\\/en\\\/evenement\\\/documents-et-donnees-luniversite-a-lere-de-la-transition-numerique\\\/#breadcrumb\"},\"inLanguage\":\"en-US\",\"potentialAction\":[{\"@type\":\"ReadAction\",\"target\":[\"https:\\\/\\\/www.sfsic.org\\\/en\\\/evenement\\\/documents-et-donnees-luniversite-a-lere-de-la-transition-numerique\\\/\"]}]},{\"@type\":\"BreadcrumbList\",\"@id\":\"https:\\\/\\\/www.sfsic.org\\\/en\\\/evenement\\\/documents-et-donnees-luniversite-a-lere-de-la-transition-numerique\\\/#breadcrumb\",\"itemListElement\":[{\"@type\":\"ListItem\",\"position\":1,\"name\":\"Accueil\",\"item\":\"https:\\\/\\\/www.sfsic.org\\\/en\\\/\"},{\"@type\":\"ListItem\",\"position\":2,\"name\":\"Events\",\"item\":\"https:\\\/\\\/www.sfsic.org\\\/en\\\/events\\\/\"},{\"@type\":\"ListItem\",\"position\":3,\"name\":\"Conference\",\"item\":\"https:\\\/\\\/www.sfsic.org\\\/en\\\/events\\\/conference-en\\\/\"},{\"@type\":\"ListItem\",\"position\":4,\"name\":\"Documents et donn\u00e9es&#160;: l\u2019universit\u00e9 \u00e0 l\u2019\u00e8re de la transition num\u00e9rique\"}]},{\"@type\":\"WebSite\",\"@id\":\"https:\\\/\\\/www.sfsic.org\\\/en\\\/#website\",\"url\":\"https:\\\/\\\/www.sfsic.org\\\/en\\\/\",\"name\":\"SFSIC\",\"description\":\"Soci\u00e9t\u00e9 Fran\u00e7aise des Sciences de l&#039;Information &amp; de la Communication\",\"publisher\":{\"@id\":\"https:\\\/\\\/www.sfsic.org\\\/en\\\/#organization\"},\"potentialAction\":[{\"@type\":\"SearchAction\",\"target\":{\"@type\":\"EntryPoint\",\"urlTemplate\":\"https:\\\/\\\/www.sfsic.org\\\/en\\\/?s={search_term_string}\"},\"query-input\":{\"@type\":\"PropertyValueSpecification\",\"valueRequired\":true,\"valueName\":\"search_term_string\"}}],\"inLanguage\":\"en-US\"},{\"@type\":\"Organization\",\"@id\":\"https:\\\/\\\/www.sfsic.org\\\/en\\\/#organization\",\"name\":\"SFSIC\",\"url\":\"https:\\\/\\\/www.sfsic.org\\\/en\\\/\",\"logo\":{\"@type\":\"ImageObject\",\"inLanguage\":\"en-US\",\"@id\":\"https:\\\/\\\/www.sfsic.org\\\/en\\\/#\\\/schema\\\/logo\\\/image\\\/\",\"url\":\"https:\\\/\\\/www.sfsic.org\\\/wp-inside\\\/uploads\\\/2020\\\/05\\\/logo-sfsic.jpg\",\"contentUrl\":\"https:\\\/\\\/www.sfsic.org\\\/wp-inside\\\/uploads\\\/2020\\\/05\\\/logo-sfsic.jpg\",\"width\":1085,\"height\":1080,\"caption\":\"SFSIC\"},\"image\":{\"@id\":\"https:\\\/\\\/www.sfsic.org\\\/en\\\/#\\\/schema\\\/logo\\\/image\\\/\"}},{\"@type\":\"Person\",\"@id\":\"https:\\\/\\\/www.sfsic.org\\\/en\\\/#\\\/schema\\\/person\\\/d3606993477708f4359fb9aeda58df3b\",\"name\":\"Axelle Martin\",\"image\":{\"@type\":\"ImageObject\",\"inLanguage\":\"en-US\",\"@id\":\"https:\\\/\\\/secure.gravatar.com\\\/avatar\\\/1065035eb5e480668fbf77e163c2e86f81ac342eaad4c8783acdf4a63f3c917b?s=96&d=mm&r=g\",\"url\":\"https:\\\/\\\/secure.gravatar.com\\\/avatar\\\/1065035eb5e480668fbf77e163c2e86f81ac342eaad4c8783acdf4a63f3c917b?s=96&d=mm&r=g\",\"contentUrl\":\"https:\\\/\\\/secure.gravatar.com\\\/avatar\\\/1065035eb5e480668fbf77e163c2e86f81ac342eaad4c8783acdf4a63f3c917b?s=96&d=mm&r=g\",\"caption\":\"Axelle Martin\"},\"sameAs\":[\"@antropocominside\"]}]}<\/script>\n<!-- \/ Yoast SEO plugin. -->","yoast_head_json":{"title":"Documents et donn\u00e9es : l\u2019universit\u00e9 \u00e0 l\u2019\u00e8re de la transition num\u00e9rique","description":"Le programme de la journ\u00e9e d'\u00e9tude \"Documents et donn\u00e9es : l\u2019universit\u00e9 \u00e0 l\u2019\u00e8re de la transition num\u00e9rique\" qui se d\u00e9roulera le 26 mai 2021 est en ligne.","robots":{"index":"index","follow":"follow","max-snippet":"max-snippet:-1","max-image-preview":"max-image-preview:large","max-video-preview":"max-video-preview:-1"},"canonical":"https:\/\/www.sfsic.org\/en\/evenement\/documents-et-donnees-luniversite-a-lere-de-la-transition-numerique\/","og_locale":"en_US","og_type":"article","og_title":"Documents et donn\u00e9es : l\u2019universit\u00e9 \u00e0 l\u2019\u00e8re de la transition num\u00e9rique","og_description":"Le programme de la journ\u00e9e d'\u00e9tude \"Documents et donn\u00e9es : l\u2019universit\u00e9 \u00e0 l\u2019\u00e8re de la transition num\u00e9rique\" qui se d\u00e9roulera le 26 mai 2021 est en ligne.","og_url":"https:\/\/www.sfsic.org\/en\/evenement\/documents-et-donnees-luniversite-a-lere-de-la-transition-numerique\/","og_site_name":"SFSIC","article_published_time":"2021-05-04T19:17:03+00:00","author":"Axelle Martin","twitter_card":"summary_large_image","schema":{"@context":"https:\/\/schema.org","@graph":[{"@type":"Article","@id":"https:\/\/www.sfsic.org\/en\/evenement\/documents-et-donnees-luniversite-a-lere-de-la-transition-numerique\/#article","isPartOf":{"@id":"https:\/\/www.sfsic.org\/en\/evenement\/documents-et-donnees-luniversite-a-lere-de-la-transition-numerique\/"},"author":{"name":"Axelle Martin","@id":"https:\/\/www.sfsic.org\/en\/#\/schema\/person\/d3606993477708f4359fb9aeda58df3b"},"headline":"Documents et donn\u00e9es : l\u2019universit\u00e9 \u00e0 l\u2019\u00e8re de la transition num\u00e9rique","datePublished":"2021-05-04T19:17:03+00:00","mainEntityOfPage":{"@id":"https:\/\/www.sfsic.org\/en\/evenement\/documents-et-donnees-luniversite-a-lere-de-la-transition-numerique\/"},"wordCount":1076,"publisher":{"@id":"https:\/\/www.sfsic.org\/en\/#organization"},"keywords":["Donn\u00e9es","M\u00e9thodologie","Num\u00e9rique","Universit\u00e9"],"articleSection":["Colloque","\u00c9v\u00e9nements"],"inLanguage":"en-US"},{"@type":"WebPage","@id":"https:\/\/www.sfsic.org\/en\/evenement\/documents-et-donnees-luniversite-a-lere-de-la-transition-numerique\/","url":"https:\/\/www.sfsic.org\/en\/evenement\/documents-et-donnees-luniversite-a-lere-de-la-transition-numerique\/","name":"Documents et donn\u00e9es : l\u2019universit\u00e9 \u00e0 l\u2019\u00e8re de la transition num\u00e9rique","isPartOf":{"@id":"https:\/\/www.sfsic.org\/en\/#website"},"datePublished":"2021-05-04T19:17:03+00:00","description":"Le programme de la journ\u00e9e d'\u00e9tude \"Documents et donn\u00e9es : l\u2019universit\u00e9 \u00e0 l\u2019\u00e8re de la transition num\u00e9rique\" qui se d\u00e9roulera le 26 mai 2021 est en ligne.","breadcrumb":{"@id":"https:\/\/www.sfsic.org\/en\/evenement\/documents-et-donnees-luniversite-a-lere-de-la-transition-numerique\/#breadcrumb"},"inLanguage":"en-US","potentialAction":[{"@type":"ReadAction","target":["https:\/\/www.sfsic.org\/en\/evenement\/documents-et-donnees-luniversite-a-lere-de-la-transition-numerique\/"]}]},{"@type":"BreadcrumbList","@id":"https:\/\/www.sfsic.org\/en\/evenement\/documents-et-donnees-luniversite-a-lere-de-la-transition-numerique\/#breadcrumb","itemListElement":[{"@type":"ListItem","position":1,"name":"Accueil","item":"https:\/\/www.sfsic.org\/en\/"},{"@type":"ListItem","position":2,"name":"Events","item":"https:\/\/www.sfsic.org\/en\/events\/"},{"@type":"ListItem","position":3,"name":"Conference","item":"https:\/\/www.sfsic.org\/en\/events\/conference-en\/"},{"@type":"ListItem","position":4,"name":"Documents et donn\u00e9es&#160;: l\u2019universit\u00e9 \u00e0 l\u2019\u00e8re de la transition num\u00e9rique"}]},{"@type":"WebSite","@id":"https:\/\/www.sfsic.org\/en\/#website","url":"https:\/\/www.sfsic.org\/en\/","name":"SFSIC","description":"Soci\u00e9t\u00e9 Fran\u00e7aise des Sciences de l&#039;Information &amp; de la Communication","publisher":{"@id":"https:\/\/www.sfsic.org\/en\/#organization"},"potentialAction":[{"@type":"SearchAction","target":{"@type":"EntryPoint","urlTemplate":"https:\/\/www.sfsic.org\/en\/?s={search_term_string}"},"query-input":{"@type":"PropertyValueSpecification","valueRequired":true,"valueName":"search_term_string"}}],"inLanguage":"en-US"},{"@type":"Organization","@id":"https:\/\/www.sfsic.org\/en\/#organization","name":"SFSIC","url":"https:\/\/www.sfsic.org\/en\/","logo":{"@type":"ImageObject","inLanguage":"en-US","@id":"https:\/\/www.sfsic.org\/en\/#\/schema\/logo\/image\/","url":"https:\/\/www.sfsic.org\/wp-inside\/uploads\/2020\/05\/logo-sfsic.jpg","contentUrl":"https:\/\/www.sfsic.org\/wp-inside\/uploads\/2020\/05\/logo-sfsic.jpg","width":1085,"height":1080,"caption":"SFSIC"},"image":{"@id":"https:\/\/www.sfsic.org\/en\/#\/schema\/logo\/image\/"}},{"@type":"Person","@id":"https:\/\/www.sfsic.org\/en\/#\/schema\/person\/d3606993477708f4359fb9aeda58df3b","name":"Axelle Martin","image":{"@type":"ImageObject","inLanguage":"en-US","@id":"https:\/\/secure.gravatar.com\/avatar\/1065035eb5e480668fbf77e163c2e86f81ac342eaad4c8783acdf4a63f3c917b?s=96&d=mm&r=g","url":"https:\/\/secure.gravatar.com\/avatar\/1065035eb5e480668fbf77e163c2e86f81ac342eaad4c8783acdf4a63f3c917b?s=96&d=mm&r=g","contentUrl":"https:\/\/secure.gravatar.com\/avatar\/1065035eb5e480668fbf77e163c2e86f81ac342eaad4c8783acdf4a63f3c917b?s=96&d=mm&r=g","caption":"Axelle Martin"},"sameAs":["@antropocominside"]}]}},"_links":{"self":[{"href":"https:\/\/www.sfsic.org\/en\/wp-json\/wp\/v2\/posts\/17328","targetHints":{"allow":["GET"]}}],"collection":[{"href":"https:\/\/www.sfsic.org\/en\/wp-json\/wp\/v2\/posts"}],"about":[{"href":"https:\/\/www.sfsic.org\/en\/wp-json\/wp\/v2\/types\/post"}],"author":[{"embeddable":true,"href":"https:\/\/www.sfsic.org\/en\/wp-json\/wp\/v2\/users\/781"}],"replies":[{"embeddable":true,"href":"https:\/\/www.sfsic.org\/en\/wp-json\/wp\/v2\/comments?post=17328"}],"version-history":[{"count":5,"href":"https:\/\/www.sfsic.org\/en\/wp-json\/wp\/v2\/posts\/17328\/revisions"}],"predecessor-version":[{"id":17456,"href":"https:\/\/www.sfsic.org\/en\/wp-json\/wp\/v2\/posts\/17328\/revisions\/17456"}],"wp:attachment":[{"href":"https:\/\/www.sfsic.org\/en\/wp-json\/wp\/v2\/media?parent=17328"}],"wp:term":[{"taxonomy":"category","embeddable":true,"href":"https:\/\/www.sfsic.org\/en\/wp-json\/wp\/v2\/categories?post=17328"},{"taxonomy":"post_tag","embeddable":true,"href":"https:\/\/www.sfsic.org\/en\/wp-json\/wp\/v2\/tags?post=17328"},{"taxonomy":"thematique","embeddable":true,"href":"https:\/\/www.sfsic.org\/en\/wp-json\/wp\/v2\/thematique?post=17328"},{"taxonomy":"sfsic","embeddable":true,"href":"https:\/\/www.sfsic.org\/en\/wp-json\/wp\/v2\/sfsic?post=17328"}],"curies":[{"name":"wp","href":"https:\/\/api.w.org\/{rel}","templated":true}]}}