{"id":17130,"date":"2021-04-17T00:00:02","date_gmt":"2021-04-16T22:00:02","guid":{"rendered":"https:\/\/www.sfsic.org\/?p=17130"},"modified":"2021-04-19T16:04:23","modified_gmt":"2021-04-19T14:04:23","slug":"pluralisation-des-mondes-culturels-et-mobilisation-des-connaissances-professeure-chercheure-ou-professeur-chercheur","status":"publish","type":"post","link":"https:\/\/www.sfsic.org\/en\/emplois\/pluralisation-des-mondes-culturels-et-mobilisation-des-connaissances-professeure-chercheure-ou-professeur-chercheur\/","title":{"rendered":"Pluralisation des mondes culturels et mobilisation des connaissances"},"content":{"rendered":"<p><!-- fxzn:singledetail --><\/p>\n<div class=\"zone zn-singledetail\" id=\"fxzn-singledetail-1\">\n<div class=\"zone-block zn-singledetail-block alignwide va-top\">\n<div class=\"row\">\n<div class=\"columns large-8 large-push-4\">\n<div class=\"zn-singledetail-metabox\">\n<div class=\"zn-singledetail-pubdate pubdate\">\n\t\t\t\t\t<span class=\"pubdate-txt\">Mis en ligne le<\/span><span class=\"doubledot\"><\/span> <time class=\"pubdate-time\" pubdate datetime=\"2021-04-17T00:00:02+02:00\">17 avril 2021<\/time>\t\t\t\t<\/div>\n<p class=\"zn-singledetail-calenda-info\">\n\t\t\t\t\t\tInformations \u00e9dit\u00e9es \u00e0 partir d\u2019une annonce <a class=\"calenda-link prettylink\" href=\"https:\/\/calenda.org\/865784\" target=\"_blank\" rel=\"noopener\"><strong>Calenda<\/strong><\/a>.\t\t\t\t\t<\/p>\n<div class=\"zn-singledetail-thematiques with-sep-comma\">\n<ul class=\"termslist termslist-thematique\">\n<li class=\"termslist-item termslist-title\"><span class=\"termslist-titletxt\">Th\u00e9matiques<\/span><span class=\"doubledot\"><\/span><\/li>\n<li class=\"termslist-item tax-thematique term-images-cinema-medias-audiovisuels-et-industries-culturelles\"><a class=\"termslist-itemlink\" href=\"https:\/\/www.sfsic.org\/thematiques\/images-cinema-medias-audiovisuels-et-industries-culturelles\/\" title=\"Images, cin\u00e9ma, m\u00e9dias audiovisuels et industries culturelles\"><span class=\"termslist-itemname\">Images, cin\u00e9ma, m\u00e9dias audiovisuels et industries culturelles<\/span><\/a><\/li>\n<li class=\"termslist-item tax-thematique term-mediations-memorielles-culturelles-patrimoniales\"><a class=\"termslist-itemlink\" href=\"https:\/\/www.sfsic.org\/thematiques\/mediations-memorielles-culturelles-patrimoniales\/\" title=\"M\u00e9diations m\u00e9morielles, culturelles et patrimoniales\"><span class=\"termslist-itemname\">M\u00e9diations m\u00e9morielles, culturelles et patrimoniales<\/span><\/a><\/li>\n<\/ul><\/div>\n<\/p><\/div>\n<\/p><\/div>\n<\/p><\/div>\n<div class=\"row\">\n<div class=\"columns large-4\">\n<div class=\"zn-singledetail-sidebar bg-cornersquares\">\n<div class=\"zn-singledetail-infos\">\n<p class=\"zn-singledetail-reponse-date\">\n\t\t\t\t\t\t<span>R\u00e9ponse attendue pour le<\/span><span class=\"doubledot\"><\/span> <strong>07\/05\/2021<\/strong>\n\t\t\t\t\t<\/p>\n<p class=\"zn-singledetail-type\">\n\t\t\t\t\t\t\t<span>Type d\u2019annonce<\/span><span class=\"doubledot\"><\/span> <strong>Bourse de recherche<\/strong>\n\t\t\t\t\t<\/p>\n<\/p><\/div>\n<div class=\"zn-singledetail-contacts\">\n<h3 class=\"zn-singledetail-section-title\">Contacts<\/h3>\n<ul class=\"zn-singledetail-contacts-list\">\n<li class=\"zn-singledetail-contact\">\n\t\t\t\t\t\t\t<span class=\"zn-singledetail-contact-name\">Nathalie Casemajor<\/span><span class=\"doubledot\"><\/span><br \/>\n\t\t\t\t\t\t\t\t\t\t\t\t\t\t<a class=\"zn-singledetail-contact-mail prettylink\" href=\"mailto:Nathalie.Casemajor@ucs.inrs.ca\">Nathalie.Casemajor@ucs.inrs.ca<\/a>\n\t\t\t\t\t\t\t\t\t\t\t\t\t<\/li>\n<\/ul><\/div>\n<div class=\"zn-singledetail-weblinks\">\n<h3 class=\"zn-singledetail-section-title\">Sites internet de r\u00e9f\u00e9rence<\/h3>\n<ul class=\"zn-singledetail-weblinks-list\">\n<li>\n\t\t\t\t\t\t\t<a class=\"prettylink chainlink\" href=\"https:\/\/inrs.ca\/offres-d-emploi\/professeure-chercheure-ou-professeur-chercheur-sciences-sociales-poste-sur-le-theme-pluralisation-des-mondes-culturels-et-mobilisation-des-connaissances-ap-21-06\/%20\" title=\"Annonce en ligne\" target=\"_blank\" rel=\"noopener\">Annonce en ligne<\/a>\n\t\t\t\t\t\t<\/li>\n<\/ul><\/div>\n<\/p><\/div>\n<\/p><\/div>\n<div class=\"columns large-8\">\n<div class=\"zn-singledetail-contentbox\">\n<div class=\"zn-singledetail-annonce wig-content\">\n<p>L\u2019Institut national de la recherche scientifique (INRS) d\u00e9sire pourvoir un nouveau poste de professeur\u00b7e sp\u00e9cialis\u00e9\u00b7e en sciences sociales \u0153uvrant sur la th\u00e9matique Pluralisation des mondes culturels et mobilisation des connaissances li\u00e9e \u00e0 l\u2019axe \u00ab&#160;Transformations des mondes culturels&#160;\u00bb de la programmation scientifique du Centre urbanisation culture soci\u00e9t\u00e9. La personne retenue collaborera au programme de recherche multidisciplinaire du centre de l\u2019INRS, situ\u00e9 \u00e0 Qu\u00e9bec.<\/p>\n<p>&nbsp;<\/p>\n<h2>Pr\u00e9sentation<\/h2>\n<p>L\u2019Institut national de la recherche scientifique (INRS) est le seul \u00e9tablissement au Qu\u00e9bec d\u00e9di\u00e9 exclusivement \u00e0 la recherche et \u00e0 la formation universitaire aux cycles sup\u00e9rieurs. Nos professeur.e.s et nos \u00e9tudiant.e.s rayonnent dans le monde entier. En partenariat avec la communaut\u00e9 et l\u2019industrie, nous sommes fiers de contribuer au d\u00e9veloppement de la soci\u00e9t\u00e9 par nos d\u00e9couvertes et la formation de la rel\u00e8ve en innovation scientifique, sociale et technologique.<\/p>\n<p>L\u2019INRS d\u00e9sire pourvoir un nouveau poste de professeur.e sp\u00e9cialis\u00e9.e en sciences sociales \u0153uvrant sur la th\u00e9matique Pluralisation des mondes culturels et mobilisation des connaissances li\u00e9e \u00e0 l\u2019axe Transformations des mondes culturels de la programmation scientifique du <a href=\"https:\/\/inrs.ca\/linrs\/centres-de-recherche\/centre-urbanisation-culture-societe\/\">Centre Urbanisation Culture Soci\u00e9t\u00e9<\/a>. La personne retenue collaborera au programme de recherche multidisciplinaire du Centre de l\u2019INRS, situ\u00e9 \u00e0 Qu\u00e9bec.<\/p>\n<h2>Principales t\u00e2ches et responsabilit\u00e9s<\/h2>\n<p>D\u00e9velopper, dans le cadre des programmes multidisciplinaires du Centre, des activit\u00e9s de recherche novatrices s\u2019inscrivant dans les th\u00e9matiques suivantes&#160;:<\/p>\n<ul>\n<li>L\u2019analyse des ph\u00e9nom\u00e8nes de pluralisation des acteurs, des pratiques et des contenus dans le domaine des productions artistiques et culturelles et des politiques de la culture, en lien avec les enjeux de diversit\u00e9, d\u2019inclusion, de marginalisation, d\u2019appropriation, de repr\u00e9sentation, de participation et de reconnaissance.<\/li>\n<li>L\u2019\u00e9tude des processus de diff\u00e9renciation et de transformation sociohistoriques du champ de production culturelle et intellectuelle de la soci\u00e9t\u00e9 qu\u00e9b\u00e9coise, mise en relation avec l\u2019\u00e9tude de l\u2019histoire culturelle et intellectuelle des soci\u00e9t\u00e9s contemporaines et des formes plurielles de socialisation et de transmission culturelles.<\/li>\n<li>La mobilisation des connaissances dans le contexte de diversification des formes de savoirs propres aux diff\u00e9rents groupes sociaux et de l\u2019\u00e9volution des pratiques de recherche partenariales.<\/li>\n<li>Assurer le financement de ses activit\u00e9s de recherche par le biais d\u2019octrois externes provenant d\u2019organismes publics et priv\u00e9s, ou en collaboration avec des partenaires de tous horizons.<\/li>\n<li>Participer \u00e0 des activit\u00e9s de formation, notamment dans le cadre des programmes de 2<sup>e<\/sup> et 3<sup>e<\/sup> cycles du Centre, et \u00e0 l\u2019encadrement d\u2019\u00e9tudiants, de stagiaires et du personnel de recherche.<\/li>\n<li>Contribuer au rayonnement de l\u2019INRS sur les plans national et international.<\/li>\n<\/ul>\n<h2>Exigences et habilet\u00e9s particuli\u00e8res<\/h2>\n<ul>\n<li>\u00catre titulaire d\u2019un doctorat dans une discipline ou un champ d\u2019\u00e9tudes des sciences sociales, notamment en \u00e9tudes culturelles (incluant \u00e9tudes des arts, \u00e9tudes litt\u00e9raires, \u00e9tudes cin\u00e9matographiques, etc.), sociologie, sciences politiques, communication, histoire, philosophie, \u00e9tudes qu\u00e9b\u00e9coises, droit, administration publique, ethnologie, etc.&#160;;<\/li>\n<li>Ma\u00eetrise des m\u00e9thodes qualitatives, des m\u00e9thodologies de recherche partenariales et des pratiques de mobilisation des connaissances&#160;;<\/li>\n<li>D\u00e9tenir une productivit\u00e9 scientifique d\u00e9montrant autonomie et originalit\u00e9&#160;;<\/li>\n<li>Avoir de bonnes aptitudes pour la formation et l\u2019encadrement d\u2019\u00e9tudiants de 2<sup>e<\/sup> et 3<sup>e<\/sup>cycles, de stagiaires postdoctoraux ainsi que du personnel de recherche dans les domaines relatifs aux sciences sociales et humaines.<\/li>\n<li>D\u00e9montrer des aptitudes pour la recherche fondamentale, la recherche collaborative et la mobilisation des connaissances, appuy\u00e9es par un dossier de publications dans le domaine, notamment dans des revues \u00e9valu\u00e9es par les pairs&#160;;<\/li>\n<li>\u00catre capable de s\u2019int\u00e9grer aux \u00e9quipes de recherche de l\u2019INRS \u0153uvrant dans le champ de la culture, de travailler au sein de r\u00e9seaux nationaux et internationaux ainsi que dans une perspective multidisciplinaire et en collaboration avec des repr\u00e9sentants de divers organismes&#160;;<\/li>\n<li>D\u00e9montrer sa capacit\u00e9 d\u2019autofinancer ses recherches&#160;;<\/li>\n<li>D\u00e9tenir une exp\u00e9rience de recherche postdoctorale constitue un atout.<\/li>\n<\/ul>\n<h2>Langue du travail<\/h2>\n<p>La langue du travail est le fran\u00e7ais. La connaissance de l\u2019anglais ainsi que d\u2019une troisi\u00e8me langue constituent un atout.<\/p>\n<p>Les candidats et candidates pour qui le fran\u00e7ais n\u2019est pas une langue usuelle sont fortement encourag\u00e9s \u00e0 soumettre leur candidature. Des ressources n\u00e9cessaires seront mises \u00e0 leur disposition afin de faciliter leur apprentissage de la langue fran\u00e7aise.<\/p>\n<h2>\u00c9quit\u00e9, Diversit\u00e9 et Inclusion<\/h2>\n<p>Souscrivant \u00e0 un Programme d\u2019acc\u00e8s \u00e0 l\u2019\u00e9galit\u00e9 en emploi (PA\u00c9E) et <a href=\"https:\/\/inrs.ca\/offres-d-emploi\/egalite-et-diversite\/\">valorisant l\u2019\u00e9quit\u00e9, la diversit\u00e9 et l\u2019inclusion<\/a>, l\u2019INRS invite toutes les personnes qualifi\u00e9es \u00e0 pr\u00e9senter leur candidature, en particulier les personnes racis\u00e9es ainsi que les femmes, les membres de minorit\u00e9s ethniques, les personnes autochtones et les personnes en situation de handicap. Les personnes racis\u00e9es sont \u00ab&#160;les personnes qui ne sont pas de race ou de couleur blanche et qui ne sont pas des Autochtones&#160;\u00bb tel que la Loi sur l\u2019acc\u00e8s \u00e0 l\u2019\u00e9galit\u00e9 en emploi dans des organismes publics d\u00e9finit les minorit\u00e9s visibles. Bien que le terme \u00ab&#160;race&#160;\u00bb soit utilis\u00e9 dans la Charte comme dans plusieurs autres instruments de protection de droits de la personne, rappelons que ce terme d\u00e9signe un construit social et non une r\u00e9alit\u00e9 biologique. La priorit\u00e9 devra \u00eatre toutefois accord\u00e9e aux personnes ayant le statut de citoyenne ou citoyen canadien ou de r\u00e9sidente ou r\u00e9sident permanent.<\/p>\n<p>Les outils de s\u00e9lection peuvent \u00eatre adapt\u00e9s aux besoins des personnes en situation de handicap, et ce \u00e0 toutes les \u00e9tapes du processus de recrutement. Si vous pr\u00e9voyez avoir besoin de mesures d\u2019adaptation, ou pour toutes questions concernant l\u2019\u00e9quit\u00e9, la diversit\u00e9 et l\u2019inclusion \u00e0 l\u2019INRS, veuillez-vous adresser, en toute confidentialit\u00e9 \u00e0 <a href=\"mailto:edi@inrs.ca\">edi@inrs.ca<\/a>.<\/p>\n<p>L\u2019INRS demande \u00e9galement \u00e0 ses comit\u00e9s de s\u00e9lection de tenir compte des interruptions de carri\u00e8re et des circonstances sp\u00e9ciales lors de l\u2019\u00e9valuation des candidatures. Les personnes candidates sont donc invit\u00e9es \u00e0 indiquer la nature de ces interruptions ou circonstances sp\u00e9ciales dans leur lettre de pr\u00e9sentation.<\/p>\n<h2>Lieu de travail<\/h2>\n<p><a href=\"https:\/\/inrs.ca\/linrs\/centres-de-recherche\/centre-eau-terre-environnement\/\">Institut national de la recherche scientifique (INRS)<\/a><\/p>\n<p><a href=\"https:\/\/inrs.ca\/linrs\/centres-de-recherche\/centre-urbanisation-culture-societe\/\">Centre Urbanisation Culture Soci\u00e9t\u00e9<\/a><\/p>\n<p>490, rue de la CouronneQu\u00e9bec (Qu\u00e9bec)G1K 9A9<\/p>\n<h2>Traitement<\/h2>\n<p>Selon la convention collective en vigueur \u00e0 l\u2019INRS.<\/p>\n<h2>Comment postuler&#160;?<\/h2>\n<p>Les personnes int\u00e9ress\u00e9es sont pri\u00e9es de faire parvenir leur curriculum vit\u00e6 complet, une copie de leurs trois plus importantes publications, un r\u00e9sum\u00e9 de deux \u00e0 trois pages de leurs int\u00e9r\u00eats de recherche, un texte faisant \u00e9tat de leur philosophie d\u2019enseignement, ainsi que le nom et les coordonn\u00e9es de trois r\u00e9f\u00e9rences,<\/p>\n<h3>d\u2019ici le 7 mai 2021,<\/h3>\n<p>en indiquant le num\u00e9ro de concours AP 21-06 par courriel \u00e0&#160;: <a href=\"mailto:concours@ucs.inrs.ca\">concours@ucs.inrs.ca<\/a>.<\/p>\n<p>Ou \u00e0 l\u2019adresse suivante&#160;:<\/p>\n<p>Direction<\/p>\n<p><strong><a href=\"https:\/\/inrs.ca\/linrs\/centres-de-recherche\/centre-urbanisation-culture-societe\/\">INRS \u2013 Centre Urbanisation Culture Soci\u00e9t\u00e9<\/a><\/strong>385, rue Sherbrooke EstMontr\u00e9al (Qu\u00e9bec) H2X 1E3, Canada<\/p>\n<h2>Proc\u00e9dure d&rsquo;\u00e9valuation<\/h2>\n<p>Les candidatures seront \u00e9valu\u00e9es par un comit\u00e9 compos\u00e9 de membres internes \u00e0 l&rsquo;institution et d&rsquo;un membre externe.<\/p>\n<\/p><\/div>\n<div class=\"zn-singledetail-partners\">\n<h3 class=\"zn-singledetail-section-title\">Institutions<\/h3>\n<div class=\"zn-singledetail-partners-list row small-up-2 medium-up-3 large-up-5 partnerlist\" data-equalizer data-equalize-on=\"medium\">\n<article class=\"summarypartner column\">\n<div class=\"summarypartner-box\" title=\"Institut national de la recherche scientifique\">\n<div class=\"summarypartner-box-inner\" data-equalizer-watch>\n<div class=\"summarypartner-imgbox\">\n<figure class=\"summarypartner-figure\">\n\t\t\t\t\t<img decoding=\"async\" class=\"summarypartner-img\" src=\"\/\/www.sfsic.org\/wp-inside\/themes\/sfsic.org\/assets\/images\/default-640x640.png\" alt=\"\" data-interchange=\"[\/\/www.sfsic.org\/wp-inside\/themes\/sfsic.org\/assets\/images\/default-640x640.png, small],\"><br \/>\n\t\t\t\t\t\t\t\t\t<\/figure>\n<\/p><\/div>\n<div class=\"summarypartner-content\">\n<div class=\"summarypartner-content-inner\">\n<header class=\"summarypartner-header\">\n<h3 class=\"summarypartner-title\">\n\t\t\t\t\t\t\tInstitut national de la recherche scientifique\t\t\t\t\t\t<\/h3>\n<p class=\"summarypartner-acronym\">\n\t\t\t\t\t\t\tINRS\t\t\t\t\t\t<\/p>\n<\/header><\/div>\n<\/p><\/div>\n<\/p><\/div>\n<\/p><\/div>\n<\/article><\/div>\n<\/p><\/div>\n<div class=\"zn-singledetail-keywords\">\n<h3 class=\"zn-singledetail-section-title\">Mots-cl\u00e9s<\/h3>\n<ul class=\"termslist termslist-post_tag\">\n<li class=\"termslist-item termslist-title\"><span class=\"termslist-titletxt\">Mots-cl\u00e9s<\/span><span class=\"doubledot\"><\/span><\/li>\n<li class=\"termslist-item tax-post_tag term-connaissance\"><a class=\"termslist-itemlink\" href=\"https:\/\/www.sfsic.org\/tag\/connaissance\/\" title=\"Connaissance\"><span class=\"termslist-itemname\">Connaissance<\/span><\/a><\/li>\n<li class=\"termslist-item tax-post_tag term-culture\"><a class=\"termslist-itemlink\" href=\"https:\/\/www.sfsic.org\/tag\/culture\/\" title=\"Culture\"><span class=\"termslist-itemname\">Culture<\/span><\/a><\/li>\n<li class=\"termslist-item tax-post_tag term-quebec\"><a class=\"termslist-itemlink\" href=\"https:\/\/www.sfsic.org\/tag\/quebec\/\" title=\"Qu\u00e9bec\"><span class=\"termslist-itemname\">Qu\u00e9bec<\/span><\/a><\/li>\n<\/ul><\/div>\n<\/p><\/div>\n<\/p><\/div>\n<\/p><\/div>\n<\/p><\/div>\n<\/div>\n<p><!-- \/fxzn:singledetail --><\/p>\n","protected":false},"excerpt":{"rendered":"<p>Mis en ligne le 17 avril 2021 Informations \u00e9dit\u00e9es \u00e0 partir d\u2019une annonce Calenda. Th\u00e9matiques Images, cin\u00e9ma, m\u00e9dias audiovisuels et industries culturelles M\u00e9diations m\u00e9morielles, culturelles et patrimoniales R\u00e9ponse attendue pour [&hellip;]<\/p>\n","protected":false},"author":957,"featured_media":0,"comment_status":"closed","ping_status":"closed","sticky":false,"template":"","format":"standard","meta":{"_acf_changed":false,"footnotes":""},"categories":[64,32],"tags":[482,382,483],"thematique":[35,38],"sfsic":[],"class_list":["post-17130","post","type-post","status-publish","format-standard","hentry","category-emploi","category-emplois","tag-connaissance","tag-culture","tag-quebec","thematique-images-cinema-medias-audiovisuels-et-industries-culturelles","thematique-mediations-memorielles-culturelles-et-patrimoniales","wp-sticky"],"acf":[],"yoast_head":"<!-- This site is optimized with the Yoast SEO plugin v27.5 - https:\/\/yoast.com\/product\/yoast-seo-wordpress\/ -->\n<title>Pluralisation des mondes culturels et mobilisation des connaissances<\/title>\n<meta name=\"description\" content=\"L\u2019Institut national de la recherche scientifique (INRS) d\u00e9sire pourvoir un nouveau poste de professeur\u00b7e sp\u00e9cialis\u00e9\u00b7e en sciences sociales \u0153uvrant sur la th\u00e9matique Pluralisation des mondes culturels et mobilisation des connaissances li\u00e9e \u00e0 l\u2019axe \u00ab\u00a0Transformations des mondes culturels\u00a0\u00bb de la programmation scientifique du Centre urbanisation culture soci\u00e9t\u00e9.\" \/>\n<meta name=\"robots\" content=\"index, follow, max-snippet:-1, max-image-preview:large, max-video-preview:-1\" \/>\n<link rel=\"canonical\" href=\"https:\/\/www.sfsic.org\/en\/emplois\/pluralisation-des-mondes-culturels-et-mobilisation-des-connaissances-professeure-chercheure-ou-professeur-chercheur\/\" \/>\n<meta property=\"og:locale\" content=\"en_US\" \/>\n<meta property=\"og:type\" content=\"article\" \/>\n<meta property=\"og:title\" content=\"Pluralisation des mondes culturels et mobilisation des connaissances\" \/>\n<meta property=\"og:description\" content=\"L\u2019Institut national de la recherche scientifique (INRS) d\u00e9sire pourvoir un nouveau poste de professeur\u00b7e sp\u00e9cialis\u00e9\u00b7e en sciences sociales \u0153uvrant sur la th\u00e9matique Pluralisation des mondes culturels et mobilisation des connaissances li\u00e9e \u00e0 l\u2019axe \u00ab\u00a0Transformations des mondes culturels\u00a0\u00bb de la programmation scientifique du Centre urbanisation culture soci\u00e9t\u00e9.\" \/>\n<meta property=\"og:url\" content=\"https:\/\/www.sfsic.org\/en\/emplois\/pluralisation-des-mondes-culturels-et-mobilisation-des-connaissances-professeure-chercheure-ou-professeur-chercheur\/\" \/>\n<meta property=\"og:site_name\" content=\"SFSIC\" \/>\n<meta property=\"article:published_time\" content=\"2021-04-16T22:00:02+00:00\" \/>\n<meta property=\"article:modified_time\" content=\"2021-04-19T14:04:23+00:00\" \/>\n<meta property=\"og:image\" content=\"\/\/www.sfsic.org\/wp-inside\/themes\/sfsic.org\/assets\/images\/default-640x640.png\" \/>\n<meta name=\"author\" content=\"Fabien Bonnet\" \/>\n<meta name=\"twitter:card\" content=\"summary_large_image\" \/>\n<script type=\"application\/ld+json\" class=\"yoast-schema-graph\">{\"@context\":\"https:\\\/\\\/schema.org\",\"@graph\":[{\"@type\":\"Article\",\"@id\":\"https:\\\/\\\/www.sfsic.org\\\/en\\\/emplois\\\/pluralisation-des-mondes-culturels-et-mobilisation-des-connaissances-professeure-chercheure-ou-professeur-chercheur\\\/#article\",\"isPartOf\":{\"@id\":\"https:\\\/\\\/www.sfsic.org\\\/en\\\/emplois\\\/pluralisation-des-mondes-culturels-et-mobilisation-des-connaissances-professeure-chercheure-ou-professeur-chercheur\\\/\"},\"author\":{\"name\":\"Fabien Bonnet\",\"@id\":\"https:\\\/\\\/www.sfsic.org\\\/en\\\/#\\\/schema\\\/person\\\/9f83573bda33f40c68c7c826e9567df6\"},\"headline\":\"Pluralisation des mondes culturels et mobilisation des connaissances\",\"datePublished\":\"2021-04-16T22:00:02+00:00\",\"dateModified\":\"2021-04-19T14:04:23+00:00\",\"mainEntityOfPage\":{\"@id\":\"https:\\\/\\\/www.sfsic.org\\\/en\\\/emplois\\\/pluralisation-des-mondes-culturels-et-mobilisation-des-connaissances-professeure-chercheure-ou-professeur-chercheur\\\/\"},\"wordCount\":1257,\"publisher\":{\"@id\":\"https:\\\/\\\/www.sfsic.org\\\/en\\\/#organization\"},\"keywords\":[\"Connaissance\",\"Culture\",\"Qu\u00e9bec\"],\"articleSection\":[\"Emploi\",\"Emplois\"],\"inLanguage\":\"en-US\"},{\"@type\":\"WebPage\",\"@id\":\"https:\\\/\\\/www.sfsic.org\\\/en\\\/emplois\\\/pluralisation-des-mondes-culturels-et-mobilisation-des-connaissances-professeure-chercheure-ou-professeur-chercheur\\\/\",\"url\":\"https:\\\/\\\/www.sfsic.org\\\/en\\\/emplois\\\/pluralisation-des-mondes-culturels-et-mobilisation-des-connaissances-professeure-chercheure-ou-professeur-chercheur\\\/\",\"name\":\"Pluralisation des mondes culturels et mobilisation des connaissances\",\"isPartOf\":{\"@id\":\"https:\\\/\\\/www.sfsic.org\\\/en\\\/#website\"},\"datePublished\":\"2021-04-16T22:00:02+00:00\",\"dateModified\":\"2021-04-19T14:04:23+00:00\",\"description\":\"L\u2019Institut national de la recherche scientifique (INRS) d\u00e9sire pourvoir un nouveau poste de professeur\u00b7e sp\u00e9cialis\u00e9\u00b7e en sciences sociales \u0153uvrant sur la th\u00e9matique Pluralisation des mondes culturels et mobilisation des connaissances li\u00e9e \u00e0 l\u2019axe \u00ab\u00a0Transformations des mondes culturels\u00a0\u00bb de la programmation scientifique du Centre urbanisation culture soci\u00e9t\u00e9.\",\"breadcrumb\":{\"@id\":\"https:\\\/\\\/www.sfsic.org\\\/en\\\/emplois\\\/pluralisation-des-mondes-culturels-et-mobilisation-des-connaissances-professeure-chercheure-ou-professeur-chercheur\\\/#breadcrumb\"},\"inLanguage\":\"en-US\",\"potentialAction\":[{\"@type\":\"ReadAction\",\"target\":[\"https:\\\/\\\/www.sfsic.org\\\/en\\\/emplois\\\/pluralisation-des-mondes-culturels-et-mobilisation-des-connaissances-professeure-chercheure-ou-professeur-chercheur\\\/\"]}]},{\"@type\":\"BreadcrumbList\",\"@id\":\"https:\\\/\\\/www.sfsic.org\\\/en\\\/emplois\\\/pluralisation-des-mondes-culturels-et-mobilisation-des-connaissances-professeure-chercheure-ou-professeur-chercheur\\\/#breadcrumb\",\"itemListElement\":[{\"@type\":\"ListItem\",\"position\":1,\"name\":\"Accueil\",\"item\":\"https:\\\/\\\/www.sfsic.org\\\/en\\\/\"},{\"@type\":\"ListItem\",\"position\":2,\"name\":\"Jobs\",\"item\":\"https:\\\/\\\/www.sfsic.org\\\/en\\\/jobs\\\/\"},{\"@type\":\"ListItem\",\"position\":3,\"name\":\"Job\",\"item\":\"https:\\\/\\\/www.sfsic.org\\\/en\\\/jobs\\\/job\\\/\"},{\"@type\":\"ListItem\",\"position\":4,\"name\":\"Pluralisation des mondes culturels et mobilisation des connaissances\"}]},{\"@type\":\"WebSite\",\"@id\":\"https:\\\/\\\/www.sfsic.org\\\/en\\\/#website\",\"url\":\"https:\\\/\\\/www.sfsic.org\\\/en\\\/\",\"name\":\"SFSIC\",\"description\":\"Soci\u00e9t\u00e9 Fran\u00e7aise des Sciences de l&#039;Information &amp; de la Communication\",\"publisher\":{\"@id\":\"https:\\\/\\\/www.sfsic.org\\\/en\\\/#organization\"},\"potentialAction\":[{\"@type\":\"SearchAction\",\"target\":{\"@type\":\"EntryPoint\",\"urlTemplate\":\"https:\\\/\\\/www.sfsic.org\\\/en\\\/?s={search_term_string}\"},\"query-input\":{\"@type\":\"PropertyValueSpecification\",\"valueRequired\":true,\"valueName\":\"search_term_string\"}}],\"inLanguage\":\"en-US\"},{\"@type\":\"Organization\",\"@id\":\"https:\\\/\\\/www.sfsic.org\\\/en\\\/#organization\",\"name\":\"SFSIC\",\"url\":\"https:\\\/\\\/www.sfsic.org\\\/en\\\/\",\"logo\":{\"@type\":\"ImageObject\",\"inLanguage\":\"en-US\",\"@id\":\"https:\\\/\\\/www.sfsic.org\\\/en\\\/#\\\/schema\\\/logo\\\/image\\\/\",\"url\":\"https:\\\/\\\/www.sfsic.org\\\/wp-inside\\\/uploads\\\/2020\\\/05\\\/logo-sfsic.jpg\",\"contentUrl\":\"https:\\\/\\\/www.sfsic.org\\\/wp-inside\\\/uploads\\\/2020\\\/05\\\/logo-sfsic.jpg\",\"width\":1085,\"height\":1080,\"caption\":\"SFSIC\"},\"image\":{\"@id\":\"https:\\\/\\\/www.sfsic.org\\\/en\\\/#\\\/schema\\\/logo\\\/image\\\/\"}},{\"@type\":\"Person\",\"@id\":\"https:\\\/\\\/www.sfsic.org\\\/en\\\/#\\\/schema\\\/person\\\/9f83573bda33f40c68c7c826e9567df6\",\"name\":\"Fabien Bonnet\",\"image\":{\"@type\":\"ImageObject\",\"inLanguage\":\"en-US\",\"@id\":\"https:\\\/\\\/secure.gravatar.com\\\/avatar\\\/88a9288fc13369cb9e30359afa340f8adace82098c18ff09415c6dacd710ddc4?s=96&d=mm&r=g\",\"url\":\"https:\\\/\\\/secure.gravatar.com\\\/avatar\\\/88a9288fc13369cb9e30359afa340f8adace82098c18ff09415c6dacd710ddc4?s=96&d=mm&r=g\",\"contentUrl\":\"https:\\\/\\\/secure.gravatar.com\\\/avatar\\\/88a9288fc13369cb9e30359afa340f8adace82098c18ff09415c6dacd710ddc4?s=96&d=mm&r=g\",\"caption\":\"Fabien Bonnet\"}}]}<\/script>\n<!-- \/ Yoast SEO plugin. -->","yoast_head_json":{"title":"Pluralisation des mondes culturels et mobilisation des connaissances","description":"L\u2019Institut national de la recherche scientifique (INRS) d\u00e9sire pourvoir un nouveau poste de professeur\u00b7e sp\u00e9cialis\u00e9\u00b7e en sciences sociales \u0153uvrant sur la th\u00e9matique Pluralisation des mondes culturels et mobilisation des connaissances li\u00e9e \u00e0 l\u2019axe \u00ab\u00a0Transformations des mondes culturels\u00a0\u00bb de la programmation scientifique du Centre urbanisation culture soci\u00e9t\u00e9.","robots":{"index":"index","follow":"follow","max-snippet":"max-snippet:-1","max-image-preview":"max-image-preview:large","max-video-preview":"max-video-preview:-1"},"canonical":"https:\/\/www.sfsic.org\/en\/emplois\/pluralisation-des-mondes-culturels-et-mobilisation-des-connaissances-professeure-chercheure-ou-professeur-chercheur\/","og_locale":"en_US","og_type":"article","og_title":"Pluralisation des mondes culturels et mobilisation des connaissances","og_description":"L\u2019Institut national de la recherche scientifique (INRS) d\u00e9sire pourvoir un nouveau poste de professeur\u00b7e sp\u00e9cialis\u00e9\u00b7e en sciences sociales \u0153uvrant sur la th\u00e9matique Pluralisation des mondes culturels et mobilisation des connaissances li\u00e9e \u00e0 l\u2019axe \u00ab\u00a0Transformations des mondes culturels\u00a0\u00bb de la programmation scientifique du Centre urbanisation culture soci\u00e9t\u00e9.","og_url":"https:\/\/www.sfsic.org\/en\/emplois\/pluralisation-des-mondes-culturels-et-mobilisation-des-connaissances-professeure-chercheure-ou-professeur-chercheur\/","og_site_name":"SFSIC","article_published_time":"2021-04-16T22:00:02+00:00","article_modified_time":"2021-04-19T14:04:23+00:00","og_image":[{"url":"\/\/www.sfsic.org\/wp-inside\/themes\/sfsic.org\/assets\/images\/default-640x640.png","type":"","width":"","height":""}],"author":"Fabien Bonnet","twitter_card":"summary_large_image","schema":{"@context":"https:\/\/schema.org","@graph":[{"@type":"Article","@id":"https:\/\/www.sfsic.org\/en\/emplois\/pluralisation-des-mondes-culturels-et-mobilisation-des-connaissances-professeure-chercheure-ou-professeur-chercheur\/#article","isPartOf":{"@id":"https:\/\/www.sfsic.org\/en\/emplois\/pluralisation-des-mondes-culturels-et-mobilisation-des-connaissances-professeure-chercheure-ou-professeur-chercheur\/"},"author":{"name":"Fabien Bonnet","@id":"https:\/\/www.sfsic.org\/en\/#\/schema\/person\/9f83573bda33f40c68c7c826e9567df6"},"headline":"Pluralisation des mondes culturels et mobilisation des connaissances","datePublished":"2021-04-16T22:00:02+00:00","dateModified":"2021-04-19T14:04:23+00:00","mainEntityOfPage":{"@id":"https:\/\/www.sfsic.org\/en\/emplois\/pluralisation-des-mondes-culturels-et-mobilisation-des-connaissances-professeure-chercheure-ou-professeur-chercheur\/"},"wordCount":1257,"publisher":{"@id":"https:\/\/www.sfsic.org\/en\/#organization"},"keywords":["Connaissance","Culture","Qu\u00e9bec"],"articleSection":["Emploi","Emplois"],"inLanguage":"en-US"},{"@type":"WebPage","@id":"https:\/\/www.sfsic.org\/en\/emplois\/pluralisation-des-mondes-culturels-et-mobilisation-des-connaissances-professeure-chercheure-ou-professeur-chercheur\/","url":"https:\/\/www.sfsic.org\/en\/emplois\/pluralisation-des-mondes-culturels-et-mobilisation-des-connaissances-professeure-chercheure-ou-professeur-chercheur\/","name":"Pluralisation des mondes culturels et mobilisation des connaissances","isPartOf":{"@id":"https:\/\/www.sfsic.org\/en\/#website"},"datePublished":"2021-04-16T22:00:02+00:00","dateModified":"2021-04-19T14:04:23+00:00","description":"L\u2019Institut national de la recherche scientifique (INRS) d\u00e9sire pourvoir un nouveau poste de professeur\u00b7e sp\u00e9cialis\u00e9\u00b7e en sciences sociales \u0153uvrant sur la th\u00e9matique Pluralisation des mondes culturels et mobilisation des connaissances li\u00e9e \u00e0 l\u2019axe \u00ab\u00a0Transformations des mondes culturels\u00a0\u00bb de la programmation scientifique du Centre urbanisation culture soci\u00e9t\u00e9.","breadcrumb":{"@id":"https:\/\/www.sfsic.org\/en\/emplois\/pluralisation-des-mondes-culturels-et-mobilisation-des-connaissances-professeure-chercheure-ou-professeur-chercheur\/#breadcrumb"},"inLanguage":"en-US","potentialAction":[{"@type":"ReadAction","target":["https:\/\/www.sfsic.org\/en\/emplois\/pluralisation-des-mondes-culturels-et-mobilisation-des-connaissances-professeure-chercheure-ou-professeur-chercheur\/"]}]},{"@type":"BreadcrumbList","@id":"https:\/\/www.sfsic.org\/en\/emplois\/pluralisation-des-mondes-culturels-et-mobilisation-des-connaissances-professeure-chercheure-ou-professeur-chercheur\/#breadcrumb","itemListElement":[{"@type":"ListItem","position":1,"name":"Accueil","item":"https:\/\/www.sfsic.org\/en\/"},{"@type":"ListItem","position":2,"name":"Jobs","item":"https:\/\/www.sfsic.org\/en\/jobs\/"},{"@type":"ListItem","position":3,"name":"Job","item":"https:\/\/www.sfsic.org\/en\/jobs\/job\/"},{"@type":"ListItem","position":4,"name":"Pluralisation des mondes culturels et mobilisation des connaissances"}]},{"@type":"WebSite","@id":"https:\/\/www.sfsic.org\/en\/#website","url":"https:\/\/www.sfsic.org\/en\/","name":"SFSIC","description":"Soci\u00e9t\u00e9 Fran\u00e7aise des Sciences de l&#039;Information &amp; de la Communication","publisher":{"@id":"https:\/\/www.sfsic.org\/en\/#organization"},"potentialAction":[{"@type":"SearchAction","target":{"@type":"EntryPoint","urlTemplate":"https:\/\/www.sfsic.org\/en\/?s={search_term_string}"},"query-input":{"@type":"PropertyValueSpecification","valueRequired":true,"valueName":"search_term_string"}}],"inLanguage":"en-US"},{"@type":"Organization","@id":"https:\/\/www.sfsic.org\/en\/#organization","name":"SFSIC","url":"https:\/\/www.sfsic.org\/en\/","logo":{"@type":"ImageObject","inLanguage":"en-US","@id":"https:\/\/www.sfsic.org\/en\/#\/schema\/logo\/image\/","url":"https:\/\/www.sfsic.org\/wp-inside\/uploads\/2020\/05\/logo-sfsic.jpg","contentUrl":"https:\/\/www.sfsic.org\/wp-inside\/uploads\/2020\/05\/logo-sfsic.jpg","width":1085,"height":1080,"caption":"SFSIC"},"image":{"@id":"https:\/\/www.sfsic.org\/en\/#\/schema\/logo\/image\/"}},{"@type":"Person","@id":"https:\/\/www.sfsic.org\/en\/#\/schema\/person\/9f83573bda33f40c68c7c826e9567df6","name":"Fabien Bonnet","image":{"@type":"ImageObject","inLanguage":"en-US","@id":"https:\/\/secure.gravatar.com\/avatar\/88a9288fc13369cb9e30359afa340f8adace82098c18ff09415c6dacd710ddc4?s=96&d=mm&r=g","url":"https:\/\/secure.gravatar.com\/avatar\/88a9288fc13369cb9e30359afa340f8adace82098c18ff09415c6dacd710ddc4?s=96&d=mm&r=g","contentUrl":"https:\/\/secure.gravatar.com\/avatar\/88a9288fc13369cb9e30359afa340f8adace82098c18ff09415c6dacd710ddc4?s=96&d=mm&r=g","caption":"Fabien Bonnet"}}]}},"_links":{"self":[{"href":"https:\/\/www.sfsic.org\/en\/wp-json\/wp\/v2\/posts\/17130","targetHints":{"allow":["GET"]}}],"collection":[{"href":"https:\/\/www.sfsic.org\/en\/wp-json\/wp\/v2\/posts"}],"about":[{"href":"https:\/\/www.sfsic.org\/en\/wp-json\/wp\/v2\/types\/post"}],"author":[{"embeddable":true,"href":"https:\/\/www.sfsic.org\/en\/wp-json\/wp\/v2\/users\/957"}],"replies":[{"embeddable":true,"href":"https:\/\/www.sfsic.org\/en\/wp-json\/wp\/v2\/comments?post=17130"}],"version-history":[{"count":2,"href":"https:\/\/www.sfsic.org\/en\/wp-json\/wp\/v2\/posts\/17130\/revisions"}],"predecessor-version":[{"id":17144,"href":"https:\/\/www.sfsic.org\/en\/wp-json\/wp\/v2\/posts\/17130\/revisions\/17144"}],"wp:attachment":[{"href":"https:\/\/www.sfsic.org\/en\/wp-json\/wp\/v2\/media?parent=17130"}],"wp:term":[{"taxonomy":"category","embeddable":true,"href":"https:\/\/www.sfsic.org\/en\/wp-json\/wp\/v2\/categories?post=17130"},{"taxonomy":"post_tag","embeddable":true,"href":"https:\/\/www.sfsic.org\/en\/wp-json\/wp\/v2\/tags?post=17130"},{"taxonomy":"thematique","embeddable":true,"href":"https:\/\/www.sfsic.org\/en\/wp-json\/wp\/v2\/thematique?post=17130"},{"taxonomy":"sfsic","embeddable":true,"href":"https:\/\/www.sfsic.org\/en\/wp-json\/wp\/v2\/sfsic?post=17130"}],"curies":[{"name":"wp","href":"https:\/\/api.w.org\/{rel}","templated":true}]}}