{"id":16531,"date":"2021-04-07T10:00:44","date_gmt":"2021-04-07T08:00:44","guid":{"rendered":"https:\/\/www.sfsic.org\/?p=16531"},"modified":"2021-04-06T20:43:10","modified_gmt":"2021-04-06T18:43:10","slug":"ecrire-lhistoire-du-cirque","status":"publish","type":"post","link":"https:\/\/www.sfsic.org\/en\/aac-evenement\/ecrire-lhistoire-du-cirque\/","title":{"rendered":"\u00c9crire l&#8217;histoire du cirque"},"content":{"rendered":"<p><!-- fxzn:singledetail --><\/p>\n<div class=\"zone zn-singledetail\" id=\"fxzn-singledetail-1\">\n<div class=\"zone-block zn-singledetail-block alignwide va-top\">\n<div class=\"row\">\n<div class=\"columns large-8 large-push-4\">\n<div class=\"zn-singledetail-metabox\">\n<div class=\"zn-singledetail-pubdate pubdate\">\n\t\t\t\t\t<span class=\"pubdate-txt\">Mis en ligne le<\/span><span class=\"doubledot\"><\/span> 6 avril 2021\t\t\t\t<\/div>\n<div class=\"zn-singledetail-thematiques with-sep-comma\">\n<ul class=\"termslist termslist-thematique\">\n<li class=\"termslist-item termslist-title\"><span class=\"termslist-titletxt\">Th\u00e9matiques<\/span><span class=\"doubledot\"><\/span><\/li>\n<li class=\"termslist-item tax-thematique term-images-cinema-medias-audiovisuels-et-industries-culturelles\"><a class=\"termslist-itemlink\" href=\"https:\/\/www.sfsic.org\/en\/thematiques\/images-cinema-audiovisual-media-and-cultural-industries\/\" title=\"Images, cin\u00e9ma, m\u00e9dias audiovisuels et industries culturelles\"><span class=\"termslist-itemname\">Images, cin\u00e9ma, m\u00e9dias audiovisuels et industries culturelles<\/span><\/a><\/li>\n<li class=\"termslist-item tax-thematique term-mediations-memorielles-culturelles-patrimoniales\"><a class=\"termslist-itemlink\" href=\"\/?thematique=mediations-memorielles-culturelles-patrimoniales\" title=\"M\u00e9diations m\u00e9morielles, culturelles et patrimoniales\"><span class=\"termslist-itemname\">M\u00e9diations m\u00e9morielles, culturelles et patrimoniales<\/span><\/a><\/li>\n<\/ul><\/div>\n<\/p><\/div>\n<\/p><\/div>\n<\/p><\/div>\n<div class=\"row\">\n<div class=\"columns large-4\">\n<div class=\"zn-singledetail-sidebar bg-cornersquares\">\n<div class=\"zn-singledetail-infos\">\n<p class=\"zn-singledetail-reponse-date\">\n\t\t\t\t\t\t<span>R\u00e9ponse attendue pour le<\/span><span class=\"doubledot\"><\/span> <strong>21\/05\/2021<\/strong>\n\t\t\t\t\t<\/p>\n<p class=\"zn-singledetail-reponse-type\">\n\t\t\t\t\t<span>Type de r\u00e9ponse<\/span><span class=\"doubledot\"><\/span> <strong>R\u00e9sum\u00e9<\/strong>\n\t\t\t\t\t<\/p>\n<p class=\"zn-singledetail-type\">\n\t\t\t\t\t\t\t<span>Type d\u2019\u00e9v\u00e9nement<\/span><span class=\"doubledot\"><\/span> <strong>Colloque<\/strong>\n\t\t\t\t\t<\/p>\n<\/p><\/div>\n<div class=\"zn-singledetail-contacts\">\n<h3 class=\"zn-singledetail-section-title\">Contacts<\/h3>\n<ul class=\"zn-singledetail-contacts-list\">\n<li class=\"zn-singledetail-contact\">\n\t\t\t\t\t\t\t<span class=\"zn-singledetail-contact-name\">Pierre Philippe-Meden<\/span><span class=\"doubledot\"><\/span><br \/>\n\t\t\t\t\t\t\t\t\t\t\t\t\t\t<a class=\"zn-singledetail-contact-mail prettylink\" href=\"mailto:pierre.philippe-meden@univ-montp3.fr\">pierre.philippe-meden@univ-montp3.fr<\/a>\n\t\t\t\t\t\t\t\t\t\t\t\t\t<\/li>\n<\/ul><\/div>\n<div class=\"zn-singledetail-weblinks\">\n<h3 class=\"zn-singledetail-section-title\">Sites internet de r\u00e9f\u00e9rence<\/h3>\n<ul class=\"zn-singledetail-weblinks-list\">\n<li>\n\t\t\t\t\t\t\t<a class=\"prettylink chainlink\" href=\"https:\/\/rirra21.www.univ-montp3.fr\" title=\"\" target=\"_blank\" rel=\"noopener\">https:\/\/rirra21.www.univ-montp3.fr<\/a>\n\t\t\t\t\t\t<\/li>\n<\/ul><\/div>\n<\/p><\/div>\n<\/p><\/div>\n<div class=\"columns large-8\">\n<div class=\"zn-singledetail-contentbox\">\n<div class=\"zn-singledetail-eventinfo\">\n<div class=\"zn-singledetail-eventinfo-inner\">\n<div class=\"zn-singledetail-eventdates\">\n\t\t\t\t\t\t<span class=\"zn-singledetail-label\">Dates de l\u2019\u00e9v\u00e9nement<span class=\"doubledot\"><\/span><\/span><\/p>\n<ul class=\"zn-singledetail-eventdates-list\">\n<li class=\"zn-singledetail-eventdates-item\">\n\t\t\t\t\t\t\t\tDu 07\/10\/2021 au 08\/10\/2021\t\t\t\t\t\t\t<\/li>\n<\/ul><\/div>\n<p class=\"zn-singledetail-eventplace\">\n\t\t\t\t\t\t<span class=\"zn-singledetail-label\">Lieu de l\u2019\u00e9v\u00e9nement<span class=\"doubledot\"><\/span><\/span><br \/>\n\t\t\t\t\t\t<span class=\"zn-singledetail-eventplace-adr\"><\/p>\n<p>\t\t\t\t\t\t\t\t\t\t\t\t<span class=\"adr-place\">Site Saint-Charles\u00a02 (UPVM3)<\/span>,<\/p>\n<p>\t\t\t\t\t\t<span class=\"adr-street\">10 rue du Professeur Henri Serre <\/span>, <span class=\"adr-city\">Montpellier<\/span>\t\t\t\t\t\t<span class=\"adr-cp\">34<\/span>, <span class=\"adr-country\">France<\/span><br \/>\n\t\t\t\t\t\t<\/span>\t\t\t\t\t<\/p>\n<\/p><\/div>\n<\/p><\/div>\n<div class=\"zn-singledetail-annonce wig-content\">\n<p>Dans son ouvrage&#160;:\u00a0<em>Le Cirque entre l\u2019\u00e9lan et la chute, une esth\u00e9tique du risque<\/em>, Philippe Goudard posait cette question&#160;: \u00ab&#160;l\u2019histoire du cirque existe-t-elle&#160;?&#160;\u00bb\u00a0(2010). La recherche scientifique en cirque avait \u00e9t\u00e9 initi\u00e9e d\u2019un point de vue biom\u00e9dical (Goudard, 1989, Goudard &amp; Barrault, 2020). Depuis 1995, au sein du RiRRa21, elle s\u2019est diversifi\u00e9e dans une perspective esth\u00e9tique pluridisciplinaire (Goudard, Vienne-Guerrin, 2020) qui se poursuit dans son nouveau programme \u00ab&#160;Corps, textes, images, sons et objets en jeu&#160;\u00bb.<\/p>\n<p>La vari\u00e9t\u00e9 des sources, r\u00e9cits, fonds d\u2019archives, collections priv\u00e9es et\/ou publiques\u2026 sur laquelle s\u2019appuie l\u2019\u00e9criture de l\u2019histoire du cirque aujourd\u2019hui est plurielle&#160;:\u00a0Fonds cirque (CollEx) BU Ramon\u00a0Llull (UPVM3), Fonds Vesque (MUCEM),\u00a0fonds en ligne&#160;:\u00a0<em>Circopedia<\/em>,\u00a0<em>Les Arts du cirque, l\u2019encyclop\u00e9die\u00a0<\/em>(CNAC\/BnF, 2019), collections (A. Fr\u00e8re, P.\u00a0Jacob)\u2026. Elle permet des explorations multiples tant pour les chercheur\u00b7se\u00b7s que pour les artistes et t\u00e9moigne de l\u2019int\u00e9r\u00eat scientifique d\u2019une d\u00e9marche r\u00e9flexive sur ces historiographies.<\/p>\n<p>Depuis les travaux pionniers de Paul Bouissac (2021), ceux d\u2019historien\u00b7ne\u00b7s sont significatifs de la vitalit\u00e9 des approches historiographiques du cirque en France&#160;: sur le paysage sonore et les images du cirque romain (Nelis-Cl\u00e9ment, Roddaz, 2008), le jongleur dans les manuscrits enlumin\u00e9s m\u00e9di\u00e9vaux (Clouzot, 2011), la naissance du cirque moderne autour du corps \u00e9questre (Hodak, 2018), les corps \u00ab&#160;\u00e9tranges&#160;\u00bb (Coutelet, 2014)&#160;: de Joseph Kabris (Granger, 2020), Sarah Baartman (Blanckaert, 2013),\u00a0Rafael (Noiriel, 2017), le savoir-faire du costume de clown (Perault, 2015),\u00a0la Compagnie Alexis Gruss (Petiteau, 2018) ou le nouveau cirque (Maleval, 2010) et l\u2019\u00e9coformation Fratellini (Bezille, Froissart, Legendre, 2019).<\/p>\n<p>La multiplication des publications en histoire des arts du cirque \u00e0 l\u2019\u00e9chelle internationale, notamment anglophone (Stoddart, 2000&#160;; Tait, 2005&#160;; Arrighi, 2014&#160;; Holmes, 2016&#160;; Nishra P R, 2020) invite les historien\u00b7ne\u00b7s du cirque \u00e0 se r\u00e9unir pour permettre aux doctorant\u00b7e\u00b7s, jeunes chercheur\u00b7se\u00b7s et circassien\u00b7ne\u00b7s de se rencontrer autour de leurs travaux et envisager les perspectives de la recherche dans le domaine.<\/p>\n<p>Dans le cadre du nouveau programme scientifique de recherche \u00ab&#160;Corps, textes, images, sons et objets en jeu&#160;\u00bb (RiRRa21\/UPVM3), un constat s\u2019impose&#160;: l\u2019histoire du cirque est une histoire du corps. De Georges Strehly (1903) \u00e0 Alain Fr\u00e8re, les passionn\u00e9\u00b7e\u00b7s, les amateur\u00b7trice\u00b7s \u00e9clair\u00e9\u00b7e\u00b7s, les collectionneur\u00b7se\u00b7s, les essayistes ont \u00e9crit une histoire du cirque qui est histoire du \u00ab&#160;corps c\u00e9l\u00e9br\u00e9&#160;\u00bb (Hamel, Thareau, 2020)&#160;:<\/p>\n<p>\u00ab&#160;<em>Les yeux, la bouche, les mains, les cuisses, les seins, les fesses. Et le ventre aussi. Le corps est sans nul doute le plus puissant artifice que le cirque a model\u00e9. Chair de piste. Les yeux, la bouche, les jambes, la crini\u00e8re, le poitrail, la croupe. Et le ventre encore. Le corps \u00e9questre, dans toute sa puissance, est sans nul doute le plus formidable ressort dramatique que le cirque a fa\u00e7onn\u00e9.<\/em>&#160;\u00bb (Jacob, 2017)<\/p>\n<p>Dans quelle mesure l\u2019\u00e9criture de l\u2019histoire du corps de cirque (techniques, esth\u00e9tiques, sensibilit\u00e9s, imaginaires, repr\u00e9sentations\u2026) pourrait-elle articuler les historiographies d\u2019un \u00ab&#160;art composite&#160;\u00bb (Goudard)&#160;: histoire culturelle des techniques, des agr\u00e8s et de l\u2019\u00e9ducation physique, histoire du th\u00e9\u00e2tre et du spectacle vivant, anthropologie-historique de l\u2019esth\u00e9tique des pratiques corporelles, micro-histoire, r\u00e9cit de vie, histoire connect\u00e9e\u2026 Quels rep\u00e8res m\u00e9thodologiques et \u00e9pist\u00e9mologiques sugg\u00e8rent l\u2019\u00e9criture de l\u2019histoire du cirque&#160;? Quelle r\u00e9flexion autour de l\u2019archive engage t\u2019-elle&#160;? Comment les artistes de cirque s\u2019en emparent-iels pour tenter d\u2019\u00e9crire leur propre histoire exp\u00e9rientielle&#160;?<\/p>\n<p>Le corps de l\u2019artiste de cirque est un \u00ab&#160;laboratoire du vivant&#160;\u00bb (Goudard, 2010). L\u2019histoire de son expertise corporelle (H\u00e9as, 2014), de son engagement physique et cognitif, \u00ab&#160;constitue dans notre culture une maquette anthropologique qui r\u00e9v\u00e8le les savoirs implicites, les enjeux id\u00e9ologiques et les pratiques attach\u00e9es \u00e0 l\u2019\u00e9motion. Son analyse permet de mettre en \u00e9vidence la permanence d\u2019attitudes anciennes, une crise culturelle profonde, mais aussi une capacit\u00e9 d\u2019invention pour proposer de nouvelles perspectives.&#160;\u00bb (Pradier, 1990).<\/p>\n<p>L\u2019\u00ab&#160;\u00e9cocirque&#160;\u00bb et les animaux holographiques sont par exemple un pic \u00e9mergeant de la crise du vivant dans ses composantes multifactorielles (R\u00e9gnier, H\u00e9as, 2019&#160;;\u00a0Dray, Porcher, 2020) qui tendrait vers un cirque d\u00e9sincarn\u00e9. Or, si \u00ab&#160;le cirque, c\u2019est le risque de la chair&#160;\u00bb (Pierron, 2003), nous proposons que \u00ab&#160;le risque&#160;\u00bb (Goudard, 2010, Wallon, 2002) dans l\u2019\u00e9criture de l\u2019histoire des artistes du cirque soit \u00e9tudi\u00e9 comme r\u00e9ponse esth\u00e9tique aux p\u00e9riodes de crise qu\u2019il traverse. Le risque met en crise les \u00e9quilibres physiques, \u00e9conomiques et culturels de l\u2019artiste, tandis que la dimension apotropa\u00efque du rire du clown ouvre au monde et relance la vie. La crise n\u2019a pas le dernier mot (Le Breton, 2018).<\/p>\n<p>Une attention particuli\u00e8re sera port\u00e9e aux contributions qui apportent un \u00e9clairage in\u00e9dit sur la mani\u00e8re dont les \u00e9critures de l\u2019histoire du corps de l\u2019artiste de cirque (animal\/humain) se construisent autour des th\u00e8mes suivants&#160;:<\/p>\n<p>L\u2019\u00e9criture de l\u2019histoire des pratiques des fonds d\u2019archives et collections de cirque, priv\u00e9es\/publiques, leur conservation, accessibilit\u00e9, valorisation&#160;; la consid\u00e9ration des archives vivantes (B\u00e9nichou, 2020)&#160;; la sauvegarde des patrimoines culturels immat\u00e9riels circassiens&#160;;<\/p>\n<p>L\u2019\u00e9criture de l\u2019histoire des nomadismes circassiens (artistes, arts, f\u00eates\u2026) entre diff\u00e9rentes r\u00e9gions du monde (Turquie, Inde, Japon\u2026), institutions (cabaret, music-hall\u2026) voire entre disciplines (transferts de comp\u00e9tence\u2026)&#160;;<\/p>\n<p>L\u2019histoire du corps de l\u2019artiste de cirque devenu objet scientifique ou pseudo-scientifique (croyances savantes, croyances na\u00efves)&#160;; des biais cognitifs et de l\u2019ethnocentrisme nominal inh\u00e9rent \u00e0 sa marginalit\u00e9 corporelle identitaire (ph\u00e9notype, genre, handicap, tatouage, modifications corporelles, relations inter-esp\u00e8ces\u2026)&#160;;<\/p>\n<p>L\u2019\u00e9criture de l\u2019histoire de l\u2019entra\u00eenement, de l\u2019entretien et\/ou de l\u2019\u00e9ducation physique, les effets de l\u2019exercice du corps, l\u2019hygi\u00e8ne et la sant\u00e9 des artistes de \u00ab&#160;haut-niveau&#160;\u00bb, les acteurs et actrices des courants, m\u00e9thodes et relations p\u00e9dagogiques nouvelles.<\/p>\n<p>Une attention particuli\u00e8re pourra \u00eatre port\u00e9e \u00e0 l\u2019histoire de \u00ab&#160;la perception de l\u2019histoire&#160;\u00bb par les artistes eux-m\u00eames. En effet, suivant les observations de Vincent Berhault (Maison des jonglages), \u00ab&#160;de nombreux artistes envisagent l\u2019histoire du cirque comme un processus dynamique qui leur permet de s\u2019appuyer sur un pass\u00e9 de r\u00e9f\u00e9rence et de construire un avenir lui aussi situ\u00e9&#160;\u00bb. Comment l\u2019\u00e9criture de l\u2019histoire du corps des arts du cirque devient-elle n\u00e9cessaire \u00e0 la pratique de la cr\u00e9ation&#160;? Les propositions de communication tiendront compte ainsi de l\u2019histoire de \u00ab&#160;l\u2019intelligence du corps&#160;\u00bb des artistes de cirque (animal\/humain), des savoirs tacites manifest\u00e9s dans leurs pratiques performatives et\/ou spectaculaires (Pradier, 2000&#160;; Andrieu &amp; al. 2022), de leurs processus d\u2019adaptation, d\u2019action, de cr\u00e9ation.<\/p>\n<h2><strong>Pistes bibliographiques<\/strong><\/h2>\n<p>Andrieu B., Bender R., Collard J., Dietrich G., Fasoli G., Thomas C.\u00a02022.\u00a0\u00ab&#160;Th\u00e9orie du corps lors de l\u2019\u00e9mersion de ses sensations internes&#160;: les dessins de conscience au Centre national des arts du cirque&#160;\u00bb,\u00a0<em>L\u2019\u00c9volution psychiatrique<\/em>, n\u00b0\u00a087 (1)&#160;:\u00a0<a href=\"https:\/\/doi.org\/10.1016\/j.evopsy.2020.09.003\" name=\"SMASHVisited\">https:\/\/doi.org\/10.1016\/j.evopsy.2020.09.003<\/a><a class=\"smash-link\" href=\"https:\/\/sh2hh6qx2e.search.serialssolutions.com\/?rft_id=info:doi\/10.1016\/j.evopsy.2020.09.003&amp;sid=lama-browser-addon\" target=\"_blank\" rel=\"noopener\" name=\"SMASHLink\"> SMASH<\/a>.<\/p>\n<p>Arrighi G.\u00a02014. \u201cTowards a cultural history of community circus in Australia\u201d,\u00a0<em>Australasian Drama Studies<\/em>, n\u00b064&#160;: 199-222.<\/p>\n<p>B\u00e9nichou A.\u00a02020.\u00a0<em>Rejouer le vivant \u2014 les reenactments, des pratiques culturelles et artistiques (in) actuelles<\/em>, les Presses du r\u00e9el.<\/p>\n<p>Bezille H., Froissart T., Legendre F.\u00a02019.\u00a0<em>Qu\u2019apprendre de la formation des artistes de cirque<\/em>\u2009<em>&#160;? L\u2019exp\u00e9rience Fratellini<\/em>, L\u2019Harmattan.<\/p>\n<p>Blanckaert C. (coord.) 2013.\u00a0<em>La V\u00e9nus hottentote entre Barnum et Mus\u00e9um<\/em>, Mus\u00e9um.<\/p>\n<p>Bouissac P.\u00a02021.\u00a0<em>The End of the Circus<\/em>, Bloomsbury Academic.<\/p>\n<p>Clouzot M.\u00a02011.\u00a0<em>Le Jongleur. M\u00e9moire de l\u2019Image au Moyen \u00c2ge.<\/em>\u00a0Peter Lang.<\/p>\n<p>Coutelet N.\u00a02014.\u00a0<em>\u00c9tranges artistes sur la sc\u00e8ne des Folies-Berg\u00e8res<\/em>. PUV.<\/p>\n<p>Dray C. &amp; Porcher J.\u00a02020.\u00a0\u00ab&#160;Le travail des animaux au cirque&#160;: Un probl\u00e8me d\u2019exploitation ou de mise en sc\u00e8ne&#160;?&#160;\u00bb,\u00a0<em>Le cirque dans l\u2019univers<\/em>, n\u00b0\u00a0278&#160;: 24-27.<\/p>\n<p>Goudard P. &amp; Vienne-Guerrin N. (dir.) 2020.\u00a0<em>Figures du clown<\/em>, PULM.<\/p>\n<p>Goudard P. &amp; Barrault D. (dir.) 2020.\u00a0<em>M\u00e9decine et Cirque<\/em>, Sauramps M\u00e9dical.<\/p>\n<p>Goudard P.\u00a02010.\u00a0<em>Le Cirque entre l\u2019\u00e9lan et la chute, une esth\u00e9tique du risque<\/em>, Espaces\u00a034.<\/p>\n<p>Goudard P.\u00a01989.\u00a0<em>Bilan et perspectives de l\u2019apport m\u00e9dical dans l\u2019apprentissage et la pratique des arts du cirque en France<\/em>, Th\u00e8se de doctorat en m\u00e9decine sous la direction de Michel Boura, Universit\u00e9 de Nancy I Facult\u00e9 de m\u00e9decine.<\/p>\n<p>Granger C.\u00a02020.\u00a0<em>Joseph Kabris ou les possibilit\u00e9s d\u2019une vie\u00a01780-1822<\/em>, Anamosa.<\/p>\n<p>Hamel C. &amp; Thareau L.\u00a02020.\u00a0<em>Le Cirque enchant\u00e9 du Dr. Alain Fr\u00e8re<\/em>, Gilletta.<\/p>\n<p>H\u00e9as S.\u00a02014. \u00ab&#160;Les experts corporels&#160;: entre h\u00e9riter, transmettre et innover&#160;\u00bb,\u00a0<em>\u00c9pist\u00e9m\u00e9<\/em>, n\u00b0\u00a012&#160;: 225-246.<\/p>\n<p>Hodak C.\u00a02018.\u00a0<em>Du Th\u00e9\u00e2tre \u00e9questre au cirque<\/em>, Belin.<\/p>\n<p>Holmes K.\u00a02016. \u00ab&#160;Arial stars&#160;: femininity, celebrity &amp; glamour in the representations of female aerialists in the UK &amp; USA in the 1920s and early 1930s&#160;\u00bb, UE.<\/p>\n<p>Jacob P.\u00a02017 (2007). \u00ab&#160;Cirque. Des corps de cirque&#160;\u00bb, dans M.\u00a0Marzano (dir.),\u00a0<em>Dictionnaire du corps<\/em>, PUF&#160;: 201-205.<\/p>\n<p>Le Breton D.\u00a02018.\u00a0<em>Rire. Une anthropologie du rieur<\/em>, M\u00e9taili\u00e9.<\/p>\n<p>Maleval M.\u00a02010.\u00a0<em>L\u2019\u00c9mergence du nouveau cirque\u00a01968-1998<\/em>. L\u2019Harmattan.<\/p>\n<p>Nelis-Cl\u00e9ment J.\u00a02008. \u00ab&#160;Le cirque et son paysage sonore&#160;\u00bb, dans J. Nelis-Cl\u00e9ment &amp; J.-M.\u00a0Roddaz (dir.),\u00a0<em>Le cirque romain et son image<\/em>, Ausonius&#160;: 431-457.<\/p>\n<p>Nishra PR. 2020.\u00a0<em>Jumbos and Jumping Devils&#160;: A Social History of Indian Circus<\/em>, Oxford Scholarship.<\/p>\n<p>Noiriel G.\u00a02017.\u00a0<em>Chocolat<\/em>\u2009<em>&#160;: la v\u00e9ritable histoire d\u2019un homme sans nom<\/em>, Pluriel.<\/p>\n<p>Perault S.\u00a02015.\u00a0<em>Le costume du clown blanc<\/em>\u2009<em>&#160;: G\u00e9rard Vicaire la passion pour seul habit<\/em>, Chapitre douze.<\/p>\n<p>Petiteau N.\u00a02018.\u00a0<em>Histoire de la compagnie Alexis Gruss<\/em>, Print Team.<\/p>\n<p>Pradier J. \u2014 M.\u00a02000 (1997).\u00a0<em>La Sc\u00e8ne et la fabrique des corps. Ethnosc\u00e9nologie du spectacle vivant en Occident (Ve\u00a0si\u00e8cle av. J. &#8211; C.-XVIIIe si\u00e8cle)<\/em>, PUB.<\/p>\n<p>Pradier J. \u2014 M.\u00a01990. \u00ab&#160;Le Th\u00e9\u00e2tre des \u00e9motions&#160;\u00bb,\u00a0<em>\u00c9volutions psychomotrices<\/em>, n\u00b0\u00a07&#160;: 18-28.<\/p>\n<p>R\u00e9gnier P. &amp; H\u00e9as S.\u00a02020. \u00ab&#160;Prol\u00e9gom\u00e8nes \u00e0 une analyse des points de vue antisp\u00e9cistes et v\u00e9ganes&#160;\u00bb,\u00a0<em>L\u2019Homme et la Soci\u00e9t\u00e9<\/em>, n\u00b0\u00a0211.<\/p>\n<p>Stoddart H.\u00a02000.\u00a0<em>Rings of Desire&#160;: Circus History and Representation<\/em>, MUP.<\/p>\n<p>Strehly G. 1903.\u00a0<em>L\u2019Acrobatie et les acrobates<\/em>, Delagrave.<\/p>\n<p>Sun S. 2017. \u00ab&#160;Trap\u00e8ze, existence-ciel&#160;\u00bb, dans G.\u00a0Freixe (dir.),\u00a0<em>Le Corps, ses dimensions cach\u00e9es<\/em>. Deuxi\u00e8me \u00e9poque&#160;: 81-87.<\/p>\n<p>Tait P.\u00a02005.\u00a0<em>Circus Bodies<\/em>\u2009<em>&#160;: Cultural Identity in Aerial Performance<\/em>, Routledge.<\/p>\n<p>Wallon E.\u00a02013 (2002).\u00a0<em>Le Cirque au risque de l\u2019art<\/em>, Actes Sud-papiers.<\/p>\n<h2><strong>Modalit\u00e9s de participation<br \/>\n<\/strong><\/h2>\n<p>Votre proposition de communication est \u00e0 envoyer avant le <strong>21\u00a0mai 2021<\/strong>.<\/p>\n<p>Pour les universitaires&#160;: sous forme de r\u00e9sum\u00e9 analytique, elle sera constitu\u00e9e d\u2019un titre, une probl\u00e9matique, des sources, des rep\u00e8res m\u00e9thodologiques\/\u00e9pist\u00e9mologiques, des r\u00e9sultats, de cinq mots cl\u00e9s et des principales r\u00e9f\u00e9rences bibliographiques. Elle sera accompagn\u00e9e de votre notice bio-biblio. renseignant sur votre affiliation institutionnelle (universit\u00e9, unit\u00e9 de recherche, compagnie\u2026), vos fonctions et votre activit\u00e9 scientifique et \u00e9ventuellement artistique.<\/p>\n<p>Pour les artistes&#160;: un r\u00e9sum\u00e9 de la communication, une biographie courte et \u00e9ventuellement vos besoins techniques pour des formes performatives.<\/p>\n<ul>\n<li>Vos propositions de communication sont \u00e0 envoyer aux deux adresses&#160;:\u00a0<a href=\"mailto:pierre.philippe-meden@univ-montp3.fr\">pierre.philippe-meden@univ-montp3.fr<\/a>\u00a0et\u00a0<a href=\"mailto:karel.vanhaesebrouck@ulb.be\">karel.vanhaesebrouck@ulb.be<\/a>.<\/li>\n<li>Les communications orales seront d\u2019une dur\u00e9e de 20\u00a0minutes de pr\u00e9sentation suivies de 10\u00a0minutes d\u2019\u00e9change.<\/li>\n<li><em>Frais d\u2019inscriptions&#160;:<\/em> l\u2019inscription au colloque pour les contributeur\u00b7trice\u00b7s est de 30\u00a0\u20ac.<\/li>\n<li>Les transports et logements sont \u00e0 la charge des contributeur\u00b7trice\u00b7s. L\u2019inscription est gratuite pour le public.<\/li>\n<li>Les d\u00e9jeuners des contributeur\u00b7trice\u00b7s sont pris en charge par l\u2019organisation.<\/li>\n<\/ul>\n<h2><strong>Comit\u00e9 d&rsquo;organisation<br \/>\n<\/strong><\/h2>\n<p>Arianna B\u00e9r\u00e9nice De\u00a0Sanctis (Dr.\u00a0Ens.-contract.\u00a0UPVM3\/RiRRa21)<br \/>\nCharl\u00e8ne Dray\u00a0(Dr. ATER\u00a0UPVM3\/RiRRa21)<br \/>\nCharles Jacquelin (Doctorant\u00a0UPVM3\/RiRRa21)<br \/>\nPhilippe Goudard (PU UPVM3\/RiRRa21)<br \/>\nPierre Philippe-Meden\u00a0(MCF\u00a0UPVM3\/RiRRa21)<br \/>\nGa\u00ebtan Rivi\u00e8re (Doctorant UAvignon\/LCC)<br \/>\nFranziska Trapp (Post-doc.\u00a0ULB\/CiASp\/FNRS, WWU Muenster, FU Berlin)<br \/>\nKarel Vanhaesebrouck (PU ULB\/CiASp)<br \/>\nPaul Warnery\u00a0(Doctorant\u00a0UPVM3\/RiRRa21)<br \/>\nNele Wynants (Post-doc.\u00a0ULB\/CiASp\/FNRS)<\/p>\n<h2><strong>Comit\u00e9 scientifique et artistique<br \/>\n<\/strong><\/h2>\n<p>Bernard Andrieu (PU UParis\/I3SP)<br \/>\nAnnick Asso (PRAG UPVM3\/RiRRa21)<br \/>\nArianna B\u00e9r\u00e9nice De Sanctis (Dr. Ens.-contract. UPVM3\/RiRRa21)<br \/>\nVincent Berhault (Dir. Maison des Jonglages)<br \/>\nGuillaume Boulang\u00e9 (MCF-HDR\u00a0UPVM3\/RiRRa21)<br \/>\nCharl\u00e8ne Dray\u00a0(ATER Dr. UPVM3\/RiRRa21, Cie Horsystemes)<br \/>\nSylvain Ferez (MCF-HDR UM\/Sant\u00e9sih)<br \/>\nVal\u00e9rie Fratellini (Dir.-adjointe et dir. p\u00e9dagogique Acad\u00e9mie Fratellini)<br \/>\nTony Froissart (PU URCA\/C\u00e9rep)<br \/>\nElisabeth Gavalda\u00a0(Dr. UPVM3\/RiRRa21)<br \/>\nPhilippe Goudard (PU UPVM3\/RiRRa21)<br \/>\nMarion Guyez\u00a0(MCF UGrenoble-Alpes\/Litt&amp;Arts, Cie D\u2019Elles)<br \/>\nSt\u00e9phane H\u00e9as (MCF-HDR\u00a0UR2\/VIPS<sup>2<\/sup>)<br \/>\nJean-Marc Lemonnier (MCF-HDR UCaen\/HisTeM\u00e9)<br \/>\nPhilippe Liotard (MCF-HDR\u00a0UCBL1\/L-VIS)<br \/>\nAlix de Morant (MCF\u00a0UPVM3\/RiRRa21)<br \/>\nEric Perera (MCF-HDR UM\/Sant\u00e9sih)<br \/>\nNatalie Petiteau (PU UAvignon\/LCC)<br \/>\nPierre Philippe-Meden (MCF\u00a0UPVM3\/RiRRa21)<br \/>\nKarine Saroh (Dr. \u00c9sacto\u2019Lido)<br \/>\nSt\u00e9phane Simonin (Dir. Acad\u00e9mie Fratellini)<br \/>\nMagali Sizorn (MCF URouen\/Cetaps)<br \/>\nGabriele Sofia (MCF-HDR UGrenoble-Alpes\/Litt&amp;Arts)<br \/>\nFranziska Trapp (Post-doc.\u00a0ULB\/CiASp\/FNRS, WWU Muenster, FU Berlin)<br \/>\nCyril Thomas (Dr. CNAC\/Chaire ICiMa)<br \/>\nKarel Vanhaesebrouck (PU ULB\/CiASp)<br \/>\nNele Wynants (Post-doc. ULB\/CiASp\/FNRS)<\/p>\n<h2><strong>Partenaires<\/strong><\/h2>\n<p>Universit\u00e9 Paul-Val\u00e9ry Montpellier\u00a03 (UPVM3\/RiRRa21)<br \/>\nBiblioth\u00e8que universitaire\u00a0Ramon Llull\u00a0&#8211; Fonds arts du cirque (CollEx)<br \/>\nUniversit\u00e9 Libre de Bruxelles (ULB\/CiASP)<br \/>\nUniversit\u00e9 de Montpellier (UM\/Sant\u00e9sih)<br \/>\nAcad\u00e9mie Fratellini \u2014 Saint-Denis<br \/>\nCentre national des arts du cirque (CNAC) \u2014 Ch\u00e2lons-en-Champagne<br \/>\nChaire d\u2019innovation Cirque et Marionnette (ICiMa)<br \/>\n\u00c9sacto\u2019Lido \u00c9cole sup\u00e9rieure des arts du cirque \u2014 Toulouse<br \/>\nMaison des Jonglages \u2013 La Courneuve<br \/>\nCollectif des chercheurs en cirque (CCCirque)<\/p>\n<h2><strong>Lieu<br \/>\n<\/strong><\/h2>\n<p>Site Saint-Charles\u00a02 (UPVM3). 10\u00a0rue du Professeur Henri Serre, 34\u2009090, Montpellier<\/p>\n<\/p><\/div>\n<div class=\"zn-singledetail-keywords\">\n<h3 class=\"zn-singledetail-section-title\">Mots-cl\u00e9s<\/h3>\n<ul class=\"termslist termslist-post_tag\">\n<li class=\"termslist-item termslist-title\"><span class=\"termslist-titletxt\">Mots-cl\u00e9s<\/span><span class=\"doubledot\"><\/span><\/li>\n<li class=\"termslist-item tax-post_tag term-arts\"><a class=\"termslist-itemlink\" href=\"https:\/\/www.sfsic.org\/en\/tag\/arts-en\/\" title=\"Arts\"><span class=\"termslist-itemname\">Arts<\/span><\/a><\/li>\n<li class=\"termslist-item tax-post_tag term-cirque\"><a class=\"termslist-itemlink\" href=\"https:\/\/www.sfsic.org\/en\/tag\/cirque\/\" title=\"cirque\"><span class=\"termslist-itemname\">cirque<\/span><\/a><\/li>\n<li class=\"termslist-item tax-post_tag term-corps\"><a class=\"termslist-itemlink\" href=\"https:\/\/www.sfsic.org\/en\/tag\/body\/\" title=\"Corps\"><span class=\"termslist-itemname\">Corps<\/span><\/a><\/li>\n<li class=\"termslist-item tax-post_tag term-spectacle-vivant\"><a class=\"termslist-itemlink\" href=\"https:\/\/www.sfsic.org\/en\/tag\/spectacle-vivant\/\" title=\"Spectacle vivant\"><span class=\"termslist-itemname\">Spectacle vivant<\/span><\/a><\/li>\n<\/ul><\/div>\n<\/p><\/div>\n<\/p><\/div>\n<\/p><\/div>\n<\/p><\/div>\n<\/div>\n<p><!-- \/fxzn:singledetail --><\/p>\n","protected":false},"excerpt":{"rendered":"<p>Mis en ligne le 6 avril 2021 Th\u00e9matiques Images, cin\u00e9ma, m\u00e9dias audiovisuels et industries culturelles M\u00e9diations m\u00e9morielles, culturelles et patrimoniales R\u00e9ponse attendue pour le 21\/05\/2021 Type de r\u00e9ponse R\u00e9sum\u00e9 Type [&hellip;]<\/p>\n","protected":false},"author":781,"featured_media":0,"comment_status":"closed","ping_status":"closed","sticky":false,"template":"","format":"standard","meta":{"_acf_changed":false,"footnotes":""},"categories":[29,57],"tags":[350,473,373,474],"thematique":[35,38],"sfsic":[],"class_list":["post-16531","post","type-post","status-publish","format-standard","hentry","category-aac-evenement","category-colloque","tag-arts","tag-cirque","tag-corps","tag-spectacle-vivant","thematique-images-cinema-medias-audiovisuels-et-industries-culturelles","thematique-mediations-memorielles-culturelles-et-patrimoniales","wp-sticky"],"acf":[],"yoast_head":"<!-- This site is optimized with the Yoast SEO plugin v27.4 - https:\/\/yoast.com\/product\/yoast-seo-wordpress\/ -->\n<title>\u00c9crire l&#039;histoire du cirque<\/title>\n<meta name=\"description\" content=\"Appel \u00e0 contribution pour un colloque sur le th\u00e8me &quot;\u00c9crire l&#039;histoire du cirque. Corps, Crise, Risque, Rire (C2R2hCirque)&quot;.\" \/>\n<meta name=\"robots\" content=\"index, follow, max-snippet:-1, max-image-preview:large, max-video-preview:-1\" \/>\n<link rel=\"canonical\" href=\"https:\/\/www.sfsic.org\/en\/aac-evenement\/ecrire-lhistoire-du-cirque\/\" \/>\n<meta property=\"og:locale\" content=\"en_US\" \/>\n<meta property=\"og:type\" content=\"article\" \/>\n<meta property=\"og:title\" content=\"\u00c9crire l&#039;histoire du cirque\" \/>\n<meta property=\"og:description\" content=\"Appel \u00e0 contribution pour un colloque sur le th\u00e8me &quot;\u00c9crire l&#039;histoire du cirque. Corps, Crise, Risque, Rire (C2R2hCirque)&quot;.\" \/>\n<meta property=\"og:url\" content=\"https:\/\/www.sfsic.org\/en\/aac-evenement\/ecrire-lhistoire-du-cirque\/\" \/>\n<meta property=\"og:site_name\" content=\"SFSIC\" \/>\n<meta property=\"article:published_time\" content=\"2021-04-07T08:00:44+00:00\" \/>\n<meta name=\"author\" content=\"Axelle Martin\" \/>\n<meta name=\"twitter:card\" content=\"summary_large_image\" \/>\n<script type=\"application\/ld+json\" class=\"yoast-schema-graph\">{\"@context\":\"https:\\\/\\\/schema.org\",\"@graph\":[{\"@type\":\"Article\",\"@id\":\"https:\\\/\\\/www.sfsic.org\\\/en\\\/aac-evenement\\\/ecrire-lhistoire-du-cirque\\\/#article\",\"isPartOf\":{\"@id\":\"https:\\\/\\\/www.sfsic.org\\\/en\\\/aac-evenement\\\/ecrire-lhistoire-du-cirque\\\/\"},\"author\":{\"name\":\"Axelle Martin\",\"@id\":\"https:\\\/\\\/www.sfsic.org\\\/en\\\/#\\\/schema\\\/person\\\/d3606993477708f4359fb9aeda58df3b\"},\"headline\":\"\u00c9crire l&#8217;histoire du cirque\",\"datePublished\":\"2021-04-07T08:00:44+00:00\",\"mainEntityOfPage\":{\"@id\":\"https:\\\/\\\/www.sfsic.org\\\/en\\\/aac-evenement\\\/ecrire-lhistoire-du-cirque\\\/\"},\"wordCount\":2310,\"publisher\":{\"@id\":\"https:\\\/\\\/www.sfsic.org\\\/en\\\/#organization\"},\"keywords\":[\"Arts\",\"cirque\",\"Corps\",\"Spectacle vivant\"],\"articleSection\":[\"AAC \u00c9v\u00e9nement\",\"Colloque\"],\"inLanguage\":\"en-US\"},{\"@type\":\"WebPage\",\"@id\":\"https:\\\/\\\/www.sfsic.org\\\/en\\\/aac-evenement\\\/ecrire-lhistoire-du-cirque\\\/\",\"url\":\"https:\\\/\\\/www.sfsic.org\\\/en\\\/aac-evenement\\\/ecrire-lhistoire-du-cirque\\\/\",\"name\":\"\u00c9crire l'histoire du cirque\",\"isPartOf\":{\"@id\":\"https:\\\/\\\/www.sfsic.org\\\/en\\\/#website\"},\"datePublished\":\"2021-04-07T08:00:44+00:00\",\"description\":\"Appel \u00e0 contribution pour un colloque sur le th\u00e8me \\\"\u00c9crire l'histoire du cirque. Corps, Crise, Risque, Rire (C2R2hCirque)\\\".\",\"breadcrumb\":{\"@id\":\"https:\\\/\\\/www.sfsic.org\\\/en\\\/aac-evenement\\\/ecrire-lhistoire-du-cirque\\\/#breadcrumb\"},\"inLanguage\":\"en-US\",\"potentialAction\":[{\"@type\":\"ReadAction\",\"target\":[\"https:\\\/\\\/www.sfsic.org\\\/en\\\/aac-evenement\\\/ecrire-lhistoire-du-cirque\\\/\"]}]},{\"@type\":\"BreadcrumbList\",\"@id\":\"https:\\\/\\\/www.sfsic.org\\\/en\\\/aac-evenement\\\/ecrire-lhistoire-du-cirque\\\/#breadcrumb\",\"itemListElement\":[{\"@type\":\"ListItem\",\"position\":1,\"name\":\"Accueil\",\"item\":\"https:\\\/\\\/www.sfsic.org\\\/en\\\/\"},{\"@type\":\"ListItem\",\"position\":2,\"name\":\"Calls for Contributions\",\"item\":\"https:\\\/\\\/www.sfsic.org\\\/en\\\/cfc-event\\\/\"},{\"@type\":\"ListItem\",\"position\":3,\"name\":\"Conference\",\"item\":\"https:\\\/\\\/www.sfsic.org\\\/en\\\/cfc-event\\\/conference\\\/\"},{\"@type\":\"ListItem\",\"position\":4,\"name\":\"\u00c9crire l&#8217;histoire du cirque\"}]},{\"@type\":\"WebSite\",\"@id\":\"https:\\\/\\\/www.sfsic.org\\\/en\\\/#website\",\"url\":\"https:\\\/\\\/www.sfsic.org\\\/en\\\/\",\"name\":\"SFSIC\",\"description\":\"Soci\u00e9t\u00e9 Fran\u00e7aise des Sciences de l&#039;Information &amp; de la Communication\",\"publisher\":{\"@id\":\"https:\\\/\\\/www.sfsic.org\\\/en\\\/#organization\"},\"potentialAction\":[{\"@type\":\"SearchAction\",\"target\":{\"@type\":\"EntryPoint\",\"urlTemplate\":\"https:\\\/\\\/www.sfsic.org\\\/en\\\/?s={search_term_string}\"},\"query-input\":{\"@type\":\"PropertyValueSpecification\",\"valueRequired\":true,\"valueName\":\"search_term_string\"}}],\"inLanguage\":\"en-US\"},{\"@type\":\"Organization\",\"@id\":\"https:\\\/\\\/www.sfsic.org\\\/en\\\/#organization\",\"name\":\"SFSIC\",\"url\":\"https:\\\/\\\/www.sfsic.org\\\/en\\\/\",\"logo\":{\"@type\":\"ImageObject\",\"inLanguage\":\"en-US\",\"@id\":\"https:\\\/\\\/www.sfsic.org\\\/en\\\/#\\\/schema\\\/logo\\\/image\\\/\",\"url\":\"https:\\\/\\\/www.sfsic.org\\\/wp-inside\\\/uploads\\\/2020\\\/05\\\/logo-sfsic.jpg\",\"contentUrl\":\"https:\\\/\\\/www.sfsic.org\\\/wp-inside\\\/uploads\\\/2020\\\/05\\\/logo-sfsic.jpg\",\"width\":1085,\"height\":1080,\"caption\":\"SFSIC\"},\"image\":{\"@id\":\"https:\\\/\\\/www.sfsic.org\\\/en\\\/#\\\/schema\\\/logo\\\/image\\\/\"}},{\"@type\":\"Person\",\"@id\":\"https:\\\/\\\/www.sfsic.org\\\/en\\\/#\\\/schema\\\/person\\\/d3606993477708f4359fb9aeda58df3b\",\"name\":\"Axelle Martin\",\"image\":{\"@type\":\"ImageObject\",\"inLanguage\":\"en-US\",\"@id\":\"https:\\\/\\\/secure.gravatar.com\\\/avatar\\\/1065035eb5e480668fbf77e163c2e86f81ac342eaad4c8783acdf4a63f3c917b?s=96&d=mm&r=g\",\"url\":\"https:\\\/\\\/secure.gravatar.com\\\/avatar\\\/1065035eb5e480668fbf77e163c2e86f81ac342eaad4c8783acdf4a63f3c917b?s=96&d=mm&r=g\",\"contentUrl\":\"https:\\\/\\\/secure.gravatar.com\\\/avatar\\\/1065035eb5e480668fbf77e163c2e86f81ac342eaad4c8783acdf4a63f3c917b?s=96&d=mm&r=g\",\"caption\":\"Axelle Martin\"},\"sameAs\":[\"@antropocominside\"]}]}<\/script>\n<!-- \/ Yoast SEO plugin. -->","yoast_head_json":{"title":"\u00c9crire l'histoire du cirque","description":"Appel \u00e0 contribution pour un colloque sur le th\u00e8me \"\u00c9crire l'histoire du cirque. Corps, Crise, Risque, Rire (C2R2hCirque)\".","robots":{"index":"index","follow":"follow","max-snippet":"max-snippet:-1","max-image-preview":"max-image-preview:large","max-video-preview":"max-video-preview:-1"},"canonical":"https:\/\/www.sfsic.org\/en\/aac-evenement\/ecrire-lhistoire-du-cirque\/","og_locale":"en_US","og_type":"article","og_title":"\u00c9crire l'histoire du cirque","og_description":"Appel \u00e0 contribution pour un colloque sur le th\u00e8me \"\u00c9crire l'histoire du cirque. Corps, Crise, Risque, Rire (C2R2hCirque)\".","og_url":"https:\/\/www.sfsic.org\/en\/aac-evenement\/ecrire-lhistoire-du-cirque\/","og_site_name":"SFSIC","article_published_time":"2021-04-07T08:00:44+00:00","author":"Axelle Martin","twitter_card":"summary_large_image","schema":{"@context":"https:\/\/schema.org","@graph":[{"@type":"Article","@id":"https:\/\/www.sfsic.org\/en\/aac-evenement\/ecrire-lhistoire-du-cirque\/#article","isPartOf":{"@id":"https:\/\/www.sfsic.org\/en\/aac-evenement\/ecrire-lhistoire-du-cirque\/"},"author":{"name":"Axelle Martin","@id":"https:\/\/www.sfsic.org\/en\/#\/schema\/person\/d3606993477708f4359fb9aeda58df3b"},"headline":"\u00c9crire l&#8217;histoire du cirque","datePublished":"2021-04-07T08:00:44+00:00","mainEntityOfPage":{"@id":"https:\/\/www.sfsic.org\/en\/aac-evenement\/ecrire-lhistoire-du-cirque\/"},"wordCount":2310,"publisher":{"@id":"https:\/\/www.sfsic.org\/en\/#organization"},"keywords":["Arts","cirque","Corps","Spectacle vivant"],"articleSection":["AAC \u00c9v\u00e9nement","Colloque"],"inLanguage":"en-US"},{"@type":"WebPage","@id":"https:\/\/www.sfsic.org\/en\/aac-evenement\/ecrire-lhistoire-du-cirque\/","url":"https:\/\/www.sfsic.org\/en\/aac-evenement\/ecrire-lhistoire-du-cirque\/","name":"\u00c9crire l'histoire du cirque","isPartOf":{"@id":"https:\/\/www.sfsic.org\/en\/#website"},"datePublished":"2021-04-07T08:00:44+00:00","description":"Appel \u00e0 contribution pour un colloque sur le th\u00e8me \"\u00c9crire l'histoire du cirque. Corps, Crise, Risque, Rire (C2R2hCirque)\".","breadcrumb":{"@id":"https:\/\/www.sfsic.org\/en\/aac-evenement\/ecrire-lhistoire-du-cirque\/#breadcrumb"},"inLanguage":"en-US","potentialAction":[{"@type":"ReadAction","target":["https:\/\/www.sfsic.org\/en\/aac-evenement\/ecrire-lhistoire-du-cirque\/"]}]},{"@type":"BreadcrumbList","@id":"https:\/\/www.sfsic.org\/en\/aac-evenement\/ecrire-lhistoire-du-cirque\/#breadcrumb","itemListElement":[{"@type":"ListItem","position":1,"name":"Accueil","item":"https:\/\/www.sfsic.org\/en\/"},{"@type":"ListItem","position":2,"name":"Calls for Contributions","item":"https:\/\/www.sfsic.org\/en\/cfc-event\/"},{"@type":"ListItem","position":3,"name":"Conference","item":"https:\/\/www.sfsic.org\/en\/cfc-event\/conference\/"},{"@type":"ListItem","position":4,"name":"\u00c9crire l&#8217;histoire du cirque"}]},{"@type":"WebSite","@id":"https:\/\/www.sfsic.org\/en\/#website","url":"https:\/\/www.sfsic.org\/en\/","name":"SFSIC","description":"Soci\u00e9t\u00e9 Fran\u00e7aise des Sciences de l&#039;Information &amp; de la Communication","publisher":{"@id":"https:\/\/www.sfsic.org\/en\/#organization"},"potentialAction":[{"@type":"SearchAction","target":{"@type":"EntryPoint","urlTemplate":"https:\/\/www.sfsic.org\/en\/?s={search_term_string}"},"query-input":{"@type":"PropertyValueSpecification","valueRequired":true,"valueName":"search_term_string"}}],"inLanguage":"en-US"},{"@type":"Organization","@id":"https:\/\/www.sfsic.org\/en\/#organization","name":"SFSIC","url":"https:\/\/www.sfsic.org\/en\/","logo":{"@type":"ImageObject","inLanguage":"en-US","@id":"https:\/\/www.sfsic.org\/en\/#\/schema\/logo\/image\/","url":"https:\/\/www.sfsic.org\/wp-inside\/uploads\/2020\/05\/logo-sfsic.jpg","contentUrl":"https:\/\/www.sfsic.org\/wp-inside\/uploads\/2020\/05\/logo-sfsic.jpg","width":1085,"height":1080,"caption":"SFSIC"},"image":{"@id":"https:\/\/www.sfsic.org\/en\/#\/schema\/logo\/image\/"}},{"@type":"Person","@id":"https:\/\/www.sfsic.org\/en\/#\/schema\/person\/d3606993477708f4359fb9aeda58df3b","name":"Axelle Martin","image":{"@type":"ImageObject","inLanguage":"en-US","@id":"https:\/\/secure.gravatar.com\/avatar\/1065035eb5e480668fbf77e163c2e86f81ac342eaad4c8783acdf4a63f3c917b?s=96&d=mm&r=g","url":"https:\/\/secure.gravatar.com\/avatar\/1065035eb5e480668fbf77e163c2e86f81ac342eaad4c8783acdf4a63f3c917b?s=96&d=mm&r=g","contentUrl":"https:\/\/secure.gravatar.com\/avatar\/1065035eb5e480668fbf77e163c2e86f81ac342eaad4c8783acdf4a63f3c917b?s=96&d=mm&r=g","caption":"Axelle Martin"},"sameAs":["@antropocominside"]}]}},"_links":{"self":[{"href":"https:\/\/www.sfsic.org\/en\/wp-json\/wp\/v2\/posts\/16531","targetHints":{"allow":["GET"]}}],"collection":[{"href":"https:\/\/www.sfsic.org\/en\/wp-json\/wp\/v2\/posts"}],"about":[{"href":"https:\/\/www.sfsic.org\/en\/wp-json\/wp\/v2\/types\/post"}],"author":[{"embeddable":true,"href":"https:\/\/www.sfsic.org\/en\/wp-json\/wp\/v2\/users\/781"}],"replies":[{"embeddable":true,"href":"https:\/\/www.sfsic.org\/en\/wp-json\/wp\/v2\/comments?post=16531"}],"version-history":[{"count":5,"href":"https:\/\/www.sfsic.org\/en\/wp-json\/wp\/v2\/posts\/16531\/revisions"}],"predecessor-version":[{"id":16561,"href":"https:\/\/www.sfsic.org\/en\/wp-json\/wp\/v2\/posts\/16531\/revisions\/16561"}],"wp:attachment":[{"href":"https:\/\/www.sfsic.org\/en\/wp-json\/wp\/v2\/media?parent=16531"}],"wp:term":[{"taxonomy":"category","embeddable":true,"href":"https:\/\/www.sfsic.org\/en\/wp-json\/wp\/v2\/categories?post=16531"},{"taxonomy":"post_tag","embeddable":true,"href":"https:\/\/www.sfsic.org\/en\/wp-json\/wp\/v2\/tags?post=16531"},{"taxonomy":"thematique","embeddable":true,"href":"https:\/\/www.sfsic.org\/en\/wp-json\/wp\/v2\/thematique?post=16531"},{"taxonomy":"sfsic","embeddable":true,"href":"https:\/\/www.sfsic.org\/en\/wp-json\/wp\/v2\/sfsic?post=16531"}],"curies":[{"name":"wp","href":"https:\/\/api.w.org\/{rel}","templated":true}]}}