{"id":16424,"date":"2021-04-01T09:50:33","date_gmt":"2021-04-01T07:50:33","guid":{"rendered":"https:\/\/www.sfsic.org\/?p=16424"},"modified":"2021-03-30T21:51:01","modified_gmt":"2021-03-30T19:51:01","slug":"violences-inscrites-saisir-les-violences-par-leurs-traces-de-lantiquite-a-nos-jours","status":"publish","type":"post","link":"https:\/\/www.sfsic.org\/en\/aac-evenement\/violences-inscrites-saisir-les-violences-par-leurs-traces-de-lantiquite-a-nos-jours\/","title":{"rendered":"Violences inscrites. Saisir les violences par leurs traces de l\u2019Antiquit\u00e9 \u00e0 nos jours."},"content":{"rendered":"<p><!-- fxzn:singledetail --><\/p>\n<div class=\"zone zn-singledetail\" id=\"fxzn-singledetail-1\">\n<div class=\"zone-block zn-singledetail-block alignwide va-top\">\n<div class=\"row\">\n<div class=\"columns large-8 large-push-4\">\n<div class=\"zn-singledetail-metabox\">\n<div class=\"zn-singledetail-pubdate pubdate\">\n\t\t\t\t\t<span class=\"pubdate-txt\">Mis en ligne le<\/span><span class=\"doubledot\"><\/span> 30 mars 2021\t\t\t\t<\/div>\n<p class=\"zn-singledetail-calenda-info\">\n\t\t\t\t\t\tInformations \u00e9dit\u00e9es \u00e0 partir d\u2019une annonce <a class=\"calenda-link prettylink\" href=\"https:\/\/calenda.org\/855633\" target=\"_blank\" rel=\"noopener\"><strong>Calenda<\/strong><\/a>.\t\t\t\t\t<\/p>\n<\/p><\/div>\n<\/p><\/div>\n<\/p><\/div>\n<div class=\"row\">\n<div class=\"columns large-4\">\n<div class=\"zn-singledetail-sidebar bg-cornersquares\">\n<div class=\"zn-singledetail-infos\">\n<p class=\"zn-singledetail-reponse-date\">\n\t\t\t\t\t\t<span>R\u00e9ponse attendue pour le<\/span><span class=\"doubledot\"><\/span> <strong>15\/06\/2021<\/strong>\n\t\t\t\t\t<\/p>\n<p class=\"zn-singledetail-reponse-type\">\n\t\t\t\t\t<span>Type de r\u00e9ponse<\/span><span class=\"doubledot\"><\/span> <strong>R\u00e9sum\u00e9<\/strong>\n\t\t\t\t\t<\/p>\n<p class=\"zn-singledetail-type\">\n\t\t\t\t\t\t\t<span>Type d\u2019\u00e9v\u00e9nement<\/span><span class=\"doubledot\"><\/span> <strong>Colloque<\/strong>\n\t\t\t\t\t<\/p>\n<\/p><\/div>\n<div class=\"zn-singledetail-contacts\">\n<h3 class=\"zn-singledetail-section-title\">Contacts<\/h3>\n<ul class=\"zn-singledetail-contacts-list\">\n<li class=\"zn-singledetail-contact\">\n\t\t\t\t\t\t\t<span class=\"zn-singledetail-contact-name\">Elisabeth Lacombe<\/span><span class=\"doubledot\"><\/span><br \/>\n\t\t\t\t\t\t\t\t\t\t\t\t\t\t<a class=\"zn-singledetail-contact-mail prettylink\" href=\"mailto:colloque.violences-inscrites@u-picardie.fr\">colloque.violences-inscrites@u-picardie.fr<\/a>\n\t\t\t\t\t\t\t\t\t\t\t\t\t<\/li>\n<\/ul><\/div>\n<\/p><\/div>\n<\/p><\/div>\n<div class=\"columns large-8\">\n<div class=\"zn-singledetail-contentbox\">\n<div class=\"zn-singledetail-eventinfo\">\n<div class=\"zn-singledetail-eventinfo-inner\">\n<div class=\"zn-singledetail-eventdates\">\n\t\t\t\t\t\t<span class=\"zn-singledetail-label\">Dates de l\u2019\u00e9v\u00e9nement<span class=\"doubledot\"><\/span><\/span><\/p>\n<ul class=\"zn-singledetail-eventdates-list\">\n<li class=\"zn-singledetail-eventdates-item\">\n\t\t\t\t\t\t\t\tDu 10\/02\/2022 au 11\/02\/2022\t\t\t\t\t\t\t<\/li>\n<\/ul><\/div>\n<p class=\"zn-singledetail-eventplace\">\n\t\t\t\t\t\t<span class=\"zn-singledetail-label\">Lieu de l\u2019\u00e9v\u00e9nement<span class=\"doubledot\"><\/span><\/span><br \/>\n\t\t\t\t\t\t<span class=\"zn-singledetail-eventplace-adr\"><br \/>\n\t\t\t\t\t\t\t\t\t\t\t\t<span class=\"adr-name\">Colloque jeunes chercheur.se.s <\/span>,<\/p>\n<p>\t\t\t\t\t\t\t\t\t\t\t\t<span class=\"adr-place\">Logis du Roy, Universit\u00e9 de Picardie Jules Verne<\/span>,<\/p>\n<p>\t\t\t\t\t\t<span class=\"adr-city\">Amiens<\/span>\t\t\t\t\t\t<span class=\"adr-cp\">80<\/span>, <span class=\"adr-country\">France<\/span><br \/>\n\t\t\t\t\t\t<\/span>\t\t\t\t\t<\/p>\n<\/p><\/div>\n<\/p><\/div>\n<div class=\"zn-singledetail-annonce wig-content\">\n<h2>Argumentaire<\/h2>\n<p>Partant du constat de la difficult\u00e9 de d\u00e9finir la violence au pr\u00e9sent, lorsqu&rsquo;elle se produit, ce colloque se propose de la saisir <em>a posteriori<\/em>, dans ses traces, par l&rsquo;appr\u00e9hension des marques qu&rsquo;elle laisse et de leurs cons\u00e9quences. En effet la violence est fondamentalement g\u00e9n\u00e9ratrice de traces. Traces que l&rsquo;on peut souhaiter effacer, qui dispara\u00eetront par le simple passage du temps, que l&rsquo;on veut au contraire faire perdurer, voire qui perdurent parfois malgr\u00e9 nous. \u00ab&#160;Une trace ineffa\u00e7able n&rsquo;est pas une trace<a href=\"https:\/\/calenda.org\/855633#sdendnote1sym\"><sup>i<\/sup><\/a>&#160;\u00bb, \u00e9crit Jacques Derrida dans <em>L&rsquo;\u00c9criture et la Diff\u00e9rence<\/em>, soulignant ainsi le caract\u00e8re potentiellement \u00e9ph\u00e9m\u00e8re, transitoire, mouvant des \u00ab&#160;traces&#160;\u00bb laiss\u00e9es par les \u00e9v\u00e9nements. Face \u00e0 ce risque d&rsquo;oublier la violence, la n\u00e9cessit\u00e9 peut s&rsquo;imposer de l&rsquo;inscrire pour en garder la trace et l&rsquo;interroger.<\/p>\n<p>La violence est un \u00ab&#160;paradigme polys\u00e9mique<a href=\"https:\/\/calenda.org\/855633#sdendnote2sym\"><sup>ii<\/sup><\/a>&#160;\u00bb, une notion qui d\u00e9passe les bornes disciplinaires, et ne se limite ni au fait guerrier ni \u00e0 ses manifestations physiques. La violence peut \u00eatre entre autres militaire, politique, sociale, verbale, physique, ou symbolique, et elle peut s&rsquo;exercer sur les corps, les biens, les paysages, les esprits&#8230; Les guerres sont par excellence le th\u00e9\u00e2tre de violences, et constituent en tout cas une situation favorable au surgissement de diff\u00e9rentes formes de violences<a href=\"https:\/\/calenda.org\/855633#sdendnote3sym\"><sup>iii<\/sup><\/a>. Toutes les manifestations de la violence ont n\u00e9anmoins en commun de s&rsquo;inscrire dans une relation dialectique, avec l&rsquo;affrontement de deux acteurs pouvant chacun laisser ses propres traces de la violence mise en \u0153uvre. Le plus souvent, cette violence appara\u00eet donc comme volontaire, car motiv\u00e9e. Elle peut \u00eatre la manifestation d&rsquo;un affrontement, d&rsquo;un diff\u00e9rend, d&rsquo;un conflit pr\u00e9existant, ou en \u00eatre la cause (vengeance, vendetta, r\u00e9plique). La violence ne s&rsquo;inscrit pas toujours dans un rapport de force \u00e9quilibr\u00e9. Lorsque la soci\u00e9t\u00e9 l&rsquo;exerce sur un individu ou un groupe d&rsquo;individus, elle devient alors stigmatisation, les \u00eatres portant sur eux-m\u00eames la marque de la violence subie.<\/p>\n<p>Si l&rsquo;acteur qui exerce la violence peut laisser une trace directe (alt\u00e9rant ainsi l&rsquo;objet, le corps, l&rsquo;esprit, la nation, &#8230; sur lesquels la violence s&rsquo;exerce), celui qui la subit peut \u00e9galement d\u00e9cider de produire une trace seconde t\u00e9moignant de l&rsquo;exp\u00e9rience v\u00e9cue. L&rsquo;acte violent et sa trace peuvent enfin co\u00efncider en un m\u00eame \u00e9v\u00e9nement&#160;: dans le cadre de violences verbales, le discours est \u00e0 la fois trace de la violence et violence elle-m\u00eame. L&rsquo;inscription de ces traces peut \u00eatre volontaire &#8211; fruit d&rsquo;une d\u00e9marche d&rsquo;\u00e9criture, de comm\u00e9moration, de t\u00e9moignage &#8211; ou peut \u00eatre g\u00e9n\u00e9r\u00e9e par l&rsquo;\u00e9v\u00e9nement lui-m\u00eame, au d\u00e9triment des acteurs. L&rsquo;inscription est avant tout une \u00e9criture, guid\u00e9e par l&rsquo;id\u00e9e de conservation, de survivance mat\u00e9rielle de la violence subie et\/ou exerc\u00e9e. Mais elle peut prendre des formes multiples.<\/p>\n<p>Il s&rsquo;agira donc de s&rsquo;int\u00e9resser \u00e0 la sp\u00e9cificit\u00e9 de chacun des supports de cette inscription (romans, t\u00e9moignages, po\u00e8mes, libelles et imprim\u00e9s, th\u00e9\u00e2tre, gravures, ossements, paysages, documents d\u2019archives, photographies, peinture, vid\u00e9o, monuments, corps, langue, m\u00e9moire, psych\u00e9&#8230;).\u00a0 La question porte alors sur l&rsquo;accueil que l&rsquo;on r\u00e9serve \u00e0 ces traces&#160;: veut-on les pr\u00e9server&#160;? par quels moyens&#160;? pour quelles raisons&#160;? quel est l&rsquo;effet produit par ces traces, en particulier lorsque celles-ci portent atteinte \u00e0 l&rsquo;int\u00e9grit\u00e9 d&rsquo;un corps, d&rsquo;un bien, d&rsquo;un paysage&#160;? La trace \u00e9tant par essence effa\u00e7able, qu&rsquo;en est-il des traces effac\u00e9es&#160;? que dire alors de la violence de cet effacement&#160;? qu&rsquo;en est-il des traces restaur\u00e9es&#160;? La trace peut au contraire \u00eatre exhib\u00e9e, mise en r\u00e9cit, instrumentalis\u00e9e, esth\u00e9tis\u00e9e, glorifi\u00e9e jusqu&rsquo;\u00e0 en \u00eatre positivement connot\u00e9e&#160;: pensons \u00e0 la Passion du Christ, mod\u00e8le du processus chr\u00e9tien de r\u00e9demption, o\u00f9 la douleur devient salvatrice.<\/p>\n<p>Cette pluralit\u00e9 inh\u00e9rente \u00e0 l&rsquo;id\u00e9e d&rsquo;inscriptions de la violence nous pousse \u00e0 nous interroger sur la r\u00e9ception de ces traces&#160;: quelles traces sont l\u00e9gitimes, \u00e0 quels moments de l&rsquo;Histoire&#160;? quelle place laisse-t-on alors au devoir de m\u00e9moire&#160;? Pensons par exemple au d\u00e9bat concernant le r\u00e9cit des camps de la mort, et la dualit\u00e9 entre t\u00e9moignage et fiction, le premier l\u00e9gitim\u00e9 par les survivants, l&rsquo;autre rejet\u00e9e car jug\u00e9e impropre \u00e0 produire un r\u00e9cit fiable et respectueux de la violence subie (Primo Levi, Jorge Semprun). On pourra s\u2019interroger sur l\u2019\u00e9volution de ces d\u00e9bats dans le temps amenant \u00e0 la fin du XX\u00e8me \u00e0 la rel\u00e9gitimation de la fiction (Tatiana de Rosnay, Steven Spielberg). Le processus de l\u00e9gitimation de certaines traces peut \u00eatre alors porteur de violences symboliques, ou v\u00e9cu comme tel, amenant ainsi \u00e0 un questionnement de certaines notions, telles que le devoir de m\u00e9moire.<\/p>\n<p>Une r\u00e9flexion pourra \u00eatre entam\u00e9e sur la place laiss\u00e9e \u00e0 l&rsquo;expression d&rsquo;une violence fictive, cherchant \u00e0 penser la violence et son inscription dans la soci\u00e9t\u00e9, voire \u00e0 la conjurer par sa repr\u00e9sentation. Par exemple, comment mettre en sc\u00e8ne l&rsquo;insoutenable et d\u00e9passer l&rsquo;effet de sid\u00e9ration face \u00e0 la violence imm\u00e9diate&#160;? Ainsi le th\u00e9\u00e2tre en particulier pose la question de la biens\u00e9ance de la repr\u00e9sentation des mises \u00e0 mort choquantes sur sc\u00e8ne, tout autant que la question des moyens mat\u00e9riels pour figurer la violence (faux sang, rubans symboliques)&#160;: les diff\u00e9rentes r\u00e9\u00e9critures et repr\u00e9sentations de M\u00e9d\u00e9e tuant ses enfants en sc\u00e8ne ou hors sc\u00e8ne t\u00e9moignent \u00e0 cet \u00e9gard des d\u00e9bats qui animent les auteurs. Enfin la <em>catharsis<\/em> permet de justifier la violence repr\u00e9sent\u00e9e par un effet b\u00e9n\u00e9fique sur le spectateur, gr\u00e2ce au d\u00e9tour par la fiction. \u00c0 l\u2019inverse, la distanciation brechtienne permettrait th\u00e9oriquement de repr\u00e9senter une violence extr\u00eame affectant moins le spectateur en brisant le quatri\u00e8me mur. Cette r\u00e9flexion peut s&rsquo;\u00e9largir \u00e0 tous les domaines des sciences humaines et sociales.<\/p>\n<p>Il s\u2019agira donc de r\u00e9fl\u00e9chir \u00e0 la fa\u00e7on dont les violences s\u2019inscrivent ou sont inscrites (ou transcrites) sur diff\u00e9rents supports au cours de l\u2019histoire, aux modalit\u00e9s et particularit\u00e9s de cette inscription, mais aussi \u00e0 la mani\u00e8re de consid\u00e9rer ces traces, et d&rsquo;interroger l&rsquo;acc\u00e8s aux violences pass\u00e9es par le biais de ces traces, inscriptions, impressions, expressions, repr\u00e9sentations, stigmates, vestiges, ruines\u2026<\/p>\n<h2>Axes th\u00e9matiques<\/h2>\n<p>Les intervenants seront invit\u00e9s \u00e0 int\u00e9grer leur communication dans l&rsquo;un ou plusieurs des axes suivants, sans forc\u00e9ment s&rsquo;y limiter&#160;:<\/p>\n<ul>\n<li><strong>La violence du discours<\/strong> et toutes les violences verbales, discursives, linguistiques, querelles et pamphlets&#160;; les \u00e9tudes sur la violence envisag\u00e9e comme langage et dans la langue.<\/li>\n<li><strong>Les impressions directes de la violence<\/strong>, sur les paysages (ruines, vestiges, modifications g\u00e9ologiques), les corps (blessures et amputations), les esprits (traumatisme), les \u0153uvres artistiques et architecturales (alt\u00e9ration, d\u00e9figuration et destruction)&#160;; les \u00e9tudes sur les traces premi\u00e8res et imm\u00e9diates que la violence inflige.<\/li>\n<li><strong>Le traitement secondaire et dans le temps de ces traces de la violence<\/strong>, la mani\u00e8re dont elles sont mises en sc\u00e8ne comme, par exemple, leur esth\u00e9tisation et glorification, ou au contraire dissimulation et occultation.<\/li>\n<li><strong>Les modalit\u00e9s de la cr\u00e9ation d&rsquo;une trace pour exprimer la violence<\/strong>&#160;; raconter, peindre, r\u00e9fl\u00e9chir sur la violence, avec la question centrale de ce qu&rsquo;on peut repr\u00e9senter ou non et de comment le repr\u00e9senter&#160;; la question du t\u00e9moignage sous toutes ses formes.<\/li>\n<li><strong>Le discours de l\u00e9gitimit\u00e9 autour des traces<\/strong>, les processus de l\u00e9gitimation de la violence et de son inscription par le r\u00e9cit (institutionnel, religieux, national, collectif ou personnel)&#160;; la question du devoir de m\u00e9moire.<\/li>\n<\/ul>\n<h2>Modalit\u00e9s pratiques d&rsquo;envoi de propositions<\/h2>\n<p>Cet appel \u00e0 communications s\u2019adresse \u00e0 tous les doctorant.e.s et jeunes docteur.e.s en sciences humaines et sociales, le sujet permettant volontairement une importante transversalit\u00e9. Les interventions demand\u00e9es sont de 20 minutes. Les projets de communication sont \u00e0 adresser <strong>avant le 15 juin <\/strong>\u00e0 l\u2019adresse suivante&#160;: <a href=\"mailto:colloque.violences-inscrites@u-picardie.fr\">colloque.violences-inscrites@u-picardie.fr<\/a>. Ils devront comporter un titre provisoire, un r\u00e9sum\u00e9 de 500 mots maximum, une \u00ab&#160;bio-bibliographie&#160;\u00bb de moins de 10 lignes (pr\u00e9sentation de votre parcours, sujet de th\u00e8se, encadrants, publications en lien avec le sujet propos\u00e9).<\/p>\n<h2>Bibliographie indicative<\/h2>\n<p>\u00ab&#160;Violent(e)s &#8211; Genre et violence dans l&rsquo;histoire de l&rsquo;art&#160;\u00bb,<em> Les Cahiers de l&rsquo;\u00e9cole du Louvre<\/em>, n\u00b0 15, 2020.<\/p>\n<p>Hannah Arendt, <em>Du mensonge \u00e0 la violence<\/em>, trad. G. Durand, Paris, Calmann-L\u00e9vy, 1972.<\/p>\n<p>St\u00e9phane Audoin-Rouzeau, <em>1914-1918. La violence de guerre<\/em>, Paris, Gallimard, 2014.<\/p>\n<p>St\u00e9phane Audoin-Rouzeau et al. (dir.), <em>La Violence de guerre, 1914-1945. Approches compar\u00e9es des deux conflits mondiaux<\/em>, Bruxelles, Complexe, 2002.<\/p>\n<p>St\u00e9phane Audoin-Rouzeau,<em> C&rsquo;est la guerre&#160;: petits sujets sur la violence du fait guerrier, XIXe-XXIe si\u00e8cle, <\/em>Paris, \u00e9d. du F\u00e9lin, 2020.<\/p>\n<p>Vincent Azoulay et Patrick Boucheron (dir.), <em>Le mot qui tue. Une histoire des violences intellectuelles de l&rsquo;Antiquit\u00e9 \u00e0 nos jours<\/em>, Seyssel, Champ Vallon, 2009.<\/p>\n<p>Christian Biet et Marie-Madeleine Fragonard (dir.), <em>Litt\u00e9ratures Classiques<\/em>, num\u00e9ro sp\u00e9cial, <em>Le th\u00e9\u00e2tre, la violence et les arts en Europe (XVIe-XVIIe s.)<\/em>, n\u00b073, automne 2010.<\/p>\n<p>Christian Biet (dir.), <em>Th\u00e9\u00e2tre de la cruaut\u00e9 et r\u00e9cits sanglants en France XVIe-XVIIe si\u00e8cle<\/em>, Paris, Robert Laffont, 2006.<\/p>\n<p>Charlotte Bouteille-Meister et Kjerstin Aukrust (ed.),<em> Corps sanglants, souffrants et macabres (XVI<sup>e<\/sup>-XVII<sup>e<\/sup> si\u00e8cle)<\/em>, Paris, Presses Sorbonne Nouvelle, 2010.<\/p>\n<p>Philippe Buc, <em>Holy War, Martyrdom, and Terror. Christianity, Violence and the West<\/em>, Philadelphie, University of Pennsylvania Press, 2015.<\/p>\n<p>Coline Cardi et Genevi\u00e8ve Pruvost (dir.), <em>Penser la violence des femmes<\/em>, Paris, La D\u00e9couverte, 2012.<\/p>\n<p>Stuart Carroll (ed.), <em>Cultures of Violence Interpersonal Violence in Historical Perspective<\/em>, Londres, Palgrave Macmillan, 2007.<\/p>\n<p>Stuart Carroll,<em> Blood and Violence in Early Modern France<\/em>, Oxford, Oxford University Press, 2006.<\/p>\n<p>Denis Crouzet, <em>Les guerriers de Dieu. La violence au temps des troubles de religion (vers 1525 &#8211; vers 1610)<\/em>, Seyssel, Champ Vallon, 1990.<\/p>\n<p>Ren\u00e9 D\u00e9moris, Florence Ferran, Corinne Lucas Fiorato (\u00e9d.), <em>Art et violence. Vies d\u2019artistes entre XVIe et XVIIIe si\u00e8cles. Italie, France, Angleterre<\/em>, Actes du colloque international organis\u00e9 les 9 &#8211; 11d\u00e9cembre 2010, Universit\u00e9s Paris Ouest Nanterre, Sorbonne Nouvelle-Paris 3 et DEFI, 2012.<\/p>\n<p>Jacques Derrida, <em>L\u2019Ecriture et la Diff\u00e9rence<\/em>, Paris, Seuil, 1967.<\/p>\n<p>David El Kenz et Fran\u00e7ois-Xavier N\u00e9rard (dir.), <em>Comm\u00e9morer les victimes en Europe&#160;: XVIe-XXIe si\u00e8cles<\/em>, Seyssel, Champ Vallon, 2011.<\/p>\n<p>Lucien Faggion et Christophe R\u00e9gina (dir.)<em>, La violence&#160;: Regards crois\u00e9s sur une r\u00e9alit\u00e9 plurielle<\/em>, Paris, CNRS \u00c9ditions, 2010.<\/p>\n<p>Suzanne Ferri\u00e8res-Pestureau, <em>La violence \u00e0 l\u2019\u0153uvre<\/em>, Paris Les \u00e9ditions du Cerf, 2018.<\/p>\n<p>Ren\u00e9 Girard, <em>La violence et le sacr\u00e9<\/em>, Paris, Grasset, 1972.<\/p>\n<p>Fran\u00e7oise H\u00e9ritier,<em> De la violence I &amp; II<\/em>, Paris, Odile Jacob, 1996-1999.<\/p>\n<p>Richard W. Kaeuper, <em>Chivalry and Violence in Medieval Europe<\/em>, Oxford, Oxford University Press, 2001.<\/p>\n<p>Stathis N. Kalyvas, Ian Shapiro, et Tarek Masoud (ed.), <em>Order, Conflict, and Violence<\/em>, Cambridge, Cambridge University Press, 2008.<\/p>\n<p>D\u00e9borah L\u00e9vy-Bertherat et Pierre Schoentjes (dir.), <em>\u00ab&#160;J\u2019ai tu\u00e9&#160;\u00bb Violence guerri\u00e8re et fiction<\/em>, Gen\u00e8ve Droz, 2010<\/p>\n<p>Yves Michaud<em>, La violence<\/em>, \u00ab&#160;Que sais-je&#160;?&#160;\u00bb, Paris, Presses Universitaires de France, 2018.<\/p>\n<p>Robert Muchembled, <em>Une histoire de la violence<\/em>, Paris, Seuil, 2008.<\/p>\n<p>Pierre Nora (dir.), <em>Les Lieux de M\u00e9moire<\/em>, Paris, Quarto Gallimard, 1997.<\/p>\n<p>Robert Pujade et Olivier de Sagazan, <em>Propos sur la violence de l&rsquo;art, la violence dans l&rsquo;art<\/em>, Arles, L&rsquo;Art-Dit, 2010.<\/p>\n<p>Paul Ricoeur,<em> M\u00e9moire, histoire, oubli<\/em>, Paris, Seuil, 2000.<\/p>\n<p>Jacqueline de Romilly, <em>La Gr\u00e8ce Antique contre la violence<\/em>, Paris, Editions de Fallois, 2000.<\/p>\n<p>Tiphaine Samoyault, <em>Traduction et violence<\/em>, Paris, Seuil, 2020.<\/p>\n<p>Fran\u00e7oise Verg\u00e8s, <em>Une th\u00e9orie f\u00e9ministe de la violence<\/em>, Paris, La Fabrique Eds, 2020.<\/p>\n<p>Collectif, <em>Traces de la Grande Guerre<\/em>, Amiens, Les Editions de la Goutti\u00e8re, 2018.<\/p>\n<h2>Comit\u00e9 scientifique et d&rsquo;organisation<\/h2>\n<ul>\n<li><strong>Marie-Fran\u00e7oise Lemonnier-Delpy, <\/strong>Professeur des Universit\u00e9s, Universit\u00e9 de Picardie- Jules Verne, CERCLL (UR-UPJV 4283)<\/li>\n<li><strong>K\u00e9vin H\u00e9mery,<\/strong> doctorant contractuel, Universit\u00e9 de Picardie- Jules Verne, TrAme (UR-UPJV 4284),<\/li>\n<li><strong>Elisabeth Lacombe, <\/strong>doctorante contractuelle, Universit\u00e9 de Picardie- Jules Verne, CERCLL (UR-UPJV 4283)<\/li>\n<li><strong>Juliette Sauvage, <\/strong>doctorante contractuelle, Universit\u00e9 de Picardie- Jules Verne, CERCLL (UR-UPJV 4283) et, CHSSC (UR-UPJV 4289)<\/li>\n<\/ul>\n<p>Avec le soutien des laboratoires<strong> CERCLL<\/strong> (UR-UPJV 4283), <strong>TrAme<\/strong> (UR-UPJV 4284), <strong>CHSSC<\/strong> (UR-UPJV 4289) et de l&rsquo;<strong>ED-SHS 586<\/strong>.<\/p>\n<h2>R\u00e9f\u00e9rences<\/h2>\n<p><a href=\"https:\/\/calenda.org\/855633#sdendnote1anc\">i<\/a> Jacques Derrida, L\u2019\u00c9criture et la Diff\u00e9rence, Paris, Seuil, 1967.<\/p>\n<p><a href=\"https:\/\/calenda.org\/855633#sdendnote2sym\">ii<\/a> Lucien Faggion, Christophe Regina, La Violence. Regards crois\u00e9s sur une r\u00e9alit\u00e9 plurielle, Introduction, CNRS Editions, 2010, p. 13.<\/p>\n<p><a href=\"https:\/\/calenda.org\/855633#sdendnote3sym\">iii<\/a>\u00a0Annette Becker et Henry Rousso, \u00ab&#160;D&rsquo;une guerre l&rsquo;autre&#160;\u00bb in S. Audoin-Rouzeau, A. Becker, Chr. Ingrao, H. Rousso (dir.), La Violence de guerre. 1914-1945, Editions Complexe, 2002, p. 21.<\/p>\n<\/p><\/div>\n<div class=\"zn-singledetail-keywords\">\n<h3 class=\"zn-singledetail-section-title\">Mots-cl\u00e9s<\/h3>\n<ul class=\"termslist termslist-post_tag\">\n<li class=\"termslist-item termslist-title\"><span class=\"termslist-titletxt\">Mots-cl\u00e9s<\/span><span class=\"doubledot\"><\/span><\/li>\n<li class=\"termslist-item tax-post_tag term-analyse-du-discours\"><a class=\"termslist-itemlink\" href=\"https:\/\/www.sfsic.org\/en\/tag\/discourse-analysis\/\" title=\"Analyse du discours\"><span class=\"termslist-itemname\">Analyse du discours<\/span><\/a><\/li>\n<li class=\"termslist-item tax-post_tag term-doctorat\"><a class=\"termslist-itemlink\" href=\"https:\/\/www.sfsic.org\/en\/tag\/ph-d\/\" title=\"Doctorat\"><span class=\"termslist-itemname\">Doctorat<\/span><\/a><\/li>\n<li class=\"termslist-item tax-post_tag term-representations\"><a class=\"termslist-itemlink\" href=\"https:\/\/www.sfsic.org\/en\/tag\/representations\/\" title=\"Repr\u00e9sentations\"><span class=\"termslist-itemname\">Repr\u00e9sentations<\/span><\/a><\/li>\n<li class=\"termslist-item tax-post_tag term-traces\"><a class=\"termslist-itemlink\" href=\"https:\/\/www.sfsic.org\/en\/tag\/traces\/\" title=\"Traces\"><span class=\"termslist-itemname\">Traces<\/span><\/a><\/li>\n<li class=\"termslist-item tax-post_tag term-violence\"><a class=\"termslist-itemlink\" href=\"https:\/\/www.sfsic.org\/en\/tag\/violence\/\" title=\"Violence\"><span class=\"termslist-itemname\">Violence<\/span><\/a><\/li>\n<\/ul><\/div>\n<\/p><\/div>\n<\/p><\/div>\n<\/p><\/div>\n<\/p><\/div>\n<\/div>\n<p><!-- \/fxzn:singledetail --><\/p>\n","protected":false},"excerpt":{"rendered":"<p>Mis en ligne le 30 mars 2021 Informations \u00e9dit\u00e9es \u00e0 partir d\u2019une annonce Calenda. R\u00e9ponse attendue pour le 15\/06\/2021 Type de r\u00e9ponse R\u00e9sum\u00e9 Type d\u2019\u00e9v\u00e9nement Colloque Contacts Elisabeth Lacombe colloque.violences-inscrites@u-picardie.fr [&hellip;]<\/p>\n","protected":false},"author":781,"featured_media":0,"comment_status":"closed","ping_status":"closed","sticky":false,"template":"","format":"standard","meta":{"_acf_changed":false,"footnotes":""},"categories":[29,57],"tags":[189,159,455,301,459],"thematique":[],"sfsic":[],"class_list":["post-16424","post","type-post","status-publish","format-standard","hentry","category-aac-evenement","category-colloque","tag-analyse-du-discours","tag-doctorat","tag-representations","tag-traces","tag-violence","wp-sticky"],"acf":[],"yoast_head":"<!-- This site is optimized with the Yoast SEO plugin v27.4 - https:\/\/yoast.com\/product\/yoast-seo-wordpress\/ -->\n<title>Violences inscrites. Saisir les violences par leurs traces de l\u2019Antiquit\u00e9 \u00e0 nos jours.<\/title>\n<meta name=\"description\" content=\"Appel \u00e0 contribution pour un colloque inter-disciplinaire jeunes chercheur\u2219ses sur le th\u00e8me &quot;Violences inscrites. Saisir les violences par leurs traces de l\u2019Antiquit\u00e9 \u00e0 nos jours&quot;.\" \/>\n<meta name=\"robots\" content=\"index, follow, max-snippet:-1, max-image-preview:large, max-video-preview:-1\" \/>\n<link rel=\"canonical\" href=\"https:\/\/www.sfsic.org\/en\/aac-evenement\/violences-inscrites-saisir-les-violences-par-leurs-traces-de-lantiquite-a-nos-jours\/\" \/>\n<meta property=\"og:locale\" content=\"en_US\" \/>\n<meta property=\"og:type\" content=\"article\" \/>\n<meta property=\"og:title\" content=\"Violences inscrites. Saisir les violences par leurs traces de l\u2019Antiquit\u00e9 \u00e0 nos jours.\" \/>\n<meta property=\"og:description\" content=\"Appel \u00e0 contribution pour un colloque inter-disciplinaire jeunes chercheur\u2219ses sur le th\u00e8me &quot;Violences inscrites. Saisir les violences par leurs traces de l\u2019Antiquit\u00e9 \u00e0 nos jours&quot;.\" \/>\n<meta property=\"og:url\" content=\"https:\/\/www.sfsic.org\/en\/aac-evenement\/violences-inscrites-saisir-les-violences-par-leurs-traces-de-lantiquite-a-nos-jours\/\" \/>\n<meta property=\"og:site_name\" content=\"SFSIC\" \/>\n<meta property=\"article:published_time\" content=\"2021-04-01T07:50:33+00:00\" \/>\n<meta name=\"author\" content=\"Axelle Martin\" \/>\n<meta name=\"twitter:card\" content=\"summary_large_image\" \/>\n<script type=\"application\/ld+json\" class=\"yoast-schema-graph\">{\"@context\":\"https:\\\/\\\/schema.org\",\"@graph\":[{\"@type\":\"Article\",\"@id\":\"https:\\\/\\\/www.sfsic.org\\\/en\\\/aac-evenement\\\/violences-inscrites-saisir-les-violences-par-leurs-traces-de-lantiquite-a-nos-jours\\\/#article\",\"isPartOf\":{\"@id\":\"https:\\\/\\\/www.sfsic.org\\\/en\\\/aac-evenement\\\/violences-inscrites-saisir-les-violences-par-leurs-traces-de-lantiquite-a-nos-jours\\\/\"},\"author\":{\"name\":\"Axelle Martin\",\"@id\":\"https:\\\/\\\/www.sfsic.org\\\/en\\\/#\\\/schema\\\/person\\\/d3606993477708f4359fb9aeda58df3b\"},\"headline\":\"Violences inscrites. Saisir les violences par leurs traces de l\u2019Antiquit\u00e9 \u00e0 nos jours.\",\"datePublished\":\"2021-04-01T07:50:33+00:00\",\"mainEntityOfPage\":{\"@id\":\"https:\\\/\\\/www.sfsic.org\\\/en\\\/aac-evenement\\\/violences-inscrites-saisir-les-violences-par-leurs-traces-de-lantiquite-a-nos-jours\\\/\"},\"wordCount\":2258,\"publisher\":{\"@id\":\"https:\\\/\\\/www.sfsic.org\\\/en\\\/#organization\"},\"keywords\":[\"Analyse du discours\",\"Doctorat\",\"Repr\u00e9sentations\",\"Traces\",\"Violence\"],\"articleSection\":[\"AAC \u00c9v\u00e9nement\",\"Colloque\"],\"inLanguage\":\"en-US\"},{\"@type\":\"WebPage\",\"@id\":\"https:\\\/\\\/www.sfsic.org\\\/en\\\/aac-evenement\\\/violences-inscrites-saisir-les-violences-par-leurs-traces-de-lantiquite-a-nos-jours\\\/\",\"url\":\"https:\\\/\\\/www.sfsic.org\\\/en\\\/aac-evenement\\\/violences-inscrites-saisir-les-violences-par-leurs-traces-de-lantiquite-a-nos-jours\\\/\",\"name\":\"Violences inscrites. Saisir les violences par leurs traces de l\u2019Antiquit\u00e9 \u00e0 nos jours.\",\"isPartOf\":{\"@id\":\"https:\\\/\\\/www.sfsic.org\\\/en\\\/#website\"},\"datePublished\":\"2021-04-01T07:50:33+00:00\",\"description\":\"Appel \u00e0 contribution pour un colloque inter-disciplinaire jeunes chercheur\u2219ses sur le th\u00e8me \\\"Violences inscrites. Saisir les violences par leurs traces de l\u2019Antiquit\u00e9 \u00e0 nos jours\\\".\",\"breadcrumb\":{\"@id\":\"https:\\\/\\\/www.sfsic.org\\\/en\\\/aac-evenement\\\/violences-inscrites-saisir-les-violences-par-leurs-traces-de-lantiquite-a-nos-jours\\\/#breadcrumb\"},\"inLanguage\":\"en-US\",\"potentialAction\":[{\"@type\":\"ReadAction\",\"target\":[\"https:\\\/\\\/www.sfsic.org\\\/en\\\/aac-evenement\\\/violences-inscrites-saisir-les-violences-par-leurs-traces-de-lantiquite-a-nos-jours\\\/\"]}]},{\"@type\":\"BreadcrumbList\",\"@id\":\"https:\\\/\\\/www.sfsic.org\\\/en\\\/aac-evenement\\\/violences-inscrites-saisir-les-violences-par-leurs-traces-de-lantiquite-a-nos-jours\\\/#breadcrumb\",\"itemListElement\":[{\"@type\":\"ListItem\",\"position\":1,\"name\":\"Accueil\",\"item\":\"https:\\\/\\\/www.sfsic.org\\\/en\\\/\"},{\"@type\":\"ListItem\",\"position\":2,\"name\":\"Calls for Contributions\",\"item\":\"https:\\\/\\\/www.sfsic.org\\\/en\\\/cfc-event\\\/\"},{\"@type\":\"ListItem\",\"position\":3,\"name\":\"Conference\",\"item\":\"https:\\\/\\\/www.sfsic.org\\\/en\\\/cfc-event\\\/conference\\\/\"},{\"@type\":\"ListItem\",\"position\":4,\"name\":\"Violences inscrites. Saisir les violences par leurs traces de l\u2019Antiquit\u00e9 \u00e0 nos jours.\"}]},{\"@type\":\"WebSite\",\"@id\":\"https:\\\/\\\/www.sfsic.org\\\/en\\\/#website\",\"url\":\"https:\\\/\\\/www.sfsic.org\\\/en\\\/\",\"name\":\"SFSIC\",\"description\":\"Soci\u00e9t\u00e9 Fran\u00e7aise des Sciences de l&#039;Information &amp; de la Communication\",\"publisher\":{\"@id\":\"https:\\\/\\\/www.sfsic.org\\\/en\\\/#organization\"},\"potentialAction\":[{\"@type\":\"SearchAction\",\"target\":{\"@type\":\"EntryPoint\",\"urlTemplate\":\"https:\\\/\\\/www.sfsic.org\\\/en\\\/?s={search_term_string}\"},\"query-input\":{\"@type\":\"PropertyValueSpecification\",\"valueRequired\":true,\"valueName\":\"search_term_string\"}}],\"inLanguage\":\"en-US\"},{\"@type\":\"Organization\",\"@id\":\"https:\\\/\\\/www.sfsic.org\\\/en\\\/#organization\",\"name\":\"SFSIC\",\"url\":\"https:\\\/\\\/www.sfsic.org\\\/en\\\/\",\"logo\":{\"@type\":\"ImageObject\",\"inLanguage\":\"en-US\",\"@id\":\"https:\\\/\\\/www.sfsic.org\\\/en\\\/#\\\/schema\\\/logo\\\/image\\\/\",\"url\":\"https:\\\/\\\/www.sfsic.org\\\/wp-inside\\\/uploads\\\/2020\\\/05\\\/logo-sfsic.jpg\",\"contentUrl\":\"https:\\\/\\\/www.sfsic.org\\\/wp-inside\\\/uploads\\\/2020\\\/05\\\/logo-sfsic.jpg\",\"width\":1085,\"height\":1080,\"caption\":\"SFSIC\"},\"image\":{\"@id\":\"https:\\\/\\\/www.sfsic.org\\\/en\\\/#\\\/schema\\\/logo\\\/image\\\/\"}},{\"@type\":\"Person\",\"@id\":\"https:\\\/\\\/www.sfsic.org\\\/en\\\/#\\\/schema\\\/person\\\/d3606993477708f4359fb9aeda58df3b\",\"name\":\"Axelle Martin\",\"image\":{\"@type\":\"ImageObject\",\"inLanguage\":\"en-US\",\"@id\":\"https:\\\/\\\/secure.gravatar.com\\\/avatar\\\/1065035eb5e480668fbf77e163c2e86f81ac342eaad4c8783acdf4a63f3c917b?s=96&d=mm&r=g\",\"url\":\"https:\\\/\\\/secure.gravatar.com\\\/avatar\\\/1065035eb5e480668fbf77e163c2e86f81ac342eaad4c8783acdf4a63f3c917b?s=96&d=mm&r=g\",\"contentUrl\":\"https:\\\/\\\/secure.gravatar.com\\\/avatar\\\/1065035eb5e480668fbf77e163c2e86f81ac342eaad4c8783acdf4a63f3c917b?s=96&d=mm&r=g\",\"caption\":\"Axelle Martin\"},\"sameAs\":[\"@antropocominside\"]}]}<\/script>\n<!-- \/ Yoast SEO plugin. -->","yoast_head_json":{"title":"Violences inscrites. Saisir les violences par leurs traces de l\u2019Antiquit\u00e9 \u00e0 nos jours.","description":"Appel \u00e0 contribution pour un colloque inter-disciplinaire jeunes chercheur\u2219ses sur le th\u00e8me \"Violences inscrites. Saisir les violences par leurs traces de l\u2019Antiquit\u00e9 \u00e0 nos jours\".","robots":{"index":"index","follow":"follow","max-snippet":"max-snippet:-1","max-image-preview":"max-image-preview:large","max-video-preview":"max-video-preview:-1"},"canonical":"https:\/\/www.sfsic.org\/en\/aac-evenement\/violences-inscrites-saisir-les-violences-par-leurs-traces-de-lantiquite-a-nos-jours\/","og_locale":"en_US","og_type":"article","og_title":"Violences inscrites. Saisir les violences par leurs traces de l\u2019Antiquit\u00e9 \u00e0 nos jours.","og_description":"Appel \u00e0 contribution pour un colloque inter-disciplinaire jeunes chercheur\u2219ses sur le th\u00e8me \"Violences inscrites. Saisir les violences par leurs traces de l\u2019Antiquit\u00e9 \u00e0 nos jours\".","og_url":"https:\/\/www.sfsic.org\/en\/aac-evenement\/violences-inscrites-saisir-les-violences-par-leurs-traces-de-lantiquite-a-nos-jours\/","og_site_name":"SFSIC","article_published_time":"2021-04-01T07:50:33+00:00","author":"Axelle Martin","twitter_card":"summary_large_image","schema":{"@context":"https:\/\/schema.org","@graph":[{"@type":"Article","@id":"https:\/\/www.sfsic.org\/en\/aac-evenement\/violences-inscrites-saisir-les-violences-par-leurs-traces-de-lantiquite-a-nos-jours\/#article","isPartOf":{"@id":"https:\/\/www.sfsic.org\/en\/aac-evenement\/violences-inscrites-saisir-les-violences-par-leurs-traces-de-lantiquite-a-nos-jours\/"},"author":{"name":"Axelle Martin","@id":"https:\/\/www.sfsic.org\/en\/#\/schema\/person\/d3606993477708f4359fb9aeda58df3b"},"headline":"Violences inscrites. Saisir les violences par leurs traces de l\u2019Antiquit\u00e9 \u00e0 nos jours.","datePublished":"2021-04-01T07:50:33+00:00","mainEntityOfPage":{"@id":"https:\/\/www.sfsic.org\/en\/aac-evenement\/violences-inscrites-saisir-les-violences-par-leurs-traces-de-lantiquite-a-nos-jours\/"},"wordCount":2258,"publisher":{"@id":"https:\/\/www.sfsic.org\/en\/#organization"},"keywords":["Analyse du discours","Doctorat","Repr\u00e9sentations","Traces","Violence"],"articleSection":["AAC \u00c9v\u00e9nement","Colloque"],"inLanguage":"en-US"},{"@type":"WebPage","@id":"https:\/\/www.sfsic.org\/en\/aac-evenement\/violences-inscrites-saisir-les-violences-par-leurs-traces-de-lantiquite-a-nos-jours\/","url":"https:\/\/www.sfsic.org\/en\/aac-evenement\/violences-inscrites-saisir-les-violences-par-leurs-traces-de-lantiquite-a-nos-jours\/","name":"Violences inscrites. Saisir les violences par leurs traces de l\u2019Antiquit\u00e9 \u00e0 nos jours.","isPartOf":{"@id":"https:\/\/www.sfsic.org\/en\/#website"},"datePublished":"2021-04-01T07:50:33+00:00","description":"Appel \u00e0 contribution pour un colloque inter-disciplinaire jeunes chercheur\u2219ses sur le th\u00e8me \"Violences inscrites. Saisir les violences par leurs traces de l\u2019Antiquit\u00e9 \u00e0 nos jours\".","breadcrumb":{"@id":"https:\/\/www.sfsic.org\/en\/aac-evenement\/violences-inscrites-saisir-les-violences-par-leurs-traces-de-lantiquite-a-nos-jours\/#breadcrumb"},"inLanguage":"en-US","potentialAction":[{"@type":"ReadAction","target":["https:\/\/www.sfsic.org\/en\/aac-evenement\/violences-inscrites-saisir-les-violences-par-leurs-traces-de-lantiquite-a-nos-jours\/"]}]},{"@type":"BreadcrumbList","@id":"https:\/\/www.sfsic.org\/en\/aac-evenement\/violences-inscrites-saisir-les-violences-par-leurs-traces-de-lantiquite-a-nos-jours\/#breadcrumb","itemListElement":[{"@type":"ListItem","position":1,"name":"Accueil","item":"https:\/\/www.sfsic.org\/en\/"},{"@type":"ListItem","position":2,"name":"Calls for Contributions","item":"https:\/\/www.sfsic.org\/en\/cfc-event\/"},{"@type":"ListItem","position":3,"name":"Conference","item":"https:\/\/www.sfsic.org\/en\/cfc-event\/conference\/"},{"@type":"ListItem","position":4,"name":"Violences inscrites. Saisir les violences par leurs traces de l\u2019Antiquit\u00e9 \u00e0 nos jours."}]},{"@type":"WebSite","@id":"https:\/\/www.sfsic.org\/en\/#website","url":"https:\/\/www.sfsic.org\/en\/","name":"SFSIC","description":"Soci\u00e9t\u00e9 Fran\u00e7aise des Sciences de l&#039;Information &amp; de la Communication","publisher":{"@id":"https:\/\/www.sfsic.org\/en\/#organization"},"potentialAction":[{"@type":"SearchAction","target":{"@type":"EntryPoint","urlTemplate":"https:\/\/www.sfsic.org\/en\/?s={search_term_string}"},"query-input":{"@type":"PropertyValueSpecification","valueRequired":true,"valueName":"search_term_string"}}],"inLanguage":"en-US"},{"@type":"Organization","@id":"https:\/\/www.sfsic.org\/en\/#organization","name":"SFSIC","url":"https:\/\/www.sfsic.org\/en\/","logo":{"@type":"ImageObject","inLanguage":"en-US","@id":"https:\/\/www.sfsic.org\/en\/#\/schema\/logo\/image\/","url":"https:\/\/www.sfsic.org\/wp-inside\/uploads\/2020\/05\/logo-sfsic.jpg","contentUrl":"https:\/\/www.sfsic.org\/wp-inside\/uploads\/2020\/05\/logo-sfsic.jpg","width":1085,"height":1080,"caption":"SFSIC"},"image":{"@id":"https:\/\/www.sfsic.org\/en\/#\/schema\/logo\/image\/"}},{"@type":"Person","@id":"https:\/\/www.sfsic.org\/en\/#\/schema\/person\/d3606993477708f4359fb9aeda58df3b","name":"Axelle Martin","image":{"@type":"ImageObject","inLanguage":"en-US","@id":"https:\/\/secure.gravatar.com\/avatar\/1065035eb5e480668fbf77e163c2e86f81ac342eaad4c8783acdf4a63f3c917b?s=96&d=mm&r=g","url":"https:\/\/secure.gravatar.com\/avatar\/1065035eb5e480668fbf77e163c2e86f81ac342eaad4c8783acdf4a63f3c917b?s=96&d=mm&r=g","contentUrl":"https:\/\/secure.gravatar.com\/avatar\/1065035eb5e480668fbf77e163c2e86f81ac342eaad4c8783acdf4a63f3c917b?s=96&d=mm&r=g","caption":"Axelle Martin"},"sameAs":["@antropocominside"]}]}},"_links":{"self":[{"href":"https:\/\/www.sfsic.org\/en\/wp-json\/wp\/v2\/posts\/16424","targetHints":{"allow":["GET"]}}],"collection":[{"href":"https:\/\/www.sfsic.org\/en\/wp-json\/wp\/v2\/posts"}],"about":[{"href":"https:\/\/www.sfsic.org\/en\/wp-json\/wp\/v2\/types\/post"}],"author":[{"embeddable":true,"href":"https:\/\/www.sfsic.org\/en\/wp-json\/wp\/v2\/users\/781"}],"replies":[{"embeddable":true,"href":"https:\/\/www.sfsic.org\/en\/wp-json\/wp\/v2\/comments?post=16424"}],"version-history":[{"count":5,"href":"https:\/\/www.sfsic.org\/en\/wp-json\/wp\/v2\/posts\/16424\/revisions"}],"predecessor-version":[{"id":16431,"href":"https:\/\/www.sfsic.org\/en\/wp-json\/wp\/v2\/posts\/16424\/revisions\/16431"}],"wp:attachment":[{"href":"https:\/\/www.sfsic.org\/en\/wp-json\/wp\/v2\/media?parent=16424"}],"wp:term":[{"taxonomy":"category","embeddable":true,"href":"https:\/\/www.sfsic.org\/en\/wp-json\/wp\/v2\/categories?post=16424"},{"taxonomy":"post_tag","embeddable":true,"href":"https:\/\/www.sfsic.org\/en\/wp-json\/wp\/v2\/tags?post=16424"},{"taxonomy":"thematique","embeddable":true,"href":"https:\/\/www.sfsic.org\/en\/wp-json\/wp\/v2\/thematique?post=16424"},{"taxonomy":"sfsic","embeddable":true,"href":"https:\/\/www.sfsic.org\/en\/wp-json\/wp\/v2\/sfsic?post=16424"}],"curies":[{"name":"wp","href":"https:\/\/api.w.org\/{rel}","templated":true}]}}