{"id":16224,"date":"2021-03-20T10:02:02","date_gmt":"2021-03-20T09:02:02","guid":{"rendered":"https:\/\/www.sfsic.org\/?p=16224"},"modified":"2021-03-18T09:12:58","modified_gmt":"2021-03-18T08:12:58","slug":"etudier-les-pratiques-numeriques-au-sein-des-communautes-scientifiques","status":"publish","type":"post","link":"https:\/\/www.sfsic.org\/en\/aac-evenement\/etudier-les-pratiques-numeriques-au-sein-des-communautes-scientifiques\/","title":{"rendered":"\u00c9tudier les pratiques num\u00e9riques au sein des communaut\u00e9s scientifiques"},"content":{"rendered":"<p><!-- fxzn:singledetail --><\/p>\n<div class=\"zone zn-singledetail\" id=\"fxzn-singledetail-1\">\n<div class=\"zone-block zn-singledetail-block alignwide va-top\">\n<div class=\"row\">\n<div class=\"columns large-8 large-push-4\">\n<div class=\"zn-singledetail-metabox\">\n<div class=\"zn-singledetail-pubdate pubdate\">\n\t\t\t\t\t<span class=\"pubdate-txt\">Mis en ligne le<\/span><span class=\"doubledot\"><\/span> 17 mars 2021\t\t\t\t<\/div>\n<p class=\"zn-singledetail-calenda-info\">\n\t\t\t\t\t\tInformations \u00e9dit\u00e9es \u00e0 partir d\u2019une annonce <a class=\"calenda-link prettylink\" href=\"https:\/\/calenda.org\/855899\" target=\"_blank\" rel=\"noopener\"><strong>Calenda<\/strong><\/a>.\t\t\t\t\t<\/p>\n<div class=\"zn-singledetail-thematiques with-sep-comma\">\n<ul class=\"termslist termslist-thematique\">\n<li class=\"termslist-item termslist-title\"><span class=\"termslist-titletxt\">Th\u00e9matiques<\/span><span class=\"doubledot\"><\/span><\/li>\n<li class=\"termslist-item tax-thematique term-numerique-strategies-dispositifs-usages\"><a class=\"termslist-itemlink\" href=\"\/?thematique=numerique-strategies-dispositifs-usages\" title=\"Num\u00e9rique : strat\u00e9gies, dispositifs et usages\"><span class=\"termslist-itemname\">Num\u00e9rique : strat\u00e9gies, dispositifs et usages<\/span><\/a><\/li>\n<li class=\"termslist-item tax-thematique term-organisation-des-connaissances\"><a class=\"termslist-itemlink\" href=\"https:\/\/www.sfsic.org\/en\/thematiques\/knowledge-organisation\/\" title=\"Organisation des connaissances\"><span class=\"termslist-itemname\">Organisation des connaissances<\/span><\/a><\/li>\n<\/ul><\/div>\n<\/p><\/div>\n<\/p><\/div>\n<\/p><\/div>\n<div class=\"row\">\n<div class=\"columns large-4\">\n<div class=\"zn-singledetail-sidebar bg-cornersquares\">\n<div class=\"zn-singledetail-infos\">\n<p class=\"zn-singledetail-reponse-date\">\n\t\t\t\t\t\t<span>R\u00e9ponse attendue pour le<\/span><span class=\"doubledot\"><\/span> <strong>19\/04\/2021<\/strong>\n\t\t\t\t\t<\/p>\n<p class=\"zn-singledetail-reponse-type\">\n\t\t\t\t\t<span>Type de r\u00e9ponse<\/span><span class=\"doubledot\"><\/span> <strong>R\u00e9sum\u00e9<\/strong>\n\t\t\t\t\t<\/p>\n<p class=\"zn-singledetail-type\">\n\t\t\t\t\t\t\t<span>Type d\u2019\u00e9v\u00e9nement<\/span><span class=\"doubledot\"><\/span> <strong>Colloque<\/strong>\n\t\t\t\t\t<\/p>\n<\/p><\/div>\n<div class=\"zn-singledetail-contacts\">\n<h3 class=\"zn-singledetail-section-title\">Contacts<\/h3>\n<ul class=\"zn-singledetail-contacts-list\">\n<li class=\"zn-singledetail-contact\">\n\t\t\t\t\t\t\t<span class=\"zn-singledetail-contact-name\">Mariannig Le B\u00e9chec <\/span><span class=\"doubledot\"><\/span><br \/>\n\t\t\t\t\t\t\t\t\t\t\t\t\t\t<a class=\"zn-singledetail-contact-mail prettylink\" href=\"mailto:mariannig.le-bechec@univ-lyon1.fr\">mariannig.le-bechec@univ-lyon1.fr<\/a>\n\t\t\t\t\t\t\t\t\t\t\t\t\t<\/li>\n<\/ul><\/div>\n<div class=\"zn-singledetail-weblinks\">\n<h3 class=\"zn-singledetail-section-title\">Sites internet de r\u00e9f\u00e9rence<\/h3>\n<ul class=\"zn-singledetail-weblinks-list\">\n<li>\n\t\t\t\t\t\t\t<a class=\"prettylink chainlink\" href=\"https:\/\/opensp.sciencesconf.org\/\" title=\"\" target=\"_blank\" rel=\"noopener\">Site de Open Science Practice<\/a>\n\t\t\t\t\t\t<\/li>\n<\/ul><\/div>\n<\/p><\/div>\n<\/p><\/div>\n<div class=\"columns large-8\">\n<div class=\"zn-singledetail-contentbox\">\n<div class=\"zn-singledetail-eventinfo\">\n<div class=\"zn-singledetail-eventinfo-inner\">\n<div class=\"zn-singledetail-eventdates\">\n\t\t\t\t\t\t<span class=\"zn-singledetail-label\">Dates de l\u2019\u00e9v\u00e9nement<span class=\"doubledot\"><\/span><\/span><\/p>\n<ul class=\"zn-singledetail-eventdates-list\">\n<li class=\"zn-singledetail-eventdates-item\">\n\t\t\t\t\t\t\t\tDu 24\/06\/2021 au 24\/06\/2021\t\t\t\t\t\t\t<\/li>\n<\/ul><\/div>\n<p class=\"zn-singledetail-eventplace\">\n\t\t\t\t\t\t<span class=\"zn-singledetail-label\">Lieu de l\u2019\u00e9v\u00e9nement<span class=\"doubledot\"><\/span><\/span><br \/>\n\t\t\t\t\t\t<span class=\"zn-singledetail-eventplace-adr\"><\/p>\n<p>\t\t\t\t\t\t\t\t\t\t\t\t<span class=\"adr-place\">En ligne<\/span>,<\/p>\n<p>\t\t\t\t\t\t<\/span>\t\t\t\t\t<\/p>\n<\/p><\/div>\n<\/p><\/div>\n<div class=\"zn-singledetail-annonce wig-content\">\n<p>Les contributions attendues ne se focalisent pas sur une discipline. Les \u00e9quipes qui ont port\u00e9 des enqu\u00eates sur les pratiques num\u00e9riques des chercheurs ou autour des donn\u00e9es de la recherche peuvent \u00eatre de la m\u00eame discipline ou pluridisciplinaires. Il est \u00e9galement attendu des propositions de personnel d&rsquo;appui \u00e0 la recherche ou des professionnels de l&rsquo;information qui ont men\u00e9 des enqu\u00eates ou souhaitent en d\u00e9velopper.<\/p>\n<p>Les propositions pourront exposer des enqu\u00eates selon des \u00e9chelles d&rsquo;observations trans-nationales, nationales ou \u00e0 l&rsquo;\u00e9chelle d&rsquo;un regroupement d&rsquo;\u00e9tablissements ou d&rsquo;un \u00e9tablissement de l&rsquo;enseignement sup\u00e9rieur et de la recherche.<\/p>\n<p>Les propositions doivent soulever des enjeux r\u00e9flexifs, \u00e9thiques et m\u00e9thodologiques, li\u00e9s aux diff\u00e9rences disciplinaires, \u00e0 l&rsquo;acculturation des r\u00e9pondants, \u00e0 la d\u00e9finition des termes, aux cat\u00e9gories, aux classifications mobilis\u00e9es et aux choix techniques. Elles doivent \u00e9galement prendre en compte la r\u00e9ception de ces enqu\u00eates aupr\u00e8s des publics d&rsquo;enqu\u00eat\u00e9.e.s et plus largement des publics concern\u00e9s ou des pilotes des organismes de recherche. L\u2019objectif est de proposer un espace de discussion sur les repr\u00e9sentations des chercheurs issues de ces enqu\u00eates et d&rsquo;interroger les modalit\u00e9s d&rsquo;\u00e9valuation que ces enqu\u00eates peuvent mettre en place.<\/p>\n<p>Les m\u00e9thodes qu&rsquo;elles soient quantitatives ou qualitatives reposent sur des choix men\u00e9s par les \u00e9quipes de recherche que nous souhaiterions examiner tant dans les difficult\u00e9s rencontr\u00e9es dans la cadre de la conception, de la passation que de l&rsquo;analyse. La compl\u00e9mentarit\u00e9 par des m\u00e9thodes mixtes peut \u00eatre une contribution importante pour les \u00e9changes.<\/p>\n<p>Il est attendu des propositions qu\u2019elles mettent en avant leur angle d&rsquo;observation, notamment par leur champ disciplinaire, les publics cibl\u00e9s ou l&rsquo;environnement de la passation et qu&rsquo;elles s&rsquo;appuient sur un corpus de r\u00e9sultats le plus accessible possible.\u00a0 Les m\u00e9thodes d&rsquo;analyse, les logiciels mobilis\u00e9s permettront de contextualiser les critiques potentielles autour de ces enqu\u00eates.<\/p>\n<p>Au-del\u00e0 des enqu\u00eates, autour des pratiques num\u00e9riques dans les communaut\u00e9s scientifiques, la multiplicit\u00e9 des logiciels accessibles, conduisent \u00e0 cr\u00e9er des bases d&rsquo;outils num\u00e9riques pour orienter les choix des chercheurs. Ces bases sont mises \u00e0 disposition des communaut\u00e9s scientifiques selon des formats divers. Les propositions attendues apporteront une r\u00e9flexion sur les enjeux de la communication de ces bases, sur la granularit\u00e9 \u00e0 adopter dans leur description, les classifications \u00e0 d\u00e9velopper et leurs usages.<\/p>\n<h2>Axes th\u00e9matiques<\/h2>\n<p>L\u2019appel \u00e0 participation attend des propositions s\u2019int\u00e9ressant aux sujets suivants&#160;:<\/p>\n<ul>\n<li>Les enjeux <strong>\u00e9pist\u00e9mologiques<\/strong> et <strong>\u00e9thiques<\/strong> de l\u2019observation, de l\u2019analyse, de la repr\u00e9sentation et de la communication sur les pratiques des communaut\u00e9s scientifiques<\/li>\n<li>Les enjeux <strong>m\u00e9thodologiques<\/strong> selon que les approches soient quantitatives, qualitatives ou mixtes<\/li>\n<li>Les enjeux de <strong>visualisation<\/strong> des r\u00e9sultats<\/li>\n<li>Les enjeux de <strong>reproductibilit\u00e9<\/strong> et d&rsquo;<strong>accessibilit\u00e9<\/strong> des r\u00e9sultats (donn\u00e9es, code source) selon les contraintes l\u00e9gales<\/li>\n<li>Les enjeux de <strong>mise en r\u00e9cit<\/strong> de pratiques collectives dans le cadre d&rsquo;une observation individuelle<\/li>\n<li>Les enjeux de <strong>r\u00e9ception<\/strong> de ces enqu\u00eates dans leur caract\u00e8re \u00e9valuatif, prescriptif voire performatif<\/li>\n<li>Les enjeux de <strong>prescription<\/strong> dans le d\u00e9veloppement d&rsquo;applications, ou toute autre solution de classification des logiciels ou autres services num\u00e9riques \u00e0 destination des communaut\u00e9s scientifiques<\/li>\n<\/ul>\n<p>Il est possible de proposer des communications sur des projets en cours ou finalis\u00e9s.<\/p>\n<h2>Modalit\u00e9s de participation au colloque<\/h2>\n<ul>\n<li>une communication \u00ab&#160;longue&#160;\u00bb<\/li>\n<li>une pr\u00e9sentation courte d&rsquo;\u00e9tudes ou d&rsquo;enqu\u00eates en cours<\/li>\n<li>une pr\u00e9sentation courte de solutions num\u00e9riques (sites web, blog, git de mise en valeur de r\u00e9sultats d&rsquo;enqu\u00eates, de classification d&rsquo;outils, logiciels, etc.)<\/li>\n<\/ul>\n<p>Pr\u00e9sentation longue (20 minutes et 10 minutes de discussion) et pr\u00e9sentation courte (10 minutes lors d&rsquo;une session d&rsquo;\u00e9change). Pour chaque proposition s\u00e9lectionn\u00e9e, l&rsquo;un ou l&rsquo;une des auteurs ou autrices s\u2019engage \u00e0 s\u2019inscrire au colloque et \u00e0 pr\u00e9senter sa communication.<\/p>\n<h2>\u00a0Informations compl\u00e9mentaires<\/h2>\n<ul>\n<li>Le colloque sera en visioconf\u00e9rences et film\u00e9 pour une potentielle valorisation ult\u00e9rieure<\/li>\n<\/ul>\n<h2>\u00a0Calendrier<\/h2>\n<ul>\n<li><strong>19 avril 2021&#160;:<\/strong> date limite de soumission (1500 caract\u00e8res maximum) par <a href=\"https:\/\/opensp.sciencesconf.org\/\">ScienceConf<\/a><\/li>\n<li>19 mai 2021&#160;: R\u00e9ponse du comit\u00e9 scientifique aux autrices et auteurs<\/li>\n<li>14 juin 2021&#160;: R\u00e9ception des textes finaux des propositions (10 000 \u00e0 15 000 signes textes longs, 10 000 signes maximum textes courts) retenues<\/li>\n<li>24 juin 2021&#160;: Colloque en visioconf\u00e9rence<\/li>\n<\/ul>\n<h2>Valorisation envisag\u00e9e<\/h2>\n<p>Un recueil des textes de l\u2019ensemble des propositions retenues sera mis en ligne sur le site du colloque et d\u00e9pos\u00e9 sur l\u2019archive ouverte HalSHS.<\/p>\n<p>Une s\u00e9lection de communications sera invit\u00e9e \u00e0 participer \u00e0 une <strong>dataparty<\/strong> organis\u00e9 le 25 juin 2021 \u00e0 Lyon en pr\u00e9sentiel si les conditions sanitaires le permettent.<\/p>\n<h2>Comit\u00e9 Scientifique<\/h2>\n<ul>\n<li>Christophe Boudry (URFIST de Paris, Ecole nationale des chartes&#160;; Universit\u00e9 de Caen Normandie)<\/li>\n<li>Violaine Louvet (UAR 3758 &#8211; GRICAD)<\/li>\n<li>Olivier Le Deuff (MICA &#8211; Universit\u00e9 Bordeaux Montaigne)<\/li>\n<li>Mabrouka El Hachani (Elico &#8211; Universit\u00e9 Lyon 3)<\/li>\n<li>Hadi Quesneville (UR INRAE\u00a01164 &#8211;\u00a0Unit\u00e9 de Recherches en G\u00e9nomique-Info)<\/li>\n<li>Sandrine Wolff (BETA &#8211; Universit\u00e9 de Strasbourg)<\/li>\n<\/ul>\n<h2>Comit\u00e9 d&rsquo;organisation<\/h2>\n<ul>\n<li>Aline Bouchard (Urfist de Paris, \u00c9cole nationale des chartes)<\/li>\n<li>Claire Denecker (Urfist de Lyon, Universit\u00e9 Claude Bernard Lyon 1)<\/li>\n<li>Valentyna Dymytrova (ELICO, Universit\u00e9 Lyon 3)<\/li>\n<li>Gabriel Gallezot (Urfist M\u00e9diterran\u00e9e, Universit\u00e9 C\u00f4te d&rsquo;Azur)<\/li>\n<li>Mariannig Le B\u00e9chec (ELICO, Universit\u00e9 Claude Bernard Lyon 1)<\/li>\n<li>St\u00e9phanie Rennes (INRAE, UMR BETA Universit\u00e9 de Strasbourg)<\/li>\n<\/ul><\/div>\n<div class=\"zn-singledetail-keywords\">\n<h3 class=\"zn-singledetail-section-title\">Mots-cl\u00e9s<\/h3>\n<ul class=\"termslist termslist-post_tag\">\n<li class=\"termslist-item termslist-title\"><span class=\"termslist-titletxt\">Mots-cl\u00e9s<\/span><span class=\"doubledot\"><\/span><\/li>\n<li class=\"termslist-item tax-post_tag term-donnees\"><a class=\"termslist-itemlink\" href=\"https:\/\/www.sfsic.org\/en\/tag\/data\/\" title=\"Donn\u00e9es\"><span class=\"termslist-itemname\">Donn\u00e9es<\/span><\/a><\/li>\n<li class=\"termslist-item tax-post_tag term-epistemologie\"><a class=\"termslist-itemlink\" href=\"https:\/\/www.sfsic.org\/en\/tag\/epistemologie\/\" title=\"\u00e9pist\u00e9mologie\"><span class=\"termslist-itemname\">\u00e9pist\u00e9mologie<\/span><\/a><\/li>\n<li class=\"termslist-item tax-post_tag term-numerique\"><a class=\"termslist-itemlink\" href=\"https:\/\/www.sfsic.org\/en\/tag\/digital\/\" title=\"Num\u00e9rique\"><span class=\"termslist-itemname\">Num\u00e9rique<\/span><\/a><\/li>\n<li class=\"termslist-item tax-post_tag term-sciences\"><a class=\"termslist-itemlink\" href=\"https:\/\/www.sfsic.org\/en\/tag\/science\/\" title=\"Sciences\"><span class=\"termslist-itemname\">Sciences<\/span><\/a><\/li>\n<\/ul><\/div>\n<\/p><\/div>\n<\/p><\/div>\n<\/p><\/div>\n<\/p><\/div>\n<\/div>\n<p><!-- \/fxzn:singledetail --><\/p>\n","protected":false},"excerpt":{"rendered":"<p>Mis en ligne le 17 mars 2021 Informations \u00e9dit\u00e9es \u00e0 partir d\u2019une annonce Calenda. Th\u00e9matiques Num\u00e9rique : strat\u00e9gies, dispositifs et usages Organisation des connaissances R\u00e9ponse attendue pour le 19\/04\/2021 Type [&hellip;]<\/p>\n","protected":false},"author":781,"featured_media":0,"comment_status":"closed","ping_status":"closed","sticky":false,"template":"","format":"standard","meta":{"_acf_changed":false,"footnotes":""},"categories":[29,57],"tags":[128,407,90,93],"thematique":[39,42],"sfsic":[],"class_list":["post-16224","post","type-post","status-publish","format-standard","hentry","category-aac-evenement","category-colloque","tag-donnees","tag-epistemologie","tag-numerique","tag-sciences","thematique-numerique-strategies-dispositifs-et-usages","thematique-organisation-des-connaissances","wp-sticky"],"acf":[],"yoast_head":"<!-- This site is optimized with the Yoast SEO plugin v27.4 - https:\/\/yoast.com\/product\/yoast-seo-wordpress\/ -->\n<title>\u00c9tudier les pratiques num\u00e9riques au sein des communaut\u00e9s scientifiques<\/title>\n<meta name=\"description\" content=\"Appel \u00e0 contribution pour un colloque qui se d\u00e9roulera en ligne sur le th\u00e8me &quot;\u00c9tudier les pratiques num\u00e9riques au sein des communaut\u00e9s scientifiques. Regards sur les outils et les donn\u00e9es au prisme de la science ouverte&quot;.\" \/>\n<meta name=\"robots\" content=\"index, follow, max-snippet:-1, max-image-preview:large, max-video-preview:-1\" \/>\n<link rel=\"canonical\" href=\"https:\/\/www.sfsic.org\/en\/aac-evenement\/etudier-les-pratiques-numeriques-au-sein-des-communautes-scientifiques\/\" \/>\n<meta property=\"og:locale\" content=\"en_US\" \/>\n<meta property=\"og:type\" content=\"article\" \/>\n<meta property=\"og:title\" content=\"\u00c9tudier les pratiques num\u00e9riques au sein des communaut\u00e9s scientifiques\" \/>\n<meta property=\"og:description\" content=\"Appel \u00e0 contribution pour un colloque qui se d\u00e9roulera en ligne sur le th\u00e8me &quot;\u00c9tudier les pratiques num\u00e9riques au sein des communaut\u00e9s scientifiques. Regards sur les outils et les donn\u00e9es au prisme de la science ouverte&quot;.\" \/>\n<meta property=\"og:url\" content=\"https:\/\/www.sfsic.org\/en\/aac-evenement\/etudier-les-pratiques-numeriques-au-sein-des-communautes-scientifiques\/\" \/>\n<meta property=\"og:site_name\" content=\"SFSIC\" \/>\n<meta property=\"article:published_time\" content=\"2021-03-20T09:02:02+00:00\" \/>\n<meta name=\"author\" content=\"Axelle Martin\" \/>\n<meta name=\"twitter:card\" content=\"summary_large_image\" \/>\n<script type=\"application\/ld+json\" class=\"yoast-schema-graph\">{\"@context\":\"https:\\\/\\\/schema.org\",\"@graph\":[{\"@type\":\"Article\",\"@id\":\"https:\\\/\\\/www.sfsic.org\\\/en\\\/aac-evenement\\\/etudier-les-pratiques-numeriques-au-sein-des-communautes-scientifiques\\\/#article\",\"isPartOf\":{\"@id\":\"https:\\\/\\\/www.sfsic.org\\\/en\\\/aac-evenement\\\/etudier-les-pratiques-numeriques-au-sein-des-communautes-scientifiques\\\/\"},\"author\":{\"name\":\"Axelle Martin\",\"@id\":\"https:\\\/\\\/www.sfsic.org\\\/en\\\/#\\\/schema\\\/person\\\/d3606993477708f4359fb9aeda58df3b\"},\"headline\":\"\u00c9tudier les pratiques num\u00e9riques au sein des communaut\u00e9s scientifiques\",\"datePublished\":\"2021-03-20T09:02:02+00:00\",\"mainEntityOfPage\":{\"@id\":\"https:\\\/\\\/www.sfsic.org\\\/en\\\/aac-evenement\\\/etudier-les-pratiques-numeriques-au-sein-des-communautes-scientifiques\\\/\"},\"wordCount\":1016,\"publisher\":{\"@id\":\"https:\\\/\\\/www.sfsic.org\\\/en\\\/#organization\"},\"keywords\":[\"Donn\u00e9es\",\"\u00e9pist\u00e9mologie\",\"Num\u00e9rique\",\"Sciences\"],\"articleSection\":[\"AAC \u00c9v\u00e9nement\",\"Colloque\"],\"inLanguage\":\"en-US\"},{\"@type\":\"WebPage\",\"@id\":\"https:\\\/\\\/www.sfsic.org\\\/en\\\/aac-evenement\\\/etudier-les-pratiques-numeriques-au-sein-des-communautes-scientifiques\\\/\",\"url\":\"https:\\\/\\\/www.sfsic.org\\\/en\\\/aac-evenement\\\/etudier-les-pratiques-numeriques-au-sein-des-communautes-scientifiques\\\/\",\"name\":\"\u00c9tudier les pratiques num\u00e9riques au sein des communaut\u00e9s scientifiques\",\"isPartOf\":{\"@id\":\"https:\\\/\\\/www.sfsic.org\\\/en\\\/#website\"},\"datePublished\":\"2021-03-20T09:02:02+00:00\",\"description\":\"Appel \u00e0 contribution pour un colloque qui se d\u00e9roulera en ligne sur le th\u00e8me \\\"\u00c9tudier les pratiques num\u00e9riques au sein des communaut\u00e9s scientifiques. Regards sur les outils et les donn\u00e9es au prisme de la science ouverte\\\".\",\"breadcrumb\":{\"@id\":\"https:\\\/\\\/www.sfsic.org\\\/en\\\/aac-evenement\\\/etudier-les-pratiques-numeriques-au-sein-des-communautes-scientifiques\\\/#breadcrumb\"},\"inLanguage\":\"en-US\",\"potentialAction\":[{\"@type\":\"ReadAction\",\"target\":[\"https:\\\/\\\/www.sfsic.org\\\/en\\\/aac-evenement\\\/etudier-les-pratiques-numeriques-au-sein-des-communautes-scientifiques\\\/\"]}]},{\"@type\":\"BreadcrumbList\",\"@id\":\"https:\\\/\\\/www.sfsic.org\\\/en\\\/aac-evenement\\\/etudier-les-pratiques-numeriques-au-sein-des-communautes-scientifiques\\\/#breadcrumb\",\"itemListElement\":[{\"@type\":\"ListItem\",\"position\":1,\"name\":\"Accueil\",\"item\":\"https:\\\/\\\/www.sfsic.org\\\/en\\\/\"},{\"@type\":\"ListItem\",\"position\":2,\"name\":\"Calls for Contributions\",\"item\":\"https:\\\/\\\/www.sfsic.org\\\/en\\\/cfc-event\\\/\"},{\"@type\":\"ListItem\",\"position\":3,\"name\":\"Conference\",\"item\":\"https:\\\/\\\/www.sfsic.org\\\/en\\\/cfc-event\\\/conference\\\/\"},{\"@type\":\"ListItem\",\"position\":4,\"name\":\"\u00c9tudier les pratiques num\u00e9riques au sein des communaut\u00e9s scientifiques\"}]},{\"@type\":\"WebSite\",\"@id\":\"https:\\\/\\\/www.sfsic.org\\\/en\\\/#website\",\"url\":\"https:\\\/\\\/www.sfsic.org\\\/en\\\/\",\"name\":\"SFSIC\",\"description\":\"Soci\u00e9t\u00e9 Fran\u00e7aise des Sciences de l&#039;Information &amp; de la Communication\",\"publisher\":{\"@id\":\"https:\\\/\\\/www.sfsic.org\\\/en\\\/#organization\"},\"potentialAction\":[{\"@type\":\"SearchAction\",\"target\":{\"@type\":\"EntryPoint\",\"urlTemplate\":\"https:\\\/\\\/www.sfsic.org\\\/en\\\/?s={search_term_string}\"},\"query-input\":{\"@type\":\"PropertyValueSpecification\",\"valueRequired\":true,\"valueName\":\"search_term_string\"}}],\"inLanguage\":\"en-US\"},{\"@type\":\"Organization\",\"@id\":\"https:\\\/\\\/www.sfsic.org\\\/en\\\/#organization\",\"name\":\"SFSIC\",\"url\":\"https:\\\/\\\/www.sfsic.org\\\/en\\\/\",\"logo\":{\"@type\":\"ImageObject\",\"inLanguage\":\"en-US\",\"@id\":\"https:\\\/\\\/www.sfsic.org\\\/en\\\/#\\\/schema\\\/logo\\\/image\\\/\",\"url\":\"https:\\\/\\\/www.sfsic.org\\\/wp-inside\\\/uploads\\\/2020\\\/05\\\/logo-sfsic.jpg\",\"contentUrl\":\"https:\\\/\\\/www.sfsic.org\\\/wp-inside\\\/uploads\\\/2020\\\/05\\\/logo-sfsic.jpg\",\"width\":1085,\"height\":1080,\"caption\":\"SFSIC\"},\"image\":{\"@id\":\"https:\\\/\\\/www.sfsic.org\\\/en\\\/#\\\/schema\\\/logo\\\/image\\\/\"}},{\"@type\":\"Person\",\"@id\":\"https:\\\/\\\/www.sfsic.org\\\/en\\\/#\\\/schema\\\/person\\\/d3606993477708f4359fb9aeda58df3b\",\"name\":\"Axelle Martin\",\"image\":{\"@type\":\"ImageObject\",\"inLanguage\":\"en-US\",\"@id\":\"https:\\\/\\\/secure.gravatar.com\\\/avatar\\\/1065035eb5e480668fbf77e163c2e86f81ac342eaad4c8783acdf4a63f3c917b?s=96&d=mm&r=g\",\"url\":\"https:\\\/\\\/secure.gravatar.com\\\/avatar\\\/1065035eb5e480668fbf77e163c2e86f81ac342eaad4c8783acdf4a63f3c917b?s=96&d=mm&r=g\",\"contentUrl\":\"https:\\\/\\\/secure.gravatar.com\\\/avatar\\\/1065035eb5e480668fbf77e163c2e86f81ac342eaad4c8783acdf4a63f3c917b?s=96&d=mm&r=g\",\"caption\":\"Axelle Martin\"},\"sameAs\":[\"@antropocominside\"]}]}<\/script>\n<!-- \/ Yoast SEO plugin. -->","yoast_head_json":{"title":"\u00c9tudier les pratiques num\u00e9riques au sein des communaut\u00e9s scientifiques","description":"Appel \u00e0 contribution pour un colloque qui se d\u00e9roulera en ligne sur le th\u00e8me \"\u00c9tudier les pratiques num\u00e9riques au sein des communaut\u00e9s scientifiques. Regards sur les outils et les donn\u00e9es au prisme de la science ouverte\".","robots":{"index":"index","follow":"follow","max-snippet":"max-snippet:-1","max-image-preview":"max-image-preview:large","max-video-preview":"max-video-preview:-1"},"canonical":"https:\/\/www.sfsic.org\/en\/aac-evenement\/etudier-les-pratiques-numeriques-au-sein-des-communautes-scientifiques\/","og_locale":"en_US","og_type":"article","og_title":"\u00c9tudier les pratiques num\u00e9riques au sein des communaut\u00e9s scientifiques","og_description":"Appel \u00e0 contribution pour un colloque qui se d\u00e9roulera en ligne sur le th\u00e8me \"\u00c9tudier les pratiques num\u00e9riques au sein des communaut\u00e9s scientifiques. Regards sur les outils et les donn\u00e9es au prisme de la science ouverte\".","og_url":"https:\/\/www.sfsic.org\/en\/aac-evenement\/etudier-les-pratiques-numeriques-au-sein-des-communautes-scientifiques\/","og_site_name":"SFSIC","article_published_time":"2021-03-20T09:02:02+00:00","author":"Axelle Martin","twitter_card":"summary_large_image","schema":{"@context":"https:\/\/schema.org","@graph":[{"@type":"Article","@id":"https:\/\/www.sfsic.org\/en\/aac-evenement\/etudier-les-pratiques-numeriques-au-sein-des-communautes-scientifiques\/#article","isPartOf":{"@id":"https:\/\/www.sfsic.org\/en\/aac-evenement\/etudier-les-pratiques-numeriques-au-sein-des-communautes-scientifiques\/"},"author":{"name":"Axelle Martin","@id":"https:\/\/www.sfsic.org\/en\/#\/schema\/person\/d3606993477708f4359fb9aeda58df3b"},"headline":"\u00c9tudier les pratiques num\u00e9riques au sein des communaut\u00e9s scientifiques","datePublished":"2021-03-20T09:02:02+00:00","mainEntityOfPage":{"@id":"https:\/\/www.sfsic.org\/en\/aac-evenement\/etudier-les-pratiques-numeriques-au-sein-des-communautes-scientifiques\/"},"wordCount":1016,"publisher":{"@id":"https:\/\/www.sfsic.org\/en\/#organization"},"keywords":["Donn\u00e9es","\u00e9pist\u00e9mologie","Num\u00e9rique","Sciences"],"articleSection":["AAC \u00c9v\u00e9nement","Colloque"],"inLanguage":"en-US"},{"@type":"WebPage","@id":"https:\/\/www.sfsic.org\/en\/aac-evenement\/etudier-les-pratiques-numeriques-au-sein-des-communautes-scientifiques\/","url":"https:\/\/www.sfsic.org\/en\/aac-evenement\/etudier-les-pratiques-numeriques-au-sein-des-communautes-scientifiques\/","name":"\u00c9tudier les pratiques num\u00e9riques au sein des communaut\u00e9s scientifiques","isPartOf":{"@id":"https:\/\/www.sfsic.org\/en\/#website"},"datePublished":"2021-03-20T09:02:02+00:00","description":"Appel \u00e0 contribution pour un colloque qui se d\u00e9roulera en ligne sur le th\u00e8me \"\u00c9tudier les pratiques num\u00e9riques au sein des communaut\u00e9s scientifiques. Regards sur les outils et les donn\u00e9es au prisme de la science ouverte\".","breadcrumb":{"@id":"https:\/\/www.sfsic.org\/en\/aac-evenement\/etudier-les-pratiques-numeriques-au-sein-des-communautes-scientifiques\/#breadcrumb"},"inLanguage":"en-US","potentialAction":[{"@type":"ReadAction","target":["https:\/\/www.sfsic.org\/en\/aac-evenement\/etudier-les-pratiques-numeriques-au-sein-des-communautes-scientifiques\/"]}]},{"@type":"BreadcrumbList","@id":"https:\/\/www.sfsic.org\/en\/aac-evenement\/etudier-les-pratiques-numeriques-au-sein-des-communautes-scientifiques\/#breadcrumb","itemListElement":[{"@type":"ListItem","position":1,"name":"Accueil","item":"https:\/\/www.sfsic.org\/en\/"},{"@type":"ListItem","position":2,"name":"Calls for Contributions","item":"https:\/\/www.sfsic.org\/en\/cfc-event\/"},{"@type":"ListItem","position":3,"name":"Conference","item":"https:\/\/www.sfsic.org\/en\/cfc-event\/conference\/"},{"@type":"ListItem","position":4,"name":"\u00c9tudier les pratiques num\u00e9riques au sein des communaut\u00e9s scientifiques"}]},{"@type":"WebSite","@id":"https:\/\/www.sfsic.org\/en\/#website","url":"https:\/\/www.sfsic.org\/en\/","name":"SFSIC","description":"Soci\u00e9t\u00e9 Fran\u00e7aise des Sciences de l&#039;Information &amp; de la Communication","publisher":{"@id":"https:\/\/www.sfsic.org\/en\/#organization"},"potentialAction":[{"@type":"SearchAction","target":{"@type":"EntryPoint","urlTemplate":"https:\/\/www.sfsic.org\/en\/?s={search_term_string}"},"query-input":{"@type":"PropertyValueSpecification","valueRequired":true,"valueName":"search_term_string"}}],"inLanguage":"en-US"},{"@type":"Organization","@id":"https:\/\/www.sfsic.org\/en\/#organization","name":"SFSIC","url":"https:\/\/www.sfsic.org\/en\/","logo":{"@type":"ImageObject","inLanguage":"en-US","@id":"https:\/\/www.sfsic.org\/en\/#\/schema\/logo\/image\/","url":"https:\/\/www.sfsic.org\/wp-inside\/uploads\/2020\/05\/logo-sfsic.jpg","contentUrl":"https:\/\/www.sfsic.org\/wp-inside\/uploads\/2020\/05\/logo-sfsic.jpg","width":1085,"height":1080,"caption":"SFSIC"},"image":{"@id":"https:\/\/www.sfsic.org\/en\/#\/schema\/logo\/image\/"}},{"@type":"Person","@id":"https:\/\/www.sfsic.org\/en\/#\/schema\/person\/d3606993477708f4359fb9aeda58df3b","name":"Axelle Martin","image":{"@type":"ImageObject","inLanguage":"en-US","@id":"https:\/\/secure.gravatar.com\/avatar\/1065035eb5e480668fbf77e163c2e86f81ac342eaad4c8783acdf4a63f3c917b?s=96&d=mm&r=g","url":"https:\/\/secure.gravatar.com\/avatar\/1065035eb5e480668fbf77e163c2e86f81ac342eaad4c8783acdf4a63f3c917b?s=96&d=mm&r=g","contentUrl":"https:\/\/secure.gravatar.com\/avatar\/1065035eb5e480668fbf77e163c2e86f81ac342eaad4c8783acdf4a63f3c917b?s=96&d=mm&r=g","caption":"Axelle Martin"},"sameAs":["@antropocominside"]}]}},"_links":{"self":[{"href":"https:\/\/www.sfsic.org\/en\/wp-json\/wp\/v2\/posts\/16224","targetHints":{"allow":["GET"]}}],"collection":[{"href":"https:\/\/www.sfsic.org\/en\/wp-json\/wp\/v2\/posts"}],"about":[{"href":"https:\/\/www.sfsic.org\/en\/wp-json\/wp\/v2\/types\/post"}],"author":[{"embeddable":true,"href":"https:\/\/www.sfsic.org\/en\/wp-json\/wp\/v2\/users\/781"}],"replies":[{"embeddable":true,"href":"https:\/\/www.sfsic.org\/en\/wp-json\/wp\/v2\/comments?post=16224"}],"version-history":[{"count":5,"href":"https:\/\/www.sfsic.org\/en\/wp-json\/wp\/v2\/posts\/16224\/revisions"}],"predecessor-version":[{"id":16245,"href":"https:\/\/www.sfsic.org\/en\/wp-json\/wp\/v2\/posts\/16224\/revisions\/16245"}],"wp:attachment":[{"href":"https:\/\/www.sfsic.org\/en\/wp-json\/wp\/v2\/media?parent=16224"}],"wp:term":[{"taxonomy":"category","embeddable":true,"href":"https:\/\/www.sfsic.org\/en\/wp-json\/wp\/v2\/categories?post=16224"},{"taxonomy":"post_tag","embeddable":true,"href":"https:\/\/www.sfsic.org\/en\/wp-json\/wp\/v2\/tags?post=16224"},{"taxonomy":"thematique","embeddable":true,"href":"https:\/\/www.sfsic.org\/en\/wp-json\/wp\/v2\/thematique?post=16224"},{"taxonomy":"sfsic","embeddable":true,"href":"https:\/\/www.sfsic.org\/en\/wp-json\/wp\/v2\/sfsic?post=16224"}],"curies":[{"name":"wp","href":"https:\/\/api.w.org\/{rel}","templated":true}]}}