{"id":16140,"date":"2021-03-12T12:27:52","date_gmt":"2021-03-12T11:27:52","guid":{"rendered":"https:\/\/www.sfsic.org\/?p=16140"},"modified":"2021-03-11T12:35:26","modified_gmt":"2021-03-11T11:35:26","slug":"professionnalisation-des-pratiques-autour-des-commentaires-numeriques","status":"publish","type":"post","link":"https:\/\/www.sfsic.org\/en\/publication\/professionnalisation-des-pratiques-autour-des-commentaires-numeriques\/","title":{"rendered":"Professionnalisation des pratiques autour des commentaires num\u00e9riques"},"content":{"rendered":"<p><!-- fxzn:singledetail --><\/p>\n<div class=\"zone zn-singledetail\" id=\"fxzn-singledetail-1\">\n<div class=\"zone-block zn-singledetail-block alignwide va-top\">\n<div class=\"row\">\n<div class=\"columns large-8 large-push-4\">\n<div class=\"zn-singledetail-metabox\">\n<div class=\"zn-singledetail-pubdate pubdate\">\n\t\t\t\t\t<span class=\"pubdate-txt\">Mis en ligne le<\/span><span class=\"doubledot\"><\/span> <time class=\"pubdate-time\" pubdate datetime=\"2021-03-11T12:28:14+01:00\">11 mars 2021<\/time>\t\t\t\t<\/div>\n<div class=\"zn-singledetail-thematiques with-sep-comma\">\n<ul class=\"termslist termslist-thematique\">\n<li class=\"termslist-item termslist-title\"><span class=\"termslist-titletxt\">Th\u00e9matiques<\/span><span class=\"doubledot\"><\/span><\/li>\n<li class=\"termslist-item tax-thematique term-communication-organisations\"><a class=\"termslist-itemlink\" href=\"https:\/\/www.sfsic.org\/en\/thematiques\/communication-organizations-en\/\" title=\"Communication et organisations\"><span class=\"termslist-itemname\">Communication et organisations<\/span><\/a><\/li>\n<li class=\"termslist-item tax-thematique term-numerique-strategies-dispositifs-usages\"><a class=\"termslist-itemlink\" href=\"\/?thematique=numerique-strategies-dispositifs-usages\" title=\"Num\u00e9rique : strat\u00e9gies, dispositifs et usages\"><span class=\"termslist-itemname\">Num\u00e9rique : strat\u00e9gies, dispositifs et usages<\/span><\/a><\/li>\n<\/ul><\/div>\n<\/p><\/div>\n<\/p><\/div>\n<\/p><\/div>\n<div class=\"row\">\n<div class=\"columns large-4\">\n<div class=\"zn-singledetail-sidebar bg-cornersquares\">\n<div class=\"zn-singledetail-infos\">\n<p class=\"zn-singledetail-type\">\n\t\t\t\t\t\t\t<span>Type de publication<\/span><span class=\"doubledot\"><\/span> <strong>Num\u00e9ro de revue<\/strong>\n\t\t\t\t\t<\/p>\n<p class=\"zn-singledetail-name\">\n\t\t\t\t\t\t\t<span>Nom de la publication<\/span><span class=\"doubledot\"><\/span> <strong>Communication &#038; Professionnalisation<\/strong>\n\t\t\t\t\t<\/p>\n<p class=\"zn-singledetail-edition\">\n\t\t\t\t\t\t\t<span>\u00c9dition<\/span><span class=\"doubledot\"><\/span> <strong>Resiproc<\/strong>\n\t\t\t\t\t<\/p>\n<\/p><\/div>\n<div class=\"zn-singledetail-coordinators\">\n<h3 class=\"zn-singledetail-section-title\">Coordinateur(s) \/ Auteur(s)<\/h3>\n<ul class=\"zn-singledetail-coordinators-list\">\n<li class=\"zn-singledetail-coordinators-item\">\n\t\t\t\t\t\t\t<span>Laurence<\/span> <span>Leveneur<\/span>, <span>Universit\u00e9 Toulouse 1 Capitole\/IUT de Rodez, chercheuse associ\u00e9e \u00e0 l&#8217;Institut National de l&#8217;Audiovisuel, IDETCOM, EA 785<\/span>\t\t\t\t\t\t\t\t\t\t\t\t\t<\/li>\n<li class=\"zn-singledetail-coordinators-item\">\n\t\t\t\t\t\t\t<span>Daniel<\/span> <span>P\u00e9lissier<\/span>, <span>Universit\u00e9 Toulouse 1 Capitole\/IUT de Rodez, IDETCOM, EA 785<\/span>\t\t\t\t\t\t\t\t\t\t\t\t\t<\/li>\n<\/ul><\/div>\n<div class=\"zn-singledetail-weblinks\">\n<h3 class=\"zn-singledetail-section-title\">Sites internet de r\u00e9f\u00e9rence<\/h3>\n<ul class=\"zn-singledetail-weblinks-list\">\n<li>\n\t\t\t\t\t\t\t<a class=\"prettylink chainlink\" href=\"https:\/\/ojs.uclouvain.be\/index.php\/comprof\/issue\/view\/1363\" title=\"Num\u00e9ro accessible en ligne\" target=\"_blank\" rel=\"noopener\">Num\u00e9ro accessible en ligne<\/a>\n\t\t\t\t\t\t<\/li>\n<\/ul><\/div>\n<\/p><\/div>\n<\/p><\/div>\n<div class=\"columns large-8\">\n<div class=\"zn-singledetail-contentbox\">\n<div class=\"zn-singledetail-annonce wig-content\">\n<p>Le num\u00e9ro 11 de la revue <i>Communication et Professionnalisation <\/i>est en ligne. Coordonn\u00e9 par Laurence Leveneur et Daniel P\u00e9lissier, il est consacr\u00e9 \u00e0 la professionnalisation des pratiques autour des commentaires num\u00e9riques.<\/p>\n<h2><b>R\u00e9sum\u00e9 <\/b>&#160;:<\/h2>\n<p>Parmi les nouvelles donn\u00e9es sur lesquelles travaillent les chercheurs figurent les commentaires num\u00e9riques. Quelles qu&rsquo;en soient les formes (visuelles, sonores ou textuelles), ces traces sont l&rsquo;objet de nombreuses analyses dans diff\u00e9rents champs disciplinaires. Commenter une information, un produit, un programme, est aujourd\u2019hui une activit\u00e9 qui s\u2019est largement intensifi\u00e9e sur internet et la gestion des commentaires est devenue une pr\u00e9occupation majeure pour nombre d\u2019organisations, publiques ou priv\u00e9es, et ce, quel que soit le secteur \u00e9conomique concern\u00e9. Ce num\u00e9ro souhaite explorer la professionnalisation des pratiques autour des commentaires num\u00e9riques de l\u2019organisation dans leur vari\u00e9t\u00e9, leur complexit\u00e9, d\u2019une part en proposant une vision du commentaire compr\u00e9hensive et profonde, et d\u2019autre part en mettant en exergue les diff\u00e9rents aspects de leur prise en charge par les community managers\/social media managers et autres charg\u00e9s de r\u00e9seaux socionum\u00e9riques.<\/p>\n<h2><b><\/b><b>Les \u00e9diteurs\/trices<\/b><\/h2>\n<p>Laurence Leveneur, Ma\u00eetresse de Conf\u00e9rences en Sciences de l\u2019Information et de la Communication, Universit\u00e9 Toulouse 1 Capitole\/IUT de Rodez, Chercheuse associ\u00e9e \u00e0 l&rsquo;Institut National de l&rsquo;Audiovisuel, IDETCOM, EA 785<\/p>\n<p>Daniel P\u00e9lissier, Ma\u00eetre de Conf\u00e9rences en Sciences de gestion, Universit\u00e9 Toulouse 1 Capitole\/IUT de Rodez, IDETCOM, EA 785<\/p>\n<h2><b>Les \u00e9valuateurs des articles de ce num\u00e9ro<\/b><b><\/b><\/h2>\n<p>Bruno Cailler, Guillaume Carbou, Alexandre Coutant, Bertrand Faur\u00e9, Marie-France Chambat-Houillon, Jean-Baptiste Le Corf, Fr\u00e9d\u00e9ric Marty, Laurent Morillon, Julien P\u00e9quignot, Julien Pierre, Matteo Treleani, Isabelle Vidalenc<\/p>\n<h2><b><\/b><b>La Revue Communication &amp; Professionnalisation<\/b><\/h2>\n<p>Dirig\u00e9e par Fran\u00e7ois Lambotte (UCLouvain \u2013 Lasco), Communication &amp; Professionnalisation est une revue scientifique comprenant des articles ayant fait l\u2019objet d\u2019un processus de r\u00e9vision par des pairs en double aveugle. Elle est \u00e9dit\u00e9e par le r\u00e9seau international sur la professionnalisation des communicateurs (Resiproc) qui regroupe des chercheurs et praticiens belges, canadiens et fran\u00e7ais. Il a \u00e9t\u00e9 constitu\u00e9 en 2010 afin de comprendre les \u00e9volutions des pratiques en communication, d\u2019interroger le r\u00f4le des formations universitaires en communication, de renforcer le dialogue entre les communaut\u00e9s professionnelles et universitaires et, in fine, de d\u00e9finir ce qu\u2019il faut entendre par professionnalisation en et de la communication.<\/p>\n<p>DOI&#160;: <a href=\"https:\/\/doi.org\/10.14428\/rcompro.vi11\">https:\/\/doi.org\/10.14428\/rcompro.vi11<\/a><br \/>\nPubli\u00e9e&#160;: 2021-02-26<\/p>\n<\/p><\/div>\n<div class=\"zn-singledetail-keywords\">\n<h3 class=\"zn-singledetail-section-title\">Mots-cl\u00e9s<\/h3>\n<ul class=\"termslist termslist-post_tag\">\n<li class=\"termslist-item termslist-title\"><span class=\"termslist-titletxt\">Mots-cl\u00e9s<\/span><span class=\"doubledot\"><\/span><\/li>\n<li class=\"termslist-item tax-post_tag term-commentaires\"><a class=\"termslist-itemlink\" href=\"https:\/\/www.sfsic.org\/en\/tag\/comments\/\" title=\"Commentaires\"><span class=\"termslist-itemname\">Commentaires<\/span><\/a><\/li>\n<li class=\"termslist-item tax-post_tag term-community-management\"><a class=\"termslist-itemlink\" href=\"https:\/\/www.sfsic.org\/en\/tag\/community-management-en\/\" title=\"Community Management\"><span class=\"termslist-itemname\">Community Management<\/span><\/a><\/li>\n<li class=\"termslist-item tax-post_tag term-numerique\"><a class=\"termslist-itemlink\" href=\"https:\/\/www.sfsic.org\/en\/tag\/digital\/\" title=\"Num\u00e9rique\"><span class=\"termslist-itemname\">Num\u00e9rique<\/span><\/a><\/li>\n<li class=\"termslist-item tax-post_tag term-professionnalisation\"><a class=\"termslist-itemlink\" href=\"https:\/\/www.sfsic.org\/en\/tag\/professionalization\/\" title=\"Professionnalisation\"><span class=\"termslist-itemname\">Professionnalisation<\/span><\/a><\/li>\n<\/ul><\/div>\n<\/p><\/div>\n<\/p><\/div>\n<\/p><\/div>\n<\/p><\/div>\n<\/div>\n<p><!-- \/fxzn:singledetail --><\/p>\n","protected":false},"excerpt":{"rendered":"<p>Mis en ligne le 11 mars 2021 Th\u00e9matiques Communication et organisations Num\u00e9rique : strat\u00e9gies, dispositifs et usages Type de publication Num\u00e9ro de revue Nom de la publication Communication &#038; Professionnalisation [&hellip;]<\/p>\n","protected":false},"author":957,"featured_media":0,"comment_status":"closed","ping_status":"closed","sticky":false,"template":"","format":"standard","meta":{"_acf_changed":false,"footnotes":""},"categories":[70,31],"tags":[112,444,90,121],"thematique":[37,39],"sfsic":[],"class_list":["post-16140","post","type-post","status-publish","format-standard","hentry","category-numero-revue","category-publication","tag-commentaires","tag-community-management","tag-numerique","tag-professionnalisation","thematique-communication-organisations","thematique-numerique-strategies-dispositifs-et-usages","wp-sticky"],"acf":[],"yoast_head":"<!-- This site is optimized with the Yoast SEO plugin v27.4 - https:\/\/yoast.com\/product\/yoast-seo-wordpress\/ -->\n<title>Professionnalisation des pratiques autour des commentaires num\u00e9riques<\/title>\n<meta name=\"description\" content=\"Le num\u00e9ro 11 de la revue Communication et Professionnalisation est en ligne. Coordonn\u00e9 par Laurence Leveneur et Daniel P\u00e9lissier, il est consacr\u00e9 \u00e0 la professionnalisation des pratiques autour des commentaires num\u00e9riques.\" \/>\n<meta name=\"robots\" content=\"index, follow, max-snippet:-1, max-image-preview:large, max-video-preview:-1\" \/>\n<link rel=\"canonical\" href=\"https:\/\/www.sfsic.org\/en\/publication\/professionnalisation-des-pratiques-autour-des-commentaires-numeriques\/\" \/>\n<meta property=\"og:locale\" content=\"en_US\" \/>\n<meta property=\"og:type\" content=\"article\" \/>\n<meta property=\"og:title\" content=\"Professionnalisation des pratiques autour des commentaires num\u00e9riques\" \/>\n<meta property=\"og:description\" content=\"Le num\u00e9ro 11 de la revue Communication et Professionnalisation est en ligne. Coordonn\u00e9 par Laurence Leveneur et Daniel P\u00e9lissier, il est consacr\u00e9 \u00e0 la professionnalisation des pratiques autour des commentaires num\u00e9riques.\" \/>\n<meta property=\"og:url\" content=\"https:\/\/www.sfsic.org\/en\/publication\/professionnalisation-des-pratiques-autour-des-commentaires-numeriques\/\" \/>\n<meta property=\"og:site_name\" content=\"SFSIC\" \/>\n<meta property=\"article:published_time\" content=\"2021-03-12T11:27:52+00:00\" \/>\n<meta name=\"author\" content=\"Fabien Bonnet\" \/>\n<meta name=\"twitter:card\" content=\"summary_large_image\" \/>\n<script type=\"application\/ld+json\" class=\"yoast-schema-graph\">{\"@context\":\"https:\\\/\\\/schema.org\",\"@graph\":[{\"@type\":\"Article\",\"@id\":\"https:\\\/\\\/www.sfsic.org\\\/en\\\/publication\\\/professionnalisation-des-pratiques-autour-des-commentaires-numeriques\\\/#article\",\"isPartOf\":{\"@id\":\"https:\\\/\\\/www.sfsic.org\\\/en\\\/publication\\\/professionnalisation-des-pratiques-autour-des-commentaires-numeriques\\\/\"},\"author\":{\"name\":\"Fabien Bonnet\",\"@id\":\"https:\\\/\\\/www.sfsic.org\\\/en\\\/#\\\/schema\\\/person\\\/9f83573bda33f40c68c7c826e9567df6\"},\"headline\":\"Professionnalisation des pratiques autour des commentaires num\u00e9riques\",\"datePublished\":\"2021-03-12T11:27:52+00:00\",\"mainEntityOfPage\":{\"@id\":\"https:\\\/\\\/www.sfsic.org\\\/en\\\/publication\\\/professionnalisation-des-pratiques-autour-des-commentaires-numeriques\\\/\"},\"wordCount\":506,\"publisher\":{\"@id\":\"https:\\\/\\\/www.sfsic.org\\\/en\\\/#organization\"},\"keywords\":[\"Commentaires\",\"Community Management\",\"Num\u00e9rique\",\"Professionnalisation\"],\"articleSection\":[\"Num\u00e9ro de revue\",\"Publications\"],\"inLanguage\":\"en-US\"},{\"@type\":\"WebPage\",\"@id\":\"https:\\\/\\\/www.sfsic.org\\\/en\\\/publication\\\/professionnalisation-des-pratiques-autour-des-commentaires-numeriques\\\/\",\"url\":\"https:\\\/\\\/www.sfsic.org\\\/en\\\/publication\\\/professionnalisation-des-pratiques-autour-des-commentaires-numeriques\\\/\",\"name\":\"Professionnalisation des pratiques autour des commentaires num\u00e9riques\",\"isPartOf\":{\"@id\":\"https:\\\/\\\/www.sfsic.org\\\/en\\\/#website\"},\"datePublished\":\"2021-03-12T11:27:52+00:00\",\"description\":\"Le num\u00e9ro 11 de la revue Communication et Professionnalisation est en ligne. Coordonn\u00e9 par Laurence Leveneur et Daniel P\u00e9lissier, il est consacr\u00e9 \u00e0 la professionnalisation des pratiques autour des commentaires num\u00e9riques.\",\"breadcrumb\":{\"@id\":\"https:\\\/\\\/www.sfsic.org\\\/en\\\/publication\\\/professionnalisation-des-pratiques-autour-des-commentaires-numeriques\\\/#breadcrumb\"},\"inLanguage\":\"en-US\",\"potentialAction\":[{\"@type\":\"ReadAction\",\"target\":[\"https:\\\/\\\/www.sfsic.org\\\/en\\\/publication\\\/professionnalisation-des-pratiques-autour-des-commentaires-numeriques\\\/\"]}]},{\"@type\":\"BreadcrumbList\",\"@id\":\"https:\\\/\\\/www.sfsic.org\\\/en\\\/publication\\\/professionnalisation-des-pratiques-autour-des-commentaires-numeriques\\\/#breadcrumb\",\"itemListElement\":[{\"@type\":\"ListItem\",\"position\":1,\"name\":\"Accueil\",\"item\":\"https:\\\/\\\/www.sfsic.org\\\/en\\\/\"},{\"@type\":\"ListItem\",\"position\":2,\"name\":\"Publications\",\"item\":\"https:\\\/\\\/www.sfsic.org\\\/en\\\/publication-en\\\/\"},{\"@type\":\"ListItem\",\"position\":3,\"name\":\"Journal issue\",\"item\":\"https:\\\/\\\/www.sfsic.org\\\/en\\\/publication-en\\\/journal-issue\\\/\"},{\"@type\":\"ListItem\",\"position\":4,\"name\":\"Professionnalisation des pratiques autour des commentaires num\u00e9riques\"}]},{\"@type\":\"WebSite\",\"@id\":\"https:\\\/\\\/www.sfsic.org\\\/en\\\/#website\",\"url\":\"https:\\\/\\\/www.sfsic.org\\\/en\\\/\",\"name\":\"SFSIC\",\"description\":\"Soci\u00e9t\u00e9 Fran\u00e7aise des Sciences de l&#039;Information &amp; de la Communication\",\"publisher\":{\"@id\":\"https:\\\/\\\/www.sfsic.org\\\/en\\\/#organization\"},\"potentialAction\":[{\"@type\":\"SearchAction\",\"target\":{\"@type\":\"EntryPoint\",\"urlTemplate\":\"https:\\\/\\\/www.sfsic.org\\\/en\\\/?s={search_term_string}\"},\"query-input\":{\"@type\":\"PropertyValueSpecification\",\"valueRequired\":true,\"valueName\":\"search_term_string\"}}],\"inLanguage\":\"en-US\"},{\"@type\":\"Organization\",\"@id\":\"https:\\\/\\\/www.sfsic.org\\\/en\\\/#organization\",\"name\":\"SFSIC\",\"url\":\"https:\\\/\\\/www.sfsic.org\\\/en\\\/\",\"logo\":{\"@type\":\"ImageObject\",\"inLanguage\":\"en-US\",\"@id\":\"https:\\\/\\\/www.sfsic.org\\\/en\\\/#\\\/schema\\\/logo\\\/image\\\/\",\"url\":\"https:\\\/\\\/www.sfsic.org\\\/wp-inside\\\/uploads\\\/2020\\\/05\\\/logo-sfsic.jpg\",\"contentUrl\":\"https:\\\/\\\/www.sfsic.org\\\/wp-inside\\\/uploads\\\/2020\\\/05\\\/logo-sfsic.jpg\",\"width\":1085,\"height\":1080,\"caption\":\"SFSIC\"},\"image\":{\"@id\":\"https:\\\/\\\/www.sfsic.org\\\/en\\\/#\\\/schema\\\/logo\\\/image\\\/\"}},{\"@type\":\"Person\",\"@id\":\"https:\\\/\\\/www.sfsic.org\\\/en\\\/#\\\/schema\\\/person\\\/9f83573bda33f40c68c7c826e9567df6\",\"name\":\"Fabien Bonnet\",\"image\":{\"@type\":\"ImageObject\",\"inLanguage\":\"en-US\",\"@id\":\"https:\\\/\\\/secure.gravatar.com\\\/avatar\\\/88a9288fc13369cb9e30359afa340f8adace82098c18ff09415c6dacd710ddc4?s=96&d=mm&r=g\",\"url\":\"https:\\\/\\\/secure.gravatar.com\\\/avatar\\\/88a9288fc13369cb9e30359afa340f8adace82098c18ff09415c6dacd710ddc4?s=96&d=mm&r=g\",\"contentUrl\":\"https:\\\/\\\/secure.gravatar.com\\\/avatar\\\/88a9288fc13369cb9e30359afa340f8adace82098c18ff09415c6dacd710ddc4?s=96&d=mm&r=g\",\"caption\":\"Fabien Bonnet\"}}]}<\/script>\n<!-- \/ Yoast SEO plugin. -->","yoast_head_json":{"title":"Professionnalisation des pratiques autour des commentaires num\u00e9riques","description":"Le num\u00e9ro 11 de la revue Communication et Professionnalisation est en ligne. Coordonn\u00e9 par Laurence Leveneur et Daniel P\u00e9lissier, il est consacr\u00e9 \u00e0 la professionnalisation des pratiques autour des commentaires num\u00e9riques.","robots":{"index":"index","follow":"follow","max-snippet":"max-snippet:-1","max-image-preview":"max-image-preview:large","max-video-preview":"max-video-preview:-1"},"canonical":"https:\/\/www.sfsic.org\/en\/publication\/professionnalisation-des-pratiques-autour-des-commentaires-numeriques\/","og_locale":"en_US","og_type":"article","og_title":"Professionnalisation des pratiques autour des commentaires num\u00e9riques","og_description":"Le num\u00e9ro 11 de la revue Communication et Professionnalisation est en ligne. Coordonn\u00e9 par Laurence Leveneur et Daniel P\u00e9lissier, il est consacr\u00e9 \u00e0 la professionnalisation des pratiques autour des commentaires num\u00e9riques.","og_url":"https:\/\/www.sfsic.org\/en\/publication\/professionnalisation-des-pratiques-autour-des-commentaires-numeriques\/","og_site_name":"SFSIC","article_published_time":"2021-03-12T11:27:52+00:00","author":"Fabien Bonnet","twitter_card":"summary_large_image","schema":{"@context":"https:\/\/schema.org","@graph":[{"@type":"Article","@id":"https:\/\/www.sfsic.org\/en\/publication\/professionnalisation-des-pratiques-autour-des-commentaires-numeriques\/#article","isPartOf":{"@id":"https:\/\/www.sfsic.org\/en\/publication\/professionnalisation-des-pratiques-autour-des-commentaires-numeriques\/"},"author":{"name":"Fabien Bonnet","@id":"https:\/\/www.sfsic.org\/en\/#\/schema\/person\/9f83573bda33f40c68c7c826e9567df6"},"headline":"Professionnalisation des pratiques autour des commentaires num\u00e9riques","datePublished":"2021-03-12T11:27:52+00:00","mainEntityOfPage":{"@id":"https:\/\/www.sfsic.org\/en\/publication\/professionnalisation-des-pratiques-autour-des-commentaires-numeriques\/"},"wordCount":506,"publisher":{"@id":"https:\/\/www.sfsic.org\/en\/#organization"},"keywords":["Commentaires","Community Management","Num\u00e9rique","Professionnalisation"],"articleSection":["Num\u00e9ro de revue","Publications"],"inLanguage":"en-US"},{"@type":"WebPage","@id":"https:\/\/www.sfsic.org\/en\/publication\/professionnalisation-des-pratiques-autour-des-commentaires-numeriques\/","url":"https:\/\/www.sfsic.org\/en\/publication\/professionnalisation-des-pratiques-autour-des-commentaires-numeriques\/","name":"Professionnalisation des pratiques autour des commentaires num\u00e9riques","isPartOf":{"@id":"https:\/\/www.sfsic.org\/en\/#website"},"datePublished":"2021-03-12T11:27:52+00:00","description":"Le num\u00e9ro 11 de la revue Communication et Professionnalisation est en ligne. Coordonn\u00e9 par Laurence Leveneur et Daniel P\u00e9lissier, il est consacr\u00e9 \u00e0 la professionnalisation des pratiques autour des commentaires num\u00e9riques.","breadcrumb":{"@id":"https:\/\/www.sfsic.org\/en\/publication\/professionnalisation-des-pratiques-autour-des-commentaires-numeriques\/#breadcrumb"},"inLanguage":"en-US","potentialAction":[{"@type":"ReadAction","target":["https:\/\/www.sfsic.org\/en\/publication\/professionnalisation-des-pratiques-autour-des-commentaires-numeriques\/"]}]},{"@type":"BreadcrumbList","@id":"https:\/\/www.sfsic.org\/en\/publication\/professionnalisation-des-pratiques-autour-des-commentaires-numeriques\/#breadcrumb","itemListElement":[{"@type":"ListItem","position":1,"name":"Accueil","item":"https:\/\/www.sfsic.org\/en\/"},{"@type":"ListItem","position":2,"name":"Publications","item":"https:\/\/www.sfsic.org\/en\/publication-en\/"},{"@type":"ListItem","position":3,"name":"Journal issue","item":"https:\/\/www.sfsic.org\/en\/publication-en\/journal-issue\/"},{"@type":"ListItem","position":4,"name":"Professionnalisation des pratiques autour des commentaires num\u00e9riques"}]},{"@type":"WebSite","@id":"https:\/\/www.sfsic.org\/en\/#website","url":"https:\/\/www.sfsic.org\/en\/","name":"SFSIC","description":"Soci\u00e9t\u00e9 Fran\u00e7aise des Sciences de l&#039;Information &amp; de la Communication","publisher":{"@id":"https:\/\/www.sfsic.org\/en\/#organization"},"potentialAction":[{"@type":"SearchAction","target":{"@type":"EntryPoint","urlTemplate":"https:\/\/www.sfsic.org\/en\/?s={search_term_string}"},"query-input":{"@type":"PropertyValueSpecification","valueRequired":true,"valueName":"search_term_string"}}],"inLanguage":"en-US"},{"@type":"Organization","@id":"https:\/\/www.sfsic.org\/en\/#organization","name":"SFSIC","url":"https:\/\/www.sfsic.org\/en\/","logo":{"@type":"ImageObject","inLanguage":"en-US","@id":"https:\/\/www.sfsic.org\/en\/#\/schema\/logo\/image\/","url":"https:\/\/www.sfsic.org\/wp-inside\/uploads\/2020\/05\/logo-sfsic.jpg","contentUrl":"https:\/\/www.sfsic.org\/wp-inside\/uploads\/2020\/05\/logo-sfsic.jpg","width":1085,"height":1080,"caption":"SFSIC"},"image":{"@id":"https:\/\/www.sfsic.org\/en\/#\/schema\/logo\/image\/"}},{"@type":"Person","@id":"https:\/\/www.sfsic.org\/en\/#\/schema\/person\/9f83573bda33f40c68c7c826e9567df6","name":"Fabien Bonnet","image":{"@type":"ImageObject","inLanguage":"en-US","@id":"https:\/\/secure.gravatar.com\/avatar\/88a9288fc13369cb9e30359afa340f8adace82098c18ff09415c6dacd710ddc4?s=96&d=mm&r=g","url":"https:\/\/secure.gravatar.com\/avatar\/88a9288fc13369cb9e30359afa340f8adace82098c18ff09415c6dacd710ddc4?s=96&d=mm&r=g","contentUrl":"https:\/\/secure.gravatar.com\/avatar\/88a9288fc13369cb9e30359afa340f8adace82098c18ff09415c6dacd710ddc4?s=96&d=mm&r=g","caption":"Fabien Bonnet"}}]}},"_links":{"self":[{"href":"https:\/\/www.sfsic.org\/en\/wp-json\/wp\/v2\/posts\/16140","targetHints":{"allow":["GET"]}}],"collection":[{"href":"https:\/\/www.sfsic.org\/en\/wp-json\/wp\/v2\/posts"}],"about":[{"href":"https:\/\/www.sfsic.org\/en\/wp-json\/wp\/v2\/types\/post"}],"author":[{"embeddable":true,"href":"https:\/\/www.sfsic.org\/en\/wp-json\/wp\/v2\/users\/957"}],"replies":[{"embeddable":true,"href":"https:\/\/www.sfsic.org\/en\/wp-json\/wp\/v2\/comments?post=16140"}],"version-history":[{"count":1,"href":"https:\/\/www.sfsic.org\/en\/wp-json\/wp\/v2\/posts\/16140\/revisions"}],"predecessor-version":[{"id":16141,"href":"https:\/\/www.sfsic.org\/en\/wp-json\/wp\/v2\/posts\/16140\/revisions\/16141"}],"wp:attachment":[{"href":"https:\/\/www.sfsic.org\/en\/wp-json\/wp\/v2\/media?parent=16140"}],"wp:term":[{"taxonomy":"category","embeddable":true,"href":"https:\/\/www.sfsic.org\/en\/wp-json\/wp\/v2\/categories?post=16140"},{"taxonomy":"post_tag","embeddable":true,"href":"https:\/\/www.sfsic.org\/en\/wp-json\/wp\/v2\/tags?post=16140"},{"taxonomy":"thematique","embeddable":true,"href":"https:\/\/www.sfsic.org\/en\/wp-json\/wp\/v2\/thematique?post=16140"},{"taxonomy":"sfsic","embeddable":true,"href":"https:\/\/www.sfsic.org\/en\/wp-json\/wp\/v2\/sfsic?post=16140"}],"curies":[{"name":"wp","href":"https:\/\/api.w.org\/{rel}","templated":true}]}}