{"id":16138,"date":"2021-03-11T12:23:58","date_gmt":"2021-03-11T11:23:58","guid":{"rendered":"https:\/\/www.sfsic.org\/?p=16138"},"modified":"2021-06-03T22:06:18","modified_gmt":"2021-06-03T20:06:18","slug":"pesticides-dialogues-interdisciplinaires-et-sciences-humaines-et-sociales","status":"publish","type":"post","link":"https:\/\/www.sfsic.org\/en\/aac-evenement\/pesticides-dialogues-interdisciplinaires-et-sciences-humaines-et-sociales\/","title":{"rendered":"Pesticides : dialogues interdisciplinaires et sciences humaines et sociales"},"content":{"rendered":"<p><!-- fxzn:singledetail --><\/p>\n<div class=\"zone zn-singledetail\" id=\"fxzn-singledetail-1\">\n<div class=\"zone-block zn-singledetail-block alignwide va-top\">\n<div class=\"row\">\n<div class=\"columns large-8 large-push-4\">\n<div class=\"zn-singledetail-metabox\">\n<div class=\"zn-singledetail-pubdate pubdate\">\n\t\t\t\t\t<span class=\"pubdate-txt\">Mis en ligne le<\/span><span class=\"doubledot\"><\/span> <time class=\"pubdate-time\" pubdate datetime=\"2021-03-11T12:23:58+01:00\">11 mars 2021<\/time>\t\t\t\t<\/div>\n<div class=\"zn-singledetail-thematiques with-sep-comma\">\n<ul class=\"termslist termslist-thematique\">\n<li class=\"termslist-item termslist-title\"><span class=\"termslist-titletxt\">Th\u00e9matiques<\/span><span class=\"doubledot\"><\/span><\/li>\n<li class=\"termslist-item tax-thematique term-images-cinema-medias-audiovisuels-et-industries-culturelles\"><a class=\"termslist-itemlink\" href=\"https:\/\/www.sfsic.org\/thematiques\/images-cinema-medias-audiovisuels-et-industries-culturelles\/\" title=\"Images, cin\u00e9ma, m\u00e9dias audiovisuels et industries culturelles\"><span class=\"termslist-itemname\">Images, cin\u00e9ma, m\u00e9dias audiovisuels et industries culturelles<\/span><\/a><\/li>\n<li class=\"termslist-item tax-thematique term-medias-et-journalisme\"><a class=\"termslist-itemlink\" href=\"https:\/\/www.sfsic.org\/thematiques\/medias-et-journalisme\/\" title=\"M\u00e9dias et journalisme\"><span class=\"termslist-itemname\">M\u00e9dias et journalisme<\/span><\/a><\/li>\n<li class=\"termslist-item tax-thematique term-mediation-des-savoirs-education-et-formation\"><a class=\"termslist-itemlink\" href=\"https:\/\/www.sfsic.org\/thematiques\/mediation-des-savoirs-education-et-formation\/\" title=\"M\u00e9diation des savoirs, \u00e9ducation et formation\"><span class=\"termslist-itemname\">M\u00e9diation des savoirs, \u00e9ducation et formation<\/span><\/a><\/li>\n<\/ul><\/div>\n<\/p><\/div>\n<\/p><\/div>\n<\/p><\/div>\n<div class=\"row\">\n<div class=\"columns large-4\">\n<div class=\"zn-singledetail-sidebar bg-cornersquares\">\n<div class=\"zn-singledetail-infos\">\n<p class=\"zn-singledetail-reponse-date\">\n\t\t\t\t\t\t<span>R\u00e9ponse attendue pour le<\/span><span class=\"doubledot\"><\/span> <strong>02\/07\/2021<\/strong>\n\t\t\t\t\t<\/p>\n<p class=\"zn-singledetail-reponse-type\">\n\t\t\t\t\t<span>Type de r\u00e9ponse<\/span><span class=\"doubledot\"><\/span> <strong>R\u00e9sum\u00e9<\/strong>\n\t\t\t\t\t<\/p>\n<p class=\"zn-singledetail-type\">\n\t\t\t\t\t\t\t<span>Type d\u2019\u00e9v\u00e9nement<\/span><span class=\"doubledot\"><\/span> <strong>Journ\u00e9e d\u2019\u00e9tude<\/strong>\n\t\t\t\t\t<\/p>\n<\/p><\/div>\n<div class=\"zn-singledetail-coordinators\">\n<h3 class=\"zn-singledetail-section-title\">Coordinateurs<\/h3>\n<ul class=\"zn-singledetail-coordinators-list\">\n<li class=\"zn-singledetail-coordinators-item\">\n\t\t\t\t\t\t\t<span>Fran\u00e7ois<\/span> <span>Allard-Huver<\/span>, <span>Universit\u00e9 de Lorraine &#8211; CREM<\/span>\t\t\t\t\t\t\t\t\t\t\t\t\t<\/li>\n<li class=\"zn-singledetail-coordinators-item\">\n\t\t\t\t\t\t\t<span>Nataly<\/span> <span>Botero<\/span>, <span>Universit\u00e9 de Bourgogne &#8211; CIMEOS<\/span>\t\t\t\t\t\t\t\t\t\t\t\t\t<\/li>\n<li class=\"zn-singledetail-coordinators-item\">\n\t\t\t\t\t\t\t<span>H\u00e9l\u00e8ne<\/span> <span>Ledouble<\/span>, <span>Universit\u00e9 de Toulon &#8211; BABEL<\/span>\t\t\t\t\t\t\t\t\t\t\t\t\t<\/li>\n<\/ul><\/div>\n<div class=\"zn-singledetail-contacts\">\n<h3 class=\"zn-singledetail-section-title\">Contacts<\/h3>\n<ul class=\"zn-singledetail-contacts-list\">\n<li class=\"zn-singledetail-contact\">\n\t\t\t\t\t\t\t<span class=\"zn-singledetail-contact-name\">Envoi des propositions<\/span><span class=\"doubledot\"><\/span><br \/>\n\t\t\t\t\t\t\t\t\t\t\t\t\t\t<a class=\"zn-singledetail-contact-mail prettylink\" href=\"mailto:je.pesticides.shs@gmail.com\">je.pesticides.shs@gmail.com<\/a>\n\t\t\t\t\t\t\t\t\t\t\t\t\t<\/li>\n<\/ul><\/div>\n<\/p><\/div>\n<\/p><\/div>\n<div class=\"columns large-8\">\n<div class=\"zn-singledetail-contentbox\">\n<div class=\"zn-singledetail-eventinfo\">\n<div class=\"zn-singledetail-eventinfo-inner\">\n<div class=\"zn-singledetail-eventdates\">\n\t\t\t\t\t\t<span class=\"zn-singledetail-label\">Dates de l\u2019\u00e9v\u00e9nement<span class=\"doubledot\"><\/span><\/span><\/p>\n<ul class=\"zn-singledetail-eventdates-list\">\n<li class=\"zn-singledetail-eventdates-item\">\n\t\t\t\t\t\t\t\tDu <time class=\"event-start-time\" datetime=\"2021-10-21T00:00:00+00:00\">21\/10\/2021<\/time> au <time class=\"event-end-time\" datetime=\"2021-10-22T00:00:00+00:00\">22\/10\/2021<\/time>\t\t\t\t\t\t\t<\/li>\n<\/ul><\/div>\n<p class=\"zn-singledetail-eventplace\">\n\t\t\t\t\t\t<span class=\"zn-singledetail-label\">Lieu de l\u2019\u00e9v\u00e9nement<span class=\"doubledot\"><\/span><\/span><br \/>\n\t\t\t\t\t\t<span class=\"zn-singledetail-eventplace-adr\"><br \/>\n\t\t\t\t\t\t\t\t\t\t\t\t<span class=\"adr-name\">MSH Dijon &#8211; Universit\u00e9 de Bourgogne (pr\u00e9sentiel et distanciel)<\/span>,<\/p>\n<p>\t\t\t\t\t\t<\/span>\t\t\t\t\t<\/p>\n<\/p><\/div>\n<\/p><\/div>\n<div class=\"zn-singledetail-annonce wig-content\">\n<div>\n<p class=\"x_MsoNormal\">Les attentes soci\u00e9tales\u00a0vis-\u00e0-vis de la production alimentaire sont nombreuses&#160;: produits dequalit\u00e9, r\u00e9duction de la pollution, respect de la biodiversit\u00e9 et du bien-\u00eatre animal, et ce alors que les agriculteurs sont soumis aux lois d\u2019un march\u00e9 fortement concurrentiel. Les cultures, quant \u00e0 elles, subissent la pression d\u2019un ensemble d\u2019organismes qu\u2019il est n\u00e9cessaire de ma\u00eetriser. L\u2019usage de produits phytosanitaires, bien qu\u2019au c\u0153ur de nombreuses controverses scientifiques et pol\u00e9miques m\u00e9diatiques, est susceptible d\u2019appara\u00eetre comme une solution pour minorer les pertes.<\/p>\n<p class=\"x_MsoNormal\">Alors que la protection des cultures a \u00e9t\u00e9 document\u00e9e depuis l\u2019Antiquit\u00e9, les pesticides de synth\u00e8se ont fait \u00e9mergence dans le cadre de la R\u00e9volution verte, avec un package technologique comprenant la m\u00e9canisation, l\u2019irrigation et les monocultures (Del\u00e9age, 2019). Aux Etats-Unis, des toxicologues et des biologistes se sont int\u00e9ress\u00e9s \u00e0 partir des ann\u00e9es 1960 aux cons\u00e9quences de l\u2019usage de ces produits sur la sant\u00e9 humaine (Jouzel, 2019) et sur l\u2019\u00e9quilibre des \u00e9cosyst\u00e8mes (Carson, 1962). Les alertes donn\u00e9es par les apiculteurs sur le d\u00e9clin des abeilles ont \u00e9t\u00e9 longtemps n\u00e9glig\u00e9es, leurs connaissances informelles, non r\u00e9ductibles et locales \u00e9tant d\u00e9valoris\u00e9es par les formes institu\u00e9es du savoir (Kleinman, 2012).<\/p>\n<p class=\"x_MsoNormal\">En France, les mesures publiques d\u2019ampleur ont vu le jour avec le Grenelle de l\u2019environnement lanc\u00e9 en 2007, en particulier avec le programme Ecophyto (Aulagnier et Goulet, 2017). Son objectif est de\u00a0r\u00e9duire de 50&#160;% l\u2019utilisation des produits phytopharmaceutiques \u00e0 l\u2019horizon 2025. Plus r\u00e9cemment, l\u2019interdiction des usages domestiques et urbains des pesticides a \u00e9t\u00e9 promulgu\u00e9e, suivie du classement du glyphosate comme \u00ab&#160;canc\u00e9rig\u00e8ne probable&#160;\u00bb en 2015<b> <\/b>par le Centre International de Recherche sur le Cancer. Malgr\u00e9 ce classement, l\u2019Union Europ\u00e9enne a r\u00e9autoris\u00e9 la mise sur le march\u00e9 de cette mol\u00e9cule en 2017, alors que de nombreux contentieux ont \u00e9t\u00e9 lanc\u00e9s par des victimes des produits phytosanitaires (cf. Paul Fran\u00e7ois, Dewayne Johnson). Certaines ont obtenu gain de cause, les r\u00e9ponses juridiques d\u00e9favorables aux industries s\u2019appuyant sur la responsabilit\u00e9 des produits d\u00e9fectueux et l\u2019obligation d\u2019avertissement\u00a0(Lambert, 2020).<\/p>\n<p class=\"x_MsoNormal\">L\u2019usage des pesticides fait actuellement l\u2019objet d\u2019un intense d\u00e9bat public dans les instances m\u00e9diatiques, politiques et associatives. Sur le plan m\u00e9diatique, des \u00e9tudes r\u00e9centes concluent \u00e0 un cadrage simplificateur entre \u00ab&#160;bons&#160;\u00bb et \u00ab&#160;mauvais&#160;\u00bb pesticides (biopesticides <i>vs<\/i>. pesticides chimiques), ainsi qu\u2019\u00e0 une instabilit\u00e9 terminologique ne permettant pas au grand public de saisir ces probl\u00e9matiques complexes (Ledouble, 2020). Sur le plan politique, la d\u00e9rogation accord\u00e9e en 2020 aux n\u00e9onicotino\u00efdes, pesticides dits \u00ab&#160;tueurs d\u2019abeilles&#160;\u00bb, a fait l\u2019objet de fortes controverses. Des voix dissonantes issues des mouvements associatifs et citoyens se l\u00e8vent&#160;: en s\u2019appropriant ce probl\u00e8me, elles le font migrer d\u2019un univers strictement agricole vers un probl\u00e8me de soci\u00e9t\u00e9.<\/p>\n<p class=\"x_MsoNormal\">Au vu de la complexit\u00e9 des enjeux actuels et \u00e0 venir, l\u2019objectif de ces journ\u00e9es d\u2019\u00e9tudes est de favoriser des dialogues et des d\u00e9bats interdisciplinaires sur les pesticides au sein des sciences humaines et sociales (Galochet, Longu\u00e9p\u00e9e <i>et al<\/i>., 2008). Cette manifestation appelle aux contributions de chercheur.es en information-communication, en analyse de discours, de sociologues, anthropologues, g\u00e9ographes, psychologues, historien.nes et plus largement, \u00e9conomistes, philosophes, politologues et juristes, afin de favoriser la pluralit\u00e9 d\u2019approches. Nous sollicitons ainsi des travaux portant sur les th\u00e9matiques suivantes (liste non exhaustive)&#160;:<\/p>\n<ul>\n<li>Activit\u00e9 discursive et argumentative des diff\u00e9rents acteurs, ar\u00e8nes du d\u00e9bat et tensions observables au travers de la langue et du lexique (d\u00e9signations consensuelles et disensuelles par exemple)&#160;;<\/li>\n<li>\u00c9laboration et mise \u00e0 l\u2019\u00e9preuve du consensus par des controverses et des contre-discours scientifiques, politiques et m\u00e9diatiques&#160;;<\/li>\n<li>Paroles et savoirs des acteurs engag\u00e9s dans l\u2019agriculture biologique (agriculteurs, coop\u00e9ratives), \u00e9mergence et prise en compte de leur expertise&#160;;<\/li>\n<li>Tensions entre l\u2019imp\u00e9ratif de production, de protection des cultures et des sols, d\u2019une part et protection de la sant\u00e9 des agriculteurs et de la biodiversit\u00e9, d\u2019autre part&#160;; alternatives aux pesticides de synth\u00e8se (biocontr\u00f4le, lutte biologique, etc.)&#160;;<\/li>\n<li>Acteurs associatifs\u00a0engag\u00e9s dans des logiques de d\u00e9nonciation&#160;: mouvements g\u00e9n\u00e9ralistes sur l\u2019\u00e9cologie et associations sp\u00e9cialis\u00e9es (<i>Phyto-victimes<\/i>, <i>G\u00e9n\u00e9rations Futures<\/i>, <i>Nous voulons des Coquelicots<\/i>, <i>Collectif Glyphosate<\/i>, etc.)&#160;;<\/li>\n<li>Pratiques scientifiques et communicationnelles des acteurs \u00e9conomiques et industriels, influence et activit\u00e9 de lobbying&#160;;<\/li>\n<li>Proc\u00e9dures en justice, initiatives juridiques des pouvoirs locaux (cf. Daniel Cueff, maire de Langou\u00ebt), affaires et scandales (\u00ab&#160;Monsanto papers&#160;\u00bb)&#160;;<\/li>\n<li>Science r\u00e8glementaire, fabriques du savoir et de l\u2019ignorance&#160;;<\/li>\n<li>Productions issues des industries culturelles&#160;: s\u00e9ries (<i>Jeu d\u2019influence<\/i>, Arte, 2019), films (<i>Au nom de la terre<\/i>, Edouard Bergeon, 2019), romans (<i>La malchimie<\/i>, Gis\u00e8le Bienne, 2019).<\/li>\n<\/ul>\n<h2><b>Comit\u00e9 d\u2019organisation&#160;:\u00a0<\/b><\/h2>\n<p>Nataly Botero (Universit\u00e9 de Bourgogne &#8211; CIMEOS)<br \/>\nH\u00e9l\u00e8ne Ledouble (Universit\u00e9 de Toulon &#8211; BABEL)<br \/>\nFran\u00e7ois Allard-Huver (Universit\u00e9 de Lorraine &#8211; CREM)<\/p>\n<h2><b><\/b><b>Modalit\u00e9s d\u2019envoi&#160;:\u00a0<\/b><\/h2>\n<p>Les propositions de 3000 signes maximum (espaces compris) comporteront un titre, nom, pr\u00e9nom et rattachement institutionnel des auteur.es, quatre \u00e0 cinq mots-cl\u00e9s, un r\u00e9sum\u00e9 en fran\u00e7ais et une bibliographie.<br \/>\nMerci d\u2019envoyer les fichiers sous format word \u00e0 l\u2019adresse mail suivante&#160;:<a href=\"mailto:je.pesticides.shs@gmail.com\">je.pesticides.shs@gmail.com<\/a><br \/>\n<b><\/b><\/p>\n<h2><b>Calendrier&#160;:\u00a0<\/b><\/h2>\n<p>Date limite d\u2019envoi des propositions&#160;: 4 juin 2021 (<strong>Appel prolong\u00e9 au 2 juillet 2021)<\/strong><br \/>\nDiffusion du programme pr\u00e9visionnel&#160;: 8 octobre 2021<b>\u00a0<\/b><br \/>\n<b><\/b><\/p>\n<h2><b>Comit\u00e9 scientifique&#160;:\u00a0<\/b><\/h2>\n<p>Fran\u00e7ois Allard-Huver (MCF, Universit\u00e9 de Lorraine &#8211; CREM)<br \/>\nNataly Botero (MCF, Universit\u00e9 de Bourgogne &#8211; CIMEOS)<br \/>\nGilles Brachotte (MCF, Universit\u00e9 de Bourgogne &#8211; CIMEOS)<br \/>\nClaude Compagnone (PR, AgroSup Dijon)<br \/>\nVal\u00e9rie Delavigne (MCF, Sorbonne Nouvelle &#8211; CLESTHIA)<br \/>\nFanny Domenec (MCF, Panth\u00e9on Assas &#8211; P\u00f4le Langues)<br \/>\nCl\u00e9mentine Hugol-Gential (MCF HDR, Universit\u00e9 de Bourgogne &#8211; CIMEOS)<br \/>\nH\u00e9l\u00e8ne Ledouble (MCF, Universit\u00e9 de Toulon &#8211; BABEL)<br \/>\nAura Parmentier (MCF, Universit\u00e9 C\u00f4te d\u2019Azur &#8211; GREDEG)<br \/>\nElodie Vargas (PR, Universit\u00e9 Grenoble Alpes &#8211; GREMUTS)<\/p>\n<\/div>\n<h2><b>Bibliographie&#160;: <\/b><\/h2>\n<div>\n<p>Allard-Huver F. (2020), \u00ab&#160;Savoirs, dispositifs et m\u00e9diations des risques alimentaires&#160;: le scandale des \u0153ufs contamin\u00e9s au fipronil&#160;\u00bb, <i>Les enjeux de l\u2019information et de la communication<\/i>, n\u00b0 3, p. 29-42.<\/p>\n<p>Botero N. (\u00e0 para\u00eetre, 2021), \u00ab&#160;Soustraire l\u2019alimentation du d\u00e9bat sur les pesticides&#160;: traitement m\u00e9diatique d\u2019un probl\u00e8me en une&#160;\u00bb, Hugol-gential C., Badau E. <i>et al<\/i>. (dirs.), <i>Qu\u2019est-ce que l\u2019on mange&#160;?<\/i>, EUD, Dijon.<\/p>\n<p>Aulagnier A., Goulet F. (2017), \u00ab&#160;Des technologies controvers\u00e9es et de leurs alternatives. Le cas des pesticides agricoles en France&#160;\u00bb, <i>Sociologie du travail<\/i>, n\u00b0 3 [en ligne].<\/p>\n<p>Carson R. (1962), <i>Silent spring<\/i>, Penguin, Londres, 323 p.<\/p>\n<p>Del\u00e9age J.-P. (2019), \u00ab&#160;Une alimentation digne et saine pour tous&#160;!&#160;\u00bb, <i>\u00c9cologie et Politique<\/i>, n\u00b0 59, p. 5-13<\/p>\n<p>Galochet M., Longu\u00e9p\u00e9e J., <i>et al.<\/i> (dirs.) (2008), <i>L\u2019environnement&#160;: discours et pratiques interdisciplinaires<\/i>, Artois Presses Universit\u00e9, Arras, 290 p.<\/p>\n<p>Jouzel J.-N. (2019), <i>Pesticides. Comment ignorer ce que l\u2019on sait<\/i>, Presses de Sciences Po, Paris, 261 p.<\/p>\n<p><span lang=\"EN-US\">Kleinman<\/span><span lang=\"EN-US\"> D. L., Suryanarayanan S. (2012), \u00ab&#160;Dying Bees and the Social Production of Ignorance&#160;\u00bb,<i>Science, Technology &amp; Human Values<\/i>, n\u00b0 38 [en ligne]. \u00a0<\/span><\/p>\n<p>Lambert E. (2020), \u00ab&#160;Le contentieux am\u00e9ricain des victimes de l\u2019exposition au glyphosate&#160;\u00bb,<i>Revue juridique de l\u2019environnement<\/i>, n\u00b0 sp\u00e9cial, p. 201-213.<\/p>\n<p><span lang=\"EN-US\">Ledouble<\/span><span lang=\"EN-US\"> H. (2020), \u201cTerm circulation and conceptual instability in the mediation of science&#160;: Binary framing of the notions of biological versus chemical pesticides\u201d, <i>Discourse &amp; Communication<\/i>, vol. 14, p. 466-488.<\/span><\/p>\n<\/div><\/div>\n<div class=\"zn-singledetail-keywords\">\n<h3 class=\"zn-singledetail-section-title\">Mots-cl\u00e9s<\/h3>\n<ul class=\"termslist termslist-post_tag\">\n<li class=\"termslist-item termslist-title\"><span class=\"termslist-titletxt\">Mots-cl\u00e9s<\/span><span class=\"doubledot\"><\/span><\/li>\n<li class=\"termslist-item tax-post_tag term-environnement\"><a class=\"termslist-itemlink\" href=\"https:\/\/www.sfsic.org\/tag\/environnement\/\" title=\"Environnement\"><span class=\"termslist-itemname\">Environnement<\/span><\/a><\/li>\n<li class=\"termslist-item tax-post_tag term-interdisciplinarite\"><a class=\"termslist-itemlink\" href=\"https:\/\/www.sfsic.org\/tag\/interdisciplinarite\/\" title=\"Interdisciplinarit\u00e9\"><span class=\"termslist-itemname\">Interdisciplinarit\u00e9<\/span><\/a><\/li>\n<\/ul><\/div>\n<\/p><\/div>\n<\/p><\/div>\n<\/p><\/div>\n<\/p><\/div>\n<\/div>\n<p><!-- \/fxzn:singledetail --><\/p>\n","protected":false},"excerpt":{"rendered":"<p>Mis en ligne le 11 mars 2021 Th\u00e9matiques Images, cin\u00e9ma, m\u00e9dias audiovisuels et industries culturelles M\u00e9dias et journalisme M\u00e9diation des savoirs, \u00e9ducation et formation R\u00e9ponse attendue pour le 02\/07\/2021 Type [&hellip;]<\/p>\n","protected":false},"author":957,"featured_media":0,"comment_status":"closed","ping_status":"closed","sticky":false,"template":"","format":"standard","meta":{"_acf_changed":false,"footnotes":""},"categories":[29,58],"tags":[434,201],"thematique":[35,34,43],"sfsic":[],"class_list":["post-16138","post","type-post","status-publish","format-standard","hentry","category-aac-evenement","category-journee-etude","tag-environnement","tag-interdisciplinarite","thematique-images-cinema-medias-audiovisuels-et-industries-culturelles","thematique-medias-et-journalisme","thematique-mediation-des-savoirs-education-et-formation","wp-sticky"],"acf":[],"yoast_head":"<!-- This site is optimized with the Yoast SEO plugin v27.4 - https:\/\/yoast.com\/product\/yoast-seo-wordpress\/ -->\n<title>Pesticides : dialogues interdisciplinaires et sciences humaines et sociales<\/title>\n<meta name=\"description\" content=\"La journ\u00e9e d&#039;\u00e9tude &quot;Pesticides : dialogues interdisciplinaires et sciences humaines et sociales&quot; aura lieu les 21 et 22 octobre 2021 \u00e0 la MSH Dijon et en distanciel. Elle est organis\u00e9e par Nataly Botero, H\u00e9l\u00e8ne Ledouble et Fran\u00e7ois Allard-Huver. L&#039;appel \u00e0 contributions est en ligne.\" \/>\n<meta name=\"robots\" content=\"index, follow, max-snippet:-1, max-image-preview:large, max-video-preview:-1\" \/>\n<link rel=\"canonical\" href=\"https:\/\/www.sfsic.org\/en\/aac-evenement\/pesticides-dialogues-interdisciplinaires-et-sciences-humaines-et-sociales\/\" \/>\n<meta property=\"og:locale\" content=\"en_US\" \/>\n<meta property=\"og:type\" content=\"article\" \/>\n<meta property=\"og:title\" content=\"Pesticides : dialogues interdisciplinaires et sciences humaines et sociales\" \/>\n<meta property=\"og:description\" content=\"La journ\u00e9e d&#039;\u00e9tude &quot;Pesticides : dialogues interdisciplinaires et sciences humaines et sociales&quot; aura lieu les 21 et 22 octobre 2021 \u00e0 la MSH Dijon et en distanciel. Elle est organis\u00e9e par Nataly Botero, H\u00e9l\u00e8ne Ledouble et Fran\u00e7ois Allard-Huver. L&#039;appel \u00e0 contributions est en ligne.\" \/>\n<meta property=\"og:url\" content=\"https:\/\/www.sfsic.org\/en\/aac-evenement\/pesticides-dialogues-interdisciplinaires-et-sciences-humaines-et-sociales\/\" \/>\n<meta property=\"og:site_name\" content=\"SFSIC\" \/>\n<meta property=\"article:published_time\" content=\"2021-03-11T11:23:58+00:00\" \/>\n<meta property=\"article:modified_time\" content=\"2021-06-03T20:06:18+00:00\" \/>\n<meta name=\"author\" content=\"Fabien Bonnet\" \/>\n<meta name=\"twitter:card\" content=\"summary_large_image\" \/>\n<script type=\"application\/ld+json\" class=\"yoast-schema-graph\">{\"@context\":\"https:\\\/\\\/schema.org\",\"@graph\":[{\"@type\":\"Article\",\"@id\":\"https:\\\/\\\/www.sfsic.org\\\/en\\\/aac-evenement\\\/pesticides-dialogues-interdisciplinaires-et-sciences-humaines-et-sociales\\\/#article\",\"isPartOf\":{\"@id\":\"https:\\\/\\\/www.sfsic.org\\\/en\\\/aac-evenement\\\/pesticides-dialogues-interdisciplinaires-et-sciences-humaines-et-sociales\\\/\"},\"author\":{\"name\":\"Fabien Bonnet\",\"@id\":\"https:\\\/\\\/www.sfsic.org\\\/en\\\/#\\\/schema\\\/person\\\/9f83573bda33f40c68c7c826e9567df6\"},\"headline\":\"Pesticides : dialogues interdisciplinaires et sciences humaines et sociales\",\"datePublished\":\"2021-03-11T11:23:58+00:00\",\"dateModified\":\"2021-06-03T20:06:18+00:00\",\"mainEntityOfPage\":{\"@id\":\"https:\\\/\\\/www.sfsic.org\\\/en\\\/aac-evenement\\\/pesticides-dialogues-interdisciplinaires-et-sciences-humaines-et-sociales\\\/\"},\"wordCount\":1313,\"publisher\":{\"@id\":\"https:\\\/\\\/www.sfsic.org\\\/en\\\/#organization\"},\"keywords\":[\"Environnement\",\"Interdisciplinarit\u00e9\"],\"articleSection\":[\"AAC \u00c9v\u00e9nement\",\"Journ\u00e9e d\u2019\u00e9tude\"],\"inLanguage\":\"en-US\"},{\"@type\":\"WebPage\",\"@id\":\"https:\\\/\\\/www.sfsic.org\\\/en\\\/aac-evenement\\\/pesticides-dialogues-interdisciplinaires-et-sciences-humaines-et-sociales\\\/\",\"url\":\"https:\\\/\\\/www.sfsic.org\\\/en\\\/aac-evenement\\\/pesticides-dialogues-interdisciplinaires-et-sciences-humaines-et-sociales\\\/\",\"name\":\"Pesticides : dialogues interdisciplinaires et sciences humaines et sociales\",\"isPartOf\":{\"@id\":\"https:\\\/\\\/www.sfsic.org\\\/en\\\/#website\"},\"datePublished\":\"2021-03-11T11:23:58+00:00\",\"dateModified\":\"2021-06-03T20:06:18+00:00\",\"description\":\"La journ\u00e9e d'\u00e9tude \\\"Pesticides : dialogues interdisciplinaires et sciences humaines et sociales\\\" aura lieu les 21 et 22 octobre 2021 \u00e0 la MSH Dijon et en distanciel. Elle est organis\u00e9e par Nataly Botero, H\u00e9l\u00e8ne Ledouble et Fran\u00e7ois Allard-Huver. L'appel \u00e0 contributions est en ligne.\",\"breadcrumb\":{\"@id\":\"https:\\\/\\\/www.sfsic.org\\\/en\\\/aac-evenement\\\/pesticides-dialogues-interdisciplinaires-et-sciences-humaines-et-sociales\\\/#breadcrumb\"},\"inLanguage\":\"en-US\",\"potentialAction\":[{\"@type\":\"ReadAction\",\"target\":[\"https:\\\/\\\/www.sfsic.org\\\/en\\\/aac-evenement\\\/pesticides-dialogues-interdisciplinaires-et-sciences-humaines-et-sociales\\\/\"]}]},{\"@type\":\"BreadcrumbList\",\"@id\":\"https:\\\/\\\/www.sfsic.org\\\/en\\\/aac-evenement\\\/pesticides-dialogues-interdisciplinaires-et-sciences-humaines-et-sociales\\\/#breadcrumb\",\"itemListElement\":[{\"@type\":\"ListItem\",\"position\":1,\"name\":\"Accueil\",\"item\":\"https:\\\/\\\/www.sfsic.org\\\/en\\\/\"},{\"@type\":\"ListItem\",\"position\":2,\"name\":\"Calls for Contributions\",\"item\":\"https:\\\/\\\/www.sfsic.org\\\/en\\\/cfc-event\\\/\"},{\"@type\":\"ListItem\",\"position\":3,\"name\":\"Study Day\",\"item\":\"https:\\\/\\\/www.sfsic.org\\\/en\\\/cfc-event\\\/study-day\\\/\"},{\"@type\":\"ListItem\",\"position\":4,\"name\":\"Pesticides&#160;: dialogues interdisciplinaires et sciences humaines et sociales\"}]},{\"@type\":\"WebSite\",\"@id\":\"https:\\\/\\\/www.sfsic.org\\\/en\\\/#website\",\"url\":\"https:\\\/\\\/www.sfsic.org\\\/en\\\/\",\"name\":\"SFSIC\",\"description\":\"Soci\u00e9t\u00e9 Fran\u00e7aise des Sciences de l&#039;Information &amp; de la Communication\",\"publisher\":{\"@id\":\"https:\\\/\\\/www.sfsic.org\\\/en\\\/#organization\"},\"potentialAction\":[{\"@type\":\"SearchAction\",\"target\":{\"@type\":\"EntryPoint\",\"urlTemplate\":\"https:\\\/\\\/www.sfsic.org\\\/en\\\/?s={search_term_string}\"},\"query-input\":{\"@type\":\"PropertyValueSpecification\",\"valueRequired\":true,\"valueName\":\"search_term_string\"}}],\"inLanguage\":\"en-US\"},{\"@type\":\"Organization\",\"@id\":\"https:\\\/\\\/www.sfsic.org\\\/en\\\/#organization\",\"name\":\"SFSIC\",\"url\":\"https:\\\/\\\/www.sfsic.org\\\/en\\\/\",\"logo\":{\"@type\":\"ImageObject\",\"inLanguage\":\"en-US\",\"@id\":\"https:\\\/\\\/www.sfsic.org\\\/en\\\/#\\\/schema\\\/logo\\\/image\\\/\",\"url\":\"https:\\\/\\\/www.sfsic.org\\\/wp-inside\\\/uploads\\\/2020\\\/05\\\/logo-sfsic.jpg\",\"contentUrl\":\"https:\\\/\\\/www.sfsic.org\\\/wp-inside\\\/uploads\\\/2020\\\/05\\\/logo-sfsic.jpg\",\"width\":1085,\"height\":1080,\"caption\":\"SFSIC\"},\"image\":{\"@id\":\"https:\\\/\\\/www.sfsic.org\\\/en\\\/#\\\/schema\\\/logo\\\/image\\\/\"}},{\"@type\":\"Person\",\"@id\":\"https:\\\/\\\/www.sfsic.org\\\/en\\\/#\\\/schema\\\/person\\\/9f83573bda33f40c68c7c826e9567df6\",\"name\":\"Fabien Bonnet\",\"image\":{\"@type\":\"ImageObject\",\"inLanguage\":\"en-US\",\"@id\":\"https:\\\/\\\/secure.gravatar.com\\\/avatar\\\/88a9288fc13369cb9e30359afa340f8adace82098c18ff09415c6dacd710ddc4?s=96&d=mm&r=g\",\"url\":\"https:\\\/\\\/secure.gravatar.com\\\/avatar\\\/88a9288fc13369cb9e30359afa340f8adace82098c18ff09415c6dacd710ddc4?s=96&d=mm&r=g\",\"contentUrl\":\"https:\\\/\\\/secure.gravatar.com\\\/avatar\\\/88a9288fc13369cb9e30359afa340f8adace82098c18ff09415c6dacd710ddc4?s=96&d=mm&r=g\",\"caption\":\"Fabien Bonnet\"}}]}<\/script>\n<!-- \/ Yoast SEO plugin. -->","yoast_head_json":{"title":"Pesticides : dialogues interdisciplinaires et sciences humaines et sociales","description":"La journ\u00e9e d'\u00e9tude \"Pesticides : dialogues interdisciplinaires et sciences humaines et sociales\" aura lieu les 21 et 22 octobre 2021 \u00e0 la MSH Dijon et en distanciel. Elle est organis\u00e9e par Nataly Botero, H\u00e9l\u00e8ne Ledouble et Fran\u00e7ois Allard-Huver. L'appel \u00e0 contributions est en ligne.","robots":{"index":"index","follow":"follow","max-snippet":"max-snippet:-1","max-image-preview":"max-image-preview:large","max-video-preview":"max-video-preview:-1"},"canonical":"https:\/\/www.sfsic.org\/en\/aac-evenement\/pesticides-dialogues-interdisciplinaires-et-sciences-humaines-et-sociales\/","og_locale":"en_US","og_type":"article","og_title":"Pesticides : dialogues interdisciplinaires et sciences humaines et sociales","og_description":"La journ\u00e9e d'\u00e9tude \"Pesticides : dialogues interdisciplinaires et sciences humaines et sociales\" aura lieu les 21 et 22 octobre 2021 \u00e0 la MSH Dijon et en distanciel. Elle est organis\u00e9e par Nataly Botero, H\u00e9l\u00e8ne Ledouble et Fran\u00e7ois Allard-Huver. L'appel \u00e0 contributions est en ligne.","og_url":"https:\/\/www.sfsic.org\/en\/aac-evenement\/pesticides-dialogues-interdisciplinaires-et-sciences-humaines-et-sociales\/","og_site_name":"SFSIC","article_published_time":"2021-03-11T11:23:58+00:00","article_modified_time":"2021-06-03T20:06:18+00:00","author":"Fabien Bonnet","twitter_card":"summary_large_image","schema":{"@context":"https:\/\/schema.org","@graph":[{"@type":"Article","@id":"https:\/\/www.sfsic.org\/en\/aac-evenement\/pesticides-dialogues-interdisciplinaires-et-sciences-humaines-et-sociales\/#article","isPartOf":{"@id":"https:\/\/www.sfsic.org\/en\/aac-evenement\/pesticides-dialogues-interdisciplinaires-et-sciences-humaines-et-sociales\/"},"author":{"name":"Fabien Bonnet","@id":"https:\/\/www.sfsic.org\/en\/#\/schema\/person\/9f83573bda33f40c68c7c826e9567df6"},"headline":"Pesticides : dialogues interdisciplinaires et sciences humaines et sociales","datePublished":"2021-03-11T11:23:58+00:00","dateModified":"2021-06-03T20:06:18+00:00","mainEntityOfPage":{"@id":"https:\/\/www.sfsic.org\/en\/aac-evenement\/pesticides-dialogues-interdisciplinaires-et-sciences-humaines-et-sociales\/"},"wordCount":1313,"publisher":{"@id":"https:\/\/www.sfsic.org\/en\/#organization"},"keywords":["Environnement","Interdisciplinarit\u00e9"],"articleSection":["AAC \u00c9v\u00e9nement","Journ\u00e9e d\u2019\u00e9tude"],"inLanguage":"en-US"},{"@type":"WebPage","@id":"https:\/\/www.sfsic.org\/en\/aac-evenement\/pesticides-dialogues-interdisciplinaires-et-sciences-humaines-et-sociales\/","url":"https:\/\/www.sfsic.org\/en\/aac-evenement\/pesticides-dialogues-interdisciplinaires-et-sciences-humaines-et-sociales\/","name":"Pesticides : dialogues interdisciplinaires et sciences humaines et sociales","isPartOf":{"@id":"https:\/\/www.sfsic.org\/en\/#website"},"datePublished":"2021-03-11T11:23:58+00:00","dateModified":"2021-06-03T20:06:18+00:00","description":"La journ\u00e9e d'\u00e9tude \"Pesticides : dialogues interdisciplinaires et sciences humaines et sociales\" aura lieu les 21 et 22 octobre 2021 \u00e0 la MSH Dijon et en distanciel. Elle est organis\u00e9e par Nataly Botero, H\u00e9l\u00e8ne Ledouble et Fran\u00e7ois Allard-Huver. L'appel \u00e0 contributions est en ligne.","breadcrumb":{"@id":"https:\/\/www.sfsic.org\/en\/aac-evenement\/pesticides-dialogues-interdisciplinaires-et-sciences-humaines-et-sociales\/#breadcrumb"},"inLanguage":"en-US","potentialAction":[{"@type":"ReadAction","target":["https:\/\/www.sfsic.org\/en\/aac-evenement\/pesticides-dialogues-interdisciplinaires-et-sciences-humaines-et-sociales\/"]}]},{"@type":"BreadcrumbList","@id":"https:\/\/www.sfsic.org\/en\/aac-evenement\/pesticides-dialogues-interdisciplinaires-et-sciences-humaines-et-sociales\/#breadcrumb","itemListElement":[{"@type":"ListItem","position":1,"name":"Accueil","item":"https:\/\/www.sfsic.org\/en\/"},{"@type":"ListItem","position":2,"name":"Calls for Contributions","item":"https:\/\/www.sfsic.org\/en\/cfc-event\/"},{"@type":"ListItem","position":3,"name":"Study Day","item":"https:\/\/www.sfsic.org\/en\/cfc-event\/study-day\/"},{"@type":"ListItem","position":4,"name":"Pesticides&#160;: dialogues interdisciplinaires et sciences humaines et sociales"}]},{"@type":"WebSite","@id":"https:\/\/www.sfsic.org\/en\/#website","url":"https:\/\/www.sfsic.org\/en\/","name":"SFSIC","description":"Soci\u00e9t\u00e9 Fran\u00e7aise des Sciences de l&#039;Information &amp; de la Communication","publisher":{"@id":"https:\/\/www.sfsic.org\/en\/#organization"},"potentialAction":[{"@type":"SearchAction","target":{"@type":"EntryPoint","urlTemplate":"https:\/\/www.sfsic.org\/en\/?s={search_term_string}"},"query-input":{"@type":"PropertyValueSpecification","valueRequired":true,"valueName":"search_term_string"}}],"inLanguage":"en-US"},{"@type":"Organization","@id":"https:\/\/www.sfsic.org\/en\/#organization","name":"SFSIC","url":"https:\/\/www.sfsic.org\/en\/","logo":{"@type":"ImageObject","inLanguage":"en-US","@id":"https:\/\/www.sfsic.org\/en\/#\/schema\/logo\/image\/","url":"https:\/\/www.sfsic.org\/wp-inside\/uploads\/2020\/05\/logo-sfsic.jpg","contentUrl":"https:\/\/www.sfsic.org\/wp-inside\/uploads\/2020\/05\/logo-sfsic.jpg","width":1085,"height":1080,"caption":"SFSIC"},"image":{"@id":"https:\/\/www.sfsic.org\/en\/#\/schema\/logo\/image\/"}},{"@type":"Person","@id":"https:\/\/www.sfsic.org\/en\/#\/schema\/person\/9f83573bda33f40c68c7c826e9567df6","name":"Fabien Bonnet","image":{"@type":"ImageObject","inLanguage":"en-US","@id":"https:\/\/secure.gravatar.com\/avatar\/88a9288fc13369cb9e30359afa340f8adace82098c18ff09415c6dacd710ddc4?s=96&d=mm&r=g","url":"https:\/\/secure.gravatar.com\/avatar\/88a9288fc13369cb9e30359afa340f8adace82098c18ff09415c6dacd710ddc4?s=96&d=mm&r=g","contentUrl":"https:\/\/secure.gravatar.com\/avatar\/88a9288fc13369cb9e30359afa340f8adace82098c18ff09415c6dacd710ddc4?s=96&d=mm&r=g","caption":"Fabien Bonnet"}}]}},"_links":{"self":[{"href":"https:\/\/www.sfsic.org\/en\/wp-json\/wp\/v2\/posts\/16138","targetHints":{"allow":["GET"]}}],"collection":[{"href":"https:\/\/www.sfsic.org\/en\/wp-json\/wp\/v2\/posts"}],"about":[{"href":"https:\/\/www.sfsic.org\/en\/wp-json\/wp\/v2\/types\/post"}],"author":[{"embeddable":true,"href":"https:\/\/www.sfsic.org\/en\/wp-json\/wp\/v2\/users\/957"}],"replies":[{"embeddable":true,"href":"https:\/\/www.sfsic.org\/en\/wp-json\/wp\/v2\/comments?post=16138"}],"version-history":[{"count":2,"href":"https:\/\/www.sfsic.org\/en\/wp-json\/wp\/v2\/posts\/16138\/revisions"}],"predecessor-version":[{"id":18386,"href":"https:\/\/www.sfsic.org\/en\/wp-json\/wp\/v2\/posts\/16138\/revisions\/18386"}],"wp:attachment":[{"href":"https:\/\/www.sfsic.org\/en\/wp-json\/wp\/v2\/media?parent=16138"}],"wp:term":[{"taxonomy":"category","embeddable":true,"href":"https:\/\/www.sfsic.org\/en\/wp-json\/wp\/v2\/categories?post=16138"},{"taxonomy":"post_tag","embeddable":true,"href":"https:\/\/www.sfsic.org\/en\/wp-json\/wp\/v2\/tags?post=16138"},{"taxonomy":"thematique","embeddable":true,"href":"https:\/\/www.sfsic.org\/en\/wp-json\/wp\/v2\/thematique?post=16138"},{"taxonomy":"sfsic","embeddable":true,"href":"https:\/\/www.sfsic.org\/en\/wp-json\/wp\/v2\/sfsic?post=16138"}],"curies":[{"name":"wp","href":"https:\/\/api.w.org\/{rel}","templated":true}]}}