{"id":16043,"date":"2021-03-08T21:19:43","date_gmt":"2021-03-08T20:19:43","guid":{"rendered":"https:\/\/www.sfsic.org\/?p=16043"},"modified":"2021-03-08T21:19:43","modified_gmt":"2021-03-08T20:19:43","slug":"traces-et-representations-du-passe-dans-les-monuments-et-le-patrimoine","status":"publish","type":"post","link":"https:\/\/www.sfsic.org\/en\/aac-evenement\/traces-et-representations-du-passe-dans-les-monuments-et-le-patrimoine\/","title":{"rendered":"Traces et repr\u00e9sentations du pass\u00e9 dans les monuments et le patrimoine"},"content":{"rendered":"<p><!-- fxzn:singledetail --><\/p>\n<div class=\"zone zn-singledetail\" id=\"fxzn-singledetail-1\">\n<div class=\"zone-block zn-singledetail-block alignwide va-top\">\n<div class=\"row\">\n<div class=\"columns large-8 large-push-4\">\n<div class=\"zn-singledetail-metabox\">\n<div class=\"zn-singledetail-pubdate pubdate\">\n\t\t\t\t\t<span class=\"pubdate-txt\">Mis en ligne le<\/span><span class=\"doubledot\"><\/span> 3 mars 2021\t\t\t\t<\/div>\n<div class=\"zn-singledetail-thematiques with-sep-comma\">\n<ul class=\"termslist termslist-thematique\">\n<li class=\"termslist-item termslist-title\"><span class=\"termslist-titletxt\">Th\u00e9matiques<\/span><span class=\"doubledot\"><\/span><\/li>\n<li class=\"termslist-item tax-thematique term-mediations-memorielles-culturelles-patrimoniales\"><a class=\"termslist-itemlink\" href=\"https:\/\/www.sfsic.org\/thematiques\/mediations-memorielles-culturelles-patrimoniales\/\" title=\"M\u00e9diations m\u00e9morielles, culturelles et patrimoniales\"><span class=\"termslist-itemname\">M\u00e9diations m\u00e9morielles, culturelles et patrimoniales<\/span><\/a><\/li>\n<\/ul><\/div>\n<\/p><\/div>\n<\/p><\/div>\n<\/p><\/div>\n<div class=\"row\">\n<div class=\"columns large-4\">\n<div class=\"zn-singledetail-sidebar bg-cornersquares\">\n<div class=\"zn-singledetail-infos\">\n<p class=\"zn-singledetail-reponse-date\">\n\t\t\t\t\t\t<span>R\u00e9ponse attendue pour le<\/span><span class=\"doubledot\"><\/span> <strong>05\/04\/2021<\/strong>\n\t\t\t\t\t<\/p>\n<p class=\"zn-singledetail-reponse-type\">\n\t\t\t\t\t<span>Type de r\u00e9ponse<\/span><span class=\"doubledot\"><\/span> <strong>R\u00e9sum\u00e9<\/strong>\n\t\t\t\t\t<\/p>\n<p class=\"zn-singledetail-type\">\n\t\t\t\t\t\t\t<span>Type d\u2019\u00e9v\u00e9nement<\/span><span class=\"doubledot\"><\/span> <strong>Journ\u00e9e d\u2019\u00e9tude<\/strong>\n\t\t\t\t\t<\/p>\n<\/p><\/div>\n<div class=\"zn-singledetail-coordinators\">\n<h3 class=\"zn-singledetail-section-title\">Coordinateurs<\/h3>\n<ul class=\"zn-singledetail-coordinators-list\">\n<li class=\"zn-singledetail-coordinators-item\">\n\t\t\t\t\t\t\t<span>Claire <\/span> <span>BARBILLON <\/span>, <span>Universit\u00e9 de Poitiers \/ \u00c9cole du Louvre<\/span>\t\t\t\t\t\t\t\t\t\t\t\t\t<\/li>\n<li class=\"zn-singledetail-coordinators-item\">\n\t\t\t\t\t\t\t<span>Thomas <\/span> <span>KIRCHNER<\/span>, <span>Centre allemand d\u2019histoire de l\u2019art<\/span>\t\t\t\t\t\t\t\t\t\t\t\t\t<\/li>\n<li class=\"zn-singledetail-coordinators-item\">\n\t\t\t\t\t\t\t<span>Fran\u00e7ois-Ren\u00e9 <\/span> <span>MARTIN <\/span>, <span>\u00c9cole du Louvre, \u00c9cole nationale sup\u00e9rieure des beaux-arts de Paris<\/span>\t\t\t\t\t\t\t\t\t\t\t\t\t<\/li>\n<li class=\"zn-singledetail-coordinators-item\">\n\t\t\t\t\t\t\t<span>St\u00e9phane<\/span> <span> MICHONNEAU <\/span>, <span>Universit\u00e9 de Lille<\/span>\t\t\t\t\t\t\t\t\t\t\t\t\t<\/li>\n<\/ul><\/div>\n<div class=\"zn-singledetail-weblinks\">\n<h3 class=\"zn-singledetail-section-title\">Sites internet de r\u00e9f\u00e9rence<\/h3>\n<ul class=\"zn-singledetail-weblinks-list\">\n<li>\n\t\t\t\t\t\t\t<a class=\"prettylink chainlink\" href=\"https:\/\/www.casadevelazquez.org\/es\/investigacion\/news\/huellas-y-representaciones-del-pasado-en-los-monumentos-y-el-patrimonio-siglos-xix-xxi-europa-am\/\" title=\"Casa de Vel\u00e1zquez \" target=\"_blank\" rel=\"noopener\">Casa de Vel\u00e1zquez <\/a>\n\t\t\t\t\t\t<\/li>\n<\/ul><\/div>\n<\/p><\/div>\n<\/p><\/div>\n<div class=\"columns large-8\">\n<div class=\"zn-singledetail-contentbox\">\n<div class=\"zn-singledetail-eventinfo\">\n<div class=\"zn-singledetail-eventinfo-inner\">\n<div class=\"zn-singledetail-eventdates\">\n\t\t\t\t\t\t<span class=\"zn-singledetail-label\">Dates de l\u2019\u00e9v\u00e9nement<span class=\"doubledot\"><\/span><\/span><\/p>\n<ul class=\"zn-singledetail-eventdates-list\">\n<li class=\"zn-singledetail-eventdates-item\">\n\t\t\t\t\t\t\t\tDu 17\/05\/2021 au 22\/05\/2021\t\t\t\t\t\t\t<\/li>\n<\/ul><\/div>\n<p class=\"zn-singledetail-eventplace\">\n\t\t\t\t\t\t<span class=\"zn-singledetail-label\">Lieu de l\u2019\u00e9v\u00e9nement<span class=\"doubledot\"><\/span><\/span><br \/>\n\t\t\t\t\t\t<span class=\"zn-singledetail-eventplace-adr\"><br \/>\n\t\t\t\t\t\t\t\t\t\t\t\t<span class=\"adr-name\">Atelier doctoral<\/span>,<\/p>\n<p>\t\t\t\t\t\t\t\t\t\t\t\t<span class=\"adr-place\">Casa de Vel\u00e1zquez <\/span>,<\/p>\n<p>\t\t\t\t\t\t<span class=\"adr-city\">Madrid<\/span>\t\t\t\t\t\t, <span class=\"adr-country\">Espagne<\/span><br \/>\n\t\t\t\t\t\t<\/span>\t\t\t\t\t<\/p>\n<\/p><\/div>\n<\/p><\/div>\n<div class=\"zn-singledetail-annonce wig-content\">\n<p>Les <em>traces<\/em> du pass\u00e9 constituent les buttes-t\u00e9moins (des t\u00e9moins) d&rsquo;\u00e9v\u00e9nements historiques \u00e0 jamais r\u00e9volus&#160;: elles rendent pr\u00e9sent ce qui appartient au pass\u00e9 et l&rsquo;incarnent de mani\u00e8re non intentionnelle. Elles sont parfois l&rsquo;objet d&rsquo;un r\u00e9investissement symbolique qui les d\u00e9signe en <em>marques<\/em>, caract\u00e9ris\u00e9es par une signature intentionnelle de la part d&rsquo;un acteur identifiable. Ce marquage est toujours une forme d&rsquo;appropriation symbolique et spatiale &#8211; a minima, un droit de pr\u00e9sence, a maxima, l&rsquo;affirmation d&rsquo;une revendication &#8211; de la trace mat\u00e9rielle, c&rsquo;est-\u00e0-dire une production de signes.<\/p>\n<p>Les marques produites par les groupes sociaux et les individus sont d&rsquo;une tr\u00e8s grande vari\u00e9t\u00e9. On peut cependant les regrouper sous deux grands types&#160;: les inscriptions graphiques ou imag\u00e9es, plut\u00f4t \u00e9ph\u00e9m\u00e8res et fragiles, et les constructions monumentales, g\u00e9n\u00e9ralement p\u00e9rennes. Sans exclure les premi\u00e8res, nous nous int\u00e9ressons ici aux formes durables, en excluant les marquages ne s&rsquo;op\u00e9rant pas \u00e0 partir d&rsquo;une trace (par exemple, un monument aux morts communal n&rsquo;a que rarement de lien avec une trace ou un vestige de guerre). Ces interventions rel\u00e8vent de deux grands types d&rsquo;op\u00e9ration&#160;: la conservation, la monumentalisation et la patrimonialisation de certaines traces d&rsquo;une part, la d\u00e9molition ou l&rsquo;effacement plus ou moins intentionnel d&rsquo;autres traces d&rsquo;autre part. Ainsi, patrimonialisation et d\u00e9molition doivent \u00eatre pens\u00e9es de mani\u00e8re dialectique.<\/p>\n<p>Le cadre g\u00e9ographique et temporel retenu recouvre toute l&rsquo;\u00e9poque contemporaine (XIX<sup>e<\/sup>-XXI<sup>e<\/sup> si\u00e8cle), jusqu&rsquo;\u00e0 l&rsquo;actualit\u00e9. L&rsquo;aire \u00e9tudi\u00e9e recouvre l&rsquo;Europe dans un sens large (\u00ab&#160;de l&rsquo;Atlantique \u00e0 l&rsquo;Oural&#160;\u00bb) et le monde ib\u00e9ro-am\u00e9ricain dans son ensemble (donc Br\u00e9sil compris). Les Cara\u00efbes sont \u00e9galement incluses. L&rsquo;enjeu est ici d&rsquo;historiciser les usages des traces et des monuments selon les p\u00e9riodes consid\u00e9r\u00e9es et de les situer dans un contexte local pr\u00e9cis afin d&rsquo;en rep\u00e9rer d&rsquo;\u00e9ventuelles singularit\u00e9s. Le jeu des circulations, des imitations dans l&rsquo;espace euro-am\u00e9ricain fera l&rsquo;objet d&rsquo;une attention particuli\u00e8re.<\/p>\n<h3><strong>L&rsquo;atelier doctoral s&rsquo;articulera autour des axes suivants&#160;:<\/strong><\/h3>\n<h3>1. La reconnaissance des traces<\/h3>\n<p>Les traces du pass\u00e9 peuvent \u00eatre visibles ou pas&#160;: dans tous les cas, elles supposent un processus de recherche et d&rsquo;identification, qu&rsquo;elles soient mat\u00e9rielles ou immat\u00e9rielles. Peut-on parler d&#8217;\u00a0\u00bbinvention des traces&#160;\u00bb&#160;? Quelle est la valeur et le sens de cette d\u00e9marche que l&rsquo;on pourrait qualifier peut-\u00eatre d&rsquo;arch\u00e9ologique, d&rsquo;antiquaire plus s\u00fbrement&#160;? Toutes les traces ne font pas l&rsquo;objet d&rsquo;une attention. Que signifient l&rsquo;effacement, l&rsquo;abandon voire la destruction intentionnelle des traces&#160;?<\/p>\n<h3>2. Donner sens aux traces<\/h3>\n<p>Les traces sont l&rsquo;objet d&rsquo;une resignification, notamment \u00e0 travers des expressions artistiques&#160;: l&rsquo;architecture, la sculpture mais aussi les repr\u00e9sentations graphiques. Les traces marqu\u00e9es peuvent \u00eatre \u00e9galement activ\u00e9es par des comm\u00e9morations. Enfin, elle peuvent \u00eatre r\u00e9investies comme patrimoine, \u00e0 condition de prendre en compte la dilatation de la notion de patrimoine au cours du temps, par rapport \u00e0 la notion de monuments historiques d\u00e9velopp\u00e9e au XIX<sup>e<\/sup> si\u00e8cle. Quels sont les formes artistiques et les modes d&rsquo;instrumentalisation des traces&#160;? Qui sont les acteurs de ces op\u00e9rations de (re)signification des traces&#160;?<\/p>\n<h3>3. Repr\u00e9senter le pass\u00e9<\/h3>\n<p>Les op\u00e9rations de marquage impliquent des repr\u00e9sentations s\u00e9lectives du pass\u00e9. Quels types de langages artistique ou historiographique sur le pass\u00e9 sont-ils \u00e9labor\u00e9s&#160;? En quoi sont-ils \u00e0 la fois cr\u00e9ateurs d&rsquo;identit\u00e9s sociales et instaurateurs de l\u00e9gitimit\u00e9s politiques&#160;? Dans quel mesure les r\u00e9cits historiques, au sens strict du terme, c&rsquo;est-\u00e0-dire produits par des professionnels des questions du pass\u00e9, participent-ils de la construction des m\u00e9moires de ces lieux&#160;? Comment les oeuvres artistiques s&rsquo;approprient et mettent en sc\u00e8ne ce pass\u00e9&#160;?<\/p>\n<h3>4. Transferts et circulation monumentales<\/h3>\n<p>Il peut \u00e9galement exister des formes, des mani\u00e8res de faire, des acteurs propres \u00e0 l&rsquo;aire \u00e9tudi\u00e9e, \u00e0 l&rsquo;\u00e9poque consid\u00e9r\u00e9e. Peut-on rep\u00e9rer des mod\u00e8les selon les \u00e9poques ou les espaces \u00e9tudi\u00e9s&#160;? Quelles sont les circulations en jeu dans l&rsquo;espace euro-am\u00e9ricain&#160;? R\u00e9pondent-elles n\u00e9cessairement \u00e0 une vision europ\u00e9ocentriste et diffusionniste&#160;? La question de la modernit\u00e9 dans les monuments pourra \u00eatre abord\u00e9e. Existe-t-il des monuments abstraits&#160;? Le Monument \u00e0 la m\u00e9moire de Rosa Luxembourg et Karl Liebknecht de Mies van der Rohe (1926), d\u00e9truit par les Nazis est un cas embl\u00e9matique.<\/p>\n<h3>5. Contre-monuments, anti-monuments<\/h3>\n<p>Un lien existe entre la mise en m\u00e9moire et le cadre spatial dans lequel elle se d\u00e9ploie. R\u00e9cemment, ce lien a pu \u00eatre remis\u00a0en question par les contre-monuments (Jochan Gertz), des anti-monuments (Dani Karavan \u00e0 Port-Bou) ou encore par l&rsquo;attention port\u00e9e \u00e0 des paysages de m\u00e9moire vides de trace, comme ceux de la Kolyma. Quelles sont les strat\u00e9gies d&rsquo;appropriation de l&rsquo;espace mises en \u0153uvre&#160;? En quoi les contre-monuments, ou des anti-monuments remettent-ils en question la question de la monumentalit\u00e9&#160;? Un paysage peut-il faire m\u00e9moire&#160;? La m\u00e9moire a-t-elle toujours besoin de traces pour se fixer, se construire&#160;?<\/p>\n<h3>6. Vandalisme, destructions, remplacements<\/h3>\n<p>Le vandalisme ou les destructions monumentales sont d&rsquo;actualit\u00e9, lorsque leur contenu politique et m\u00e9moriel ne semble plus correspondre aux attentes des soci\u00e9t\u00e9s contemporaines (monuments aux esclavagistes, aux d\u00e9couvreurs, etc.). D&rsquo;autres monuments sont d\u00e9plac\u00e9s, remplac\u00e9s (monuments \u00e9questres de Franco). L&rsquo;art contemporain prend une part active dans ces op\u00e9rations de resignification. Ces gestes ne sont-ils pas des atteintes au patrimoine monumental&#160;? Jusqu&rsquo;\u00e0 quel point la resignification d&rsquo;un monument est-elle possible&#160;? Souhaitable&#160;? Pourquoi les monuments cristallisent-ils ces d\u00e9bats&#160;? Comment certains d&rsquo;entre eux sont devenus pol\u00e9miques&#160;?<\/p>\n<h2>Modalit\u00e9s<\/h2>\n<h3><strong>Public et organisation de l&rsquo;\u00c9cole th\u00e9matique<\/strong><\/h3>\n<p>L&rsquo;\u00e9cole th\u00e9matique s&rsquo;adresse \u00e0 des <strong>doctorants et \u00e0 des post-doctorants <\/strong>(5 ans apr\u00e8s la date de soutenance). Elle peut s&rsquo;adresser, <strong>au cas par cas, \u00e0 des mast\u00e9rants de M2<\/strong>.<\/p>\n<p>Elle est pr\u00e9c\u00e9d\u00e9e d&rsquo;une journ\u00e9e d&rsquo;\u00e9tude franco-allemande&#160;: tous les participants sont convi\u00e9s \u00e0 y assister en pr\u00e9sentiel dans la limite des places disponibles (20 participants).<\/p>\n<p>L&rsquo;\u00e9cole comprend des conf\u00e9rences historiographiques, m\u00e9thodologiques ou de recherche d&rsquo;une part, des ateliers r\u00e9alis\u00e9s en groupe restreint d&rsquo;autre part. Une production scientifique collective sera \u00e9labor\u00e9e par les participants. Les langues de travail sont le fran\u00e7ais, l&rsquo;espagnol et l&rsquo;anglais.<\/p>\n<h2><strong>Aspects pratiques<\/strong><\/h2>\n<p>Le prix de l\u2019inscription est de\u00a0<strong>50\u20ac<\/strong> (\u00e0 travers le syst\u00e8me de paiement Paypal).<\/p>\n<p>Il comprend&#160;:<\/p>\n<ul>\n<li>le logement \u00e0 Madrid (en chambre double partag\u00e9e) pour les candidats qui en font la demande et qui ne r\u00e9sident pas \u00e0 Madrid.<\/li>\n<li>Les d\u00e9jeuners<\/li>\n<\/ul>\n<p>Les frais de d\u00e9placements et les d\u00eeners sont \u00e0 la charge des participants.<\/p>\n<p>Le mode distanciel sera l\u2019exception, sauf pour les participants am\u00e9ricains. Tous les participants feront aupr\u00e8s de leurs institutions de rattachement, des demandes de subvention pour les frais d&rsquo;inscription (50\u20ac) et de voyage jusqu\u2019\u00e0 Madrid.<\/p>\n<p>NB&#160;: les participants rattach\u00e9s \u00e0 une institution allemande pourront faire une demande de subvention aupr\u00e8s du Centre allemand d&rsquo;histoire de l&rsquo;art (<a href=\"mailto:tkirchner@dfk-paris.org\">tkirchner@dfk-paris.org<\/a>).<\/p>\n<p><sup><strong>MESURES SANITAIRES&#160;: Tout s\u00e9jour au sein de la Casa de Vel\u00e1zquez n\u00e9cessite la preuve d&rsquo;un test Covid PCR r\u00e9alis\u00e9 moins de 72h avant l&rsquo;heure d&rsquo;arriv\u00e9e. Un second test sera pris en charge \u00e0 Madrid pour le retour des participants chez eux.<\/strong><\/sup><\/p>\n<h2><strong>Inscriptions<\/strong><\/h2>\n<p><strong>Inscriptions jusqu&rsquo;au\u00a05 avril 2021 (17h00, heure de Madrid) <a href=\"https:\/\/www.casadevelazquez.org\/es\/investigacion\/formulaires\/epoques-moderne-et-contemporaine\/formulaire-traces-et-representations-du-passe-dans-les-monuments-et-le-patrimoine\/\">\u00e0 travers le formulaire en ligne<\/a>.\u00a0<\/strong><\/p>\n<p>\u00c0 compter du 9 avril 2021, les candidats seront inform\u00e9s du r\u00e9sultat de la s\u00e9lection.<\/p>\n<p>Les candidats devront joindre au formulaire, dans un m\u00eame document au format PDF, une lettre de motivation et un CV. La lettre de motivation devra indiquer, selon ses recherches, les 2 sous-axes pr\u00e9f\u00e9rentiels du candidat (par ordre de pr\u00e9f\u00e9rence) parmi les 6 expos\u00e9s ci-dessus. Le CV ne devra pas exc\u00e9der 3 pages.<\/p>\n<\/p><\/div>\n<div class=\"zn-singledetail-keywords\">\n<h3 class=\"zn-singledetail-section-title\">Mots-cl\u00e9s<\/h3>\n<ul class=\"termslist termslist-post_tag\">\n<li class=\"termslist-item termslist-title\"><span class=\"termslist-titletxt\">Mots-cl\u00e9s<\/span><span class=\"doubledot\"><\/span><\/li>\n<li class=\"termslist-item tax-post_tag term-doctorat\"><a class=\"termslist-itemlink\" href=\"https:\/\/www.sfsic.org\/tag\/doctorat\/\" title=\"Doctorat\"><span class=\"termslist-itemname\">Doctorat<\/span><\/a><\/li>\n<li class=\"termslist-item tax-post_tag term-histoire-de-lart\"><a class=\"termslist-itemlink\" href=\"https:\/\/www.sfsic.org\/tag\/histoire-de-lart\/\" title=\"Histoire de l'Art\"><span class=\"termslist-itemname\">Histoire de l&#8217;Art<\/span><\/a><\/li>\n<li class=\"termslist-item tax-post_tag term-patrimoine\"><a class=\"termslist-itemlink\" href=\"https:\/\/www.sfsic.org\/tag\/patrimoine\/\" title=\"Patrimoine\"><span class=\"termslist-itemname\">Patrimoine<\/span><\/a><\/li>\n<li class=\"termslist-item tax-post_tag term-traces\"><a class=\"termslist-itemlink\" href=\"https:\/\/www.sfsic.org\/tag\/traces\/\" title=\"Traces\"><span class=\"termslist-itemname\">Traces<\/span><\/a><\/li>\n<\/ul><\/div>\n<\/p><\/div>\n<\/p><\/div>\n<\/p><\/div>\n<\/p><\/div>\n<\/div>\n<p><!-- \/fxzn:singledetail --><\/p>\n","protected":false},"excerpt":{"rendered":"<p>Mis en ligne le 3 mars 2021 Th\u00e9matiques M\u00e9diations m\u00e9morielles, culturelles et patrimoniales R\u00e9ponse attendue pour le 05\/04\/2021 Type de r\u00e9ponse R\u00e9sum\u00e9 Type d\u2019\u00e9v\u00e9nement Journ\u00e9e d\u2019\u00e9tude Coordinateurs Claire BARBILLON , [&hellip;]<\/p>\n","protected":false},"author":781,"featured_media":0,"comment_status":"closed","ping_status":"closed","sticky":false,"template":"","format":"standard","meta":{"_acf_changed":false,"footnotes":""},"categories":[29,58],"tags":[159,398,193,301],"thematique":[38],"sfsic":[],"class_list":["post-16043","post","type-post","status-publish","format-standard","hentry","category-aac-evenement","category-journee-etude","tag-doctorat","tag-histoire-de-lart","tag-patrimoine","tag-traces","thematique-mediations-memorielles-culturelles-et-patrimoniales","wp-sticky"],"acf":[],"yoast_head":"<!-- This site is optimized with the Yoast SEO plugin v27.4 - https:\/\/yoast.com\/product\/yoast-seo-wordpress\/ -->\n<title>Traces et repr\u00e9sentations du pass\u00e9 dans les monuments et le patrimoine<\/title>\n<meta name=\"description\" content=\"Appel \u00e0 contribution pour un atelier doctoral sur le th\u00e8me &quot;Traces et repr\u00e9sentations du pass\u00e9 dans les monuments et le patrimoine.XIXe-XXIe si\u00e8cle (Europe-Am\u00e9rique latine)&quot;.\" \/>\n<meta name=\"robots\" content=\"index, follow, max-snippet:-1, max-image-preview:large, max-video-preview:-1\" \/>\n<link rel=\"canonical\" href=\"https:\/\/www.sfsic.org\/en\/aac-evenement\/traces-et-representations-du-passe-dans-les-monuments-et-le-patrimoine\/\" \/>\n<meta property=\"og:locale\" content=\"en_US\" \/>\n<meta property=\"og:type\" content=\"article\" \/>\n<meta property=\"og:title\" content=\"Traces et repr\u00e9sentations du pass\u00e9 dans les monuments et le patrimoine\" \/>\n<meta property=\"og:description\" content=\"Appel \u00e0 contribution pour un atelier doctoral sur le th\u00e8me &quot;Traces et repr\u00e9sentations du pass\u00e9 dans les monuments et le patrimoine.XIXe-XXIe si\u00e8cle (Europe-Am\u00e9rique latine)&quot;.\" \/>\n<meta property=\"og:url\" content=\"https:\/\/www.sfsic.org\/en\/aac-evenement\/traces-et-representations-du-passe-dans-les-monuments-et-le-patrimoine\/\" \/>\n<meta property=\"og:site_name\" content=\"SFSIC\" \/>\n<meta property=\"article:published_time\" content=\"2021-03-08T20:19:43+00:00\" \/>\n<meta name=\"author\" content=\"Axelle Martin\" \/>\n<meta name=\"twitter:card\" content=\"summary_large_image\" \/>\n<script type=\"application\/ld+json\" class=\"yoast-schema-graph\">{\"@context\":\"https:\\\/\\\/schema.org\",\"@graph\":[{\"@type\":\"Article\",\"@id\":\"https:\\\/\\\/www.sfsic.org\\\/en\\\/aac-evenement\\\/traces-et-representations-du-passe-dans-les-monuments-et-le-patrimoine\\\/#article\",\"isPartOf\":{\"@id\":\"https:\\\/\\\/www.sfsic.org\\\/en\\\/aac-evenement\\\/traces-et-representations-du-passe-dans-les-monuments-et-le-patrimoine\\\/\"},\"author\":{\"name\":\"Axelle Martin\",\"@id\":\"https:\\\/\\\/www.sfsic.org\\\/en\\\/#\\\/schema\\\/person\\\/d3606993477708f4359fb9aeda58df3b\"},\"headline\":\"Traces et repr\u00e9sentations du pass\u00e9 dans les monuments et le patrimoine\",\"datePublished\":\"2021-03-08T20:19:43+00:00\",\"mainEntityOfPage\":{\"@id\":\"https:\\\/\\\/www.sfsic.org\\\/en\\\/aac-evenement\\\/traces-et-representations-du-passe-dans-les-monuments-et-le-patrimoine\\\/\"},\"wordCount\":1548,\"publisher\":{\"@id\":\"https:\\\/\\\/www.sfsic.org\\\/en\\\/#organization\"},\"keywords\":[\"Doctorat\",\"Histoire de l'Art\",\"Patrimoine\",\"Traces\"],\"articleSection\":[\"AAC \u00c9v\u00e9nement\",\"Journ\u00e9e d\u2019\u00e9tude\"],\"inLanguage\":\"en-US\"},{\"@type\":\"WebPage\",\"@id\":\"https:\\\/\\\/www.sfsic.org\\\/en\\\/aac-evenement\\\/traces-et-representations-du-passe-dans-les-monuments-et-le-patrimoine\\\/\",\"url\":\"https:\\\/\\\/www.sfsic.org\\\/en\\\/aac-evenement\\\/traces-et-representations-du-passe-dans-les-monuments-et-le-patrimoine\\\/\",\"name\":\"Traces et repr\u00e9sentations du pass\u00e9 dans les monuments et le patrimoine\",\"isPartOf\":{\"@id\":\"https:\\\/\\\/www.sfsic.org\\\/en\\\/#website\"},\"datePublished\":\"2021-03-08T20:19:43+00:00\",\"description\":\"Appel \u00e0 contribution pour un atelier doctoral sur le th\u00e8me \\\"Traces et repr\u00e9sentations du pass\u00e9 dans les monuments et le patrimoine.XIXe-XXIe si\u00e8cle (Europe-Am\u00e9rique latine)\\\".\",\"breadcrumb\":{\"@id\":\"https:\\\/\\\/www.sfsic.org\\\/en\\\/aac-evenement\\\/traces-et-representations-du-passe-dans-les-monuments-et-le-patrimoine\\\/#breadcrumb\"},\"inLanguage\":\"en-US\",\"potentialAction\":[{\"@type\":\"ReadAction\",\"target\":[\"https:\\\/\\\/www.sfsic.org\\\/en\\\/aac-evenement\\\/traces-et-representations-du-passe-dans-les-monuments-et-le-patrimoine\\\/\"]}]},{\"@type\":\"BreadcrumbList\",\"@id\":\"https:\\\/\\\/www.sfsic.org\\\/en\\\/aac-evenement\\\/traces-et-representations-du-passe-dans-les-monuments-et-le-patrimoine\\\/#breadcrumb\",\"itemListElement\":[{\"@type\":\"ListItem\",\"position\":1,\"name\":\"Accueil\",\"item\":\"https:\\\/\\\/www.sfsic.org\\\/en\\\/\"},{\"@type\":\"ListItem\",\"position\":2,\"name\":\"Calls for Contributions\",\"item\":\"https:\\\/\\\/www.sfsic.org\\\/en\\\/cfc-event\\\/\"},{\"@type\":\"ListItem\",\"position\":3,\"name\":\"Study Day\",\"item\":\"https:\\\/\\\/www.sfsic.org\\\/en\\\/cfc-event\\\/study-day\\\/\"},{\"@type\":\"ListItem\",\"position\":4,\"name\":\"Traces et repr\u00e9sentations du pass\u00e9 dans les monuments et le patrimoine\"}]},{\"@type\":\"WebSite\",\"@id\":\"https:\\\/\\\/www.sfsic.org\\\/en\\\/#website\",\"url\":\"https:\\\/\\\/www.sfsic.org\\\/en\\\/\",\"name\":\"SFSIC\",\"description\":\"Soci\u00e9t\u00e9 Fran\u00e7aise des Sciences de l&#039;Information &amp; de la Communication\",\"publisher\":{\"@id\":\"https:\\\/\\\/www.sfsic.org\\\/en\\\/#organization\"},\"potentialAction\":[{\"@type\":\"SearchAction\",\"target\":{\"@type\":\"EntryPoint\",\"urlTemplate\":\"https:\\\/\\\/www.sfsic.org\\\/en\\\/?s={search_term_string}\"},\"query-input\":{\"@type\":\"PropertyValueSpecification\",\"valueRequired\":true,\"valueName\":\"search_term_string\"}}],\"inLanguage\":\"en-US\"},{\"@type\":\"Organization\",\"@id\":\"https:\\\/\\\/www.sfsic.org\\\/en\\\/#organization\",\"name\":\"SFSIC\",\"url\":\"https:\\\/\\\/www.sfsic.org\\\/en\\\/\",\"logo\":{\"@type\":\"ImageObject\",\"inLanguage\":\"en-US\",\"@id\":\"https:\\\/\\\/www.sfsic.org\\\/en\\\/#\\\/schema\\\/logo\\\/image\\\/\",\"url\":\"https:\\\/\\\/www.sfsic.org\\\/wp-inside\\\/uploads\\\/2020\\\/05\\\/logo-sfsic.jpg\",\"contentUrl\":\"https:\\\/\\\/www.sfsic.org\\\/wp-inside\\\/uploads\\\/2020\\\/05\\\/logo-sfsic.jpg\",\"width\":1085,\"height\":1080,\"caption\":\"SFSIC\"},\"image\":{\"@id\":\"https:\\\/\\\/www.sfsic.org\\\/en\\\/#\\\/schema\\\/logo\\\/image\\\/\"}},{\"@type\":\"Person\",\"@id\":\"https:\\\/\\\/www.sfsic.org\\\/en\\\/#\\\/schema\\\/person\\\/d3606993477708f4359fb9aeda58df3b\",\"name\":\"Axelle Martin\",\"image\":{\"@type\":\"ImageObject\",\"inLanguage\":\"en-US\",\"@id\":\"https:\\\/\\\/secure.gravatar.com\\\/avatar\\\/1065035eb5e480668fbf77e163c2e86f81ac342eaad4c8783acdf4a63f3c917b?s=96&d=mm&r=g\",\"url\":\"https:\\\/\\\/secure.gravatar.com\\\/avatar\\\/1065035eb5e480668fbf77e163c2e86f81ac342eaad4c8783acdf4a63f3c917b?s=96&d=mm&r=g\",\"contentUrl\":\"https:\\\/\\\/secure.gravatar.com\\\/avatar\\\/1065035eb5e480668fbf77e163c2e86f81ac342eaad4c8783acdf4a63f3c917b?s=96&d=mm&r=g\",\"caption\":\"Axelle Martin\"},\"sameAs\":[\"@antropocominside\"]}]}<\/script>\n<!-- \/ Yoast SEO plugin. -->","yoast_head_json":{"title":"Traces et repr\u00e9sentations du pass\u00e9 dans les monuments et le patrimoine","description":"Appel \u00e0 contribution pour un atelier doctoral sur le th\u00e8me \"Traces et repr\u00e9sentations du pass\u00e9 dans les monuments et le patrimoine.XIXe-XXIe si\u00e8cle (Europe-Am\u00e9rique latine)\".","robots":{"index":"index","follow":"follow","max-snippet":"max-snippet:-1","max-image-preview":"max-image-preview:large","max-video-preview":"max-video-preview:-1"},"canonical":"https:\/\/www.sfsic.org\/en\/aac-evenement\/traces-et-representations-du-passe-dans-les-monuments-et-le-patrimoine\/","og_locale":"en_US","og_type":"article","og_title":"Traces et repr\u00e9sentations du pass\u00e9 dans les monuments et le patrimoine","og_description":"Appel \u00e0 contribution pour un atelier doctoral sur le th\u00e8me \"Traces et repr\u00e9sentations du pass\u00e9 dans les monuments et le patrimoine.XIXe-XXIe si\u00e8cle (Europe-Am\u00e9rique latine)\".","og_url":"https:\/\/www.sfsic.org\/en\/aac-evenement\/traces-et-representations-du-passe-dans-les-monuments-et-le-patrimoine\/","og_site_name":"SFSIC","article_published_time":"2021-03-08T20:19:43+00:00","author":"Axelle Martin","twitter_card":"summary_large_image","schema":{"@context":"https:\/\/schema.org","@graph":[{"@type":"Article","@id":"https:\/\/www.sfsic.org\/en\/aac-evenement\/traces-et-representations-du-passe-dans-les-monuments-et-le-patrimoine\/#article","isPartOf":{"@id":"https:\/\/www.sfsic.org\/en\/aac-evenement\/traces-et-representations-du-passe-dans-les-monuments-et-le-patrimoine\/"},"author":{"name":"Axelle Martin","@id":"https:\/\/www.sfsic.org\/en\/#\/schema\/person\/d3606993477708f4359fb9aeda58df3b"},"headline":"Traces et repr\u00e9sentations du pass\u00e9 dans les monuments et le patrimoine","datePublished":"2021-03-08T20:19:43+00:00","mainEntityOfPage":{"@id":"https:\/\/www.sfsic.org\/en\/aac-evenement\/traces-et-representations-du-passe-dans-les-monuments-et-le-patrimoine\/"},"wordCount":1548,"publisher":{"@id":"https:\/\/www.sfsic.org\/en\/#organization"},"keywords":["Doctorat","Histoire de l'Art","Patrimoine","Traces"],"articleSection":["AAC \u00c9v\u00e9nement","Journ\u00e9e d\u2019\u00e9tude"],"inLanguage":"en-US"},{"@type":"WebPage","@id":"https:\/\/www.sfsic.org\/en\/aac-evenement\/traces-et-representations-du-passe-dans-les-monuments-et-le-patrimoine\/","url":"https:\/\/www.sfsic.org\/en\/aac-evenement\/traces-et-representations-du-passe-dans-les-monuments-et-le-patrimoine\/","name":"Traces et repr\u00e9sentations du pass\u00e9 dans les monuments et le patrimoine","isPartOf":{"@id":"https:\/\/www.sfsic.org\/en\/#website"},"datePublished":"2021-03-08T20:19:43+00:00","description":"Appel \u00e0 contribution pour un atelier doctoral sur le th\u00e8me \"Traces et repr\u00e9sentations du pass\u00e9 dans les monuments et le patrimoine.XIXe-XXIe si\u00e8cle (Europe-Am\u00e9rique latine)\".","breadcrumb":{"@id":"https:\/\/www.sfsic.org\/en\/aac-evenement\/traces-et-representations-du-passe-dans-les-monuments-et-le-patrimoine\/#breadcrumb"},"inLanguage":"en-US","potentialAction":[{"@type":"ReadAction","target":["https:\/\/www.sfsic.org\/en\/aac-evenement\/traces-et-representations-du-passe-dans-les-monuments-et-le-patrimoine\/"]}]},{"@type":"BreadcrumbList","@id":"https:\/\/www.sfsic.org\/en\/aac-evenement\/traces-et-representations-du-passe-dans-les-monuments-et-le-patrimoine\/#breadcrumb","itemListElement":[{"@type":"ListItem","position":1,"name":"Accueil","item":"https:\/\/www.sfsic.org\/en\/"},{"@type":"ListItem","position":2,"name":"Calls for Contributions","item":"https:\/\/www.sfsic.org\/en\/cfc-event\/"},{"@type":"ListItem","position":3,"name":"Study Day","item":"https:\/\/www.sfsic.org\/en\/cfc-event\/study-day\/"},{"@type":"ListItem","position":4,"name":"Traces et repr\u00e9sentations du pass\u00e9 dans les monuments et le patrimoine"}]},{"@type":"WebSite","@id":"https:\/\/www.sfsic.org\/en\/#website","url":"https:\/\/www.sfsic.org\/en\/","name":"SFSIC","description":"Soci\u00e9t\u00e9 Fran\u00e7aise des Sciences de l&#039;Information &amp; de la Communication","publisher":{"@id":"https:\/\/www.sfsic.org\/en\/#organization"},"potentialAction":[{"@type":"SearchAction","target":{"@type":"EntryPoint","urlTemplate":"https:\/\/www.sfsic.org\/en\/?s={search_term_string}"},"query-input":{"@type":"PropertyValueSpecification","valueRequired":true,"valueName":"search_term_string"}}],"inLanguage":"en-US"},{"@type":"Organization","@id":"https:\/\/www.sfsic.org\/en\/#organization","name":"SFSIC","url":"https:\/\/www.sfsic.org\/en\/","logo":{"@type":"ImageObject","inLanguage":"en-US","@id":"https:\/\/www.sfsic.org\/en\/#\/schema\/logo\/image\/","url":"https:\/\/www.sfsic.org\/wp-inside\/uploads\/2020\/05\/logo-sfsic.jpg","contentUrl":"https:\/\/www.sfsic.org\/wp-inside\/uploads\/2020\/05\/logo-sfsic.jpg","width":1085,"height":1080,"caption":"SFSIC"},"image":{"@id":"https:\/\/www.sfsic.org\/en\/#\/schema\/logo\/image\/"}},{"@type":"Person","@id":"https:\/\/www.sfsic.org\/en\/#\/schema\/person\/d3606993477708f4359fb9aeda58df3b","name":"Axelle Martin","image":{"@type":"ImageObject","inLanguage":"en-US","@id":"https:\/\/secure.gravatar.com\/avatar\/1065035eb5e480668fbf77e163c2e86f81ac342eaad4c8783acdf4a63f3c917b?s=96&d=mm&r=g","url":"https:\/\/secure.gravatar.com\/avatar\/1065035eb5e480668fbf77e163c2e86f81ac342eaad4c8783acdf4a63f3c917b?s=96&d=mm&r=g","contentUrl":"https:\/\/secure.gravatar.com\/avatar\/1065035eb5e480668fbf77e163c2e86f81ac342eaad4c8783acdf4a63f3c917b?s=96&d=mm&r=g","caption":"Axelle Martin"},"sameAs":["@antropocominside"]}]}},"_links":{"self":[{"href":"https:\/\/www.sfsic.org\/en\/wp-json\/wp\/v2\/posts\/16043","targetHints":{"allow":["GET"]}}],"collection":[{"href":"https:\/\/www.sfsic.org\/en\/wp-json\/wp\/v2\/posts"}],"about":[{"href":"https:\/\/www.sfsic.org\/en\/wp-json\/wp\/v2\/types\/post"}],"author":[{"embeddable":true,"href":"https:\/\/www.sfsic.org\/en\/wp-json\/wp\/v2\/users\/781"}],"replies":[{"embeddable":true,"href":"https:\/\/www.sfsic.org\/en\/wp-json\/wp\/v2\/comments?post=16043"}],"version-history":[{"count":2,"href":"https:\/\/www.sfsic.org\/en\/wp-json\/wp\/v2\/posts\/16043\/revisions"}],"predecessor-version":[{"id":16045,"href":"https:\/\/www.sfsic.org\/en\/wp-json\/wp\/v2\/posts\/16043\/revisions\/16045"}],"wp:attachment":[{"href":"https:\/\/www.sfsic.org\/en\/wp-json\/wp\/v2\/media?parent=16043"}],"wp:term":[{"taxonomy":"category","embeddable":true,"href":"https:\/\/www.sfsic.org\/en\/wp-json\/wp\/v2\/categories?post=16043"},{"taxonomy":"post_tag","embeddable":true,"href":"https:\/\/www.sfsic.org\/en\/wp-json\/wp\/v2\/tags?post=16043"},{"taxonomy":"thematique","embeddable":true,"href":"https:\/\/www.sfsic.org\/en\/wp-json\/wp\/v2\/thematique?post=16043"},{"taxonomy":"sfsic","embeddable":true,"href":"https:\/\/www.sfsic.org\/en\/wp-json\/wp\/v2\/sfsic?post=16043"}],"curies":[{"name":"wp","href":"https:\/\/api.w.org\/{rel}","templated":true}]}}