{"id":16029,"date":"2021-03-03T16:38:46","date_gmt":"2021-03-03T15:38:46","guid":{"rendered":"https:\/\/www.sfsic.org\/?p=16029"},"modified":"2021-03-03T16:39:08","modified_gmt":"2021-03-03T15:39:08","slug":"environnement-nature-et-communication-a-lere-de-lanthropocene","status":"publish","type":"post","link":"https:\/\/www.sfsic.org\/en\/publication\/environnement-nature-et-communication-a-lere-de-lanthropocene\/","title":{"rendered":"Environnement, Nature et Communication \u00e0 l&#8217;\u00e8re de l&#8217;Anthropoc\u00e8ne"},"content":{"rendered":"<p><!-- fxzn:singledetail --><\/p>\n<div class=\"zone zn-singledetail\" id=\"fxzn-singledetail-1\">\n<div class=\"zone-block zn-singledetail-block alignwide va-top\">\n<div class=\"row\">\n<div class=\"columns large-8 large-push-4\">\n<div class=\"zn-singledetail-metabox\">\n<div class=\"zn-singledetail-pubdate pubdate\">\n\t\t\t\t\t<span class=\"pubdate-txt\">Mis en ligne le<\/span><span class=\"doubledot\"><\/span> <time class=\"pubdate-time\" pubdate datetime=\"2021-03-03T16:38:46+01:00\">3 mars 2021<\/time>\t\t\t\t<\/div>\n<div class=\"zn-singledetail-thematiques with-sep-comma\">\n<ul class=\"termslist termslist-thematique\">\n<li class=\"termslist-item termslist-title\"><span class=\"termslist-titletxt\">Th\u00e9matiques<\/span><span class=\"doubledot\"><\/span><\/li>\n<li class=\"termslist-item tax-thematique term-medias-journalisme\"><a class=\"termslist-itemlink\" href=\"https:\/\/www.sfsic.org\/thematiques\/medias-journalisme\/\" title=\"M\u00e9dias et journalisme\"><span class=\"termslist-itemname\">M\u00e9dias et journalisme<\/span><\/a><\/li>\n<li class=\"termslist-item tax-thematique term-mediation-des-savoirs-education-formation\"><a class=\"termslist-itemlink\" href=\"https:\/\/www.sfsic.org\/thematiques\/mediation-des-savoirs-education-formation\/\" title=\"M\u00e9diation des savoirs, \u00e9ducation et formation\"><span class=\"termslist-itemname\">M\u00e9diation des savoirs, \u00e9ducation et formation<\/span><\/a><\/li>\n<li class=\"termslist-item tax-thematique term-numerique-strategies-dispositifs-usages\"><a class=\"termslist-itemlink\" href=\"https:\/\/www.sfsic.org\/thematiques\/numerique-strategies-dispositifs-usages\/\" title=\"Num\u00e9rique : strat\u00e9gies, dispositifs et usages\"><span class=\"termslist-itemname\">Num\u00e9rique : strat\u00e9gies, dispositifs et usages<\/span><\/a><\/li>\n<\/ul><\/div>\n<\/p><\/div>\n<\/p><\/div>\n<\/p><\/div>\n<div class=\"row\">\n<div class=\"columns large-4\">\n<div class=\"zn-singledetail-sidebar bg-cornersquares\">\n<div class=\"zn-singledetail-infos\">\n<p class=\"zn-singledetail-type\">\n\t\t\t\t\t\t\t<span>Type de publication<\/span><span class=\"doubledot\"><\/span> <strong>Num\u00e9ro de revue<\/strong>\n\t\t\t\t\t<\/p>\n<p class=\"zn-singledetail-name\">\n\t\t\t\t\t\t\t<span>Nom de la publication<\/span><span class=\"doubledot\"><\/span> <strong>Revue Fran\u00e7aise des Sciences de l&#8217;Information et de la Communication<\/strong>\n\t\t\t\t\t<\/p>\n<p class=\"zn-singledetail-edition\">\n\t\t\t\t\t\t\t<span>\u00c9dition<\/span><span class=\"doubledot\"><\/span> <strong>OpenEdition Journals<\/strong>\n\t\t\t\t\t<\/p>\n<\/p><\/div>\n<div class=\"zn-singledetail-coordinators\">\n<h3 class=\"zn-singledetail-section-title\">Coordinateur(s) \/ Auteur(s)<\/h3>\n<ul class=\"zn-singledetail-coordinators-list\">\n<li class=\"zn-singledetail-coordinators-item\">\n\t\t\t\t\t\t\t<span>C\u00e9line <\/span> <span>Pascual Espuny<\/span>, <span>Universit\u00e9 d&#8217;Aix-Marseille<\/span>\t\t\t\t\t\t\t\t\t\t\t\t\t<\/li>\n<li class=\"zn-singledetail-coordinators-item\">\n\t\t\t\t\t\t\t<span>Andrea<\/span> <span>Catellani<\/span>, <span>Universit\u00e9 Catholique de Louvain<\/span>\t\t\t\t\t\t\t\t\t\t\t\t\t<\/li>\n<\/ul><\/div>\n<div class=\"zn-singledetail-weblinks\">\n<h3 class=\"zn-singledetail-section-title\">Sites internet de r\u00e9f\u00e9rence<\/h3>\n<ul class=\"zn-singledetail-weblinks-list\">\n<li>\n\t\t\t\t\t\t\t<a class=\"prettylink chainlink\" href=\"https:\/\/journals.openedition.org\/rfsic\/9995\" title=\"Num\u00e9ro 21 disponible en ligne\" target=\"_blank\" rel=\"noopener\">Num\u00e9ro 21 disponible en ligne<\/a>\n\t\t\t\t\t\t<\/li>\n<\/ul><\/div>\n<\/p><\/div>\n<\/p><\/div>\n<div class=\"columns large-8\">\n<div class=\"zn-singledetail-contentbox\">\n<div class=\"zn-singledetail-annonce wig-content\">\n<p>Le n\u00b0 21 de la Revue Fran\u00e7aise des Sciences de l&rsquo;Information et de la communication (RFSIC) est en ligne. Coordonn\u00e9 par C\u00e9line Pascual Espuny et Andrea Catellani, le dossier est consacr\u00e9 \u00e0 la th\u00e9matique \u00ab&#160;Environnement, Nature et Communication \u00e0 l&rsquo;\u00e8re de l&rsquo;Anthropoc\u00e8ne&#160;\u00bb.<\/p>\n<p><img decoding=\"async\" loading=\"lazy\" class=\"wp-image-16025 aligncenter\" src=\"https:\/\/www.sfsic.org\/wp-inside\/uploads\/skp-membership\/demande_adh\/couverture_rfsic_21.jpg\" alt=\"Couverture rfsic 21\" width=\"198\" height=\"297\" srcset=\"https:\/\/www.sfsic.org\/wp-inside\/uploads\/skp-membership\/demande_adh\/couverture_rfsic_21.jpg 720w, https:\/\/www.sfsic.org\/wp-inside\/uploads\/skp-membership\/demande_adh\/couverture_rfsic_21-200x300.jpg 200w, https:\/\/www.sfsic.org\/wp-inside\/uploads\/skp-membership\/demande_adh\/couverture_rfsic_21-683x1024.jpg 683w, https:\/\/www.sfsic.org\/wp-inside\/uploads\/skp-membership\/demande_adh\/couverture_rfsic_21-213x320.jpg 213w, https:\/\/www.sfsic.org\/wp-inside\/uploads\/skp-membership\/demande_adh\/couverture_rfsic_21-180x269.jpg 180w, https:\/\/www.sfsic.org\/wp-inside\/uploads\/skp-membership\/demande_adh\/couverture_rfsic_21-300x448.jpg 300w\" sizes=\"auto, (max-width: 198px) 100vw, 198px\" \/><\/p>\n<p>Ce dossier th\u00e9matique regroupe une s\u00e9rie de travaux qui illustrent l\u2019effort actuel de penser en SIC (Sciences de l\u2019information et de la communication), les fa\u00e7ons qu\u2019a l\u2019environnement de venir \u00e0 la communication. Ce double advenir \u2013 \u00e0 la communication, mais aussi aux SIC \u2013 est plac\u00e9 sous le signe d\u2019une notion, celle d\u2019Anthropoc\u00e8ne, qui indique une \u00e9chelle quantitative et qualitative in\u00e9dite de l\u2019impact de l\u2019humain sur la plan\u00e8te.<\/p>\n<p>&nbsp;<\/p>\n<p style=\"text-align: center;\"><a class=\"button outline with-arrow\" href=\"https:\/\/journals.openedition.org\/rfsic\/9995\" target=\"_blank\" rel=\"noopener\">Num\u00e9ro 21 disponible en ligne\u00a0<\/a><\/p>\n<h2>Sommaire<\/h2>\n<p>Philippe\u00a0Bonfils<\/p>\n<p><a href=\"https:\/\/journals.openedition.org\/rfsic\/10885\">\u00c9ditorial<\/a>\u00a0[Texte int\u00e9gral]<\/p>\n<p><strong>\u00a0<\/strong><\/p>\n<h3><strong>Dossier<\/strong><\/h3>\n<p><strong>Sous la direction de\u00a0\u00a0<\/strong><strong>C\u00e9line\u00a0Pascual Espuny\u00a0et Andrea\u00a0Catellani<\/strong><\/p>\n<p>C\u00e9line Pascual\u00a0Espuny\u00a0et Andrea\u00a0Catellani<br \/>\n<a href=\"https:\/\/journals.openedition.org\/rfsic\/10012\">Introduction<\/a><\/p>\n<p>Am\u00e9lie\u00a0Coulbaut-Lazzarini\u00a0et Fr\u00e9d\u00e9ric\u00a0Couston<br \/>\n<a href=\"https:\/\/journals.openedition.org\/rfsic\/10021\">Manifeste pour penser la communication environnementale \u00e0 la lumi\u00e8re des liens humains\/non-humains<\/a><\/p>\n<p>Nicolas\u00a0Cou\u00e9gnas\u00a0et Eric\u00a0Bertin<br \/>\n<a href=\"https:\/\/journals.openedition.org\/rfsic\/10062\">La nature dans la pop culture<\/a><br \/>\nModes de pr\u00e9sence et \u00e9nonciation de la nature dans les fictions transm\u00e9dia contemporaines<\/p>\n<p>Renaud\u00a0H\u00e9tier\u00a0et Nathana\u00ebl\u00a0Wallenhorst<br \/>\n<a href=\"https:\/\/journals.openedition.org\/rfsic\/10116\">De l\u2019id\u00e9e d\u2019humanit\u00e9 comme puissance de la nature \u00e0 la mise en repr\u00e9sentation de l\u2019Anthropoc\u00e8ne dans les m\u00e9dias<\/a><\/p>\n<p>Benjamin\u00a0Lesson<br \/>\n<a href=\"https:\/\/journals.openedition.org\/rfsic\/10162\">L\u2019invention d\u2019un principe pers\u00e9v\u00e9rance&#160;: une lecture de\u00a0L\u2019Art de l\u2019Anthropoc\u00e8ne\u00a0et de\u00a0Permaculture<\/a><\/p>\n<p>Fran\u00e7ois\u00a0Allard-Huver<br \/>\n<a href=\"https:\/\/journals.openedition.org\/rfsic\/10215\">\u00ab&#160;Ce que les SIC font aux controverses environnementales, ce que les controverses environnementales font aux SIC&#160;\u00bb<\/a><\/p>\n<p>Nataly\u00a0Botero<br \/>\n<a href=\"https:\/\/journals.openedition.org\/rfsic\/10230\">Pollution atmosph\u00e9rique \u00e0 la une&#160;: visibilit\u00e9 m\u00e9diatique d\u2019un probl\u00e8me environnemental<\/a><\/p>\n<p>\u00c9lo\u00efse\u00a0Vanderlinden, Elizabeth\u00a0Gard\u00e8re\u00a0et Val\u00e9rie\u00a0Carayol<br \/>\n<a href=\"https:\/\/journals.openedition.org\/rfsic\/10261\">La neutralit\u00e9 carbone au prisme de la communication organisationnelle<\/a><\/p>\n<p>Mika\u00ebl\u00a0Chambru\u00a0et Jean-Philippe\u00a0De\u00a0Oliveira<br \/>\n<a href=\"https:\/\/journals.openedition.org\/rfsic\/10306\">Changement climatique et d\u00e9veloppement territorial en montagne&#160;: conflictualit\u00e9s et enjeux communicationnels<\/a><br \/>\nLe cas d\u2019une station de moyenne montagne des Alpes du Nord<\/p>\n<p>Alison\u00a0E.\u00a0Vogelaar<br \/>\n<a href=\"https:\/\/journals.openedition.org\/rfsic\/10350\">The rhetoric of invasive species&#160;: Managing belonging on a novel planet<\/a><br \/>\nLa rh\u00e9torique des esp\u00e8ces invasives&#160;: g\u00e9rer l&rsquo;appartenance \u00e0 une nouvelle plan\u00e8te<\/p>\n<h3><strong>Spicil\u00e8ge<\/strong><\/h3>\n<p><strong>Sous la direction de\u00a0\u00a0<\/strong><strong>M\u00e9lanie\u00a0Bourdaa<\/strong><\/p>\n<p>Eddy\u00a0Supeno, Le\u00efla\u00a0Rivard\u00a0et Julie\u00a0Chabot<br \/>\n<a href=\"https:\/\/journals.openedition.org\/rfsic\/10407\">Pratiques informationnelles sur l\u2019emploi de jeunes adultes non dipl\u00f4m\u00e9s<\/a><\/p>\n<h3><strong>Regards crois\u00e9s<\/strong><\/h3>\n<p><strong>Sous la direction de\u00a0\u00a0<\/strong><strong>Fabien\u00a0Bonnet<\/strong><\/p>\n<p>Fabien\u00a0Bonnet<br \/>\n<a href=\"https:\/\/journals.openedition.org\/rfsic\/10466\">\u00c9ditorial<\/a><\/p>\n<p>Daniela Norcia\u00a0Gon\u00e7alves\u00a0et Valdenise\u00a0Lezi\u00e9r\u00a0Martyniuk<br \/>\n<a href=\"https:\/\/journals.openedition.org\/rfsic\/10470\">S\u00e9miotique greimassienne au Br\u00e9sil&#160;: production de sens dans les organisations<\/a><\/p>\n<h3><strong>Ligne Sud<\/strong><\/h3>\n<p><strong>Sous la direction de\u00a0\u00a0<\/strong><strong>Alain\u00a0Kiyindou<\/strong><\/p>\n<p>Evariste\u00a0Dakour\u00e9<br \/>\n<a href=\"https:\/\/journals.openedition.org\/rfsic\/10567\">Incidences de l\u2019usage du num\u00e9rique sur le fonctionnement de la fili\u00e8re cin\u00e9matographique burkinab\u00e8<\/a><\/p>\n<h3><strong>Vie des Labos<\/strong><\/h3>\n<p><strong>Sous la direction de\u00a0\u00a0<\/strong><strong>M\u00e9lanie\u00a0Bourdaa<\/strong><\/p>\n<p>Natacha\u00a0Cyrulnik<br \/>\n<a href=\"https:\/\/journals.openedition.org\/rfsic\/10632\">Exp\u00e9rimenter l\u2019atmosph\u00e8re au cin\u00e9ma pour construire l\u2019interdisciplinarit\u00e9<\/a><br \/>\nUne m\u00e9thode audio-visuelle<\/p>\n<h3><strong>Revue des revues<\/strong><\/h3>\n<p><strong>Sous la direction de\u00a0\u00a0<\/strong><strong>Bruno\u00a0Chaudet<\/strong><\/p>\n<p>Bruno\u00a0Chaudet<br \/>\n<a href=\"https:\/\/journals.openedition.org\/rfsic\/10660\">Communication &amp; Management<\/a><br \/>\nEntretien avec Bruno Chaudet<\/p>\n<h3><strong>Parutions<\/strong><\/h3>\n<p><strong>Sous la direction de\u00a0\u00a0<\/strong><strong>Bertrand\u00a0Mocquet<\/strong><\/p>\n<p>Claire\u00a0Scopsi<br \/>\n<a href=\"https:\/\/journals.openedition.org\/rfsic\/10691\">Hall, S.\u00a0Identit\u00e9s et cultures 2.\u00a0Politique des diff\u00e9rences\u00a0par Stuart Hall et Maxime Cervulle<\/a><br \/>\n(M.\u00a0Cervulle, Dir.&#160;; A.\u00a0Blanchard &amp; F.\u00a0V\u00f6r\u00f6s, Trad.). \u00c9ditions Amsterdam, 2019<\/p>\n<p>Wilfried\u00a0Abledji\u00a0Gnahoua<br \/>\n<a href=\"https:\/\/journals.openedition.org\/rfsic\/10718\">Eyri\u00e8s, A., &amp; Moatti, D.\u00a0Des \u00e9crans plein la vue\u2026\u202f&#160;: Les jeunes \u00e0 l\u2019\u00e9preuve de la cyberaddiction<\/a><br \/>\nParis, \u00c9ditions L\u2019Harmattan, 2019<\/p>\n<p>Mahamadou\u00a0Cisse<br \/>\n<a href=\"https:\/\/journals.openedition.org\/rfsic\/10740\">Ngono, S. (\u00c9d.).\u00a0La communication de l\u2019\u00c9tat en Afrique\u202f&#160;: discours, ressorts et positionnements<\/a><br \/>\nParis, L\u2019Harmattan, 2020<\/p>\n<p>Ugo\u00a0Roux<br \/>\n<a href=\"https:\/\/journals.openedition.org\/rfsic\/10758\">Rohde, E.\u00a0L\u2019\u00e9thique du journalisme<\/a><br \/>\nParis, Presses Universitaires de France, 2020<\/p>\n<p>Yves\u00a0Laberge<br \/>\n<a href=\"https:\/\/journals.openedition.org\/rfsic\/10775\">Georgalou, M.\u00a0Discourse and identity on Facebook<\/a><br \/>\nLondon, Bloomsbury Discourse, 2018<\/p>\n<p>Yves\u00a0Laberge<br \/>\n<a href=\"https:\/\/journals.openedition.org\/rfsic\/10793\">Comby, J.-B., &amp; Pagis, J. (\u00c9ds).\u00a0Politiques de cat\u00e9gorisation du monde social<\/a><br \/>\nGrenoble et Versailles, Presses universitaires de Grenoble et UVSQ, 2018<\/p>\n<p>Fr\u00e9d\u00e9ric\u00a0Marty<br \/>\n<a href=\"https:\/\/journals.openedition.org\/rfsic\/10808\">Tremblay, G., Bizimana, A.-J., &amp; Kane, O.\u00a0Le service public m\u00e9diatique \u00e0 l\u2019\u00e8re num\u00e9rique\u202f&#160;: Radio-Canada, BBC, France T\u00e9l\u00e9visions&#160;: exp\u00e9riences crois\u00e9es<\/a><br \/>\nPresses de l\u2019Universit\u00e9 du Qu\u00e9bec, 2019<\/p>\n<p>Xavier\u00a0Inghilterra<br \/>\n<a href=\"https:\/\/journals.openedition.org\/rfsic\/10836\">Rouissi, S., &amp; Beyaert-Geslin, A.\u00a0La vie interfaciale. Regards crois\u00e9s en SIC et en Arts<\/a><br \/>\nPessac, MSH Aquitaine, 2019<\/p>\n<p>H\u00e9l\u00e8ne\u00a0Marie-Montagnac<br \/>\n<a href=\"https:\/\/journals.openedition.org\/rfsic\/10858\">Caron, P., Defiolle, R., &amp; Lay, M.-H. (\u00c9ds.).\u00a0L\u2019enjeu des m\u00e9tadonn\u00e9es dans les corpus textuels&#160;: Un d\u00e9fi pour les sciences humaines<\/a><br \/>\nPresses universiaires de Rennes, 2019<\/p>\n<p><a href=\"https:\/\/journals.openedition.org\/rfsic\/10881\">Appel \u00e0 recensions<\/a><br \/>\nRevue Fran\u00e7aise des Sciences de l\u2019Information et de la Communication<\/p>\n<h3><strong>Dossiers RFSIC \u00e0 para\u00eetre<\/strong><\/h3>\n<p><a href=\"https:\/\/journals.openedition.org\/rfsic\/10675\">N\u00b0\u00a022 | Questionner les politiques publiques en \u00e9ducation aux m\u00e9dias et \u00e0 l\u2019information (EMI)<\/a><br \/>\nCoordination&#160;: Sabine Bosler (Universit\u00e9 de Haute-Alsace, Cresat) Isabelle F\u00e9roc-Dumez (Universit\u00e9 de Poitiers, Techne), Sarah Labelle (Universit\u00e9 Paris\u00a013, LabSIC) Marl\u00e8ne Loicq (UPEC, C\u00e9ditec, Pr\u00e9sidente du Centre d\u2019\u00e9tudes sur les jeunes et les m\u00e9dias) et Aude Seurrat (Universit\u00e9 Paris\u00a013, LabSIC)\u00a0|\u00a0mars\u00a02021<\/p>\n<p><a href=\"https:\/\/journals.openedition.org\/rfsic\/10677\">N\u00b0\u00a022\u00a0|\u00a0Questioning public policies in media education<\/a><br \/>\nSpecial issue editors&#160;: Sabine Bosler (Universit\u00e9 de Haute-Alsace, Cresat) Isabelle F\u00e9roc Dumez (Universit\u00e9 de Poitiers, Techne), Sarah Labelle (Universit\u00e9 Paris\u00a013, LabSIC) Marl\u00e8ne Loicq (UPEC, C\u00e9ditec, Pr\u00e9sidente du Centre d\u2019\u00e9tudes sur les jeunes et les m\u00e9dias) and Aude Seurrat (Universit\u00e9 Paris\u00a013, LabSIC)\u00a0|\u00a0May\u00a02021<\/p>\n<p><a href=\"https:\/\/journals.openedition.org\/rfsic\/10680\">N\u00b0\u00a023\u00a0|\u00a0Culture.s de conception\u00a0\u2013\u00a0Entre \u00ab&#160;progr\u00e8s&#160;\u00bb, \u00ab&#160;innovation&#160;\u00bb et \u00ab&#160;strat\u00e9gie&#160;\u00bb, quels signes, quels dispositifs et quels mod\u00e8les d\u2019organisation pour se projeter aujourd\u2019hui&#160;?<\/a><br \/>\nCoordination&#160;: Fabien Bonnet (Universit\u00e9 de Haute Alsace\/CRESAT)\u00a0|\u00a0Septembre\u00a02021<\/p>\n<p>&nbsp;<\/p>\n<p><strong>\u00a0<\/strong><\/p>\n<\/p><\/div>\n<div class=\"zn-singledetail-keywords\">\n<h3 class=\"zn-singledetail-section-title\">Mots-cl\u00e9s<\/h3>\n<ul class=\"termslist termslist-post_tag\">\n<li class=\"termslist-item termslist-title\"><span class=\"termslist-titletxt\">Mots-cl\u00e9s<\/span><span class=\"doubledot\"><\/span><\/li>\n<li class=\"termslist-item tax-post_tag term-anthropocene\"><a class=\"termslist-itemlink\" href=\"https:\/\/www.sfsic.org\/tag\/anthropocene\/\" title=\"Anthropoc\u00e8ne\"><span class=\"termslist-itemname\">Anthropoc\u00e8ne<\/span><\/a><\/li>\n<li class=\"termslist-item tax-post_tag term-environnement\"><a class=\"termslist-itemlink\" href=\"https:\/\/www.sfsic.org\/tag\/environnement\/\" title=\"Environnement\"><span class=\"termslist-itemname\">Environnement<\/span><\/a><\/li>\n<\/ul><\/div>\n<\/p><\/div>\n<\/p><\/div>\n<\/p><\/div>\n<\/p><\/div>\n<\/div>\n<p><!-- \/fxzn:singledetail --><\/p>\n","protected":false},"excerpt":{"rendered":"<p>Mis en ligne le 3 mars 2021 Th\u00e9matiques M\u00e9dias et journalisme M\u00e9diation des savoirs, \u00e9ducation et formation Num\u00e9rique : strat\u00e9gies, dispositifs et usages Type de publication Num\u00e9ro de revue Nom [&hellip;]<\/p>\n","protected":false},"author":957,"featured_media":0,"comment_status":"closed","ping_status":"closed","sticky":false,"template":"","format":"standard","meta":{"_acf_changed":false,"footnotes":""},"categories":[70,31],"tags":[393,434],"thematique":[34,43,39],"sfsic":[26],"class_list":["post-16029","post","type-post","status-publish","format-standard","hentry","category-numero-revue","category-publication","tag-anthropocene","tag-environnement","thematique-medias-et-journalisme","thematique-mediation-des-savoirs-education-et-formation","thematique-numerique-strategies-dispositifs-et-usages","sfsic-actualites","wp-sticky"],"acf":[],"yoast_head":"<!-- This site is optimized with the Yoast SEO plugin v27.4 - https:\/\/yoast.com\/product\/yoast-seo-wordpress\/ -->\n<title>Environnement, Nature et Communication \u00e0 l&#039;\u00e8re de l&#039;Anthropoc\u00e8ne<\/title>\n<meta name=\"description\" content=\"Le n\u00b0 21 de la Revue Fran\u00e7aise des Sciences de l&#039;Information et de la communication (RFSIC) est en ligne. Coordonn\u00e9 par C\u00e9line Pascual Espuny et Andrea Catellani, le dossier est consacr\u00e9 \u00e0 la th\u00e9matique &quot;Environnement, Nature et Communication \u00e0 l&#039;\u00e8re de l&#039;Anthropoc\u00e8ne&quot;.\" \/>\n<meta name=\"robots\" content=\"index, follow, max-snippet:-1, max-image-preview:large, max-video-preview:-1\" \/>\n<link rel=\"canonical\" href=\"https:\/\/www.sfsic.org\/en\/publication\/environnement-nature-et-communication-a-lere-de-lanthropocene\/\" \/>\n<meta property=\"og:locale\" content=\"en_US\" \/>\n<meta property=\"og:type\" content=\"article\" \/>\n<meta property=\"og:title\" content=\"Environnement, Nature et Communication \u00e0 l&#039;\u00e8re de l&#039;Anthropoc\u00e8ne\" \/>\n<meta property=\"og:description\" content=\"Le n\u00b0 21 de la Revue Fran\u00e7aise des Sciences de l&#039;Information et de la communication (RFSIC) est en ligne. Coordonn\u00e9 par C\u00e9line Pascual Espuny et Andrea Catellani, le dossier est consacr\u00e9 \u00e0 la th\u00e9matique &quot;Environnement, Nature et Communication \u00e0 l&#039;\u00e8re de l&#039;Anthropoc\u00e8ne&quot;.\" \/>\n<meta property=\"og:url\" content=\"https:\/\/www.sfsic.org\/en\/publication\/environnement-nature-et-communication-a-lere-de-lanthropocene\/\" \/>\n<meta property=\"og:site_name\" content=\"SFSIC\" \/>\n<meta property=\"article:published_time\" content=\"2021-03-03T15:38:46+00:00\" \/>\n<meta property=\"article:modified_time\" content=\"2021-03-03T15:39:08+00:00\" \/>\n<meta property=\"og:image\" content=\"https:\/\/www.sfsic.org\/wp-inside\/uploads\/skp-membership\/demande_adh\/couverture_rfsic_21.jpg\" \/>\n<meta name=\"author\" content=\"Fabien Bonnet\" \/>\n<meta name=\"twitter:card\" content=\"summary_large_image\" \/>\n<script type=\"application\/ld+json\" class=\"yoast-schema-graph\">{\"@context\":\"https:\\\/\\\/schema.org\",\"@graph\":[{\"@type\":\"Article\",\"@id\":\"https:\\\/\\\/www.sfsic.org\\\/en\\\/publication\\\/environnement-nature-et-communication-a-lere-de-lanthropocene\\\/#article\",\"isPartOf\":{\"@id\":\"https:\\\/\\\/www.sfsic.org\\\/en\\\/publication\\\/environnement-nature-et-communication-a-lere-de-lanthropocene\\\/\"},\"author\":{\"name\":\"Fabien Bonnet\",\"@id\":\"https:\\\/\\\/www.sfsic.org\\\/en\\\/#\\\/schema\\\/person\\\/9f83573bda33f40c68c7c826e9567df6\"},\"headline\":\"Environnement, Nature et Communication \u00e0 l&#8217;\u00e8re de l&#8217;Anthropoc\u00e8ne\",\"datePublished\":\"2021-03-03T15:38:46+00:00\",\"dateModified\":\"2021-03-03T15:39:08+00:00\",\"mainEntityOfPage\":{\"@id\":\"https:\\\/\\\/www.sfsic.org\\\/en\\\/publication\\\/environnement-nature-et-communication-a-lere-de-lanthropocene\\\/\"},\"wordCount\":998,\"publisher\":{\"@id\":\"https:\\\/\\\/www.sfsic.org\\\/en\\\/#organization\"},\"image\":{\"@id\":\"https:\\\/\\\/www.sfsic.org\\\/en\\\/publication\\\/environnement-nature-et-communication-a-lere-de-lanthropocene\\\/#primaryimage\"},\"thumbnailUrl\":\"https:\\\/\\\/www.sfsic.org\\\/wp-inside\\\/uploads\\\/skp-membership\\\/demande_adh\\\/couverture_rfsic_21.jpg\",\"keywords\":[\"Anthropoc\u00e8ne\",\"Environnement\"],\"articleSection\":[\"Num\u00e9ro de revue\",\"Publications\"],\"inLanguage\":\"en-US\"},{\"@type\":\"WebPage\",\"@id\":\"https:\\\/\\\/www.sfsic.org\\\/en\\\/publication\\\/environnement-nature-et-communication-a-lere-de-lanthropocene\\\/\",\"url\":\"https:\\\/\\\/www.sfsic.org\\\/en\\\/publication\\\/environnement-nature-et-communication-a-lere-de-lanthropocene\\\/\",\"name\":\"Environnement, Nature et Communication \u00e0 l'\u00e8re de l'Anthropoc\u00e8ne\",\"isPartOf\":{\"@id\":\"https:\\\/\\\/www.sfsic.org\\\/en\\\/#website\"},\"primaryImageOfPage\":{\"@id\":\"https:\\\/\\\/www.sfsic.org\\\/en\\\/publication\\\/environnement-nature-et-communication-a-lere-de-lanthropocene\\\/#primaryimage\"},\"image\":{\"@id\":\"https:\\\/\\\/www.sfsic.org\\\/en\\\/publication\\\/environnement-nature-et-communication-a-lere-de-lanthropocene\\\/#primaryimage\"},\"thumbnailUrl\":\"https:\\\/\\\/www.sfsic.org\\\/wp-inside\\\/uploads\\\/skp-membership\\\/demande_adh\\\/couverture_rfsic_21.jpg\",\"datePublished\":\"2021-03-03T15:38:46+00:00\",\"dateModified\":\"2021-03-03T15:39:08+00:00\",\"description\":\"Le n\u00b0 21 de la Revue Fran\u00e7aise des Sciences de l'Information et de la communication (RFSIC) est en ligne. Coordonn\u00e9 par C\u00e9line Pascual Espuny et Andrea Catellani, le dossier est consacr\u00e9 \u00e0 la th\u00e9matique \\\"Environnement, Nature et Communication \u00e0 l'\u00e8re de l'Anthropoc\u00e8ne\\\".\",\"breadcrumb\":{\"@id\":\"https:\\\/\\\/www.sfsic.org\\\/en\\\/publication\\\/environnement-nature-et-communication-a-lere-de-lanthropocene\\\/#breadcrumb\"},\"inLanguage\":\"en-US\",\"potentialAction\":[{\"@type\":\"ReadAction\",\"target\":[\"https:\\\/\\\/www.sfsic.org\\\/en\\\/publication\\\/environnement-nature-et-communication-a-lere-de-lanthropocene\\\/\"]}]},{\"@type\":\"ImageObject\",\"inLanguage\":\"en-US\",\"@id\":\"https:\\\/\\\/www.sfsic.org\\\/en\\\/publication\\\/environnement-nature-et-communication-a-lere-de-lanthropocene\\\/#primaryimage\",\"url\":\"https:\\\/\\\/www.sfsic.org\\\/wp-inside\\\/uploads\\\/skp-membership\\\/demande_adh\\\/couverture_rfsic_21.jpg\",\"contentUrl\":\"https:\\\/\\\/www.sfsic.org\\\/wp-inside\\\/uploads\\\/skp-membership\\\/demande_adh\\\/couverture_rfsic_21.jpg\"},{\"@type\":\"BreadcrumbList\",\"@id\":\"https:\\\/\\\/www.sfsic.org\\\/en\\\/publication\\\/environnement-nature-et-communication-a-lere-de-lanthropocene\\\/#breadcrumb\",\"itemListElement\":[{\"@type\":\"ListItem\",\"position\":1,\"name\":\"Accueil\",\"item\":\"https:\\\/\\\/www.sfsic.org\\\/en\\\/\"},{\"@type\":\"ListItem\",\"position\":2,\"name\":\"Publications\",\"item\":\"https:\\\/\\\/www.sfsic.org\\\/en\\\/publication-en\\\/\"},{\"@type\":\"ListItem\",\"position\":3,\"name\":\"Journal issue\",\"item\":\"https:\\\/\\\/www.sfsic.org\\\/en\\\/publication-en\\\/journal-issue\\\/\"},{\"@type\":\"ListItem\",\"position\":4,\"name\":\"Environnement, Nature et Communication \u00e0 l&rsquo;\u00e8re de l&rsquo;Anthropoc\u00e8ne\"}]},{\"@type\":\"WebSite\",\"@id\":\"https:\\\/\\\/www.sfsic.org\\\/en\\\/#website\",\"url\":\"https:\\\/\\\/www.sfsic.org\\\/en\\\/\",\"name\":\"SFSIC\",\"description\":\"Soci\u00e9t\u00e9 Fran\u00e7aise des Sciences de l&#039;Information &amp; de la Communication\",\"publisher\":{\"@id\":\"https:\\\/\\\/www.sfsic.org\\\/en\\\/#organization\"},\"potentialAction\":[{\"@type\":\"SearchAction\",\"target\":{\"@type\":\"EntryPoint\",\"urlTemplate\":\"https:\\\/\\\/www.sfsic.org\\\/en\\\/?s={search_term_string}\"},\"query-input\":{\"@type\":\"PropertyValueSpecification\",\"valueRequired\":true,\"valueName\":\"search_term_string\"}}],\"inLanguage\":\"en-US\"},{\"@type\":\"Organization\",\"@id\":\"https:\\\/\\\/www.sfsic.org\\\/en\\\/#organization\",\"name\":\"SFSIC\",\"url\":\"https:\\\/\\\/www.sfsic.org\\\/en\\\/\",\"logo\":{\"@type\":\"ImageObject\",\"inLanguage\":\"en-US\",\"@id\":\"https:\\\/\\\/www.sfsic.org\\\/en\\\/#\\\/schema\\\/logo\\\/image\\\/\",\"url\":\"https:\\\/\\\/www.sfsic.org\\\/wp-inside\\\/uploads\\\/2020\\\/05\\\/logo-sfsic.jpg\",\"contentUrl\":\"https:\\\/\\\/www.sfsic.org\\\/wp-inside\\\/uploads\\\/2020\\\/05\\\/logo-sfsic.jpg\",\"width\":1085,\"height\":1080,\"caption\":\"SFSIC\"},\"image\":{\"@id\":\"https:\\\/\\\/www.sfsic.org\\\/en\\\/#\\\/schema\\\/logo\\\/image\\\/\"}},{\"@type\":\"Person\",\"@id\":\"https:\\\/\\\/www.sfsic.org\\\/en\\\/#\\\/schema\\\/person\\\/9f83573bda33f40c68c7c826e9567df6\",\"name\":\"Fabien Bonnet\",\"image\":{\"@type\":\"ImageObject\",\"inLanguage\":\"en-US\",\"@id\":\"https:\\\/\\\/secure.gravatar.com\\\/avatar\\\/88a9288fc13369cb9e30359afa340f8adace82098c18ff09415c6dacd710ddc4?s=96&d=mm&r=g\",\"url\":\"https:\\\/\\\/secure.gravatar.com\\\/avatar\\\/88a9288fc13369cb9e30359afa340f8adace82098c18ff09415c6dacd710ddc4?s=96&d=mm&r=g\",\"contentUrl\":\"https:\\\/\\\/secure.gravatar.com\\\/avatar\\\/88a9288fc13369cb9e30359afa340f8adace82098c18ff09415c6dacd710ddc4?s=96&d=mm&r=g\",\"caption\":\"Fabien Bonnet\"}}]}<\/script>\n<!-- \/ Yoast SEO plugin. -->","yoast_head_json":{"title":"Environnement, Nature et Communication \u00e0 l'\u00e8re de l'Anthropoc\u00e8ne","description":"Le n\u00b0 21 de la Revue Fran\u00e7aise des Sciences de l'Information et de la communication (RFSIC) est en ligne. Coordonn\u00e9 par C\u00e9line Pascual Espuny et Andrea Catellani, le dossier est consacr\u00e9 \u00e0 la th\u00e9matique \"Environnement, Nature et Communication \u00e0 l'\u00e8re de l'Anthropoc\u00e8ne\".","robots":{"index":"index","follow":"follow","max-snippet":"max-snippet:-1","max-image-preview":"max-image-preview:large","max-video-preview":"max-video-preview:-1"},"canonical":"https:\/\/www.sfsic.org\/en\/publication\/environnement-nature-et-communication-a-lere-de-lanthropocene\/","og_locale":"en_US","og_type":"article","og_title":"Environnement, Nature et Communication \u00e0 l'\u00e8re de l'Anthropoc\u00e8ne","og_description":"Le n\u00b0 21 de la Revue Fran\u00e7aise des Sciences de l'Information et de la communication (RFSIC) est en ligne. Coordonn\u00e9 par C\u00e9line Pascual Espuny et Andrea Catellani, le dossier est consacr\u00e9 \u00e0 la th\u00e9matique \"Environnement, Nature et Communication \u00e0 l'\u00e8re de l'Anthropoc\u00e8ne\".","og_url":"https:\/\/www.sfsic.org\/en\/publication\/environnement-nature-et-communication-a-lere-de-lanthropocene\/","og_site_name":"SFSIC","article_published_time":"2021-03-03T15:38:46+00:00","article_modified_time":"2021-03-03T15:39:08+00:00","og_image":[{"url":"https:\/\/www.sfsic.org\/wp-inside\/uploads\/skp-membership\/demande_adh\/couverture_rfsic_21.jpg","type":"","width":"","height":""}],"author":"Fabien Bonnet","twitter_card":"summary_large_image","schema":{"@context":"https:\/\/schema.org","@graph":[{"@type":"Article","@id":"https:\/\/www.sfsic.org\/en\/publication\/environnement-nature-et-communication-a-lere-de-lanthropocene\/#article","isPartOf":{"@id":"https:\/\/www.sfsic.org\/en\/publication\/environnement-nature-et-communication-a-lere-de-lanthropocene\/"},"author":{"name":"Fabien Bonnet","@id":"https:\/\/www.sfsic.org\/en\/#\/schema\/person\/9f83573bda33f40c68c7c826e9567df6"},"headline":"Environnement, Nature et Communication \u00e0 l&#8217;\u00e8re de l&#8217;Anthropoc\u00e8ne","datePublished":"2021-03-03T15:38:46+00:00","dateModified":"2021-03-03T15:39:08+00:00","mainEntityOfPage":{"@id":"https:\/\/www.sfsic.org\/en\/publication\/environnement-nature-et-communication-a-lere-de-lanthropocene\/"},"wordCount":998,"publisher":{"@id":"https:\/\/www.sfsic.org\/en\/#organization"},"image":{"@id":"https:\/\/www.sfsic.org\/en\/publication\/environnement-nature-et-communication-a-lere-de-lanthropocene\/#primaryimage"},"thumbnailUrl":"https:\/\/www.sfsic.org\/wp-inside\/uploads\/skp-membership\/demande_adh\/couverture_rfsic_21.jpg","keywords":["Anthropoc\u00e8ne","Environnement"],"articleSection":["Num\u00e9ro de revue","Publications"],"inLanguage":"en-US"},{"@type":"WebPage","@id":"https:\/\/www.sfsic.org\/en\/publication\/environnement-nature-et-communication-a-lere-de-lanthropocene\/","url":"https:\/\/www.sfsic.org\/en\/publication\/environnement-nature-et-communication-a-lere-de-lanthropocene\/","name":"Environnement, Nature et Communication \u00e0 l'\u00e8re de l'Anthropoc\u00e8ne","isPartOf":{"@id":"https:\/\/www.sfsic.org\/en\/#website"},"primaryImageOfPage":{"@id":"https:\/\/www.sfsic.org\/en\/publication\/environnement-nature-et-communication-a-lere-de-lanthropocene\/#primaryimage"},"image":{"@id":"https:\/\/www.sfsic.org\/en\/publication\/environnement-nature-et-communication-a-lere-de-lanthropocene\/#primaryimage"},"thumbnailUrl":"https:\/\/www.sfsic.org\/wp-inside\/uploads\/skp-membership\/demande_adh\/couverture_rfsic_21.jpg","datePublished":"2021-03-03T15:38:46+00:00","dateModified":"2021-03-03T15:39:08+00:00","description":"Le n\u00b0 21 de la Revue Fran\u00e7aise des Sciences de l'Information et de la communication (RFSIC) est en ligne. Coordonn\u00e9 par C\u00e9line Pascual Espuny et Andrea Catellani, le dossier est consacr\u00e9 \u00e0 la th\u00e9matique \"Environnement, Nature et Communication \u00e0 l'\u00e8re de l'Anthropoc\u00e8ne\".","breadcrumb":{"@id":"https:\/\/www.sfsic.org\/en\/publication\/environnement-nature-et-communication-a-lere-de-lanthropocene\/#breadcrumb"},"inLanguage":"en-US","potentialAction":[{"@type":"ReadAction","target":["https:\/\/www.sfsic.org\/en\/publication\/environnement-nature-et-communication-a-lere-de-lanthropocene\/"]}]},{"@type":"ImageObject","inLanguage":"en-US","@id":"https:\/\/www.sfsic.org\/en\/publication\/environnement-nature-et-communication-a-lere-de-lanthropocene\/#primaryimage","url":"https:\/\/www.sfsic.org\/wp-inside\/uploads\/skp-membership\/demande_adh\/couverture_rfsic_21.jpg","contentUrl":"https:\/\/www.sfsic.org\/wp-inside\/uploads\/skp-membership\/demande_adh\/couverture_rfsic_21.jpg"},{"@type":"BreadcrumbList","@id":"https:\/\/www.sfsic.org\/en\/publication\/environnement-nature-et-communication-a-lere-de-lanthropocene\/#breadcrumb","itemListElement":[{"@type":"ListItem","position":1,"name":"Accueil","item":"https:\/\/www.sfsic.org\/en\/"},{"@type":"ListItem","position":2,"name":"Publications","item":"https:\/\/www.sfsic.org\/en\/publication-en\/"},{"@type":"ListItem","position":3,"name":"Journal issue","item":"https:\/\/www.sfsic.org\/en\/publication-en\/journal-issue\/"},{"@type":"ListItem","position":4,"name":"Environnement, Nature et Communication \u00e0 l&rsquo;\u00e8re de l&rsquo;Anthropoc\u00e8ne"}]},{"@type":"WebSite","@id":"https:\/\/www.sfsic.org\/en\/#website","url":"https:\/\/www.sfsic.org\/en\/","name":"SFSIC","description":"Soci\u00e9t\u00e9 Fran\u00e7aise des Sciences de l&#039;Information &amp; de la Communication","publisher":{"@id":"https:\/\/www.sfsic.org\/en\/#organization"},"potentialAction":[{"@type":"SearchAction","target":{"@type":"EntryPoint","urlTemplate":"https:\/\/www.sfsic.org\/en\/?s={search_term_string}"},"query-input":{"@type":"PropertyValueSpecification","valueRequired":true,"valueName":"search_term_string"}}],"inLanguage":"en-US"},{"@type":"Organization","@id":"https:\/\/www.sfsic.org\/en\/#organization","name":"SFSIC","url":"https:\/\/www.sfsic.org\/en\/","logo":{"@type":"ImageObject","inLanguage":"en-US","@id":"https:\/\/www.sfsic.org\/en\/#\/schema\/logo\/image\/","url":"https:\/\/www.sfsic.org\/wp-inside\/uploads\/2020\/05\/logo-sfsic.jpg","contentUrl":"https:\/\/www.sfsic.org\/wp-inside\/uploads\/2020\/05\/logo-sfsic.jpg","width":1085,"height":1080,"caption":"SFSIC"},"image":{"@id":"https:\/\/www.sfsic.org\/en\/#\/schema\/logo\/image\/"}},{"@type":"Person","@id":"https:\/\/www.sfsic.org\/en\/#\/schema\/person\/9f83573bda33f40c68c7c826e9567df6","name":"Fabien Bonnet","image":{"@type":"ImageObject","inLanguage":"en-US","@id":"https:\/\/secure.gravatar.com\/avatar\/88a9288fc13369cb9e30359afa340f8adace82098c18ff09415c6dacd710ddc4?s=96&d=mm&r=g","url":"https:\/\/secure.gravatar.com\/avatar\/88a9288fc13369cb9e30359afa340f8adace82098c18ff09415c6dacd710ddc4?s=96&d=mm&r=g","contentUrl":"https:\/\/secure.gravatar.com\/avatar\/88a9288fc13369cb9e30359afa340f8adace82098c18ff09415c6dacd710ddc4?s=96&d=mm&r=g","caption":"Fabien Bonnet"}}]}},"_links":{"self":[{"href":"https:\/\/www.sfsic.org\/en\/wp-json\/wp\/v2\/posts\/16029","targetHints":{"allow":["GET"]}}],"collection":[{"href":"https:\/\/www.sfsic.org\/en\/wp-json\/wp\/v2\/posts"}],"about":[{"href":"https:\/\/www.sfsic.org\/en\/wp-json\/wp\/v2\/types\/post"}],"author":[{"embeddable":true,"href":"https:\/\/www.sfsic.org\/en\/wp-json\/wp\/v2\/users\/957"}],"replies":[{"embeddable":true,"href":"https:\/\/www.sfsic.org\/en\/wp-json\/wp\/v2\/comments?post=16029"}],"version-history":[{"count":3,"href":"https:\/\/www.sfsic.org\/en\/wp-json\/wp\/v2\/posts\/16029\/revisions"}],"predecessor-version":[{"id":16038,"href":"https:\/\/www.sfsic.org\/en\/wp-json\/wp\/v2\/posts\/16029\/revisions\/16038"}],"wp:attachment":[{"href":"https:\/\/www.sfsic.org\/en\/wp-json\/wp\/v2\/media?parent=16029"}],"wp:term":[{"taxonomy":"category","embeddable":true,"href":"https:\/\/www.sfsic.org\/en\/wp-json\/wp\/v2\/categories?post=16029"},{"taxonomy":"post_tag","embeddable":true,"href":"https:\/\/www.sfsic.org\/en\/wp-json\/wp\/v2\/tags?post=16029"},{"taxonomy":"thematique","embeddable":true,"href":"https:\/\/www.sfsic.org\/en\/wp-json\/wp\/v2\/thematique?post=16029"},{"taxonomy":"sfsic","embeddable":true,"href":"https:\/\/www.sfsic.org\/en\/wp-json\/wp\/v2\/sfsic?post=16029"}],"curies":[{"name":"wp","href":"https:\/\/api.w.org\/{rel}","templated":true}]}}