{"id":15980,"date":"2021-03-02T15:24:41","date_gmt":"2021-03-02T14:24:41","guid":{"rendered":"https:\/\/www.sfsic.org\/?p=15980"},"modified":"2021-03-01T16:26:06","modified_gmt":"2021-03-01T15:26:06","slug":"technologies-de-la-realite-augmentee-et-dartefacts-virtuels-dans-la-mediation-museale","status":"publish","type":"post","link":"https:\/\/www.sfsic.org\/en\/aac-evenement\/technologies-de-la-realite-augmentee-et-dartefacts-virtuels-dans-la-mediation-museale\/","title":{"rendered":"Technologies de la r\u00e9alit\u00e9 augment\u00e9e et d\u2019artefacts virtuels dans la m\u00e9diation mus\u00e9ale"},"content":{"rendered":"<p><!-- fxzn:singledetail --><\/p>\n<div class=\"zone zn-singledetail\" id=\"fxzn-singledetail-1\">\n<div class=\"zone-block zn-singledetail-block alignwide va-top\">\n<div class=\"row\">\n<div class=\"columns large-8 large-push-4\">\n<div class=\"zn-singledetail-metabox\">\n<div class=\"zn-singledetail-pubdate pubdate\">\n\t\t\t\t\t<span class=\"pubdate-txt\">Mis en ligne le<\/span><span class=\"doubledot\"><\/span> <time class=\"pubdate-time\" pubdate datetime=\"2021-02-27T16:02:34+01:00\">27 f\u00e9vrier 2021<\/time>\t\t\t\t<\/div>\n<p class=\"zn-singledetail-calenda-info\">\n\t\t\t\t\t\tInformations \u00e9dit\u00e9es \u00e0 partir d\u2019une annonce <a class=\"calenda-link prettylink\" href=\"https:\/\/calenda.org\/848444\" target=\"_blank\" rel=\"noopener\"><strong>Calenda<\/strong><\/a>.\t\t\t\t\t<\/p>\n<div class=\"zn-singledetail-thematiques with-sep-comma\">\n<ul class=\"termslist termslist-thematique\">\n<li class=\"termslist-item termslist-title\"><span class=\"termslist-titletxt\">Th\u00e9matiques<\/span><span class=\"doubledot\"><\/span><\/li>\n<li class=\"termslist-item tax-thematique term-mediations-memorielles-culturelles-patrimoniales\"><a class=\"termslist-itemlink\" href=\"\/?thematique=mediations-memorielles-culturelles-patrimoniales\" title=\"M\u00e9diations m\u00e9morielles, culturelles et patrimoniales\"><span class=\"termslist-itemname\">M\u00e9diations m\u00e9morielles, culturelles et patrimoniales<\/span><\/a><\/li>\n<li class=\"termslist-item tax-thematique term-numerique-strategies-dispositifs-usages\"><a class=\"termslist-itemlink\" href=\"\/?thematique=numerique-strategies-dispositifs-usages\" title=\"Num\u00e9rique : strat\u00e9gies, dispositifs et usages\"><span class=\"termslist-itemname\">Num\u00e9rique : strat\u00e9gies, dispositifs et usages<\/span><\/a><\/li>\n<\/ul><\/div>\n<\/p><\/div>\n<\/p><\/div>\n<\/p><\/div>\n<div class=\"row\">\n<div class=\"columns large-4\">\n<div class=\"zn-singledetail-sidebar bg-cornersquares\">\n<div class=\"zn-singledetail-infos\">\n<p class=\"zn-singledetail-reponse-date\">\n\t\t\t\t\t\t<span>R\u00e9ponse attendue pour le<\/span><span class=\"doubledot\"><\/span> <strong>31\/03\/2021<\/strong>\n\t\t\t\t\t<\/p>\n<p class=\"zn-singledetail-reponse-type\">\n\t\t\t\t\t<span>Type de r\u00e9ponse<\/span><span class=\"doubledot\"><\/span> <strong>R\u00e9sum\u00e9<\/strong>\n\t\t\t\t\t<\/p>\n<p class=\"zn-singledetail-type\">\n\t\t\t\t\t\t\t<span>Type d\u2019\u00e9v\u00e9nement<\/span><span class=\"doubledot\"><\/span> <strong>Colloque<\/strong>\n\t\t\t\t\t<\/p>\n<\/p><\/div>\n<div class=\"zn-singledetail-contacts\">\n<h3 class=\"zn-singledetail-section-title\">Contacts<\/h3>\n<ul class=\"zn-singledetail-contacts-list\">\n<li class=\"zn-singledetail-contact\">\n\t\t\t\t\t\t\t<span class=\"zn-singledetail-contact-name\">Christine Aubry, ing\u00e9nieur de recherche (IRHiS, Universit\u00e9 de Lille)<\/span><span class=\"doubledot\"><\/span><br \/>\n\t\t\t\t\t\t\t\t\t\t\t\t\t\t<a class=\"zn-singledetail-contact-mail prettylink\" href=\"mailto:christine.aubry@univ-lille.fr\">christine.aubry@univ-lille.fr<\/a>\n\t\t\t\t\t\t\t\t\t\t\t\t\t<\/li>\n<\/ul><\/div>\n<\/p><\/div>\n<\/p><\/div>\n<div class=\"columns large-8\">\n<div class=\"zn-singledetail-contentbox\">\n<div class=\"zn-singledetail-eventinfo\">\n<div class=\"zn-singledetail-eventinfo-inner\">\n<div class=\"zn-singledetail-eventdates\">\n\t\t\t\t\t\t<span class=\"zn-singledetail-label\">Dates de l\u2019\u00e9v\u00e9nement<span class=\"doubledot\"><\/span><\/span><\/p>\n<ul class=\"zn-singledetail-eventdates-list\">\n<li class=\"zn-singledetail-eventdates-item\">\n\t\t\t\t\t\t\t\tDu <time class=\"event-start-time\" datetime=\"2021-04-22T00:00:00+00:00\">22\/04\/2021<\/time> au <time class=\"event-end-time\" datetime=\"2021-04-22T00:00:00+00:00\">22\/04\/2021<\/time>\t\t\t\t\t\t\t<\/li>\n<\/ul><\/div>\n<p class=\"zn-singledetail-eventplace\">\n\t\t\t\t\t\t<span class=\"zn-singledetail-label\">Lieu de l\u2019\u00e9v\u00e9nement<span class=\"doubledot\"><\/span><\/span><br \/>\n\t\t\t\t\t\t<span class=\"zn-singledetail-eventplace-adr\"><\/p>\n<p>\t\t\t\t\t\t\t\t\t\t\t\t<span class=\"adr-place\"> Plaine Images<\/span>,<\/p>\n<p>\t\t\t\t\t\t<span class=\"adr-street\">101 boulevard Constantin Descat <\/span>, <span class=\"adr-city\">Tourcoing<\/span>\t\t\t\t\t\t<span class=\"adr-cp\">59200<\/span>, <span class=\"adr-country\">France<\/span><br \/>\n\t\t\t\t\t\t<\/span>\t\t\t\t\t<\/p>\n<\/p><\/div>\n<\/p><\/div>\n<div class=\"zn-singledetail-annonce wig-content\">\n<h2>Argumentaire<\/h2>\n<p>Dans le cadre du programme de recherche <em>e.thesaurus<\/em>, <em>l\u2019orf\u00e8vrerie \u00e0 l\u2019\u00e9preuve de la mod\u00e9lisation 3D <\/em>(Programme CPER MAuVE <em>M\u00e9diations visuelles, culture num\u00e9rique et cr\u00e9ation<\/em>), nous proposions, en mars 2018, un premier atelier, en forme de prol\u00e9gom\u00e8nes \u00e0 notre projet, o\u00f9 il s\u2019\u00e9tait alors agi de confronter plusieurs exp\u00e9riences de recherche en cours consacr\u00e9es \u00e0 la mod\u00e9lisation num\u00e9rique et aux syst\u00e8mes d\u2019acquisition d\u2019informations li\u00e9s au patrimoine3]. En octobre de l\u2019ann\u00e9e suivante, deux journ\u00e9es d\u2019\u00e9tudes \u00e0 Li\u00e8ge \u00e9taient consacr\u00e9es aux apports pour la recherche et la m\u00e9diation des plateformes num\u00e9riques li\u00e9es aux patrimoines4].<\/p>\n<p>Aujourd\u2019hui, il nous est apparu int\u00e9ressant d\u2019\u00e9changer autour de projets embl\u00e9matiques li\u00e9s aux dispositifs innovants de m\u00e9diation mus\u00e9ale, dans et hors-les-murs, mettant en jeu les technologies de r\u00e9alit\u00e9 augment\u00e9e et d\u2019artefacts virtuels. De questionner leurs enjeux et leurs limites.<\/p>\n<p>En 2012, \u00ab&#160;Le vase qui parle&#160;\u00bb \u00e9tait un des premiers exemples de ce type de dispositif innovant. Initi\u00e9 par l\u2019universit\u00e9 Lille 3 et diff\u00e9rents partenaires[5], ce projet collaboratif de m\u00e9diation scientifique innovante et itin\u00e9rante proposait une exposition d\u2019un avatar g\u00e9ant (x 17) d\u2019un vase antique grec conserv\u00e9 au Palais des Beaux-Arts de Lille. Il s\u2019agissait d\u2019une installation interactive, offrant au public des possibilit\u00e9s d\u2019interrogation et de d\u00e9couverte de l\u2019objet et de son contexte par l\u2019interm\u00e9diaire de pointeurs restituant des informations dans un casque. C\u2019\u00e9tait le vase qui parlait \u00e0 l\u2019oreille du visiteur et faisait parler les personnages peints sur ses parois. L\u2019un des objectifs des promoteurs du projet \u00e9tait de \u00ab&#160;favoriser des usages individuels et collectifs et surtout un nouveau rapport \u00e0 l\u2019objet arch\u00e9ologique conserv\u00e9 au mus\u00e9e&#160;\u00bb[6]. Huit ans apr\u00e8s, au temps du Coronavirus et des lieux culturels ferm\u00e9s, les mus\u00e9es redoublent d\u2019effort pour proposer au public des visites et autres animations virtuelles&#160;: l\u2019exemple le plus r\u00e9cent sinon le plus spectaculaire \u00e9tant la \u00ab&#160;Tapisserie de Bayeux (<em>sic<\/em>)[7]\u00a0[qui] rouvre virtuellement (<em>re-sic<\/em>) en f\u00e9vrier 2021&#160;\u00bb[8]. Entre temps des projets initi\u00e9s par la recherche universitaire, les institutions culturelles ou les collectivit\u00e9s territoriales se sont multipli\u00e9s, consacr\u00e9s majoritairement aux artefacts arch\u00e9ologiques, \u00e0 la restitution architecturale et aux installations en lien avec la cr\u00e9ation contemporaine[9], avec souvent l\u2019utilisation de dispositifs immersifs[10]. \u00c0 l\u2019automne dernier, une table ronde intitul\u00e9e \u00ab&#160;Exp\u00e9riences num\u00e9riques&#160;: quelles collaborations entre l&rsquo;image et les mus\u00e9es&#160;?&#160;\u00bb \u00e9tait organis\u00e9e au cours du 6<sup>e<\/sup> forum <em>Entreprendre dans la culture<\/em> (19-23 oct. 2020)[11], montrant ainsi les enjeux actuels de la m\u00e9diation mus\u00e9ale par les nouveaux dispositifs, en particulier immersifs et de r\u00e9alit\u00e9 augment\u00e9e[12].<\/p>\n<p>Enfin, utiliser les technologies de r\u00e9alit\u00e9 augment\u00e9e et d\u2019artefacts virtuels, pour d\u00e9velopper une m\u00e9diation innovante, r\u00e9pond aussi \u00e0 des enjeux \u00e9conomiques et soci\u00e9taux, faire (re-)venir au mus\u00e9e tous les publics[13].<\/p>\n<h2>Modalit\u00e9s de contribution<\/h2>\n<p>Les propositions de communications devront \u00eatre adress\u00e9es aux organisateurs <strong>avant le 31 mars 2021<\/strong>.<\/p>\n<p>en fran\u00e7ais ou en anglais. Elles devront comporter une pr\u00e9sentation succincte de l\u2019intervenante ou de l\u2019intervenant ainsi qu\u2019un titre, un r\u00e9sum\u00e9 d\u2019une dizaine de lignes et une courte bibliographie.<\/p>\n<h2>Organisation<\/h2>\n<ul>\n<li>Marc Gil, ma\u00eetre de conf\u00e9rences en histoire de l\u2019art du Moyen \u00c2ge (IRHiS, Universit\u00e9 de Lille)<\/li>\n<li>Pierre Halot, charg\u00e9 de cours en documentation num\u00e9rique du patrimoine (laboratoires DIVA, Universit\u00e9 de Li\u00e8ge)<\/li>\n<li>Christine Aubry, ing\u00e9nieur de recherche (IRHiS, Universit\u00e9 de Lille)<\/li>\n<\/ul>\n<h2>Contact<\/h2>\n<ul>\n<li>Christine Aubry, ing\u00e9nieur de recherche (IRHiS, Universit\u00e9 de Lille)<\/li>\n<li>christine.aubry@univ-lille.fr \u00a0 \u2013\u00a0+33\u00a0(0)3\u00a020\u00a041\u00a062\u00a087<\/li>\n<\/ul>\n<h3>Notes<\/h3>\n<p>1] Institut de Recherches historiques du Septentrion\u00a0\u2013\u00a0UMR 8529 (Univ. Lille, CNRS).<\/p>\n<p>2] Groupe de recherche de Documentation Interpr\u00e9tation Valorisation des Patrimoines <a href=\"https:\/\/www.diva.uliege.be\/\">https:\/\/www.diva.uliege.be<\/a>\/<\/p>\n<p>3] <a href=\"https:\/\/irhis.univ-lille.fr\/valorisation\/humanites-numeriques\/\">https:\/\/irhis.univ-lille.fr\/valorisation\/humanites-numeriques\/<\/a><\/p>\n<p>4] <a href=\"https:\/\/irhis.univ-lille.fr\/fileadmin\/user_upload\/laboratoires\/irhis\/190612_Appel_Com_JE_Liege_DEF.pdf\">https:\/\/irhis.univ-lille.fr\/fileadmin\/user_upload\/laboratoires\/irhis\/190612_Appel_Com_JE_Liege_DEF.pdf<\/a><\/p>\n<p>5] Universit\u00e9 Lille3, Service commun de la documentation de Lille 3, laboratoires Halma et Geriico, D\u00e9partement LCA, D\u00e9vocit\u00e9, Learning Center, Pictanovo, Palais des Beaux-Arts de Lille et Conseil r\u00e9gional du Nord-Pas-de-Calais, cf. <a href=\"https:\/\/insula.univ-lille3.fr\/2013\/10\/vase-qui-parle\/\">https:\/\/insula.univ-lille3.fr\/2013\/10\/vase-qui-parle\/<\/a><\/p>\n<p>6] <em>Club Innovation &amp; Culture France<\/em>, 04\/07\/2013 <a href=\"http:\/\/www.club-innovation-culture.fr\/le-vase-qui-parle-un-dispositif-numerique-de-mediation-innovant-et-itinerant\/\">http:\/\/www.club-innovation-culture.fr\/le-vase-qui-parle-un-dispositif-numerique-de-mediation-innovant-et-itinerant\/<\/a><\/p>\n<p>7] \u00ab&#160;Explorer la tapisserie de Bayeux en ligne&#160;\u00bb, site des mus\u00e9es de la ville de Bayeux <a href=\"https:\/\/www.bayeuxmuseum.com\/la-tapisserie-de-bayeux\/decouvrir-la-tapisserie-de-bayeux\/explorer-la-tapisserie-de-bayeux-en-ligne\/\">https:\/\/www.bayeuxmuseum.com\/la-tapisserie-de-bayeux\/decouvrir-la-tapisserie-de-bayeux\/explorer-la-tapisserie-de-bayeux-en-ligne\/#<\/a><\/p>\n<p>8] <em>Idem, <\/em>18\/02\/2021, <a href=\"http:\/\/www.club-innovation-culture.fr\/musees-bayeux-rouvrent-virtuellement-fevrier-2021\/\">http:\/\/www.club-innovation-culture.fr\/musees-bayeux-rouvrent-virtuellement-fevrier-2021\/<\/a><\/p>\n<p>9] Voir la r\u00e9gion des Hauts-de-France, les rencontres annuelles <em>MuseoHub<\/em>, consacr\u00e9es \u00e0 ce sujet, en particulier la 7<sup>e<\/sup> \u00e9dition organis\u00e9e par <em>e.thesaurus<\/em> et l\u2019IRHiS&#160;: <a href=\"https:\/\/irhis.univ-lille.fr\/detail-event\/7e-edition-museohub-3d-patrimoines-quels-impacts-sur-la-recherche-quelles-modalites-pour-l\/\">https:\/\/irhis.univ-lille.fr\/detail-event\/7e-edition-museohub-3d-patrimoines-quels-impacts-sur-la-recherche-quelles-modalites-pour-l\/<\/a><\/p>\n<p>10] Joanne Vonlanthen. Dispositifs immersifs et r\u00e9alit\u00e9 virtuelle pour la culture scientifique&#160;: quel(d\u00e9)cloisonnement des cultures&#160;? Une approche par les pratiques \u00e9v\u00e9nementielles. Sciences de l\u2019information et de la communication. M\u00e9moire de master 2, Universit\u00e9 de Grenoble, juin 2019&#160;: <a href=\"https:\/\/dumas.ccsd.cnrs.fr\/dumas-02396616\">https:\/\/dumas.ccsd.cnrs.fr\/dumas-02396616<\/a>. Dans le domaine du cin\u00e9ma et de l\u2019audiovisuel, voir C. Ch\u00e2telet (dir.), \u00ab&#160;Les dispositifs immersifs&#160;: vers de nouvelles exp\u00e9riences de l&rsquo;image et du son&#160;?&#160;\u00bb, Cahiers Louis-Lumi\u00e8re, n\u00b0 13, juillet 2020.<\/p>\n<p>11] <a href=\"https:\/\/forumentreprendreculture.culture.gouv.fr\/a-la-une\/forum-2020-les-temps-forts-en-video\">https:\/\/forumentreprendreculture.culture.gouv.fr\/a-la-une\/forum-2020-les-temps-forts-en-video<\/a>.<\/p>\n<p>12] Voir le catalogue de l\u2019Institut fran\u00e7ais, <em>Digiral Mediation and Cultural Innovation<\/em>&#160;; <a href=\"https:\/\/www.pro.institutfrancais.com\/fr\/offre\/catalogue-mediation-numerique-et-innovation-culturelle\">https:\/\/www.pro.institutfrancais.com\/fr\/offre\/catalogue-mediation-numerique-et-innovation-culturelle<\/a>.<\/p>\n<p>13] \u00ab&#160;Il n\u2019y a pas de public sp\u00e9cifique&#160;\u00bb, <em>L\u2019observatoire. Revue des politiques culturelles<\/em>, n\u00b0 32, sept. 2007.<\/p>\n<\/p><\/div>\n<div class=\"zn-singledetail-attachedfiles\">\n<h3 class=\"zn-singledetail-section-title\">Fichier(s) attach\u00e9(s)<\/h3>\n<ul class=\"zn-singledetail-attachedfiles-list\">\n<li class=\"zn-singledetail-attachedfiles-item\">\n\t\t\t\t\t\t\t<a class=\"zn-singledetail-attachedfiles-link button outline for-download\" href=\"https:\/\/www.sfsic.org\/wp-inside\/uploads\/skp-membership\/demande_adh\/aac_workshop_dispositifs_innovants_de_mediation_museale_2021.pdf\" title=\"T\u00e9l\u00e9charger : \u00ab aac_workshop_dispositifs_innovants_de_mediation_museale_2021.pdf \u00bb\" target=\"_blank\" rel=\"noopener\"><br \/>\n\t\t\t\t\t\t\t\t<span class=\"button-txt\">aac_workshop_dis[&#8230;].pdf<\/span><br \/>\n\t\t\t\t\t\t\t<\/a>\n\t\t\t\t\t\t<\/li>\n<\/ul><\/div>\n<div class=\"zn-singledetail-keywords\">\n<h3 class=\"zn-singledetail-section-title\">Mots-cl\u00e9s<\/h3>\n<ul class=\"termslist termslist-post_tag\">\n<li class=\"termslist-item termslist-title\"><span class=\"termslist-titletxt\">Mots-cl\u00e9s<\/span><span class=\"doubledot\"><\/span><\/li>\n<li class=\"termslist-item tax-post_tag term-histoire-de-lart\"><a class=\"termslist-itemlink\" href=\"https:\/\/www.sfsic.org\/en\/tag\/histoire-de-lart\/\" title=\"Histoire de l'Art\"><span class=\"termslist-itemname\">Histoire de l&#8217;Art<\/span><\/a><\/li>\n<li class=\"termslist-item tax-post_tag term-humanites-numeriques\"><a class=\"termslist-itemlink\" href=\"https:\/\/www.sfsic.org\/en\/tag\/digital-humanities\/\" title=\"Humanit\u00e9s num\u00e9riques\"><span class=\"termslist-itemname\">Humanit\u00e9s num\u00e9riques<\/span><\/a><\/li>\n<li class=\"termslist-item tax-post_tag term-mediation\"><a class=\"termslist-itemlink\" href=\"https:\/\/www.sfsic.org\/en\/tag\/mediation-en\/\" title=\"M\u00e9diation\"><span class=\"termslist-itemname\">M\u00e9diation<\/span><\/a><\/li>\n<li class=\"termslist-item tax-post_tag term-musees\"><a class=\"termslist-itemlink\" href=\"https:\/\/www.sfsic.org\/en\/tag\/museums\/\" title=\"Mus\u00e9es\"><span class=\"termslist-itemname\">Mus\u00e9es<\/span><\/a><\/li>\n<li class=\"termslist-item tax-post_tag term-patrimoine\"><a class=\"termslist-itemlink\" href=\"https:\/\/www.sfsic.org\/en\/tag\/heritage\/\" title=\"Patrimoine\"><span class=\"termslist-itemname\">Patrimoine<\/span><\/a><\/li>\n<\/ul><\/div>\n<\/p><\/div>\n<\/p><\/div>\n<\/p><\/div>\n<\/p><\/div>\n<\/div>\n<p><!-- \/fxzn:singledetail --><\/p>\n","protected":false},"excerpt":{"rendered":"<p>Mis en ligne le 27 f\u00e9vrier 2021 Informations \u00e9dit\u00e9es \u00e0 partir d\u2019une annonce Calenda. Th\u00e9matiques M\u00e9diations m\u00e9morielles, culturelles et patrimoniales Num\u00e9rique : strat\u00e9gies, dispositifs et usages R\u00e9ponse attendue pour le [&hellip;]<\/p>\n","protected":false},"author":781,"featured_media":0,"comment_status":"closed","ping_status":"closed","sticky":false,"template":"","format":"standard","meta":{"_acf_changed":false,"footnotes":""},"categories":[29,57],"tags":[398,99,129,175,193],"thematique":[38,39],"sfsic":[],"class_list":["post-15980","post","type-post","status-publish","format-standard","hentry","category-aac-evenement","category-colloque","tag-histoire-de-lart","tag-humanites-numeriques","tag-mediation","tag-musees","tag-patrimoine","thematique-mediations-memorielles-culturelles-et-patrimoniales","thematique-numerique-strategies-dispositifs-et-usages","wp-sticky"],"acf":[],"yoast_head":"<!-- This site is optimized with the Yoast SEO plugin v27.5 - https:\/\/yoast.com\/product\/yoast-seo-wordpress\/ -->\n<title>Technologies de la r\u00e9alit\u00e9 augment\u00e9e et d\u2019artefacts virtuels dans la m\u00e9diation mus\u00e9ale<\/title>\n<meta name=\"description\" content=\"Les laboratoires IRHiS \u2013 Universit\u00e9 de Lille[1] et DIVA \u2013 Universit\u00e9 de Li\u00e8ge[2] lancent un appel \u00e0 contribution dans le cadre du projet de recherche e.thesaurus pour un atelier d\u2019une journ\u00e9e sur le th\u00e8me &quot;Technologies de la r\u00e9alit\u00e9 augment\u00e9e et d\u2019artefacts virtuels dans la m\u00e9diation mus\u00e9ale : enjeux et limites de dispositifs innovants&quot;.\" \/>\n<meta name=\"robots\" content=\"index, follow, max-snippet:-1, max-image-preview:large, max-video-preview:-1\" \/>\n<link rel=\"canonical\" href=\"https:\/\/www.sfsic.org\/en\/aac-evenement\/technologies-de-la-realite-augmentee-et-dartefacts-virtuels-dans-la-mediation-museale\/\" \/>\n<meta property=\"og:locale\" content=\"en_US\" \/>\n<meta property=\"og:type\" content=\"article\" \/>\n<meta property=\"og:title\" content=\"Technologies de la r\u00e9alit\u00e9 augment\u00e9e et d\u2019artefacts virtuels dans la m\u00e9diation mus\u00e9ale\" \/>\n<meta property=\"og:description\" content=\"Les laboratoires IRHiS \u2013 Universit\u00e9 de Lille[1] et DIVA \u2013 Universit\u00e9 de Li\u00e8ge[2] lancent un appel \u00e0 contribution dans le cadre du projet de recherche e.thesaurus pour un atelier d\u2019une journ\u00e9e sur le th\u00e8me &quot;Technologies de la r\u00e9alit\u00e9 augment\u00e9e et d\u2019artefacts virtuels dans la m\u00e9diation mus\u00e9ale : enjeux et limites de dispositifs innovants&quot;.\" \/>\n<meta property=\"og:url\" content=\"https:\/\/www.sfsic.org\/en\/aac-evenement\/technologies-de-la-realite-augmentee-et-dartefacts-virtuels-dans-la-mediation-museale\/\" \/>\n<meta property=\"og:site_name\" content=\"SFSIC\" \/>\n<meta property=\"article:published_time\" content=\"2021-03-02T14:24:41+00:00\" \/>\n<meta name=\"author\" content=\"Axelle Martin\" \/>\n<meta name=\"twitter:card\" content=\"summary_large_image\" \/>\n<script type=\"application\/ld+json\" class=\"yoast-schema-graph\">{\"@context\":\"https:\\\/\\\/schema.org\",\"@graph\":[{\"@type\":\"Article\",\"@id\":\"https:\\\/\\\/www.sfsic.org\\\/en\\\/aac-evenement\\\/technologies-de-la-realite-augmentee-et-dartefacts-virtuels-dans-la-mediation-museale\\\/#article\",\"isPartOf\":{\"@id\":\"https:\\\/\\\/www.sfsic.org\\\/en\\\/aac-evenement\\\/technologies-de-la-realite-augmentee-et-dartefacts-virtuels-dans-la-mediation-museale\\\/\"},\"author\":{\"name\":\"Axelle Martin\",\"@id\":\"https:\\\/\\\/www.sfsic.org\\\/en\\\/#\\\/schema\\\/person\\\/d3606993477708f4359fb9aeda58df3b\"},\"headline\":\"Technologies de la r\u00e9alit\u00e9 augment\u00e9e et d\u2019artefacts virtuels dans la m\u00e9diation mus\u00e9ale\",\"datePublished\":\"2021-03-02T14:24:41+00:00\",\"mainEntityOfPage\":{\"@id\":\"https:\\\/\\\/www.sfsic.org\\\/en\\\/aac-evenement\\\/technologies-de-la-realite-augmentee-et-dartefacts-virtuels-dans-la-mediation-museale\\\/\"},\"wordCount\":1028,\"publisher\":{\"@id\":\"https:\\\/\\\/www.sfsic.org\\\/en\\\/#organization\"},\"keywords\":[\"Histoire de l'Art\",\"Humanit\u00e9s num\u00e9riques\",\"M\u00e9diation\",\"Mus\u00e9es\",\"Patrimoine\"],\"articleSection\":[\"AAC \u00c9v\u00e9nement\",\"Colloque\"],\"inLanguage\":\"en-US\"},{\"@type\":\"WebPage\",\"@id\":\"https:\\\/\\\/www.sfsic.org\\\/en\\\/aac-evenement\\\/technologies-de-la-realite-augmentee-et-dartefacts-virtuels-dans-la-mediation-museale\\\/\",\"url\":\"https:\\\/\\\/www.sfsic.org\\\/en\\\/aac-evenement\\\/technologies-de-la-realite-augmentee-et-dartefacts-virtuels-dans-la-mediation-museale\\\/\",\"name\":\"Technologies de la r\u00e9alit\u00e9 augment\u00e9e et d\u2019artefacts virtuels dans la m\u00e9diation mus\u00e9ale\",\"isPartOf\":{\"@id\":\"https:\\\/\\\/www.sfsic.org\\\/en\\\/#website\"},\"datePublished\":\"2021-03-02T14:24:41+00:00\",\"description\":\"Les laboratoires IRHiS \u2013 Universit\u00e9 de Lille[1] et DIVA \u2013 Universit\u00e9 de Li\u00e8ge[2] lancent un appel \u00e0 contribution dans le cadre du projet de recherche e.thesaurus pour un atelier d\u2019une journ\u00e9e sur le th\u00e8me \\\"Technologies de la r\u00e9alit\u00e9 augment\u00e9e et d\u2019artefacts virtuels dans la m\u00e9diation mus\u00e9ale : enjeux et limites de dispositifs innovants\\\".\",\"breadcrumb\":{\"@id\":\"https:\\\/\\\/www.sfsic.org\\\/en\\\/aac-evenement\\\/technologies-de-la-realite-augmentee-et-dartefacts-virtuels-dans-la-mediation-museale\\\/#breadcrumb\"},\"inLanguage\":\"en-US\",\"potentialAction\":[{\"@type\":\"ReadAction\",\"target\":[\"https:\\\/\\\/www.sfsic.org\\\/en\\\/aac-evenement\\\/technologies-de-la-realite-augmentee-et-dartefacts-virtuels-dans-la-mediation-museale\\\/\"]}]},{\"@type\":\"BreadcrumbList\",\"@id\":\"https:\\\/\\\/www.sfsic.org\\\/en\\\/aac-evenement\\\/technologies-de-la-realite-augmentee-et-dartefacts-virtuels-dans-la-mediation-museale\\\/#breadcrumb\",\"itemListElement\":[{\"@type\":\"ListItem\",\"position\":1,\"name\":\"Accueil\",\"item\":\"https:\\\/\\\/www.sfsic.org\\\/en\\\/\"},{\"@type\":\"ListItem\",\"position\":2,\"name\":\"Calls for Contributions\",\"item\":\"https:\\\/\\\/www.sfsic.org\\\/en\\\/cfc-event\\\/\"},{\"@type\":\"ListItem\",\"position\":3,\"name\":\"Conference\",\"item\":\"https:\\\/\\\/www.sfsic.org\\\/en\\\/cfc-event\\\/conference\\\/\"},{\"@type\":\"ListItem\",\"position\":4,\"name\":\"Technologies de la r\u00e9alit\u00e9 augment\u00e9e et d\u2019artefacts virtuels dans la m\u00e9diation mus\u00e9ale\"}]},{\"@type\":\"WebSite\",\"@id\":\"https:\\\/\\\/www.sfsic.org\\\/en\\\/#website\",\"url\":\"https:\\\/\\\/www.sfsic.org\\\/en\\\/\",\"name\":\"SFSIC\",\"description\":\"Soci\u00e9t\u00e9 Fran\u00e7aise des Sciences de l&#039;Information &amp; de la Communication\",\"publisher\":{\"@id\":\"https:\\\/\\\/www.sfsic.org\\\/en\\\/#organization\"},\"potentialAction\":[{\"@type\":\"SearchAction\",\"target\":{\"@type\":\"EntryPoint\",\"urlTemplate\":\"https:\\\/\\\/www.sfsic.org\\\/en\\\/?s={search_term_string}\"},\"query-input\":{\"@type\":\"PropertyValueSpecification\",\"valueRequired\":true,\"valueName\":\"search_term_string\"}}],\"inLanguage\":\"en-US\"},{\"@type\":\"Organization\",\"@id\":\"https:\\\/\\\/www.sfsic.org\\\/en\\\/#organization\",\"name\":\"SFSIC\",\"url\":\"https:\\\/\\\/www.sfsic.org\\\/en\\\/\",\"logo\":{\"@type\":\"ImageObject\",\"inLanguage\":\"en-US\",\"@id\":\"https:\\\/\\\/www.sfsic.org\\\/en\\\/#\\\/schema\\\/logo\\\/image\\\/\",\"url\":\"https:\\\/\\\/www.sfsic.org\\\/wp-inside\\\/uploads\\\/2020\\\/05\\\/logo-sfsic.jpg\",\"contentUrl\":\"https:\\\/\\\/www.sfsic.org\\\/wp-inside\\\/uploads\\\/2020\\\/05\\\/logo-sfsic.jpg\",\"width\":1085,\"height\":1080,\"caption\":\"SFSIC\"},\"image\":{\"@id\":\"https:\\\/\\\/www.sfsic.org\\\/en\\\/#\\\/schema\\\/logo\\\/image\\\/\"}},{\"@type\":\"Person\",\"@id\":\"https:\\\/\\\/www.sfsic.org\\\/en\\\/#\\\/schema\\\/person\\\/d3606993477708f4359fb9aeda58df3b\",\"name\":\"Axelle Martin\",\"image\":{\"@type\":\"ImageObject\",\"inLanguage\":\"en-US\",\"@id\":\"https:\\\/\\\/secure.gravatar.com\\\/avatar\\\/1065035eb5e480668fbf77e163c2e86f81ac342eaad4c8783acdf4a63f3c917b?s=96&d=mm&r=g\",\"url\":\"https:\\\/\\\/secure.gravatar.com\\\/avatar\\\/1065035eb5e480668fbf77e163c2e86f81ac342eaad4c8783acdf4a63f3c917b?s=96&d=mm&r=g\",\"contentUrl\":\"https:\\\/\\\/secure.gravatar.com\\\/avatar\\\/1065035eb5e480668fbf77e163c2e86f81ac342eaad4c8783acdf4a63f3c917b?s=96&d=mm&r=g\",\"caption\":\"Axelle Martin\"},\"sameAs\":[\"@antropocominside\"]}]}<\/script>\n<!-- \/ Yoast SEO plugin. -->","yoast_head_json":{"title":"Technologies de la r\u00e9alit\u00e9 augment\u00e9e et d\u2019artefacts virtuels dans la m\u00e9diation mus\u00e9ale","description":"Les laboratoires IRHiS \u2013 Universit\u00e9 de Lille[1] et DIVA \u2013 Universit\u00e9 de Li\u00e8ge[2] lancent un appel \u00e0 contribution dans le cadre du projet de recherche e.thesaurus pour un atelier d\u2019une journ\u00e9e sur le th\u00e8me \"Technologies de la r\u00e9alit\u00e9 augment\u00e9e et d\u2019artefacts virtuels dans la m\u00e9diation mus\u00e9ale : enjeux et limites de dispositifs innovants\".","robots":{"index":"index","follow":"follow","max-snippet":"max-snippet:-1","max-image-preview":"max-image-preview:large","max-video-preview":"max-video-preview:-1"},"canonical":"https:\/\/www.sfsic.org\/en\/aac-evenement\/technologies-de-la-realite-augmentee-et-dartefacts-virtuels-dans-la-mediation-museale\/","og_locale":"en_US","og_type":"article","og_title":"Technologies de la r\u00e9alit\u00e9 augment\u00e9e et d\u2019artefacts virtuels dans la m\u00e9diation mus\u00e9ale","og_description":"Les laboratoires IRHiS \u2013 Universit\u00e9 de Lille[1] et DIVA \u2013 Universit\u00e9 de Li\u00e8ge[2] lancent un appel \u00e0 contribution dans le cadre du projet de recherche e.thesaurus pour un atelier d\u2019une journ\u00e9e sur le th\u00e8me \"Technologies de la r\u00e9alit\u00e9 augment\u00e9e et d\u2019artefacts virtuels dans la m\u00e9diation mus\u00e9ale : enjeux et limites de dispositifs innovants\".","og_url":"https:\/\/www.sfsic.org\/en\/aac-evenement\/technologies-de-la-realite-augmentee-et-dartefacts-virtuels-dans-la-mediation-museale\/","og_site_name":"SFSIC","article_published_time":"2021-03-02T14:24:41+00:00","author":"Axelle Martin","twitter_card":"summary_large_image","schema":{"@context":"https:\/\/schema.org","@graph":[{"@type":"Article","@id":"https:\/\/www.sfsic.org\/en\/aac-evenement\/technologies-de-la-realite-augmentee-et-dartefacts-virtuels-dans-la-mediation-museale\/#article","isPartOf":{"@id":"https:\/\/www.sfsic.org\/en\/aac-evenement\/technologies-de-la-realite-augmentee-et-dartefacts-virtuels-dans-la-mediation-museale\/"},"author":{"name":"Axelle Martin","@id":"https:\/\/www.sfsic.org\/en\/#\/schema\/person\/d3606993477708f4359fb9aeda58df3b"},"headline":"Technologies de la r\u00e9alit\u00e9 augment\u00e9e et d\u2019artefacts virtuels dans la m\u00e9diation mus\u00e9ale","datePublished":"2021-03-02T14:24:41+00:00","mainEntityOfPage":{"@id":"https:\/\/www.sfsic.org\/en\/aac-evenement\/technologies-de-la-realite-augmentee-et-dartefacts-virtuels-dans-la-mediation-museale\/"},"wordCount":1028,"publisher":{"@id":"https:\/\/www.sfsic.org\/en\/#organization"},"keywords":["Histoire de l'Art","Humanit\u00e9s num\u00e9riques","M\u00e9diation","Mus\u00e9es","Patrimoine"],"articleSection":["AAC \u00c9v\u00e9nement","Colloque"],"inLanguage":"en-US"},{"@type":"WebPage","@id":"https:\/\/www.sfsic.org\/en\/aac-evenement\/technologies-de-la-realite-augmentee-et-dartefacts-virtuels-dans-la-mediation-museale\/","url":"https:\/\/www.sfsic.org\/en\/aac-evenement\/technologies-de-la-realite-augmentee-et-dartefacts-virtuels-dans-la-mediation-museale\/","name":"Technologies de la r\u00e9alit\u00e9 augment\u00e9e et d\u2019artefacts virtuels dans la m\u00e9diation mus\u00e9ale","isPartOf":{"@id":"https:\/\/www.sfsic.org\/en\/#website"},"datePublished":"2021-03-02T14:24:41+00:00","description":"Les laboratoires IRHiS \u2013 Universit\u00e9 de Lille[1] et DIVA \u2013 Universit\u00e9 de Li\u00e8ge[2] lancent un appel \u00e0 contribution dans le cadre du projet de recherche e.thesaurus pour un atelier d\u2019une journ\u00e9e sur le th\u00e8me \"Technologies de la r\u00e9alit\u00e9 augment\u00e9e et d\u2019artefacts virtuels dans la m\u00e9diation mus\u00e9ale : enjeux et limites de dispositifs innovants\".","breadcrumb":{"@id":"https:\/\/www.sfsic.org\/en\/aac-evenement\/technologies-de-la-realite-augmentee-et-dartefacts-virtuels-dans-la-mediation-museale\/#breadcrumb"},"inLanguage":"en-US","potentialAction":[{"@type":"ReadAction","target":["https:\/\/www.sfsic.org\/en\/aac-evenement\/technologies-de-la-realite-augmentee-et-dartefacts-virtuels-dans-la-mediation-museale\/"]}]},{"@type":"BreadcrumbList","@id":"https:\/\/www.sfsic.org\/en\/aac-evenement\/technologies-de-la-realite-augmentee-et-dartefacts-virtuels-dans-la-mediation-museale\/#breadcrumb","itemListElement":[{"@type":"ListItem","position":1,"name":"Accueil","item":"https:\/\/www.sfsic.org\/en\/"},{"@type":"ListItem","position":2,"name":"Calls for Contributions","item":"https:\/\/www.sfsic.org\/en\/cfc-event\/"},{"@type":"ListItem","position":3,"name":"Conference","item":"https:\/\/www.sfsic.org\/en\/cfc-event\/conference\/"},{"@type":"ListItem","position":4,"name":"Technologies de la r\u00e9alit\u00e9 augment\u00e9e et d\u2019artefacts virtuels dans la m\u00e9diation mus\u00e9ale"}]},{"@type":"WebSite","@id":"https:\/\/www.sfsic.org\/en\/#website","url":"https:\/\/www.sfsic.org\/en\/","name":"SFSIC","description":"Soci\u00e9t\u00e9 Fran\u00e7aise des Sciences de l&#039;Information &amp; de la Communication","publisher":{"@id":"https:\/\/www.sfsic.org\/en\/#organization"},"potentialAction":[{"@type":"SearchAction","target":{"@type":"EntryPoint","urlTemplate":"https:\/\/www.sfsic.org\/en\/?s={search_term_string}"},"query-input":{"@type":"PropertyValueSpecification","valueRequired":true,"valueName":"search_term_string"}}],"inLanguage":"en-US"},{"@type":"Organization","@id":"https:\/\/www.sfsic.org\/en\/#organization","name":"SFSIC","url":"https:\/\/www.sfsic.org\/en\/","logo":{"@type":"ImageObject","inLanguage":"en-US","@id":"https:\/\/www.sfsic.org\/en\/#\/schema\/logo\/image\/","url":"https:\/\/www.sfsic.org\/wp-inside\/uploads\/2020\/05\/logo-sfsic.jpg","contentUrl":"https:\/\/www.sfsic.org\/wp-inside\/uploads\/2020\/05\/logo-sfsic.jpg","width":1085,"height":1080,"caption":"SFSIC"},"image":{"@id":"https:\/\/www.sfsic.org\/en\/#\/schema\/logo\/image\/"}},{"@type":"Person","@id":"https:\/\/www.sfsic.org\/en\/#\/schema\/person\/d3606993477708f4359fb9aeda58df3b","name":"Axelle Martin","image":{"@type":"ImageObject","inLanguage":"en-US","@id":"https:\/\/secure.gravatar.com\/avatar\/1065035eb5e480668fbf77e163c2e86f81ac342eaad4c8783acdf4a63f3c917b?s=96&d=mm&r=g","url":"https:\/\/secure.gravatar.com\/avatar\/1065035eb5e480668fbf77e163c2e86f81ac342eaad4c8783acdf4a63f3c917b?s=96&d=mm&r=g","contentUrl":"https:\/\/secure.gravatar.com\/avatar\/1065035eb5e480668fbf77e163c2e86f81ac342eaad4c8783acdf4a63f3c917b?s=96&d=mm&r=g","caption":"Axelle Martin"},"sameAs":["@antropocominside"]}]}},"_links":{"self":[{"href":"https:\/\/www.sfsic.org\/en\/wp-json\/wp\/v2\/posts\/15980","targetHints":{"allow":["GET"]}}],"collection":[{"href":"https:\/\/www.sfsic.org\/en\/wp-json\/wp\/v2\/posts"}],"about":[{"href":"https:\/\/www.sfsic.org\/en\/wp-json\/wp\/v2\/types\/post"}],"author":[{"embeddable":true,"href":"https:\/\/www.sfsic.org\/en\/wp-json\/wp\/v2\/users\/781"}],"replies":[{"embeddable":true,"href":"https:\/\/www.sfsic.org\/en\/wp-json\/wp\/v2\/comments?post=15980"}],"version-history":[{"count":3,"href":"https:\/\/www.sfsic.org\/en\/wp-json\/wp\/v2\/posts\/15980\/revisions"}],"predecessor-version":[{"id":15988,"href":"https:\/\/www.sfsic.org\/en\/wp-json\/wp\/v2\/posts\/15980\/revisions\/15988"}],"wp:attachment":[{"href":"https:\/\/www.sfsic.org\/en\/wp-json\/wp\/v2\/media?parent=15980"}],"wp:term":[{"taxonomy":"category","embeddable":true,"href":"https:\/\/www.sfsic.org\/en\/wp-json\/wp\/v2\/categories?post=15980"},{"taxonomy":"post_tag","embeddable":true,"href":"https:\/\/www.sfsic.org\/en\/wp-json\/wp\/v2\/tags?post=15980"},{"taxonomy":"thematique","embeddable":true,"href":"https:\/\/www.sfsic.org\/en\/wp-json\/wp\/v2\/thematique?post=15980"},{"taxonomy":"sfsic","embeddable":true,"href":"https:\/\/www.sfsic.org\/en\/wp-json\/wp\/v2\/sfsic?post=15980"}],"curies":[{"name":"wp","href":"https:\/\/api.w.org\/{rel}","templated":true}]}}