{"id":15935,"date":"2021-02-26T09:43:20","date_gmt":"2021-02-26T08:43:20","guid":{"rendered":"https:\/\/www.sfsic.org\/?p=15935"},"modified":"2021-02-27T15:17:49","modified_gmt":"2021-02-27T14:17:49","slug":"leconomie-des-images-en-sciences","status":"publish","type":"post","link":"https:\/\/www.sfsic.org\/en\/aac-evenement\/leconomie-des-images-en-sciences\/","title":{"rendered":"L\u2019\u00e9conomie des images en sciences"},"content":{"rendered":"<p><!-- fxzn:singledetail --><\/p>\n<div class=\"zone zn-singledetail\" id=\"fxzn-singledetail-1\">\n<div class=\"zone-block zn-singledetail-block alignwide va-top\">\n<div class=\"row\">\n<div class=\"columns large-8 large-push-4\">\n<div class=\"zn-singledetail-metabox\">\n<div class=\"zn-singledetail-pubdate pubdate\">\n\t\t\t\t\t<span class=\"pubdate-txt\">Mis en ligne le<\/span><span class=\"doubledot\"><\/span> 26 f\u00e9vrier 2021\t\t\t\t<\/div>\n<p class=\"zn-singledetail-calenda-info\">\n\t\t\t\t\t\tInformations \u00e9dit\u00e9es \u00e0 partir d\u2019une annonce <a class=\"calenda-link prettylink\" href=\"https:\/\/calenda.org\/846936\" target=\"_blank\" rel=\"noopener\"><strong>Calenda<\/strong><\/a>.\t\t\t\t\t<\/p>\n<div class=\"zn-singledetail-thematiques with-sep-comma\">\n<ul class=\"termslist termslist-thematique\">\n<li class=\"termslist-item termslist-title\"><span class=\"termslist-titletxt\">Th\u00e9matiques<\/span><span class=\"doubledot\"><\/span><\/li>\n<li class=\"termslist-item tax-thematique term-images-cinema-medias-audiovisuels-et-industries-culturelles\"><a class=\"termslist-itemlink\" href=\"https:\/\/www.sfsic.org\/thematiques\/images-cinema-medias-audiovisuels-et-industries-culturelles\/\" title=\"Images, cin\u00e9ma, m\u00e9dias audiovisuels et industries culturelles\"><span class=\"termslist-itemname\">Images, cin\u00e9ma, m\u00e9dias audiovisuels et industries culturelles<\/span><\/a><\/li>\n<li class=\"termslist-item tax-thematique term-mediation-des-savoirs-education-formation\"><a class=\"termslist-itemlink\" href=\"https:\/\/www.sfsic.org\/thematiques\/mediation-des-savoirs-education-formation\/\" title=\"M\u00e9diation des savoirs, \u00e9ducation et formation\"><span class=\"termslist-itemname\">M\u00e9diation des savoirs, \u00e9ducation et formation<\/span><\/a><\/li>\n<li class=\"termslist-item tax-thematique term-numerique-strategies-dispositifs-usages\"><a class=\"termslist-itemlink\" href=\"https:\/\/www.sfsic.org\/thematiques\/numerique-strategies-dispositifs-usages\/\" title=\"Num\u00e9rique : strat\u00e9gies, dispositifs et usages\"><span class=\"termslist-itemname\">Num\u00e9rique : strat\u00e9gies, dispositifs et usages<\/span><\/a><\/li>\n<\/ul><\/div>\n<\/p><\/div>\n<\/p><\/div>\n<\/p><\/div>\n<div class=\"row\">\n<div class=\"columns large-4\">\n<div class=\"zn-singledetail-sidebar bg-cornersquares\">\n<div class=\"zn-singledetail-infos\">\n<p class=\"zn-singledetail-reponse-date\">\n\t\t\t\t\t\t<span>R\u00e9ponse attendue pour le<\/span><span class=\"doubledot\"><\/span> <strong>30\/04\/2021<\/strong>\n\t\t\t\t\t<\/p>\n<p class=\"zn-singledetail-reponse-type\">\n\t\t\t\t\t<span>Type de r\u00e9ponse<\/span><span class=\"doubledot\"><\/span> <strong>R\u00e9sum\u00e9<\/strong>\n\t\t\t\t\t<\/p>\n<p class=\"zn-singledetail-type\">\n\t\t\t\t\t\t\t<span>Type d\u2019\u00e9v\u00e9nement<\/span><span class=\"doubledot\"><\/span> <strong>Colloque<\/strong>\n\t\t\t\t\t<\/p>\n<\/p><\/div>\n<div class=\"zn-singledetail-contacts\">\n<h3 class=\"zn-singledetail-section-title\">Contacts<\/h3>\n<ul class=\"zn-singledetail-contacts-list\">\n<li class=\"zn-singledetail-contact\">\n\t\t\t\t\t\t\t<span class=\"zn-singledetail-contact-name\">Laureline Meizel <\/span><span class=\"doubledot\"><\/span><br \/>\n\t\t\t\t\t\t\t\t\t\t\t\t\t\t<a class=\"zn-singledetail-contact-mail prettylink\" href=\"mailto:laureline.meizel@gmail.com\">laureline.meizel@gmail.com<\/a>\n\t\t\t\t\t\t\t\t\t\t\t\t\t<\/li>\n<\/ul><\/div>\n<\/p><\/div>\n<\/p><\/div>\n<div class=\"columns large-8\">\n<div class=\"zn-singledetail-contentbox\">\n<div class=\"zn-singledetail-eventinfo\">\n<div class=\"zn-singledetail-eventinfo-inner\">\n<div class=\"zn-singledetail-eventdates\">\n\t\t\t\t\t\t<span class=\"zn-singledetail-label\">Dates de l\u2019\u00e9v\u00e9nement<span class=\"doubledot\"><\/span><\/span><\/p>\n<ul class=\"zn-singledetail-eventdates-list\">\n<li class=\"zn-singledetail-eventdates-item\">\n\t\t\t\t\t\t\t\tDu 28\/10\/2021 au 28\/10\/2021\t\t\t\t\t\t\t<\/li>\n<\/ul><\/div>\n<p class=\"zn-singledetail-eventplace\">\n\t\t\t\t\t\t<span class=\"zn-singledetail-label\">Lieu de l\u2019\u00e9v\u00e9nement<span class=\"doubledot\"><\/span><\/span><br \/>\n\t\t\t\t\t\t<span class=\"zn-singledetail-eventplace-adr\"><\/p>\n<p>\t\t\t\t\t\t\t\t\t\t\t\t<span class=\"adr-place\">INHA<\/span>,<\/p>\n<p>\t\t\t\t\t\t<span class=\"adr-street\">2, rue Vivienne <\/span>, <span class=\"adr-city\">Paris<\/span>\t\t\t\t\t\t<span class=\"adr-cp\">75002<\/span>, <span class=\"adr-country\">France<\/span><br \/>\n\t\t\t\t\t\t<\/span>\t\t\t\t\t<\/p>\n<\/p><\/div>\n<\/p><\/div>\n<div class=\"zn-singledetail-annonce wig-content\">\n<h2>Argumentaire<\/h2>\n<p>D\u00e9but 2020, la Galerie nationale du Jeu de Paume a pr\u00e9sent\u00e9 une exposition intitul\u00e9e \u00ab&#160;Le supermarch\u00e9 des images&#160;\u00bb sur une proposition de Peter Szendy. Le philosophe y d\u00e9veloppait les pistes explor\u00e9es dans son ouvrage <em>Le supermarch\u00e9 du visible. Essai d\u2019iconomie<\/em> (2017) sur le rapport intime entre image et \u00e9conomie. En s\u2019appuyant sur Deleuze inspir\u00e9 de Marx, Szendy y rappelle que \u00ab&#160;l\u2019argent est l\u2019envers de toutes les images&#160;\u00bb. Si cet axiome traduit un regain d\u2019int\u00e9r\u00eat pour les enjeux financiers en histoire de l\u2019art, en histoire de la photographie et dans les \u00e9tudes visuelles, il semble avoir \u00e9t\u00e9 euph\u00e9mis\u00e9 dans l\u2019analyse des corpus d\u2019images accompagnant les pratiques scientifiques, elle-m\u00eame en pleine effervescence. La r\u00e9alisation de tels visuels peut pourtant s\u2019av\u00e9rer tr\u00e8s co\u00fbteuse en temps et en moyens humains, techniques et financiers. En t\u00e9moigne la production de la premi\u00e8re image d\u2019un trou noir en 2019, qui a mobilis\u00e9 d\u2019innombrables \u00e9quipes de recherche, plusieurs m\u00e8tres cubes de stockage, des \u00e9quipements rares et des heures de travail, impliquant des investissements financiers importants. Le co\u00fbt et la valeur des images pesant d\u2019un poids certain sur les connaissances produites et diffus\u00e9es, ils m\u00e9ritent donc d\u2019\u00eatre examin\u00e9s de mani\u00e8re approfondie.<\/p>\n<p>Cette journ\u00e9e d\u2019\u00e9tude propose d\u2019adopter une perspective mat\u00e9rialiste pour penser la part visuelle des sciences, en s\u2019int\u00e9ressant pr\u00e9cis\u00e9ment aux facteurs \u00e9conomiques qui innervent la production et la circulation des images dans ce contexte. Il s\u2019agira d\u2019examiner les questions financi\u00e8res qui traversent le visuel dans les pratiques scientifiques, pour d\u00e9terminer les moyens mobilis\u00e9s dans sa fabrication, sa diffusion et sa gestion, afin d\u2019\u00e9clairer leurs incidences sur les savoirs auxquels il contribue. On s\u2019interrogera notamment sur l\u2019\u00e9mergence et les \u00e9volutions d\u2019un march\u00e9 ou de march\u00e9s diff\u00e9renci\u00e9s de l\u2019image scientifique, par exemple \u00e0 partir de la mise en place de strat\u00e9gies commerciales et de ph\u00e9nom\u00e8nes de concurrences. Par ce biais, l\u2019enjeu sera de mieux cerner les relations entre diff\u00e9rentes \u00e9chelles de valeurs\u00a0(marchande, \u00e9pist\u00e9mologique, esth\u00e9tique), dans la fabrique et la diffusion des visuels en sciences. En prenant les images comme point d\u2019articulation, cette journ\u00e9e d\u2019\u00e9tude visera ainsi \u00e0 d\u00e9terminer quels sont les effets de leurs facteurs \u00e9conomiques sur la production des savoirs scientifiques et plus largement comment les int\u00e9r\u00eats \u00e9conomiques convergent ou s\u2019opposent aux int\u00e9r\u00eats scientifiques.<\/p>\n<p>Le large cadrage chronologique adopt\u00e9, du XVIII<sup>e<\/sup>\u00a0si\u00e8cle \u00e0 l\u2019\u00e9poque actuelle, permettra d\u2019interroger \u00e0 nouveaux frais la multiplication exponentielle des images en sciences \u00e0 partir du si\u00e8cle des Lumi\u00e8res et des r\u00e9volutions industrielles. Leur foisonnement suppose en effet une modification de l\u2019\u00e9conomie de leur fabrique et de leur diffusion, dont les implications \u00e9pist\u00e9mologiques doivent \u00eatre questionn\u00e9es. De m\u00eame, l\u2019ouverture des cadrages disciplinaires et g\u00e9ographiques permettra d\u2019identifier des sp\u00e9cificit\u00e9s, des parall\u00e9lismes ou des transferts, en synchronie et en diachronie. En se pla\u00e7ant \u00e0 la crois\u00e9e des disciplines et des m\u00e9thodes, cette journ\u00e9e d\u2019\u00e9tude a donc pour ambition de permettre une approche r\u00e9solument exploratoire des enjeux \u00e9conomiques du visuel en sciences.<\/p>\n<p>Dans le cadre de cette r\u00e9flexion, la journ\u00e9e d\u2019\u00e9tude articulera deux grands fils directeurs. Une attention particuli\u00e8re sera port\u00e9e aux collaborations que tissent, par les images, les diff\u00e9rent\u2219e\u2219s actrices et acteurs des sciences, comme aux rapports de force qu\u2019elles et ils peuvent entretenir \u00e0 travers elles (institutions, soci\u00e9t\u00e9s savantes, communaut\u00e9s scientifiques, savantes et savants, chercheuses et chercheurs, amatrices et amateurs, actrices et acteurs de la sph\u00e8re publique ou priv\u00e9e, impliqu\u00e9\u2219e\u2219s dans les domaines de l\u2019\u00e9dition, de la sc\u00e9nographie, du dessin, de la cartographie et de l\u2019infographie, de la photographie, de la gravure, de la sculpture, de l\u2019impression, du cin\u00e9ma, de la communication, de la presse et des m\u00e9dias, etc.). On cherchera \u00e9galement \u00e0 d\u00e9terminer si la question \u00e9conomique des images se pose de fa\u00e7on distincte selon les champs disciplinaires et les branches du savoir auxquels la journ\u00e9e s\u2019attache dans leur ensemble (sciences naturelles, formelles, humaines et sociales) ou, inversement, si l\u2019approche transdisciplinaire permet d\u2019identifier l\u2019essor d\u2019un march\u00e9 global des images en sciences.<\/p>\n<h2>Axes th\u00e9matiques<\/h2>\n<p>Les propositions de communication pourront adopter l\u2019angle de l\u2019\u00e9tude de cas, proposer une analyse comparative ou bien une approche plus panoramique, sur le mode de la synth\u00e8se th\u00e9matique par exemple. Les diff\u00e9rentes entr\u00e9es probl\u00e9matiques envisag\u00e9es sont les suivantes (liste indicative)&#160;:<\/p>\n<ul>\n<li><strong>Financement, production, industries&#160;:<\/strong><\/li>\n<\/ul>\n<p>Quel est le r\u00f4le des industriels ou des financements priv\u00e9s dans le d\u00e9veloppement de techniques et d\u2019instruments de production d\u2019images en sciences, ainsi que dans leur mise en circulation&#160;? Existe-il des porosit\u00e9s entre les moyens de production de visuels dans les industries culturelles et ceux que mobilisent les institutions scientifiques pour produire leur imagerie propre&#160;? Sur quels m\u00e9canismes de transaction (commande, achat, subvention, contrat, vente aux ench\u00e8res, etc.) ces \u00e9changes reposent-ils&#160;? Enfin, comment les images peuvent-elles \u00eatre mobilis\u00e9es pour justifier et d\u00e9bloquer des financements publics ou priv\u00e9s en sciences&#160;?<\/p>\n<ul>\n<li><strong>Acteur.rice.s de la fabrication, sp\u00e9cialisation et coop\u00e9rations&#160;:<\/strong><\/li>\n<\/ul>\n<p>Qui fabrique les images&#160;? Quelles implications les scientifiques ont-ils dans la production de leurs propres images&#160;? Comment se sont professionnalis\u00e9s les m\u00e9tiers de la production, de l\u2019\u00e9dition et de la diffusion d\u2019images scientifiques et de quelle formation leurs acteurs ont-ils b\u00e9n\u00e9fici\u00e9&#160;? Comment s\u2019op\u00e8rent leur recrutement, la division du travail et leur collaboration avec les savant\u2219e\u2219s et les scientifiques&#160;?<\/p>\n<ul>\n<li><strong>Estimation, attribution et fluctuation de la valeur&#160;:<\/strong><\/li>\n<\/ul>\n<p>Quel(s) lien(s) entre le co\u00fbt de fabrication d\u2019une image scientifique et sa valeur d\u2019usage&#160;? Comment, pourquoi et selon quels crit\u00e8res une image, en sciences, se dote-elle de valeur \u00e9conomique&#160;? Celle-ci a-t-elle un effet sur la valeur \u00e9pist\u00e9mologique de l\u2019image et qui est l\u00e9gitime pour la d\u00e9terminer&#160;? Les m\u00e9canismes de la raret\u00e9, ou inversement de la profusion, ont-ils un effet sur l\u2019estimation de ces valeurs&#160;? Quel est le r\u00f4le des contextes sur leur attribution et comment sont-elles reconfigur\u00e9es&#160;? Les valeurs \u00e9conomique, scientifique, symbolique, artistique et patrimoniale des images en sciences tendent-elles \u00e0 se renforcer dans le temps, ou au contraire \u00e0 s\u2019exclure&#160;?<\/p>\n<ul>\n<li><strong>Gestion et traitement&#160;:<\/strong><\/li>\n<\/ul>\n<p>Comment \u00e9tait g\u00e9r\u00e9e mat\u00e9riellement la documentation visuelle dans les sciences, par qui et pour quel co\u00fbt&#160;? Quel r\u00f4le ont jou\u00e9 les collections, les phototh\u00e8ques, les d\u00e9partements iconographiques, les banques d\u2019images scientifiques, dans la conservation, le traitement et la mise \u00e0 disposition des images&#160;? \u00c0 quelle \u00e9chelle et support\u00e9s par quels types de financements&#160;? Qui vend les images ou leurs reproductions et quels effets sur leurs modes et leurs espaces de circulation&#160;?<\/p>\n<ul>\n<li><strong>Droits, usages et l\u00e9gislations&#160;:<\/strong><\/li>\n<\/ul>\n<p>Quel(s) impact(s) des cadres l\u00e9gislatifs et de la reconnaissance d\u2019une propri\u00e9t\u00e9 intellectuelle sur la production, la circulation, l\u2019exploitation commerciale et le choix des images en sciences&#160;? Des int\u00e9r\u00eats divergents suscitent-ils des contournements et des conflits autour des droits de propri\u00e9t\u00e9 et d\u2019usage des images&#160;? L\u2019av\u00e8nement du num\u00e9rique contribue-t-il \u00e0 reconfigurer les r\u00e8gles, les propri\u00e9t\u00e9s et les usages&#160;?<\/p>\n<ul>\n<li><strong>\u00c9conomies parall\u00e8les&#160;:<\/strong><\/li>\n<\/ul>\n<p>Quelles images \u00e9chappent \u00e0 l\u2019\u00e9conomie marchande et selon quels m\u00e9canismes&#160;? Quelles images sont en libre acc\u00e8s et qu\u2019est-ce que cela r\u00e9v\u00e8le de la place des contenus scientifiques dans la culture partag\u00e9e&#160;? Quelle place occupent des micro-\u00e9conomies, des \u00e9conomies alternatives, collectives \u2013 \u00e0 l\u2019instar du libre aujourd\u2019hui \u2013, au sein d\u2019une \u00e9conomie plus large des images en sciences&#160;? Cela est-il corr\u00e9l\u00e9 \u00e0 l\u2019invention de modalit\u00e9s diff\u00e9rentes et marginales de l\u00e9gitimation des savoirs par l\u2019image&#160;?<\/p>\n<p>La journ\u00e9e d\u2019\u00e9tude est pr\u00e9vue le 28 octobre 2021 \u00e0 l\u2019Institut national d\u2019histoire de l\u2019art (INHA, Paris) et aura pour suite une publication collective. Les communications de 30\u00a0minutes pourront \u00eatre donn\u00e9es en fran\u00e7ais ou en anglais. Les frais de d\u00e9placements pourront \u00eatre pris en charge selon les besoins.<\/p>\n<h2>Modalit\u00e9s pratiques d&rsquo;envoi de propositions<\/h2>\n<p>Les propositions d\u2019intervention, en fran\u00e7ais ou en anglais, sous forme d\u2019une probl\u00e9matique r\u00e9sum\u00e9e (3000 signes\/500 mots), sont \u00e0 faire parvenir d\u2019ici au <strong>30 avril 2021 <\/strong>aux organisatrices\u00a0et charg\u00e9es de la s\u00e9lection des propositions&#160;:<\/p>\n<ul>\n<li>Elsa De Smet (IRIS\/OCAV\/PSL&#160;; elsa.desmet@ehess.fr),<\/li>\n<li>Ana\u00efs Mauuarin (Labex Hastec\/CAK&#160;; anais.mauuarin@ehess.fr),<\/li>\n<li>Laureline Meizel (Institut pour la photographie\/Universit\u00e9 Paris 1 Panth\u00e9on-Sorbonne-EA 4100-HiCSA&#160;; laureline.meizel@gmail.com).<\/li>\n<\/ul>\n<h2>Calendrier<\/h2>\n<ul>\n<li><strong>Date limite pour l\u2019envoi des propositions&#160;: 30 avril 2021<\/strong><\/li>\n<li>R\u00e9ponse des organisatrices&#160;: 20 mai 2021<\/li>\n<li>Journ\u00e9e d\u2019\u00e9tude \u00e0 l\u2019INHA (Paris)&#160;: 28 octobre 2021<\/li>\n<\/ul><\/div>\n<div class=\"zn-singledetail-attachedfiles\">\n<h3 class=\"zn-singledetail-section-title\">Fichier(s) attach\u00e9(s)<\/h3>\n<ul class=\"zn-singledetail-attachedfiles-list\">\n<li class=\"zn-singledetail-attachedfiles-item\">\n\t\t\t\t\t\t\t<a class=\"zn-singledetail-attachedfiles-link button outline for-download\" href=\"https:\/\/www.sfsic.org\/wp-inside\/uploads\/skp-membership\/demande_adh\/aac_economie_des_images_en_sciences_2021.pdf\" title=\"T\u00e9l\u00e9charger : \u00ab aac_economie_des_images_en_sciences_2021.pdf \u00bb\" target=\"_blank\" rel=\"noopener\"><br \/>\n\t\t\t\t\t\t\t\t<span class=\"button-txt\">aac_economie_des[&#8230;].pdf<\/span><br \/>\n\t\t\t\t\t\t\t<\/a>\n\t\t\t\t\t\t<\/li>\n<\/ul><\/div>\n<div class=\"zn-singledetail-keywords\">\n<h3 class=\"zn-singledetail-section-title\">Mots-cl\u00e9s<\/h3>\n<ul class=\"termslist termslist-post_tag\">\n<li class=\"termslist-item termslist-title\"><span class=\"termslist-titletxt\">Mots-cl\u00e9s<\/span><span class=\"doubledot\"><\/span><\/li>\n<li class=\"termslist-item tax-post_tag term-epistemologie\"><a class=\"termslist-itemlink\" href=\"https:\/\/www.sfsic.org\/tag\/epistemologie\/\" title=\"\u00e9pist\u00e9mologie\"><span class=\"termslist-itemname\">\u00e9pist\u00e9mologie<\/span><\/a><\/li>\n<li class=\"termslist-item tax-post_tag term-image\"><a class=\"termslist-itemlink\" href=\"https:\/\/www.sfsic.org\/tag\/image\/\" title=\"Image\"><span class=\"termslist-itemname\">Image<\/span><\/a><\/li>\n<li class=\"termslist-item tax-post_tag term-numerique\"><a class=\"termslist-itemlink\" href=\"https:\/\/www.sfsic.org\/tag\/numerique\/\" title=\"Num\u00e9rique\"><span class=\"termslist-itemname\">Num\u00e9rique<\/span><\/a><\/li>\n<li class=\"termslist-item tax-post_tag term-representation\"><a class=\"termslist-itemlink\" href=\"https:\/\/www.sfsic.org\/tag\/representation\/\" title=\"Repr\u00e9sentation\"><span class=\"termslist-itemname\">Repr\u00e9sentation<\/span><\/a><\/li>\n<li class=\"termslist-item tax-post_tag term-savoirs\"><a class=\"termslist-itemlink\" href=\"https:\/\/www.sfsic.org\/tag\/savoirs\/\" title=\"Savoirs\"><span class=\"termslist-itemname\">Savoirs<\/span><\/a><\/li>\n<\/ul><\/div>\n<\/p><\/div>\n<\/p><\/div>\n<\/p><\/div>\n<\/p><\/div>\n<\/div>\n<p><!-- \/fxzn:singledetail --><\/p>\n","protected":false},"excerpt":{"rendered":"<p>Mis en ligne le 26 f\u00e9vrier 2021 Informations \u00e9dit\u00e9es \u00e0 partir d\u2019une annonce Calenda. Th\u00e9matiques Images, cin\u00e9ma, m\u00e9dias audiovisuels et industries culturelles M\u00e9diation des savoirs, \u00e9ducation et formation Num\u00e9rique : [&hellip;]<\/p>\n","protected":false},"author":781,"featured_media":0,"comment_status":"closed","ping_status":"closed","sticky":false,"template":"","format":"standard","meta":{"_acf_changed":false,"footnotes":""},"categories":[29,58],"tags":[407,165,90,86,313],"thematique":[35,43,39],"sfsic":[],"class_list":["post-15935","post","type-post","status-publish","format-standard","hentry","category-aac-evenement","category-journee-etude","tag-epistemologie","tag-image","tag-numerique","tag-representation","tag-savoirs","thematique-images-cinema-medias-audiovisuels-et-industries-culturelles","thematique-mediation-des-savoirs-education-et-formation","thematique-numerique-strategies-dispositifs-et-usages","wp-sticky"],"acf":[],"yoast_head":"<!-- This site is optimized with the Yoast SEO plugin v27.4 - https:\/\/yoast.com\/product\/yoast-seo-wordpress\/ -->\n<title>L\u2019\u00e9conomie des images en sciences<\/title>\n<meta name=\"description\" content=\"Appel \u00e0 contribution en vue d&#039;une journ\u00e9e d&#039;\u00e9tudes organis\u00e9e par l&#039;INHA sur le th\u00e8me &quot;L\u2019\u00e9conomie des images en sciences. Enjeux, modalit\u00e9s et impacts sur la production et la circulation des savoirs (XVIIIe-XXIe si\u00e8cle)&quot;.\" \/>\n<meta name=\"robots\" content=\"index, follow, max-snippet:-1, max-image-preview:large, max-video-preview:-1\" \/>\n<link rel=\"canonical\" href=\"https:\/\/www.sfsic.org\/en\/aac-evenement\/leconomie-des-images-en-sciences\/\" \/>\n<meta property=\"og:locale\" content=\"en_US\" \/>\n<meta property=\"og:type\" content=\"article\" \/>\n<meta property=\"og:title\" content=\"L\u2019\u00e9conomie des images en sciences\" \/>\n<meta property=\"og:description\" content=\"Appel \u00e0 contribution en vue d&#039;une journ\u00e9e d&#039;\u00e9tudes organis\u00e9e par l&#039;INHA sur le th\u00e8me &quot;L\u2019\u00e9conomie des images en sciences. Enjeux, modalit\u00e9s et impacts sur la production et la circulation des savoirs (XVIIIe-XXIe si\u00e8cle)&quot;.\" \/>\n<meta property=\"og:url\" content=\"https:\/\/www.sfsic.org\/en\/aac-evenement\/leconomie-des-images-en-sciences\/\" \/>\n<meta property=\"og:site_name\" content=\"SFSIC\" \/>\n<meta property=\"article:published_time\" content=\"2021-02-26T08:43:20+00:00\" \/>\n<meta property=\"article:modified_time\" content=\"2021-02-27T14:17:49+00:00\" \/>\n<meta name=\"author\" content=\"Axelle Martin\" \/>\n<meta name=\"twitter:card\" content=\"summary_large_image\" \/>\n<script type=\"application\/ld+json\" class=\"yoast-schema-graph\">{\"@context\":\"https:\\\/\\\/schema.org\",\"@graph\":[{\"@type\":\"Article\",\"@id\":\"https:\\\/\\\/www.sfsic.org\\\/en\\\/aac-evenement\\\/leconomie-des-images-en-sciences\\\/#article\",\"isPartOf\":{\"@id\":\"https:\\\/\\\/www.sfsic.org\\\/en\\\/aac-evenement\\\/leconomie-des-images-en-sciences\\\/\"},\"author\":{\"name\":\"Axelle Martin\",\"@id\":\"https:\\\/\\\/www.sfsic.org\\\/en\\\/#\\\/schema\\\/person\\\/d3606993477708f4359fb9aeda58df3b\"},\"headline\":\"L\u2019\u00e9conomie des images en sciences\",\"datePublished\":\"2021-02-26T08:43:20+00:00\",\"dateModified\":\"2021-02-27T14:17:49+00:00\",\"mainEntityOfPage\":{\"@id\":\"https:\\\/\\\/www.sfsic.org\\\/en\\\/aac-evenement\\\/leconomie-des-images-en-sciences\\\/\"},\"wordCount\":1612,\"publisher\":{\"@id\":\"https:\\\/\\\/www.sfsic.org\\\/en\\\/#organization\"},\"keywords\":[\"\u00e9pist\u00e9mologie\",\"Image\",\"Num\u00e9rique\",\"Repr\u00e9sentation\",\"Savoirs\"],\"articleSection\":[\"AAC \u00c9v\u00e9nement\",\"Journ\u00e9e d\u2019\u00e9tude\"],\"inLanguage\":\"en-US\"},{\"@type\":\"WebPage\",\"@id\":\"https:\\\/\\\/www.sfsic.org\\\/en\\\/aac-evenement\\\/leconomie-des-images-en-sciences\\\/\",\"url\":\"https:\\\/\\\/www.sfsic.org\\\/en\\\/aac-evenement\\\/leconomie-des-images-en-sciences\\\/\",\"name\":\"L\u2019\u00e9conomie des images en sciences\",\"isPartOf\":{\"@id\":\"https:\\\/\\\/www.sfsic.org\\\/en\\\/#website\"},\"datePublished\":\"2021-02-26T08:43:20+00:00\",\"dateModified\":\"2021-02-27T14:17:49+00:00\",\"description\":\"Appel \u00e0 contribution en vue d'une journ\u00e9e d'\u00e9tudes organis\u00e9e par l'INHA sur le th\u00e8me \\\"L\u2019\u00e9conomie des images en sciences. Enjeux, modalit\u00e9s et impacts sur la production et la circulation des savoirs (XVIIIe-XXIe si\u00e8cle)\\\".\",\"breadcrumb\":{\"@id\":\"https:\\\/\\\/www.sfsic.org\\\/en\\\/aac-evenement\\\/leconomie-des-images-en-sciences\\\/#breadcrumb\"},\"inLanguage\":\"en-US\",\"potentialAction\":[{\"@type\":\"ReadAction\",\"target\":[\"https:\\\/\\\/www.sfsic.org\\\/en\\\/aac-evenement\\\/leconomie-des-images-en-sciences\\\/\"]}]},{\"@type\":\"BreadcrumbList\",\"@id\":\"https:\\\/\\\/www.sfsic.org\\\/en\\\/aac-evenement\\\/leconomie-des-images-en-sciences\\\/#breadcrumb\",\"itemListElement\":[{\"@type\":\"ListItem\",\"position\":1,\"name\":\"Accueil\",\"item\":\"https:\\\/\\\/www.sfsic.org\\\/en\\\/\"},{\"@type\":\"ListItem\",\"position\":2,\"name\":\"Calls for Contributions\",\"item\":\"https:\\\/\\\/www.sfsic.org\\\/en\\\/cfc-event\\\/\"},{\"@type\":\"ListItem\",\"position\":3,\"name\":\"Study Day\",\"item\":\"https:\\\/\\\/www.sfsic.org\\\/en\\\/cfc-event\\\/study-day\\\/\"},{\"@type\":\"ListItem\",\"position\":4,\"name\":\"L\u2019\u00e9conomie des images en sciences\"}]},{\"@type\":\"WebSite\",\"@id\":\"https:\\\/\\\/www.sfsic.org\\\/en\\\/#website\",\"url\":\"https:\\\/\\\/www.sfsic.org\\\/en\\\/\",\"name\":\"SFSIC\",\"description\":\"Soci\u00e9t\u00e9 Fran\u00e7aise des Sciences de l&#039;Information &amp; de la Communication\",\"publisher\":{\"@id\":\"https:\\\/\\\/www.sfsic.org\\\/en\\\/#organization\"},\"potentialAction\":[{\"@type\":\"SearchAction\",\"target\":{\"@type\":\"EntryPoint\",\"urlTemplate\":\"https:\\\/\\\/www.sfsic.org\\\/en\\\/?s={search_term_string}\"},\"query-input\":{\"@type\":\"PropertyValueSpecification\",\"valueRequired\":true,\"valueName\":\"search_term_string\"}}],\"inLanguage\":\"en-US\"},{\"@type\":\"Organization\",\"@id\":\"https:\\\/\\\/www.sfsic.org\\\/en\\\/#organization\",\"name\":\"SFSIC\",\"url\":\"https:\\\/\\\/www.sfsic.org\\\/en\\\/\",\"logo\":{\"@type\":\"ImageObject\",\"inLanguage\":\"en-US\",\"@id\":\"https:\\\/\\\/www.sfsic.org\\\/en\\\/#\\\/schema\\\/logo\\\/image\\\/\",\"url\":\"https:\\\/\\\/www.sfsic.org\\\/wp-inside\\\/uploads\\\/2020\\\/05\\\/logo-sfsic.jpg\",\"contentUrl\":\"https:\\\/\\\/www.sfsic.org\\\/wp-inside\\\/uploads\\\/2020\\\/05\\\/logo-sfsic.jpg\",\"width\":1085,\"height\":1080,\"caption\":\"SFSIC\"},\"image\":{\"@id\":\"https:\\\/\\\/www.sfsic.org\\\/en\\\/#\\\/schema\\\/logo\\\/image\\\/\"}},{\"@type\":\"Person\",\"@id\":\"https:\\\/\\\/www.sfsic.org\\\/en\\\/#\\\/schema\\\/person\\\/d3606993477708f4359fb9aeda58df3b\",\"name\":\"Axelle Martin\",\"image\":{\"@type\":\"ImageObject\",\"inLanguage\":\"en-US\",\"@id\":\"https:\\\/\\\/secure.gravatar.com\\\/avatar\\\/1065035eb5e480668fbf77e163c2e86f81ac342eaad4c8783acdf4a63f3c917b?s=96&d=mm&r=g\",\"url\":\"https:\\\/\\\/secure.gravatar.com\\\/avatar\\\/1065035eb5e480668fbf77e163c2e86f81ac342eaad4c8783acdf4a63f3c917b?s=96&d=mm&r=g\",\"contentUrl\":\"https:\\\/\\\/secure.gravatar.com\\\/avatar\\\/1065035eb5e480668fbf77e163c2e86f81ac342eaad4c8783acdf4a63f3c917b?s=96&d=mm&r=g\",\"caption\":\"Axelle Martin\"},\"sameAs\":[\"@antropocominside\"]}]}<\/script>\n<!-- \/ Yoast SEO plugin. -->","yoast_head_json":{"title":"L\u2019\u00e9conomie des images en sciences","description":"Appel \u00e0 contribution en vue d'une journ\u00e9e d'\u00e9tudes organis\u00e9e par l'INHA sur le th\u00e8me \"L\u2019\u00e9conomie des images en sciences. Enjeux, modalit\u00e9s et impacts sur la production et la circulation des savoirs (XVIIIe-XXIe si\u00e8cle)\".","robots":{"index":"index","follow":"follow","max-snippet":"max-snippet:-1","max-image-preview":"max-image-preview:large","max-video-preview":"max-video-preview:-1"},"canonical":"https:\/\/www.sfsic.org\/en\/aac-evenement\/leconomie-des-images-en-sciences\/","og_locale":"en_US","og_type":"article","og_title":"L\u2019\u00e9conomie des images en sciences","og_description":"Appel \u00e0 contribution en vue d'une journ\u00e9e d'\u00e9tudes organis\u00e9e par l'INHA sur le th\u00e8me \"L\u2019\u00e9conomie des images en sciences. Enjeux, modalit\u00e9s et impacts sur la production et la circulation des savoirs (XVIIIe-XXIe si\u00e8cle)\".","og_url":"https:\/\/www.sfsic.org\/en\/aac-evenement\/leconomie-des-images-en-sciences\/","og_site_name":"SFSIC","article_published_time":"2021-02-26T08:43:20+00:00","article_modified_time":"2021-02-27T14:17:49+00:00","author":"Axelle Martin","twitter_card":"summary_large_image","schema":{"@context":"https:\/\/schema.org","@graph":[{"@type":"Article","@id":"https:\/\/www.sfsic.org\/en\/aac-evenement\/leconomie-des-images-en-sciences\/#article","isPartOf":{"@id":"https:\/\/www.sfsic.org\/en\/aac-evenement\/leconomie-des-images-en-sciences\/"},"author":{"name":"Axelle Martin","@id":"https:\/\/www.sfsic.org\/en\/#\/schema\/person\/d3606993477708f4359fb9aeda58df3b"},"headline":"L\u2019\u00e9conomie des images en sciences","datePublished":"2021-02-26T08:43:20+00:00","dateModified":"2021-02-27T14:17:49+00:00","mainEntityOfPage":{"@id":"https:\/\/www.sfsic.org\/en\/aac-evenement\/leconomie-des-images-en-sciences\/"},"wordCount":1612,"publisher":{"@id":"https:\/\/www.sfsic.org\/en\/#organization"},"keywords":["\u00e9pist\u00e9mologie","Image","Num\u00e9rique","Repr\u00e9sentation","Savoirs"],"articleSection":["AAC \u00c9v\u00e9nement","Journ\u00e9e d\u2019\u00e9tude"],"inLanguage":"en-US"},{"@type":"WebPage","@id":"https:\/\/www.sfsic.org\/en\/aac-evenement\/leconomie-des-images-en-sciences\/","url":"https:\/\/www.sfsic.org\/en\/aac-evenement\/leconomie-des-images-en-sciences\/","name":"L\u2019\u00e9conomie des images en sciences","isPartOf":{"@id":"https:\/\/www.sfsic.org\/en\/#website"},"datePublished":"2021-02-26T08:43:20+00:00","dateModified":"2021-02-27T14:17:49+00:00","description":"Appel \u00e0 contribution en vue d'une journ\u00e9e d'\u00e9tudes organis\u00e9e par l'INHA sur le th\u00e8me \"L\u2019\u00e9conomie des images en sciences. Enjeux, modalit\u00e9s et impacts sur la production et la circulation des savoirs (XVIIIe-XXIe si\u00e8cle)\".","breadcrumb":{"@id":"https:\/\/www.sfsic.org\/en\/aac-evenement\/leconomie-des-images-en-sciences\/#breadcrumb"},"inLanguage":"en-US","potentialAction":[{"@type":"ReadAction","target":["https:\/\/www.sfsic.org\/en\/aac-evenement\/leconomie-des-images-en-sciences\/"]}]},{"@type":"BreadcrumbList","@id":"https:\/\/www.sfsic.org\/en\/aac-evenement\/leconomie-des-images-en-sciences\/#breadcrumb","itemListElement":[{"@type":"ListItem","position":1,"name":"Accueil","item":"https:\/\/www.sfsic.org\/en\/"},{"@type":"ListItem","position":2,"name":"Calls for Contributions","item":"https:\/\/www.sfsic.org\/en\/cfc-event\/"},{"@type":"ListItem","position":3,"name":"Study Day","item":"https:\/\/www.sfsic.org\/en\/cfc-event\/study-day\/"},{"@type":"ListItem","position":4,"name":"L\u2019\u00e9conomie des images en sciences"}]},{"@type":"WebSite","@id":"https:\/\/www.sfsic.org\/en\/#website","url":"https:\/\/www.sfsic.org\/en\/","name":"SFSIC","description":"Soci\u00e9t\u00e9 Fran\u00e7aise des Sciences de l&#039;Information &amp; de la Communication","publisher":{"@id":"https:\/\/www.sfsic.org\/en\/#organization"},"potentialAction":[{"@type":"SearchAction","target":{"@type":"EntryPoint","urlTemplate":"https:\/\/www.sfsic.org\/en\/?s={search_term_string}"},"query-input":{"@type":"PropertyValueSpecification","valueRequired":true,"valueName":"search_term_string"}}],"inLanguage":"en-US"},{"@type":"Organization","@id":"https:\/\/www.sfsic.org\/en\/#organization","name":"SFSIC","url":"https:\/\/www.sfsic.org\/en\/","logo":{"@type":"ImageObject","inLanguage":"en-US","@id":"https:\/\/www.sfsic.org\/en\/#\/schema\/logo\/image\/","url":"https:\/\/www.sfsic.org\/wp-inside\/uploads\/2020\/05\/logo-sfsic.jpg","contentUrl":"https:\/\/www.sfsic.org\/wp-inside\/uploads\/2020\/05\/logo-sfsic.jpg","width":1085,"height":1080,"caption":"SFSIC"},"image":{"@id":"https:\/\/www.sfsic.org\/en\/#\/schema\/logo\/image\/"}},{"@type":"Person","@id":"https:\/\/www.sfsic.org\/en\/#\/schema\/person\/d3606993477708f4359fb9aeda58df3b","name":"Axelle Martin","image":{"@type":"ImageObject","inLanguage":"en-US","@id":"https:\/\/secure.gravatar.com\/avatar\/1065035eb5e480668fbf77e163c2e86f81ac342eaad4c8783acdf4a63f3c917b?s=96&d=mm&r=g","url":"https:\/\/secure.gravatar.com\/avatar\/1065035eb5e480668fbf77e163c2e86f81ac342eaad4c8783acdf4a63f3c917b?s=96&d=mm&r=g","contentUrl":"https:\/\/secure.gravatar.com\/avatar\/1065035eb5e480668fbf77e163c2e86f81ac342eaad4c8783acdf4a63f3c917b?s=96&d=mm&r=g","caption":"Axelle Martin"},"sameAs":["@antropocominside"]}]}},"_links":{"self":[{"href":"https:\/\/www.sfsic.org\/en\/wp-json\/wp\/v2\/posts\/15935","targetHints":{"allow":["GET"]}}],"collection":[{"href":"https:\/\/www.sfsic.org\/en\/wp-json\/wp\/v2\/posts"}],"about":[{"href":"https:\/\/www.sfsic.org\/en\/wp-json\/wp\/v2\/types\/post"}],"author":[{"embeddable":true,"href":"https:\/\/www.sfsic.org\/en\/wp-json\/wp\/v2\/users\/781"}],"replies":[{"embeddable":true,"href":"https:\/\/www.sfsic.org\/en\/wp-json\/wp\/v2\/comments?post=15935"}],"version-history":[{"count":4,"href":"https:\/\/www.sfsic.org\/en\/wp-json\/wp\/v2\/posts\/15935\/revisions"}],"predecessor-version":[{"id":15977,"href":"https:\/\/www.sfsic.org\/en\/wp-json\/wp\/v2\/posts\/15935\/revisions\/15977"}],"wp:attachment":[{"href":"https:\/\/www.sfsic.org\/en\/wp-json\/wp\/v2\/media?parent=15935"}],"wp:term":[{"taxonomy":"category","embeddable":true,"href":"https:\/\/www.sfsic.org\/en\/wp-json\/wp\/v2\/categories?post=15935"},{"taxonomy":"post_tag","embeddable":true,"href":"https:\/\/www.sfsic.org\/en\/wp-json\/wp\/v2\/tags?post=15935"},{"taxonomy":"thematique","embeddable":true,"href":"https:\/\/www.sfsic.org\/en\/wp-json\/wp\/v2\/thematique?post=15935"},{"taxonomy":"sfsic","embeddable":true,"href":"https:\/\/www.sfsic.org\/en\/wp-json\/wp\/v2\/sfsic?post=15935"}],"curies":[{"name":"wp","href":"https:\/\/api.w.org\/{rel}","templated":true}]}}