{"id":15926,"date":"2021-02-27T15:41:43","date_gmt":"2021-02-27T14:41:43","guid":{"rendered":"https:\/\/www.sfsic.org\/?p=15926"},"modified":"2021-02-23T15:52:24","modified_gmt":"2021-02-23T14:52:24","slug":"regards-croises-sur-le-petitionnement-en-ligne","status":"publish","type":"post","link":"https:\/\/www.sfsic.org\/en\/evenement\/regards-croises-sur-le-petitionnement-en-ligne\/","title":{"rendered":"Regards crois\u00e9s sur le p\u00e9titionnement en ligne"},"content":{"rendered":"<p><!-- fxzn:singledetail --><\/p>\n<div class=\"zone zn-singledetail\" id=\"fxzn-singledetail-1\">\n<div class=\"zone-block zn-singledetail-block alignwide va-top\">\n<div class=\"row\">\n<div class=\"columns large-8 large-push-4\">\n<div class=\"zn-singledetail-metabox\">\n<div class=\"zn-singledetail-pubdate pubdate\">\n\t\t\t\t\t<span class=\"pubdate-txt\">Mis en ligne le<\/span><span class=\"doubledot\"><\/span> <time class=\"pubdate-time\" pubdate datetime=\"2021-02-27T15:41:43+01:00\">27 f\u00e9vrier 2021<\/time>\t\t\t\t<\/div>\n<div class=\"zn-singledetail-thematiques with-sep-comma\">\n<ul class=\"termslist termslist-thematique\">\n<li class=\"termslist-item termslist-title\"><span class=\"termslist-titletxt\">Th\u00e9matiques<\/span><span class=\"doubledot\"><\/span><\/li>\n<li class=\"termslist-item tax-thematique term-communication-publique-politique\"><a class=\"termslist-itemlink\" href=\"\/?thematique=communication-publique-politique\" title=\"Communication publique et politique\"><span class=\"termslist-itemname\">Communication publique et politique<\/span><\/a><\/li>\n<li class=\"termslist-item tax-thematique term-medias-journalisme\"><a class=\"termslist-itemlink\" href=\"\/?thematique=medias-journalisme\" title=\"M\u00e9dias et journalisme\"><span class=\"termslist-itemname\">M\u00e9dias et journalisme<\/span><\/a><\/li>\n<li class=\"termslist-item tax-thematique term-numerique-strategies-dispositifs-usages\"><a class=\"termslist-itemlink\" href=\"\/?thematique=numerique-strategies-dispositifs-usages\" title=\"Num\u00e9rique : strat\u00e9gies, dispositifs et usages\"><span class=\"termslist-itemname\">Num\u00e9rique : strat\u00e9gies, dispositifs et usages<\/span><\/a><\/li>\n<\/ul><\/div>\n<\/p><\/div>\n<\/p><\/div>\n<\/p><\/div>\n<div class=\"row\">\n<div class=\"columns large-4\">\n<div class=\"zn-singledetail-sidebar bg-cornersquares\">\n<div class=\"zn-singledetail-infos\">\n<p class=\"zn-singledetail-type\">\n\t\t\t\t\t\t\t<span>Type d\u2019\u00e9v\u00e9nement<\/span><span class=\"doubledot\"><\/span> <strong>S\u00e9minaire<\/strong>\n\t\t\t\t\t<\/p>\n<\/p><\/div>\n<div class=\"zn-singledetail-coordinators\">\n<h3 class=\"zn-singledetail-section-title\">Coordinateurs<\/h3>\n<ul class=\"zn-singledetail-coordinators-list\">\n<li class=\"zn-singledetail-coordinators-item\">\n\t\t\t\t\t\t\t<span>Christine<\/span> <span>Barats<\/span>, <span>Cerlis, UMR 8070<\/span>\t\t\t\t\t\t\t\t\t\t\t\t\t\t, <a class=\"zn-singledetail-coordinators-mail prettylink\" href=\"mailto:christine.barats@parisdescartes.fr\">christine.barats@parisdescartes.fr<\/a>\n\t\t\t\t\t\t\t\t\t\t\t\t\t<\/li>\n<li class=\"zn-singledetail-coordinators-item\">\n\t\t\t\t\t\t\t<span>Jean-Marc<\/span> <span>Leblanc<\/span>, <span>C\u00e9ditec, UPEC<\/span>\t\t\t\t\t\t\t\t\t\t\t\t\t\t, <a class=\"zn-singledetail-coordinators-mail prettylink\" href=\"mailto:jean-marc.leblanc@u-pec.fr\">jean-marc.leblanc@u-pec.fr<\/a>\n\t\t\t\t\t\t\t\t\t\t\t\t\t<\/li>\n<\/ul><\/div>\n<\/p><\/div>\n<\/p><\/div>\n<div class=\"columns large-8\">\n<div class=\"zn-singledetail-contentbox\">\n<div class=\"zn-singledetail-eventinfo\">\n<div class=\"zn-singledetail-eventinfo-inner\">\n<div class=\"zn-singledetail-eventdates\">\n\t\t\t\t\t\t<span class=\"zn-singledetail-label\">Dates de l\u2019\u00e9v\u00e9nement<span class=\"doubledot\"><\/span><\/span><\/p>\n<ul class=\"zn-singledetail-eventdates-list\">\n<li class=\"zn-singledetail-eventdates-item\">\n\t\t\t\t\t\t\t\tLe <time class=\"event-start-time\" datetime=\"2021-03-05T00:00:00+00:00\">05\/03\/2021<\/time>, <span class=\"event-schedule\">14h-17h<\/span>\t\t\t\t\t\t\t<\/li>\n<\/ul><\/div>\n<p class=\"zn-singledetail-eventplace\">\n\t\t\t\t\t\t<span class=\"zn-singledetail-label\">Lieu de l\u2019\u00e9v\u00e9nement<span class=\"doubledot\"><\/span><\/span><br \/>\n\t\t\t\t\t\t<a class=\"zn-singledetail-eventplace-adr\" href=\"https:\/\/u-paris.zoom.us\/j\/81002005939?pwd=YnBDZzhHOWNBNHlveVkzWUZVcEc3dz09\" title=\"\" target=\"_blank\" rel=\"noopener\"><br \/>\n\t\t\t\t\t\t\t\t\t\t\t\t<span class=\"adr-name\">En distanciel, en visioconf\u00e9rence<\/span>,<\/p>\n<p>\t\t\t\t\t\t\t\t\t\t\t\t<span class=\"adr-place\">ID de r\u00e9union&#160;: 810 0200 5939 Code&#160;: 079814<\/span>,<\/p>\n<p>\t\t\t\t\t\t<\/a>\t\t\t\t\t<\/p>\n<\/p><\/div>\n<\/p><\/div>\n<div class=\"zn-singledetail-annonce wig-content\">\n<div class=\"page\" title=\"Page 1\">\n<div class=\"layoutArea\">\n<div class=\"column\">\n<p>Cette s\u00e9ance se propose d\u2019examiner le p\u00e9titionnement en ligne en croisant diff\u00e9rents regards et approches, ceux des chercheur.e.s et des acteur.rice.s. Quelques r\u00e9sultats du projet APPEL (Analyse Pluridisciplinaire du P\u00e9titionnement En Ligne &#8211; Pluridisciplinary Analysis of On Line Petitioning), financ\u00e9 par l\u2019ANR, seront pr\u00e9sent\u00e9s et discut\u00e9s&#160;: ils mettront l\u2019accent sur les caract\u00e9ristiques du dispositif \u00e9tudi\u00e9, ainsi que sur la dynamique de p\u00e9titionnement, soulignant l\u2019int\u00e9r\u00eat d\u2019articuler diff\u00e9rentes approches et m\u00e9thodes, en particulier quantitatives et qualitatives.<\/p>\n<h2>Programme et intervenant-e-s&#160;:<\/h2>\n<h3>Les comportements politiques au prisme de l\u2019e-p\u00e9titionnement&#160;: Les modalit\u00e9s\u00a0d&rsquo;articulation entre participation en ligne et participation hors ligne. Entre\u00a0compl\u00e9mentarit\u00e9 et substitution<\/h3>\n<p><strong>Jean-Gabriel CONTAMIN<\/strong>, enseignant-chercheur en science politique, membre du CERAPS, Universit\u00e9 de Lille<\/p>\n<h3>Analyser des p\u00e9titions en ligne&#160;: dispositif sociotechnique, h\u00e9t\u00e9rog\u00e9n\u00e9it\u00e9 des donn\u00e9es et corpus<\/h3>\n<p><strong>Christine BARATS<\/strong>, enseignante-chercheuse en SIC, Cerlis, Universit\u00e9 Paris Descartes et <strong>Jean-Marc LEBLANC<\/strong>, enseignant-chercheur en Sciences du langage, membre du C\u00e9ditec, UPEC<\/p>\n<h3>La p\u00e9tition en ligne, de l&rsquo;expression de l&rsquo;opinion \u00e0 la mobilisation citoyenne<\/h3>\n<p><strong>Sarah Durieux<\/strong>, Directrice France, Change.org, Autrice de \u00ab&#160;Changer le monde &#8211; Manuel d\u2019activisme pour reprendre le pouvoir&#160;\u00bb<\/p>\n<\/div>\n<\/div>\n<\/div><\/div>\n<div class=\"zn-singledetail-partners\">\n<h3 class=\"zn-singledetail-section-title\">Partenaires<\/h3>\n<div class=\"zn-singledetail-partners-list row small-up-2 medium-up-3 large-up-5 partnerlist\" data-equalizer data-equalize-on=\"medium\">\n<article class=\"summarypartner partner-5929 column\">\n\t<a class=\"summarypartner-box\" href=\"https:\/\/ceditec.u-pec.fr\/\" title=\"CEDITEC &#8211; Centre d\u2019\u00e9tude des discours, images, textes, \u00e9crits, communication\">\t\t<\/p>\n<div class=\"summarypartner-box-inner\" data-equalizer-watch>\n<div class=\"summarypartner-imgbox\">\n<figure class=\"summarypartner-figure\">\n\t\t\t\t\t<img decoding=\"async\" class=\"summarypartner-img\" src=\"https:\/\/www.sfsic.org\/wp-inside\/uploads\/skp-membership\/demande_adh\/ceditec-logo_1475675872310-jpg.jpg\" alt=\"Logo CEDITEC\" ><br \/>\n\t\t\t\t\t\t\t\t\t<\/figure>\n<\/p><\/div>\n<div class=\"summarypartner-content\">\n<div class=\"summarypartner-content-inner\">\n<header class=\"summarypartner-header\">\n<h3 class=\"summarypartner-title\">\n\t\t\t\t\t\t\tCEDITEC &#8211; Centre d\u2019\u00e9tude des discours, images, textes, \u00e9crits, communication\t\t\t\t\t\t<\/h3>\n<p class=\"summarypartner-acronym\">\n\t\t\t\t\t\t\tCEDITEC\t\t\t\t\t\t<\/p>\n<\/header><\/div>\n<\/p><\/div>\n<\/p><\/div>\n<p>\t<\/a><\/article>\n<\/p><\/div>\n<\/p><\/div>\n<div class=\"zn-singledetail-attachedfiles\">\n<h3 class=\"zn-singledetail-section-title\">Fichier(s) attach\u00e9(s)<\/h3>\n<ul class=\"zn-singledetail-attachedfiles-list\">\n<li class=\"zn-singledetail-attachedfiles-item\">\n\t\t\t\t\t\t\t<a class=\"zn-singledetail-attachedfiles-link button outline for-download\" href=\"https:\/\/www.sfsic.org\/wp-inside\/uploads\/skp-membership\/demande_adh\/programme-seminaire-ceditec-petitionnement-en-ligne-2021.pdf\" title=\"T\u00e9l\u00e9charger : \u00ab programme-seminaire-ceditec-petitionnement-en-ligne-2021.pdf \u00bb\" target=\"_blank\" rel=\"noopener\"><br \/>\n\t\t\t\t\t\t\t\t<span class=\"button-txt\">programme-semina[&#8230;].pdf<\/span><br \/>\n\t\t\t\t\t\t\t<\/a>\n\t\t\t\t\t\t<\/li>\n<\/ul><\/div>\n<div class=\"zn-singledetail-keywords\">\n<h3 class=\"zn-singledetail-section-title\">Mots-cl\u00e9s<\/h3>\n<ul class=\"termslist termslist-post_tag\">\n<li class=\"termslist-item termslist-title\"><span class=\"termslist-titletxt\">Mots-cl\u00e9s<\/span><span class=\"doubledot\"><\/span><\/li>\n<li class=\"termslist-item tax-post_tag term-engagement\"><a class=\"termslist-itemlink\" href=\"https:\/\/www.sfsic.org\/en\/tag\/commitment\/\" title=\"Engagement\"><span class=\"termslist-itemname\">Engagement<\/span><\/a><\/li>\n<li class=\"termslist-item tax-post_tag term-numerique\"><a class=\"termslist-itemlink\" href=\"https:\/\/www.sfsic.org\/en\/tag\/digital\/\" title=\"Num\u00e9rique\"><span class=\"termslist-itemname\">Num\u00e9rique<\/span><\/a><\/li>\n<li class=\"termslist-item tax-post_tag term-petitions\"><a class=\"termslist-itemlink\" href=\"https:\/\/www.sfsic.org\/en\/tag\/petitions\/\" title=\"P\u00e9titions\"><span class=\"termslist-itemname\">P\u00e9titions<\/span><\/a><\/li>\n<\/ul><\/div>\n<\/p><\/div>\n<\/p><\/div>\n<\/p><\/div>\n<\/p><\/div>\n<\/div>\n<p><!-- \/fxzn:singledetail --><\/p>\n","protected":false},"excerpt":{"rendered":"<p>Mis en ligne le 27 f\u00e9vrier 2021 Th\u00e9matiques Communication publique et politique M\u00e9dias et journalisme Num\u00e9rique : strat\u00e9gies, dispositifs et usages Type d\u2019\u00e9v\u00e9nement S\u00e9minaire Coordinateurs Christine Barats, Cerlis, UMR 8070 [&hellip;]<\/p>\n","protected":false},"author":957,"featured_media":0,"comment_status":"closed","ping_status":"closed","sticky":false,"template":"","format":"standard","meta":{"_acf_changed":false,"footnotes":""},"categories":[30,69],"tags":[182,90,427],"thematique":[36,34,39],"sfsic":[],"class_list":["post-15926","post","type-post","status-publish","format-standard","hentry","category-evenement","category-seminaire-2","tag-engagement","tag-numerique","tag-petitions","thematique-communication-publique-et-politique","thematique-medias-et-journalisme","thematique-numerique-strategies-dispositifs-et-usages","wp-sticky"],"acf":[],"yoast_head":"<!-- This site is optimized with the Yoast SEO plugin v27.4 - https:\/\/yoast.com\/product\/yoast-seo-wordpress\/ -->\n<title>Regards crois\u00e9s sur le p\u00e9titionnement en ligne<\/title>\n<meta name=\"description\" content=\"La s\u00e9ance du s\u00e9minaire du CEDITEC qui se tiendra le 5 mars sera consacr\u00e9e au p\u00e9titionnent en ligne.\" \/>\n<meta name=\"robots\" content=\"index, follow, max-snippet:-1, max-image-preview:large, max-video-preview:-1\" \/>\n<link rel=\"canonical\" href=\"https:\/\/www.sfsic.org\/en\/evenement\/regards-croises-sur-le-petitionnement-en-ligne\/\" \/>\n<meta property=\"og:locale\" content=\"en_US\" \/>\n<meta property=\"og:type\" content=\"article\" \/>\n<meta property=\"og:title\" content=\"Regards crois\u00e9s sur le p\u00e9titionnement en ligne\" \/>\n<meta property=\"og:description\" content=\"La s\u00e9ance du s\u00e9minaire du CEDITEC qui se tiendra le 5 mars sera consacr\u00e9e au p\u00e9titionnent en ligne.\" \/>\n<meta property=\"og:url\" content=\"https:\/\/www.sfsic.org\/en\/evenement\/regards-croises-sur-le-petitionnement-en-ligne\/\" \/>\n<meta property=\"og:site_name\" content=\"SFSIC\" \/>\n<meta property=\"article:published_time\" content=\"2021-02-27T14:41:43+00:00\" \/>\n<meta property=\"og:image\" content=\"https:\/\/www.sfsic.org\/wp-inside\/uploads\/skp-membership\/demande_adh\/ceditec-logo_1475675872310-jpg.jpg\" \/>\n<meta name=\"author\" content=\"Fabien Bonnet\" \/>\n<meta name=\"twitter:card\" content=\"summary_large_image\" \/>\n<script type=\"application\/ld+json\" class=\"yoast-schema-graph\">{\"@context\":\"https:\\\/\\\/schema.org\",\"@graph\":[{\"@type\":\"Article\",\"@id\":\"https:\\\/\\\/www.sfsic.org\\\/en\\\/evenement\\\/regards-croises-sur-le-petitionnement-en-ligne\\\/#article\",\"isPartOf\":{\"@id\":\"https:\\\/\\\/www.sfsic.org\\\/en\\\/evenement\\\/regards-croises-sur-le-petitionnement-en-ligne\\\/\"},\"author\":{\"name\":\"Fabien Bonnet\",\"@id\":\"https:\\\/\\\/www.sfsic.org\\\/en\\\/#\\\/schema\\\/person\\\/9f83573bda33f40c68c7c826e9567df6\"},\"headline\":\"Regards crois\u00e9s sur le p\u00e9titionnement en ligne\",\"datePublished\":\"2021-02-27T14:41:43+00:00\",\"mainEntityOfPage\":{\"@id\":\"https:\\\/\\\/www.sfsic.org\\\/en\\\/evenement\\\/regards-croises-sur-le-petitionnement-en-ligne\\\/\"},\"wordCount\":319,\"publisher\":{\"@id\":\"https:\\\/\\\/www.sfsic.org\\\/en\\\/#organization\"},\"image\":{\"@id\":\"https:\\\/\\\/www.sfsic.org\\\/en\\\/evenement\\\/regards-croises-sur-le-petitionnement-en-ligne\\\/#primaryimage\"},\"thumbnailUrl\":\"https:\\\/\\\/www.sfsic.org\\\/wp-inside\\\/uploads\\\/skp-membership\\\/demande_adh\\\/ceditec-logo_1475675872310-jpg.jpg\",\"keywords\":[\"Engagement\",\"Num\u00e9rique\",\"P\u00e9titions\"],\"articleSection\":[\"\u00c9v\u00e9nements\",\"S\u00e9minaire\"],\"inLanguage\":\"en-US\"},{\"@type\":\"WebPage\",\"@id\":\"https:\\\/\\\/www.sfsic.org\\\/en\\\/evenement\\\/regards-croises-sur-le-petitionnement-en-ligne\\\/\",\"url\":\"https:\\\/\\\/www.sfsic.org\\\/en\\\/evenement\\\/regards-croises-sur-le-petitionnement-en-ligne\\\/\",\"name\":\"Regards crois\u00e9s sur le p\u00e9titionnement en ligne\",\"isPartOf\":{\"@id\":\"https:\\\/\\\/www.sfsic.org\\\/en\\\/#website\"},\"primaryImageOfPage\":{\"@id\":\"https:\\\/\\\/www.sfsic.org\\\/en\\\/evenement\\\/regards-croises-sur-le-petitionnement-en-ligne\\\/#primaryimage\"},\"image\":{\"@id\":\"https:\\\/\\\/www.sfsic.org\\\/en\\\/evenement\\\/regards-croises-sur-le-petitionnement-en-ligne\\\/#primaryimage\"},\"thumbnailUrl\":\"https:\\\/\\\/www.sfsic.org\\\/wp-inside\\\/uploads\\\/skp-membership\\\/demande_adh\\\/ceditec-logo_1475675872310-jpg.jpg\",\"datePublished\":\"2021-02-27T14:41:43+00:00\",\"description\":\"La s\u00e9ance du s\u00e9minaire du CEDITEC qui se tiendra le 5 mars sera consacr\u00e9e au p\u00e9titionnent en ligne.\",\"breadcrumb\":{\"@id\":\"https:\\\/\\\/www.sfsic.org\\\/en\\\/evenement\\\/regards-croises-sur-le-petitionnement-en-ligne\\\/#breadcrumb\"},\"inLanguage\":\"en-US\",\"potentialAction\":[{\"@type\":\"ReadAction\",\"target\":[\"https:\\\/\\\/www.sfsic.org\\\/en\\\/evenement\\\/regards-croises-sur-le-petitionnement-en-ligne\\\/\"]}]},{\"@type\":\"ImageObject\",\"inLanguage\":\"en-US\",\"@id\":\"https:\\\/\\\/www.sfsic.org\\\/en\\\/evenement\\\/regards-croises-sur-le-petitionnement-en-ligne\\\/#primaryimage\",\"url\":\"https:\\\/\\\/www.sfsic.org\\\/wp-inside\\\/uploads\\\/skp-membership\\\/demande_adh\\\/ceditec-logo_1475675872310-jpg.jpg\",\"contentUrl\":\"https:\\\/\\\/www.sfsic.org\\\/wp-inside\\\/uploads\\\/skp-membership\\\/demande_adh\\\/ceditec-logo_1475675872310-jpg.jpg\"},{\"@type\":\"BreadcrumbList\",\"@id\":\"https:\\\/\\\/www.sfsic.org\\\/en\\\/evenement\\\/regards-croises-sur-le-petitionnement-en-ligne\\\/#breadcrumb\",\"itemListElement\":[{\"@type\":\"ListItem\",\"position\":1,\"name\":\"Accueil\",\"item\":\"https:\\\/\\\/www.sfsic.org\\\/en\\\/\"},{\"@type\":\"ListItem\",\"position\":2,\"name\":\"Events\",\"item\":\"https:\\\/\\\/www.sfsic.org\\\/en\\\/events\\\/\"},{\"@type\":\"ListItem\",\"position\":3,\"name\":\"Seminar\",\"item\":\"https:\\\/\\\/www.sfsic.org\\\/en\\\/events\\\/seminar-2\\\/\"},{\"@type\":\"ListItem\",\"position\":4,\"name\":\"Regards crois\u00e9s sur le p\u00e9titionnement en ligne\"}]},{\"@type\":\"WebSite\",\"@id\":\"https:\\\/\\\/www.sfsic.org\\\/en\\\/#website\",\"url\":\"https:\\\/\\\/www.sfsic.org\\\/en\\\/\",\"name\":\"SFSIC\",\"description\":\"Soci\u00e9t\u00e9 Fran\u00e7aise des Sciences de l&#039;Information &amp; de la Communication\",\"publisher\":{\"@id\":\"https:\\\/\\\/www.sfsic.org\\\/en\\\/#organization\"},\"potentialAction\":[{\"@type\":\"SearchAction\",\"target\":{\"@type\":\"EntryPoint\",\"urlTemplate\":\"https:\\\/\\\/www.sfsic.org\\\/en\\\/?s={search_term_string}\"},\"query-input\":{\"@type\":\"PropertyValueSpecification\",\"valueRequired\":true,\"valueName\":\"search_term_string\"}}],\"inLanguage\":\"en-US\"},{\"@type\":\"Organization\",\"@id\":\"https:\\\/\\\/www.sfsic.org\\\/en\\\/#organization\",\"name\":\"SFSIC\",\"url\":\"https:\\\/\\\/www.sfsic.org\\\/en\\\/\",\"logo\":{\"@type\":\"ImageObject\",\"inLanguage\":\"en-US\",\"@id\":\"https:\\\/\\\/www.sfsic.org\\\/en\\\/#\\\/schema\\\/logo\\\/image\\\/\",\"url\":\"https:\\\/\\\/www.sfsic.org\\\/wp-inside\\\/uploads\\\/2020\\\/05\\\/logo-sfsic.jpg\",\"contentUrl\":\"https:\\\/\\\/www.sfsic.org\\\/wp-inside\\\/uploads\\\/2020\\\/05\\\/logo-sfsic.jpg\",\"width\":1085,\"height\":1080,\"caption\":\"SFSIC\"},\"image\":{\"@id\":\"https:\\\/\\\/www.sfsic.org\\\/en\\\/#\\\/schema\\\/logo\\\/image\\\/\"}},{\"@type\":\"Person\",\"@id\":\"https:\\\/\\\/www.sfsic.org\\\/en\\\/#\\\/schema\\\/person\\\/9f83573bda33f40c68c7c826e9567df6\",\"name\":\"Fabien Bonnet\",\"image\":{\"@type\":\"ImageObject\",\"inLanguage\":\"en-US\",\"@id\":\"https:\\\/\\\/secure.gravatar.com\\\/avatar\\\/88a9288fc13369cb9e30359afa340f8adace82098c18ff09415c6dacd710ddc4?s=96&d=mm&r=g\",\"url\":\"https:\\\/\\\/secure.gravatar.com\\\/avatar\\\/88a9288fc13369cb9e30359afa340f8adace82098c18ff09415c6dacd710ddc4?s=96&d=mm&r=g\",\"contentUrl\":\"https:\\\/\\\/secure.gravatar.com\\\/avatar\\\/88a9288fc13369cb9e30359afa340f8adace82098c18ff09415c6dacd710ddc4?s=96&d=mm&r=g\",\"caption\":\"Fabien Bonnet\"}}]}<\/script>\n<!-- \/ Yoast SEO plugin. -->","yoast_head_json":{"title":"Regards crois\u00e9s sur le p\u00e9titionnement en ligne","description":"La s\u00e9ance du s\u00e9minaire du CEDITEC qui se tiendra le 5 mars sera consacr\u00e9e au p\u00e9titionnent en ligne.","robots":{"index":"index","follow":"follow","max-snippet":"max-snippet:-1","max-image-preview":"max-image-preview:large","max-video-preview":"max-video-preview:-1"},"canonical":"https:\/\/www.sfsic.org\/en\/evenement\/regards-croises-sur-le-petitionnement-en-ligne\/","og_locale":"en_US","og_type":"article","og_title":"Regards crois\u00e9s sur le p\u00e9titionnement en ligne","og_description":"La s\u00e9ance du s\u00e9minaire du CEDITEC qui se tiendra le 5 mars sera consacr\u00e9e au p\u00e9titionnent en ligne.","og_url":"https:\/\/www.sfsic.org\/en\/evenement\/regards-croises-sur-le-petitionnement-en-ligne\/","og_site_name":"SFSIC","article_published_time":"2021-02-27T14:41:43+00:00","og_image":[{"url":"https:\/\/www.sfsic.org\/wp-inside\/uploads\/skp-membership\/demande_adh\/ceditec-logo_1475675872310-jpg.jpg","type":"","width":"","height":""}],"author":"Fabien Bonnet","twitter_card":"summary_large_image","schema":{"@context":"https:\/\/schema.org","@graph":[{"@type":"Article","@id":"https:\/\/www.sfsic.org\/en\/evenement\/regards-croises-sur-le-petitionnement-en-ligne\/#article","isPartOf":{"@id":"https:\/\/www.sfsic.org\/en\/evenement\/regards-croises-sur-le-petitionnement-en-ligne\/"},"author":{"name":"Fabien Bonnet","@id":"https:\/\/www.sfsic.org\/en\/#\/schema\/person\/9f83573bda33f40c68c7c826e9567df6"},"headline":"Regards crois\u00e9s sur le p\u00e9titionnement en ligne","datePublished":"2021-02-27T14:41:43+00:00","mainEntityOfPage":{"@id":"https:\/\/www.sfsic.org\/en\/evenement\/regards-croises-sur-le-petitionnement-en-ligne\/"},"wordCount":319,"publisher":{"@id":"https:\/\/www.sfsic.org\/en\/#organization"},"image":{"@id":"https:\/\/www.sfsic.org\/en\/evenement\/regards-croises-sur-le-petitionnement-en-ligne\/#primaryimage"},"thumbnailUrl":"https:\/\/www.sfsic.org\/wp-inside\/uploads\/skp-membership\/demande_adh\/ceditec-logo_1475675872310-jpg.jpg","keywords":["Engagement","Num\u00e9rique","P\u00e9titions"],"articleSection":["\u00c9v\u00e9nements","S\u00e9minaire"],"inLanguage":"en-US"},{"@type":"WebPage","@id":"https:\/\/www.sfsic.org\/en\/evenement\/regards-croises-sur-le-petitionnement-en-ligne\/","url":"https:\/\/www.sfsic.org\/en\/evenement\/regards-croises-sur-le-petitionnement-en-ligne\/","name":"Regards crois\u00e9s sur le p\u00e9titionnement en ligne","isPartOf":{"@id":"https:\/\/www.sfsic.org\/en\/#website"},"primaryImageOfPage":{"@id":"https:\/\/www.sfsic.org\/en\/evenement\/regards-croises-sur-le-petitionnement-en-ligne\/#primaryimage"},"image":{"@id":"https:\/\/www.sfsic.org\/en\/evenement\/regards-croises-sur-le-petitionnement-en-ligne\/#primaryimage"},"thumbnailUrl":"https:\/\/www.sfsic.org\/wp-inside\/uploads\/skp-membership\/demande_adh\/ceditec-logo_1475675872310-jpg.jpg","datePublished":"2021-02-27T14:41:43+00:00","description":"La s\u00e9ance du s\u00e9minaire du CEDITEC qui se tiendra le 5 mars sera consacr\u00e9e au p\u00e9titionnent en ligne.","breadcrumb":{"@id":"https:\/\/www.sfsic.org\/en\/evenement\/regards-croises-sur-le-petitionnement-en-ligne\/#breadcrumb"},"inLanguage":"en-US","potentialAction":[{"@type":"ReadAction","target":["https:\/\/www.sfsic.org\/en\/evenement\/regards-croises-sur-le-petitionnement-en-ligne\/"]}]},{"@type":"ImageObject","inLanguage":"en-US","@id":"https:\/\/www.sfsic.org\/en\/evenement\/regards-croises-sur-le-petitionnement-en-ligne\/#primaryimage","url":"https:\/\/www.sfsic.org\/wp-inside\/uploads\/skp-membership\/demande_adh\/ceditec-logo_1475675872310-jpg.jpg","contentUrl":"https:\/\/www.sfsic.org\/wp-inside\/uploads\/skp-membership\/demande_adh\/ceditec-logo_1475675872310-jpg.jpg"},{"@type":"BreadcrumbList","@id":"https:\/\/www.sfsic.org\/en\/evenement\/regards-croises-sur-le-petitionnement-en-ligne\/#breadcrumb","itemListElement":[{"@type":"ListItem","position":1,"name":"Accueil","item":"https:\/\/www.sfsic.org\/en\/"},{"@type":"ListItem","position":2,"name":"Events","item":"https:\/\/www.sfsic.org\/en\/events\/"},{"@type":"ListItem","position":3,"name":"Seminar","item":"https:\/\/www.sfsic.org\/en\/events\/seminar-2\/"},{"@type":"ListItem","position":4,"name":"Regards crois\u00e9s sur le p\u00e9titionnement en ligne"}]},{"@type":"WebSite","@id":"https:\/\/www.sfsic.org\/en\/#website","url":"https:\/\/www.sfsic.org\/en\/","name":"SFSIC","description":"Soci\u00e9t\u00e9 Fran\u00e7aise des Sciences de l&#039;Information &amp; de la Communication","publisher":{"@id":"https:\/\/www.sfsic.org\/en\/#organization"},"potentialAction":[{"@type":"SearchAction","target":{"@type":"EntryPoint","urlTemplate":"https:\/\/www.sfsic.org\/en\/?s={search_term_string}"},"query-input":{"@type":"PropertyValueSpecification","valueRequired":true,"valueName":"search_term_string"}}],"inLanguage":"en-US"},{"@type":"Organization","@id":"https:\/\/www.sfsic.org\/en\/#organization","name":"SFSIC","url":"https:\/\/www.sfsic.org\/en\/","logo":{"@type":"ImageObject","inLanguage":"en-US","@id":"https:\/\/www.sfsic.org\/en\/#\/schema\/logo\/image\/","url":"https:\/\/www.sfsic.org\/wp-inside\/uploads\/2020\/05\/logo-sfsic.jpg","contentUrl":"https:\/\/www.sfsic.org\/wp-inside\/uploads\/2020\/05\/logo-sfsic.jpg","width":1085,"height":1080,"caption":"SFSIC"},"image":{"@id":"https:\/\/www.sfsic.org\/en\/#\/schema\/logo\/image\/"}},{"@type":"Person","@id":"https:\/\/www.sfsic.org\/en\/#\/schema\/person\/9f83573bda33f40c68c7c826e9567df6","name":"Fabien Bonnet","image":{"@type":"ImageObject","inLanguage":"en-US","@id":"https:\/\/secure.gravatar.com\/avatar\/88a9288fc13369cb9e30359afa340f8adace82098c18ff09415c6dacd710ddc4?s=96&d=mm&r=g","url":"https:\/\/secure.gravatar.com\/avatar\/88a9288fc13369cb9e30359afa340f8adace82098c18ff09415c6dacd710ddc4?s=96&d=mm&r=g","contentUrl":"https:\/\/secure.gravatar.com\/avatar\/88a9288fc13369cb9e30359afa340f8adace82098c18ff09415c6dacd710ddc4?s=96&d=mm&r=g","caption":"Fabien Bonnet"}}]}},"_links":{"self":[{"href":"https:\/\/www.sfsic.org\/en\/wp-json\/wp\/v2\/posts\/15926","targetHints":{"allow":["GET"]}}],"collection":[{"href":"https:\/\/www.sfsic.org\/en\/wp-json\/wp\/v2\/posts"}],"about":[{"href":"https:\/\/www.sfsic.org\/en\/wp-json\/wp\/v2\/types\/post"}],"author":[{"embeddable":true,"href":"https:\/\/www.sfsic.org\/en\/wp-json\/wp\/v2\/users\/957"}],"replies":[{"embeddable":true,"href":"https:\/\/www.sfsic.org\/en\/wp-json\/wp\/v2\/comments?post=15926"}],"version-history":[{"count":3,"href":"https:\/\/www.sfsic.org\/en\/wp-json\/wp\/v2\/posts\/15926\/revisions"}],"predecessor-version":[{"id":15931,"href":"https:\/\/www.sfsic.org\/en\/wp-json\/wp\/v2\/posts\/15926\/revisions\/15931"}],"wp:attachment":[{"href":"https:\/\/www.sfsic.org\/en\/wp-json\/wp\/v2\/media?parent=15926"}],"wp:term":[{"taxonomy":"category","embeddable":true,"href":"https:\/\/www.sfsic.org\/en\/wp-json\/wp\/v2\/categories?post=15926"},{"taxonomy":"post_tag","embeddable":true,"href":"https:\/\/www.sfsic.org\/en\/wp-json\/wp\/v2\/tags?post=15926"},{"taxonomy":"thematique","embeddable":true,"href":"https:\/\/www.sfsic.org\/en\/wp-json\/wp\/v2\/thematique?post=15926"},{"taxonomy":"sfsic","embeddable":true,"href":"https:\/\/www.sfsic.org\/en\/wp-json\/wp\/v2\/sfsic?post=15926"}],"curies":[{"name":"wp","href":"https:\/\/api.w.org\/{rel}","templated":true}]}}