{"id":15688,"date":"2021-02-04T07:40:02","date_gmt":"2021-02-04T06:40:02","guid":{"rendered":"https:\/\/www.sfsic.org\/?p=15688"},"modified":"2021-02-08T15:05:30","modified_gmt":"2021-02-08T14:05:30","slug":"les-representations-des-minorites-ethnoraciales-dans-laudiovisuel-francais","status":"publish","type":"post","link":"https:\/\/www.sfsic.org\/en\/evenement\/les-representations-des-minorites-ethnoraciales-dans-laudiovisuel-francais\/","title":{"rendered":"Les repr\u00e9sentations des minorit\u00e9s ethnoraciales dans l&#8217;audiovisuel fran\u00e7ais"},"content":{"rendered":"<p><!-- fxzn:singledetail --><\/p>\n<div class=\"zone zn-singledetail\" id=\"fxzn-singledetail-1\">\n<div class=\"zone-block zn-singledetail-block alignwide va-top\">\n<div class=\"row\">\n<div class=\"columns large-8 large-push-4\">\n<div class=\"zn-singledetail-metabox\">\n<div class=\"zn-singledetail-pubdate pubdate\">\n\t\t\t\t\t<span class=\"pubdate-txt\">Mis en ligne le<\/span><span class=\"doubledot\"><\/span> <time class=\"pubdate-time\" pubdate datetime=\"2021-02-04T07:40:02+01:00\">4 f\u00e9vrier 2021<\/time>\t\t\t\t<\/div>\n<p class=\"zn-singledetail-calenda-info\">\n\t\t\t\t\t\tInformations \u00e9dit\u00e9es \u00e0 partir d\u2019une annonce <a class=\"calenda-link prettylink\" href=\"https:\/\/calenda.org\/837587\" target=\"_blank\" rel=\"noopener\"><strong>Calenda<\/strong><\/a>.\t\t\t\t\t<\/p>\n<div class=\"zn-singledetail-thematiques with-sep-comma\">\n<ul class=\"termslist termslist-thematique\">\n<li class=\"termslist-item termslist-title\"><span class=\"termslist-titletxt\">Th\u00e9matiques<\/span><span class=\"doubledot\"><\/span><\/li>\n<li class=\"termslist-item tax-thematique term-images-cinema-medias-audiovisuels-et-industries-culturelles\"><a class=\"termslist-itemlink\" href=\"https:\/\/www.sfsic.org\/thematiques\/images-cinema-medias-audiovisuels-et-industries-culturelles\/\" title=\"Images, cin\u00e9ma, m\u00e9dias audiovisuels et industries culturelles\"><span class=\"termslist-itemname\">Images, cin\u00e9ma, m\u00e9dias audiovisuels et industries culturelles<\/span><\/a><\/li>\n<li class=\"termslist-item tax-thematique term-medias-journalisme\"><a class=\"termslist-itemlink\" href=\"https:\/\/www.sfsic.org\/thematiques\/medias-journalisme\/\" title=\"M\u00e9dias et journalisme\"><span class=\"termslist-itemname\">M\u00e9dias et journalisme<\/span><\/a><\/li>\n<\/ul><\/div>\n<\/p><\/div>\n<\/p><\/div>\n<\/p><\/div>\n<div class=\"row\">\n<div class=\"columns large-4\">\n<div class=\"zn-singledetail-sidebar bg-cornersquares\">\n<div class=\"zn-singledetail-infos\">\n<p class=\"zn-singledetail-type\">\n\t\t\t\t\t\t\t<span>Type d\u2019\u00e9v\u00e9nement<\/span><span class=\"doubledot\"><\/span> <strong>Journ\u00e9e d\u2019\u00e9tude<\/strong>\n\t\t\t\t\t<\/p>\n<\/p><\/div>\n<div class=\"zn-singledetail-coordinators\">\n<h3 class=\"zn-singledetail-section-title\">Coordinateurs<\/h3>\n<ul class=\"zn-singledetail-coordinators-list\">\n<li class=\"zn-singledetail-coordinators-item\">\n\t\t\t\t\t\t\t<span>Ja\u00e9rcio<\/span> <span>da Silva<\/span>, <span>Carism, Universit\u00e9 Paris 2<\/span>\t\t\t\t\t\t\t\t\t\t\t\t\t<\/li>\n<li class=\"zn-singledetail-coordinators-item\">\n\t\t\t\t\t\t\t<span>J\u00e9r\u00f4me<\/span> <span>David<\/span>, <span>Carism, Universit\u00e9 Paris 2<\/span>\t\t\t\t\t\t\t\t\t\t\t\t\t<\/li>\n<li class=\"zn-singledetail-coordinators-item\">\n\t\t\t\t\t\t\t<span>Marie-Eva<\/span> <span>Lesaunier<\/span>, <span>Carism, Universit\u00e9 Paris 2<\/span>\t\t\t\t\t\t\t\t\t\t\t\t\t<\/li>\n<\/ul><\/div>\n<div class=\"zn-singledetail-contacts\">\n<h3 class=\"zn-singledetail-section-title\">Contacts<\/h3>\n<ul class=\"zn-singledetail-contacts-list\">\n<li class=\"zn-singledetail-contact\">\n\t\t\t\t\t\t\t<span class=\"zn-singledetail-contact-name\">Marie-Eva Lesaunier<\/span><span class=\"doubledot\"><\/span><br \/>\n\t\t\t\t\t\t\t\t\t\t\t\t\t\t<a class=\"zn-singledetail-contact-mail prettylink\" href=\"mailto:marieevalesaunier@gmail.com\">marieevalesaunier@gmail.com<\/a>\n\t\t\t\t\t\t\t\t\t\t\t\t\t<\/li>\n<\/ul><\/div>\n<div class=\"zn-singledetail-weblinks\">\n<h3 class=\"zn-singledetail-section-title\">Sites internet de r\u00e9f\u00e9rence<\/h3>\n<ul class=\"zn-singledetail-weblinks-list\">\n<li>\n\t\t\t\t\t\t\t<a class=\"prettylink chainlink\" href=\"http:\/\/minoritesnum.sciencesconf.org\" title=\"Inscription en ligne obligatoire\" target=\"_blank\" rel=\"noopener\">Inscription en ligne obligatoire<\/a>\n\t\t\t\t\t\t<\/li>\n<\/ul><\/div>\n<\/p><\/div>\n<\/p><\/div>\n<div class=\"columns large-8\">\n<div class=\"zn-singledetail-contentbox\">\n<div class=\"zn-singledetail-eventinfo\">\n<div class=\"zn-singledetail-eventinfo-inner\">\n<div class=\"zn-singledetail-eventdates\">\n\t\t\t\t\t\t<span class=\"zn-singledetail-label\">Dates de l\u2019\u00e9v\u00e9nement<span class=\"doubledot\"><\/span><\/span><\/p>\n<ul class=\"zn-singledetail-eventdates-list\">\n<li class=\"zn-singledetail-eventdates-item\">\n\t\t\t\t\t\t\t\tDu <time class=\"event-start-time\" datetime=\"2021-02-25T00:00:00+00:00\">25\/02\/2021<\/time> au <time class=\"event-end-time\" datetime=\"2021-02-26T00:00:00+00:00\">26\/02\/2021<\/time>\t\t\t\t\t\t\t<\/li>\n<\/ul><\/div>\n<p class=\"zn-singledetail-eventplace\">\n\t\t\t\t\t\t<span class=\"zn-singledetail-label\">Lieu de l\u2019\u00e9v\u00e9nement<span class=\"doubledot\"><\/span><\/span><br \/>\n\t\t\t\t\t\t<span class=\"zn-singledetail-eventplace-adr\"><br \/>\n\t\t\t\t\t\t\t\t\t\t\t\t<span class=\"adr-name\">En ligne<\/span>,<\/p>\n<p>\t\t\t\t\t\t<\/span>\t\t\t\t\t<\/p>\n<\/p><\/div>\n<\/p><\/div>\n<div class=\"zn-singledetail-annonce wig-content\">\n<p>Ces journ\u00e9es d&rsquo;\u00e9tude portent sur l\u2019\u00e9volution des modes de repr\u00e9sentation de la diversit\u00e9 ethnoraciale fran\u00e7aise dans un paysage m\u00e9diatique refa\u00e7onn\u00e9 par la convergence num\u00e9rique. Chacune des communications s\u2019inscrit dans un des axes suivants&#160;: la diversit\u00e9 au prisme des contextes socio-professionnels de production des contenus audiovisuels&#160;; les productions d\u2019internautes librement accessibles sur les r\u00e9seaux sociaux&#160;; les repr\u00e9sentations dans les contenus des grands m\u00e9dias&#160;: des cha\u00eenes de t\u00e9l\u00e9vision aux plateformes de vid\u00e9os \u00e0 la demande, quels nouveaux visages prend la diversit\u00e9 ethnoraciale&#160;? En articulant r\u00e9flexions universitaires et r\u00e9alit\u00e9s du terrain, ces rencontres ont d&rsquo;abord pour ambition de dresser des constats de l&rsquo;\u00e9volution de la repr\u00e9sentation des minorit\u00e9s ethnoraciales \u00e0 l&rsquo;\u00e8re du num\u00e9rique.<\/p>\n<p>Ces journ\u00e9es d&rsquo;\u00e9tude s&rsquo;organisent autour de six communications, cinq conf\u00e9rences pl\u00e9ni\u00e8res et une table ronde r\u00e9unissant des professionnels de l&rsquo;audiovisuel et du num\u00e9rique.<\/p>\n<p>Inscription obligatoire sur <a href=\"https:\/\/minoritesnum.sciencesconf.org\/\">https:\/\/minoritesnum.sciencesconf.org\/<\/a><\/p>\n<h2>Programme<\/h2>\n<h3>Jeudi 25 f\u00e9vrier 2021<\/h3>\n<p><strong>Enjeux socio-professionnels<\/strong><\/p>\n<p>13h30 &#8211; 13h45&#160;: Introduction, <strong>J\u00e9r\u00f4me DAVID<\/strong>, Carism, Universit\u00e9 Paris 2<\/p>\n<ul>\n<li>13h45 &#8211; 14h30&#160;: Conf\u00e9rence, \u00ab&#160;Les personnages sont-ils tous \u00e9gaux&#160;? Caract\u00e9risation et marquage social des personnages par les sc\u00e9naristes de s\u00e9ries t\u00e9l\u00e9vis\u00e9es&#160;\u00bb, <strong>Sarah L\u00c9COSSAIS<\/strong>, LabSIC, Universit\u00e9 Paris 13, IUT de St-Denis<\/li>\n<li>14h35 &#8211; 15h35&#160;: Table ronde, \u00ab&#160;Paroles de professionnels de l\u2019audiovisuel fran\u00e7ais&#160;\u00bb, Mod\u00e9ratrice&#160;: <strong>Milena DOYTCHEVA<\/strong>, CeRIES, Universit\u00e9 de Lille<\/li>\n<\/ul>\n<p>15h35 &#8211; 15h45&#160;: Pause<\/p>\n<p>15h45 &#8211; 16h45&#160;: Panel<\/p>\n<ul>\n<li>\u00ab&#160;Le passing comme ressource professionnelle&#160;? Approche m\u00e9thodologique de la cat\u00e9gorisation ethno-raciale et de sa variabilit\u00e9&#160;\u00bb, <strong>Mathieu ARBOGAST,<\/strong> CEMS, EHESS et CRESPPA-GTM, Universit\u00e9 Paris Nanterre<\/li>\n<li>\u00ab&#160;Repr\u00e9senter ou promouvoir la \u201cdiversit\u00e9\u201d&#160;? Les appropriations contradictoires d\u2019un dispositif de lutte contre les discriminations dans le domaine audiovisuel&#160;\u00bb, <strong>Evelia MAYENGA<\/strong>, CESSP-CRPS, CNRS&#160;: UMR 8209, Universit\u00e9 Paris 1 Panth\u00e9on-Sorbonne<\/li>\n<\/ul>\n<h3>Vendredi 26 f\u00e9vrier 2021<\/h3>\n<p><strong>Pratiques num\u00e9riques<\/strong><\/p>\n<ul>\n<li>9h00 &#8211; 9h45&#160;: Conf\u00e9rence, \u00ab&#160;Racialisation et micro-r\u00e9sistances&#160;: sur le plateau de tournage d\u2019une webs\u00e9rie LGBT&#160;\u00bb, <strong>Deborah GAY<\/strong>, ANR GEM, Lerass, Universit\u00e9 Toulouse Paul Sabatier<\/li>\n<\/ul>\n<p>9h45 &#8211; 10h45&#160;: Panel<\/p>\n<ul>\n<li>\u00ab&#160;Se positionner \u00e0 visage cach\u00e9&#160;: les cat\u00e9gories ethnoraciales par le d\u00e9claratif dans les podcasts francophones&#160;\u00bb, <strong>Ja\u00e9rcio DA SILVA<\/strong>, Carism, Universit\u00e9 Paris 2<\/li>\n<li>\u00ab&#160;Lutter contre l\u2019invisibilit\u00e9 sans chercher \u00e0 devenir visible. Les pratiques num\u00e9riques des collectifs militants f\u00e9ministes antiracistes fran\u00e7ais&#160;\u00bb, <strong>Ariane BENOLIEL<\/strong>, Carism, Universit\u00e9 Paris 2<\/li>\n<\/ul>\n<p>10h45 &#8211; 11h&#160;: Pause<\/p>\n<ul>\n<li>11h &#8211; 11h45&#160;: Conf\u00e9rence, \u00ab&#160;Pr\u00e9sentation de l\u2019ouvrage Racisme et jeux vid\u00e9o, MSH \u00c9ditions&#160;\u00bb, <strong>Mehdi DERFOUFI<\/strong>, Cemti, Universit\u00e9 Paris 8<\/li>\n<\/ul>\n<h3>Vendredi 26 f\u00e9vrier 2021<\/h3>\n<p><strong>Repr\u00e9sentations<\/strong><\/p>\n<ul>\n<li>13h45 &#8211; 14h30&#160;: Conf\u00e9rence, \u00ab&#160;La figure du public dans la \u201cpolitique de diversit\u00e9\u201d fran\u00e7aise&#160;: une position para-doxale&#160;\u00bb, <strong>Maxime CERVULLE<\/strong>, Cemti, Universit\u00e9 Paris 8<\/li>\n<\/ul>\n<p>14h30 \u2013 15h30&#160;: Panel<\/p>\n<ul>\n<li>\u00ab&#160;Regard sur l\u2019ethnoracialisation dans les m\u00e9dias&#160;: les enjeux des transformations des repr\u00e9sentations des \u201cminorit\u00e9s racis\u00e9es\u201d dans l\u2019audiovisuel&#160;\u00bb, <strong>Emmanuelle BRUNEEL<\/strong>, Gripic, Sorbonne Universit\u00e9 \/ CELSA<\/li>\n<li>\u00ab&#160;To All the Representations We\u2019ve Had Before. (R\u00e9)appropriations des images par les descendant-e-s d\u2019immigr\u00e9-e-s asiatiques en France&#160;\u00bb, <strong>Chlo\u00e9 LUU<\/strong>, ENS Lyon et r\u00e9seau de recherche Migrations Asiatiques en France<\/li>\n<\/ul>\n<p>15h30 \u2013 15h45&#160;: Pause<\/p>\n<ul>\n<li>15h45-16h30&#160;:\u00a0 Conf\u00e9rence, \u00ab&#160;Immigrants \u00e0 la t\u00e9l\u00e9vision fran\u00e7aise et am\u00e9ricaine&#160;: sujets, objets, victimes, menaces, h\u00e9ros&#160;\u00bb, <strong>Rodney BENSON<\/strong>, New York University<\/li>\n<\/ul>\n<p>16h30-17h&#160;: Conclusion des journ\u00e9es, <strong>Tristan MATTELART<\/strong>, Carism, Universit\u00e9 Paris 2<\/p>\n<p><strong>Journ\u00e9es d\u2019\u00e9tude organis\u00e9es par le Centre d\u2019Analyse et de Recherche Interdisciplinaires sur les M\u00e9dias (CARISM), labellis\u00e9es par la Maison des Sciences de l\u2019Homme Paris-Nord, dans le cadre de l\u2019appel \u00e0 projets 2021.<\/strong><\/p>\n<h2>Coordinateurs<\/h2>\n<ul>\n<li>Ja\u00e9rcio da Silva (Carism, Universit\u00e9 Paris 2)<\/li>\n<li>J\u00e9r\u00f4me David (Carism, Universit\u00e9 Paris 2)<\/li>\n<li>Marie-Eva Lesaunier (Carism, Universit\u00e9 Paris 2)<\/li>\n<\/ul>\n<h2>Comit\u00e9 scientifique<\/h2>\n<ul>\n<li>Maxime Cervulle (Cemti, Universit\u00e9 Paris 8)<\/li>\n<li>Milena Doytcheva (CeRIES, Universit\u00e9 de Lille)<\/li>\n<li>Catherine Ghosn (Corhis, Universit\u00e9 Paul Val\u00e9ry Montpellier 3) `<\/li>\n<li>Josiane Jou\u00ebt (Carism, Universit\u00e9 Paris 2)<\/li>\n<li>Angeliki Koukoutsaki-Monnier (Crem, Universit\u00e9 de Lorraine)<\/li>\n<li>Sarah L\u00e9cossais (LabSIC, Universit\u00e9 Paris 13)<\/li>\n<li>Tristan Mattelart (Carism, Universit\u00e9 Paris 2)<\/li>\n<\/ul><\/div>\n<div class=\"zn-singledetail-attachedfiles\">\n<h3 class=\"zn-singledetail-section-title\">Fichier(s) attach\u00e9(s)<\/h3>\n<ul class=\"zn-singledetail-attachedfiles-list\">\n<li class=\"zn-singledetail-attachedfiles-item\">\n\t\t\t\t\t\t\t<a class=\"zn-singledetail-attachedfiles-link button outline for-download\" href=\"https:\/\/www.sfsic.org\/wp-inside\/uploads\/skp-membership\/demande_adh\/programme-je-representations-des-minorites-ethnoraciales-dans-laudiovisuel-francais-2021.pdf\" title=\"T\u00e9l\u00e9charger : \u00ab programme-je-representations-des-minorites-ethnoraciales-dans-laudiovisuel-francais-2021.pdf \u00bb\" target=\"_blank\" rel=\"noopener\"><br \/>\n\t\t\t\t\t\t\t\t<span class=\"button-txt\">programme-je-rep[&#8230;].pdf<\/span><br \/>\n\t\t\t\t\t\t\t<\/a>\n\t\t\t\t\t\t<\/li>\n<\/ul><\/div>\n<div class=\"zn-singledetail-keywords\">\n<h3 class=\"zn-singledetail-section-title\">Mots-cl\u00e9s<\/h3>\n<ul class=\"termslist termslist-post_tag\">\n<li class=\"termslist-item termslist-title\"><span class=\"termslist-titletxt\">Mots-cl\u00e9s<\/span><span class=\"doubledot\"><\/span><\/li>\n<li class=\"termslist-item tax-post_tag term-medias\"><a class=\"termslist-itemlink\" href=\"https:\/\/www.sfsic.org\/tag\/medias\/\" title=\"M\u00e9dias\"><span class=\"termslist-itemname\">M\u00e9dias<\/span><\/a><\/li>\n<li class=\"termslist-item tax-post_tag term-minorites\"><a class=\"termslist-itemlink\" href=\"https:\/\/www.sfsic.org\/tag\/minorites\/\" title=\"Minorit\u00e9s\"><span class=\"termslist-itemname\">Minorit\u00e9s<\/span><\/a><\/li>\n<li class=\"termslist-item tax-post_tag term-representation\"><a class=\"termslist-itemlink\" href=\"https:\/\/www.sfsic.org\/tag\/representation\/\" title=\"Repr\u00e9sentation\"><span class=\"termslist-itemname\">Repr\u00e9sentation<\/span><\/a><\/li>\n<\/ul><\/div>\n<\/p><\/div>\n<\/p><\/div>\n<\/p><\/div>\n<\/p><\/div>\n<\/div>\n<p><!-- \/fxzn:singledetail --><\/p>\n","protected":false},"excerpt":{"rendered":"<p>Mis en ligne le 4 f\u00e9vrier 2021 Informations \u00e9dit\u00e9es \u00e0 partir d\u2019une annonce Calenda. Th\u00e9matiques Images, cin\u00e9ma, m\u00e9dias audiovisuels et industries culturelles M\u00e9dias et journalisme Type d\u2019\u00e9v\u00e9nement Journ\u00e9e d\u2019\u00e9tude Coordinateurs [&hellip;]<\/p>\n","protected":false},"author":957,"featured_media":0,"comment_status":"closed","ping_status":"closed","sticky":false,"template":"","format":"standard","meta":{"_acf_changed":false,"footnotes":""},"categories":[30,68],"tags":[390,414,86],"thematique":[35,34],"sfsic":[],"class_list":["post-15688","post","type-post","status-publish","format-standard","hentry","category-evenement","category-journee-etude-2","tag-medias","tag-minorites","tag-representation","thematique-images-cinema-medias-audiovisuels-et-industries-culturelles","thematique-medias-et-journalisme","wp-sticky"],"acf":[],"yoast_head":"<!-- This site is optimized with the Yoast SEO plugin v27.5 - https:\/\/yoast.com\/product\/yoast-seo-wordpress\/ -->\n<title>Les repr\u00e9sentations des minorit\u00e9s ethnoraciales dans l&#039;audiovisuel fran\u00e7ais<\/title>\n<meta name=\"description\" content=\"Ces journ\u00e9es d&#039;\u00e9tude portent sur l\u2019\u00e9volution des modes de repr\u00e9sentation de la diversit\u00e9 ethnoraciale fran\u00e7aise dans un paysage m\u00e9diatique refa\u00e7onn\u00e9 par la convergence num\u00e9rique. Chacune des communications s\u2019inscrit dans un des axes suivants\u00a0: la diversit\u00e9 au prisme des contextes socio-professionnels de production des contenus audiovisuels\u00a0; les productions d\u2019internautes librement accessibles sur les r\u00e9seaux sociaux\u00a0; les repr\u00e9sentations dans les contenus des grands m\u00e9dias\u00a0: des cha\u00eenes de t\u00e9l\u00e9vision aux plateformes de vid\u00e9os \u00e0 la demande, quels nouveaux visages prend la diversit\u00e9 ethnoraciale\u00a0? En articulant r\u00e9flexions universitaires et r\u00e9alit\u00e9s du terrain, ces rencontres ont d&#039;abord pour ambition de dresser des constats de l&#039;\u00e9volution de la repr\u00e9sentation des minorit\u00e9s ethnoraciales \u00e0 l&#039;\u00e8re du num\u00e9rique.\" \/>\n<meta name=\"robots\" content=\"index, follow, max-snippet:-1, max-image-preview:large, max-video-preview:-1\" \/>\n<link rel=\"canonical\" href=\"https:\/\/www.sfsic.org\/en\/evenement\/les-representations-des-minorites-ethnoraciales-dans-laudiovisuel-francais\/\" \/>\n<meta property=\"og:locale\" content=\"en_US\" \/>\n<meta property=\"og:type\" content=\"article\" \/>\n<meta property=\"og:title\" content=\"Les repr\u00e9sentations des minorit\u00e9s ethnoraciales dans l&#039;audiovisuel fran\u00e7ais\" \/>\n<meta property=\"og:description\" content=\"Ces journ\u00e9es d&#039;\u00e9tude portent sur l\u2019\u00e9volution des modes de repr\u00e9sentation de la diversit\u00e9 ethnoraciale fran\u00e7aise dans un paysage m\u00e9diatique refa\u00e7onn\u00e9 par la convergence num\u00e9rique. Chacune des communications s\u2019inscrit dans un des axes suivants\u00a0: la diversit\u00e9 au prisme des contextes socio-professionnels de production des contenus audiovisuels\u00a0; les productions d\u2019internautes librement accessibles sur les r\u00e9seaux sociaux\u00a0; les repr\u00e9sentations dans les contenus des grands m\u00e9dias\u00a0: des cha\u00eenes de t\u00e9l\u00e9vision aux plateformes de vid\u00e9os \u00e0 la demande, quels nouveaux visages prend la diversit\u00e9 ethnoraciale\u00a0? En articulant r\u00e9flexions universitaires et r\u00e9alit\u00e9s du terrain, ces rencontres ont d&#039;abord pour ambition de dresser des constats de l&#039;\u00e9volution de la repr\u00e9sentation des minorit\u00e9s ethnoraciales \u00e0 l&#039;\u00e8re du num\u00e9rique.\" \/>\n<meta property=\"og:url\" content=\"https:\/\/www.sfsic.org\/en\/evenement\/les-representations-des-minorites-ethnoraciales-dans-laudiovisuel-francais\/\" \/>\n<meta property=\"og:site_name\" content=\"SFSIC\" \/>\n<meta property=\"article:published_time\" content=\"2021-02-04T06:40:02+00:00\" \/>\n<meta property=\"article:modified_time\" content=\"2021-02-08T14:05:30+00:00\" \/>\n<meta name=\"author\" content=\"Fabien Bonnet\" \/>\n<meta name=\"twitter:card\" content=\"summary_large_image\" \/>\n<script type=\"application\/ld+json\" class=\"yoast-schema-graph\">{\"@context\":\"https:\\\/\\\/schema.org\",\"@graph\":[{\"@type\":\"Article\",\"@id\":\"https:\\\/\\\/www.sfsic.org\\\/en\\\/evenement\\\/les-representations-des-minorites-ethnoraciales-dans-laudiovisuel-francais\\\/#article\",\"isPartOf\":{\"@id\":\"https:\\\/\\\/www.sfsic.org\\\/en\\\/evenement\\\/les-representations-des-minorites-ethnoraciales-dans-laudiovisuel-francais\\\/\"},\"author\":{\"name\":\"Fabien Bonnet\",\"@id\":\"https:\\\/\\\/www.sfsic.org\\\/en\\\/#\\\/schema\\\/person\\\/9f83573bda33f40c68c7c826e9567df6\"},\"headline\":\"Les repr\u00e9sentations des minorit\u00e9s ethnoraciales dans l&#8217;audiovisuel fran\u00e7ais\",\"datePublished\":\"2021-02-04T06:40:02+00:00\",\"dateModified\":\"2021-02-08T14:05:30+00:00\",\"mainEntityOfPage\":{\"@id\":\"https:\\\/\\\/www.sfsic.org\\\/en\\\/evenement\\\/les-representations-des-minorites-ethnoraciales-dans-laudiovisuel-francais\\\/\"},\"wordCount\":773,\"publisher\":{\"@id\":\"https:\\\/\\\/www.sfsic.org\\\/en\\\/#organization\"},\"keywords\":[\"M\u00e9dias\",\"Minorit\u00e9s\",\"Repr\u00e9sentation\"],\"articleSection\":[\"\u00c9v\u00e9nements\",\"Journ\u00e9e d\u2019\u00e9tude\"],\"inLanguage\":\"en-US\"},{\"@type\":\"WebPage\",\"@id\":\"https:\\\/\\\/www.sfsic.org\\\/en\\\/evenement\\\/les-representations-des-minorites-ethnoraciales-dans-laudiovisuel-francais\\\/\",\"url\":\"https:\\\/\\\/www.sfsic.org\\\/en\\\/evenement\\\/les-representations-des-minorites-ethnoraciales-dans-laudiovisuel-francais\\\/\",\"name\":\"Les repr\u00e9sentations des minorit\u00e9s ethnoraciales dans l'audiovisuel fran\u00e7ais\",\"isPartOf\":{\"@id\":\"https:\\\/\\\/www.sfsic.org\\\/en\\\/#website\"},\"datePublished\":\"2021-02-04T06:40:02+00:00\",\"dateModified\":\"2021-02-08T14:05:30+00:00\",\"description\":\"Ces journ\u00e9es d'\u00e9tude portent sur l\u2019\u00e9volution des modes de repr\u00e9sentation de la diversit\u00e9 ethnoraciale fran\u00e7aise dans un paysage m\u00e9diatique refa\u00e7onn\u00e9 par la convergence num\u00e9rique. Chacune des communications s\u2019inscrit dans un des axes suivants\u00a0: la diversit\u00e9 au prisme des contextes socio-professionnels de production des contenus audiovisuels\u00a0; les productions d\u2019internautes librement accessibles sur les r\u00e9seaux sociaux\u00a0; les repr\u00e9sentations dans les contenus des grands m\u00e9dias\u00a0: des cha\u00eenes de t\u00e9l\u00e9vision aux plateformes de vid\u00e9os \u00e0 la demande, quels nouveaux visages prend la diversit\u00e9 ethnoraciale\u00a0? En articulant r\u00e9flexions universitaires et r\u00e9alit\u00e9s du terrain, ces rencontres ont d'abord pour ambition de dresser des constats de l'\u00e9volution de la repr\u00e9sentation des minorit\u00e9s ethnoraciales \u00e0 l'\u00e8re du num\u00e9rique.\",\"breadcrumb\":{\"@id\":\"https:\\\/\\\/www.sfsic.org\\\/en\\\/evenement\\\/les-representations-des-minorites-ethnoraciales-dans-laudiovisuel-francais\\\/#breadcrumb\"},\"inLanguage\":\"en-US\",\"potentialAction\":[{\"@type\":\"ReadAction\",\"target\":[\"https:\\\/\\\/www.sfsic.org\\\/en\\\/evenement\\\/les-representations-des-minorites-ethnoraciales-dans-laudiovisuel-francais\\\/\"]}]},{\"@type\":\"BreadcrumbList\",\"@id\":\"https:\\\/\\\/www.sfsic.org\\\/en\\\/evenement\\\/les-representations-des-minorites-ethnoraciales-dans-laudiovisuel-francais\\\/#breadcrumb\",\"itemListElement\":[{\"@type\":\"ListItem\",\"position\":1,\"name\":\"Accueil\",\"item\":\"https:\\\/\\\/www.sfsic.org\\\/en\\\/\"},{\"@type\":\"ListItem\",\"position\":2,\"name\":\"Events\",\"item\":\"https:\\\/\\\/www.sfsic.org\\\/en\\\/events\\\/\"},{\"@type\":\"ListItem\",\"position\":3,\"name\":\"Study Day\",\"item\":\"https:\\\/\\\/www.sfsic.org\\\/en\\\/events\\\/study-day-2\\\/\"},{\"@type\":\"ListItem\",\"position\":4,\"name\":\"Les repr\u00e9sentations des minorit\u00e9s ethnoraciales dans l&#8217;audiovisuel fran\u00e7ais\"}]},{\"@type\":\"WebSite\",\"@id\":\"https:\\\/\\\/www.sfsic.org\\\/en\\\/#website\",\"url\":\"https:\\\/\\\/www.sfsic.org\\\/en\\\/\",\"name\":\"SFSIC\",\"description\":\"Soci\u00e9t\u00e9 Fran\u00e7aise des Sciences de l&#039;Information &amp; de la Communication\",\"publisher\":{\"@id\":\"https:\\\/\\\/www.sfsic.org\\\/en\\\/#organization\"},\"potentialAction\":[{\"@type\":\"SearchAction\",\"target\":{\"@type\":\"EntryPoint\",\"urlTemplate\":\"https:\\\/\\\/www.sfsic.org\\\/en\\\/?s={search_term_string}\"},\"query-input\":{\"@type\":\"PropertyValueSpecification\",\"valueRequired\":true,\"valueName\":\"search_term_string\"}}],\"inLanguage\":\"en-US\"},{\"@type\":\"Organization\",\"@id\":\"https:\\\/\\\/www.sfsic.org\\\/en\\\/#organization\",\"name\":\"SFSIC\",\"url\":\"https:\\\/\\\/www.sfsic.org\\\/en\\\/\",\"logo\":{\"@type\":\"ImageObject\",\"inLanguage\":\"en-US\",\"@id\":\"https:\\\/\\\/www.sfsic.org\\\/en\\\/#\\\/schema\\\/logo\\\/image\\\/\",\"url\":\"https:\\\/\\\/www.sfsic.org\\\/wp-inside\\\/uploads\\\/2020\\\/05\\\/logo-sfsic.jpg\",\"contentUrl\":\"https:\\\/\\\/www.sfsic.org\\\/wp-inside\\\/uploads\\\/2020\\\/05\\\/logo-sfsic.jpg\",\"width\":1085,\"height\":1080,\"caption\":\"SFSIC\"},\"image\":{\"@id\":\"https:\\\/\\\/www.sfsic.org\\\/en\\\/#\\\/schema\\\/logo\\\/image\\\/\"}},{\"@type\":\"Person\",\"@id\":\"https:\\\/\\\/www.sfsic.org\\\/en\\\/#\\\/schema\\\/person\\\/9f83573bda33f40c68c7c826e9567df6\",\"name\":\"Fabien Bonnet\",\"image\":{\"@type\":\"ImageObject\",\"inLanguage\":\"en-US\",\"@id\":\"https:\\\/\\\/secure.gravatar.com\\\/avatar\\\/88a9288fc13369cb9e30359afa340f8adace82098c18ff09415c6dacd710ddc4?s=96&d=mm&r=g\",\"url\":\"https:\\\/\\\/secure.gravatar.com\\\/avatar\\\/88a9288fc13369cb9e30359afa340f8adace82098c18ff09415c6dacd710ddc4?s=96&d=mm&r=g\",\"contentUrl\":\"https:\\\/\\\/secure.gravatar.com\\\/avatar\\\/88a9288fc13369cb9e30359afa340f8adace82098c18ff09415c6dacd710ddc4?s=96&d=mm&r=g\",\"caption\":\"Fabien Bonnet\"}}]}<\/script>\n<!-- \/ Yoast SEO plugin. -->","yoast_head_json":{"title":"Les repr\u00e9sentations des minorit\u00e9s ethnoraciales dans l'audiovisuel fran\u00e7ais","description":"Ces journ\u00e9es d'\u00e9tude portent sur l\u2019\u00e9volution des modes de repr\u00e9sentation de la diversit\u00e9 ethnoraciale fran\u00e7aise dans un paysage m\u00e9diatique refa\u00e7onn\u00e9 par la convergence num\u00e9rique. Chacune des communications s\u2019inscrit dans un des axes suivants\u00a0: la diversit\u00e9 au prisme des contextes socio-professionnels de production des contenus audiovisuels\u00a0; les productions d\u2019internautes librement accessibles sur les r\u00e9seaux sociaux\u00a0; les repr\u00e9sentations dans les contenus des grands m\u00e9dias\u00a0: des cha\u00eenes de t\u00e9l\u00e9vision aux plateformes de vid\u00e9os \u00e0 la demande, quels nouveaux visages prend la diversit\u00e9 ethnoraciale\u00a0? En articulant r\u00e9flexions universitaires et r\u00e9alit\u00e9s du terrain, ces rencontres ont d'abord pour ambition de dresser des constats de l'\u00e9volution de la repr\u00e9sentation des minorit\u00e9s ethnoraciales \u00e0 l'\u00e8re du num\u00e9rique.","robots":{"index":"index","follow":"follow","max-snippet":"max-snippet:-1","max-image-preview":"max-image-preview:large","max-video-preview":"max-video-preview:-1"},"canonical":"https:\/\/www.sfsic.org\/en\/evenement\/les-representations-des-minorites-ethnoraciales-dans-laudiovisuel-francais\/","og_locale":"en_US","og_type":"article","og_title":"Les repr\u00e9sentations des minorit\u00e9s ethnoraciales dans l'audiovisuel fran\u00e7ais","og_description":"Ces journ\u00e9es d'\u00e9tude portent sur l\u2019\u00e9volution des modes de repr\u00e9sentation de la diversit\u00e9 ethnoraciale fran\u00e7aise dans un paysage m\u00e9diatique refa\u00e7onn\u00e9 par la convergence num\u00e9rique. Chacune des communications s\u2019inscrit dans un des axes suivants\u00a0: la diversit\u00e9 au prisme des contextes socio-professionnels de production des contenus audiovisuels\u00a0; les productions d\u2019internautes librement accessibles sur les r\u00e9seaux sociaux\u00a0; les repr\u00e9sentations dans les contenus des grands m\u00e9dias\u00a0: des cha\u00eenes de t\u00e9l\u00e9vision aux plateformes de vid\u00e9os \u00e0 la demande, quels nouveaux visages prend la diversit\u00e9 ethnoraciale\u00a0? En articulant r\u00e9flexions universitaires et r\u00e9alit\u00e9s du terrain, ces rencontres ont d'abord pour ambition de dresser des constats de l'\u00e9volution de la repr\u00e9sentation des minorit\u00e9s ethnoraciales \u00e0 l'\u00e8re du num\u00e9rique.","og_url":"https:\/\/www.sfsic.org\/en\/evenement\/les-representations-des-minorites-ethnoraciales-dans-laudiovisuel-francais\/","og_site_name":"SFSIC","article_published_time":"2021-02-04T06:40:02+00:00","article_modified_time":"2021-02-08T14:05:30+00:00","author":"Fabien Bonnet","twitter_card":"summary_large_image","schema":{"@context":"https:\/\/schema.org","@graph":[{"@type":"Article","@id":"https:\/\/www.sfsic.org\/en\/evenement\/les-representations-des-minorites-ethnoraciales-dans-laudiovisuel-francais\/#article","isPartOf":{"@id":"https:\/\/www.sfsic.org\/en\/evenement\/les-representations-des-minorites-ethnoraciales-dans-laudiovisuel-francais\/"},"author":{"name":"Fabien Bonnet","@id":"https:\/\/www.sfsic.org\/en\/#\/schema\/person\/9f83573bda33f40c68c7c826e9567df6"},"headline":"Les repr\u00e9sentations des minorit\u00e9s ethnoraciales dans l&#8217;audiovisuel fran\u00e7ais","datePublished":"2021-02-04T06:40:02+00:00","dateModified":"2021-02-08T14:05:30+00:00","mainEntityOfPage":{"@id":"https:\/\/www.sfsic.org\/en\/evenement\/les-representations-des-minorites-ethnoraciales-dans-laudiovisuel-francais\/"},"wordCount":773,"publisher":{"@id":"https:\/\/www.sfsic.org\/en\/#organization"},"keywords":["M\u00e9dias","Minorit\u00e9s","Repr\u00e9sentation"],"articleSection":["\u00c9v\u00e9nements","Journ\u00e9e d\u2019\u00e9tude"],"inLanguage":"en-US"},{"@type":"WebPage","@id":"https:\/\/www.sfsic.org\/en\/evenement\/les-representations-des-minorites-ethnoraciales-dans-laudiovisuel-francais\/","url":"https:\/\/www.sfsic.org\/en\/evenement\/les-representations-des-minorites-ethnoraciales-dans-laudiovisuel-francais\/","name":"Les repr\u00e9sentations des minorit\u00e9s ethnoraciales dans l'audiovisuel fran\u00e7ais","isPartOf":{"@id":"https:\/\/www.sfsic.org\/en\/#website"},"datePublished":"2021-02-04T06:40:02+00:00","dateModified":"2021-02-08T14:05:30+00:00","description":"Ces journ\u00e9es d'\u00e9tude portent sur l\u2019\u00e9volution des modes de repr\u00e9sentation de la diversit\u00e9 ethnoraciale fran\u00e7aise dans un paysage m\u00e9diatique refa\u00e7onn\u00e9 par la convergence num\u00e9rique. Chacune des communications s\u2019inscrit dans un des axes suivants\u00a0: la diversit\u00e9 au prisme des contextes socio-professionnels de production des contenus audiovisuels\u00a0; les productions d\u2019internautes librement accessibles sur les r\u00e9seaux sociaux\u00a0; les repr\u00e9sentations dans les contenus des grands m\u00e9dias\u00a0: des cha\u00eenes de t\u00e9l\u00e9vision aux plateformes de vid\u00e9os \u00e0 la demande, quels nouveaux visages prend la diversit\u00e9 ethnoraciale\u00a0? En articulant r\u00e9flexions universitaires et r\u00e9alit\u00e9s du terrain, ces rencontres ont d'abord pour ambition de dresser des constats de l'\u00e9volution de la repr\u00e9sentation des minorit\u00e9s ethnoraciales \u00e0 l'\u00e8re du num\u00e9rique.","breadcrumb":{"@id":"https:\/\/www.sfsic.org\/en\/evenement\/les-representations-des-minorites-ethnoraciales-dans-laudiovisuel-francais\/#breadcrumb"},"inLanguage":"en-US","potentialAction":[{"@type":"ReadAction","target":["https:\/\/www.sfsic.org\/en\/evenement\/les-representations-des-minorites-ethnoraciales-dans-laudiovisuel-francais\/"]}]},{"@type":"BreadcrumbList","@id":"https:\/\/www.sfsic.org\/en\/evenement\/les-representations-des-minorites-ethnoraciales-dans-laudiovisuel-francais\/#breadcrumb","itemListElement":[{"@type":"ListItem","position":1,"name":"Accueil","item":"https:\/\/www.sfsic.org\/en\/"},{"@type":"ListItem","position":2,"name":"Events","item":"https:\/\/www.sfsic.org\/en\/events\/"},{"@type":"ListItem","position":3,"name":"Study Day","item":"https:\/\/www.sfsic.org\/en\/events\/study-day-2\/"},{"@type":"ListItem","position":4,"name":"Les repr\u00e9sentations des minorit\u00e9s ethnoraciales dans l&#8217;audiovisuel fran\u00e7ais"}]},{"@type":"WebSite","@id":"https:\/\/www.sfsic.org\/en\/#website","url":"https:\/\/www.sfsic.org\/en\/","name":"SFSIC","description":"Soci\u00e9t\u00e9 Fran\u00e7aise des Sciences de l&#039;Information &amp; de la Communication","publisher":{"@id":"https:\/\/www.sfsic.org\/en\/#organization"},"potentialAction":[{"@type":"SearchAction","target":{"@type":"EntryPoint","urlTemplate":"https:\/\/www.sfsic.org\/en\/?s={search_term_string}"},"query-input":{"@type":"PropertyValueSpecification","valueRequired":true,"valueName":"search_term_string"}}],"inLanguage":"en-US"},{"@type":"Organization","@id":"https:\/\/www.sfsic.org\/en\/#organization","name":"SFSIC","url":"https:\/\/www.sfsic.org\/en\/","logo":{"@type":"ImageObject","inLanguage":"en-US","@id":"https:\/\/www.sfsic.org\/en\/#\/schema\/logo\/image\/","url":"https:\/\/www.sfsic.org\/wp-inside\/uploads\/2020\/05\/logo-sfsic.jpg","contentUrl":"https:\/\/www.sfsic.org\/wp-inside\/uploads\/2020\/05\/logo-sfsic.jpg","width":1085,"height":1080,"caption":"SFSIC"},"image":{"@id":"https:\/\/www.sfsic.org\/en\/#\/schema\/logo\/image\/"}},{"@type":"Person","@id":"https:\/\/www.sfsic.org\/en\/#\/schema\/person\/9f83573bda33f40c68c7c826e9567df6","name":"Fabien Bonnet","image":{"@type":"ImageObject","inLanguage":"en-US","@id":"https:\/\/secure.gravatar.com\/avatar\/88a9288fc13369cb9e30359afa340f8adace82098c18ff09415c6dacd710ddc4?s=96&d=mm&r=g","url":"https:\/\/secure.gravatar.com\/avatar\/88a9288fc13369cb9e30359afa340f8adace82098c18ff09415c6dacd710ddc4?s=96&d=mm&r=g","contentUrl":"https:\/\/secure.gravatar.com\/avatar\/88a9288fc13369cb9e30359afa340f8adace82098c18ff09415c6dacd710ddc4?s=96&d=mm&r=g","caption":"Fabien Bonnet"}}]}},"_links":{"self":[{"href":"https:\/\/www.sfsic.org\/en\/wp-json\/wp\/v2\/posts\/15688","targetHints":{"allow":["GET"]}}],"collection":[{"href":"https:\/\/www.sfsic.org\/en\/wp-json\/wp\/v2\/posts"}],"about":[{"href":"https:\/\/www.sfsic.org\/en\/wp-json\/wp\/v2\/types\/post"}],"author":[{"embeddable":true,"href":"https:\/\/www.sfsic.org\/en\/wp-json\/wp\/v2\/users\/957"}],"replies":[{"embeddable":true,"href":"https:\/\/www.sfsic.org\/en\/wp-json\/wp\/v2\/comments?post=15688"}],"version-history":[{"count":3,"href":"https:\/\/www.sfsic.org\/en\/wp-json\/wp\/v2\/posts\/15688\/revisions"}],"predecessor-version":[{"id":15738,"href":"https:\/\/www.sfsic.org\/en\/wp-json\/wp\/v2\/posts\/15688\/revisions\/15738"}],"wp:attachment":[{"href":"https:\/\/www.sfsic.org\/en\/wp-json\/wp\/v2\/media?parent=15688"}],"wp:term":[{"taxonomy":"category","embeddable":true,"href":"https:\/\/www.sfsic.org\/en\/wp-json\/wp\/v2\/categories?post=15688"},{"taxonomy":"post_tag","embeddable":true,"href":"https:\/\/www.sfsic.org\/en\/wp-json\/wp\/v2\/tags?post=15688"},{"taxonomy":"thematique","embeddable":true,"href":"https:\/\/www.sfsic.org\/en\/wp-json\/wp\/v2\/thematique?post=15688"},{"taxonomy":"sfsic","embeddable":true,"href":"https:\/\/www.sfsic.org\/en\/wp-json\/wp\/v2\/sfsic?post=15688"}],"curies":[{"name":"wp","href":"https:\/\/api.w.org\/{rel}","templated":true}]}}