{"id":15505,"date":"2021-01-23T14:40:01","date_gmt":"2021-01-23T13:40:01","guid":{"rendered":"https:\/\/www.sfsic.org\/?p=15505"},"modified":"2021-12-02T10:47:09","modified_gmt":"2021-12-02T09:47:09","slug":"influenceurs-et-influenceuses-sante-les-recits-et-les-savoirs-du-corps-sur-les-reseaux-sociaux","status":"publish","type":"post","link":"https:\/\/www.sfsic.org\/en\/aac-publication\/influenceurs-et-influenceuses-sante-les-recits-et-les-savoirs-du-corps-sur-les-reseaux-sociaux\/","title":{"rendered":"Influenceurs et Influenceuses sant\u00e9"},"content":{"rendered":"<p><!-- fxzn:singledetail --><\/p>\n<div class=\"zone zn-singledetail\" id=\"fxzn-singledetail-1\">\n<div class=\"zone-block zn-singledetail-block alignwide va-top\">\n<div class=\"row\">\n<div class=\"columns large-8 large-push-4\">\n<div class=\"zn-singledetail-metabox\">\n<div class=\"zn-singledetail-pubdate pubdate\">\n\t\t\t\t\t<span class=\"pubdate-txt\">Mis en ligne le<\/span><span class=\"doubledot\"><\/span> 23 janvier 2021\t\t\t\t<\/div>\n<div class=\"zn-singledetail-thematiques with-sep-comma\">\n<ul class=\"termslist termslist-thematique\">\n<li class=\"termslist-item termslist-title\"><span class=\"termslist-titletxt\">Th\u00e9matiques<\/span><span class=\"doubledot\"><\/span><\/li>\n<li class=\"termslist-item tax-thematique term-mediation-des-savoirs-education-et-formation\"><a class=\"termslist-itemlink\" href=\"https:\/\/www.sfsic.org\/thematiques\/mediation-des-savoirs-education-et-formation\/\" title=\"M\u00e9diation des savoirs, \u00e9ducation et formation\"><span class=\"termslist-itemname\">M\u00e9diation des savoirs, \u00e9ducation et formation<\/span><\/a><\/li>\n<li class=\"termslist-item tax-thematique term-numerique-strategies-dispositifs-et-usages\"><a class=\"termslist-itemlink\" href=\"https:\/\/www.sfsic.org\/thematiques\/numerique-strategies-dispositifs-et-usages\/\" title=\"Num\u00e9rique : strat\u00e9gies, dispositifs et usages\"><span class=\"termslist-itemname\">Num\u00e9rique : strat\u00e9gies, dispositifs et usages<\/span><\/a><\/li>\n<\/ul><\/div>\n<\/p><\/div>\n<\/p><\/div>\n<\/p><\/div>\n<div class=\"row\">\n<div class=\"columns large-4\">\n<div class=\"zn-singledetail-sidebar bg-cornersquares\">\n<div class=\"zn-singledetail-infos\">\n<p class=\"zn-singledetail-reponse-date\">\n\t\t\t\t\t\t<span>R\u00e9ponse attendue pour le<\/span><span class=\"doubledot\"><\/span> <strong>15\/04\/2021<\/strong>\n\t\t\t\t\t<\/p>\n<p class=\"zn-singledetail-reponse-type\">\n\t\t\t\t\t<span>Type de r\u00e9ponse<\/span><span class=\"doubledot\"><\/span> <strong>R\u00e9sum\u00e9<\/strong>\n\t\t\t\t\t<\/p>\n<p class=\"zn-singledetail-type\">\n\t\t\t\t\t\t\t<span>Type de contribution attendue<\/span><span class=\"doubledot\"><\/span> <strong>Article<\/strong>\n\t\t\t\t\t<\/p>\n<p class=\"zn-singledetail-name\">\n\t\t\t\t\t\t\t<span>Nom de la publication<\/span><span class=\"doubledot\"><\/span> <strong>\u00c9tudes de communication<\/strong>\n\t\t\t\t\t<\/p>\n<\/p><\/div>\n<div class=\"zn-singledetail-coordinators\">\n<h3 class=\"zn-singledetail-section-title\">Coordinateurs<\/h3>\n<ul class=\"zn-singledetail-coordinators-list\">\n<li class=\"zn-singledetail-coordinators-item\">\n\t\t\t\t\t\t\t<span>Nataly<\/span> <span>Botero<\/span>, <span>CIMEOS, Universit\u00e9 de Bourgogne<\/span>\t\t\t\t\t\t\t\t\t\t\t\t\t\t, <a class=\"zn-singledetail-coordinators-mail prettylink\" href=\"mailto:nataly.botero@u-bourgogne.fr\">nataly.botero@u-bourgogne.fr<\/a>\n\t\t\t\t\t\t\t\t\t\t\t\t\t<\/li>\n<li class=\"zn-singledetail-coordinators-item\">\n\t\t\t\t\t\t\t<span>Myriam<\/span> <span>Hern\u00e1ndez<\/span>, <span>GERiiCO\/CEDITEC, Universit\u00e9 de Lille<\/span>\t\t\t\t\t\t\t\t\t\t\t\t\t\t, <a class=\"zn-singledetail-coordinators-mail prettylink\" href=\"mailto:myriam-paz.hernandez-orellana@univ-lille.fr\">myriam-paz.hernandez-orellana@univ-lille.fr<\/a>\n\t\t\t\t\t\t\t\t\t\t\t\t\t<\/li>\n<li class=\"zn-singledetail-coordinators-item\">\n\t\t\t\t\t\t\t<span>Paola<\/span> <span>Sedda<\/span>, <span>CIMEOS, Universit\u00e9 de Bourgogne<\/span>\t\t\t\t\t\t\t\t\t\t\t\t\t\t, <a class=\"zn-singledetail-coordinators-mail prettylink\" href=\"mailto:paola.sedda@u-bourgogne.fr\">paola.sedda@u-bourgogne.fr<\/a>\n\t\t\t\t\t\t\t\t\t\t\t\t\t<\/li>\n<\/ul><\/div>\n<div class=\"zn-singledetail-weblinks\">\n<h3 class=\"zn-singledetail-section-title\">Sites internet de r\u00e9f\u00e9rence<\/h3>\n<ul class=\"zn-singledetail-weblinks-list\">\n<li>\n\t\t\t\t\t\t\t<a class=\"prettylink chainlink\" href=\"https:\/\/journals.openedition.org\/edc\/index.html\" title=\"Site de la revue\" target=\"_blank\" rel=\"noopener\">Site de la revue<\/a>\n\t\t\t\t\t\t<\/li>\n<\/ul><\/div>\n<\/p><\/div>\n<\/p><\/div>\n<div class=\"columns large-8\">\n<div class=\"zn-singledetail-contentbox\">\n<div class=\"zn-singledetail-annonce wig-content\">\n<p><em>[Versi\u00f3n en espa\u00f1ol abajo \u2013 English version below]<\/em><\/p>\n<p>&nbsp;<\/p>\n<h2><strong>\u00ab&#160;<\/strong><strong>\u00a0Influenceurs et Influenceuses sant<\/strong><strong>\u00e9<\/strong><strong>&#160;: les r<\/strong><strong>\u00e9<\/strong><strong>cits et les savoirs du corps sur les r<\/strong><strong>\u00e9<\/strong><strong>seaux sociaux\u00a0<\/strong><strong>&#160;\u00bb<\/strong><\/h2>\n<p>Dans une p\u00e9riode de prolif\u00e9ration de contenus num\u00e9riques portant sur la sant\u00e9, le bien-\u00eatre et le<em>lifestyle<\/em>, ce num\u00e9ro d\u2019<em>\u00c9tudes de communication\u00a0<\/em>explorera les pratiques info-communicationnelles d\u2019exposition de soi en ligne (Denou\u00ebl &amp; Granjon, 2010) mettant en avant une sp\u00e9cificit\u00e9 physique ou un positionnement dans le domaine scientifique et m\u00e9dical li\u00e9 \u00e0 des pathologies ou \u00e0 des controverses sanitaires. Ni\u00e9 et mis \u00e0 distance par les processus de virtualisation, le corps retrouve une place centrale pr\u00e9cis\u00e9ment \u00e0 partir de ses reproductions \u00ab&#160;m\u00e9di\u00e9es&#160;\u00bb (Dufr\u00eane, 2002) par les dispositifs num\u00e9riques o\u00f9 s\u2019inscrivent les \u00ab&#160;techniques de soi&#160;\u00bb (Foucault, 2001\/2012). Les r\u00e9cits autour de la diversit\u00e9 corporelle, aliment\u00e9s \u00e0 la fois par la mise en sc\u00e8ne de soi sur les r\u00e9seaux sociaux et ses reprises m\u00e9diatiques, peuvent \u00e9galement \u00eatre impuls\u00e9s par un al\u00e9a de la vie, un d\u00e9sir de retourner le rapport de genre, de transformer, de\u00a0<em>resignifier<\/em>\u00a0ou de rendre son corps performant (\u00e0 travers une activit\u00e9 physique ou th\u00e9rapeutique). Qu\u2019elles soient stigmatisantes (Goffman, 1963\/2015) ou valorisantes, ces sp\u00e9cificit\u00e9s font l\u2019objet de nouvelles strat\u00e9gies de mise en visibilit\u00e9 (Voirol, 2005) et de construction communautaire.<\/p>\n<p>Par leur pr\u00e9sence et leur production symbolique en ligne, des acteurs pluriels, patients, professionnels, usagers des r\u00e9seaux sociaux, peuvent s\u2019engager dans la publication d\u2019images, de connaissances et de croyances autour du corps susceptibles de sensibiliser et influencer des vastes communaut\u00e9s d\u2019internautes. Ces pratiques d\u2019influence impliquent une modification des processus cognitifs, \u00e9motionnels et comportementaux d\u2019autres individus ou groupes (Mucchi Faina, 1996). D\u00e8s les ann\u00e9es 1940, les recherches de Paul Lazarsfeld ont d\u00e9montr\u00e9 que si les effets des m\u00e9dias s\u2019av\u00e9raient faibles, les figures de leaders d\u2019opinion faisaient preuve d\u2019une forte capacit\u00e9 \u00e0 orienter les avis et les comportements de leur entourage (Katz &amp; Lazarsfeld, 2008).<\/p>\n<p>Actuellement, les espaces publics num\u00e9riques constituent les nouvelles ar\u00e8nes de d\u00e9ploiement d\u2019une forme d\u2019influence qui repose sur la construction dialogique de l\u2019identit\u00e9 en ligne et la ma\u00eetrise du regard d\u2019autrui. En \u00e9largissant les modes de mise en visibilit\u00e9 du v\u00e9cu du corps et des connaissances acquises, ce mouvement peut \u00e9galement s\u2019inscrire dans une logique de d\u00e9nonciation des normes sociales impliquant une lutte pour la reconnaissance des identit\u00e9s m\u00e9pris\u00e9es (Fraser, 2005\/2011&#160;; Honneth, 2008). Toutefois, mesur\u00e9es \u00e0 partir de m\u00e9triques algorithmiques de performance, les dynamiques de la reconnaissance en ligne peuvent aboutir \u00e0 des cons\u00e9quences paradoxales. Les pratiques de pr\u00e9sentation de soi passent en effet souvent par une d\u00e9marche d\u2019individualisation (Le Bart, 2008) pr\u00e9tendant se d\u00e9tacher des structures collectives de la reconnaissance sociale et impliquant l\u2019adh\u00e9sion \u00e0 une pens\u00e9e lib\u00e9rale. Ainsi, la c\u00e9l\u00e9bration du\u00a0<em>je<\/em>\u00a0comme \u00e9tant un \u00eatre modulable et optimisable encourage une logique de marchandisation de soi et de son r\u00e9cit biographique (Illouz, 2006).<\/p>\n<p>L\u2019influence exerc\u00e9e par ces nouveaux acteurs est \u00e9galement d\u00e9termin\u00e9e par les effets d\u2019amplification et de m\u00e9diatisation de leurs profils dans d\u2019autres espaces num\u00e9riques. Les plateformes agissent ainsi comme une caisse de r\u00e9sonance sortant ces contenus de leur niche et les pr\u00e9sentant au grand public, \u00e0 travers des ph\u00e9nom\u00e8nes de reprise, de dialogisme et de distorsion. Si leur cadrage se caract\u00e9rise souvent par un traitement valorisant la lutte pour la visibilit\u00e9, il peut rapidement migrer vers une vision m\u00e9taphorique de la maladie (Sontag, 2009) et une instrumentalisation de ces r\u00e9cits, en d\u00e9ployant un registre sensationnaliste. En produisant une continuit\u00e9 visuelle et symbolique, les \u00e9diteurs et les profils d\u2019influenceurs et influenceuses co\u00e9crivent un discours qui livre aux communaut\u00e9s en ligne un id\u00e9al dans lequel se projeter.<\/p>\n<p>Des observations pr\u00e9liminaires sur ces pratiques indiquent que le genre (Bereni et\u00a0<em>al.<\/em>, 2008) est un axe fort dans l\u2019\u00e9laboration des r\u00e9cits. Les premiers travaux en sciences de l\u2019information et de la communication portant sur le genre ont montr\u00e9 comment les magazines f\u00e9minins et la publicit\u00e9 ont v\u00e9hicul\u00e9 des repr\u00e9sentations de la femme de fa\u00e7on \u00e0 promouvoir des pratiques de consommation et plus largement, un id\u00e9al de la femme (Dardigna, 1978), tout en pr\u00e9servant la logique de la domination masculine (Bourdieu, 1998). Ainsi, l\u2019exposition du corps mise en \u0153uvre par les influenceurs et influenceuses peut \u00eatre r\u00e9v\u00e9latrice de la tension entre la volont\u00e9 de publiciser une maladie et\/ou un corps diff\u00e9rent tout en essayant de se conformer \u00e0 un type de beaut\u00e9 normalis\u00e9. Par ailleurs, cette exposition peut \u00e9galement s\u2019articuler avec les travaux qui interrogent les techniques de beaut\u00e9 (Ghigi, 2016), ceux portant sur le processus d\u2019<em>empowerment\u00a0<\/em>des femmes dans sa dimension politique, \u00e9mancipatrice (Bacqu\u00e9 &amp; Biewener, 2013) et d\u2019autoformation sur la maladie (Danjou, 2019).<\/p>\n<p>D\u00e9j\u00e0 fortement exploit\u00e9e dans le domaine du marketing, la figure d\u2019\u00ab&#160;influenceur\/influenceuse&#160;\u00bb reste pourtant faiblement probl\u00e9matis\u00e9e dans les SIC. Cette discipline s\u2019est pourtant int\u00e9ress\u00e9e aux dispositifs socio-techniques comme les blogs et les forums de sant\u00e9 (Akrich &amp; M\u00e9adel, 2009&#160;; Lamy, 2017), \u00e0 la m\u00e9diatisation des r\u00e9cits des malades (Lafon &amp; Pailliart, 2007) et \u00e0 la construction des savoirs exp\u00e9rientiels (Simon\u00a0<em>et al.<\/em>, 2019). L\u2019originalit\u00e9 de ce dossier se trouve alors dans l&rsquo;articulation entre des pratiques individualis\u00e9es (dont le profil num\u00e9rique en est le corollaire) et des strat\u00e9gies de mise \u00e0 profit des communaut\u00e9s dans le domaine de la sant\u00e9. Comprenant \u00e0 la fois des acteurs professionnels et des trajectoires de professionnalisation, la cat\u00e9gorie d\u2019\u00ab&#160;influenceur\/influenceuse sant\u00e9&#160;\u00bb constitue un objet en tension que le pr\u00e9sent dossier essaie de construire et de questionner.<\/p>\n<p>Les propositions pourront s\u2019inscrire dans les quatre axes suivants&#160;:<\/p>\n<ol>\n<li><strong>Politiques d\u2019exposition de la diff\u00e9rence corporelle\u00a0<\/strong>&#160;: tensions entre la dimension politique de l\u2019exposition du corps et les logiques marchandes.<\/li>\n<li><strong>Reprise m\u00e9diatique et circulation des discours num\u00e9riques&#160;:\u00a0<\/strong>reprise et reformulation de la parole des internautes par des m\u00e9dias et des plateformes d\u2019\u00e9dition de contenu.<\/li>\n<li><strong>Genre et influence num\u00e9rique\u00a0<\/strong>&#160;: renforcement ou questionnement des rapports de genre, repr\u00e9sentations de l&rsquo;<em>empowerment<\/em>des patients et patientes.<\/li>\n<li><strong>L\u2019influence en ligne des professionnels de sant\u00e9<\/strong>&#160;: d\u00e9ploiement des r\u00e9seaux d\u2019influence par les praticiens de sant\u00e9 participant \u00e0 la construction de controverses et de contre-discours en ligne.<\/li>\n<\/ol>\n<h3><strong>Comit\u00e9 de lecture\u00a0<\/strong><\/h3>\n<p>Lorena Antezana (Universit\u00e9 du Chili, Chili)<\/p>\n<p>Isabelle Bazet (CERTOP, Universit\u00e9 de Toulouse 2)<\/p>\n<p>Alexandre Coutant (Universit\u00e9 de Qu\u00e9bec, Canada)<\/p>\n<p>Jean-Philippe De Oliveira (GRESEC, Universit\u00e9 Grenoble Alpes)<\/p>\n<p>Olivier Galibert (CIMEOS, Universit\u00e9 de Bourgogne)<\/p>\n<p>Thomas Heller (GERIICO, Universit\u00e9 de Lille)<\/p>\n<p>Virginie Julliard (CELSA, Universit\u00e9 Panth\u00e9on-Sorbonne)<\/p>\n<p>Pina Lalli (Universit\u00e9 de Bologne, Italie)<\/p>\n<p>Aur\u00e9lia Lamy (GERIICO, Universit\u00e9 de Lille)<\/p>\n<p>Aur\u00e9lie Olivesi (ELICO, Universit\u00e9 Lyon 1)<\/p>\n<p>Caroline Ollivier-Yaniv (CEDITEC, Universit\u00e9 Paris-Est Cr\u00e9teil)<\/p>\n<p>Philippe Ricaud (CIMEOS, Universit\u00e9 de Bourgogne<\/p>\n<p>Sandrine Roginsky (Universit\u00e9 Catholique de Louvain, Belgique)<\/p>\n<h3><strong>S\u00e9lection des propositions<\/strong><\/h3>\n<p>La s\u00e9lection des propositions de contribution se fait en deux temps&#160;:<\/p>\n<ul>\n<li>sur la base d\u2019un r\u00e9sum\u00e9 de 1\u00a0500 \u00e0 2\u00a0000\u00a0<em>mots<\/em>qui pr\u00e9sentera les objectifs, l\u2019argumentation et l\u2019originalit\u00e9 de la proposition ainsi que quelques orientations bibliographiques,<\/li>\n<li>pour les r\u00e9sum\u00e9s retenus, une seconde \u00e9valuation sera r\u00e9alis\u00e9e sur la base des articles d\u00e9finitifs.<\/li>\n<\/ul>\n<p>Les instructions aux auteurs, \u00e0 respecter scrupuleusement, sont disponibles sur le site de la revue&#160;: <a href=\"https:\/\/journals.openedition.org\/edc668\">https:\/\/journals.openedition.org\/edc\/668<\/a>.<\/p>\n<p>L\u2019\u00e9valuation sera assur\u00e9e de mani\u00e8re anonyme par au moins deux lecteurs du comit\u00e9.<\/p>\n<p>L\u2019envoi des r\u00e9sum\u00e9s au format Word (.docx) ou OpenDocument (.odt) se fait\u00a0<strong>au plus tard le\u00a031 mars 2021<\/strong>\u00a0<strong>(prolong\u00e9 au 15 avril)<\/strong> aux trois adresses suivantes&#160;:<\/p>\n<ul>\n<li><a href=\"mailto:nataly.botero@u-bourgogne.fr\">botero@u-bourgogne.fr<\/a><\/li>\n<li><a href=\"mailto:myriam-paz.hernandez-orellana@univ-lille.fr\">myriam-paz.hernandez-orellana@univ-lille.fr<\/a><\/li>\n<li><a href=\"mailto:paola.sedda@u-bourgogne.fr\">sedda@u-bourgogne.fr<\/a><\/li>\n<\/ul>\n<p>Les propositions d\u2019articles et les articles d\u00e9finitifs d\u2019une longueur de 35\u00a0000 \u00e0 40\u00a0000 signes (espaces, notes de bas de page et bibliographie compris) peuvent \u00eatre soumis en fran\u00e7ais, en portugais ou en anglais. Les articles d\u00e9finitifs sont publi\u00e9s en fran\u00e7ais pour la version papier du num\u00e9ro de la revue, et en anglais, et fran\u00e7ais pour la version \u00e9lectronique. Aucun engagement de publication ne peut \u00eatre pris avant la lecture du texte complet.<\/p>\n<h3><strong>Calendrier<\/strong><\/h3>\n<p>31 mars 2021 (prolong\u00e9 au 15 avril)&#160;: soumission des r\u00e9sum\u00e9s pour \u00e9valuation<\/p>\n<p>30 avril 2021&#160;: notification de l\u2019acceptation ou du refus<\/p>\n<p>6 septembre 2021&#160;: remise de la version compl\u00e8te des articles<\/p>\n<p>6 d\u00e9cembre 2021&#160;: r\u00e9ception des versions d\u00e9finitives des articles<\/p>\n<p>Juin 2022&#160;: publication du dossier dans le num\u00e9ro 58 d\u2019<em>\u00c9tudes de Communication<\/em><\/p>\n<h3><strong>Appel \u00e0 articles pour la rubrique\u00a0<em>Varias<\/em><\/strong><\/h3>\n<p><em>\u00c9tudes de communication<\/em>\u00a0lance un appel \u00e0 articles permanent pour sa rubrique\u00a0<em>Varias<\/em>.<br \/>\nToutes les propositions dans les diff\u00e9rents domaines de la recherche en SIC sont les bienvenues. Les consignes de r\u00e9daction sont disponibles sur le site de la revue&#160;: <u><a href=\"https:\/\/journals.openedition.org\/edc\/668\">https:\/\/journals.openedition.org\/edc\/668<\/a><\/u>.<\/p>\n<h3><strong>Bibliographie indicative<\/strong><\/h3>\n<p>Akrich, M. et M\u00e9adel, C. (2009). Les \u00e9changes entre patients sur internet.\u00a0<em>La Presse m\u00e9dicale, 38<\/em>(10), 1484-1493.\u00a0<a href=\"https:\/\/doi.org\/10.1016\/j.lpm.2009.05.013\">https:\/\/doi.org\/10.1016\/j.lpm.2009.05.013<\/a><\/p>\n<p>Bacqu\u00e9, M-H. et Biewener C. (2013).\u00a0<em>L\u2019empowerment, une pratique \u00e9mancipatrice.<\/em>\u00a0La D\u00e9couverte.<\/p>\n<p>Bereni, L., Chauvin, S., Jaunait, A. et Revillard, A. (2008).\u00a0<em>Introduction aux Gender Studies. Manuel des \u00e9tudes sur le genre.\u00a0<\/em>De Boeck.<\/p>\n<p>Bourdieu, P. (1998).\u00a0<em>La domination masculine.<\/em>\u00a0Seuil.<\/p>\n<p>Danjou, S. (2019). Autoformation et empowerment des femmes ayant un lupus.\u00a0<em>Sp\u00e9cificit\u00e9s, 14<\/em>(3), 27-40.\u00a0<a href=\"https:\/\/doi.org\/10.3917\/spec.014.0027\">https:\/\/doi.org\/10.3917\/spec.014.0027<\/a><\/p>\n<p>Dardigna, A-M. (1978).\u00a0<em>La presse \u00ab&#160;f\u00e9minine&#160;\u00bb. Fonction id\u00e9ologique.<\/em>\u00a0Maspero.<\/p>\n<p>Denou\u00ebl, J. et Granjon, F. (2010). Exposition de soi et reconnaissance de singularit\u00e9s subjectives sur les sites de r\u00e9seaux sociaux.\u00a0<em>Sociologie, 1<\/em>(1)<em>,\u00a0<\/em>25-43.\u00a0<a href=\"https:\/\/doi.org\/10.3917\/socio.001.0025\">https:\/\/doi.org\/10.3917\/socio.001.0025<\/a><\/p>\n<p>Dufr\u00eane, B. (2002). La place du corps dans les sciences de l&rsquo;information et de la communication.<em>Les Enjeux de l&rsquo;information et de la communication, 3<\/em>(1), 39-47.\u00a0<a href=\"https:\/\/lesenjeux.univ-grenoble-alpes.fr\/2002\/varia\/05-la-place-du-corps-dans-les-sciences-de-linformation-et-de-la-communication\">https:\/\/lesenjeux.univ-grenoble-alpes.fr\/2002\/varia\/05-la-place-du-corps-dans-les-sciences-de-linformation-et-de-la-communication<\/a><\/p>\n<p>Foucault M. (2012). Les techniques de soi. In\u00a0<em>Dits et \u00e9crits II<\/em>\u00a0(p.\u00a01602-1632)<em>.<\/em>\u00a0Gallimard. (Premi\u00e8re \u00e9dition 2001).<\/p>\n<p>Fraser, N. (2011).\u00a0<em>Qu&rsquo;est-ce que la justice sociale&#160;? Reconnaissance et redistribution.<\/em>\u00a0La D\u00e9couverte. (Premi\u00e8re \u00e9dition 2005)<\/p>\n<p>Ghigi, R. (2016), Beaut\u00e9. In<em>\u00a0<\/em>Rennes, J.,\u00a0<em>Encyclop\u00e9die critique du\u00a0<\/em>genre (p.\u00a077-86). La D\u00e9couverte.<\/p>\n<p>Goffman, E. (2015).\u00a0<em>Stigmate. Les usages sociaux des handicaps.<\/em>\u00a0Minuit. (Premi\u00e8re \u00e9dition 1963)<\/p>\n<p>Honneth, A. (2008).\u00a0<em>La lutte pour la reconnaissance.\u00a0<\/em>Cerf.<\/p>\n<p>Illouz, E. (2006).\u00a0<em>Les sentiments du capitalisme.<\/em>\u00a0Seuil.<\/p>\n<p>Katz, E. et Lazarsfeld, P.F. (2008).\u00a0<em>Influence personnelle. Ce que les gens font des m\u00e9dias.<\/em>Armand Colin, Ina.<\/p>\n<p>Lafon, B. et Pailliart, I. (\u00c9d.) (2007). Malades et maladies dans l\u2019espace public.\u00a0<em>Questions de communications, 11<\/em>, 7-15.\u00a0<a href=\"https:\/\/doi.org\/10.4000\/questionsdecommunication.7319\">https:\/\/doi.org\/10.4000\/questionsdecommunication.7319<\/a><\/p>\n<p>Lamy, A. (2017). Mise en cause de l\u2019autorit\u00e9 m\u00e9dicale et l\u00e9gitimation du discours d\u2019exp\u00e9rience sur les forums de discussion en ligne.\u00a0<em>Quaderni<\/em>,<em>\u00a093<\/em>(2), 43-52.<a href=\"https:\/\/doi.org\/10.4000\/quaderni.1074\">https:\/\/doi.org\/10.4000\/quaderni.1074<\/a><\/p>\n<p>Le Bart, C. (2008).\u00a0<em>L\u2019individualisation.<\/em>\u00a0Presses des Sciences Po.<\/p>\n<p>Mucchi Faina, A. (1996).\u00a0<em>L\u2019influenza sociale.<\/em>\u00a0Il Mulino.<\/p>\n<p>Simon, E., Arborio, S., Halloy A. et Hejoaka, F. (2019), Les savoirs exp\u00e9rientiels en sant\u00e9. Fondements \u00e9pist\u00e9mologiques et enjeux identitaires.\u00a0<em>Questions de communication, s\u00e9rie actes, 40<\/em>.<\/p>\n<p>Sontag, S. (2009).\u00a0<em>La maladie comme m\u00e9taphore.<\/em>\u00a0Christian Bourgeois. (Premi\u00e8re \u00e9dition 1977)<\/p>\n<p>Voirol, O. (2005). Les luttes pour la visibilit\u00e9. Esquisse d\u2019une probl\u00e9matique.\u00a0<em>R\u00e9seaux, 129-130<\/em>(1-2), 89-121.<\/p>\n<p>&nbsp;<\/p>\n<h2><strong>\u00ab&#160;<\/strong><strong>\u00a0Influenciadores e influenciadoras en salud&#160;: Relatos y saberes del cuerpo en redes sociales\u00a0<\/strong><strong>&#160;\u00bb<\/strong><\/h2>\n<p>En un per\u00edodo de proliferaci\u00f3n de contenidos digitales sobre la salud, el bienestar y el\u00a0<em>lifestyle<\/em>, este n\u00famero de\u00a0<em>Etudes de communication\u00a0<\/em>explorar\u00e1 las pr\u00e1cticas infocomunicacionales de la exposici\u00f3n de s\u00ed en l\u00ednea (Danou\u00ebl &amp; Granjon, 2010) de personas que ponen en evidencia una particularidad f\u00edsica o un posicionamiento cient\u00edfico y m\u00e9dico vinculados a patolog\u00edas o a controversias sanitarias. El cuerpo ha sido negado y puesto a distancia por los procesos de virtualizaci\u00f3n, sin embargo, encuentra un lugar central a partir de dichas producciones \u201cmediadas\u201d (Dufr\u00eane, 2002) por los dispositivos digitales donde se insccrivent las \u201ct\u00e9cnicas de s\u00ed\u201d (Foucault, 2001\/2012). Los relatos sobre la diversidad corporal, doblemente alimentados por la puesta en escena de s\u00ed en redes sociales y por su tratamiento medi\u00e1tico, pueden ser impulsados por contingencias de la vida, por el deseo de invertir las relaciones de g\u00e9nero, de transformar, resignificar y hacer que el cuerpo logre un rendimiento id\u00f3neo (a trav\u00e9s de la actividad f\u00edsica o terap\u00e9utica). Que estas particularidades sean estigmatisantes (Goffman, 1963\/2015) o valorizantes, ellas son el centro de nuevas estrategias de visibilidad (Voirol, 2005) y de construcci\u00f3n de comunidades digitales.<\/p>\n<p>Gracias a su presencia y su producci\u00f3n simb\u00f3lica en l\u00ednea, diversos actores como pacientes, profesionales y usuarios de redes sociales pueden tomar parte en la publicaci\u00f3n de im\u00e1genes, de conocimientos y de creencias sobre el cuerpo pudiendo, al mismo tiempo, sensibilizar e influenciar grandes comunidades de internautas. Estas pr\u00e1cticas de influencia implican una modificaci\u00f3n de procesos cognitivos, emocionales y comportamentales a nivel personal o grupal (Mucchi Faina, 1996). Desde los a\u00f1os 40, las investigaciones de Paul Lazarsfeld demostraron que, si bien los efectos directos de los medios de comunicaci\u00f3n pod\u00edan ser d\u00e9biles, las figuras de l\u00edderes de opini\u00f3n ten\u00edan la capacidad de orientar los gustos y los comportamientos de las personas de su entorno (Katz &amp; Lazarsfeld, 2008).<\/p>\n<p>Actualmente, los espacios p\u00fablicos digitales constituyen las nuevas arenas de despliegue de una forma de influencia que se apoya sobre la construcci\u00f3n dial\u00f3gica de la identidad en l\u00ednea y sobre el manejo de la opini\u00f3n de los dem\u00e1s. Ampliando los modos de puesta en visibilidad de las vivencias del cuerpo y de los conocimientos sobre \u00e9l adquiridos, esta din\u00e1mica puede igualmente inscribirse en una l\u00f3gica de denunciaci\u00f3n de normas sociales implicando la lucha por el reconocimiento de identidades despreciadas (Fraser, 2005\/2011&#160;; Honneth, 2008). Sin embargo, medidas a partir de m\u00e9tricas algor\u00edtmicas de eficacia y de rentabilidad, las din\u00e1micas del reconocimiento en l\u00ednea pueden desembocar en consecuencias parad\u00f3jicas. La presentaci\u00f3n de s\u00ed se impregna a menudo de l\u00f3gicas de individualizaci\u00f3n (Le Bart, 2008) que pretenden desprenderse de estructuras colectivas de reconocimiento social y que implican la adhesi\u00f3n a un pensamiento liberal. De este modo, la celebraci\u00f3n del\u00a0<em>yo\u00a0<\/em>como una entidad modulable y optimizable, fomenta la mercantilizaci\u00f3n de s\u00ed y de su relato biogr\u00e1fico (Illouz, 2006).<\/p>\n<p>La influencia que ejercen estos nuevos actores esta igualmente determinada por los efectos de amplificaci\u00f3n y de mediatizaci\u00f3n de sus perfiles en otros espacios digitales. Las plataformas en l\u00ednea funcionan como cajas de resonancia que sacan estos contenidos de su nicho para presentarlos a p\u00fablicos m\u00e1s amplios, gracias a operaciones de recuperaci\u00f3n, de dialogismo y de distorsi\u00f3n. Si a menudo el encuadre se caracteriza por un tratamiento que valoriza la lucha por la visibilidad, \u00e9ste puede r\u00e1pidamente cambiar hacia una visi\u00f3n metaf\u00f3rica de la enfermedad (Sontag, 2009) y una instrumentalizaci\u00f3n de tales relatos a trav\u00e9s un registro sensacionalista. Al producir una continuidad visual y simb\u00f3lica, los editores de contenido y los perfiles de influenciadores e influenciadoras coescriben un discurso que ofrece un ideal en el cual las comunidades digitales pueden proyectarse.<\/p>\n<p>Observaciones preliminares sobre estas pr\u00e1cticas indican que el g\u00e9nero (Bereni et\u00a0<em>al.<\/em>, 2008) constituye un eje importante en la elaboraci\u00f3n de dichos relatos. Las primeras investigaciones sobre g\u00e9nero en ciencias de la informaci\u00f3n y de la comunicaci\u00f3n demostraron que las revistas femeninas y la publicidad fueron vectores de representaciones de la mujer que promov\u00edan el consumo y, m\u00e1s ampliamente, un ideal de mujer (Dardigna, 1978) que preservaba la l\u00f3gica de dominaci\u00f3n masculina (Bourdieu, 1998). As\u00ed, la exposici\u00f3n del cuerpo efectuada por influenciadores e influenciadoras puede ser reveladora de la tensi\u00f3n entre la voluntad de hacer p\u00fablica una enfermedad y\/o un cuerpo diferente mientras se intenta conformarse a un tipo normalizado de belleza. Asimismo, esta exposici\u00f3n puede articularse a las reflexiones que interrogan les t\u00e9cnicas de belleza (Ghigi, 2016) y los procesos de empoderamiento de las mujeres, en sus dimensiones pol\u00edticas y emancipadoras (Bacqu\u00e9 &amp; Biewener, 2013), as\u00ed como en su dimensi\u00f3n de autoformaci\u00f3n frente a la enfermedad (Danjou, 2019)<\/p>\n<p>Fuertemente trabajada y explotada por el marketing, la figura de \u201cinfluenciador e influenciadora\u201d han sido poco problematizadas por las ciencias de la comunicaci\u00f3n. No obstante, esta disciplina ha trabajado sobre dispositivos socio-t\u00e9cnicos como los blogs y los foros sobre salud (Akrich &amp; M\u00e9adel, 2009&#160;; Lamy 2017), sobre la mediatizaci\u00f3n de los relatos de pacientes (Lafon &amp; Pailliart, 2007) y sobre la construcci\u00f3n de saberes experienciales (Simon &amp; Arborio, 2019). La originalidad de este dossier se encuentra en la articulaci\u00f3n de pr\u00e1cticas individualizadas (siendo su corolario el perfil en redes sociales) y de estrategias de aprovechamiento de comunidades digitales en materia de salud. Abarcando al mismo tiempo actores profesionales y trayectorias de profesionalizaci\u00f3n, la categor\u00eda \u201cinfluenciador e influenciadora en salud\u201d constituye un objeto en tensi\u00f3n que este numero de revista desea construir e interrogar.<\/p>\n<p>Las proposiciones podr\u00e1n inscribirse en los siguientes cuatro ejes&#160;:<\/p>\n<ol>\n<li><strong>Pol\u00edticas de exposici\u00f3n de la diferencia corporal<\/strong>&#160;: tensiones entre la dimensi\u00f3n pol\u00edtica de la exposici\u00f3n del cuerpo y las l\u00f3gicas del mercado.<\/li>\n<li><strong>Cobertura m\u00e9diatica y circulaci\u00f3n de discursos digitales<\/strong>&#160;: tratamiento y reformulaci\u00f3n del discurso de internautas por los medios de comunicaci\u00f3n y las plataformas de edici\u00f3n de contenido.<\/li>\n<li><strong>G\u00e9nero e influencia digital&#160;:<\/strong>reforzamiento o cuestionamiento de las relaciones de g\u00e9nero, las representaciones del empoderamiento de las y los pacientes.<\/li>\n<li><strong>Influencia en l\u00ednea de los profesionales de la salud<\/strong>&#160;: despliegue de redes de influencia por parte de los profesionales de la salud que participan a la construcci\u00f3n de controversias y de contra-discursos en l\u00ednea.<\/li>\n<\/ol>\n<h3><strong>Comit\u00e9 de lectura (en preparaci\u00f3n)<\/strong><\/h3>\n<p>Lorena Antezana (Universit\u00e9 du Chili, Chili)<\/p>\n<p>Isabelle Bazet (CERTOP, Universit\u00e9 de Toulouse 2)<\/p>\n<p>Alexandre Coutant (Universit\u00e9 de Qu\u00e9bec, Canada)<\/p>\n<p>Jean-Philippe De Oliveira (GRESEC, Universit\u00e9 Grenoble Alpes)<\/p>\n<p>Olivier Galibert (CIMEOS, Universit\u00e9 de Bourgogne)<\/p>\n<p>Thomas Heller (GERIICO, Universit\u00e9 de Lille)<\/p>\n<p>Virginie Julliard (CELSA, Universit\u00e9 Panth\u00e9on-Sorbonne)<\/p>\n<p>Pina Lalli (Universit\u00e9 de Bologne, Italie)<\/p>\n<p>Aur\u00e9lia Lamy (GERIICO, Universit\u00e9 de Lille)<\/p>\n<p>Aur\u00e9lie Olivesi (ELICO, Universit\u00e9 Lyon 1)<\/p>\n<p>Caroline Ollivier-Yaniv (CEDITEC, Universit\u00e9 Paris-Est Cr\u00e9teil)<\/p>\n<p>Philippe Ricaud (CIMEOS, Universit\u00e9 de Bourgogne<\/p>\n<p>Sandrine Roginsky (Universit\u00e9 Catholique de Louvain, Belgique) (a confirmar)<\/p>\n<h3><strong>Selecci\u00f3n de propuestas<\/strong><\/h3>\n<p>La selecci\u00f3n de propuestas de art\u00edculos se realiza en dos tiempos&#160;:<\/p>\n<ul>\n<li>Sobre la base de un resumen de 1500 a 2000 palabras donde se presentar\u00e1n los objetivos, la argumentaci\u00f3n y la originalidad de la propuesta asi como algunas orientaciones bibliogr\u00e1ficas.<\/li>\n<li>Luego, los res\u00famenes retenidos ser\u00e1n sometidos a una segunda evaluaci\u00f3n, esta vez a partir del art\u00edculo definitivo presentado.<\/li>\n<\/ul>\n<p>Las instrucciones a los autores se encuentran disponibles en el sitio de la revista (en franc\u00e9s)&#160;: <u><a href=\"https:\/\/journals.openedition.org\/edc\/668\">https:\/\/journals.openedition.org\/edc\/668<\/a><\/u><\/p>\n<p>La evaluaci\u00f3n ser\u00e1 realizada de manera an\u00f3nima por al menos dos miembros del comit\u00e9 de lectura.<\/p>\n<p>El env\u00edo de los res\u00famenes deber\u00e1 realizarse\u00a0<strong>a m\u00e1s tardar para el 31 de marzo de 2021<\/strong>, en formato word (.doc) u OpenDocument (.odt) y debe enviarse a los tres mails siguientes&#160;:<\/p>\n<ul>\n<li><a href=\"mailto:nataly.botero@iut-dijon.u-bourgogne.fr\">botero@iut-dijon.u-bourgogne.fr<\/a><\/li>\n<li><a href=\"mailto:myriam-paz.hernandez-orellana@univ-lille.fr\">myriam-paz.hernandez-orellana@univ-lille.fr<\/a><\/li>\n<li><a href=\"mailto:paola.sedda@u-bourgogne.fr\">sedda@u-bourgogne.fr<\/a><\/li>\n<\/ul>\n<p>Las proposiciones de art\u00edculos y los art\u00edculos definitivos de un m\u00e1ximo de 35.000 a 40.000 caracteres (esto incluye&#160;: espacios, notas al pie de p\u00e1gina y bibliograf\u00eda), pueden ser presentados en franc\u00e9s o en ingl\u00e9s. Ning\u00fan compromiso de publicaci\u00f3n se realizar\u00e1 sin haber le\u00eddo previamente el texto completo.<\/p>\n<h3><strong>Calendario<\/strong><\/h3>\n<ul>\n<li>31 de marzo 2021&#160;: env\u00edo de res\u00famenes<\/li>\n<li>30 de abril 2021&#160;: anuncio de aceptaci\u00f3n o de rechazo<\/li>\n<li>6 de septiembre 2021&#160;: env\u00edo de los art\u00edculos completos<\/li>\n<li>6 de diciembre 2021&#160;: recepci\u00f3n de los art\u00edculos (versi\u00f3n definitiva)<\/li>\n<li>Junio 2022&#160;: publicaci\u00f3n del monogr\u00e1fico en n\u00famero 58 de\u00a0<em>\u00c9tudes de Communication<\/em><\/li>\n<\/ul>\n<h3><strong>Llamado a art\u00edculos para la r\u00fabrica Varias<\/strong><\/h3>\n<p><em>\u00c9tudes de communication<\/em>\u00a0hace un llamado a art\u00edculos permanente para su r\u00fabrica\u00a0<em>Varias<\/em>. Todas las proposiciones dentro de las diferentes \u00e1reas de investigaci\u00f3n en SIC son bienvenidas. Las instrucciones para la redacci\u00f3n est\u00e1n disponibles en el sitio de la revista&#160;: <a href=\"https:\/\/journals.openedition.org\/edc\/668\">https:\/\/journals.openedition.org\/edc\/668<\/a><\/p>\n<h3><strong>Bibliograf\u00eda indicativa<\/strong><\/h3>\n<p>Akrich, M. et M\u00e9adel, C. (2009). Les \u00e9changes entre patients sur internet.\u00a0<em>La Presse m\u00e9dicale, 38<\/em>(10), 1484-1493.\u00a0<a href=\"https:\/\/doi.org\/10.1016\/j.lpm.2009.05.013\">https:\/\/doi.org\/10.1016\/j.lpm.2009.05.013<\/a><\/p>\n<p>Bacqu\u00e9, M-H. et Biewener C. (2013).\u00a0<em>L\u2019empowerment, une pratique \u00e9mancipatrice.<\/em>\u00a0La D\u00e9couverte.<\/p>\n<p>Bereni, L., Chauvin, S., Jaunait, A. et Revillard, A. (2008).\u00a0<em>Introduction aux Gender Studies. Manuel des \u00e9tudes sur le genre.\u00a0<\/em>De Boeck.<\/p>\n<p>Bourdieu, P. (1998).\u00a0<em>La domination masculine.<\/em>\u00a0Seuil.<\/p>\n<p>Danjou, S. (2019). Autoformation et empowerment des femmes ayant un lupus.\u00a0<em>Sp\u00e9cificit\u00e9s, 14<\/em>(3), 27-40.\u00a0<a href=\"https:\/\/doi.org\/10.3917\/spec.014.0027\">https:\/\/doi.org\/10.3917\/spec.014.0027<\/a><\/p>\n<p>Dardigna, A-M. (1978).\u00a0<em>La presse \u00ab&#160;f\u00e9minine&#160;\u00bb. Fonction id\u00e9ologique.<\/em>\u00a0Maspero.<\/p>\n<p>Denou\u00ebl, J. et Granjon, F. (2010). Exposition de soi et reconnaissance de singularit\u00e9s subjectives sur les sites de r\u00e9seaux sociaux.\u00a0<em>Sociologie, 1<\/em>(1)<em>,\u00a0<\/em>25-43.\u00a0<a href=\"https:\/\/doi.org\/10.3917\/socio.001.0025\">https:\/\/doi.org\/10.3917\/socio.001.0025<\/a><\/p>\n<p>Dufr\u00eane, B. (2002). La place du corps dans les sciences de l&rsquo;information et de la communication.<em>Les Enjeux de l&rsquo;information et de la communication, 3<\/em>(1), 39-47.\u00a0<a href=\"https:\/\/lesenjeux.univ-grenoble-alpes.fr\/2002\/varia\/05-la-place-du-corps-dans-les-sciences-de-linformation-et-de-la-communication\">https:\/\/lesenjeux.univ-grenoble-alpes.fr\/2002\/varia\/05-la-place-du-corps-dans-les-sciences-de-linformation-et-de-la-communication<\/a><\/p>\n<p>Foucault M. (2012). Les techniques de soi. In\u00a0<em>Dits et \u00e9crits II<\/em>\u00a0(p.\u00a01602-1632)<em>.<\/em>\u00a0Gallimard. (Premi\u00e8re \u00e9dition 2001).<\/p>\n<p>Fraser, N. (2011).\u00a0<em>Qu&rsquo;est-ce que la justice sociale&#160;? Reconnaissance et redistribution.<\/em>\u00a0La D\u00e9couverte. (Premi\u00e8re \u00e9dition 2005)<\/p>\n<p>Ghigi, R. (2016), Beaut\u00e9. In<em>\u00a0<\/em>Rennes, J.,\u00a0<em>Encyclop\u00e9die critique du\u00a0<\/em>genre (p.\u00a077-86). La D\u00e9couverte.<\/p>\n<p>Goffman, E. (2015).\u00a0<em>Stigmate. Les usages sociaux des handicaps.<\/em>\u00a0Minuit. (Premi\u00e8re \u00e9dition 1963)<\/p>\n<p>Honneth, A. (2008).\u00a0<em>La lutte pour la reconnaissance.\u00a0<\/em>Cerf.<\/p>\n<p>Illouz, E. (2006).\u00a0<em>Les sentiments du capitalisme.<\/em>\u00a0Seuil.<\/p>\n<p>Katz, E. et Lazarsfeld, P.F. (2008).\u00a0<em>Influence personnelle. Ce que les gens font des m\u00e9dias.<\/em>Armand Colin, Ina.<\/p>\n<p>Lafon, B. et Pailliart, I. (\u00c9d.) (2007). Malades et maladies dans l\u2019espace public.\u00a0<em>Questions de communications, 11<\/em>, 7-15.\u00a0<a href=\"https:\/\/doi.org\/10.4000\/questionsdecommunication.7319\">https:\/\/doi.org\/10.4000\/questionsdecommunication.7319<\/a><\/p>\n<p>Lamy, A. (2017). Mise en cause de l\u2019autorit\u00e9 m\u00e9dicale et l\u00e9gitimation du discours d\u2019exp\u00e9rience sur les forums de discussion en ligne.\u00a0<em>Quaderni<\/em>,<em>\u00a093<\/em>(2), 43-52.<a href=\"https:\/\/doi.org\/10.4000\/quaderni.1074\">https:\/\/doi.org\/10.4000\/quaderni.1074<\/a><\/p>\n<p>Le Bart, C. (2008).\u00a0<em>L\u2019individualisation.<\/em>\u00a0Presses des Sciences Po.<\/p>\n<p>Mucchi Faina, A. (1996).\u00a0<em>L\u2019influenza sociale.<\/em>\u00a0Il Mulino.<\/p>\n<p>Simon, E., Arborio, S., Halloy A. et Hejoaka, F. (2019), Les savoirs exp\u00e9rientiels en sant\u00e9. Fondements \u00e9pist\u00e9mologiques et enjeux identitaires.\u00a0<em>Questions de communication, s\u00e9rie actes, 40<\/em>.<\/p>\n<p>Sontag, S. (2009).\u00a0<em>La maladie comme m\u00e9taphore.<\/em>\u00a0Christian Bourgeois. (Premi\u00e8re \u00e9dition 1977)<\/p>\n<p>Voirol, O. (2005). Les luttes pour la visibilit\u00e9. Esquisse d\u2019une probl\u00e9matique.\u00a0<em>R\u00e9seaux, 129-130<\/em>(1-2), 89-121.<\/p>\n<p>&nbsp;<\/p>\n<h2><strong>\u00ab&#160;Health influencers&#160;: Narrative and body knowledge on social networks&#160;\u00bb<\/strong><\/h2>\n<p>In a period of proliferation of digital content on health, well-being and lifestyle, this issue of<em>\u00c9tudes de Communication<\/em>\u00a0will explore the info-communication practices of online self-exposure (Denou\u00ebl &amp; Granjon, 2010) highlighting a physical specificity or a positioning in the scientific and medical field related to pathologies or health controversies. Denied and distanced by the processes of virtualisation, the body regains a central place precisely from its reproductions \u00ab&#160;mediated&#160;\u00bb (Dufr\u00eane, 2002) by digital devices in which the \u201ctechniques of the self\u201d are transposed (Foucault, 2001\/2012). The digital narrative around bodily diversity, fed both by the staging of oneself on social networks and by its media coverage, can also be driven by a life event, a desire to turn gender relations upside down, to transform, resignify or make one&rsquo;s body perform (through physical or therapeutic activity). Whether they are stigmatising (Goffman, 1963\/2015) or valorising, these specificities are the subject of new strategies of visibility (Voirol, 2005) and community construction.<\/p>\n<p>Through their presence and symbolic production online, diverse actors, patients, professionals, users of social networks, can engage in the publication of images, knowledge and beliefs around the body likely to raise awareness and influence vast communities of Internet users. These influencing practices involve modifying the cognitive, emotional and behavioural processes of other individuals or groups (Mucchi Faina, 1996). As early as the 1940s, Paul Lazarsfeld&rsquo;s research showed that although the effects of the media were weak, opinion leaders showed a strong capacity to influence the opinions and behaviour of those around them (Katz &amp; Lazarsfeld, 2008).<\/p>\n<p>At present, digital public spaces are the new arenas for the deployment of a form of influence that relies on the dialogical construction of online identity and the control of the gaze of others. By broadening the ways in which the experience of the body and acquired knowledge are made visible, this movement can also be part of a logic of denunciation of social norms involving a struggle for the recognition of despised identities (Fraser, 2005\/2011&#160;; Honneth, 2008). However, measured using algorithmic performance metrics, the dynamics of online recognition can lead to paradoxical consequences. Indeed, self-presentation practices often involve an individualisation process (Le Bart, 2008) that claims to be detached from the collective structures of social recognition and implies adherence to a liberal way of thinking. Thus, the celebration of the &lsquo;I&rsquo; as a being that can be modulated and optimised encourages a logic of commodification of the self and its biographical narrative (Illouz, 2006).<\/p>\n<p>The influence exerted by these new actors is also determined by the amplification and mediatisation effects of their profiles in other digital spaces. The platforms thus act as a sounding board taking this content out of its niche and presenting it to the general public through the phenomena of adaptation, dialogue and distortion. If their framing is often characterised by a treatment that enhances the struggle for visibility, it can quickly migrate towards a metaphorical vision of the pathology (Sontag, 2009) and an instrumentalization of these narratives, by deploying a sensationalist register. By producing a visual and symbolic continuity, publishers and profiles of influencers co-write a discourse that provides online communities with an ideal onto which to project themselves.<\/p>\n<p>Preliminary observations of these practices indicate that gender (Bereni &amp; al., 2008) is strongly connected to the development of narratives. Early work in information and communication science on gender showed how women&rsquo;s magazines and advertising conveyed representations of women in ways that promoted consumer practices and, more broadly, an ideal of women (Dardigna, 1978), while preserving the logic of masculine domination (Bourdieu, 1998). Thus, the exposure of the body implemented by male and female influencers may reveal the tension between the desire to publicise a different disease and\/or body while trying to conform to a normalised type of beauty). Furthermore, this exposure can also be articulated with studies which question beauty techniques (Ghigi, 2016) and those on the process of women&rsquo;s empowerment in its political, emancipatory (Bacqu\u00e9 &amp; Biewener, 2013) and self-training dimension (Danjou, 2019).<\/p>\n<p>The figure of the \u00ab&#160;influencer \u00ab&#160;, which is already highly exploited in the marketing field, is nevertheless still weakly problematised in information and communication sciences. This discipline has nevertheless taken an interest in socio-technical devices such as blogs and health forums (Akrich &amp; M\u00e9adel, 2009&#160;; Lamy, 2017), the mediatisation of patients&rsquo; stories (Lafon &amp; Pailliart, 2007) and the construction of experiential knowledge (Simon &amp; Arborio, 2019). The originality of this issue lies in the articulation between individualised practices (of which the digital profile is the corollary) and strategies for making the most of communities in the field of health. Comprising both professional players and professionalisation trajectories, the category of \u00ab&#160;health influencer &#160;\u00bb is an intriguing topic which will be analyzed closely in this issue.<\/p>\n<p>Proposals can be submitted in the following four areas&#160;:<\/p>\n<ol>\n<li><strong>Politics of exposure of bodily difference<\/strong>&#160;: tensions between the political dimension of the exposure of the body and market logics.<\/li>\n<li><strong>Media resumption and circulation of digital discourse<\/strong>&#160;: resumption and reformulation of the voice of Internet users by media and content editing platforms.<\/li>\n<li><strong>Gender and digital influence<\/strong>&#160;: reinforcement or questioning of gender relations, representations of patient empowerment.<\/li>\n<li><strong>Online influence of health professionals<\/strong>&#160;: deployment of networks of influence by health practitioners involved in the construction of online controversies and counter-discourse.<\/li>\n<\/ol>\n<h3><strong>Scientific Committee (to be completed)<\/strong><\/h3>\n<p>Lorena Antezana, (University of Chili)<\/p>\n<p>Isabelle Bazet (CERTOP, University of Toulouse)<\/p>\n<p>Alexandre Coutant (University of Qu\u00e9bec, Canada)<\/p>\n<p>Jean-Philippe De Oliveira, (GRESEC, University of Grenoble Alpes)<\/p>\n<p>Olivier Galibert (CIMEOS, University of Burgundy)<\/p>\n<p>Thomas Heller (GERiiCO, University of Lille)<\/p>\n<p>Virginie Julliard (CELSA, University of Panth\u00e9on-Sorbonne)<\/p>\n<p>Pina Lalli (University of Bologna, Italy)<\/p>\n<p>Aur\u00e9lia Lamy (GERiiCO, University of Lille)<\/p>\n<p>Aur\u00e9lie Olivesi (ELICO, University of Lyon 1)<\/p>\n<p>Caroline Ollivier-Yaniv (CEDITEC, University of Paris-Est)<\/p>\n<p>Philippe Ricaud (CIMEOS, University of Burgundy)<\/p>\n<p>Sandrine Roginsky (Catholic University of Louvain, Belgium) (to be confirmed)<\/p>\n<h3><strong>Review Process<\/strong><\/h3>\n<p>All submissions will go through at two-part review process&#160;:<\/p>\n<ul>\n<li>submission of a 1500\u20132000-word abstract which should include a presentation of objectives and principle arguments, explain the originality of the paper and provide key bibliographical references&#160;;<\/li>\n<li>for selected abstracts, a second evaluation will be carried on completed articles.<\/li>\n<\/ul>\n<p>Instructions to authors are available on the journal&rsquo;s website&#160;: <a href=\"https:\/\/journals.openedition.org\/edc\/668\">https:\/\/journals.openedition.org\/edc\/668<\/a><\/p>\n<p>Proposals will be peer-reviewed according to a double-blind reviewing process.<br \/>\nAbstracts should be sent by\u00a0<strong>31 March 2021<\/strong>\u00a0in Word (.docx) or OpenDocument (.odt) format to the following three email addresses&#160;:<\/p>\n<ul>\n<li><a href=\"mailto:nataly.botero@iut-dijon.u-bourgogne.fr\">botero@iut-dijon.u-bourgogne.fr<\/a><\/li>\n<li><a href=\"mailto:myriam-paz.hernandez-orellana@univ-lille.fr\">myriam-paz.hernandez-orellana@univ-lille.fr<\/a>&#160;;<\/li>\n<li><a href=\"mailto:paola.sedda@u-bourgogne.fr\">sedda@u-bourgogne.fr<\/a><\/li>\n<\/ul>\n<p>Paper proposals and final papers (35,000 characters including spaces, footnotes and bibliography) may be submitted in English and in French. No commitment to publication can be made until the full text has been read.<\/p>\n<h3><strong>Important dates&#160;:<\/strong><\/h3>\n<ul>\n<li>March 31, 2021&#160;: Abstract submission deadline<\/li>\n<li>April 30, 2021&#160;: Notification of acceptance\/ refusal<\/li>\n<li>September 6, 2021&#160;: Preliminary version of article due<\/li>\n<li>December 6, 2021&#160;: Final version of accepted article due<\/li>\n<li>June 2022&#160;: Publication date of issue 58 of\u00a0<em>\u00c9tudes de communication<\/em>(paper and digital)<\/li>\n<\/ul>\n<h3><strong>Inidcative Bibliography<\/strong><\/h3>\n<p>Akrich, M. et M\u00e9adel, C. (2009). Les \u00e9changes entre patients sur internet.\u00a0<em>La Presse m\u00e9dicale, 38<\/em>(10), 1484-1493.\u00a0<a href=\"https:\/\/doi.org\/10.1016\/j.lpm.2009.05.013\">https:\/\/doi.org\/10.1016\/j.lpm.2009.05.013<\/a><\/p>\n<p>Bacqu\u00e9, M-H. et Biewener C. (2013).\u00a0<em>L\u2019empowerment, une pratique \u00e9mancipatrice.<\/em>\u00a0La D\u00e9couverte.<\/p>\n<p>Bereni, L., Chauvin, S., Jaunait, A. et Revillard, A. (2008).\u00a0<em>Introduction aux Gender Studies. Manuel des \u00e9tudes sur le genre.\u00a0<\/em>De Boeck.<\/p>\n<p>Bourdieu, P. (1998).\u00a0<em>La domination masculine.<\/em>\u00a0Seuil.<\/p>\n<p>Danjou, S. (2019). Autoformation et empowerment des femmes ayant un lupus.\u00a0<em>Sp\u00e9cificit\u00e9s, 14<\/em>(3), 27-40.\u00a0<a href=\"https:\/\/doi.org\/10.3917\/spec.014.0027\">https:\/\/doi.org\/10.3917\/spec.014.0027<\/a><\/p>\n<p>Dardigna, A-M. (1978).\u00a0<em>La presse \u00ab&#160;f\u00e9minine&#160;\u00bb. Fonction id\u00e9ologique.<\/em>\u00a0Maspero.<\/p>\n<p>Denou\u00ebl, J. et Granjon, F. (2010). Exposition de soi et reconnaissance de singularit\u00e9s subjectives sur les sites de r\u00e9seaux sociaux.\u00a0<em>Sociologie, 1<\/em>(1)<em>,\u00a0<\/em>25-43.\u00a0<a href=\"https:\/\/doi.org\/10.3917\/socio.001.0025\">https:\/\/doi.org\/10.3917\/socio.001.0025<\/a><\/p>\n<p>Dufr\u00eane, B. (2002). La place du corps dans les sciences de l&rsquo;information et de la communication.<em>Les Enjeux de l&rsquo;information et de la communication, 3<\/em>(1), 39-47.\u00a0<a href=\"https:\/\/lesenjeux.univ-grenoble-alpes.fr\/2002\/varia\/05-la-place-du-corps-dans-les-sciences-de-linformation-et-de-la-communication\">https:\/\/lesenjeux.univ-grenoble-alpes.fr\/2002\/varia\/05-la-place-du-corps-dans-les-sciences-de-linformation-et-de-la-communication<\/a><\/p>\n<p>Foucault M. (2012). Les techniques de soi. In\u00a0<em>Dits et \u00e9crits II<\/em>\u00a0(p.\u00a01602-1632)<em>.<\/em>\u00a0Gallimard. (Premi\u00e8re \u00e9dition 2001).<\/p>\n<p>Fraser, N. (2011).\u00a0<em>Qu&rsquo;est-ce que la justice sociale&#160;? Reconnaissance et redistribution.<\/em>\u00a0La D\u00e9couverte. (Premi\u00e8re \u00e9dition 2005)<\/p>\n<p>Ghigi, R. (2016), Beaut\u00e9. In<em>\u00a0<\/em>Rennes, J.,\u00a0<em>Encyclop\u00e9die critique du\u00a0<\/em>genre (p.\u00a077-86). La D\u00e9couverte.<\/p>\n<p>Goffman, E. (2015).\u00a0<em>Stigmate. Les usages sociaux des handicaps.<\/em>\u00a0Minuit. (Premi\u00e8re \u00e9dition 1963)<\/p>\n<p>Honneth, A. (2008).\u00a0<em>La lutte pour la reconnaissance.\u00a0<\/em>Cerf.<\/p>\n<p>Illouz, E. (2006).\u00a0<em>Les sentiments du capitalisme.<\/em>\u00a0Seuil.<\/p>\n<p>Katz, E. et Lazarsfeld, P.F. (2008).\u00a0<em>Influence personnelle. Ce que les gens font des m\u00e9dias.<\/em>Armand Colin, Ina.<\/p>\n<p>Lafon, B. et Pailliart, I. (\u00c9d.) (2007). Malades et maladies dans l\u2019espace public.\u00a0<em>Questions de communications, 11<\/em>, 7-15.\u00a0<a href=\"https:\/\/doi.org\/10.4000\/questionsdecommunication.7319\">https:\/\/doi.org\/10.4000\/questionsdecommunication.7319<\/a><\/p>\n<p>Lamy, A. (2017). Mise en cause de l\u2019autorit\u00e9 m\u00e9dicale et l\u00e9gitimation du discours d\u2019exp\u00e9rience sur les forums de discussion en ligne.\u00a0<em>Quaderni<\/em>,<em>\u00a093<\/em>(2), 43-52. <a href=\"https:\/\/doi.org\/10.4000\/quaderni.1074\">https:\/\/doi.org\/10.4000\/quaderni.1074<\/a><\/p>\n<p>Le Bart, C. (2008).\u00a0<em>L\u2019individualisation.<\/em>\u00a0Presses des Sciences Po.<\/p>\n<p>Mucchi Faina, A. (1996).\u00a0<em>L\u2019influenza sociale.<\/em>\u00a0Il Mulino.<\/p>\n<p>Simon, E., Arborio, S., Halloy A. et Hejoaka, F. (2019), Les savoirs exp\u00e9rientiels en sant\u00e9. Fondements \u00e9pist\u00e9mologiques et enjeux identitaires.\u00a0<em>Questions de communication, s\u00e9rie actes, 40<\/em>.<\/p>\n<p>Sontag, S. (2009).\u00a0<em>La maladie comme m\u00e9taphore.<\/em>\u00a0Christian Bourgeois. (Premi\u00e8re \u00e9dition 1977)<\/p>\n<p>Voirol, O. (2005). Les luttes pour la visibilit\u00e9. Esquisse d\u2019une probl\u00e9matique.\u00a0<em>R\u00e9seaux, 129-130<\/em>(1-2), 89-121.<\/p>\n<p>&nbsp;<\/p>\n<\/p><\/div>\n<div class=\"zn-singledetail-keywords\">\n<h3 class=\"zn-singledetail-section-title\">Mots-cl\u00e9s<\/h3>\n<ul class=\"termslist termslist-post_tag\">\n<li class=\"termslist-item termslist-title\"><span class=\"termslist-titletxt\">Mots-cl\u00e9s<\/span><span class=\"doubledot\"><\/span><\/li>\n<li class=\"termslist-item tax-post_tag term-corps\"><a class=\"termslist-itemlink\" href=\"https:\/\/www.sfsic.org\/tag\/corps\/\" title=\"Corps\"><span class=\"termslist-itemname\">Corps<\/span><\/a><\/li>\n<li class=\"termslist-item tax-post_tag term-recits\"><a class=\"termslist-itemlink\" href=\"https:\/\/www.sfsic.org\/tag\/recits\/\" title=\"R\u00e9cits\"><span class=\"termslist-itemname\">R\u00e9cits<\/span><\/a><\/li>\n<li class=\"termslist-item tax-post_tag term-reseaux-sociaux-numeriques\"><a class=\"termslist-itemlink\" href=\"https:\/\/www.sfsic.org\/tag\/reseaux-sociaux-numeriques\/\" title=\"R\u00e9seaux sociaux num\u00e9riques\"><span class=\"termslist-itemname\">R\u00e9seaux sociaux num\u00e9riques<\/span><\/a><\/li>\n<li class=\"termslist-item tax-post_tag term-sante\"><a class=\"termslist-itemlink\" href=\"https:\/\/www.sfsic.org\/tag\/sante\/\" title=\"Sant\u00e9\"><span class=\"termslist-itemname\">Sant\u00e9<\/span><\/a><\/li>\n<li class=\"termslist-item tax-post_tag term-savoirs\"><a class=\"termslist-itemlink\" href=\"https:\/\/www.sfsic.org\/tag\/savoirs\/\" title=\"Savoirs\"><span class=\"termslist-itemname\">Savoirs<\/span><\/a><\/li>\n<\/ul><\/div>\n<\/p><\/div>\n<\/p><\/div>\n<\/p><\/div>\n<\/p><\/div>\n<\/div>\n<p><!-- \/fxzn:singledetail --><\/p>\n","protected":false},"excerpt":{"rendered":"<p>Mis en ligne le 23 janvier 2021 Th\u00e9matiques M\u00e9diation des savoirs, \u00e9ducation et formation Num\u00e9rique : strat\u00e9gies, dispositifs et usages R\u00e9ponse attendue pour le 15\/04\/2021 Type de r\u00e9ponse R\u00e9sum\u00e9 Type [&hellip;]<\/p>\n","protected":false},"author":957,"featured_media":0,"comment_status":"closed","ping_status":"closed","sticky":false,"template":"","format":"standard","meta":{"_acf_changed":false,"footnotes":""},"categories":[28,60],"tags":[373,397,82,98,313],"thematique":[43,39],"sfsic":[],"class_list":["post-15505","post","type-post","status-publish","format-standard","hentry","category-aac-publication","category-article","tag-corps","tag-recits","tag-reseaux-sociaux-numeriques","tag-sante","tag-savoirs","thematique-mediation-des-savoirs-education-et-formation","thematique-numerique-strategies-dispositifs-et-usages","wp-sticky"],"acf":[],"yoast_head":"<!-- This site is optimized with the Yoast SEO plugin v27.4 - https:\/\/yoast.com\/product\/yoast-seo-wordpress\/ -->\n<title>Influenceurs et Influenceuses sant\u00e9<\/title>\n<meta name=\"description\" content=\"La revue\u00a0\u00c9tudes de communication diffuse un appel \u00e0 contribution pour son num\u00e9ro 58, coordonn\u00e9 par Nataly Botero (CIMEOS, Universit\u00e9 de Bourgogne), Myriam Hern\u00e1ndez (GERiiCO\/CEDITEC, Universit\u00e9 de Lille) et Paola Sedda (CIMEOS, Universit\u00e9 de Bourgogne). Il portera sur\u00a0\u00ab\u00a0Influenceurs et Influenceuses sant\u00e9\u00a0: les r\u00e9cits et les savoirs du corps sur les r\u00e9seaux sociaux\u00a0\u00bb.\" \/>\n<meta name=\"robots\" content=\"index, follow, max-snippet:-1, max-image-preview:large, max-video-preview:-1\" \/>\n<link rel=\"canonical\" href=\"https:\/\/www.sfsic.org\/en\/aac-publication\/influenceurs-et-influenceuses-sante-les-recits-et-les-savoirs-du-corps-sur-les-reseaux-sociaux\/\" \/>\n<meta property=\"og:locale\" content=\"en_US\" \/>\n<meta property=\"og:type\" content=\"article\" \/>\n<meta property=\"og:title\" content=\"Influenceurs et Influenceuses sant\u00e9\" \/>\n<meta property=\"og:description\" content=\"La revue\u00a0\u00c9tudes de communication diffuse un appel \u00e0 contribution pour son num\u00e9ro 58, coordonn\u00e9 par Nataly Botero (CIMEOS, Universit\u00e9 de Bourgogne), Myriam Hern\u00e1ndez (GERiiCO\/CEDITEC, Universit\u00e9 de Lille) et Paola Sedda (CIMEOS, Universit\u00e9 de Bourgogne). Il portera sur\u00a0\u00ab\u00a0Influenceurs et Influenceuses sant\u00e9\u00a0: les r\u00e9cits et les savoirs du corps sur les r\u00e9seaux sociaux\u00a0\u00bb.\" \/>\n<meta property=\"og:url\" content=\"https:\/\/www.sfsic.org\/en\/aac-publication\/influenceurs-et-influenceuses-sante-les-recits-et-les-savoirs-du-corps-sur-les-reseaux-sociaux\/\" \/>\n<meta property=\"og:site_name\" content=\"SFSIC\" \/>\n<meta property=\"article:published_time\" content=\"2021-01-23T13:40:01+00:00\" \/>\n<meta property=\"article:modified_time\" content=\"2021-12-02T09:47:09+00:00\" \/>\n<meta name=\"author\" content=\"Fabien Bonnet\" \/>\n<meta name=\"twitter:card\" content=\"summary_large_image\" \/>\n<script type=\"application\/ld+json\" class=\"yoast-schema-graph\">{\"@context\":\"https:\\\/\\\/schema.org\",\"@graph\":[{\"@type\":\"Article\",\"@id\":\"https:\\\/\\\/www.sfsic.org\\\/en\\\/aac-publication\\\/influenceurs-et-influenceuses-sante-les-recits-et-les-savoirs-du-corps-sur-les-reseaux-sociaux\\\/#article\",\"isPartOf\":{\"@id\":\"https:\\\/\\\/www.sfsic.org\\\/en\\\/aac-publication\\\/influenceurs-et-influenceuses-sante-les-recits-et-les-savoirs-du-corps-sur-les-reseaux-sociaux\\\/\"},\"author\":{\"name\":\"Fabien Bonnet\",\"@id\":\"https:\\\/\\\/www.sfsic.org\\\/en\\\/#\\\/schema\\\/person\\\/9f83573bda33f40c68c7c826e9567df6\"},\"headline\":\"Influenceurs et Influenceuses sant\u00e9\",\"datePublished\":\"2021-01-23T13:40:01+00:00\",\"dateModified\":\"2021-12-02T09:47:09+00:00\",\"mainEntityOfPage\":{\"@id\":\"https:\\\/\\\/www.sfsic.org\\\/en\\\/aac-publication\\\/influenceurs-et-influenceuses-sante-les-recits-et-les-savoirs-du-corps-sur-les-reseaux-sociaux\\\/\"},\"wordCount\":5389,\"publisher\":{\"@id\":\"https:\\\/\\\/www.sfsic.org\\\/en\\\/#organization\"},\"keywords\":[\"Corps\",\"R\u00e9cits\",\"R\u00e9seaux sociaux num\u00e9riques\",\"Sant\u00e9\",\"Savoirs\"],\"articleSection\":[\"AAC Publications\",\"Article\"],\"inLanguage\":\"en-US\"},{\"@type\":\"WebPage\",\"@id\":\"https:\\\/\\\/www.sfsic.org\\\/en\\\/aac-publication\\\/influenceurs-et-influenceuses-sante-les-recits-et-les-savoirs-du-corps-sur-les-reseaux-sociaux\\\/\",\"url\":\"https:\\\/\\\/www.sfsic.org\\\/en\\\/aac-publication\\\/influenceurs-et-influenceuses-sante-les-recits-et-les-savoirs-du-corps-sur-les-reseaux-sociaux\\\/\",\"name\":\"Influenceurs et Influenceuses sant\u00e9\",\"isPartOf\":{\"@id\":\"https:\\\/\\\/www.sfsic.org\\\/en\\\/#website\"},\"datePublished\":\"2021-01-23T13:40:01+00:00\",\"dateModified\":\"2021-12-02T09:47:09+00:00\",\"description\":\"La revue\u00a0\u00c9tudes de communication diffuse un appel \u00e0 contribution pour son num\u00e9ro 58, coordonn\u00e9 par Nataly Botero (CIMEOS, Universit\u00e9 de Bourgogne), Myriam Hern\u00e1ndez (GERiiCO\\\/CEDITEC, Universit\u00e9 de Lille) et Paola Sedda (CIMEOS, Universit\u00e9 de Bourgogne). Il portera sur\u00a0\u00ab\u00a0Influenceurs et Influenceuses sant\u00e9\u00a0: les r\u00e9cits et les savoirs du corps sur les r\u00e9seaux sociaux\u00a0\u00bb.\",\"breadcrumb\":{\"@id\":\"https:\\\/\\\/www.sfsic.org\\\/en\\\/aac-publication\\\/influenceurs-et-influenceuses-sante-les-recits-et-les-savoirs-du-corps-sur-les-reseaux-sociaux\\\/#breadcrumb\"},\"inLanguage\":\"en-US\",\"potentialAction\":[{\"@type\":\"ReadAction\",\"target\":[\"https:\\\/\\\/www.sfsic.org\\\/en\\\/aac-publication\\\/influenceurs-et-influenceuses-sante-les-recits-et-les-savoirs-du-corps-sur-les-reseaux-sociaux\\\/\"]}]},{\"@type\":\"BreadcrumbList\",\"@id\":\"https:\\\/\\\/www.sfsic.org\\\/en\\\/aac-publication\\\/influenceurs-et-influenceuses-sante-les-recits-et-les-savoirs-du-corps-sur-les-reseaux-sociaux\\\/#breadcrumb\",\"itemListElement\":[{\"@type\":\"ListItem\",\"position\":1,\"name\":\"Accueil\",\"item\":\"https:\\\/\\\/www.sfsic.org\\\/en\\\/\"},{\"@type\":\"ListItem\",\"position\":2,\"name\":\"Calls for Papers\",\"item\":\"https:\\\/\\\/www.sfsic.org\\\/en\\\/cfp-publication\\\/\"},{\"@type\":\"ListItem\",\"position\":3,\"name\":\"Article\",\"item\":\"https:\\\/\\\/www.sfsic.org\\\/en\\\/cfp-publication\\\/article-en\\\/\"},{\"@type\":\"ListItem\",\"position\":4,\"name\":\"Influenceurs et Influenceuses sant\u00e9\"}]},{\"@type\":\"WebSite\",\"@id\":\"https:\\\/\\\/www.sfsic.org\\\/en\\\/#website\",\"url\":\"https:\\\/\\\/www.sfsic.org\\\/en\\\/\",\"name\":\"SFSIC\",\"description\":\"Soci\u00e9t\u00e9 Fran\u00e7aise des Sciences de l&#039;Information &amp; de la Communication\",\"publisher\":{\"@id\":\"https:\\\/\\\/www.sfsic.org\\\/en\\\/#organization\"},\"potentialAction\":[{\"@type\":\"SearchAction\",\"target\":{\"@type\":\"EntryPoint\",\"urlTemplate\":\"https:\\\/\\\/www.sfsic.org\\\/en\\\/?s={search_term_string}\"},\"query-input\":{\"@type\":\"PropertyValueSpecification\",\"valueRequired\":true,\"valueName\":\"search_term_string\"}}],\"inLanguage\":\"en-US\"},{\"@type\":\"Organization\",\"@id\":\"https:\\\/\\\/www.sfsic.org\\\/en\\\/#organization\",\"name\":\"SFSIC\",\"url\":\"https:\\\/\\\/www.sfsic.org\\\/en\\\/\",\"logo\":{\"@type\":\"ImageObject\",\"inLanguage\":\"en-US\",\"@id\":\"https:\\\/\\\/www.sfsic.org\\\/en\\\/#\\\/schema\\\/logo\\\/image\\\/\",\"url\":\"https:\\\/\\\/www.sfsic.org\\\/wp-inside\\\/uploads\\\/2020\\\/05\\\/logo-sfsic.jpg\",\"contentUrl\":\"https:\\\/\\\/www.sfsic.org\\\/wp-inside\\\/uploads\\\/2020\\\/05\\\/logo-sfsic.jpg\",\"width\":1085,\"height\":1080,\"caption\":\"SFSIC\"},\"image\":{\"@id\":\"https:\\\/\\\/www.sfsic.org\\\/en\\\/#\\\/schema\\\/logo\\\/image\\\/\"}},{\"@type\":\"Person\",\"@id\":\"https:\\\/\\\/www.sfsic.org\\\/en\\\/#\\\/schema\\\/person\\\/9f83573bda33f40c68c7c826e9567df6\",\"name\":\"Fabien Bonnet\",\"image\":{\"@type\":\"ImageObject\",\"inLanguage\":\"en-US\",\"@id\":\"https:\\\/\\\/secure.gravatar.com\\\/avatar\\\/88a9288fc13369cb9e30359afa340f8adace82098c18ff09415c6dacd710ddc4?s=96&d=mm&r=g\",\"url\":\"https:\\\/\\\/secure.gravatar.com\\\/avatar\\\/88a9288fc13369cb9e30359afa340f8adace82098c18ff09415c6dacd710ddc4?s=96&d=mm&r=g\",\"contentUrl\":\"https:\\\/\\\/secure.gravatar.com\\\/avatar\\\/88a9288fc13369cb9e30359afa340f8adace82098c18ff09415c6dacd710ddc4?s=96&d=mm&r=g\",\"caption\":\"Fabien Bonnet\"}}]}<\/script>\n<!-- \/ Yoast SEO plugin. -->","yoast_head_json":{"title":"Influenceurs et Influenceuses sant\u00e9","description":"La revue\u00a0\u00c9tudes de communication diffuse un appel \u00e0 contribution pour son num\u00e9ro 58, coordonn\u00e9 par Nataly Botero (CIMEOS, Universit\u00e9 de Bourgogne), Myriam Hern\u00e1ndez (GERiiCO\/CEDITEC, Universit\u00e9 de Lille) et Paola Sedda (CIMEOS, Universit\u00e9 de Bourgogne). Il portera sur\u00a0\u00ab\u00a0Influenceurs et Influenceuses sant\u00e9\u00a0: les r\u00e9cits et les savoirs du corps sur les r\u00e9seaux sociaux\u00a0\u00bb.","robots":{"index":"index","follow":"follow","max-snippet":"max-snippet:-1","max-image-preview":"max-image-preview:large","max-video-preview":"max-video-preview:-1"},"canonical":"https:\/\/www.sfsic.org\/en\/aac-publication\/influenceurs-et-influenceuses-sante-les-recits-et-les-savoirs-du-corps-sur-les-reseaux-sociaux\/","og_locale":"en_US","og_type":"article","og_title":"Influenceurs et Influenceuses sant\u00e9","og_description":"La revue\u00a0\u00c9tudes de communication diffuse un appel \u00e0 contribution pour son num\u00e9ro 58, coordonn\u00e9 par Nataly Botero (CIMEOS, Universit\u00e9 de Bourgogne), Myriam Hern\u00e1ndez (GERiiCO\/CEDITEC, Universit\u00e9 de Lille) et Paola Sedda (CIMEOS, Universit\u00e9 de Bourgogne). Il portera sur\u00a0\u00ab\u00a0Influenceurs et Influenceuses sant\u00e9\u00a0: les r\u00e9cits et les savoirs du corps sur les r\u00e9seaux sociaux\u00a0\u00bb.","og_url":"https:\/\/www.sfsic.org\/en\/aac-publication\/influenceurs-et-influenceuses-sante-les-recits-et-les-savoirs-du-corps-sur-les-reseaux-sociaux\/","og_site_name":"SFSIC","article_published_time":"2021-01-23T13:40:01+00:00","article_modified_time":"2021-12-02T09:47:09+00:00","author":"Fabien Bonnet","twitter_card":"summary_large_image","schema":{"@context":"https:\/\/schema.org","@graph":[{"@type":"Article","@id":"https:\/\/www.sfsic.org\/en\/aac-publication\/influenceurs-et-influenceuses-sante-les-recits-et-les-savoirs-du-corps-sur-les-reseaux-sociaux\/#article","isPartOf":{"@id":"https:\/\/www.sfsic.org\/en\/aac-publication\/influenceurs-et-influenceuses-sante-les-recits-et-les-savoirs-du-corps-sur-les-reseaux-sociaux\/"},"author":{"name":"Fabien Bonnet","@id":"https:\/\/www.sfsic.org\/en\/#\/schema\/person\/9f83573bda33f40c68c7c826e9567df6"},"headline":"Influenceurs et Influenceuses sant\u00e9","datePublished":"2021-01-23T13:40:01+00:00","dateModified":"2021-12-02T09:47:09+00:00","mainEntityOfPage":{"@id":"https:\/\/www.sfsic.org\/en\/aac-publication\/influenceurs-et-influenceuses-sante-les-recits-et-les-savoirs-du-corps-sur-les-reseaux-sociaux\/"},"wordCount":5389,"publisher":{"@id":"https:\/\/www.sfsic.org\/en\/#organization"},"keywords":["Corps","R\u00e9cits","R\u00e9seaux sociaux num\u00e9riques","Sant\u00e9","Savoirs"],"articleSection":["AAC Publications","Article"],"inLanguage":"en-US"},{"@type":"WebPage","@id":"https:\/\/www.sfsic.org\/en\/aac-publication\/influenceurs-et-influenceuses-sante-les-recits-et-les-savoirs-du-corps-sur-les-reseaux-sociaux\/","url":"https:\/\/www.sfsic.org\/en\/aac-publication\/influenceurs-et-influenceuses-sante-les-recits-et-les-savoirs-du-corps-sur-les-reseaux-sociaux\/","name":"Influenceurs et Influenceuses sant\u00e9","isPartOf":{"@id":"https:\/\/www.sfsic.org\/en\/#website"},"datePublished":"2021-01-23T13:40:01+00:00","dateModified":"2021-12-02T09:47:09+00:00","description":"La revue\u00a0\u00c9tudes de communication diffuse un appel \u00e0 contribution pour son num\u00e9ro 58, coordonn\u00e9 par Nataly Botero (CIMEOS, Universit\u00e9 de Bourgogne), Myriam Hern\u00e1ndez (GERiiCO\/CEDITEC, Universit\u00e9 de Lille) et Paola Sedda (CIMEOS, Universit\u00e9 de Bourgogne). Il portera sur\u00a0\u00ab\u00a0Influenceurs et Influenceuses sant\u00e9\u00a0: les r\u00e9cits et les savoirs du corps sur les r\u00e9seaux sociaux\u00a0\u00bb.","breadcrumb":{"@id":"https:\/\/www.sfsic.org\/en\/aac-publication\/influenceurs-et-influenceuses-sante-les-recits-et-les-savoirs-du-corps-sur-les-reseaux-sociaux\/#breadcrumb"},"inLanguage":"en-US","potentialAction":[{"@type":"ReadAction","target":["https:\/\/www.sfsic.org\/en\/aac-publication\/influenceurs-et-influenceuses-sante-les-recits-et-les-savoirs-du-corps-sur-les-reseaux-sociaux\/"]}]},{"@type":"BreadcrumbList","@id":"https:\/\/www.sfsic.org\/en\/aac-publication\/influenceurs-et-influenceuses-sante-les-recits-et-les-savoirs-du-corps-sur-les-reseaux-sociaux\/#breadcrumb","itemListElement":[{"@type":"ListItem","position":1,"name":"Accueil","item":"https:\/\/www.sfsic.org\/en\/"},{"@type":"ListItem","position":2,"name":"Calls for Papers","item":"https:\/\/www.sfsic.org\/en\/cfp-publication\/"},{"@type":"ListItem","position":3,"name":"Article","item":"https:\/\/www.sfsic.org\/en\/cfp-publication\/article-en\/"},{"@type":"ListItem","position":4,"name":"Influenceurs et Influenceuses sant\u00e9"}]},{"@type":"WebSite","@id":"https:\/\/www.sfsic.org\/en\/#website","url":"https:\/\/www.sfsic.org\/en\/","name":"SFSIC","description":"Soci\u00e9t\u00e9 Fran\u00e7aise des Sciences de l&#039;Information &amp; de la Communication","publisher":{"@id":"https:\/\/www.sfsic.org\/en\/#organization"},"potentialAction":[{"@type":"SearchAction","target":{"@type":"EntryPoint","urlTemplate":"https:\/\/www.sfsic.org\/en\/?s={search_term_string}"},"query-input":{"@type":"PropertyValueSpecification","valueRequired":true,"valueName":"search_term_string"}}],"inLanguage":"en-US"},{"@type":"Organization","@id":"https:\/\/www.sfsic.org\/en\/#organization","name":"SFSIC","url":"https:\/\/www.sfsic.org\/en\/","logo":{"@type":"ImageObject","inLanguage":"en-US","@id":"https:\/\/www.sfsic.org\/en\/#\/schema\/logo\/image\/","url":"https:\/\/www.sfsic.org\/wp-inside\/uploads\/2020\/05\/logo-sfsic.jpg","contentUrl":"https:\/\/www.sfsic.org\/wp-inside\/uploads\/2020\/05\/logo-sfsic.jpg","width":1085,"height":1080,"caption":"SFSIC"},"image":{"@id":"https:\/\/www.sfsic.org\/en\/#\/schema\/logo\/image\/"}},{"@type":"Person","@id":"https:\/\/www.sfsic.org\/en\/#\/schema\/person\/9f83573bda33f40c68c7c826e9567df6","name":"Fabien Bonnet","image":{"@type":"ImageObject","inLanguage":"en-US","@id":"https:\/\/secure.gravatar.com\/avatar\/88a9288fc13369cb9e30359afa340f8adace82098c18ff09415c6dacd710ddc4?s=96&d=mm&r=g","url":"https:\/\/secure.gravatar.com\/avatar\/88a9288fc13369cb9e30359afa340f8adace82098c18ff09415c6dacd710ddc4?s=96&d=mm&r=g","contentUrl":"https:\/\/secure.gravatar.com\/avatar\/88a9288fc13369cb9e30359afa340f8adace82098c18ff09415c6dacd710ddc4?s=96&d=mm&r=g","caption":"Fabien Bonnet"}}]}},"_links":{"self":[{"href":"https:\/\/www.sfsic.org\/en\/wp-json\/wp\/v2\/posts\/15505","targetHints":{"allow":["GET"]}}],"collection":[{"href":"https:\/\/www.sfsic.org\/en\/wp-json\/wp\/v2\/posts"}],"about":[{"href":"https:\/\/www.sfsic.org\/en\/wp-json\/wp\/v2\/types\/post"}],"author":[{"embeddable":true,"href":"https:\/\/www.sfsic.org\/en\/wp-json\/wp\/v2\/users\/957"}],"replies":[{"embeddable":true,"href":"https:\/\/www.sfsic.org\/en\/wp-json\/wp\/v2\/comments?post=15505"}],"version-history":[{"count":4,"href":"https:\/\/www.sfsic.org\/en\/wp-json\/wp\/v2\/posts\/15505\/revisions"}],"predecessor-version":[{"id":16560,"href":"https:\/\/www.sfsic.org\/en\/wp-json\/wp\/v2\/posts\/15505\/revisions\/16560"}],"wp:attachment":[{"href":"https:\/\/www.sfsic.org\/en\/wp-json\/wp\/v2\/media?parent=15505"}],"wp:term":[{"taxonomy":"category","embeddable":true,"href":"https:\/\/www.sfsic.org\/en\/wp-json\/wp\/v2\/categories?post=15505"},{"taxonomy":"post_tag","embeddable":true,"href":"https:\/\/www.sfsic.org\/en\/wp-json\/wp\/v2\/tags?post=15505"},{"taxonomy":"thematique","embeddable":true,"href":"https:\/\/www.sfsic.org\/en\/wp-json\/wp\/v2\/thematique?post=15505"},{"taxonomy":"sfsic","embeddable":true,"href":"https:\/\/www.sfsic.org\/en\/wp-json\/wp\/v2\/sfsic?post=15505"}],"curies":[{"name":"wp","href":"https:\/\/api.w.org\/{rel}","templated":true}]}}