{"id":15131,"date":"2020-12-04T09:59:18","date_gmt":"2020-12-04T08:59:18","guid":{"rendered":"https:\/\/www.sfsic.org\/?p=15131"},"modified":"2020-12-04T10:01:54","modified_gmt":"2020-12-04T09:01:54","slug":"comment-parler-denvironnement-heros-heraults-et-communication-environnementale","status":"publish","type":"post","link":"https:\/\/www.sfsic.org\/en\/evenement\/comment-parler-denvironnement-heros-heraults-et-communication-environnementale\/","title":{"rendered":"Comment parler d&#8217;environnement ? H\u00e9ros\/H\u00e9raults et communication environnementale"},"content":{"rendered":"<p><!-- fxzn:singledetail --><\/p>\n<div class=\"zone zn-singledetail\" id=\"fxzn-singledetail-1\">\n<div class=\"zone-block zn-singledetail-block alignwide va-top\">\n<div class=\"row\">\n<div class=\"columns large-8 large-push-4\">\n<div class=\"zn-singledetail-metabox\">\n<div class=\"zn-singledetail-pubdate pubdate\">\n\t\t\t\t\t<span class=\"pubdate-txt\">Mis en ligne le<\/span><span class=\"doubledot\"><\/span> <time class=\"pubdate-time\" pubdate datetime=\"2020-12-04T09:59:18+01:00\">4 d\u00e9cembre 2020<\/time>\t\t\t\t<\/div>\n<div class=\"zn-singledetail-thematiques with-sep-comma\">\n<ul class=\"termslist termslist-thematique\">\n<li class=\"termslist-item termslist-title\"><span class=\"termslist-titletxt\">Th\u00e9matiques<\/span><span class=\"doubledot\"><\/span><\/li>\n<li class=\"termslist-item tax-thematique term-communication-organisations\"><a class=\"termslist-itemlink\" href=\"https:\/\/www.sfsic.org\/thematiques\/communication-organisations\/\" title=\"Communication et organisations\"><span class=\"termslist-itemname\">Communication et organisations<\/span><\/a><\/li>\n<li class=\"termslist-item tax-thematique term-communication-publique-politique\"><a class=\"termslist-itemlink\" href=\"https:\/\/www.sfsic.org\/thematiques\/communication-publique-politique\/\" title=\"Communication publique et politique\"><span class=\"termslist-itemname\">Communication publique et politique<\/span><\/a><\/li>\n<li class=\"termslist-item tax-thematique term-medias-journalisme\"><a class=\"termslist-itemlink\" href=\"https:\/\/www.sfsic.org\/thematiques\/medias-journalisme\/\" title=\"M\u00e9dias et journalisme\"><span class=\"termslist-itemname\">M\u00e9dias et journalisme<\/span><\/a><\/li>\n<\/ul><\/div>\n<\/p><\/div>\n<\/p><\/div>\n<\/p><\/div>\n<div class=\"row\">\n<div class=\"columns large-4\">\n<div class=\"zn-singledetail-sidebar bg-cornersquares\">\n<div class=\"zn-singledetail-infos\">\n<p class=\"zn-singledetail-type\">\n\t\t\t\t\t\t\t<span>Type d\u2019\u00e9v\u00e9nement<\/span><span class=\"doubledot\"><\/span> <strong>Colloque<\/strong>\n\t\t\t\t\t<\/p>\n<\/p><\/div>\n<div class=\"zn-singledetail-coordinators\">\n<h3 class=\"zn-singledetail-section-title\">Coordinateurs<\/h3>\n<ul class=\"zn-singledetail-coordinators-list\">\n<li class=\"zn-singledetail-coordinators-item\">\n\t\t\t\t\t\t\t<span>Andrea<\/span> <span>Catellani<\/span>, <span>UCLouvain<\/span>\t\t\t\t\t\t\t\t\t\t\t\t\t<\/li>\n<li class=\"zn-singledetail-coordinators-item\">\n\t\t\t\t\t\t\t<span>C\u00e9line<\/span> <span>Pascual Espuny<\/span>, <span>Universit\u00e9 d&#8217;Aix Marseille<\/span>\t\t\t\t\t\t\t\t\t\t\t\t\t<\/li>\n<li class=\"zn-singledetail-coordinators-item\">\n\t\t\t\t\t\t\t<span>Anne<\/span> <span>Gagnebien<\/span>, <span>Universit\u00e9 d&#8217;Aix Marseille<\/span>\t\t\t\t\t\t\t\t\t\t\t\t\t<\/li>\n<\/ul><\/div>\n<div class=\"zn-singledetail-contacts\">\n<h3 class=\"zn-singledetail-section-title\">Contacts<\/h3>\n<ul class=\"zn-singledetail-contacts-list\">\n<li class=\"zn-singledetail-contact\">\n\t\t\t\t\t\t\t<span class=\"zn-singledetail-contact-name\">Andrea Catellani, UCLouvain<\/span><span class=\"doubledot\"><\/span><br \/>\n\t\t\t\t\t\t\t\t\t\t\t\t\t\t<a class=\"zn-singledetail-contact-mail prettylink\" href=\"mailto:andrea.catellani@uclouvain.be\">andrea.catellani@uclouvain.be<\/a>\n\t\t\t\t\t\t\t\t\t\t\t\t\t<\/li>\n<\/ul><\/div>\n<div class=\"zn-singledetail-weblinks\">\n<h3 class=\"zn-singledetail-section-title\">Sites internet de r\u00e9f\u00e9rence<\/h3>\n<ul class=\"zn-singledetail-weblinks-list\">\n<li>\n\t\t\t\t\t\t\t<a class=\"prettylink chainlink\" href=\"https:\/\/ger-cess-2020.sciencesconf.org\/\" title=\"Page de l'\u00e9v\u00e9nement\" target=\"_blank\" rel=\"noopener noreferrer\">Page de l&#8217;\u00e9v\u00e9nement<\/a>\n\t\t\t\t\t\t<\/li>\n<\/ul><\/div>\n<\/p><\/div>\n<\/p><\/div>\n<div class=\"columns large-8\">\n<div class=\"zn-singledetail-contentbox\">\n<div class=\"zn-singledetail-eventinfo is-sfsic-label\">\n<div class=\"zn-singledetail-eventinfo-inner\">\n<h3 class=\"zn-singledetail-section-title zn-singledetail-eventinfo-title\">\u00c9v\u00e9nement labellis\u00e9 SFSIC<\/h3>\n<div class=\"zn-singledetail-eventdates\">\n\t\t\t\t\t\t<span class=\"zn-singledetail-label\">Dates de l\u2019\u00e9v\u00e9nement<span class=\"doubledot\"><\/span><\/span><\/p>\n<ul class=\"zn-singledetail-eventdates-list\">\n<li class=\"zn-singledetail-eventdates-item\">\n\t\t\t\t\t\t\t\tDu <time class=\"event-start-time\" datetime=\"2020-12-09T00:00:00+00:00\">09\/12\/2020<\/time> au <time class=\"event-end-time\" datetime=\"2020-12-11T00:00:00+00:00\">11\/12\/2020<\/time>\t\t\t\t\t\t\t<\/li>\n<\/ul><\/div>\n<p class=\"zn-singledetail-eventplace\">\n\t\t\t\t\t\t<span class=\"zn-singledetail-label\">Lieu de l\u2019\u00e9v\u00e9nement<span class=\"doubledot\"><\/span><\/span><br \/>\n\t\t\t\t\t\t<a class=\"zn-singledetail-eventplace-adr\" href=\"https:\/\/ger-cess-2020.sciencesconf.org\/\" title=\"\" target=\"_blank\" rel=\"noopener noreferrer\"><br \/>\n\t\t\t\t\t\t\t\t\t\t\t\t<span class=\"adr-name\">Comment parler d&#8217;environnement&#160;? H\u00e9ros\/H\u00e9raults et communication environnementale<\/span>,<\/p>\n<p>\t\t\t\t\t\t\t\t\t\t\t\t<span class=\"adr-place\">en ligne<\/span>,<\/p>\n<p>\t\t\t\t\t\t<\/a>\t\t\t\t\t<\/p>\n<\/p><\/div>\n<\/p><\/div>\n<div class=\"zn-singledetail-annonce wig-content\">\n<div>\n<div>Nous avons le plaisir d&rsquo;annoncer le colloque annuel du Groupe d&rsquo;\u00e9tudes et de recherche \u00ab&#160;Communication, environnement, science et soci\u00e9t\u00e9&#160;\u00bb, intitul\u00e9 \u00ab&#160;Comment parler d&rsquo;environnement&#160;? H\u00e9ros\/H\u00e9raults et communication environnementale&#160;\u00bb, qui aura lieu la semaine prochaine, du 9 au 11 d\u00e9cembre. Voici en annexe le programme (des petites modifications sont encore possibles).<\/div>\n<div><\/div>\n<div>Le colloque est enti\u00e8rement en ligne et gratuit.<\/div>\n<div><\/div>\n<div>Le colloque propose plus de quarante interventions scientifiques, plusieurs tables rondes avec chercheurs et professionnels et deux key-note speeches, en anglais et fran\u00e7ais.<\/div>\n<div><\/div>\n<div>Le site du colloque, avec le programme \u00e0 jour et le lien pour se connecter via Zoom, est ici&#160;:<\/div>\n<\/div>\n<table>\n<tbody>\n<tr>\n<td align=\"left\" valign=\"middle\"><a id=\"LPlnk897530\" href=\"https:\/\/ger-cess-2020.sciencesconf.org\/\" target=\"_blank\" rel=\"noopener noreferrer\" data-auth=\"NotApplicable\">https:\/\/ger-cess-2020.sciencesconf.org\/<\/a><\/td>\n<td align=\"left\" valign=\"middle\"><\/td>\n<\/tr>\n<\/tbody>\n<\/table>\n<p>Nous avons d\u00fb faire plusieurs choix importants pour rester dans l&rsquo;esprit, malgr\u00e9 le distanciel, de ce que souhaitait le GER&#160;: un colloque scientifique ouvert, large, o\u00f9 les id\u00e9es et les questions fusent et tissent des liens.<\/p>\n<ul>\n<li>Nous avons donc gard\u00e9 une large place aux discussions et aux temps d&rsquo;\u00e9change.<\/li>\n<li>Plusieurs ateliers en parall\u00e8le emp\u00eachent de suivre l&rsquo;int\u00e9gralit\u00e9 du colloque&#160;: nous ouvrirons donc \u00e0 la suite une cha\u00eene o\u00f9 nous d\u00e9poserons toutes les communications des chercheurs et les tables rondes. Une publication scientifique est pr\u00e9vue, suite au colloque.<\/li>\n<\/ul>\n<div><\/div>\n<div>N&rsquo;h\u00e9sitez pas \u00e0 diffuser l&rsquo;annonce du colloque dans vos r\u00e9seaux.<\/div>\n<\/p><\/div>\n<div class=\"zn-singledetail-partners\">\n<h3 class=\"zn-singledetail-section-title\">Partenaires<\/h3>\n<div class=\"zn-singledetail-partners-list row small-up-2 medium-up-3 large-up-5 partnerlist\" data-equalizer data-equalize-on=\"medium\">\n<article class=\"summarypartner partner-3871 column\">\n<div class=\"summarypartner-box\" title=\"GRE Communication, environnement, science et soci\u00e9t\u00e9\">\n<div class=\"summarypartner-box-inner\" data-equalizer-watch>\n<div class=\"summarypartner-imgbox\">\n<figure class=\"summarypartner-figure\">\n\t\t\t\t\t<img decoding=\"async\" class=\"summarypartner-img\" src=\"\/\/www.sfsic.org\/wp-inside\/themes\/sfsic.org\/assets\/images\/default-640x640.png\" alt=\"\" data-interchange=\"[\/\/www.sfsic.org\/wp-inside\/themes\/sfsic.org\/assets\/images\/default-640x640.png, small],\"><br \/>\n\t\t\t\t\t\t\t\t\t<\/figure>\n<\/p><\/div>\n<div class=\"summarypartner-content\">\n<div class=\"summarypartner-content-inner\">\n<header class=\"summarypartner-header\">\n<h3 class=\"summarypartner-title\">\n\t\t\t\t\t\t\tGRE Communication, environnement, science et soci\u00e9t\u00e9\t\t\t\t\t\t<\/h3>\n<\/header><\/div>\n<\/p><\/div>\n<\/p><\/div>\n<\/p><\/div>\n<\/article>\n<article class=\"summarypartner partner-5850 column\">\n\t<a class=\"summarypartner-box\" href=\"https:\/\/www.univ-amu.fr\" title=\"Aix-Marseille Universit\u00e9\">\t\t<\/p>\n<div class=\"summarypartner-box-inner\" data-equalizer-watch>\n<div class=\"summarypartner-imgbox\">\n<figure class=\"summarypartner-figure\">\n\t\t\t\t\t<img decoding=\"async\" class=\"summarypartner-img\" src=\"https:\/\/www.sfsic.org\/wp-inside\/uploads\/skp-membership\/demande_adh\/logo_aix-marseille-universite-320x110.jpg\" alt=\"Logo Aix Marseille Universit\u00e9\" ><br \/>\n\t\t\t\t\t\t\t\t\t<\/figure>\n<\/p><\/div>\n<div class=\"summarypartner-content\">\n<div class=\"summarypartner-content-inner\">\n<header class=\"summarypartner-header\">\n<h3 class=\"summarypartner-title\">\n\t\t\t\t\t\t\tAix-Marseille Universit\u00e9\t\t\t\t\t\t<\/h3>\n<\/header><\/div>\n<\/p><\/div>\n<\/p><\/div>\n<p>\t<\/a><\/article>\n<\/p><\/div>\n<\/p><\/div>\n<div class=\"zn-singledetail-attachedfiles\">\n<h3 class=\"zn-singledetail-section-title\">Fichier(s) attach\u00e9(s)<\/h3>\n<ul class=\"zn-singledetail-attachedfiles-list\">\n<li class=\"zn-singledetail-attachedfiles-item\">\n\t\t\t\t\t\t\t<a class=\"zn-singledetail-attachedfiles-link button outline for-download\" href=\"https:\/\/www.sfsic.org\/wp-inside\/uploads\/skp-membership\/demande_adh\/programme.pdf\" title=\"T\u00e9l\u00e9charger : \u00ab programme.pdf \u00bb\" target=\"_blank\" rel=\"noopener noreferrer\"><br \/>\n\t\t\t\t\t\t\t\t<span class=\"button-txt\">programme-pdf.pdf<\/span><br \/>\n\t\t\t\t\t\t\t<\/a>\n\t\t\t\t\t\t<\/li>\n<\/ul><\/div>\n<div class=\"zn-singledetail-keywords\">\n<h3 class=\"zn-singledetail-section-title\">Mots-cl\u00e9s<\/h3>\n<ul class=\"termslist termslist-post_tag\">\n<li class=\"termslist-item termslist-title\"><span class=\"termslist-titletxt\">Mots-cl\u00e9s<\/span><span class=\"doubledot\"><\/span><\/li>\n<li class=\"termslist-item tax-post_tag term-ecologie\"><a class=\"termslist-itemlink\" href=\"https:\/\/www.sfsic.org\/tag\/ecologie\/\" title=\"Ecologie\"><span class=\"termslist-itemname\">Ecologie<\/span><\/a><\/li>\n<\/ul><\/div>\n<\/p><\/div>\n<\/p><\/div>\n<\/p><\/div>\n<\/p><\/div>\n<\/div>\n<p><!-- \/fxzn:singledetail --><\/p>\n","protected":false},"excerpt":{"rendered":"<p>Mis en ligne le 4 d\u00e9cembre 2020 Th\u00e9matiques Communication et organisations Communication publique et politique M\u00e9dias et journalisme Type d\u2019\u00e9v\u00e9nement Colloque Coordinateurs Andrea Catellani, UCLouvain C\u00e9line Pascual Espuny, Universit\u00e9 d&#8217;Aix [&hellip;]<\/p>\n","protected":false},"author":519,"featured_media":0,"comment_status":"closed","ping_status":"closed","sticky":false,"template":"","format":"standard","meta":{"_acf_changed":false,"footnotes":""},"categories":[67,30],"tags":[309],"thematique":[37,36,34],"sfsic":[27],"class_list":["post-15131","post","type-post","status-publish","format-standard","hentry","category-colloque-2","category-evenement","tag-ecologie","thematique-communication-organisations","thematique-communication-publique-et-politique","thematique-medias-et-journalisme","sfsic-labels","wp-sticky"],"acf":[],"yoast_head":"<!-- This site is optimized with the Yoast SEO plugin v27.4 - https:\/\/yoast.com\/product\/yoast-seo-wordpress\/ -->\n<title>Comment parler d&#039;environnement ? H\u00e9ros\/H\u00e9raults et communication environnementale<\/title>\n<meta name=\"description\" content=\"Le colloque annuel du Groupe d&#039;\u00e9tudes et de recherche &quot;Communication, environnement, science et soci\u00e9t\u00e9&quot;, intitul\u00e9 &quot;Comment parler d&#039;environnement ? H\u00e9ros\/H\u00e9raults et communication environnementale&quot;, aura lieu du 9 au 11 d\u00e9cembre 2020. Le colloque est enti\u00e8rement en ligne et gratuit. Le colloque propose plus de quarante interventions scientifiques, plusieurs tables rondes avec chercheurs et professionnels et deux key-note speeches, en anglais et fran\u00e7ais. Le site du colloque, avec le programme \u00e0 jour et le lien pour se connecter via Zoom, est ici : https:\/\/ger-cess-2020.sciencesconf.org\/\" \/>\n<meta name=\"robots\" content=\"index, follow, max-snippet:-1, max-image-preview:large, max-video-preview:-1\" \/>\n<link rel=\"canonical\" href=\"https:\/\/www.sfsic.org\/en\/evenement\/comment-parler-denvironnement-heros-heraults-et-communication-environnementale\/\" \/>\n<meta property=\"og:locale\" content=\"en_US\" \/>\n<meta property=\"og:type\" content=\"article\" \/>\n<meta property=\"og:title\" content=\"Comment parler d&#039;environnement ? H\u00e9ros\/H\u00e9raults et communication environnementale\" \/>\n<meta property=\"og:description\" content=\"Le colloque annuel du Groupe d&#039;\u00e9tudes et de recherche &quot;Communication, environnement, science et soci\u00e9t\u00e9&quot;, intitul\u00e9 &quot;Comment parler d&#039;environnement ? H\u00e9ros\/H\u00e9raults et communication environnementale&quot;, aura lieu du 9 au 11 d\u00e9cembre 2020. Le colloque est enti\u00e8rement en ligne et gratuit. Le colloque propose plus de quarante interventions scientifiques, plusieurs tables rondes avec chercheurs et professionnels et deux key-note speeches, en anglais et fran\u00e7ais. Le site du colloque, avec le programme \u00e0 jour et le lien pour se connecter via Zoom, est ici : https:\/\/ger-cess-2020.sciencesconf.org\/\" \/>\n<meta property=\"og:url\" content=\"https:\/\/www.sfsic.org\/en\/evenement\/comment-parler-denvironnement-heros-heraults-et-communication-environnementale\/\" \/>\n<meta property=\"og:site_name\" content=\"SFSIC\" \/>\n<meta property=\"article:published_time\" content=\"2020-12-04T08:59:18+00:00\" \/>\n<meta property=\"article:modified_time\" content=\"2020-12-04T09:01:54+00:00\" \/>\n<meta property=\"og:image\" content=\"\/\/www.sfsic.org\/wp-inside\/themes\/sfsic.org\/assets\/images\/default-640x640.png\" \/>\n<meta name=\"author\" content=\"Andrea Catellani\" \/>\n<meta name=\"twitter:card\" content=\"summary_large_image\" \/>\n<script type=\"application\/ld+json\" class=\"yoast-schema-graph\">{\"@context\":\"https:\\\/\\\/schema.org\",\"@graph\":[{\"@type\":\"Article\",\"@id\":\"https:\\\/\\\/www.sfsic.org\\\/en\\\/evenement\\\/comment-parler-denvironnement-heros-heraults-et-communication-environnementale\\\/#article\",\"isPartOf\":{\"@id\":\"https:\\\/\\\/www.sfsic.org\\\/en\\\/evenement\\\/comment-parler-denvironnement-heros-heraults-et-communication-environnementale\\\/\"},\"author\":{\"name\":\"Andrea Catellani\",\"@id\":\"https:\\\/\\\/www.sfsic.org\\\/en\\\/#\\\/schema\\\/person\\\/54a3c7ba2c88c8c8bb196de042d84b6b\"},\"headline\":\"Comment parler d&#8217;environnement ? H\u00e9ros\\\/H\u00e9raults et communication environnementale\",\"datePublished\":\"2020-12-04T08:59:18+00:00\",\"dateModified\":\"2020-12-04T09:01:54+00:00\",\"mainEntityOfPage\":{\"@id\":\"https:\\\/\\\/www.sfsic.org\\\/en\\\/evenement\\\/comment-parler-denvironnement-heros-heraults-et-communication-environnementale\\\/\"},\"wordCount\":345,\"publisher\":{\"@id\":\"https:\\\/\\\/www.sfsic.org\\\/en\\\/#organization\"},\"image\":{\"@id\":\"https:\\\/\\\/www.sfsic.org\\\/en\\\/evenement\\\/comment-parler-denvironnement-heros-heraults-et-communication-environnementale\\\/#primaryimage\"},\"thumbnailUrl\":\"https:\\\/\\\/www.sfsic.org\\\/wp-inside\\\/uploads\\\/skp-membership\\\/demande_adh\\\/logo_aix-marseille-universite-320x110.jpg\",\"keywords\":[\"Ecologie\"],\"articleSection\":[\"Colloque\",\"\u00c9v\u00e9nements\"],\"inLanguage\":\"en-US\"},{\"@type\":\"WebPage\",\"@id\":\"https:\\\/\\\/www.sfsic.org\\\/en\\\/evenement\\\/comment-parler-denvironnement-heros-heraults-et-communication-environnementale\\\/\",\"url\":\"https:\\\/\\\/www.sfsic.org\\\/en\\\/evenement\\\/comment-parler-denvironnement-heros-heraults-et-communication-environnementale\\\/\",\"name\":\"Comment parler d'environnement ? H\u00e9ros\\\/H\u00e9raults et communication environnementale\",\"isPartOf\":{\"@id\":\"https:\\\/\\\/www.sfsic.org\\\/en\\\/#website\"},\"primaryImageOfPage\":{\"@id\":\"https:\\\/\\\/www.sfsic.org\\\/en\\\/evenement\\\/comment-parler-denvironnement-heros-heraults-et-communication-environnementale\\\/#primaryimage\"},\"image\":{\"@id\":\"https:\\\/\\\/www.sfsic.org\\\/en\\\/evenement\\\/comment-parler-denvironnement-heros-heraults-et-communication-environnementale\\\/#primaryimage\"},\"thumbnailUrl\":\"https:\\\/\\\/www.sfsic.org\\\/wp-inside\\\/uploads\\\/skp-membership\\\/demande_adh\\\/logo_aix-marseille-universite-320x110.jpg\",\"datePublished\":\"2020-12-04T08:59:18+00:00\",\"dateModified\":\"2020-12-04T09:01:54+00:00\",\"description\":\"Le colloque annuel du Groupe d'\u00e9tudes et de recherche \\\"Communication, environnement, science et soci\u00e9t\u00e9\\\", intitul\u00e9 \\\"Comment parler d'environnement ? H\u00e9ros\\\/H\u00e9raults et communication environnementale\\\", aura lieu du 9 au 11 d\u00e9cembre 2020. Le colloque est enti\u00e8rement en ligne et gratuit. Le colloque propose plus de quarante interventions scientifiques, plusieurs tables rondes avec chercheurs et professionnels et deux key-note speeches, en anglais et fran\u00e7ais. Le site du colloque, avec le programme \u00e0 jour et le lien pour se connecter via Zoom, est ici : https:\\\/\\\/ger-cess-2020.sciencesconf.org\\\/\",\"breadcrumb\":{\"@id\":\"https:\\\/\\\/www.sfsic.org\\\/en\\\/evenement\\\/comment-parler-denvironnement-heros-heraults-et-communication-environnementale\\\/#breadcrumb\"},\"inLanguage\":\"en-US\",\"potentialAction\":[{\"@type\":\"ReadAction\",\"target\":[\"https:\\\/\\\/www.sfsic.org\\\/en\\\/evenement\\\/comment-parler-denvironnement-heros-heraults-et-communication-environnementale\\\/\"]}]},{\"@type\":\"ImageObject\",\"inLanguage\":\"en-US\",\"@id\":\"https:\\\/\\\/www.sfsic.org\\\/en\\\/evenement\\\/comment-parler-denvironnement-heros-heraults-et-communication-environnementale\\\/#primaryimage\",\"url\":\"https:\\\/\\\/www.sfsic.org\\\/wp-inside\\\/uploads\\\/skp-membership\\\/demande_adh\\\/logo_aix-marseille-universite-320x110.jpg\",\"contentUrl\":\"https:\\\/\\\/www.sfsic.org\\\/wp-inside\\\/uploads\\\/skp-membership\\\/demande_adh\\\/logo_aix-marseille-universite-320x110.jpg\"},{\"@type\":\"BreadcrumbList\",\"@id\":\"https:\\\/\\\/www.sfsic.org\\\/en\\\/evenement\\\/comment-parler-denvironnement-heros-heraults-et-communication-environnementale\\\/#breadcrumb\",\"itemListElement\":[{\"@type\":\"ListItem\",\"position\":1,\"name\":\"Accueil\",\"item\":\"https:\\\/\\\/www.sfsic.org\\\/en\\\/\"},{\"@type\":\"ListItem\",\"position\":2,\"name\":\"Events\",\"item\":\"https:\\\/\\\/www.sfsic.org\\\/en\\\/events\\\/\"},{\"@type\":\"ListItem\",\"position\":3,\"name\":\"Conference\",\"item\":\"https:\\\/\\\/www.sfsic.org\\\/en\\\/events\\\/conference-en\\\/\"},{\"@type\":\"ListItem\",\"position\":4,\"name\":\"Comment parler d&rsquo;environnement&#160;? H\u00e9ros\\\/H\u00e9raults et communication environnementale\"}]},{\"@type\":\"WebSite\",\"@id\":\"https:\\\/\\\/www.sfsic.org\\\/en\\\/#website\",\"url\":\"https:\\\/\\\/www.sfsic.org\\\/en\\\/\",\"name\":\"SFSIC\",\"description\":\"Soci\u00e9t\u00e9 Fran\u00e7aise des Sciences de l&#039;Information &amp; de la Communication\",\"publisher\":{\"@id\":\"https:\\\/\\\/www.sfsic.org\\\/en\\\/#organization\"},\"potentialAction\":[{\"@type\":\"SearchAction\",\"target\":{\"@type\":\"EntryPoint\",\"urlTemplate\":\"https:\\\/\\\/www.sfsic.org\\\/en\\\/?s={search_term_string}\"},\"query-input\":{\"@type\":\"PropertyValueSpecification\",\"valueRequired\":true,\"valueName\":\"search_term_string\"}}],\"inLanguage\":\"en-US\"},{\"@type\":\"Organization\",\"@id\":\"https:\\\/\\\/www.sfsic.org\\\/en\\\/#organization\",\"name\":\"SFSIC\",\"url\":\"https:\\\/\\\/www.sfsic.org\\\/en\\\/\",\"logo\":{\"@type\":\"ImageObject\",\"inLanguage\":\"en-US\",\"@id\":\"https:\\\/\\\/www.sfsic.org\\\/en\\\/#\\\/schema\\\/logo\\\/image\\\/\",\"url\":\"https:\\\/\\\/www.sfsic.org\\\/wp-inside\\\/uploads\\\/2020\\\/05\\\/logo-sfsic.jpg\",\"contentUrl\":\"https:\\\/\\\/www.sfsic.org\\\/wp-inside\\\/uploads\\\/2020\\\/05\\\/logo-sfsic.jpg\",\"width\":1085,\"height\":1080,\"caption\":\"SFSIC\"},\"image\":{\"@id\":\"https:\\\/\\\/www.sfsic.org\\\/en\\\/#\\\/schema\\\/logo\\\/image\\\/\"}},{\"@type\":\"Person\",\"@id\":\"https:\\\/\\\/www.sfsic.org\\\/en\\\/#\\\/schema\\\/person\\\/54a3c7ba2c88c8c8bb196de042d84b6b\",\"name\":\"Andrea Catellani\",\"image\":{\"@type\":\"ImageObject\",\"inLanguage\":\"en-US\",\"@id\":\"https:\\\/\\\/secure.gravatar.com\\\/avatar\\\/2bcba4a0ab1ccea0f7551979181f8c57d11717eed49c00ebc49418b52419c6c4?s=96&d=mm&r=g\",\"url\":\"https:\\\/\\\/secure.gravatar.com\\\/avatar\\\/2bcba4a0ab1ccea0f7551979181f8c57d11717eed49c00ebc49418b52419c6c4?s=96&d=mm&r=g\",\"contentUrl\":\"https:\\\/\\\/secure.gravatar.com\\\/avatar\\\/2bcba4a0ab1ccea0f7551979181f8c57d11717eed49c00ebc49418b52419c6c4?s=96&d=mm&r=g\",\"caption\":\"Andrea Catellani\"}}]}<\/script>\n<!-- \/ Yoast SEO plugin. -->","yoast_head_json":{"title":"Comment parler d'environnement ? H\u00e9ros\/H\u00e9raults et communication environnementale","description":"Le colloque annuel du Groupe d'\u00e9tudes et de recherche \"Communication, environnement, science et soci\u00e9t\u00e9\", intitul\u00e9 \"Comment parler d'environnement ? H\u00e9ros\/H\u00e9raults et communication environnementale\", aura lieu du 9 au 11 d\u00e9cembre 2020. Le colloque est enti\u00e8rement en ligne et gratuit. Le colloque propose plus de quarante interventions scientifiques, plusieurs tables rondes avec chercheurs et professionnels et deux key-note speeches, en anglais et fran\u00e7ais. Le site du colloque, avec le programme \u00e0 jour et le lien pour se connecter via Zoom, est ici : https:\/\/ger-cess-2020.sciencesconf.org\/","robots":{"index":"index","follow":"follow","max-snippet":"max-snippet:-1","max-image-preview":"max-image-preview:large","max-video-preview":"max-video-preview:-1"},"canonical":"https:\/\/www.sfsic.org\/en\/evenement\/comment-parler-denvironnement-heros-heraults-et-communication-environnementale\/","og_locale":"en_US","og_type":"article","og_title":"Comment parler d'environnement ? H\u00e9ros\/H\u00e9raults et communication environnementale","og_description":"Le colloque annuel du Groupe d'\u00e9tudes et de recherche \"Communication, environnement, science et soci\u00e9t\u00e9\", intitul\u00e9 \"Comment parler d'environnement ? H\u00e9ros\/H\u00e9raults et communication environnementale\", aura lieu du 9 au 11 d\u00e9cembre 2020. Le colloque est enti\u00e8rement en ligne et gratuit. Le colloque propose plus de quarante interventions scientifiques, plusieurs tables rondes avec chercheurs et professionnels et deux key-note speeches, en anglais et fran\u00e7ais. Le site du colloque, avec le programme \u00e0 jour et le lien pour se connecter via Zoom, est ici : https:\/\/ger-cess-2020.sciencesconf.org\/","og_url":"https:\/\/www.sfsic.org\/en\/evenement\/comment-parler-denvironnement-heros-heraults-et-communication-environnementale\/","og_site_name":"SFSIC","article_published_time":"2020-12-04T08:59:18+00:00","article_modified_time":"2020-12-04T09:01:54+00:00","og_image":[{"url":"\/\/www.sfsic.org\/wp-inside\/themes\/sfsic.org\/assets\/images\/default-640x640.png","type":"","width":"","height":""}],"author":"Andrea Catellani","twitter_card":"summary_large_image","schema":{"@context":"https:\/\/schema.org","@graph":[{"@type":"Article","@id":"https:\/\/www.sfsic.org\/en\/evenement\/comment-parler-denvironnement-heros-heraults-et-communication-environnementale\/#article","isPartOf":{"@id":"https:\/\/www.sfsic.org\/en\/evenement\/comment-parler-denvironnement-heros-heraults-et-communication-environnementale\/"},"author":{"name":"Andrea Catellani","@id":"https:\/\/www.sfsic.org\/en\/#\/schema\/person\/54a3c7ba2c88c8c8bb196de042d84b6b"},"headline":"Comment parler d&#8217;environnement ? H\u00e9ros\/H\u00e9raults et communication environnementale","datePublished":"2020-12-04T08:59:18+00:00","dateModified":"2020-12-04T09:01:54+00:00","mainEntityOfPage":{"@id":"https:\/\/www.sfsic.org\/en\/evenement\/comment-parler-denvironnement-heros-heraults-et-communication-environnementale\/"},"wordCount":345,"publisher":{"@id":"https:\/\/www.sfsic.org\/en\/#organization"},"image":{"@id":"https:\/\/www.sfsic.org\/en\/evenement\/comment-parler-denvironnement-heros-heraults-et-communication-environnementale\/#primaryimage"},"thumbnailUrl":"https:\/\/www.sfsic.org\/wp-inside\/uploads\/skp-membership\/demande_adh\/logo_aix-marseille-universite-320x110.jpg","keywords":["Ecologie"],"articleSection":["Colloque","\u00c9v\u00e9nements"],"inLanguage":"en-US"},{"@type":"WebPage","@id":"https:\/\/www.sfsic.org\/en\/evenement\/comment-parler-denvironnement-heros-heraults-et-communication-environnementale\/","url":"https:\/\/www.sfsic.org\/en\/evenement\/comment-parler-denvironnement-heros-heraults-et-communication-environnementale\/","name":"Comment parler d'environnement ? H\u00e9ros\/H\u00e9raults et communication environnementale","isPartOf":{"@id":"https:\/\/www.sfsic.org\/en\/#website"},"primaryImageOfPage":{"@id":"https:\/\/www.sfsic.org\/en\/evenement\/comment-parler-denvironnement-heros-heraults-et-communication-environnementale\/#primaryimage"},"image":{"@id":"https:\/\/www.sfsic.org\/en\/evenement\/comment-parler-denvironnement-heros-heraults-et-communication-environnementale\/#primaryimage"},"thumbnailUrl":"https:\/\/www.sfsic.org\/wp-inside\/uploads\/skp-membership\/demande_adh\/logo_aix-marseille-universite-320x110.jpg","datePublished":"2020-12-04T08:59:18+00:00","dateModified":"2020-12-04T09:01:54+00:00","description":"Le colloque annuel du Groupe d'\u00e9tudes et de recherche \"Communication, environnement, science et soci\u00e9t\u00e9\", intitul\u00e9 \"Comment parler d'environnement ? H\u00e9ros\/H\u00e9raults et communication environnementale\", aura lieu du 9 au 11 d\u00e9cembre 2020. Le colloque est enti\u00e8rement en ligne et gratuit. Le colloque propose plus de quarante interventions scientifiques, plusieurs tables rondes avec chercheurs et professionnels et deux key-note speeches, en anglais et fran\u00e7ais. Le site du colloque, avec le programme \u00e0 jour et le lien pour se connecter via Zoom, est ici : https:\/\/ger-cess-2020.sciencesconf.org\/","breadcrumb":{"@id":"https:\/\/www.sfsic.org\/en\/evenement\/comment-parler-denvironnement-heros-heraults-et-communication-environnementale\/#breadcrumb"},"inLanguage":"en-US","potentialAction":[{"@type":"ReadAction","target":["https:\/\/www.sfsic.org\/en\/evenement\/comment-parler-denvironnement-heros-heraults-et-communication-environnementale\/"]}]},{"@type":"ImageObject","inLanguage":"en-US","@id":"https:\/\/www.sfsic.org\/en\/evenement\/comment-parler-denvironnement-heros-heraults-et-communication-environnementale\/#primaryimage","url":"https:\/\/www.sfsic.org\/wp-inside\/uploads\/skp-membership\/demande_adh\/logo_aix-marseille-universite-320x110.jpg","contentUrl":"https:\/\/www.sfsic.org\/wp-inside\/uploads\/skp-membership\/demande_adh\/logo_aix-marseille-universite-320x110.jpg"},{"@type":"BreadcrumbList","@id":"https:\/\/www.sfsic.org\/en\/evenement\/comment-parler-denvironnement-heros-heraults-et-communication-environnementale\/#breadcrumb","itemListElement":[{"@type":"ListItem","position":1,"name":"Accueil","item":"https:\/\/www.sfsic.org\/en\/"},{"@type":"ListItem","position":2,"name":"Events","item":"https:\/\/www.sfsic.org\/en\/events\/"},{"@type":"ListItem","position":3,"name":"Conference","item":"https:\/\/www.sfsic.org\/en\/events\/conference-en\/"},{"@type":"ListItem","position":4,"name":"Comment parler d&rsquo;environnement&#160;? H\u00e9ros\/H\u00e9raults et communication environnementale"}]},{"@type":"WebSite","@id":"https:\/\/www.sfsic.org\/en\/#website","url":"https:\/\/www.sfsic.org\/en\/","name":"SFSIC","description":"Soci\u00e9t\u00e9 Fran\u00e7aise des Sciences de l&#039;Information &amp; de la Communication","publisher":{"@id":"https:\/\/www.sfsic.org\/en\/#organization"},"potentialAction":[{"@type":"SearchAction","target":{"@type":"EntryPoint","urlTemplate":"https:\/\/www.sfsic.org\/en\/?s={search_term_string}"},"query-input":{"@type":"PropertyValueSpecification","valueRequired":true,"valueName":"search_term_string"}}],"inLanguage":"en-US"},{"@type":"Organization","@id":"https:\/\/www.sfsic.org\/en\/#organization","name":"SFSIC","url":"https:\/\/www.sfsic.org\/en\/","logo":{"@type":"ImageObject","inLanguage":"en-US","@id":"https:\/\/www.sfsic.org\/en\/#\/schema\/logo\/image\/","url":"https:\/\/www.sfsic.org\/wp-inside\/uploads\/2020\/05\/logo-sfsic.jpg","contentUrl":"https:\/\/www.sfsic.org\/wp-inside\/uploads\/2020\/05\/logo-sfsic.jpg","width":1085,"height":1080,"caption":"SFSIC"},"image":{"@id":"https:\/\/www.sfsic.org\/en\/#\/schema\/logo\/image\/"}},{"@type":"Person","@id":"https:\/\/www.sfsic.org\/en\/#\/schema\/person\/54a3c7ba2c88c8c8bb196de042d84b6b","name":"Andrea Catellani","image":{"@type":"ImageObject","inLanguage":"en-US","@id":"https:\/\/secure.gravatar.com\/avatar\/2bcba4a0ab1ccea0f7551979181f8c57d11717eed49c00ebc49418b52419c6c4?s=96&d=mm&r=g","url":"https:\/\/secure.gravatar.com\/avatar\/2bcba4a0ab1ccea0f7551979181f8c57d11717eed49c00ebc49418b52419c6c4?s=96&d=mm&r=g","contentUrl":"https:\/\/secure.gravatar.com\/avatar\/2bcba4a0ab1ccea0f7551979181f8c57d11717eed49c00ebc49418b52419c6c4?s=96&d=mm&r=g","caption":"Andrea Catellani"}}]}},"_links":{"self":[{"href":"https:\/\/www.sfsic.org\/en\/wp-json\/wp\/v2\/posts\/15131","targetHints":{"allow":["GET"]}}],"collection":[{"href":"https:\/\/www.sfsic.org\/en\/wp-json\/wp\/v2\/posts"}],"about":[{"href":"https:\/\/www.sfsic.org\/en\/wp-json\/wp\/v2\/types\/post"}],"author":[{"embeddable":true,"href":"https:\/\/www.sfsic.org\/en\/wp-json\/wp\/v2\/users\/519"}],"replies":[{"embeddable":true,"href":"https:\/\/www.sfsic.org\/en\/wp-json\/wp\/v2\/comments?post=15131"}],"version-history":[{"count":4,"href":"https:\/\/www.sfsic.org\/en\/wp-json\/wp\/v2\/posts\/15131\/revisions"}],"predecessor-version":[{"id":15151,"href":"https:\/\/www.sfsic.org\/en\/wp-json\/wp\/v2\/posts\/15131\/revisions\/15151"}],"wp:attachment":[{"href":"https:\/\/www.sfsic.org\/en\/wp-json\/wp\/v2\/media?parent=15131"}],"wp:term":[{"taxonomy":"category","embeddable":true,"href":"https:\/\/www.sfsic.org\/en\/wp-json\/wp\/v2\/categories?post=15131"},{"taxonomy":"post_tag","embeddable":true,"href":"https:\/\/www.sfsic.org\/en\/wp-json\/wp\/v2\/tags?post=15131"},{"taxonomy":"thematique","embeddable":true,"href":"https:\/\/www.sfsic.org\/en\/wp-json\/wp\/v2\/thematique?post=15131"},{"taxonomy":"sfsic","embeddable":true,"href":"https:\/\/www.sfsic.org\/en\/wp-json\/wp\/v2\/sfsic?post=15131"}],"curies":[{"name":"wp","href":"https:\/\/api.w.org\/{rel}","templated":true}]}}