{"id":15050,"date":"2020-12-01T00:00:02","date_gmt":"2020-11-30T23:00:02","guid":{"rendered":"https:\/\/www.sfsic.org\/?p=15050"},"modified":"2020-12-01T11:49:06","modified_gmt":"2020-12-01T10:49:06","slug":"le-milieu-litteraire-au-prisme-de-ses-representations","status":"publish","type":"post","link":"https:\/\/www.sfsic.org\/en\/evenement\/le-milieu-litteraire-au-prisme-de-ses-representations\/","title":{"rendered":"Le milieu litt\u00e9raire au prisme de ses repr\u00e9sentations"},"content":{"rendered":"<p><!-- fxzn:singledetail --><\/p>\n<div class=\"zone zn-singledetail\" id=\"fxzn-singledetail-1\">\n<div class=\"zone-block zn-singledetail-block alignwide va-top\">\n<div class=\"row\">\n<div class=\"columns large-8 large-push-4\">\n<div class=\"zn-singledetail-metabox\">\n<div class=\"zn-singledetail-pubdate pubdate\">\n\t\t\t\t\t<span class=\"pubdate-txt\">Mis en ligne le<\/span><span class=\"doubledot\"><\/span> <time class=\"pubdate-time\" pubdate datetime=\"2020-12-01T00:00:02+01:00\">1 d\u00e9cembre 2020<\/time>\t\t\t\t<\/div>\n<p class=\"zn-singledetail-calenda-info\">\n\t\t\t\t\t\tInformations \u00e9dit\u00e9es \u00e0 partir d\u2019une annonce <a class=\"calenda-link prettylink\" href=\"https:\/\/calenda.org\/822771\" target=\"_blank\" rel=\"noopener noreferrer\"><strong>Calenda<\/strong><\/a>.\t\t\t\t\t<\/p>\n<div class=\"zn-singledetail-thematiques with-sep-comma\">\n<ul class=\"termslist termslist-thematique\">\n<li class=\"termslist-item termslist-title\"><span class=\"termslist-titletxt\">Th\u00e9matiques<\/span><span class=\"doubledot\"><\/span><\/li>\n<li class=\"termslist-item tax-thematique term-information-documents-ecritures\"><a class=\"termslist-itemlink\" href=\"https:\/\/www.sfsic.org\/thematiques\/information-documents-ecritures\/\" title=\"Information, documents et \u00e9critures\"><span class=\"termslist-itemname\">Information, documents et \u00e9critures<\/span><\/a><\/li>\n<\/ul><\/div>\n<\/p><\/div>\n<\/p><\/div>\n<\/p><\/div>\n<div class=\"row\">\n<div class=\"columns large-4\">\n<div class=\"zn-singledetail-sidebar bg-cornersquares\">\n<div class=\"zn-singledetail-infos\">\n<p class=\"zn-singledetail-type\">\n\t\t\t\t\t\t\t<span>Type d\u2019\u00e9v\u00e9nement<\/span><span class=\"doubledot\"><\/span> <strong>Colloque<\/strong>\n\t\t\t\t\t<\/p>\n<\/p><\/div>\n<div class=\"zn-singledetail-contacts\">\n<h3 class=\"zn-singledetail-section-title\">Contacts<\/h3>\n<ul class=\"zn-singledetail-contacts-list\">\n<li class=\"zn-singledetail-contact\">\n\t\t\t\t\t\t\t<span class=\"zn-singledetail-contact-name\">Julien Recouvreur<\/span><span class=\"doubledot\"><\/span><br \/>\n\t\t\t\t\t\t\t\t\t\t\t\t\t\t<a class=\"zn-singledetail-contact-mail prettylink\" href=\"mailto:julien.ben-lembareck-recouvreur@univ-lorraine.fr\">julien.ben-lembareck-recouvreur@univ-lorraine.fr<\/a>\n\t\t\t\t\t\t\t\t\t\t\t\t\t<\/li>\n<\/ul><\/div>\n<div class=\"zn-singledetail-weblinks\">\n<h3 class=\"zn-singledetail-section-title\">Sites internet de r\u00e9f\u00e9rence<\/h3>\n<ul class=\"zn-singledetail-weblinks-list\">\n<li>\n\t\t\t\t\t\t\t<a class=\"prettylink chainlink\" href=\"https:\/\/crem.univ-lorraine.fr\/le-milieu-litteraire-au-prisme-de-ses-representations\" title=\"Site du CREM\" target=\"_blank\" rel=\"noopener noreferrer\">Site du CREM<\/a>\n\t\t\t\t\t\t<\/li>\n<\/ul><\/div>\n<\/p><\/div>\n<\/p><\/div>\n<div class=\"columns large-8\">\n<div class=\"zn-singledetail-contentbox\">\n<div class=\"zn-singledetail-eventinfo\">\n<div class=\"zn-singledetail-eventinfo-inner\">\n<div class=\"zn-singledetail-eventdates\">\n\t\t\t\t\t\t<span class=\"zn-singledetail-label\">Dates de l\u2019\u00e9v\u00e9nement<span class=\"doubledot\"><\/span><\/span><\/p>\n<ul class=\"zn-singledetail-eventdates-list\">\n<li class=\"zn-singledetail-eventdates-item\">\n\t\t\t\t\t\t\t\tDu <time class=\"event-start-time\" datetime=\"2020-12-03T00:00:00+00:00\">03\/12\/2020<\/time> au <time class=\"event-end-time\" datetime=\"2020-12-04T00:00:00+00:00\">04\/12\/2020<\/time>\t\t\t\t\t\t\t<\/li>\n<\/ul><\/div>\n<p class=\"zn-singledetail-eventplace\">\n\t\t\t\t\t\t<span class=\"zn-singledetail-label\">Lieu de l\u2019\u00e9v\u00e9nement<span class=\"doubledot\"><\/span><\/span><br \/>\n\t\t\t\t\t\t<span class=\"zn-singledetail-eventplace-adr\"><br \/>\n\t\t\t\t\t\t\t\t\t\t\t\t<span class=\"adr-name\">En ligne<\/span>,<\/p>\n<p>\t\t\t\t\t\t<\/span>\t\t\t\t\t<\/p>\n<\/p><\/div>\n<\/p><\/div>\n<div class=\"zn-singledetail-annonce wig-content\">\n<h2>Pr\u00e9sentation<\/h2>\n<p>Le programme Obslit vise \u00e0 cr\u00e9er un observatoire du milieu litt\u00e9raire franco-luxembourgeois afin d\u2019\u00e9tudier les relations, les m\u00e9diations qui se nouent entre les diff\u00e9rents syst\u00e8mes et aires culturelles, c\u2019est-\u00e0-dire les auteurs, les institutions culturelles et les publics. L\u2019observatoire met en r\u00e9seau les divers acteurs de la fili\u00e8re du livre afin d\u2019assurer une visibilit\u00e9 nationale et transfrontali\u00e8re de la litt\u00e9rature fran\u00e7aise et luxembourgeoise et d\u2019engager un v\u00e9ritable dialogue entre art et sciences humaines et sociales.Plateforme en ligne&#160;: <a href=\"https:\/\/obslit.huma-num.fr\/\">https:\/\/obslit.huma-num.fr<\/a><\/p>\n<h3>Le monde du livre<\/h3>\n<p>Il s\u2019agit de rendre compte de l\u2019\u00e9tat et des caract\u00e9ristiques de la cha\u00eene du livre dans l\u2019espace transfrontalier, d\u2019\u00e9tablir l\u2019inventaire des aides, bourses et subventions mises \u00e0 disposition des acteurs de la fili\u00e8re et de consid\u00e9rer le statut de l\u2019\u00e9crivain selon les aspects professionnels, institutionnels et juridiques, mais aussi en lien avec l\u2019activit\u00e9 de m\u00e9diation litt\u00e9raire.<\/p>\n<h3>La litt\u00e9rature hors du livre<\/h3>\n<p>L\u2019enjeu est d\u2019identifier et de recenser les nouvelles pratiques litt\u00e9raires, performatives, interventionnelles (performances, lectures publiques, cr\u00e9ations sonores, visuelles, num\u00e9riques&#8230;) marqu\u00e9es par une grande diversit\u00e9 et en fonction des voies qu\u2019empruntent le processus cr\u00e9atif. On s\u2019attachera \u00e0 analyser ces multiples d\u00e9placements et leurs impacts (m\u00e9diation patrimoniale, sociale&#8230;) sur le milieu litt\u00e9raire franco-luxembourgeois.<\/p>\n<h3>La litt\u00e9rature \u00e0 l\u2019\u00e9cole<\/h3>\n<p>Le projet \u00e9tudie la place de la litt\u00e9rature dans l\u2019enseignement secondaire pour observer et comprendre comment, via la forme scolaire, les jeunesses fran\u00e7aise et luxembourgeoise re\u00e7oivent la litt\u00e9rature, la pratiquent et la diffusent \u2013 le niveau du secondaire ayant \u00e9t\u00e9 choisi en consid\u00e9rant que, \u00e0 ce moment de son cursus, l\u2019\u00e9l\u00e8ve dispose d\u2019une maturit\u00e9 et d\u2019une ma\u00eetrise de la langue suffisantes pour d\u00e9velopper une culture artistique et affirmer une sensibilit\u00e9 litt\u00e9raire.<\/p>\n<h2>Programme<\/h2>\n<h3>Jeudi 3 d\u00e9cembre 2020<\/h3>\n<p>13 h 00&#160;: Mots d\u2019ouverture <strong>Carole Bisenius-Penin<\/strong> (Crem, Universit\u00e9 de Lorraine, France), <strong>Jeanne E. Glesener<\/strong> (D\u00e9partement Sciences humaines, Universit\u00e9 du Luxembourg, Luxembourg)<\/p>\n<p>13 h 15&#160;: Conf\u00e9rence d\u2019ouverture&#160;: Champ, querelles et milieux litt\u00e9raires&#160;?<strong> Alain Viala<\/strong>(Faculty of Medieval &amp; Modern Languages, University of Oxford, Royaume-Uni &#8211; FIRL, Universit\u00e9 Sorbonne Nouvelle, France)<\/p>\n<p><strong>14 h 00&#160;: Session 1<\/strong><\/p>\n<p>Pr\u00e9sidente de session&#160;: <strong>Carole Bisenius-Penin<\/strong> (Crem, Universit\u00e9 de Lorraine, France)<\/p>\n<ul>\n<li>Configurations fictives du milieu litt\u00e9raire d\u2019une petite litt\u00e9rature \u00e0 l\u2019exemple de la litt\u00e9rature luxembourgeoise, <strong>Jeanne E. Glesener<\/strong> (D\u00e9partement Sciences humaines, Universit\u00e9 du Luxembourg, Luxembourg)<\/li>\n<li>Fabrication de l\u2019auteur dans la paratopie et (auto)extraction de l\u2019entre-soi,<strong> Anca G\u00e2\u0163\u0103<\/strong>(Departamentului de Limba \u0219i Literatura Francez\u0103, Universitatea Dun\u0103rea de Jos din Gala\u021bi, Roumanie)<\/li>\n<li>L\u2019\u00e9crivain fictif dans le milieu litt\u00e9raire. D\u00e9construction et reconstruction de l\u2019illusion du champ litt\u00e9raire dans la fiction contemporaine en fran\u00e7ais et en allemand, <strong>Frederik Kiparski<\/strong> (Romanisches Seminar, Universit\u00e4t Mannheim, Allemagne)<\/li>\n<\/ul>\n<p>15 h 30&#160;: Pause<\/p>\n<p><strong>16 h 00&#160;: Session 2<\/strong><\/p>\n<p>Pr\u00e9sidente de session&#160;:<strong> Jeanne E. Glesener<\/strong> (D\u00e9partement Sciences humaines, Universit\u00e9 du Luxembourg, Luxembourg)<\/p>\n<ul>\n<li>Un Proust \u00e0 soi&#160;? Des difficult\u00e9s pos\u00e9es par la construction d\u2019une l\u00e9gende d\u2019\u00e9crivain dans la r\u00e9ception de son \u0153uvre litt\u00e9raire,<strong> Joao Da Rocha<\/strong> (CSLF, Universit\u00e9 Paris Nanterre, France)<\/li>\n<li>Le milieu litt\u00e9raire \u00e0 l\u2019\u00e9preuve de la configuration&#160;: un groupe d\u2019\u00e9crivains juifs fran\u00e7ais, 1830-1930, <strong>Catherine Fhima<\/strong> (CRH, \u00c9cole des hautes \u00e9tudes en sciences sociales, France)<\/li>\n<li>Les \u00e9crivains et la comm\u00e9moration des pairs&#160;: visualisation de r\u00e9seaux non cr\u00e9atifs du milieu litt\u00e9raire,<strong> Mathilde Labb\u00e9<\/strong> (L\u2019AMo, Universit\u00e9 de Nantes, France)<\/li>\n<\/ul>\n<p>17 h 30&#160;:\u00a0Pause<\/p>\n<p><strong>18 h 30&#160;: Table ronde&#160;: \u00ab&#160;La litt\u00e9rature \u00e0 l\u2019\u00e9cole ou \u00e0 l\u2019\u00e9cole de la litt\u00e9rature. Comment enseigner la litt\u00e9rature&#160;?&#160;\u00bb<\/strong><\/p>\n<p>Anim\u00e9e par<strong> Aurore Promonet<\/strong> (Crem, Universit\u00e9 de Lorraine, France) et<strong> Tonia Raus<\/strong>(D\u00e9partement Sciences humaines, Universit\u00e9 du Luxembourg, Luxembourg).<\/p>\n<p>Pr\u00e9sentation de l\u2019\u00e9tude crois\u00e9e d\u2019Obslit men\u00e9e aupr\u00e8s de lyc\u00e9ens fran\u00e7ais et luxembourgeois, suivie d\u2019un \u00e9change avec des acteurs de l\u2019enseignement de la litt\u00e9rature&#160;:<\/p>\n<ul>\n<li><strong>Joanne Goebbels<\/strong> (Directrice adjointe de l\u2019Ath\u00e9n\u00e9e de Luxembourg, Luxembourg)<\/li>\n<li><strong>Florence Marquet<\/strong> (Lyc\u00e9e des m\u00e9tiers de la productique, des automatismes et des \u00e9nergies renouvelables Jean-Auguste Margueritte, France)<\/li>\n<li><strong>Nathalie Jacoby<\/strong> (Directrice du Centre national de litt\u00e9rature, Luxembourg)<\/li>\n<li><strong>S\u00e9bastien Paci<\/strong> (Conseiller \u00ab&#160;Action culturelle et territoriale&#160;\u00bb, Direction r\u00e9gionale des Affaires culturelles Grand Est, France)<\/li>\n<li><strong>Salvador Rivas<\/strong> (Luxembourg Centre for Educational Testing, Universit\u00e9 du Luxembourg, Luxembourg)<\/li>\n<\/ul>\n<p>19 h 30&#160;: Conclusion<\/p>\n<h3>Vendredi 4 d\u00e9cembre 2020<\/h3>\n<p><strong>9 h 00&#160;: Session 3<\/strong><\/p>\n<p>Pr\u00e9sidente de session&#160;: <strong>Mathilde Labb\u00e9<\/strong> (L\u2019AMo, Universit\u00e9 de Nantes, France)<\/p>\n<ul>\n<li>De la litt\u00e9rature expos\u00e9e \u00e0 la m\u00e9diation culturelle&#160;: comment la librairie se r\u00e9invente&#160;? <strong>Carole Bisenius-Penin<\/strong> (Crem, Universit\u00e9 de Lorraine, France)Delphine Saurier (D\u00e9partement Culture &amp; communication, Audencia Buisness School, France)<\/li>\n<li>L\u2019\u00e9preuve po\u00e9tique. Communaut\u00e9s de po\u00e8tes et controverses \u00e0 l\u2019\u0153uvre sur le Web, <strong>Adrien Cassina<\/strong> (Cimeos, Universit\u00e9 de Bourgogne Franche-Comt\u00e9, France)<\/li>\n<li>10 h 00&#160;: Session 4Pr\u00e9sidente de session&#160;: <strong>Delphine Saurier<\/strong> (D\u00e9partement Culture &amp; communication, Audencia Buisness School, France)<\/li>\n<li>Le milieu scolaire, une fabrique du litt\u00e9raire&#160;? I. Pratiques litt\u00e9raires des lyc\u00e9ens, <strong>Aurore Promonet<\/strong> (Crem, Universit\u00e9 de Lorraine, France)<\/li>\n<li>Le milieu scolaire, une fabrique du litt\u00e9raire&#160;? II. Litt\u00e9rature et institution scolaire,<strong>Tonia Raus<\/strong> (D\u00e9partement Sciences humaines, Universit\u00e9 du Luxembourg, Luxembourg)<\/li>\n<\/ul>\n<p>11 h 00&#160;: Pause<\/p>\n<p><strong>11 h 30&#160;: Session 5<\/strong><\/p>\n<p>Pr\u00e9sidente de session&#160;: <strong>Tonia Raus<\/strong> (D\u00e9partement Sciences humaines, Universit\u00e9 du Luxembourg, Luxembourg)<\/p>\n<ul>\n<li>Le r\u00f4le et les libert\u00e9s des \u00e9crivains \u00e0 l\u2019occasion des \u00e9v\u00e9nements politiques&#160;: Amin Maalouf et la campagne palestinienne pour le boycott acad\u00e9mique et culturel d\u2019Isra\u00ebl, <strong>Beatriz Barreiro Carril<\/strong> (Facultad de Ciencias jur\u00eddicas y sociales, Universidad Rey Juan Carlos, Espagne)<\/li>\n<li>Le milieu litt\u00e9raire comme espace de contre-pouvoir&#160;: l\u2019exemple du groupe surr\u00e9aliste dans les ann\u00e9es vingt, <strong>Marina Gesrel<\/strong> (CELLF, Sorbonne Universit\u00e9, France)<\/li>\n<\/ul>\n<p>12 h 30&#160;: Conclusion<\/p>\n<h2>Modalit\u00e9s de contribution<\/h2>\n<p>Ce colloque est un \u00e9v\u00e9nement en ligne gratuit. Il sera retransmis en vid\u00e9o et en direct aux liens ci-dessous&#160;:<\/p>\n<ul>\n<li>Sessions du jeudi 3 d\u00e9cembre 2020&#160;:\u00a0<a href=\"http:\/\/u2l.fr\/obslit-jour-1\" target=\"_blank\" rel=\"noopener noreferrer\">u2l.fr\/obslit-jour-1<\/a> Mot de passe&#160;: 3zK9xBpKGb4<\/li>\n<li>Table ronde du jeudi 3 d\u00e9cembre 2020&#160;:\u00a0<a href=\"http:\/\/u2l.fr\/obslit-table-ronde\" target=\"_blank\" rel=\"noopener noreferrer\">u2l.fr\/obslit-table-ronde\u00a0<\/a>Mot de passe&#160;: FFwWsKPy327<\/li>\n<li>Sessions du vendredi 4 d\u00e9cembre 2020&#160;:\u00a0<a href=\"http:\/\/u2l.fr\/obslit-jour-1\" target=\"_blank\" rel=\"noopener noreferrer\">u2l.fr\/obslit-jour-2\u00a0<\/a>Mot de passe&#160;: xNigcseu363<\/li>\n<\/ul>\n<p>Le programme est disponible en pi\u00e8ce jointe ci-dessous.<\/p>\n<p>Des informations d\u00e9taill\u00e9es sont disponibles sur le <a title=\"Lien vers la page du colloque.\" href=\"https:\/\/crem.univ-lorraine.fr\/le-milieu-litteraire-au-prisme-de-ses-representations\" target=\"_blank\" rel=\"noopener noreferrer\">site internet du Centre de recherche sur les m\u00e9diations (Crem)<\/a>.<\/p>\n<\/p><\/div>\n<div class=\"zn-singledetail-partners\">\n<h3 class=\"zn-singledetail-section-title\">Partenaires<\/h3>\n<div class=\"zn-singledetail-partners-list row small-up-2 medium-up-3 large-up-5 partnerlist\" data-equalizer data-equalize-on=\"medium\">\n<article class=\"summarypartner partner-3874 column\">\n\t<a class=\"summarypartner-box\" href=\"http:\/\/crem.univ-lorraine.fr\/\" title=\"CREM &#8211; Centre de recherche sur les m\u00e9diations\">\t\t<\/p>\n<div class=\"summarypartner-box-inner\" data-equalizer-watch>\n<div class=\"summarypartner-imgbox\">\n<figure class=\"summarypartner-figure\">\n\t\t\t\t\t<img decoding=\"async\" class=\"summarypartner-img\" src=\"https:\/\/www.sfsic.org\/wp-inside\/uploads\/skp-membership\/demande_adh\/logo.png\" alt=\"Logo CREM\" ><br \/>\n\t\t\t\t\t\t\t\t\t<\/figure>\n<\/p><\/div>\n<div class=\"summarypartner-content\">\n<div class=\"summarypartner-content-inner\">\n<header class=\"summarypartner-header\">\n<h3 class=\"summarypartner-title\">\n\t\t\t\t\t\t\tCREM &#8211; Centre de recherche sur les m\u00e9diations\t\t\t\t\t\t<\/h3>\n<p class=\"summarypartner-acronym\">\n\t\t\t\t\t\t\tCREM\t\t\t\t\t\t<\/p>\n<\/header><\/div>\n<\/p><\/div>\n<\/p><\/div>\n<p>\t<\/a><\/article>\n<\/p><\/div>\n<\/p><\/div>\n<div class=\"zn-singledetail-attachedfiles\">\n<h3 class=\"zn-singledetail-section-title\">Fichier(s) attach\u00e9(s)<\/h3>\n<ul class=\"zn-singledetail-attachedfiles-list\">\n<li class=\"zn-singledetail-attachedfiles-item\">\n\t\t\t\t\t\t\t<a class=\"zn-singledetail-attachedfiles-link button outline for-download\" href=\"https:\/\/www.sfsic.org\/wp-inside\/uploads\/skp-membership\/demande_adh\/programme-milieu-litteraire-au-prisme-de-ses-representaitons-2020.pdf\" title=\"T\u00e9l\u00e9charger : \u00ab programme-milieu-litteraire-au-prisme-de-ses-representaitons-2020.pdf \u00bb\" target=\"_blank\" rel=\"noopener noreferrer\"><br \/>\n\t\t\t\t\t\t\t\t<span class=\"button-txt\">programme-milieu[&#8230;].pdf<\/span><br \/>\n\t\t\t\t\t\t\t<\/a>\n\t\t\t\t\t\t<\/li>\n<\/ul><\/div>\n<div class=\"zn-singledetail-keywords\">\n<h3 class=\"zn-singledetail-section-title\">Mots-cl\u00e9s<\/h3>\n<ul class=\"termslist termslist-post_tag\">\n<li class=\"termslist-item termslist-title\"><span class=\"termslist-titletxt\">Mots-cl\u00e9s<\/span><span class=\"doubledot\"><\/span><\/li>\n<li class=\"termslist-item tax-post_tag term-litterature\"><a class=\"termslist-itemlink\" href=\"https:\/\/www.sfsic.org\/tag\/litterature\/\" title=\"Litt\u00e9rature\"><span class=\"termslist-itemname\">Litt\u00e9rature<\/span><\/a><\/li>\n<li class=\"termslist-item tax-post_tag term-representation\"><a class=\"termslist-itemlink\" href=\"https:\/\/www.sfsic.org\/tag\/representation\/\" title=\"repr\u00e9sentation\"><span class=\"termslist-itemname\">repr\u00e9sentation<\/span><\/a><\/li>\n<\/ul><\/div>\n<\/p><\/div>\n<\/p><\/div>\n<\/p><\/div>\n<\/p><\/div>\n<\/div>\n<p><!-- \/fxzn:singledetail --><\/p>\n","protected":false},"excerpt":{"rendered":"<p>Mis en ligne le 1 d\u00e9cembre 2020 Informations \u00e9dit\u00e9es \u00e0 partir d\u2019une annonce Calenda. Th\u00e9matiques Information, documents et \u00e9critures Type d\u2019\u00e9v\u00e9nement Colloque Contacts Julien Recouvreur julien.ben-lembareck-recouvreur@univ-lorraine.fr Sites internet de r\u00e9f\u00e9rence [&hellip;]<\/p>\n","protected":false},"author":957,"featured_media":0,"comment_status":"closed","ping_status":"closed","sticky":false,"template":"","format":"standard","meta":{"_acf_changed":false,"footnotes":""},"categories":[67,30],"tags":[192,86],"thematique":[40],"sfsic":[],"class_list":["post-15050","post","type-post","status-publish","format-standard","hentry","category-colloque-2","category-evenement","tag-litterature","tag-representation","thematique-information-documents-et-ecritures","wp-sticky"],"acf":[],"yoast_head":"<!-- This site is optimized with the Yoast SEO plugin v27.4 - https:\/\/yoast.com\/product\/yoast-seo-wordpress\/ -->\n<title>Le milieu litt\u00e9raire au prisme de ses repr\u00e9sentations<\/title>\n<meta name=\"description\" content=\"Apr\u00e8s un premier colloque international organis\u00e9 en 2019 sur la th\u00e9matique \u00ab\u00a0Narrations auctoriales dans l\u2019espace public\u00a0:\u00a0comment penser et raconter l\u2019auteur\u00a0?\u00a0\u00bb, ce deuxi\u00e8me colloque porte sur le milieu litt\u00e9raire et ses repr\u00e9sentations.\" \/>\n<meta name=\"robots\" content=\"index, follow, max-snippet:-1, max-image-preview:large, max-video-preview:-1\" \/>\n<link rel=\"canonical\" href=\"https:\/\/www.sfsic.org\/en\/evenement\/le-milieu-litteraire-au-prisme-de-ses-representations\/\" \/>\n<meta property=\"og:locale\" content=\"en_US\" \/>\n<meta property=\"og:type\" content=\"article\" \/>\n<meta property=\"og:title\" content=\"Le milieu litt\u00e9raire au prisme de ses repr\u00e9sentations\" \/>\n<meta property=\"og:description\" content=\"Apr\u00e8s un premier colloque international organis\u00e9 en 2019 sur la th\u00e9matique \u00ab\u00a0Narrations auctoriales dans l\u2019espace public\u00a0:\u00a0comment penser et raconter l\u2019auteur\u00a0?\u00a0\u00bb, ce deuxi\u00e8me colloque porte sur le milieu litt\u00e9raire et ses repr\u00e9sentations.\" \/>\n<meta property=\"og:url\" content=\"https:\/\/www.sfsic.org\/en\/evenement\/le-milieu-litteraire-au-prisme-de-ses-representations\/\" \/>\n<meta property=\"og:site_name\" content=\"SFSIC\" \/>\n<meta property=\"article:published_time\" content=\"2020-11-30T23:00:02+00:00\" \/>\n<meta property=\"article:modified_time\" content=\"2020-12-01T10:49:06+00:00\" \/>\n<meta property=\"og:image\" content=\"https:\/\/www.sfsic.org\/wp-inside\/uploads\/skp-membership\/demande_adh\/logo.png\" \/>\n<meta name=\"author\" content=\"Fabien Bonnet\" \/>\n<meta name=\"twitter:card\" content=\"summary_large_image\" \/>\n<script type=\"application\/ld+json\" class=\"yoast-schema-graph\">{\"@context\":\"https:\\\/\\\/schema.org\",\"@graph\":[{\"@type\":\"Article\",\"@id\":\"https:\\\/\\\/www.sfsic.org\\\/en\\\/evenement\\\/le-milieu-litteraire-au-prisme-de-ses-representations\\\/#article\",\"isPartOf\":{\"@id\":\"https:\\\/\\\/www.sfsic.org\\\/en\\\/evenement\\\/le-milieu-litteraire-au-prisme-de-ses-representations\\\/\"},\"author\":{\"name\":\"Fabien Bonnet\",\"@id\":\"https:\\\/\\\/www.sfsic.org\\\/en\\\/#\\\/schema\\\/person\\\/9f83573bda33f40c68c7c826e9567df6\"},\"headline\":\"Le milieu litt\u00e9raire au prisme de ses repr\u00e9sentations\",\"datePublished\":\"2020-11-30T23:00:02+00:00\",\"dateModified\":\"2020-12-01T10:49:06+00:00\",\"mainEntityOfPage\":{\"@id\":\"https:\\\/\\\/www.sfsic.org\\\/en\\\/evenement\\\/le-milieu-litteraire-au-prisme-de-ses-representations\\\/\"},\"wordCount\":1158,\"publisher\":{\"@id\":\"https:\\\/\\\/www.sfsic.org\\\/en\\\/#organization\"},\"image\":{\"@id\":\"https:\\\/\\\/www.sfsic.org\\\/en\\\/evenement\\\/le-milieu-litteraire-au-prisme-de-ses-representations\\\/#primaryimage\"},\"thumbnailUrl\":\"https:\\\/\\\/www.sfsic.org\\\/wp-inside\\\/uploads\\\/skp-membership\\\/demande_adh\\\/logo.png\",\"keywords\":[\"Litt\u00e9rature\",\"Repr\u00e9sentation\"],\"articleSection\":[\"Colloque\",\"\u00c9v\u00e9nements\"],\"inLanguage\":\"en-US\"},{\"@type\":\"WebPage\",\"@id\":\"https:\\\/\\\/www.sfsic.org\\\/en\\\/evenement\\\/le-milieu-litteraire-au-prisme-de-ses-representations\\\/\",\"url\":\"https:\\\/\\\/www.sfsic.org\\\/en\\\/evenement\\\/le-milieu-litteraire-au-prisme-de-ses-representations\\\/\",\"name\":\"Le milieu litt\u00e9raire au prisme de ses repr\u00e9sentations\",\"isPartOf\":{\"@id\":\"https:\\\/\\\/www.sfsic.org\\\/en\\\/#website\"},\"primaryImageOfPage\":{\"@id\":\"https:\\\/\\\/www.sfsic.org\\\/en\\\/evenement\\\/le-milieu-litteraire-au-prisme-de-ses-representations\\\/#primaryimage\"},\"image\":{\"@id\":\"https:\\\/\\\/www.sfsic.org\\\/en\\\/evenement\\\/le-milieu-litteraire-au-prisme-de-ses-representations\\\/#primaryimage\"},\"thumbnailUrl\":\"https:\\\/\\\/www.sfsic.org\\\/wp-inside\\\/uploads\\\/skp-membership\\\/demande_adh\\\/logo.png\",\"datePublished\":\"2020-11-30T23:00:02+00:00\",\"dateModified\":\"2020-12-01T10:49:06+00:00\",\"description\":\"Apr\u00e8s un premier colloque international organis\u00e9 en 2019 sur la th\u00e9matique \u00ab\u00a0Narrations auctoriales dans l\u2019espace public\u00a0:\u00a0comment penser et raconter l\u2019auteur\u00a0?\u00a0\u00bb, ce deuxi\u00e8me colloque porte sur le milieu litt\u00e9raire et ses repr\u00e9sentations.\",\"breadcrumb\":{\"@id\":\"https:\\\/\\\/www.sfsic.org\\\/en\\\/evenement\\\/le-milieu-litteraire-au-prisme-de-ses-representations\\\/#breadcrumb\"},\"inLanguage\":\"en-US\",\"potentialAction\":[{\"@type\":\"ReadAction\",\"target\":[\"https:\\\/\\\/www.sfsic.org\\\/en\\\/evenement\\\/le-milieu-litteraire-au-prisme-de-ses-representations\\\/\"]}]},{\"@type\":\"ImageObject\",\"inLanguage\":\"en-US\",\"@id\":\"https:\\\/\\\/www.sfsic.org\\\/en\\\/evenement\\\/le-milieu-litteraire-au-prisme-de-ses-representations\\\/#primaryimage\",\"url\":\"https:\\\/\\\/www.sfsic.org\\\/wp-inside\\\/uploads\\\/skp-membership\\\/demande_adh\\\/logo.png\",\"contentUrl\":\"https:\\\/\\\/www.sfsic.org\\\/wp-inside\\\/uploads\\\/skp-membership\\\/demande_adh\\\/logo.png\"},{\"@type\":\"BreadcrumbList\",\"@id\":\"https:\\\/\\\/www.sfsic.org\\\/en\\\/evenement\\\/le-milieu-litteraire-au-prisme-de-ses-representations\\\/#breadcrumb\",\"itemListElement\":[{\"@type\":\"ListItem\",\"position\":1,\"name\":\"Accueil\",\"item\":\"https:\\\/\\\/www.sfsic.org\\\/en\\\/\"},{\"@type\":\"ListItem\",\"position\":2,\"name\":\"Events\",\"item\":\"https:\\\/\\\/www.sfsic.org\\\/en\\\/events\\\/\"},{\"@type\":\"ListItem\",\"position\":3,\"name\":\"Conference\",\"item\":\"https:\\\/\\\/www.sfsic.org\\\/en\\\/events\\\/conference-en\\\/\"},{\"@type\":\"ListItem\",\"position\":4,\"name\":\"Le milieu litt\u00e9raire au prisme de ses repr\u00e9sentations\"}]},{\"@type\":\"WebSite\",\"@id\":\"https:\\\/\\\/www.sfsic.org\\\/en\\\/#website\",\"url\":\"https:\\\/\\\/www.sfsic.org\\\/en\\\/\",\"name\":\"SFSIC\",\"description\":\"Soci\u00e9t\u00e9 Fran\u00e7aise des Sciences de l&#039;Information &amp; de la Communication\",\"publisher\":{\"@id\":\"https:\\\/\\\/www.sfsic.org\\\/en\\\/#organization\"},\"potentialAction\":[{\"@type\":\"SearchAction\",\"target\":{\"@type\":\"EntryPoint\",\"urlTemplate\":\"https:\\\/\\\/www.sfsic.org\\\/en\\\/?s={search_term_string}\"},\"query-input\":{\"@type\":\"PropertyValueSpecification\",\"valueRequired\":true,\"valueName\":\"search_term_string\"}}],\"inLanguage\":\"en-US\"},{\"@type\":\"Organization\",\"@id\":\"https:\\\/\\\/www.sfsic.org\\\/en\\\/#organization\",\"name\":\"SFSIC\",\"url\":\"https:\\\/\\\/www.sfsic.org\\\/en\\\/\",\"logo\":{\"@type\":\"ImageObject\",\"inLanguage\":\"en-US\",\"@id\":\"https:\\\/\\\/www.sfsic.org\\\/en\\\/#\\\/schema\\\/logo\\\/image\\\/\",\"url\":\"https:\\\/\\\/www.sfsic.org\\\/wp-inside\\\/uploads\\\/2020\\\/05\\\/logo-sfsic.jpg\",\"contentUrl\":\"https:\\\/\\\/www.sfsic.org\\\/wp-inside\\\/uploads\\\/2020\\\/05\\\/logo-sfsic.jpg\",\"width\":1085,\"height\":1080,\"caption\":\"SFSIC\"},\"image\":{\"@id\":\"https:\\\/\\\/www.sfsic.org\\\/en\\\/#\\\/schema\\\/logo\\\/image\\\/\"}},{\"@type\":\"Person\",\"@id\":\"https:\\\/\\\/www.sfsic.org\\\/en\\\/#\\\/schema\\\/person\\\/9f83573bda33f40c68c7c826e9567df6\",\"name\":\"Fabien Bonnet\",\"image\":{\"@type\":\"ImageObject\",\"inLanguage\":\"en-US\",\"@id\":\"https:\\\/\\\/secure.gravatar.com\\\/avatar\\\/88a9288fc13369cb9e30359afa340f8adace82098c18ff09415c6dacd710ddc4?s=96&d=mm&r=g\",\"url\":\"https:\\\/\\\/secure.gravatar.com\\\/avatar\\\/88a9288fc13369cb9e30359afa340f8adace82098c18ff09415c6dacd710ddc4?s=96&d=mm&r=g\",\"contentUrl\":\"https:\\\/\\\/secure.gravatar.com\\\/avatar\\\/88a9288fc13369cb9e30359afa340f8adace82098c18ff09415c6dacd710ddc4?s=96&d=mm&r=g\",\"caption\":\"Fabien Bonnet\"}}]}<\/script>\n<!-- \/ Yoast SEO plugin. -->","yoast_head_json":{"title":"Le milieu litt\u00e9raire au prisme de ses repr\u00e9sentations","description":"Apr\u00e8s un premier colloque international organis\u00e9 en 2019 sur la th\u00e9matique \u00ab\u00a0Narrations auctoriales dans l\u2019espace public\u00a0:\u00a0comment penser et raconter l\u2019auteur\u00a0?\u00a0\u00bb, ce deuxi\u00e8me colloque porte sur le milieu litt\u00e9raire et ses repr\u00e9sentations.","robots":{"index":"index","follow":"follow","max-snippet":"max-snippet:-1","max-image-preview":"max-image-preview:large","max-video-preview":"max-video-preview:-1"},"canonical":"https:\/\/www.sfsic.org\/en\/evenement\/le-milieu-litteraire-au-prisme-de-ses-representations\/","og_locale":"en_US","og_type":"article","og_title":"Le milieu litt\u00e9raire au prisme de ses repr\u00e9sentations","og_description":"Apr\u00e8s un premier colloque international organis\u00e9 en 2019 sur la th\u00e9matique \u00ab\u00a0Narrations auctoriales dans l\u2019espace public\u00a0:\u00a0comment penser et raconter l\u2019auteur\u00a0?\u00a0\u00bb, ce deuxi\u00e8me colloque porte sur le milieu litt\u00e9raire et ses repr\u00e9sentations.","og_url":"https:\/\/www.sfsic.org\/en\/evenement\/le-milieu-litteraire-au-prisme-de-ses-representations\/","og_site_name":"SFSIC","article_published_time":"2020-11-30T23:00:02+00:00","article_modified_time":"2020-12-01T10:49:06+00:00","og_image":[{"url":"https:\/\/www.sfsic.org\/wp-inside\/uploads\/skp-membership\/demande_adh\/logo.png","type":"","width":"","height":""}],"author":"Fabien Bonnet","twitter_card":"summary_large_image","schema":{"@context":"https:\/\/schema.org","@graph":[{"@type":"Article","@id":"https:\/\/www.sfsic.org\/en\/evenement\/le-milieu-litteraire-au-prisme-de-ses-representations\/#article","isPartOf":{"@id":"https:\/\/www.sfsic.org\/en\/evenement\/le-milieu-litteraire-au-prisme-de-ses-representations\/"},"author":{"name":"Fabien Bonnet","@id":"https:\/\/www.sfsic.org\/en\/#\/schema\/person\/9f83573bda33f40c68c7c826e9567df6"},"headline":"Le milieu litt\u00e9raire au prisme de ses repr\u00e9sentations","datePublished":"2020-11-30T23:00:02+00:00","dateModified":"2020-12-01T10:49:06+00:00","mainEntityOfPage":{"@id":"https:\/\/www.sfsic.org\/en\/evenement\/le-milieu-litteraire-au-prisme-de-ses-representations\/"},"wordCount":1158,"publisher":{"@id":"https:\/\/www.sfsic.org\/en\/#organization"},"image":{"@id":"https:\/\/www.sfsic.org\/en\/evenement\/le-milieu-litteraire-au-prisme-de-ses-representations\/#primaryimage"},"thumbnailUrl":"https:\/\/www.sfsic.org\/wp-inside\/uploads\/skp-membership\/demande_adh\/logo.png","keywords":["Litt\u00e9rature","Repr\u00e9sentation"],"articleSection":["Colloque","\u00c9v\u00e9nements"],"inLanguage":"en-US"},{"@type":"WebPage","@id":"https:\/\/www.sfsic.org\/en\/evenement\/le-milieu-litteraire-au-prisme-de-ses-representations\/","url":"https:\/\/www.sfsic.org\/en\/evenement\/le-milieu-litteraire-au-prisme-de-ses-representations\/","name":"Le milieu litt\u00e9raire au prisme de ses repr\u00e9sentations","isPartOf":{"@id":"https:\/\/www.sfsic.org\/en\/#website"},"primaryImageOfPage":{"@id":"https:\/\/www.sfsic.org\/en\/evenement\/le-milieu-litteraire-au-prisme-de-ses-representations\/#primaryimage"},"image":{"@id":"https:\/\/www.sfsic.org\/en\/evenement\/le-milieu-litteraire-au-prisme-de-ses-representations\/#primaryimage"},"thumbnailUrl":"https:\/\/www.sfsic.org\/wp-inside\/uploads\/skp-membership\/demande_adh\/logo.png","datePublished":"2020-11-30T23:00:02+00:00","dateModified":"2020-12-01T10:49:06+00:00","description":"Apr\u00e8s un premier colloque international organis\u00e9 en 2019 sur la th\u00e9matique \u00ab\u00a0Narrations auctoriales dans l\u2019espace public\u00a0:\u00a0comment penser et raconter l\u2019auteur\u00a0?\u00a0\u00bb, ce deuxi\u00e8me colloque porte sur le milieu litt\u00e9raire et ses repr\u00e9sentations.","breadcrumb":{"@id":"https:\/\/www.sfsic.org\/en\/evenement\/le-milieu-litteraire-au-prisme-de-ses-representations\/#breadcrumb"},"inLanguage":"en-US","potentialAction":[{"@type":"ReadAction","target":["https:\/\/www.sfsic.org\/en\/evenement\/le-milieu-litteraire-au-prisme-de-ses-representations\/"]}]},{"@type":"ImageObject","inLanguage":"en-US","@id":"https:\/\/www.sfsic.org\/en\/evenement\/le-milieu-litteraire-au-prisme-de-ses-representations\/#primaryimage","url":"https:\/\/www.sfsic.org\/wp-inside\/uploads\/skp-membership\/demande_adh\/logo.png","contentUrl":"https:\/\/www.sfsic.org\/wp-inside\/uploads\/skp-membership\/demande_adh\/logo.png"},{"@type":"BreadcrumbList","@id":"https:\/\/www.sfsic.org\/en\/evenement\/le-milieu-litteraire-au-prisme-de-ses-representations\/#breadcrumb","itemListElement":[{"@type":"ListItem","position":1,"name":"Accueil","item":"https:\/\/www.sfsic.org\/en\/"},{"@type":"ListItem","position":2,"name":"Events","item":"https:\/\/www.sfsic.org\/en\/events\/"},{"@type":"ListItem","position":3,"name":"Conference","item":"https:\/\/www.sfsic.org\/en\/events\/conference-en\/"},{"@type":"ListItem","position":4,"name":"Le milieu litt\u00e9raire au prisme de ses repr\u00e9sentations"}]},{"@type":"WebSite","@id":"https:\/\/www.sfsic.org\/en\/#website","url":"https:\/\/www.sfsic.org\/en\/","name":"SFSIC","description":"Soci\u00e9t\u00e9 Fran\u00e7aise des Sciences de l&#039;Information &amp; de la Communication","publisher":{"@id":"https:\/\/www.sfsic.org\/en\/#organization"},"potentialAction":[{"@type":"SearchAction","target":{"@type":"EntryPoint","urlTemplate":"https:\/\/www.sfsic.org\/en\/?s={search_term_string}"},"query-input":{"@type":"PropertyValueSpecification","valueRequired":true,"valueName":"search_term_string"}}],"inLanguage":"en-US"},{"@type":"Organization","@id":"https:\/\/www.sfsic.org\/en\/#organization","name":"SFSIC","url":"https:\/\/www.sfsic.org\/en\/","logo":{"@type":"ImageObject","inLanguage":"en-US","@id":"https:\/\/www.sfsic.org\/en\/#\/schema\/logo\/image\/","url":"https:\/\/www.sfsic.org\/wp-inside\/uploads\/2020\/05\/logo-sfsic.jpg","contentUrl":"https:\/\/www.sfsic.org\/wp-inside\/uploads\/2020\/05\/logo-sfsic.jpg","width":1085,"height":1080,"caption":"SFSIC"},"image":{"@id":"https:\/\/www.sfsic.org\/en\/#\/schema\/logo\/image\/"}},{"@type":"Person","@id":"https:\/\/www.sfsic.org\/en\/#\/schema\/person\/9f83573bda33f40c68c7c826e9567df6","name":"Fabien Bonnet","image":{"@type":"ImageObject","inLanguage":"en-US","@id":"https:\/\/secure.gravatar.com\/avatar\/88a9288fc13369cb9e30359afa340f8adace82098c18ff09415c6dacd710ddc4?s=96&d=mm&r=g","url":"https:\/\/secure.gravatar.com\/avatar\/88a9288fc13369cb9e30359afa340f8adace82098c18ff09415c6dacd710ddc4?s=96&d=mm&r=g","contentUrl":"https:\/\/secure.gravatar.com\/avatar\/88a9288fc13369cb9e30359afa340f8adace82098c18ff09415c6dacd710ddc4?s=96&d=mm&r=g","caption":"Fabien Bonnet"}}]}},"_links":{"self":[{"href":"https:\/\/www.sfsic.org\/en\/wp-json\/wp\/v2\/posts\/15050","targetHints":{"allow":["GET"]}}],"collection":[{"href":"https:\/\/www.sfsic.org\/en\/wp-json\/wp\/v2\/posts"}],"about":[{"href":"https:\/\/www.sfsic.org\/en\/wp-json\/wp\/v2\/types\/post"}],"author":[{"embeddable":true,"href":"https:\/\/www.sfsic.org\/en\/wp-json\/wp\/v2\/users\/957"}],"replies":[{"embeddable":true,"href":"https:\/\/www.sfsic.org\/en\/wp-json\/wp\/v2\/comments?post=15050"}],"version-history":[{"count":1,"href":"https:\/\/www.sfsic.org\/en\/wp-json\/wp\/v2\/posts\/15050\/revisions"}],"predecessor-version":[{"id":15065,"href":"https:\/\/www.sfsic.org\/en\/wp-json\/wp\/v2\/posts\/15050\/revisions\/15065"}],"wp:attachment":[{"href":"https:\/\/www.sfsic.org\/en\/wp-json\/wp\/v2\/media?parent=15050"}],"wp:term":[{"taxonomy":"category","embeddable":true,"href":"https:\/\/www.sfsic.org\/en\/wp-json\/wp\/v2\/categories?post=15050"},{"taxonomy":"post_tag","embeddable":true,"href":"https:\/\/www.sfsic.org\/en\/wp-json\/wp\/v2\/tags?post=15050"},{"taxonomy":"thematique","embeddable":true,"href":"https:\/\/www.sfsic.org\/en\/wp-json\/wp\/v2\/thematique?post=15050"},{"taxonomy":"sfsic","embeddable":true,"href":"https:\/\/www.sfsic.org\/en\/wp-json\/wp\/v2\/sfsic?post=15050"}],"curies":[{"name":"wp","href":"https:\/\/api.w.org\/{rel}","templated":true}]}}